{"id":5939,"date":"2023-01-07T19:07:55","date_gmt":"2023-01-07T18:07:55","guid":{"rendered":"https:\/\/guiadelocio.es\/madrid\/?p=5939"},"modified":"2023-02-07T19:17:56","modified_gmt":"2023-02-07T18:17:56","slug":"el-mejor-cronista-de-madrid-benito-perez-galdos","status":"publish","type":"post","link":"https:\/\/guiadelocio.es\/madrid\/el-mejor-cronista-de-madrid-benito-perez-galdos\/","title":{"rendered":"El mejor cronista de Madrid, Benito P\u00e9rez Gald\u00f3s"},"content":{"rendered":"<p>Benito P\u00e9rez Gald\u00f3s falleci\u00f3 el 4 de enero de 1920 en Madrid, ciudad en la que hab\u00eda residido durante 57 de los 76 a\u00f1os de su existencia y en la que escribi\u00f3 la pr\u00e1ctica totalidad de su inmensa obre literaria.<\/p>\n<p>Nacido en Las Palmas de Gran Canaria en 1843, Gald\u00f3s lleg\u00f3 a la capital con 19 a\u00f1os en septiembre de 1862. Ocho a\u00f1os despu\u00e9s, en 1870, public\u00f3 su primera novela,\u00a0<em>La Fontana de Oro<\/em>, a la que seguir\u00edan otras casi 80 (incluyendo las 46 que integran la monumental empresa de los\u00a0<em>Episodios Nacionales<\/em>), am\u00e9n de una veintena de ensayos, libros de viajes o de memorias, 26 obras de teatro, cerca de 30 cuentos e infinidad de art\u00edculos y cr\u00f3nicas period\u00edsticas.<\/p>\n<p>En buena parte de tan inabarcable producci\u00f3n, Madrid, m\u00e1s all\u00e1 de escenario preponderante y permanente referencia, se convierte en personaje destacado mediante el retrato directo, cercano y afectuoso de sus lugares, sus gentes y sus costumbres.<\/p>\n<h1>El Madrid de Gald\u00f3s<\/h1>\n<h3>SUS RESIDENCIAS<\/h3>\n<p><img decoding=\"async\" class=\" wp-image-5964 alignright\" src=\"https:\/\/guiadelocio.es\/madrid\/wp-content\/uploads\/sites\/2\/2023\/02\/50-recordatorio-en-la-fachada-de-la-casa-donde-muric3b3-pc3a9rez-galdc3b3s-294x300.jpg\" alt=\"\" width=\"171\" height=\"174\" srcset=\"https:\/\/guiadelocio.es\/madrid\/wp-content\/uploads\/sites\/2\/2023\/02\/50-recordatorio-en-la-fachada-de-la-casa-donde-muric3b3-pc3a9rez-galdc3b3s-294x300.jpg 294w, https:\/\/guiadelocio.es\/madrid\/wp-content\/uploads\/sites\/2\/2023\/02\/50-recordatorio-en-la-fachada-de-la-casa-donde-muric3b3-pc3a9rez-galdc3b3s-423x432.jpg 423w, https:\/\/guiadelocio.es\/madrid\/wp-content\/uploads\/sites\/2\/2023\/02\/50-recordatorio-en-la-fachada-de-la-casa-donde-muric3b3-pc3a9rez-galdc3b3s-196x200.jpg 196w, https:\/\/guiadelocio.es\/madrid\/wp-content\/uploads\/sites\/2\/2023\/02\/50-recordatorio-en-la-fachada-de-la-casa-donde-muric3b3-pc3a9rez-galdc3b3s.jpg 572w\" sizes=\"(max-width: 171px) 100vw, 171px\" \/>Una placa en el n\u00famero 3 de la calle de las Fuentes indica que en una pensi\u00f3n en ese edificio se aloj\u00f3 Gald\u00f3s en sus primeros meses de estancia en Madrid. Otra inscripci\u00f3n junto a un busto en bajorrelieve, en el n\u00famero 7 de la calle de Hilari\u00f3n Eslava recuerda que aqu\u00ed vivi\u00f3 sus \u00faltimos a\u00f1os y muri\u00f3 en 1920.<\/p>\n<p>Entre ambas, el escritor residi\u00f3 en m\u00faltiples viviendas por distintas zonas de la ciudad, entre otras en la calle de la Abada, 2 (entonces Salud, 9), en Serrano, 22 (que en su \u00e9poca era el n\u00famero 8) o en Alberto Aguilera esquina Gaztambide, que en su momento era el paseo de Areneros, 46.<\/p>\n<h3>SU VIDA PERSONAL<\/h3>\n<p>Gald\u00f3s lleg\u00f3 a Madrid para estudiar Derecho en la antigua Universidad Central, en el actual n\u00famero 49 de la calle de San Bernardo, aunque confesaba que no asisti\u00f3 a sus clases todo lo debido (nunca termin\u00f3 la carrera).<\/p>\n<p>S\u00ed frecuent\u00f3 m\u00e1s los caf\u00e9s de la \u00e9poca, algunos ya desaparecidos como el Oriental (una placa lo recuerda en el n\u00famero 14 de la puerta del Sol) o el Iberia (que ocupaba el n\u00famero 29 de la Carrera de San Jer\u00f3nimo) y otros a\u00fan abiertos como el <span style=\"color: #0000ff;\"><a style=\"color: #0000ff;\" href=\"https:\/\/guiadelocio.es\/madrid\/plan\/cafe-comercial\/\" target=\"_blank\" rel=\"false noopener\">Caf\u00e9 Comercial<\/a><\/span> (glorieta de Bilbao, 7). Tambi\u00e9n fue asiduo del <span style=\"color: #0000ff;\"><a style=\"color: #0000ff;\" href=\"https:\/\/guiadelocio.es\/madrid\/plan\/teatro-real\/\" target=\"_blank\" rel=\"false noopener\"><span>Teatro Real<\/span><\/a><\/span> y el Ateneo, que entonces estaba en la calle Montera.<\/p>\n<p><img decoding=\"async\" class=\"alignnone wp-image-5967 \" src=\"https:\/\/guiadelocio.es\/madrid\/wp-content\/uploads\/sites\/2\/2023\/02\/Cafe-comercial-terraza-myplacestobe-400x300-1-e1675792650808-300x203.jpg\" alt=\"\" width=\"376\" height=\"255\" srcset=\"https:\/\/guiadelocio.es\/madrid\/wp-content\/uploads\/sites\/2\/2023\/02\/Cafe-comercial-terraza-myplacestobe-400x300-1-e1675792650808-300x203.jpg 300w, https:\/\/guiadelocio.es\/madrid\/wp-content\/uploads\/sites\/2\/2023\/02\/Cafe-comercial-terraza-myplacestobe-400x300-1-e1675792650808-266x180.jpg 266w, https:\/\/guiadelocio.es\/madrid\/wp-content\/uploads\/sites\/2\/2023\/02\/Cafe-comercial-terraza-myplacestobe-400x300-1-e1675792650808.jpg 360w\" sizes=\"(max-width: 376px) 100vw, 376px\" \/><\/p>\n<h3>SU VIDA P\u00daBLICA<\/h3>\n<p>Am\u00e9n de su labor literaria Gald\u00f3s cultiv\u00f3 tambi\u00e9n profusamente el periodismo, como recuerda una placa en la fachada del n\u00famero 15 de la calle del Fomento, que indica que all\u00ed dirigi\u00f3 el diario\u00a0<em>El Debate<\/em>.<\/p>\n<p>Otra placa en la calle Hortaleza, 104, indica que all\u00ed se ubic\u00f3 la editorial Obras de P\u00e9rez Gald\u00f3s, que fund\u00f3 en 1887. Otros lugares en los que puede rastrearse su trayectoria p\u00fablica son las Real Academia Espa\u00f1ola (Felipe IV, 4), de la que fue elegido miembro en 1897, o en el Congreso en la carrera de San Jer\u00f3nimo, en el que fue diputado en distintos periodos.<\/p>\n<p>&nbsp;<\/p>\n<h3>LA RUTA DE FORTUNATA<\/h3>\n<p>Son muchas de las obras de Gald\u00f3s en las que se refleja con precisi\u00f3n la estructura del Madrid del \u00faltimo tercio del siglo XIX y principios del XX, pero tal vez sea <em>Fortunata y Jacinta<\/em> donde se detalla de forma m\u00e1s detallada el callejero del centro de la ciudad, en especial en el entorno de la Plaza Mayor: se especifica que Fortunata viv\u00eda en la cava de San Miguel, 11; all\u00ed la vio por primera vez el se\u00f1orito Juanito Santa Cruz, cuyo domicilio familiar se sit\u00faa en la calle de Pontejos. En la tienda de art\u00edculos religiosos del n\u00famero 6 de la calle Postas, una inscripci\u00f3n recuerda que es mencionada en la novela.<\/p>\n<p><img decoding=\"async\" class=\"alignnone size-medium wp-image-5971\" src=\"https:\/\/guiadelocio.es\/madrid\/wp-content\/uploads\/sites\/2\/2023\/02\/placa-fortunata-665x1000-1-e1675792961520-271x300.jpeg\" alt=\"\" width=\"271\" height=\"300\" srcset=\"https:\/\/guiadelocio.es\/madrid\/wp-content\/uploads\/sites\/2\/2023\/02\/placa-fortunata-665x1000-1-e1675792961520-271x300.jpeg 271w, https:\/\/guiadelocio.es\/madrid\/wp-content\/uploads\/sites\/2\/2023\/02\/placa-fortunata-665x1000-1-e1675792961520-390x432.jpeg 390w, https:\/\/guiadelocio.es\/madrid\/wp-content\/uploads\/sites\/2\/2023\/02\/placa-fortunata-665x1000-1-e1675792961520-180x200.jpeg 180w, https:\/\/guiadelocio.es\/madrid\/wp-content\/uploads\/sites\/2\/2023\/02\/placa-fortunata-665x1000-1-e1675792961520.jpeg 615w\" sizes=\"(max-width: 271px) 100vw, 271px\" \/><\/p>\n<h3>SU RECUERDO<\/h3>\n<p>A su muerte en 1920 Gald\u00f3s fue enterrado tras un sepelio multitudinario en el cementerio de la Almudena, donde puede visitarse su tumba.<\/p>\n<p>Un a\u00f1o antes se le hab\u00eda erigido por suscripci\u00f3n popular en el parque del Retiro un monumento, a cuya inauguraci\u00f3n asisti\u00f3, instalado en una glorieta a la que se dio su nombre. Tambi\u00e9n lleva su nombre una peque\u00f1a calle peatonal en las proximidades de la Gran V\u00eda que discurre desde la de Fuencarral a la de Hortaleza. En el n\u00famero 5 de esta \u00faltima calle se encuentra la Librer\u00eda P\u00e9rez Gald\u00f3s, abierta por sus herederos en 1942.<\/p>\n<p><img decoding=\"async\" class=\"alignnone wp-image-5975\" src=\"https:\/\/guiadelocio.es\/madrid\/wp-content\/uploads\/sites\/2\/2023\/02\/Galdos_690x154-1-300x94.jpg\" alt=\"\" width=\"443\" height=\"139\" srcset=\"https:\/\/guiadelocio.es\/madrid\/wp-content\/uploads\/sites\/2\/2023\/02\/Galdos_690x154-1-300x94.jpg 300w, https:\/\/guiadelocio.es\/madrid\/wp-content\/uploads\/sites\/2\/2023\/02\/Galdos_690x154-1-640x200.jpg 640w, https:\/\/guiadelocio.es\/madrid\/wp-content\/uploads\/sites\/2\/2023\/02\/Galdos_690x154-1-266x83.jpg 266w, https:\/\/guiadelocio.es\/madrid\/wp-content\/uploads\/sites\/2\/2023\/02\/Galdos_690x154-1.jpg 691w\" sizes=\"(max-width: 443px) 100vw, 443px\" \/><\/p>\n","protected":false},"excerpt":{"rendered":"<p>Benito P\u00e9rez Gald\u00f3s falleci\u00f3 el 4 de enero de 1920 en Madrid, ciudad en la que hab\u00eda residido durante 57 de los 76 a\u00f1os de su existencia y en la que escribi\u00f3 la pr\u00e1ctica totalidad de su inmensa obre literaria. Nacido en Las Palmas de Gran Canaria en 1843, Gald\u00f3s lleg\u00f3 a la capital con [&hellip;]<\/p>\n","protected":false},"author":5,"featured_media":5983,"comment_status":"closed","ping_status":"closed","sticky":false,"template":"","format":"standard","meta":{"_acf_changed":false,"footnotes":""},"categories":[1],"tags":[],"category_plan":[5],"filter_trans":[],"filter_main":[],"filter_sec":[],"barrios":[],"class_list":["post-5939","post","type-post","status-publish","format-standard","has-post-thumbnail","hentry","category-sin-categorizar"],"acf":[],"yoast_head":"<!-- This site is optimized with the Yoast SEO plugin v26.0 - https:\/\/yoast.com\/wordpress\/plugins\/seo\/ -->\n<title>El mejor cronista de Madrid, Benito P\u00e9rez Gald\u00f3s | Madrid<\/title>\n<meta name=\"description\" content=\"El mejor cronista de Madrid, Benito P\u00e9rez Gald\u00f3s. El Madrid de Gald\u00f3s\" \/>\n<meta name=\"robots\" content=\"index, follow, max-snippet:-1, max-image-preview:large, max-video-preview:-1\" \/>\n<link rel=\"canonical\" href=\"https:\/\/guiadelocio.es\/madrid\/el-mejor-cronista-de-madrid-benito-perez-galdos\/\" \/>\n<meta property=\"og:locale\" content=\"es_ES\" \/>\n<meta property=\"og:type\" content=\"article\" \/>\n<meta property=\"og:title\" content=\"El mejor cronista de Madrid, Benito P\u00e9rez Gald\u00f3s | Madrid\" \/>\n<meta property=\"og:description\" content=\"El mejor cronista de Madrid, Benito P\u00e9rez Gald\u00f3s. El Madrid de Gald\u00f3s\" \/>\n<meta property=\"og:url\" content=\"https:\/\/guiadelocio.es\/madrid\/el-mejor-cronista-de-madrid-benito-perez-galdos\/\" \/>\n<meta property=\"og:site_name\" content=\"Madrid\" \/>\n<meta property=\"article:published_time\" content=\"2023-01-07T18:07:55+00:00\" \/>\n<meta property=\"article:modified_time\" content=\"2023-02-07T18:17:56+00:00\" \/>\n<meta property=\"og:image\" content=\"https:\/\/guiadelocio.es\/madrid\/wp-content\/uploads\/sites\/2\/2023\/01\/884a7c83-6d9b-4e22-acb7-079f5667b7ea_rw_600.jpg\" \/>\n\t<meta property=\"og:image:width\" content=\"487\" \/>\n\t<meta property=\"og:image:height\" content=\"542\" \/>\n\t<meta property=\"og:image:type\" content=\"image\/jpeg\" \/>\n<meta name=\"author\" content=\"spons\" \/>\n<meta name=\"twitter:card\" content=\"summary_large_image\" \/>\n<meta name=\"twitter:label1\" content=\"Escrito por\" \/>\n\t<meta name=\"twitter:data1\" content=\"spons\" \/>\n\t<meta name=\"twitter:label2\" content=\"Tiempo de lectura\" \/>\n\t<meta name=\"twitter:data2\" content=\"5 minutos\" \/>\n<script type=\"application\/ld+json\" class=\"yoast-schema-graph\">{\"@context\":\"https:\/\/schema.org\",\"@graph\":[{\"@type\":\"WebPage\",\"@id\":\"https:\/\/guiadelocio.es\/madrid\/el-mejor-cronista-de-madrid-benito-perez-galdos\/\",\"url\":\"https:\/\/guiadelocio.es\/madrid\/el-mejor-cronista-de-madrid-benito-perez-galdos\/\",\"name\":\"El mejor cronista de Madrid, Benito P\u00e9rez Gald\u00f3s | Madrid\",\"isPartOf\":{\"@id\":\"https:\/\/guiadelocio.es\/madrid\/#website\"},\"primaryImageOfPage\":{\"@id\":\"https:\/\/guiadelocio.es\/madrid\/el-mejor-cronista-de-madrid-benito-perez-galdos\/#primaryimage\"},\"image\":{\"@id\":\"https:\/\/guiadelocio.es\/madrid\/el-mejor-cronista-de-madrid-benito-perez-galdos\/#primaryimage\"},\"thumbnailUrl\":\"https:\/\/guiadelocio.es\/madrid\/wp-content\/uploads\/sites\/2\/2023\/01\/884a7c83-6d9b-4e22-acb7-079f5667b7ea_rw_600.jpg\",\"datePublished\":\"2023-01-07T18:07:55+00:00\",\"dateModified\":\"2023-02-07T18:17:56+00:00\",\"author\":{\"@id\":\"https:\/\/guiadelocio.es\/madrid\/#\/schema\/person\/8948cef5c81b7b4ad26551a45a2d12d3\"},\"description\":\"El mejor cronista de Madrid, Benito P\u00e9rez Gald\u00f3s. El Madrid de Gald\u00f3s\",\"breadcrumb\":{\"@id\":\"https:\/\/guiadelocio.es\/madrid\/el-mejor-cronista-de-madrid-benito-perez-galdos\/#breadcrumb\"},\"inLanguage\":\"es\",\"potentialAction\":[{\"@type\":\"ReadAction\",\"target\":[\"https:\/\/guiadelocio.es\/madrid\/el-mejor-cronista-de-madrid-benito-perez-galdos\/\"]}]},{\"@type\":\"ImageObject\",\"inLanguage\":\"es\",\"@id\":\"https:\/\/guiadelocio.es\/madrid\/el-mejor-cronista-de-madrid-benito-perez-galdos\/#primaryimage\",\"url\":\"https:\/\/guiadelocio.es\/madrid\/wp-content\/uploads\/sites\/2\/2023\/01\/884a7c83-6d9b-4e22-acb7-079f5667b7ea_rw_600.jpg\",\"contentUrl\":\"https:\/\/guiadelocio.es\/madrid\/wp-content\/uploads\/sites\/2\/2023\/01\/884a7c83-6d9b-4e22-acb7-079f5667b7ea_rw_600.jpg\",\"width\":487,\"height\":542},{\"@type\":\"BreadcrumbList\",\"@id\":\"https:\/\/guiadelocio.es\/madrid\/el-mejor-cronista-de-madrid-benito-perez-galdos\/#breadcrumb\",\"itemListElement\":[{\"@type\":\"ListItem\",\"position\":1,\"name\":\"Portada\",\"item\":\"https:\/\/guiadelocio.es\/madrid\/\"},{\"@type\":\"ListItem\",\"position\":2,\"name\":\"El mejor cronista de Madrid, Benito P\u00e9rez Gald\u00f3s\"}]},{\"@type\":\"WebSite\",\"@id\":\"https:\/\/guiadelocio.es\/madrid\/#website\",\"url\":\"https:\/\/guiadelocio.es\/madrid\/\",\"name\":\"Madrid | Gu\u00eda del Ocio\",\"description\":\"Qu\u00e9 hacer, d\u00f3nde comer, qu\u00e9 visitar y los lugares que no te puedes perder\",\"potentialAction\":[{\"@type\":\"SearchAction\",\"target\":{\"@type\":\"EntryPoint\",\"urlTemplate\":\"https:\/\/guiadelocio.es\/madrid\/?s={search_term_string}\"},\"query-input\":{\"@type\":\"PropertyValueSpecification\",\"valueRequired\":true,\"valueName\":\"search_term_string\"}}],\"inLanguage\":\"es\"},{\"@type\":\"Person\",\"@id\":\"https:\/\/guiadelocio.es\/madrid\/#\/schema\/person\/8948cef5c81b7b4ad26551a45a2d12d3\",\"name\":\"spons\",\"image\":{\"@type\":\"ImageObject\",\"inLanguage\":\"es\",\"@id\":\"https:\/\/guiadelocio.es\/madrid\/#\/schema\/person\/image\/\",\"url\":\"https:\/\/secure.gravatar.com\/avatar\/c3eb00312c63ba7a2ea61f1fc101d93b66984cbac41bc8a3997f9b64644a08c9?s=96&d=mm&r=g\",\"contentUrl\":\"https:\/\/secure.gravatar.com\/avatar\/c3eb00312c63ba7a2ea61f1fc101d93b66984cbac41bc8a3997f9b64644a08c9?s=96&d=mm&r=g\",\"caption\":\"spons\"}}]}<\/script>\n<!-- \/ Yoast SEO plugin. -->","yoast_head_json":{"title":"El mejor cronista de Madrid, Benito P\u00e9rez Gald\u00f3s | Madrid","description":"El mejor cronista de Madrid, Benito P\u00e9rez Gald\u00f3s. El Madrid de Gald\u00f3s","robots":{"index":"index","follow":"follow","max-snippet":"max-snippet:-1","max-image-preview":"max-image-preview:large","max-video-preview":"max-video-preview:-1"},"canonical":"https:\/\/guiadelocio.es\/madrid\/el-mejor-cronista-de-madrid-benito-perez-galdos\/","og_locale":"es_ES","og_type":"article","og_title":"El mejor cronista de Madrid, Benito P\u00e9rez Gald\u00f3s | Madrid","og_description":"El mejor cronista de Madrid, Benito P\u00e9rez Gald\u00f3s. El Madrid de Gald\u00f3s","og_url":"https:\/\/guiadelocio.es\/madrid\/el-mejor-cronista-de-madrid-benito-perez-galdos\/","og_site_name":"Madrid","article_published_time":"2023-01-07T18:07:55+00:00","article_modified_time":"2023-02-07T18:17:56+00:00","og_image":[{"width":487,"height":542,"url":"https:\/\/guiadelocio.es\/madrid\/wp-content\/uploads\/sites\/2\/2023\/01\/884a7c83-6d9b-4e22-acb7-079f5667b7ea_rw_600.jpg","type":"image\/jpeg"}],"author":"spons","twitter_card":"summary_large_image","twitter_misc":{"Escrito por":"spons","Tiempo de lectura":"5 minutos"},"schema":{"@context":"https:\/\/schema.org","@graph":[{"@type":"WebPage","@id":"https:\/\/guiadelocio.es\/madrid\/el-mejor-cronista-de-madrid-benito-perez-galdos\/","url":"https:\/\/guiadelocio.es\/madrid\/el-mejor-cronista-de-madrid-benito-perez-galdos\/","name":"El mejor cronista de Madrid, Benito P\u00e9rez Gald\u00f3s | Madrid","isPartOf":{"@id":"https:\/\/guiadelocio.es\/madrid\/#website"},"primaryImageOfPage":{"@id":"https:\/\/guiadelocio.es\/madrid\/el-mejor-cronista-de-madrid-benito-perez-galdos\/#primaryimage"},"image":{"@id":"https:\/\/guiadelocio.es\/madrid\/el-mejor-cronista-de-madrid-benito-perez-galdos\/#primaryimage"},"thumbnailUrl":"https:\/\/guiadelocio.es\/madrid\/wp-content\/uploads\/sites\/2\/2023\/01\/884a7c83-6d9b-4e22-acb7-079f5667b7ea_rw_600.jpg","datePublished":"2023-01-07T18:07:55+00:00","dateModified":"2023-02-07T18:17:56+00:00","author":{"@id":"https:\/\/guiadelocio.es\/madrid\/#\/schema\/person\/8948cef5c81b7b4ad26551a45a2d12d3"},"description":"El mejor cronista de Madrid, Benito P\u00e9rez Gald\u00f3s. El Madrid de Gald\u00f3s","breadcrumb":{"@id":"https:\/\/guiadelocio.es\/madrid\/el-mejor-cronista-de-madrid-benito-perez-galdos\/#breadcrumb"},"inLanguage":"es","potentialAction":[{"@type":"ReadAction","target":["https:\/\/guiadelocio.es\/madrid\/el-mejor-cronista-de-madrid-benito-perez-galdos\/"]}]},{"@type":"ImageObject","inLanguage":"es","@id":"https:\/\/guiadelocio.es\/madrid\/el-mejor-cronista-de-madrid-benito-perez-galdos\/#primaryimage","url":"https:\/\/guiadelocio.es\/madrid\/wp-content\/uploads\/sites\/2\/2023\/01\/884a7c83-6d9b-4e22-acb7-079f5667b7ea_rw_600.jpg","contentUrl":"https:\/\/guiadelocio.es\/madrid\/wp-content\/uploads\/sites\/2\/2023\/01\/884a7c83-6d9b-4e22-acb7-079f5667b7ea_rw_600.jpg","width":487,"height":542},{"@type":"BreadcrumbList","@id":"https:\/\/guiadelocio.es\/madrid\/el-mejor-cronista-de-madrid-benito-perez-galdos\/#breadcrumb","itemListElement":[{"@type":"ListItem","position":1,"name":"Portada","item":"https:\/\/guiadelocio.es\/madrid\/"},{"@type":"ListItem","position":2,"name":"El mejor cronista de Madrid, Benito P\u00e9rez Gald\u00f3s"}]},{"@type":"WebSite","@id":"https:\/\/guiadelocio.es\/madrid\/#website","url":"https:\/\/guiadelocio.es\/madrid\/","name":"Madrid | Gu\u00eda del Ocio","description":"Qu\u00e9 hacer, d\u00f3nde comer, qu\u00e9 visitar y los lugares que no te puedes perder","potentialAction":[{"@type":"SearchAction","target":{"@type":"EntryPoint","urlTemplate":"https:\/\/guiadelocio.es\/madrid\/?s={search_term_string}"},"query-input":{"@type":"PropertyValueSpecification","valueRequired":true,"valueName":"search_term_string"}}],"inLanguage":"es"},{"@type":"Person","@id":"https:\/\/guiadelocio.es\/madrid\/#\/schema\/person\/8948cef5c81b7b4ad26551a45a2d12d3","name":"spons","image":{"@type":"ImageObject","inLanguage":"es","@id":"https:\/\/guiadelocio.es\/madrid\/#\/schema\/person\/image\/","url":"https:\/\/secure.gravatar.com\/avatar\/c3eb00312c63ba7a2ea61f1fc101d93b66984cbac41bc8a3997f9b64644a08c9?s=96&d=mm&r=g","contentUrl":"https:\/\/secure.gravatar.com\/avatar\/c3eb00312c63ba7a2ea61f1fc101d93b66984cbac41bc8a3997f9b64644a08c9?s=96&d=mm&r=g","caption":"spons"}}]}},"_links":{"self":[{"href":"https:\/\/guiadelocio.es\/madrid\/wp-json\/wp\/v2\/posts\/5939","targetHints":{"allow":["GET"]}}],"collection":[{"href":"https:\/\/guiadelocio.es\/madrid\/wp-json\/wp\/v2\/posts"}],"about":[{"href":"https:\/\/guiadelocio.es\/madrid\/wp-json\/wp\/v2\/types\/post"}],"author":[{"embeddable":true,"href":"https:\/\/guiadelocio.es\/madrid\/wp-json\/wp\/v2\/users\/5"}],"replies":[{"embeddable":true,"href":"https:\/\/guiadelocio.es\/madrid\/wp-json\/wp\/v2\/comments?post=5939"}],"version-history":[{"count":0,"href":"https:\/\/guiadelocio.es\/madrid\/wp-json\/wp\/v2\/posts\/5939\/revisions"}],"wp:featuredmedia":[{"embeddable":true,"href":"https:\/\/guiadelocio.es\/madrid\/wp-json\/wp\/v2\/media\/5983"}],"wp:attachment":[{"href":"https:\/\/guiadelocio.es\/madrid\/wp-json\/wp\/v2\/media?parent=5939"}],"wp:term":[{"taxonomy":"category","embeddable":true,"href":"https:\/\/guiadelocio.es\/madrid\/wp-json\/wp\/v2\/categories?post=5939"},{"taxonomy":"post_tag","embeddable":true,"href":"https:\/\/guiadelocio.es\/madrid\/wp-json\/wp\/v2\/tags?post=5939"},{"taxonomy":"category_plan","embeddable":true,"href":"https:\/\/guiadelocio.es\/madrid\/wp-json\/wp\/v2\/category_plan?post=5939"},{"taxonomy":"filter_trans","embeddable":true,"href":"https:\/\/guiadelocio.es\/madrid\/wp-json\/wp\/v2\/filter_trans?post=5939"},{"taxonomy":"filter_main","embeddable":true,"href":"https:\/\/guiadelocio.es\/madrid\/wp-json\/wp\/v2\/filter_main?post=5939"},{"taxonomy":"filter_sec","embeddable":true,"href":"https:\/\/guiadelocio.es\/madrid\/wp-json\/wp\/v2\/filter_sec?post=5939"},{"taxonomy":"barrios","embeddable":true,"href":"https:\/\/guiadelocio.es\/madrid\/wp-json\/wp\/v2\/barrios?post=5939"}],"curies":[{"name":"wp","href":"https:\/\/api.w.org\/{rel}","templated":true}]}}