{"id":57401,"date":"2026-09-03T10:33:32","date_gmt":"2026-09-03T08:33:32","guid":{"rendered":"https:\/\/guiadelocio.es\/madrid\/?p=57401"},"modified":"2026-09-03T10:33:32","modified_gmt":"2026-09-03T08:33:32","slug":"exposiciones-madrid-otono-2026","status":"publish","type":"post","link":"https:\/\/guiadelocio.es\/madrid\/exposiciones-madrid-otono-2026\/","title":{"rendered":"10 exposiciones que no te puedes perder en Madrid este oto\u00f1o"},"content":{"rendered":"<p class=\"isSelectedEnd\"><strong data-start=\"491\" data-end=\"568\">La vuelta a la rutina trae tambi\u00e9n una nueva temporada cultural a Madrid.<\/strong> Este oto\u00f1o, museos, fundaciones y centros culturales renuevan sus salas con grandes nombres del arte, propuestas contempor\u00e1neas y exposiciones que exploran desde la historia y el patrimonio hasta la ciencia, la fotograf\u00eda o la cultura popular. <strong data-start=\"813\" data-end=\"878\">Estas son diez citas que merece la pena apuntar en la agenda.<\/strong><\/p>\n<h3><a href=\"https:\/\/guiadelocio.es\/madrid\/plan\/primera-gran-exposicion-de-carmen-laffon-desde-su-fallecimiento\/\" target=\"_blank\" rel=\"noopener\"><span>Carmen Laff\u00f3n. Variaciones<\/span><\/a><\/h3>\n<p class=\"isSelectedEnd\">El Museo Thyssen dedica una gran exposici\u00f3n a <strong>Carmen Laff\u00f3n<\/strong>, una de las figuras fundamentales de la pintura espa\u00f1ola de las \u00faltimas d\u00e9cadas. <em>Variaciones<\/em> re\u00fane 78 obras que recorren diferentes momentos de su trayectoria y permiten descubrir una pintura marcada por la observaci\u00f3n, la luz y una particular sensibilidad hacia los paisajes y objetos cotidianos.<\/p>\n<p class=\"isSelectedEnd\">Organizada en nueve secciones, la muestra ofrece una oportunidad para acercarse a la obra de la artista sevillana a trav\u00e9s de una selecci\u00f3n amplia que pone de manifiesto la evoluci\u00f3n de su lenguaje pict\u00f3rico. Es, adem\u00e1s, la primera gran exposici\u00f3n monogr\u00e1fica dedicada a Laff\u00f3n desde su fallecimiento.<\/p>\n<div id=\"attachment_53837\" style=\"width: 588px\" class=\"wp-caption aligncenter\"><img decoding=\"async\" aria-describedby=\"caption-attachment-53837\" class=\" wp-image-53837\" src=\"https:\/\/guiadelocio.es\/madrid\/wp-content\/uploads\/sites\/2\/2026\/05\/Laffon_Coto_Sanlucar-300x166.jpg\" alt=\"\" width=\"578\" height=\"320\" srcset=\"https:\/\/guiadelocio.es\/madrid\/wp-content\/uploads\/sites\/2\/2026\/05\/Laffon_Coto_Sanlucar-300x166.jpg 300w, https:\/\/guiadelocio.es\/madrid\/wp-content\/uploads\/sites\/2\/2026\/05\/Laffon_Coto_Sanlucar-1024x566.jpg 1024w, https:\/\/guiadelocio.es\/madrid\/wp-content\/uploads\/sites\/2\/2026\/05\/Laffon_Coto_Sanlucar-768x424.jpg 768w, https:\/\/guiadelocio.es\/madrid\/wp-content\/uploads\/sites\/2\/2026\/05\/Laffon_Coto_Sanlucar-640x354.jpg 640w, https:\/\/guiadelocio.es\/madrid\/wp-content\/uploads\/sites\/2\/2026\/05\/Laffon_Coto_Sanlucar-266x147.jpg 266w, https:\/\/guiadelocio.es\/madrid\/wp-content\/uploads\/sites\/2\/2026\/05\/Laffon_Coto_Sanlucar.jpg 1120w\" sizes=\"(max-width: 578px) 100vw, 578px\" \/><p id=\"caption-attachment-53837\" class=\"wp-caption-text\">\u00a9 Carmen Laff\u00f3n, VEGAP, Madrid, 2026<\/p><\/div>\n<p class=\"isSelectedEnd\"><strong>Descubre la exposici\u00f3n de Carmen Laff\u00f3n en el Museo Thyssen y toda la informaci\u00f3n para visitarla <a href=\"https:\/\/guiadelocio.es\/madrid\/plan\/primera-gran-exposicion-de-carmen-laffon-desde-su-fallecimiento\/\" target=\"_blank\" rel=\"noopener\"><span>aqu\u00ed.<\/span><\/a><\/strong><\/p>\n<h3><a href=\"https:\/\/guiadelocio.es\/madrid\/plan\/exposicion-prerrafaelismo-madrid\/\" target=\"_blank\" rel=\"noopener\"><span>Prerrafaelismo: la exposici\u00f3n que reivindica el lugar de las mujeres en el arte<\/span><\/a><\/h3>\n<p class=\"isSelectedEnd\">La Fundaci\u00f3n MAPFRE recupera una parte menos conocida de la historia del <strong>prerrafaelismo<\/strong> con una exposici\u00f3n centrada en las mujeres vinculadas a este movimiento art\u00edstico surgido en Gran Breta\u00f1a a mediados del siglo XIX.<\/p>\n<p class=\"isSelectedEnd\"><strong>Elizabeth Siddal, Julia Margaret Cameron, Evelyn De Morgan, May Morris y Eleanor Fortescue-Brickdale<\/strong> son algunas de las creadoras presentes en un recorrido que re\u00fane pintura, fotograf\u00eda, dibujo, textiles, bordados, esmaltes y vidrieras. Una exposici\u00f3n especialmente interesante para descubrir c\u00f3mo las mujeres participaron en un movimiento que durante mucho tiempo se ha contado principalmente a trav\u00e9s de sus protagonistas masculinos.<\/p>\n<div id=\"attachment_57338\" style=\"width: 535px\" class=\"wp-caption aligncenter\"><img decoding=\"async\" aria-describedby=\"caption-attachment-57338\" class=\" wp-image-57338\" src=\"https:\/\/guiadelocio.es\/madrid\/wp-content\/uploads\/sites\/2\/2026\/09\/prerrafaelitas-1194x-300x233.webp\" alt=\"\" width=\"525\" height=\"408\" srcset=\"https:\/\/guiadelocio.es\/madrid\/wp-content\/uploads\/sites\/2\/2026\/09\/prerrafaelitas-1194x-300x233.webp 300w, https:\/\/guiadelocio.es\/madrid\/wp-content\/uploads\/sites\/2\/2026\/09\/prerrafaelitas-1194x-1024x795.webp 1024w, https:\/\/guiadelocio.es\/madrid\/wp-content\/uploads\/sites\/2\/2026\/09\/prerrafaelitas-1194x-768x596.webp 768w, https:\/\/guiadelocio.es\/madrid\/wp-content\/uploads\/sites\/2\/2026\/09\/prerrafaelitas-1194x-1185x920.webp 1185w, https:\/\/guiadelocio.es\/madrid\/wp-content\/uploads\/sites\/2\/2026\/09\/prerrafaelitas-1194x-556x432.webp 556w, https:\/\/guiadelocio.es\/madrid\/wp-content\/uploads\/sites\/2\/2026\/09\/prerrafaelitas-1194x-258x200.webp 258w, https:\/\/guiadelocio.es\/madrid\/wp-content\/uploads\/sites\/2\/2026\/09\/prerrafaelitas-1194x.webp 1194w\" sizes=\"(max-width: 525px) 100vw, 525px\" \/><p id=\"caption-attachment-57338\" class=\"wp-caption-text\">\u00a9 Mus\u00e9e d\u2019Orsay, dist. RMN-Grand Palais\/Sophie Cr\u00e9py<\/p><\/div>\n<p class=\"isSelectedEnd\"><strong>Te contamos todo sobre <em data-start=\"1991\" data-end=\"2007\">Prerrafaelismo<\/em> y sus artistas <a href=\"https:\/\/guiadelocio.es\/madrid\/plan\/exposicion-prerrafaelismo-madrid\/\" target=\"_blank\" rel=\"noopener\"><span>aqu\u00ed<\/span><\/a><\/strong>.<\/p>\n<h3><a href=\"https:\/\/guiadelocio.es\/madrid\/plan\/exposicion-los-reconocimientos-museo-traje\/\" target=\"_blank\" rel=\"noopener\"><span>Los reconocimientos: la exposici\u00f3n que descubre lo que esconde un museo<\/span><\/a><\/h3>\n<p class=\"isSelectedEnd\">\u00bfPuede una exposici\u00f3n hacer que miremos de otra manera los objetos que forman parte de un museo? Esa es una de las ideas detr\u00e1s de <em><strong>Los reconocimientos<\/strong><\/em>, una propuesta del Museo del Traje construida a partir de sus propias colecciones.<\/p>\n<p class=\"isSelectedEnd\">La muestra pone en relaci\u00f3n objetos muy diferentes para explorar c\u00f3mo reconocemos aquello que forma parte de nuestra vida cotidiana y c\u00f3mo funciona, al mismo tiempo, el trabajo de clasificaci\u00f3n y estudio que permite construir una colecci\u00f3n muse\u00edstica. Con <strong>m\u00e1s de 200.000 piezas,<\/strong> el Museo del Traje cuenta con un patrimonio enorme y diverso que aqu\u00ed se presenta desde una perspectiva poco convencional.<\/p>\n<p><img decoding=\"async\" class=\"aligncenter wp-image-57352 \" src=\"https:\/\/guiadelocio.es\/madrid\/wp-content\/uploads\/sites\/2\/2026\/09\/55356623503_dd3e53f6a5_c-e1788364933663-300x290.jpg\" alt=\"\" width=\"372\" height=\"360\" srcset=\"https:\/\/guiadelocio.es\/madrid\/wp-content\/uploads\/sites\/2\/2026\/09\/55356623503_dd3e53f6a5_c-e1788364933663-300x290.jpg 300w, https:\/\/guiadelocio.es\/madrid\/wp-content\/uploads\/sites\/2\/2026\/09\/55356623503_dd3e53f6a5_c-e1788364933663-447x432.jpg 447w, https:\/\/guiadelocio.es\/madrid\/wp-content\/uploads\/sites\/2\/2026\/09\/55356623503_dd3e53f6a5_c-e1788364933663-207x200.jpg 207w, https:\/\/guiadelocio.es\/madrid\/wp-content\/uploads\/sites\/2\/2026\/09\/55356623503_dd3e53f6a5_c-e1788364933663.jpg 533w\" sizes=\"(max-width: 372px) 100vw, 372px\" \/><\/p>\n<p class=\"isSelectedEnd\"><strong>Descubre qu\u00e9 encontrar\u00e1s en <em data-start=\"2055\" data-end=\"2076\">Los reconocimientos <\/em><a href=\"https:\/\/guiadelocio.es\/madrid\/plan\/exposicion-los-reconocimientos-museo-traje\/\" target=\"_blank\" rel=\"noopener\"><span>aqu\u00ed.<\/span><\/a><\/strong><\/p>\n<h3><a href=\"https:\/\/guiadelocio.es\/madrid\/plan\/exposicion-relojes-colecciones-reales-madrid\/\" target=\"_blank\" rel=\"noopener\"><span>La precisi\u00f3n del tiempo<\/span><\/a><\/h3>\n<p class=\"isSelectedEnd\">Hay una raz\u00f3n especialmente buena para acercarse a la Galer\u00eda de las Colecciones Reales este mes: <strong>la exposici\u00f3n termina en septiembre<\/strong>. <em>La precisi\u00f3n del tiempo<\/em> re\u00fane una selecci\u00f3n de relojes del siglo XIX pertenecientes a las Colecciones Reales y permite descubrir el papel que estos objetos desempe\u00f1aron m\u00e1s all\u00e1 de su funci\u00f3n pr\u00e1ctica.<\/p>\n<p class=\"isSelectedEnd\">La muestra re\u00fane 20 piezas hist\u00f3ricas y ofrece un recorrido por la evoluci\u00f3n t\u00e9cnica y est\u00e9tica de la relojer\u00eda durante un periodo especialmente importante. Una propuesta para quienes disfrutan del dise\u00f1o, la historia y las artes decorativas y tambi\u00e9n para quienes buscan descubrir piezas menos habituales de las colecciones vinculadas a la Corona.<\/p>\n<p><img decoding=\"async\" class=\"aligncenter wp-image-55445\" src=\"https:\/\/guiadelocio.es\/madrid\/wp-content\/uploads\/sites\/2\/2026\/07\/unnamed-200x300.jpg\" alt=\"\" width=\"374\" height=\"561\" srcset=\"https:\/\/guiadelocio.es\/madrid\/wp-content\/uploads\/sites\/2\/2026\/07\/unnamed-200x300.jpg 200w, https:\/\/guiadelocio.es\/madrid\/wp-content\/uploads\/sites\/2\/2026\/07\/unnamed-614x920.jpg 614w, https:\/\/guiadelocio.es\/madrid\/wp-content\/uploads\/sites\/2\/2026\/07\/unnamed-288x432.jpg 288w, https:\/\/guiadelocio.es\/madrid\/wp-content\/uploads\/sites\/2\/2026\/07\/unnamed-133x200.jpg 133w, https:\/\/guiadelocio.es\/madrid\/wp-content\/uploads\/sites\/2\/2026\/07\/unnamed.jpg 667w\" sizes=\"(max-width: 374px) 100vw, 374px\" \/><\/p>\n<p><strong>Consulta toda la informaci\u00f3n sobre <em data-start=\"2116\" data-end=\"2141\">La precisi\u00f3n del tiempo <\/em><a href=\"https:\/\/guiadelocio.es\/madrid\/plan\/exposicion-relojes-colecciones-reales-madrid\/\" target=\"_blank\" rel=\"noopener\"><span>aqu\u00ed.<\/span><\/a><\/strong><\/p>\n<h3><a href=\"https:\/\/guiadelocio.es\/madrid\/plan\/misterios-de-la-materia-museo-arqueologico-nacional\/\" target=\"_blank\" rel=\"noopener\"><span>Misterios de la materia<\/span><\/a><\/h3>\n<p class=\"isSelectedEnd\">\u00bfQu\u00e9 puede contarnos un objeto arqueol\u00f3gico cuando lo estudiamos con las herramientas de la ciencia? <em><strong>Misterios de la materia<\/strong><\/em> responde a esta pregunta mostrando c\u00f3mo las nuevas tecnolog\u00edas permiten descubrir informaci\u00f3n que no siempre es visible a simple vista.<\/p>\n<p class=\"isSelectedEnd\">La exposici\u00f3n del Museo Arqueol\u00f3gico Nacional re\u00fane m\u00e1s de 260 piezas y explica t\u00e9cnicas utilizadas para conocer cu\u00e1ndo se fabric\u00f3 un objeto, qu\u00e9 materiales se emplearon, c\u00f3mo se elabor\u00f3 o incluso c\u00f3mo conservarlo mejor. An\u00e1lisis qu\u00edmicos, t\u00e9cnicas de imagen y otras herramientas cient\u00edficas permiten acercarse de una manera diferente a piezas procedentes de distintos periodos y culturas.<\/p>\n<p class=\"isSelectedEnd\">Es una de las propuestas m\u00e1s singulares de esta selecci\u00f3n porque convierte el trabajo cient\u00edfico que normalmente permanece detr\u00e1s de las vitrinas en parte de la propia exposici\u00f3n.<\/p>\n<p><img decoding=\"async\" class=\"aligncenter wp-image-57362\" src=\"https:\/\/guiadelocio.es\/madrid\/wp-content\/uploads\/sites\/2\/2026\/09\/7.-Sala-de-santo-Toribio-300x200.jpg\" alt=\"\" width=\"644\" height=\"429\" srcset=\"https:\/\/guiadelocio.es\/madrid\/wp-content\/uploads\/sites\/2\/2026\/09\/7.-Sala-de-santo-Toribio-300x200.jpg 300w, https:\/\/guiadelocio.es\/madrid\/wp-content\/uploads\/sites\/2\/2026\/09\/7.-Sala-de-santo-Toribio-1024x683.jpg 1024w, https:\/\/guiadelocio.es\/madrid\/wp-content\/uploads\/sites\/2\/2026\/09\/7.-Sala-de-santo-Toribio-768x512.jpg 768w, https:\/\/guiadelocio.es\/madrid\/wp-content\/uploads\/sites\/2\/2026\/09\/7.-Sala-de-santo-Toribio-1536x1024.jpg 1536w, https:\/\/guiadelocio.es\/madrid\/wp-content\/uploads\/sites\/2\/2026\/09\/7.-Sala-de-santo-Toribio-scaled.jpg 2048w, https:\/\/guiadelocio.es\/madrid\/wp-content\/uploads\/sites\/2\/2026\/09\/7.-Sala-de-santo-Toribio-1380x920.jpg 1380w, https:\/\/guiadelocio.es\/madrid\/wp-content\/uploads\/sites\/2\/2026\/09\/7.-Sala-de-santo-Toribio-640x427.jpg 640w, https:\/\/guiadelocio.es\/madrid\/wp-content\/uploads\/sites\/2\/2026\/09\/7.-Sala-de-santo-Toribio-266x177.jpg 266w\" sizes=\"(max-width: 644px) 100vw, 644px\" \/><\/p>\n<p><strong><a href=\"https:\/\/guiadelocio.es\/madrid\/plan\/misterios-de-la-materia-museo-arqueologico-nacional\/\" target=\"_blank\" rel=\"noopener\">As\u00ed es <em data-start=\"2153\" data-end=\"2178\">Misterios de la materia<\/em><\/a>, la exposici\u00f3n que une ciencia y arqueolog\u00eda.<\/strong><\/p>\n<h3><a href=\"https:\/\/guiadelocio.es\/madrid\/plan\/exposicion-arte-contemporaneo-gratis-centro-madrid\/\" target=\"_blank\" rel=\"noopener\"><span>X Bienal de Arte Contempor\u00e1neo<\/span><\/a><\/h3>\n<p class=\"isSelectedEnd\">El arte contempor\u00e1neo tambi\u00e9n tiene un espacio destacado entre las exposiciones imprescindibles de septiembre. La <strong>X Bienal de Arte Contempor\u00e1neo Fundaci\u00f3n ONCE<\/strong>, bajo el lema <em>El Encanto de la Ilusi\u00f3n: un puente entre realidad y percepci\u00f3n<\/em>, re\u00fane a artistas con y sin discapacidad para reflexionar sobre la manera en que construimos nuestra percepci\u00f3n del mundo.<\/p>\n<p class=\"isSelectedEnd\">La propuesta re\u00fane <strong>m\u00e1s de 30 artistas nacionales e internacionales<\/strong> y plantea un recorrido en el que diferentes lenguajes y perspectivas dialogan entre s\u00ed. Una exposici\u00f3n que pone en primer plano la diversidad y demuestra c\u00f3mo el arte puede servir tambi\u00e9n para cuestionar nuestra manera habitual de mirar.<\/p>\n<p><img decoding=\"async\" class=\"aligncenter wp-image-56483\" src=\"https:\/\/guiadelocio.es\/madrid\/wp-content\/uploads\/sites\/2\/2026\/08\/arte-contemporaneo-Ilusion-300x200.jpg\" alt=\"\" width=\"683\" height=\"455\" srcset=\"https:\/\/guiadelocio.es\/madrid\/wp-content\/uploads\/sites\/2\/2026\/08\/arte-contemporaneo-Ilusion-300x200.jpg 300w, https:\/\/guiadelocio.es\/madrid\/wp-content\/uploads\/sites\/2\/2026\/08\/arte-contemporaneo-Ilusion-1024x683.jpg 1024w, https:\/\/guiadelocio.es\/madrid\/wp-content\/uploads\/sites\/2\/2026\/08\/arte-contemporaneo-Ilusion-768x512.jpg 768w, https:\/\/guiadelocio.es\/madrid\/wp-content\/uploads\/sites\/2\/2026\/08\/arte-contemporaneo-Ilusion-1536x1024.jpg 1536w, https:\/\/guiadelocio.es\/madrid\/wp-content\/uploads\/sites\/2\/2026\/08\/arte-contemporaneo-Ilusion-scaled.jpg 2048w, https:\/\/guiadelocio.es\/madrid\/wp-content\/uploads\/sites\/2\/2026\/08\/arte-contemporaneo-Ilusion-1380x920.jpg 1380w, https:\/\/guiadelocio.es\/madrid\/wp-content\/uploads\/sites\/2\/2026\/08\/arte-contemporaneo-Ilusion-640x427.jpg 640w, https:\/\/guiadelocio.es\/madrid\/wp-content\/uploads\/sites\/2\/2026\/08\/arte-contemporaneo-Ilusion-266x177.jpg 266w\" sizes=\"(max-width: 683px) 100vw, 683px\" \/><\/p>\n<p><strong>Descubre la X Bienal de Arte Contempor\u00e1neo Fundaci\u00f3n ONCE <a href=\"https:\/\/guiadelocio.es\/madrid\/plan\/exposicion-arte-contemporaneo-gratis-centro-madrid\/\" target=\"_blank\" rel=\"noopener\"><span>aqu\u00ed.<\/span><\/a><\/strong><\/p>\n<h3><a href=\"https:\/\/guiadelocio.es\/madrid\/plan\/robert-frank-los-americanos-la-exposicion-que-cambio-para-siempre-la-historia-de-la-fotografia\/\" target=\"_blank\" rel=\"noopener\"><span>Robert Frank &amp; Los Americanos<\/span><\/a><\/h3>\n<p class=\"isSelectedEnd\">La fotograf\u00eda encuentra uno de sus grandes nombres en la exposici\u00f3n dedicada a <strong>Robert Frank<\/strong> en Fundaci\u00f3n Telef\u00f3nica. <em>Los Americanos<\/em> es uno de los proyectos fundamentales de la fotograf\u00eda del siglo XX y ofrece una mirada personal, cr\u00edtica y alejada de los estereotipos sobre la sociedad estadounidense de los a\u00f1os cincuenta.<\/p>\n<p class=\"isSelectedEnd\">La exposici\u00f3n permite acercarse a una serie que cambi\u00f3 la manera de entender la fotograf\u00eda documental y que convirti\u00f3 escenas aparentemente cotidianas en im\u00e1genes cargadas de tensi\u00f3n, emoci\u00f3n y significado. Una cita imprescindible tanto para los aficionados a la fotograf\u00eda como para quienes quieran descubrir c\u00f3mo una c\u00e1mara puede convertirse en una herramienta para interpretar una sociedad.<\/p>\n<div id=\"attachment_53948\" style=\"width: 742px\" class=\"wp-caption aligncenter\"><img decoding=\"async\" aria-describedby=\"caption-attachment-53948\" class=\" wp-image-53948\" src=\"https:\/\/guiadelocio.es\/madrid\/wp-content\/uploads\/sites\/2\/2026\/05\/Robert-Frank-Los-Americanos-300x197.jpg\" alt=\"\" width=\"732\" height=\"481\" srcset=\"https:\/\/guiadelocio.es\/madrid\/wp-content\/uploads\/sites\/2\/2026\/05\/Robert-Frank-Los-Americanos-300x197.jpg 300w, https:\/\/guiadelocio.es\/madrid\/wp-content\/uploads\/sites\/2\/2026\/05\/Robert-Frank-Los-Americanos-266x175.jpg 266w, https:\/\/guiadelocio.es\/madrid\/wp-content\/uploads\/sites\/2\/2026\/05\/Robert-Frank-Los-Americanos.jpg 600w\" sizes=\"(max-width: 732px) 100vw, 732px\" \/><p id=\"caption-attachment-53948\" class=\"wp-caption-text\">\u00a9 Robert Frank Foundation, from The Americans.<\/p><\/div>\n<p><strong>Todo sobre <em data-start=\"2301\" data-end=\"2332\">Robert Frank &amp; Los Americanos<\/em> <a href=\"https:\/\/guiadelocio.es\/madrid\/plan\/robert-frank-los-americanos-la-exposicion-que-cambio-para-siempre-la-historia-de-la-fotografia\/\" target=\"_blank\" rel=\"noopener\"><span>aqu\u00ed.<\/span><\/a><\/strong><\/p>\n<h3><a href=\"https:\/\/guiadelocio.es\/madrid\/plan\/rumores-infundados-javier-rafa-forteza\/\" target=\"_blank\" rel=\"noopener\"><span>Rumores infundados. Javier y Rafa Forteza<\/span><\/a><\/h3>\n<p class=\"isSelectedEnd\">\u00bfQui\u00e9n se esconde detr\u00e1s de un rostro que no podemos reconocer? Esa es una de las preguntas que plantea <em>Rumores infundados<\/em>, la primera exposici\u00f3n conjunta de los hermanos <strong>Javier y Rafa Forteza<\/strong>. Pinturas y esculturas exploran la identidad, la memoria y lo desconocido a trav\u00e9s de rostros enigm\u00e1ticos, im\u00e1genes abiertas y formas que parecen estar siempre a medio camino entre lo reconocible y lo abstracto.<\/p>\n<p>La muestra propone as\u00ed un recorrido que deja espacio a la interpretaci\u00f3n y convierte al visitante en parte de la obra: aqu\u00ed no hay una \u00fanica respuesta, sino im\u00e1genes que sugieren, inquietan y despiertan la imaginaci\u00f3n. Una propuesta especialmente interesante para descubrir <strong>arte contempor\u00e1neo en Madrid<\/strong> desde una perspectiva diferente.<\/p>\n<div id=\"attachment_57451\" style=\"width: 382px\" class=\"wp-caption aligncenter\"><img decoding=\"async\" aria-describedby=\"caption-attachment-57451\" class=\" wp-image-57451\" src=\"https:\/\/guiadelocio.es\/madrid\/wp-content\/uploads\/sites\/2\/2026\/09\/68ad6a6a4c8e0-200x300.jpg\" alt=\"\" width=\"372\" height=\"558\" srcset=\"https:\/\/guiadelocio.es\/madrid\/wp-content\/uploads\/sites\/2\/2026\/09\/68ad6a6a4c8e0-200x300.jpg 200w, https:\/\/guiadelocio.es\/madrid\/wp-content\/uploads\/sites\/2\/2026\/09\/68ad6a6a4c8e0-288x432.jpg 288w, https:\/\/guiadelocio.es\/madrid\/wp-content\/uploads\/sites\/2\/2026\/09\/68ad6a6a4c8e0-133x200.jpg 133w, https:\/\/guiadelocio.es\/madrid\/wp-content\/uploads\/sites\/2\/2026\/09\/68ad6a6a4c8e0.jpg 593w\" sizes=\"(max-width: 372px) 100vw, 372px\" \/><p id=\"caption-attachment-57451\" class=\"wp-caption-text\">\u00a9 Natalia Lebedeva, VEGAP, Barcelona 2025<\/p><\/div>\n<p><strong>Conoce la exposici\u00f3n <em data-start=\"2358\" data-end=\"2381\">Rumores infundados y sus rostros enigm\u00e1ticos<\/em> <a href=\"https:\/\/guiadelocio.es\/madrid\/plan\/rumores-infundados-javier-rafa-forteza\/\" target=\"_blank\" rel=\"noopener\"><span>aqu\u00ed.<\/span><\/a><\/strong><\/p>\n<h3><a href=\"https:\/\/guiadelocio.es\/madrid\/plan\/bailad-bailad-malditos-carlos-aires\/\" target=\"_blank\" rel=\"noopener\"><span>Bailad, bailad, malditos<\/span><\/a><\/h3>\n<p class=\"isSelectedEnd\">Una antigua nave industrial convertida en una enorme pista de baile. Esa es la premisa de <strong>Bailad, bailad, malditos<\/strong>, la instalaci\u00f3n de Carlos Aires que ocupa la Nave 0 de Matadero Madrid.<\/p>\n<p class=\"isSelectedEnd\">M\u00e1s de un centenar de puntales met\u00e1licos, una veintena de pantallas y una pista de baile transforman el antiguo espacio de Matadero en un paisaje a medio camino entre la ruina, la oscuridad y la euforia. La instalaci\u00f3n, concebida espec\u00edficamente para este lugar, juega adem\u00e1s con las huellas de la arquitectura y con la memoria del antiguo matadero.<\/p>\n<p class=\"isSelectedEnd\">Una propuesta para no limitarse a contemplar una obra, sino para <strong>entrar en ella y recorrerla<\/strong>.<\/p>\n<p><img decoding=\"async\" class=\"aligncenter wp-image-57396\" src=\"https:\/\/guiadelocio.es\/madrid\/wp-content\/uploads\/sites\/2\/2026\/09\/imagen-cartel-exposicion-carlos-aires-1-210x300.jpg\" alt=\"\" width=\"370\" height=\"529\" srcset=\"https:\/\/guiadelocio.es\/madrid\/wp-content\/uploads\/sites\/2\/2026\/09\/imagen-cartel-exposicion-carlos-aires-1-210x300.jpg 210w, https:\/\/guiadelocio.es\/madrid\/wp-content\/uploads\/sites\/2\/2026\/09\/imagen-cartel-exposicion-carlos-aires-1-717x1024.jpg 717w, https:\/\/guiadelocio.es\/madrid\/wp-content\/uploads\/sites\/2\/2026\/09\/imagen-cartel-exposicion-carlos-aires-1-768x1097.jpg 768w, https:\/\/guiadelocio.es\/madrid\/wp-content\/uploads\/sites\/2\/2026\/09\/imagen-cartel-exposicion-carlos-aires-1-1075x1536.jpg 1075w, https:\/\/guiadelocio.es\/madrid\/wp-content\/uploads\/sites\/2\/2026\/09\/imagen-cartel-exposicion-carlos-aires-1-644x920.jpg 644w, https:\/\/guiadelocio.es\/madrid\/wp-content\/uploads\/sites\/2\/2026\/09\/imagen-cartel-exposicion-carlos-aires-1-302x432.jpg 302w, https:\/\/guiadelocio.es\/madrid\/wp-content\/uploads\/sites\/2\/2026\/09\/imagen-cartel-exposicion-carlos-aires-1-140x200.jpg 140w, https:\/\/guiadelocio.es\/madrid\/wp-content\/uploads\/sites\/2\/2026\/09\/imagen-cartel-exposicion-carlos-aires-1.jpg 1344w\" sizes=\"(max-width: 370px) 100vw, 370px\" \/><\/p>\n<p><strong>Descubre <em data-start=\"2395\" data-end=\"2421\">Bailad, bailad, malditos<\/em>, la instalaci\u00f3n de Carlos Aires <a href=\"https:\/\/guiadelocio.es\/madrid\/plan\/bailad-bailad-malditos-carlos-aires\/\" target=\"_blank\" rel=\"noopener\"><span>aqu\u00ed.<\/span><\/a><\/strong><\/p>\n<h3><a href=\"https:\/\/guiadelocio.es\/madrid\/plan\/la-exposicion-cayetana-grande-de-espana-llega-al-palacio-de-liria\/\" target=\"_blank\" rel=\"noopener\"><span>Cayetana: Grande de Espa\u00f1a<\/span><\/a><\/h3>\n<p class=\"isSelectedEnd\">La figura de <strong>Cayetana Fitz-James Stuart, XVIII Duquesa de Alba<\/strong>, protagoniza una de las grandes exposiciones que llegan a Madrid este oto\u00f1o. <em>Cayetana: Grande de Espa\u00f1a<\/em> re\u00fane m\u00e1s de 200 piezas entre obras de arte, vestidos de alta costura, fotograf\u00edas, objetos y correspondencia personal.<\/p>\n<p class=\"isSelectedEnd\">El recorrido aborda diferentes facetas de una mujer convertida en personaje p\u00fablico, coleccionista, mecenas, amante del arte, icono de la moda y figura vinculada a la cultura espa\u00f1ola. La exposici\u00f3n incorpora adem\u00e1s una secci\u00f3n dedicada a la historia y reconstrucci\u00f3n del Palacio de Liria, adaptando el recorrido a las propias estancias del edificio.<\/p>\n<p><img decoding=\"async\" class=\"aligncenter wp-image-53657\" src=\"https:\/\/guiadelocio.es\/madrid\/wp-content\/uploads\/sites\/2\/2026\/05\/unnamed-2026-05-26T114214.239-300x200.jpg\" alt=\"\" width=\"576\" height=\"384\" srcset=\"https:\/\/guiadelocio.es\/madrid\/wp-content\/uploads\/sites\/2\/2026\/05\/unnamed-2026-05-26T114214.239-300x200.jpg 300w, https:\/\/guiadelocio.es\/madrid\/wp-content\/uploads\/sites\/2\/2026\/05\/unnamed-2026-05-26T114214.239-266x177.jpg 266w, https:\/\/guiadelocio.es\/madrid\/wp-content\/uploads\/sites\/2\/2026\/05\/unnamed-2026-05-26T114214.239.jpg 600w\" sizes=\"(max-width: 576px) 100vw, 576px\" \/><\/p>\n<p><strong>Todo lo que necesitas saber sobre <em data-start=\"2492\" data-end=\"2520\">Cayetana: Grande de Espa\u00f1a <\/em><a href=\"https:\/\/guiadelocio.es\/madrid\/plan\/la-exposicion-cayetana-grande-de-espana-llega-al-palacio-de-liria\/\" target=\"_blank\" rel=\"noopener\"><span>aqu\u00ed.<\/span><\/a><\/strong><\/p>\n<p><strong data-start=\"4128\" data-end=\"4164\">Y si buscas un plan diferente, te dejamos una m\u00e1s: <a href=\"https:\/\/guiadelocio.es\/madrid\/plan\/yo-fui-a-egb-la-exposicion-gratuita-para-viajar-a-la-infancia\/\" target=\"_blank\" rel=\"noopener\"><em data-start=\"4169\" data-end=\"4183\">Yo fui a EGB<\/em><\/a> <\/strong>es una de las propuestas m\u00e1s populares y una oportunidad para viajar a los recuerdos de varias generaciones. Eso s\u00ed: hay que darse prisa, porque la exposici\u00f3n termina el 20 de septiembre<\/p>\n<p><strong data-start=\"1290\" data-end=\"1334\">La temporada expositiva no termina aqu\u00ed.<\/strong> Iremos actualizando esta selecci\u00f3n a lo largo del oto\u00f1o con nuevas propuestas y novedades de la agenda cultural madrile\u00f1a, as\u00ed que guarda este art\u00edculo entre tus favoritos para volver a consultarlo.<\/p>\n<p>Y adem\u00e1s, todav\u00eda est\u00e1n abiertas algunas de las exposiciones que recomend\u00e1bamos este verano en<a href=\"https:\/\/guiadelocio.es\/madrid\/las-exposiciones-que-no-te-puedes-perder-este-verano-en-madrid\/\" target=\"_blank\" rel=\"noopener\"><span> nuestro reportaje de las exposiciones que no te pod\u00edas perder<\/span><\/a>.<\/p>\n<p><span style=\"color: #ff6600;\"><strong>\u00bfQuieres ser siempre el primero en enterarte de todos los planes que hay en tu ciudad?<\/strong><\/span><\/p>\n<p><span style=\"color: #ff6600;\"><a class=\"button button--large button--iconposition-left button--icon-newsletter\" style=\"color: #ff6600;\" href=\"https:\/\/guiadelocio.es\/madrid\/suscribete-aqui-a-nuestra-newsletter\/\" target=\"_blank\" rel=\"noopener\"><span>Inscr\u00edbete AQU\u00cd a nuestra newsletter<\/span><\/a><\/span><\/p>\n","protected":false},"excerpt":{"rendered":"<p>La vuelta a la rutina trae tambi\u00e9n una nueva temporada cultural a Madrid. Este oto\u00f1o, museos, fundaciones y centros culturales renuevan sus salas con grandes nombres del arte, propuestas contempor\u00e1neas y exposiciones que exploran desde la historia y el patrimonio hasta la ciencia, la fotograf\u00eda o la cultura popular. Estas son diez citas que merece [&hellip;]<\/p>\n","protected":false},"author":4,"featured_media":57455,"comment_status":"closed","ping_status":"closed","sticky":false,"template":"","format":"standard","meta":{"_acf_changed":false,"footnotes":""},"categories":[1],"tags":[799,795,796,797,798,760,724,672,497],"category_plan":[2,5],"filter_trans":[166],"filter_main":[],"filter_sec":[],"barrios":[],"class_list":["post-57401","post","type-post","status-publish","format-standard","has-post-thumbnail","hentry","category-sin-categorizar","tag-museos-madrid","tag-otono","tag-arte","tag-fotografia","tag-ciencia","tag-arte-contemporaneo","tag-exposiciones-madrid","tag-yo-fui-a-egb","tag-exposiciones","filter_trans-gratis-e"],"acf":[],"yoast_head":"<!-- This site is optimized with the Yoast SEO plugin v27.7 - https:\/\/yoast.com\/product\/yoast-seo-wordpress\/ -->\n<title>Exposiciones en Madrid en oto\u00f1o 2026: 10 imprescindibles<\/title>\n<meta name=\"description\" content=\"Descubre 10 exposiciones imprescindibles en Madrid este oto\u00f1o: grandes artistas, fotograf\u00eda, arte contempor\u00e1neo, patrimonio, ciencia y m\u00e1s\" \/>\n<meta name=\"robots\" content=\"index, follow, max-snippet:-1, max-image-preview:large, max-video-preview:-1\" \/>\n<link rel=\"canonical\" href=\"https:\/\/guiadelocio.es\/madrid\/exposiciones-madrid-otono-2026\/\" \/>\n<meta property=\"og:locale\" content=\"es_ES\" \/>\n<meta property=\"og:type\" content=\"article\" \/>\n<meta property=\"og:title\" content=\"Exposiciones en Madrid en oto\u00f1o 2026: 10 imprescindibles\" \/>\n<meta property=\"og:description\" content=\"Descubre 10 exposiciones imprescindibles en Madrid este oto\u00f1o: grandes artistas, fotograf\u00eda, arte contempor\u00e1neo, patrimonio, ciencia y m\u00e1s\" \/>\n<meta property=\"og:url\" content=\"https:\/\/guiadelocio.es\/madrid\/exposiciones-madrid-otono-2026\/\" \/>\n<meta property=\"og:site_name\" content=\"Madrid\" \/>\n<meta property=\"article:published_time\" content=\"2026-09-03T08:33:32+00:00\" \/>\n<meta property=\"og:image\" content=\"https:\/\/guiadelocio.es\/madrid\/wp-content\/uploads\/sites\/2\/2026\/09\/iStock-1495956211.jpg\" \/>\n\t<meta property=\"og:image:width\" content=\"2048\" \/>\n\t<meta property=\"og:image:height\" content=\"1365\" \/>\n\t<meta property=\"og:image:type\" content=\"image\/jpeg\" \/>\n<meta name=\"author\" content=\"pbenavente\" \/>\n<meta name=\"twitter:card\" content=\"summary_large_image\" \/>\n<meta name=\"twitter:label1\" content=\"Escrito por\" \/>\n\t<meta name=\"twitter:data1\" content=\"pbenavente\" \/>\n\t<meta name=\"twitter:label2\" content=\"Tiempo de lectura\" \/>\n\t<meta name=\"twitter:data2\" content=\"9 minutos\" \/>\n<script type=\"application\/ld+json\" class=\"yoast-schema-graph\">{\"@context\":\"https:\\\/\\\/schema.org\",\"@graph\":[{\"@type\":\"Article\",\"@id\":\"https:\\\/\\\/guiadelocio.es\\\/madrid\\\/exposiciones-madrid-otono-2026\\\/#article\",\"isPartOf\":{\"@id\":\"https:\\\/\\\/guiadelocio.es\\\/madrid\\\/exposiciones-madrid-otono-2026\\\/\"},\"author\":{\"name\":\"pbenavente\",\"@id\":\"https:\\\/\\\/guiadelocio.es\\\/madrid\\\/#\\\/schema\\\/person\\\/eb29c68895b201ec1bed05284067be52\"},\"headline\":\"10 exposiciones que no te puedes perder en Madrid este oto\u00f1o\",\"datePublished\":\"2026-09-03T08:33:32+00:00\",\"mainEntityOfPage\":{\"@id\":\"https:\\\/\\\/guiadelocio.es\\\/madrid\\\/exposiciones-madrid-otono-2026\\\/\"},\"wordCount\":1628,\"image\":{\"@id\":\"https:\\\/\\\/guiadelocio.es\\\/madrid\\\/exposiciones-madrid-otono-2026\\\/#primaryimage\"},\"thumbnailUrl\":\"https:\\\/\\\/guiadelocio.es\\\/madrid\\\/wp-content\\\/uploads\\\/sites\\\/2\\\/2026\\\/09\\\/iStock-1495956211.jpg\",\"keywords\":[\"museos madrid\",\"oto\u00f1o\",\"arte\",\"fotograf\u00eda\",\"ciencia\",\"arte contempor\u00e1neo\",\"Exposiciones Madrid\",\"yo fui a egb\",\"exposiciones\"],\"articleSection\":[\"Sin categorizar\"],\"inLanguage\":\"es\"},{\"@type\":\"WebPage\",\"@id\":\"https:\\\/\\\/guiadelocio.es\\\/madrid\\\/exposiciones-madrid-otono-2026\\\/\",\"url\":\"https:\\\/\\\/guiadelocio.es\\\/madrid\\\/exposiciones-madrid-otono-2026\\\/\",\"name\":\"Exposiciones en Madrid en oto\u00f1o 2026: 10 imprescindibles\",\"isPartOf\":{\"@id\":\"https:\\\/\\\/guiadelocio.es\\\/madrid\\\/#website\"},\"primaryImageOfPage\":{\"@id\":\"https:\\\/\\\/guiadelocio.es\\\/madrid\\\/exposiciones-madrid-otono-2026\\\/#primaryimage\"},\"image\":{\"@id\":\"https:\\\/\\\/guiadelocio.es\\\/madrid\\\/exposiciones-madrid-otono-2026\\\/#primaryimage\"},\"thumbnailUrl\":\"https:\\\/\\\/guiadelocio.es\\\/madrid\\\/wp-content\\\/uploads\\\/sites\\\/2\\\/2026\\\/09\\\/iStock-1495956211.jpg\",\"datePublished\":\"2026-09-03T08:33:32+00:00\",\"author\":{\"@id\":\"https:\\\/\\\/guiadelocio.es\\\/madrid\\\/#\\\/schema\\\/person\\\/eb29c68895b201ec1bed05284067be52\"},\"description\":\"Descubre 10 exposiciones imprescindibles en Madrid este oto\u00f1o: grandes artistas, fotograf\u00eda, arte contempor\u00e1neo, patrimonio, ciencia y m\u00e1s\",\"breadcrumb\":{\"@id\":\"https:\\\/\\\/guiadelocio.es\\\/madrid\\\/exposiciones-madrid-otono-2026\\\/#breadcrumb\"},\"inLanguage\":\"es\",\"potentialAction\":[{\"@type\":\"ReadAction\",\"target\":[\"https:\\\/\\\/guiadelocio.es\\\/madrid\\\/exposiciones-madrid-otono-2026\\\/\"]}]},{\"@type\":\"ImageObject\",\"inLanguage\":\"es\",\"@id\":\"https:\\\/\\\/guiadelocio.es\\\/madrid\\\/exposiciones-madrid-otono-2026\\\/#primaryimage\",\"url\":\"https:\\\/\\\/guiadelocio.es\\\/madrid\\\/wp-content\\\/uploads\\\/sites\\\/2\\\/2026\\\/09\\\/iStock-1495956211.jpg\",\"contentUrl\":\"https:\\\/\\\/guiadelocio.es\\\/madrid\\\/wp-content\\\/uploads\\\/sites\\\/2\\\/2026\\\/09\\\/iStock-1495956211.jpg\",\"width\":2048,\"height\":1365},{\"@type\":\"BreadcrumbList\",\"@id\":\"https:\\\/\\\/guiadelocio.es\\\/madrid\\\/exposiciones-madrid-otono-2026\\\/#breadcrumb\",\"itemListElement\":[{\"@type\":\"ListItem\",\"position\":1,\"name\":\"Portada\",\"item\":\"https:\\\/\\\/guiadelocio.es\\\/madrid\\\/\"},{\"@type\":\"ListItem\",\"position\":2,\"name\":\"10 exposiciones que no te puedes perder en Madrid este oto\u00f1o\"}]},{\"@type\":\"WebSite\",\"@id\":\"https:\\\/\\\/guiadelocio.es\\\/madrid\\\/#website\",\"url\":\"https:\\\/\\\/guiadelocio.es\\\/madrid\\\/\",\"name\":\"Madrid | Gu\u00eda del Ocio\",\"description\":\"Qu\u00e9 hacer, d\u00f3nde comer, qu\u00e9 visitar y los lugares que no te puedes perder\",\"potentialAction\":[{\"@type\":\"SearchAction\",\"target\":{\"@type\":\"EntryPoint\",\"urlTemplate\":\"https:\\\/\\\/guiadelocio.es\\\/madrid\\\/?s={search_term_string}\"},\"query-input\":{\"@type\":\"PropertyValueSpecification\",\"valueRequired\":true,\"valueName\":\"search_term_string\"}}],\"inLanguage\":\"es\"},{\"@type\":\"Person\",\"@id\":\"https:\\\/\\\/guiadelocio.es\\\/madrid\\\/#\\\/schema\\\/person\\\/eb29c68895b201ec1bed05284067be52\",\"name\":\"pbenavente\",\"image\":{\"@type\":\"ImageObject\",\"inLanguage\":\"es\",\"@id\":\"https:\\\/\\\/secure.gravatar.com\\\/avatar\\\/7448eb783befd534375a2eac3c932b05cddcfa80de07a8d6d7c0ad38211af8f6?s=96&d=mm&r=g\",\"url\":\"https:\\\/\\\/secure.gravatar.com\\\/avatar\\\/7448eb783befd534375a2eac3c932b05cddcfa80de07a8d6d7c0ad38211af8f6?s=96&d=mm&r=g\",\"contentUrl\":\"https:\\\/\\\/secure.gravatar.com\\\/avatar\\\/7448eb783befd534375a2eac3c932b05cddcfa80de07a8d6d7c0ad38211af8f6?s=96&d=mm&r=g\",\"caption\":\"pbenavente\"}}]}<\/script>\n<!-- \/ Yoast SEO plugin. -->","yoast_head_json":{"title":"Exposiciones en Madrid en oto\u00f1o 2026: 10 imprescindibles","description":"Descubre 10 exposiciones imprescindibles en Madrid este oto\u00f1o: grandes artistas, fotograf\u00eda, arte contempor\u00e1neo, patrimonio, ciencia y m\u00e1s","robots":{"index":"index","follow":"follow","max-snippet":"max-snippet:-1","max-image-preview":"max-image-preview:large","max-video-preview":"max-video-preview:-1"},"canonical":"https:\/\/guiadelocio.es\/madrid\/exposiciones-madrid-otono-2026\/","og_locale":"es_ES","og_type":"article","og_title":"Exposiciones en Madrid en oto\u00f1o 2026: 10 imprescindibles","og_description":"Descubre 10 exposiciones imprescindibles en Madrid este oto\u00f1o: grandes artistas, fotograf\u00eda, arte contempor\u00e1neo, patrimonio, ciencia y m\u00e1s","og_url":"https:\/\/guiadelocio.es\/madrid\/exposiciones-madrid-otono-2026\/","og_site_name":"Madrid","article_published_time":"2026-09-03T08:33:32+00:00","og_image":[{"width":2048,"height":1365,"url":"https:\/\/guiadelocio.es\/madrid\/wp-content\/uploads\/sites\/2\/2026\/09\/iStock-1495956211.jpg","type":"image\/jpeg"}],"author":"pbenavente","twitter_card":"summary_large_image","twitter_misc":{"Escrito por":"pbenavente","Tiempo de lectura":"9 minutos"},"schema":{"@context":"https:\/\/schema.org","@graph":[{"@type":"Article","@id":"https:\/\/guiadelocio.es\/madrid\/exposiciones-madrid-otono-2026\/#article","isPartOf":{"@id":"https:\/\/guiadelocio.es\/madrid\/exposiciones-madrid-otono-2026\/"},"author":{"name":"pbenavente","@id":"https:\/\/guiadelocio.es\/madrid\/#\/schema\/person\/eb29c68895b201ec1bed05284067be52"},"headline":"10 exposiciones que no te puedes perder en Madrid este oto\u00f1o","datePublished":"2026-09-03T08:33:32+00:00","mainEntityOfPage":{"@id":"https:\/\/guiadelocio.es\/madrid\/exposiciones-madrid-otono-2026\/"},"wordCount":1628,"image":{"@id":"https:\/\/guiadelocio.es\/madrid\/exposiciones-madrid-otono-2026\/#primaryimage"},"thumbnailUrl":"https:\/\/guiadelocio.es\/madrid\/wp-content\/uploads\/sites\/2\/2026\/09\/iStock-1495956211.jpg","keywords":["museos madrid","oto\u00f1o","arte","fotograf\u00eda","ciencia","arte contempor\u00e1neo","Exposiciones Madrid","yo fui a egb","exposiciones"],"articleSection":["Sin categorizar"],"inLanguage":"es"},{"@type":"WebPage","@id":"https:\/\/guiadelocio.es\/madrid\/exposiciones-madrid-otono-2026\/","url":"https:\/\/guiadelocio.es\/madrid\/exposiciones-madrid-otono-2026\/","name":"Exposiciones en Madrid en oto\u00f1o 2026: 10 imprescindibles","isPartOf":{"@id":"https:\/\/guiadelocio.es\/madrid\/#website"},"primaryImageOfPage":{"@id":"https:\/\/guiadelocio.es\/madrid\/exposiciones-madrid-otono-2026\/#primaryimage"},"image":{"@id":"https:\/\/guiadelocio.es\/madrid\/exposiciones-madrid-otono-2026\/#primaryimage"},"thumbnailUrl":"https:\/\/guiadelocio.es\/madrid\/wp-content\/uploads\/sites\/2\/2026\/09\/iStock-1495956211.jpg","datePublished":"2026-09-03T08:33:32+00:00","author":{"@id":"https:\/\/guiadelocio.es\/madrid\/#\/schema\/person\/eb29c68895b201ec1bed05284067be52"},"description":"Descubre 10 exposiciones imprescindibles en Madrid este oto\u00f1o: grandes artistas, fotograf\u00eda, arte contempor\u00e1neo, patrimonio, ciencia y m\u00e1s","breadcrumb":{"@id":"https:\/\/guiadelocio.es\/madrid\/exposiciones-madrid-otono-2026\/#breadcrumb"},"inLanguage":"es","potentialAction":[{"@type":"ReadAction","target":["https:\/\/guiadelocio.es\/madrid\/exposiciones-madrid-otono-2026\/"]}]},{"@type":"ImageObject","inLanguage":"es","@id":"https:\/\/guiadelocio.es\/madrid\/exposiciones-madrid-otono-2026\/#primaryimage","url":"https:\/\/guiadelocio.es\/madrid\/wp-content\/uploads\/sites\/2\/2026\/09\/iStock-1495956211.jpg","contentUrl":"https:\/\/guiadelocio.es\/madrid\/wp-content\/uploads\/sites\/2\/2026\/09\/iStock-1495956211.jpg","width":2048,"height":1365},{"@type":"BreadcrumbList","@id":"https:\/\/guiadelocio.es\/madrid\/exposiciones-madrid-otono-2026\/#breadcrumb","itemListElement":[{"@type":"ListItem","position":1,"name":"Portada","item":"https:\/\/guiadelocio.es\/madrid\/"},{"@type":"ListItem","position":2,"name":"10 exposiciones que no te puedes perder en Madrid este oto\u00f1o"}]},{"@type":"WebSite","@id":"https:\/\/guiadelocio.es\/madrid\/#website","url":"https:\/\/guiadelocio.es\/madrid\/","name":"Madrid | Gu\u00eda del Ocio","description":"Qu\u00e9 hacer, d\u00f3nde comer, qu\u00e9 visitar y los lugares que no te puedes perder","potentialAction":[{"@type":"SearchAction","target":{"@type":"EntryPoint","urlTemplate":"https:\/\/guiadelocio.es\/madrid\/?s={search_term_string}"},"query-input":{"@type":"PropertyValueSpecification","valueRequired":true,"valueName":"search_term_string"}}],"inLanguage":"es"},{"@type":"Person","@id":"https:\/\/guiadelocio.es\/madrid\/#\/schema\/person\/eb29c68895b201ec1bed05284067be52","name":"pbenavente","image":{"@type":"ImageObject","inLanguage":"es","@id":"https:\/\/secure.gravatar.com\/avatar\/7448eb783befd534375a2eac3c932b05cddcfa80de07a8d6d7c0ad38211af8f6?s=96&d=mm&r=g","url":"https:\/\/secure.gravatar.com\/avatar\/7448eb783befd534375a2eac3c932b05cddcfa80de07a8d6d7c0ad38211af8f6?s=96&d=mm&r=g","contentUrl":"https:\/\/secure.gravatar.com\/avatar\/7448eb783befd534375a2eac3c932b05cddcfa80de07a8d6d7c0ad38211af8f6?s=96&d=mm&r=g","caption":"pbenavente"}}]}},"_links":{"self":[{"href":"https:\/\/guiadelocio.es\/madrid\/wp-json\/wp\/v2\/posts\/57401","targetHints":{"allow":["GET"]}}],"collection":[{"href":"https:\/\/guiadelocio.es\/madrid\/wp-json\/wp\/v2\/posts"}],"about":[{"href":"https:\/\/guiadelocio.es\/madrid\/wp-json\/wp\/v2\/types\/post"}],"author":[{"embeddable":true,"href":"https:\/\/guiadelocio.es\/madrid\/wp-json\/wp\/v2\/users\/4"}],"replies":[{"embeddable":true,"href":"https:\/\/guiadelocio.es\/madrid\/wp-json\/wp\/v2\/comments?post=57401"}],"version-history":[{"count":3,"href":"https:\/\/guiadelocio.es\/madrid\/wp-json\/wp\/v2\/posts\/57401\/revisions"}],"predecessor-version":[{"id":57458,"href":"https:\/\/guiadelocio.es\/madrid\/wp-json\/wp\/v2\/posts\/57401\/revisions\/57458"}],"wp:featuredmedia":[{"embeddable":true,"href":"https:\/\/guiadelocio.es\/madrid\/wp-json\/wp\/v2\/media\/57455"}],"wp:attachment":[{"href":"https:\/\/guiadelocio.es\/madrid\/wp-json\/wp\/v2\/media?parent=57401"}],"wp:term":[{"taxonomy":"category","embeddable":true,"href":"https:\/\/guiadelocio.es\/madrid\/wp-json\/wp\/v2\/categories?post=57401"},{"taxonomy":"post_tag","embeddable":true,"href":"https:\/\/guiadelocio.es\/madrid\/wp-json\/wp\/v2\/tags?post=57401"},{"taxonomy":"category_plan","embeddable":true,"href":"https:\/\/guiadelocio.es\/madrid\/wp-json\/wp\/v2\/category_plan?post=57401"},{"taxonomy":"filter_trans","embeddable":true,"href":"https:\/\/guiadelocio.es\/madrid\/wp-json\/wp\/v2\/filter_trans?post=57401"},{"taxonomy":"filter_main","embeddable":true,"href":"https:\/\/guiadelocio.es\/madrid\/wp-json\/wp\/v2\/filter_main?post=57401"},{"taxonomy":"filter_sec","embeddable":true,"href":"https:\/\/guiadelocio.es\/madrid\/wp-json\/wp\/v2\/filter_sec?post=57401"},{"taxonomy":"barrios","embeddable":true,"href":"https:\/\/guiadelocio.es\/madrid\/wp-json\/wp\/v2\/barrios?post=57401"}],"curies":[{"name":"wp","href":"https:\/\/api.w.org\/{rel}","templated":true}]}}