{"id":51076,"date":"2026-03-04T11:47:28","date_gmt":"2026-03-04T10:47:28","guid":{"rendered":"https:\/\/guiadelocio.es\/madrid\/?p=51076"},"modified":"2026-04-29T12:40:59","modified_gmt":"2026-04-29T10:40:59","slug":"exposiciones-experiencias-y-otras-actividades-gratis-en-madrid-mayo-2026","status":"publish","type":"post","link":"https:\/\/guiadelocio.es\/madrid\/exposiciones-experiencias-y-otras-actividades-gratis-en-madrid-mayo-2026\/","title":{"rendered":"Exposiciones, experiencias y otras actividades GRATIS en Madrid &#8211; mayo 2026"},"content":{"rendered":"<p data-start=\"345\" data-end=\"798\">Madrid se transforma cada d\u00eda en un escenario de cultura y ocio, y lo mejor es que muchas de estas experiencias no cuestan nada. En este reportaje encontrar\u00e1s informaci\u00f3n sobre actividades gratis en Madrid,\u00a0desde gymkanas interactivas y visitas guiadas, hasta exposiciones de arte, actividades para ni\u00f1os, rutas al aire libre y clases de baile. \u00a1Descubre Madrid sin gastar un euro y mantente al d\u00eda con nuestras actualizaciones mensuales!<\/p>\n<h2 data-start=\"11995\" data-end=\"12050\">O. Fiestas mayo<\/h2>\n<ul data-start=\"12052\" data-end=\"13796\">\n<li data-start=\"12052\" data-end=\"12650\">\n<p data-start=\"12054\" data-end=\"12375\"><a href=\"https:\/\/guiadelocio.es\/madrid\/plan\/actividades-gratuitas-para-celebrar-el-dia-internacional-de-la-danza\/\" target=\"_blank\" rel=\"noopener\"><strong data-start=\"0\" data-end=\"57\" data-is-only-node=\"\">D\u00eda Internacional de la Danza (actividades gratuitas)<\/strong>.<\/a><br data-start=\"12107\" data-end=\"12110\" \/>Con motivo del <strong>D\u00eda Internacional de la Danza<\/strong>,<strong> Teatros del Canal<\/strong> ofrece una programaci\u00f3n gratuita que incluye visitas guiadas, ensayos abiertos y muestras coreogr\u00e1ficas. El p\u00fablico puede asistir al proceso creativo de compa\u00f1\u00edas como ANIMA Artes del Movimiento con la pieza <em data-start=\"371\" data-end=\"397\">El P\u00e1ramo (Fata Morgana)<\/em> y Gabriel Mat\u00edas con <em data-start=\"419\" data-end=\"427\">Bailar<\/em>, adem\u00e1s de una muestra del Ballet Espa\u00f1ol de la Comunidad de Madrid. La jornada se completa con <em data-start=\"524\" data-end=\"544\">Mujeres lorquianas<\/em> en la Galer\u00eda de las Colecciones Reales, junto a otras propuestas de danza contempor\u00e1nea como <em data-start=\"639\" data-end=\"662\">Las hijas de Bernarda<\/em> (Taiat Dansa) y <em data-start=\"679\" data-end=\"705\">La Cordero y su ej\u00e9rcito<\/em> (Sol Pic\u00f3), que abordan la creaci\u00f3n esc\u00e9nica desde la transformaci\u00f3n y la vulnerabilidad.<br data-start=\"12222\" data-end=\"12225\" \/>exploran la creaci\u00f3n esc\u00e9nica desde la vulnerabilidad y la transformaci\u00f3n.<br data-start=\"881\" data-end=\"884\" \/>Lugar: Teatros del Canal, C. de Cea Berm\u00fadez, 1, 28003 Madrid (y otros espacios asociados como la Galer\u00eda de las Colecciones Reales).<br data-start=\"1017\" data-end=\"1020\" \/>Fecha: 29 de abril de 2026 (actividades principales) + programaci\u00f3n hasta mayo de 2026.<br data-start=\"1122\" data-end=\"1125\" \/><strong>Entrada gratuita<\/strong><\/p>\n<\/li>\n<\/ul>\n<p><img decoding=\"async\" class=\"wp-image-52807 aligncenter\" src=\"https:\/\/guiadelocio.es\/madrid\/wp-content\/uploads\/sites\/2\/2026\/03\/20250917_lucia_campillo_pablolorente_0204-560x373-1-300x200.jpg\" alt=\"\" width=\"660\" height=\"440\" srcset=\"https:\/\/guiadelocio.es\/madrid\/wp-content\/uploads\/sites\/2\/2026\/03\/20250917_lucia_campillo_pablolorente_0204-560x373-1-300x200.jpg 300w, https:\/\/guiadelocio.es\/madrid\/wp-content\/uploads\/sites\/2\/2026\/03\/20250917_lucia_campillo_pablolorente_0204-560x373-1-266x177.jpg 266w, https:\/\/guiadelocio.es\/madrid\/wp-content\/uploads\/sites\/2\/2026\/03\/20250917_lucia_campillo_pablolorente_0204-560x373-1.jpg 560w\" sizes=\"(max-width: 660px) 100vw, 660px\" \/><\/p>\n<ul>\n<li><a href=\"https:\/\/guiadelocio.es\/madrid\/plan\/fiestas-del-2-de-mayo-de-madrid-tradicion-cultura-y-musica-en-todos-los-rincones\/\" target=\"_blank\" rel=\"noopener\"><strong>Fiestas del 2 de mayo 2026.<\/strong><\/a><br data-start=\"12107\" data-end=\"12110\" \/>La Comunidad de Madrid celebra su fiesta regional con recreaciones hist\u00f3ricas del levantamiento de 1808, desfiles, conciertos, danzas tradicionales y actividades culturales gratuitas en distintos puntos de la regi\u00f3n. El programa incluye espect\u00e1culos hist\u00f3ricos en el centro de Madrid, conciertos en la explanada de Puente del Rey, folclore, teatro, exposiciones y un espect\u00e1culo de drones como cierre.<br data-start=\"881\" data-end=\"884\" \/>Lugar: Varios espacios de Madrid y municipios de la Comunidad de Madrid (explanada de Puente del Rey, Puerta del Sol, Parque de la Cu\u00f1a Verde de Latina y otros).<br data-start=\"1017\" data-end=\"1020\" \/>Fecha: Del 30 de abril al 3 de mayo de 2026 (actividad principal el 2 de mayo).<br data-start=\"1122\" data-end=\"1125\" \/><strong>Entrada gratuita<\/strong><\/li>\n<\/ul>\n<p><img decoding=\"async\" class=\"wp-image-52809 aligncenter\" src=\"https:\/\/guiadelocio.es\/madrid\/wp-content\/uploads\/sites\/2\/2026\/03\/31b1ab9d69114c68b136428f047a9aa6-e1777277063339-300x261.jpg\" alt=\"\" width=\"641\" height=\"558\" srcset=\"https:\/\/guiadelocio.es\/madrid\/wp-content\/uploads\/sites\/2\/2026\/03\/31b1ab9d69114c68b136428f047a9aa6-e1777277063339-300x261.jpg 300w, https:\/\/guiadelocio.es\/madrid\/wp-content\/uploads\/sites\/2\/2026\/03\/31b1ab9d69114c68b136428f047a9aa6-e1777277063339-497x432.jpg 497w, https:\/\/guiadelocio.es\/madrid\/wp-content\/uploads\/sites\/2\/2026\/03\/31b1ab9d69114c68b136428f047a9aa6-e1777277063339-230x200.jpg 230w, https:\/\/guiadelocio.es\/madrid\/wp-content\/uploads\/sites\/2\/2026\/03\/31b1ab9d69114c68b136428f047a9aa6-e1777277063339.jpg 580w\" sizes=\"(max-width: 641px) 100vw, 641px\" \/><\/p>\n<h2 data-start=\"11995\" data-end=\"12050\">I. Visitas guiadas especiales<\/h2>\n<ul data-start=\"12052\" data-end=\"13796\">\n<li data-start=\"12052\" data-end=\"12650\">\n<p data-start=\"12054\" data-end=\"12375\"><strong data-start=\"12054\" data-end=\"12107\">Visita guiada a la Biblioteca Nacional de Espa\u00f1a:<\/strong><br data-start=\"12107\" data-end=\"12110\" \/>Descubre la historia y los espacios emblem\u00e1ticos de este edificio (excluye el Sal\u00f3n de Lectura Mar\u00eda Moliner).<br data-start=\"12222\" data-end=\"12225\" \/><em data-start=\"12227\" data-end=\"12235\">Lugar:<\/em> Biblioteca Nacional (Paseo de Recoletos, 20-22 \u2013 Metro: Col\u00f3n L4 \/ Cercan\u00edas: Recoletos; punto de encuentro en planta 0).<br data-start=\"12357\" data-end=\"12360\" \/><em data-start=\"12362\" data-end=\"12373\">Horarios:<\/em><\/p>\n<ul data-start=\"12380\" data-end=\"12650\">\n<li data-start=\"12380\" data-end=\"12426\">Lunes, mi\u00e9rcoles y viernes: 12:00 y 17:00.<\/li>\n<li data-start=\"12431\" data-end=\"12650\">Grupos cerrados (10-20 personas): Martes y jueves, 12:00 y 17:00 (inscripci\u00f3n a trav\u00e9s de <a rel=\"noopener\" data-start=\"12523\" data-end=\"12537\">visitas@bne.es<\/a>; inscripciones abiertas desde el d\u00eda 20 de cada mes a las 09:30).<br data-start=\"12603\" data-end=\"12606\" \/><a href=\"https:\/\/www.bne.es\/es\/agenda\/visita-guiada-biblioteca-descubre-bne\" target=\"_blank\" rel=\"noopener\"><strong data-start=\"12608\" data-end=\"12628\">Entrada gratuita<\/strong> (con reserva online).<\/a><\/li>\n<\/ul>\n<\/li>\n<\/ul>\n<p><img decoding=\"async\" class=\"wp-image-37430 aligncenter\" src=\"https:\/\/guiadelocio.es\/madrid\/wp-content\/uploads\/sites\/2\/2025\/02\/IMG_20220518_095739-300x94.jpg\" alt=\"\" width=\"654\" height=\"205\" srcset=\"https:\/\/guiadelocio.es\/madrid\/wp-content\/uploads\/sites\/2\/2025\/02\/IMG_20220518_095739-300x94.jpg 300w, https:\/\/guiadelocio.es\/madrid\/wp-content\/uploads\/sites\/2\/2025\/02\/IMG_20220518_095739-1024x320.jpg 1024w, https:\/\/guiadelocio.es\/madrid\/wp-content\/uploads\/sites\/2\/2025\/02\/IMG_20220518_095739-768x240.jpg 768w, https:\/\/guiadelocio.es\/madrid\/wp-content\/uploads\/sites\/2\/2025\/02\/IMG_20220518_095739-1536x480.jpg 1536w, https:\/\/guiadelocio.es\/madrid\/wp-content\/uploads\/sites\/2\/2025\/02\/IMG_20220518_095739-640x200.jpg 640w, https:\/\/guiadelocio.es\/madrid\/wp-content\/uploads\/sites\/2\/2025\/02\/IMG_20220518_095739-266x83.jpg 266w, https:\/\/guiadelocio.es\/madrid\/wp-content\/uploads\/sites\/2\/2025\/02\/IMG_20220518_095739.jpg 1920w\" sizes=\"(max-width: 654px) 100vw, 654px\" \/><\/p>\n<ul data-start=\"12052\" data-end=\"13796\">\n<li data-start=\"12652\" data-end=\"13328\">\n<p data-start=\"12654\" data-end=\"12930\"><strong data-start=\"12654\" data-end=\"12698\"><a href=\"https:\/\/guiadelocio.es\/madrid\/plan\/pasea-madrid-visitas-guiadas-gratuitas\/\" target=\"_blank\" rel=\"noopener\"><span>Pasea Madrid<\/span><\/a>: Visitas guiadas gratuitas:<\/strong><br data-start=\"12698\" data-end=\"12701\" \/>Programa del Ayuntamiento con m\u00e1s de 16.200 plazas para descubrir el patrimonio cultural de Madrid.<br data-start=\"12898\" data-end=\"12901\" \/>Se visitan espacios como:<\/p>\n<ul data-start=\"12933\" data-end=\"13328\">\n<li data-start=\"12933\" data-end=\"12983\">Centro de Interpretaci\u00f3n del Paisaje de la Luz<\/li>\n<li data-start=\"12986\" data-end=\"13006\">Front\u00f3n Beti Jai<\/li>\n<li data-start=\"13009\" data-end=\"13057\">Casas Consistoriales de la Plaza de la Villa<\/li>\n<li data-start=\"13060\" data-end=\"13083\">B\u00fanker del parque de El Capricho<\/li>\n<li data-start=\"13086\" data-end=\"13111\">Pabell\u00f3n de Hex\u00e1gonos<\/li>\n<li data-start=\"13114\" data-end=\"13328\">Monumento a Alfonso XII<br data-start=\"13139\" data-end=\"13142\" \/><em data-start=\"13144\" data-end=\"13151\">Nota:<\/em> Los mayores de 65 a\u00f1os tienen acceso prioritario a las 10:00; a partir de las 12:00 se abre para el p\u00fablico general.<br data-start=\"13268\" data-end=\"13271\" \/><a href=\"https:\/\/paseamadrid.reservaspatrimonio.es\/\" target=\"_blank\" rel=\"noopener\"><strong data-start=\"13273\" data-end=\"13294\">Entrada gratuita.<\/strong><\/a><\/li>\n<\/ul>\n<\/li>\n<\/ul>\n<p><img decoding=\"async\" class=\"wp-image-37426 aligncenter\" src=\"https:\/\/guiadelocio.es\/madrid\/wp-content\/uploads\/sites\/2\/2025\/02\/monumento_a_alfonso_xii-300x152.jpg\" alt=\"\" width=\"651\" height=\"330\" srcset=\"https:\/\/guiadelocio.es\/madrid\/wp-content\/uploads\/sites\/2\/2025\/02\/monumento_a_alfonso_xii-300x152.jpg 300w, https:\/\/guiadelocio.es\/madrid\/wp-content\/uploads\/sites\/2\/2025\/02\/monumento_a_alfonso_xii-640x325.jpg 640w, https:\/\/guiadelocio.es\/madrid\/wp-content\/uploads\/sites\/2\/2025\/02\/monumento_a_alfonso_xii-266x135.jpg 266w, https:\/\/guiadelocio.es\/madrid\/wp-content\/uploads\/sites\/2\/2025\/02\/monumento_a_alfonso_xii.jpg 660w\" sizes=\"(max-width: 651px) 100vw, 651px\" \/><\/p>\n<ul>\n<li><strong data-start=\"13332\" data-end=\"13373\">Nuevas actividades gratuitas en el<a href=\"https:\/\/guiadelocio.es\/madrid\/plan\/nuevas-actividades-gratuitas-en-el-fronton-beti-jai\/\" target=\"_blank\" rel=\"noopener\"><span> front\u00f3n Beti Jai<\/span><\/a>:<\/strong><br data-start=\"13373\" data-end=\"13376\" \/>El front\u00f3n Beti Jai ofrecer\u00e1 actividades gratuitas entre abril y septiembre, con visitas guiadas, teatralizadas, talleres infantiles y exhibiciones de juegos vascos. Las plazas se abren el 25 de marzo. Adem\u00e1s, se podr\u00e1 visitar libremente de martes a domingo, de 10:00 a 14:00..<br data-start=\"13525\" data-end=\"13528\" \/>Lugar: Front\u00f3n Beti Jai (Calle del Marqu\u00e9s de Riscal, 7 \u2013 Metro: Alonso Mart\u00ednez L4, L5, L10 \/ Cercan\u00edas: Recoletos)..<br data-start=\"13638\" data-end=\"13641\" \/><em data-start=\"13643\" data-end=\"13662\">Horario gratuito:<\/em> Las visitas libres ser\u00e1n de martes a domingo, de 10:00 a 14:00 horas.<br data-start=\"13688\" data-end=\"13691\" \/><em data-start=\"13693\" data-end=\"13700\">Nota:<\/em> Previa inscripci\u00f3n en la web.<br data-start=\"13770\" data-end=\"13773\" \/><a href=\"https:\/\/betijai.reservaspatrimonio.es\/\" target=\"_blank\" rel=\"noopener\"><strong data-start=\"13775\" data-end=\"13796\">Entrada gratuita.<\/strong><\/a><\/li>\n<\/ul>\n<p><img decoding=\"async\" class=\"wp-image-38482 aligncenter\" src=\"https:\/\/guiadelocio.es\/madrid\/wp-content\/uploads\/sites\/2\/2025\/03\/57A9424-450x300-1-300x200.jpg\" alt=\"\" width=\"651\" height=\"434\" srcset=\"https:\/\/guiadelocio.es\/madrid\/wp-content\/uploads\/sites\/2\/2025\/03\/57A9424-450x300-1-300x200.jpg 300w, https:\/\/guiadelocio.es\/madrid\/wp-content\/uploads\/sites\/2\/2025\/03\/57A9424-450x300-1-266x177.jpg 266w, https:\/\/guiadelocio.es\/madrid\/wp-content\/uploads\/sites\/2\/2025\/03\/57A9424-450x300-1.jpg 450w\" sizes=\"(max-width: 651px) 100vw, 651px\" \/><\/p>\n<ul data-start=\"12052\" data-end=\"13796\">\n<li data-start=\"13330\" data-end=\"13796\">\n<p data-start=\"13332\" data-end=\"13796\"><strong data-start=\"13332\" data-end=\"13373\">Entra gratis al <a href=\"https:\/\/guiadelocio.es\/madrid\/plan\/real-jardin-botanico-de-madrid\/\" target=\"_blank\" rel=\"noopener\"><span>Real Jard\u00edn Bot\u00e1nico<\/span><\/a>:<\/strong><br data-start=\"13373\" data-end=\"13376\" \/>Disfruta de la impresionante colecci\u00f3n de m\u00e1s de 5.600 especies en este jard\u00edn hist\u00f3rico, parte del Paisaje de la Luz y Patrimonio de la Humanidad.<br data-start=\"13525\" data-end=\"13528\" \/><em data-start=\"13530\" data-end=\"13538\">Lugar:<\/em> Real Jard\u00edn Bot\u00e1nico (Plaza de Murillo, 2 \u2013 Metro: Estaci\u00f3n del Arte L1 \/ Cercan\u00edas: Atocha Renfe).<br data-start=\"13638\" data-end=\"13641\" \/><em data-start=\"13643\" data-end=\"13662\">Horario gratuito:<\/em> Martes, de 10:00 a 13:00.<br data-start=\"13688\" data-end=\"13691\" \/><em data-start=\"13693\" data-end=\"13700\">Nota:<\/em> Se requiere recoger un ticket en taquilla, sujeto a control de aforo.<br data-start=\"13770\" data-end=\"13773\" \/><a href=\"https:\/\/rjb.csic.es\/el-jardin\/guia-practica\/\" target=\"_blank\" rel=\"noopener\"><strong data-start=\"13775\" data-end=\"13796\">Entrada gratuita.<\/strong><\/a><\/p>\n<\/li>\n<\/ul>\n<p><img decoding=\"async\" class=\"wp-image-37428 aligncenter\" src=\"https:\/\/guiadelocio.es\/madrid\/wp-content\/uploads\/sites\/2\/2025\/02\/\u00a92019_AntonelloDellanotte_RJB_EXT_ARQ_008_FULL-300x200.jpg\" alt=\"\" width=\"650\" height=\"433\" srcset=\"https:\/\/guiadelocio.es\/madrid\/wp-content\/uploads\/sites\/2\/2025\/02\/\u00a92019_AntonelloDellanotte_RJB_EXT_ARQ_008_FULL-300x200.jpg 300w, https:\/\/guiadelocio.es\/madrid\/wp-content\/uploads\/sites\/2\/2025\/02\/\u00a92019_AntonelloDellanotte_RJB_EXT_ARQ_008_FULL-1024x683.jpg 1024w, https:\/\/guiadelocio.es\/madrid\/wp-content\/uploads\/sites\/2\/2025\/02\/\u00a92019_AntonelloDellanotte_RJB_EXT_ARQ_008_FULL-768x512.jpg 768w, https:\/\/guiadelocio.es\/madrid\/wp-content\/uploads\/sites\/2\/2025\/02\/\u00a92019_AntonelloDellanotte_RJB_EXT_ARQ_008_FULL-1536x1024.jpg 1536w, https:\/\/guiadelocio.es\/madrid\/wp-content\/uploads\/sites\/2\/2025\/02\/\u00a92019_AntonelloDellanotte_RJB_EXT_ARQ_008_FULL-1380x920.jpg 1380w, https:\/\/guiadelocio.es\/madrid\/wp-content\/uploads\/sites\/2\/2025\/02\/\u00a92019_AntonelloDellanotte_RJB_EXT_ARQ_008_FULL-640x427.jpg 640w, https:\/\/guiadelocio.es\/madrid\/wp-content\/uploads\/sites\/2\/2025\/02\/\u00a92019_AntonelloDellanotte_RJB_EXT_ARQ_008_FULL-266x177.jpg 266w, https:\/\/guiadelocio.es\/madrid\/wp-content\/uploads\/sites\/2\/2025\/02\/\u00a92019_AntonelloDellanotte_RJB_EXT_ARQ_008_FULL.jpg 1920w\" sizes=\"(max-width: 650px) 100vw, 650px\" \/><\/p>\n<p>&nbsp;<\/p>\n<ul>\n<li><strong data-start=\"13332\" data-end=\"13373\">El Prado de noche 2025. Con Djs:<\/strong><br data-start=\"13373\" data-end=\"13376\" \/>Apertura nocturna gratuita del Museo del Prado con acceso a exposiciones y obras permanentes, amenizada por DJs de Radio3.<br data-start=\"13525\" data-end=\"13528\" \/>Lugar: Museo del Prado, Entrada por Puerta de Jer\u00f3nimos (Metro: Estaci\u00f3n del Arte L1).<br data-start=\"246\" data-end=\"249\" \/>Fecha: Primer s\u00e1bado de cada mes.<br data-start=\"282\" data-end=\"285\" \/><strong><a href=\"https:\/\/www.museodelprado.es\/recurso\/el-prado-de-noche-2025\/d2184ef9-b78c-44e7-89c1-00ff88e0b982\" target=\"_blank\" rel=\"noopener\"><span>Entrada gratuita<\/span><\/a><\/strong>, hasta completar aforo.<\/li>\n<\/ul>\n<p><img decoding=\"async\" class=\"wp-image-38497 aligncenter\" src=\"https:\/\/guiadelocio.es\/madrid\/wp-content\/uploads\/sites\/2\/2025\/03\/el_prado_de_noche_0-300x152.jpg\" alt=\"\" width=\"651\" height=\"330\" srcset=\"https:\/\/guiadelocio.es\/madrid\/wp-content\/uploads\/sites\/2\/2025\/03\/el_prado_de_noche_0-300x152.jpg 300w, https:\/\/guiadelocio.es\/madrid\/wp-content\/uploads\/sites\/2\/2025\/03\/el_prado_de_noche_0-640x325.jpg 640w, https:\/\/guiadelocio.es\/madrid\/wp-content\/uploads\/sites\/2\/2025\/03\/el_prado_de_noche_0-266x135.jpg 266w, https:\/\/guiadelocio.es\/madrid\/wp-content\/uploads\/sites\/2\/2025\/03\/el_prado_de_noche_0.jpg 660w\" sizes=\"(max-width: 651px) 100vw, 651px\" \/><\/p>\n<ul>\n<li><strong data-start=\"13332\" data-end=\"13373\">Monasterio de las Descalzas Reales:<\/strong><br data-start=\"13373\" data-end=\"13376\" \/>El Monasterio de las Descalzas Reales, fundado por Juana de Austria, es un oasis de historia y arte en pleno centro de Madrid. Antiguo palacio convertido en convento, alberga valiosas obras y arquitectura renacentista y morisca. Su visita permite conocer el legado de la Casa de Austria y est\u00e1 disponible gratis ciertos d\u00edas.<br data-start=\"13525\" data-end=\"13528\" \/>Lugar: Monasterio de las Descalzas Reales (Pl. de las Descalzas, 3, Centro, 28013 Madrid).<br data-start=\"246\" data-end=\"249\" \/>Fecha: Gratis mi\u00e9rcoles y jueves de 16:00 a 18:30<br data-start=\"282\" data-end=\"285\" \/><strong><a href=\"https:\/\/www.patrimonionacional.es\/tarifa-gratuita\" target=\"_blank\" rel=\"noopener\"><span>Entrada gratuita<\/span><\/a><\/strong>, hasta completar aforo.<\/li>\n<\/ul>\n<p><img decoding=\"async\" class=\"wp-image-40229 aligncenter\" src=\"https:\/\/guiadelocio.es\/madrid\/wp-content\/uploads\/sites\/2\/2025\/04\/01-descalzas-300x125.jpg\" alt=\"\" width=\"658\" height=\"274\" srcset=\"https:\/\/guiadelocio.es\/madrid\/wp-content\/uploads\/sites\/2\/2025\/04\/01-descalzas-300x125.jpg 300w, https:\/\/guiadelocio.es\/madrid\/wp-content\/uploads\/sites\/2\/2025\/04\/01-descalzas-1024x427.jpg 1024w, https:\/\/guiadelocio.es\/madrid\/wp-content\/uploads\/sites\/2\/2025\/04\/01-descalzas-768x320.jpg 768w, https:\/\/guiadelocio.es\/madrid\/wp-content\/uploads\/sites\/2\/2025\/04\/01-descalzas-1536x640.jpg 1536w, https:\/\/guiadelocio.es\/madrid\/wp-content\/uploads\/sites\/2\/2025\/04\/01-descalzas-640x267.jpg 640w, https:\/\/guiadelocio.es\/madrid\/wp-content\/uploads\/sites\/2\/2025\/04\/01-descalzas-266x111.jpg 266w, https:\/\/guiadelocio.es\/madrid\/wp-content\/uploads\/sites\/2\/2025\/04\/01-descalzas.jpg 1762w\" sizes=\"(max-width: 658px) 100vw, 658px\" \/><\/p>\n<h2 data-start=\"3224\" data-end=\"3267\">II. Exposiciones y eventos culturales<\/h2>\n<h3 data-start=\"3224\" data-end=\"3267\"><strong data-start=\"3228\" data-end=\"3267\">Exposiciones temporales y tem\u00e1ticas<\/strong><\/h3>\n<ul>\n<li><a href=\"https:\/\/guiadelocio.es\/madrid\/plan\/mas-de-cien-anos-de-historia-de-la-ilustracion-de-prensa-de-la-coleccion-abc\/\" target=\"_blank\" rel=\"noopener\"><strong data-start=\"3271\" data-end=\"3330\">M\u00cdRAME. Retratos y retratistas en la Colecci\u00f3n ABC. Exposici\u00f3n:<\/strong><\/a><br data-start=\"3330\" data-end=\"3333\" \/>El Museo ABC presenta <em data-start=\"165\" data-end=\"217\">M\u00cdRAME. Retratos y retratistas en la Colecci\u00f3n ABC<\/em>, una exposici\u00f3n que recorre m\u00e1s de cien a\u00f1os de historia de la ilustraci\u00f3n de prensa a trav\u00e9s del retrato. La muestra re\u00fane m\u00e1s de 200 obras de 103 artistas seleccionadas de la Colecci\u00f3n ABC, una de las mayores colecciones de ilustraci\u00f3n de Europa. Organizada en cuatro secciones, el recorrido muestra la evoluci\u00f3n del retrato en prensa desde las portadas de revistas y peri\u00f3dicos hasta la representaci\u00f3n de personajes reales, escenas sociales y tipos populares, reflejando los cambios culturales, sociales y art\u00edsticos de m\u00e1s de un siglo<br data-start=\"3452\" data-end=\"3455\" \/><em data-start=\"3457\" data-end=\"3465\">Lugar:<\/em> Museo ABC. Calle Amaniel, 29-31, 28015 Madrid.<br data-start=\"3493\" data-end=\"3496\" \/><em data-start=\"3498\" data-end=\"3506\">Fecha:<\/em> Hasta el 24 de julio de 2026.<br data-start=\"3528\" data-end=\"3531\" \/><strong data-start=\"3533\" data-end=\"3553\">Entrada gratuita.<\/strong><\/li>\n<\/ul>\n<p><img decoding=\"async\" class=\"wp-image-52530 aligncenter\" src=\"https:\/\/guiadelocio.es\/madrid\/wp-content\/uploads\/sites\/2\/2026\/04\/DI018102_A_Retocada-238x300.jpg\" alt=\"\" width=\"501\" height=\"632\" srcset=\"https:\/\/guiadelocio.es\/madrid\/wp-content\/uploads\/sites\/2\/2026\/04\/DI018102_A_Retocada-238x300.jpg 238w, https:\/\/guiadelocio.es\/madrid\/wp-content\/uploads\/sites\/2\/2026\/04\/DI018102_A_Retocada-731x920.jpg 731w, https:\/\/guiadelocio.es\/madrid\/wp-content\/uploads\/sites\/2\/2026\/04\/DI018102_A_Retocada-343x432.jpg 343w, https:\/\/guiadelocio.es\/madrid\/wp-content\/uploads\/sites\/2\/2026\/04\/DI018102_A_Retocada-159x200.jpg 159w, https:\/\/guiadelocio.es\/madrid\/wp-content\/uploads\/sites\/2\/2026\/04\/DI018102_A_Retocada.jpg 768w\" sizes=\"(max-width: 501px) 100vw, 501px\" \/><\/p>\n<ul>\n<li><strong data-start=\"3271\" data-end=\"3330\">Azkarate vs. Azkarate. Exposici\u00f3n::<\/strong><br data-start=\"3330\" data-end=\"3333\" \/>La exposici\u00f3n Azkarate vs. Azkarate presenta un di\u00e1logo entre el archivo fotogr\u00e1fico de Isabel Azkarate y sus im\u00e1genes m\u00e1s recientes, en un juego de espejos entre pasado y presente. Comisariada por Silvia Omedes e Imma Cort\u00e9s, la muestra re\u00fane la trayectoria de Isabel Azkarate, considerada la primera mujer fotoperiodista vasca, cuya obra ha documentado durante d\u00e9cadas la vida cultural y social desde una mirada cercana y humanista. El proyecto enfrenta fotograf\u00edas realizadas a lo largo de m\u00e1s de 40 a\u00f1os con nuevas im\u00e1genes captadas con tecnolog\u00eda m\u00f3vil, evidenciando la continuidad de su estilo y su forma de observar la realidad. La exposici\u00f3n forma parte de la programaci\u00f3n de PHotoESPA\u00d1A y explora la evoluci\u00f3n de la fotograf\u00eda documental y de calle en la obra de la autora.<br data-start=\"3452\" data-end=\"3455\" \/><em data-start=\"3457\" data-end=\"3465\">Lugar:<\/em> Espacio Cultural Serrer\u00eda Belga, Alameda 15, 28014 Madrid..<br data-start=\"3493\" data-end=\"3496\" \/><em data-start=\"3498\" data-end=\"3506\">Fecha:<\/em> Del 14 de mayo al 28 de junio de 2026.<br data-start=\"3528\" data-end=\"3531\" \/><strong data-start=\"3533\" data-end=\"3553\">Entrada gratuita.<\/strong><\/li>\n<\/ul>\n<p><img decoding=\"async\" class=\" wp-image-52804\" src=\"https:\/\/guiadelocio.es\/madrid\/wp-content\/uploads\/sites\/2\/2026\/03\/004-bw-San-Sebastian-2026.-\u00a9Isabel-Azkarate-667x500-1-300x225.jpg\" alt=\"\" width=\"671\" height=\"503\" srcset=\"https:\/\/guiadelocio.es\/madrid\/wp-content\/uploads\/sites\/2\/2026\/03\/004-bw-San-Sebastian-2026.-\u00a9Isabel-Azkarate-667x500-1-300x225.jpg 300w, https:\/\/guiadelocio.es\/madrid\/wp-content\/uploads\/sites\/2\/2026\/03\/004-bw-San-Sebastian-2026.-\u00a9Isabel-Azkarate-667x500-1-576x432.jpg 576w, https:\/\/guiadelocio.es\/madrid\/wp-content\/uploads\/sites\/2\/2026\/03\/004-bw-San-Sebastian-2026.-\u00a9Isabel-Azkarate-667x500-1-266x200.jpg 266w, https:\/\/guiadelocio.es\/madrid\/wp-content\/uploads\/sites\/2\/2026\/03\/004-bw-San-Sebastian-2026.-\u00a9Isabel-Azkarate-667x500-1.jpg 667w\" sizes=\"(max-width: 671px) 100vw, 671px\" \/><\/p>\n<ul>\n<li><a href=\"https:\/\/guiadelocio.es\/madrid\/plan\/exposicion-para-celebrar-el-centenario-de-la-quinta-de-los-molinos\/\" target=\"_blank\" rel=\"noopener\"><strong data-start=\"3271\" data-end=\"3330\">Exposici\u00f3n para celebrar el centenario de La Quinta de los Molinos. Exposici\u00f3n:<\/strong><\/a><br data-start=\"3330\" data-end=\"3333\" \/>La Quinta de los Molinos celebra su centenario con una exposici\u00f3n que recorre la historia y evoluci\u00f3n de este espacio desde su origen como finca agr\u00edcola en 1926 hasta su actual condici\u00f3n de parque p\u00fablico y Bien de Inter\u00e9s Cultural. La muestra propone un recorrido hist\u00f3rico, social y paisaj\u00edstico a trav\u00e9s de fotograf\u00edas, planos, documentos de archivo y material gr\u00e1fico que explican la transformaci\u00f3n del parque y su integraci\u00f3n en la ciudad. La exposici\u00f3n se organiza en m\u00f3dulos dedicados a C\u00e9sar Cort Bot\u00ed como impulsor del proyecto, al Ayuntamiento de Madrid como responsable de su conservaci\u00f3n y a la ciudadan\u00eda como agente clave en su uso y preservaci\u00f3n. Tambi\u00e9n incluye objetos personales, bocetos originales del urbanista y publicaciones que permiten entender su pensamiento sobre el urbanismo y la relaci\u00f3n entre ciudad y naturaleza, cerrando con un v\u00eddeo que sintetiza los valores patrimoniales y paisaj\u00edsticos del parque.<br data-start=\"3452\" data-end=\"3455\" \/><em data-start=\"3457\" data-end=\"3465\">Lugar:<\/em> Casa del Reloj, Parque Quinta de los Molinos, Madrid.<br data-start=\"3493\" data-end=\"3496\" \/><em data-start=\"3498\" data-end=\"3506\">Fecha:<\/em> Hasta el 17 de mayo de 2026.<br data-start=\"3528\" data-end=\"3531\" \/><strong data-start=\"3533\" data-end=\"3553\">Entrada gratuita.<\/strong><\/li>\n<\/ul>\n<p><img decoding=\"async\" class=\"wp-image-52799 aligncenter\" src=\"https:\/\/guiadelocio.es\/madrid\/wp-content\/uploads\/sites\/2\/2026\/03\/ALB07646-1500x1000-1-1380x920-1-300x200.jpeg\" alt=\"\" width=\"666\" height=\"444\" srcset=\"https:\/\/guiadelocio.es\/madrid\/wp-content\/uploads\/sites\/2\/2026\/03\/ALB07646-1500x1000-1-1380x920-1-300x200.jpeg 300w, https:\/\/guiadelocio.es\/madrid\/wp-content\/uploads\/sites\/2\/2026\/03\/ALB07646-1500x1000-1-1380x920-1-1024x683.jpeg 1024w, https:\/\/guiadelocio.es\/madrid\/wp-content\/uploads\/sites\/2\/2026\/03\/ALB07646-1500x1000-1-1380x920-1-768x512.jpeg 768w, https:\/\/guiadelocio.es\/madrid\/wp-content\/uploads\/sites\/2\/2026\/03\/ALB07646-1500x1000-1-1380x920-1-640x427.jpeg 640w, https:\/\/guiadelocio.es\/madrid\/wp-content\/uploads\/sites\/2\/2026\/03\/ALB07646-1500x1000-1-1380x920-1-266x177.jpeg 266w, https:\/\/guiadelocio.es\/madrid\/wp-content\/uploads\/sites\/2\/2026\/03\/ALB07646-1500x1000-1-1380x920-1.jpeg 1380w\" sizes=\"(max-width: 666px) 100vw, 666px\" \/><\/p>\n<ul>\n<li><strong data-start=\"3271\" data-end=\"3330\">Antonio Ballester Moreno. El cielo y la tierra. Exposici\u00f3n:<\/strong><br data-start=\"3330\" data-end=\"3333\" \/>La exposici\u00f3n El cielo y la tierra presenta la propuesta del artista Antonio Ballester Moreno en el Museo CA2M, donde revisa el paisaje como g\u00e9nero art\u00edstico m\u00e1s all\u00e1 de lo est\u00e9tico, abord\u00e1ndolo desde una perspectiva antropol\u00f3gica y social. La muestra forma parte del programa del centro en el que artistas contempor\u00e1neos reinterpretan las colecciones del museo, la Colecci\u00f3n de Arte Contempor\u00e1neo de la Comunidad de Madrid y la Colecci\u00f3n Fundaci\u00f3n ARCO. A trav\u00e9s de esta intervenci\u00f3n, el artista plantea una reflexi\u00f3n sobre la relaci\u00f3n entre naturaleza, cultura y formas de representaci\u00f3n del territorio en el arte contempor\u00e1neo.<br data-start=\"3452\" data-end=\"3455\" \/><em data-start=\"3457\" data-end=\"3465\">Lugar:<\/em> Museo CA2M, Avenida de la Constituci\u00f3n 23, 28931 M\u00f3stoles (Madrid).<br data-start=\"3493\" data-end=\"3496\" \/><em data-start=\"3498\" data-end=\"3506\">Fecha:<\/em> Hasta el 27 de septiembre de 2026.<br data-start=\"3528\" data-end=\"3531\" \/><a href=\"https:\/\/ca2m.org\/\" target=\"_blank\" rel=\"noopener\"><strong data-start=\"3533\" data-end=\"3553\">Entrada gratuita.<\/strong><\/a><\/li>\n<\/ul>\n<p><img decoding=\"async\" class=\"wp-image-52801 aligncenter\" src=\"https:\/\/guiadelocio.es\/madrid\/wp-content\/uploads\/sites\/2\/2026\/03\/web_Antonio_Balleste_Moreno-8-300x200.jpg\" alt=\"\" width=\"666\" height=\"444\" srcset=\"https:\/\/guiadelocio.es\/madrid\/wp-content\/uploads\/sites\/2\/2026\/03\/web_Antonio_Balleste_Moreno-8-300x200.jpg 300w, https:\/\/guiadelocio.es\/madrid\/wp-content\/uploads\/sites\/2\/2026\/03\/web_Antonio_Balleste_Moreno-8-768x512.jpg 768w, https:\/\/guiadelocio.es\/madrid\/wp-content\/uploads\/sites\/2\/2026\/03\/web_Antonio_Balleste_Moreno-8-640x426.jpg 640w, https:\/\/guiadelocio.es\/madrid\/wp-content\/uploads\/sites\/2\/2026\/03\/web_Antonio_Balleste_Moreno-8-266x177.jpg 266w, https:\/\/guiadelocio.es\/madrid\/wp-content\/uploads\/sites\/2\/2026\/03\/web_Antonio_Balleste_Moreno-8.jpg 1024w\" sizes=\"(max-width: 666px) 100vw, 666px\" \/><\/p>\n<ul>\n<li><a href=\"https:\/\/guiadelocio.es\/madrid\/plan\/obra-inedita-de-cinco-metros-de-altura-en-serreria-belga\/\" target=\"_blank\" rel=\"noopener\"><strong data-start=\"3271\" data-end=\"3330\">Dislocaci\u00f3n. SpY. Instalaci\u00f3n:<\/strong><\/a><br data-start=\"3330\" data-end=\"3333\" \/>El Espacio Cultural Serrer\u00eda Belga presenta <em data-start=\"168\" data-end=\"181\">Dislocaci\u00f3n<\/em>, una escultura cin\u00e9tica in\u00e9dita del artista madrile\u00f1o SpY. La instalaci\u00f3n, de cinco metros de altura, est\u00e1 formada por 16 listones de acero en rotaci\u00f3n continua que generan efectos visuales cambiantes y alteran la percepci\u00f3n del espacio. A trav\u00e9s del movimiento y el tiempo como materiales escult\u00f3ricos, la obra invita al espectador a recorrerla y descubrir m\u00faltiples perspectivas, en una experiencia inmersiva que reflexiona sobre la mirada y el entorno urbano.<br data-start=\"3452\" data-end=\"3455\" \/><em data-start=\"3457\" data-end=\"3465\">Lugar:<\/em> Espacio Cultural Serrer\u00eda Belga. Calle Alameda, 15, 28014 Madrid.<br data-start=\"3493\" data-end=\"3496\" \/><em data-start=\"3498\" data-end=\"3506\">Fecha:<\/em> Hasta el 31 de mayo de 2026.<br data-start=\"3528\" data-end=\"3531\" \/><strong data-start=\"3533\" data-end=\"3553\">Entrada gratuita.<\/strong><\/li>\n<\/ul>\n<p><img decoding=\"async\" class=\"wp-image-51941 aligncenter\" src=\"https:\/\/guiadelocio.es\/madrid\/wp-content\/uploads\/sites\/2\/2026\/03\/serreria-belga-300x200.jpeg\" alt=\"\" width=\"675\" height=\"450\" srcset=\"https:\/\/guiadelocio.es\/madrid\/wp-content\/uploads\/sites\/2\/2026\/03\/serreria-belga-300x200.jpeg 300w, https:\/\/guiadelocio.es\/madrid\/wp-content\/uploads\/sites\/2\/2026\/03\/serreria-belga-1024x682.jpeg 1024w, https:\/\/guiadelocio.es\/madrid\/wp-content\/uploads\/sites\/2\/2026\/03\/serreria-belga-768x512.jpeg 768w, https:\/\/guiadelocio.es\/madrid\/wp-content\/uploads\/sites\/2\/2026\/03\/serreria-belga-1536x1023.jpeg 1536w, https:\/\/guiadelocio.es\/madrid\/wp-content\/uploads\/sites\/2\/2026\/03\/serreria-belga-1381x920.jpeg 1381w, https:\/\/guiadelocio.es\/madrid\/wp-content\/uploads\/sites\/2\/2026\/03\/serreria-belga-640x426.jpeg 640w, https:\/\/guiadelocio.es\/madrid\/wp-content\/uploads\/sites\/2\/2026\/03\/serreria-belga-266x177.jpeg 266w, https:\/\/guiadelocio.es\/madrid\/wp-content\/uploads\/sites\/2\/2026\/03\/serreria-belga.jpeg 1600w\" sizes=\"(max-width: 675px) 100vw, 675px\" \/><\/p>\n<ul>\n<li><a href=\"https:\/\/guiadelocio.es\/madrid\/plan\/exposicion-retrospectiva-sobre-menchu-gal-primera-mujer-en-recibir-el-premio-nacional-de-pintura\/\" target=\"_blank\" rel=\"noopener\"><strong data-start=\"3271\" data-end=\"3330\">Menchu Gal. Im\u00e1genes de una vida. Exposici\u00f3n:<\/strong><\/a><br data-start=\"3330\" data-end=\"3333\" \/>El Espacio Cultural Serrer\u00eda Belga presenta <em data-start=\"182\" data-end=\"216\">Menchu Gal. Im\u00e1genes de una vida<\/em>, una retrospectiva dedicada a la pintora vasca, primera mujer en recibir el Premio Nacional de Pintura en 1959. La muestra re\u00fane cerca de medio centenar de obras que recorren su trayectoria a trav\u00e9s de paisajes, retratos, bodegones e interiores, destacando por su luminosidad, color y estilo personal al margen de las corrientes art\u00edsticas de su tiempo. El recorrido permite descubrir un universo pict\u00f3rico marcado por su car\u00e1cter independiente y su mirada sobre lo cotidiano.<br data-start=\"3452\" data-end=\"3455\" \/><em data-start=\"3457\" data-end=\"3465\">Lugar:<\/em> Espacio Cultural Serrer\u00eda Belga. Calle Alameda, 15, 28014 Madrid.<br data-start=\"3493\" data-end=\"3496\" \/><em data-start=\"3498\" data-end=\"3506\">Fecha:<\/em> Hasta el 28 de junio de 2026.<br data-start=\"3528\" data-end=\"3531\" \/><strong data-start=\"3533\" data-end=\"3553\">Entrada gratuita.<\/strong><\/li>\n<\/ul>\n<p><img decoding=\"async\" class=\"wp-image-51788 aligncenter\" src=\"https:\/\/guiadelocio.es\/madrid\/wp-content\/uploads\/sites\/2\/2026\/03\/CartelMenchuGal_SerreriaBelga-812x1000-1-e1774283607675-300x219.jpg\" alt=\"\" width=\"673\" height=\"491\" srcset=\"https:\/\/guiadelocio.es\/madrid\/wp-content\/uploads\/sites\/2\/2026\/03\/CartelMenchuGal_SerreriaBelga-812x1000-1-e1774283607675-300x219.jpg 300w, https:\/\/guiadelocio.es\/madrid\/wp-content\/uploads\/sites\/2\/2026\/03\/CartelMenchuGal_SerreriaBelga-812x1000-1-e1774283607675-768x561.jpg 768w, https:\/\/guiadelocio.es\/madrid\/wp-content\/uploads\/sites\/2\/2026\/03\/CartelMenchuGal_SerreriaBelga-812x1000-1-e1774283607675-591x432.jpg 591w, https:\/\/guiadelocio.es\/madrid\/wp-content\/uploads\/sites\/2\/2026\/03\/CartelMenchuGal_SerreriaBelga-812x1000-1-e1774283607675-266x194.jpg 266w, https:\/\/guiadelocio.es\/madrid\/wp-content\/uploads\/sites\/2\/2026\/03\/CartelMenchuGal_SerreriaBelga-812x1000-1-e1774283607675.jpg 810w\" sizes=\"(max-width: 673px) 100vw, 673px\" \/><\/p>\n<ul>\n<li><a href=\"https:\/\/guiadelocio.es\/madrid\/plan\/100-anos-de-la-cuesta-de-moyano-en-una-exposicion-itinerante\/\" target=\"_blank\" rel=\"noopener\"><strong data-start=\"3271\" data-end=\"3330\">100 a\u00f1os de la Cuesta de Moyano. Exposici\u00f3n itinerante:<\/strong><\/a><br data-start=\"3330\" data-end=\"3333\" \/>Con motivo del centenario de la Cuesta de Moyano, esta exposici\u00f3n itinerante recorre la historia de uno de los espacios m\u00e1s emblem\u00e1ticos de Madrid. La muestra consta de seis paneles con im\u00e1genes desde los a\u00f1os 1920 hasta 2010, acompa\u00f1adas por textos de la asociaci\u00f3n ciudadana <em data-start=\"395\" data-end=\"413\">Soy de la Cuesta<\/em>, formada por libreros representativos del enclave. Una forma de acercar a todos los barrios la memoria y la cultura de este lugar hist\u00f3rico.<br data-start=\"3452\" data-end=\"3455\" \/><em data-start=\"3457\" data-end=\"3465\">Lugar y fechas:<\/em>\n<ul>\n<li data-section-id=\"1ib77i4\" data-start=\"586\" data-end=\"636\">Biblioteca Mario Vargas Llosa: 1-31 enero 2026<\/li>\n<li data-section-id=\"9o8eej\" data-start=\"637\" data-end=\"679\">Biblioteca La Chata: 1-28 febrero 2026<\/li>\n<li data-section-id=\"15dwo9q\" data-start=\"680\" data-end=\"726\">Biblioteca \u00c1ngel Gonz\u00e1lez: 1-31 marzo 2026<\/li>\n<li data-section-id=\"15y9xdn\" data-start=\"727\" data-end=\"773\">Biblioteca Mar\u00eda Zambrano: 1-30 abril 2026<\/li>\n<li data-section-id=\"1g37mh4\" data-start=\"774\" data-end=\"818\">Biblioteca Gerardo Diego: 1-31 mayo 2026<\/li>\n<li data-section-id=\"1bewdlk\" data-start=\"819\" data-end=\"862\">Biblioteca Jos\u00e9 Hierro: 1-30 junio 2026<\/li>\n<\/ul>\n<\/li>\n<\/ul>\n<p><strong data-start=\"3533\" data-end=\"3553\">\u00a0 \u00a0 \u00a0 \u00a0 \u00a0Entrada gratuita.<\/strong><\/p>\n<p><img decoding=\"async\" class=\"wp-image-51760 aligncenter\" src=\"https:\/\/guiadelocio.es\/madrid\/wp-content\/uploads\/sites\/2\/2026\/03\/FNP4034-1500x1000-1-300x200.jpg\" alt=\"\" width=\"681\" height=\"454\" srcset=\"https:\/\/guiadelocio.es\/madrid\/wp-content\/uploads\/sites\/2\/2026\/03\/FNP4034-1500x1000-1-300x200.jpg 300w, https:\/\/guiadelocio.es\/madrid\/wp-content\/uploads\/sites\/2\/2026\/03\/FNP4034-1500x1000-1-1024x683.jpg 1024w, https:\/\/guiadelocio.es\/madrid\/wp-content\/uploads\/sites\/2\/2026\/03\/FNP4034-1500x1000-1-768x512.jpg 768w, https:\/\/guiadelocio.es\/madrid\/wp-content\/uploads\/sites\/2\/2026\/03\/FNP4034-1500x1000-1-1380x920.jpg 1380w, https:\/\/guiadelocio.es\/madrid\/wp-content\/uploads\/sites\/2\/2026\/03\/FNP4034-1500x1000-1-640x427.jpg 640w, https:\/\/guiadelocio.es\/madrid\/wp-content\/uploads\/sites\/2\/2026\/03\/FNP4034-1500x1000-1-266x177.jpg 266w, https:\/\/guiadelocio.es\/madrid\/wp-content\/uploads\/sites\/2\/2026\/03\/FNP4034-1500x1000-1.jpg 1500w\" sizes=\"(max-width: 681px) 100vw, 681px\" \/><\/p>\n<ul>\n<li><a href=\"https:\/\/guiadelocio.es\/madrid\/plan\/exposicion-madrid-colecciona-50-colecciones-de-arte-contemporaneo\/\" target=\"_blank\" rel=\"noopener\"><strong data-start=\"3271\" data-end=\"3330\">Madrid Colecciona. 50 colecciones de arte contempor\u00e1neo. Exposici\u00f3n:<\/strong><\/a><br data-start=\"3330\" data-end=\"3333\" \/>CentroCentro presenta <em data-start=\"190\" data-end=\"209\">Madrid Colecciona<\/em>, una exposici\u00f3n que re\u00fane 100 obras seleccionadas por m\u00e1s de 50 coleccionistas para mostrar la diversidad del arte contempor\u00e1neo y el papel del coleccionismo en su ecosistema. La muestra incluye pintura, fotograf\u00eda, dibujo, escultura, v\u00eddeo e instalaci\u00f3n, organizada en cinco secciones tem\u00e1ticas: <em data-start=\"507\" data-end=\"534\">Horizontes contempor\u00e1neos<\/em>, <em data-start=\"536\" data-end=\"556\">M\u00e1s all\u00e1 del trazo<\/em>, <em data-start=\"558\" data-end=\"576\">Sombras de poder<\/em>, <em data-start=\"578\" data-end=\"605\">El cuerpo como territorio<\/em> y <em data-start=\"608\" data-end=\"631\">El espacio construido<\/em>. Cada obra va acompa\u00f1ada de un texto de su coleccionista que refleja sus motivaciones y v\u00ednculos personales, ofreciendo un recorrido por distintas miradas sobre la creaci\u00f3n art\u00edstica actual.<br data-start=\"3452\" data-end=\"3455\" \/><em data-start=\"3457\" data-end=\"3465\">Lugar:<\/em> CentroCentro. Plaza de Cibeles, 1, 28014 Madrid.<br data-start=\"3493\" data-end=\"3496\" \/><em data-start=\"3498\" data-end=\"3506\">Fecha:<\/em> Del 26 de febrero al 6 de septiembre de 2026.<br data-start=\"3528\" data-end=\"3531\" \/><strong data-start=\"3533\" data-end=\"3553\">Entrada gratuita.<\/strong><\/li>\n<\/ul>\n<p><img decoding=\"async\" class=\"wp-image-51110 aligncenter\" src=\"https:\/\/guiadelocio.es\/madrid\/wp-content\/uploads\/sites\/2\/2026\/03\/FNP2120-1500x1000-1-1380x920-1-300x200.jpg\" alt=\"\" width=\"696\" height=\"464\" srcset=\"https:\/\/guiadelocio.es\/madrid\/wp-content\/uploads\/sites\/2\/2026\/03\/FNP2120-1500x1000-1-1380x920-1-300x200.jpg 300w, https:\/\/guiadelocio.es\/madrid\/wp-content\/uploads\/sites\/2\/2026\/03\/FNP2120-1500x1000-1-1380x920-1-1024x683.jpg 1024w, https:\/\/guiadelocio.es\/madrid\/wp-content\/uploads\/sites\/2\/2026\/03\/FNP2120-1500x1000-1-1380x920-1-768x512.jpg 768w, https:\/\/guiadelocio.es\/madrid\/wp-content\/uploads\/sites\/2\/2026\/03\/FNP2120-1500x1000-1-1380x920-1-640x427.jpg 640w, https:\/\/guiadelocio.es\/madrid\/wp-content\/uploads\/sites\/2\/2026\/03\/FNP2120-1500x1000-1-1380x920-1-266x177.jpg 266w, https:\/\/guiadelocio.es\/madrid\/wp-content\/uploads\/sites\/2\/2026\/03\/FNP2120-1500x1000-1-1380x920-1.jpg 1380w\" sizes=\"(max-width: 696px) 100vw, 696px\" \/><\/p>\n<ul>\n<li><a href=\"https:\/\/guiadelocio.es\/madrid\/plan\/la-exposicion-arte-urbano-de-los-origenes-a-banksy-muestra-la-evolucion-del-arte-urbano\/\" target=\"_blank\" rel=\"noopener\"><strong data-start=\"3271\" data-end=\"3330\">Arte urbano. De los or\u00edgenes a Banksy. Exposici\u00f3n:<\/strong><\/a><br data-start=\"3330\" data-end=\"3333\" \/>La Fundaci\u00f3n Canal presenta <strong><em data-start=\"180\" data-end=\"219\">Arte urbano. De los or\u00edgenes a Banksy<\/em><\/strong>, una exposici\u00f3n que recorre la evoluci\u00f3n del arte urbano desde el grafiti neoyorquino de los a\u00f1os 60 hasta su consolidaci\u00f3n como fen\u00f3meno art\u00edstico global. La muestra re\u00fane m\u00e1s de 60 obras de figuras clave como Basquiat, Keith Haring, Blek le Rat, Invader, JR, Os G\u00eameos o Banksy, adem\u00e1s de artistas espa\u00f1oles como SUSO33 o PichiAvo. Organizada en cinco etapas cronol\u00f3gicas y con un apartado monogr\u00e1fico dedicado a Banksy, la exposici\u00f3n explora c\u00f3mo la ciudad pas\u00f3 de ser soporte de protesta e identidad a convertirse en espacio de creaci\u00f3n art\u00edstica reconocido por museos y colecciones.<br data-start=\"3452\" data-end=\"3455\" \/><em data-start=\"3457\" data-end=\"3465\">Lugar:<\/em> Fundaci\u00f3n Canal. Calle Mateo Inurria, 2, 28036 Madrid.<br data-start=\"3493\" data-end=\"3496\" \/><em data-start=\"3498\" data-end=\"3506\">Fecha:<\/em> Hasta el 3 de mayo de 2026.<br data-start=\"3528\" data-end=\"3531\" \/><strong data-start=\"3533\" data-end=\"3553\">Entrada gratuita.<\/strong><\/li>\n<\/ul>\n<p><img decoding=\"async\" class=\"wp-image-51082 aligncenter\" src=\"https:\/\/guiadelocio.es\/madrid\/wp-content\/uploads\/sites\/2\/2026\/03\/Arteurbano_delosorigenesaBanksy_027-1380x920-1-300x200.jpg\" alt=\"\" width=\"695\" height=\"463\" srcset=\"https:\/\/guiadelocio.es\/madrid\/wp-content\/uploads\/sites\/2\/2026\/03\/Arteurbano_delosorigenesaBanksy_027-1380x920-1-300x200.jpg 300w, https:\/\/guiadelocio.es\/madrid\/wp-content\/uploads\/sites\/2\/2026\/03\/Arteurbano_delosorigenesaBanksy_027-1380x920-1-1024x683.jpg 1024w, https:\/\/guiadelocio.es\/madrid\/wp-content\/uploads\/sites\/2\/2026\/03\/Arteurbano_delosorigenesaBanksy_027-1380x920-1-768x512.jpg 768w, https:\/\/guiadelocio.es\/madrid\/wp-content\/uploads\/sites\/2\/2026\/03\/Arteurbano_delosorigenesaBanksy_027-1380x920-1-640x427.jpg 640w, https:\/\/guiadelocio.es\/madrid\/wp-content\/uploads\/sites\/2\/2026\/03\/Arteurbano_delosorigenesaBanksy_027-1380x920-1-266x177.jpg 266w, https:\/\/guiadelocio.es\/madrid\/wp-content\/uploads\/sites\/2\/2026\/03\/Arteurbano_delosorigenesaBanksy_027-1380x920-1.jpg 1380w\" sizes=\"(max-width: 695px) 100vw, 695px\" \/><\/p>\n<ul>\n<li><a href=\"https:\/\/guiadelocio.es\/madrid\/plan\/espacio-y-tiempo-exposicion-con-chillida-juan-munoz-o-picasso-entre-mas-de-40-creadores\/\" target=\"_blank\" rel=\"noopener\"><strong data-start=\"3271\" data-end=\"3330\">Espacio y tiempo. La escultura en la Colecci\u00f3n ABANCA. Exposici\u00f3n:<\/strong><\/a><br data-start=\"3330\" data-end=\"3333\" \/>La Galer\u00eda Casa de Am\u00e9rica-ABANCA acoge <em data-start=\"202\" data-end=\"220\">Espacio y tiempo<\/em>, una exposici\u00f3n que ofrece una visi\u00f3n panor\u00e1mica de la evoluci\u00f3n de la escultura desde finales del siglo XIX hasta la actualidad. La muestra re\u00fane 50 obras de 41 artistas, incluyendo Eduardo Chillida, Juan Mu\u00f1oz, Baltasar Lobo, Jorge Oteiza, Francisco Leiro, Susana Solano, Pablo Picasso o Juli\u00e3o Sarmento. El recorrido explora c\u00f3mo la escultura dialoga con las artes pl\u00e1sticas, su relaci\u00f3n con el espectador y su capacidad para transformar la percepci\u00f3n del espacio, integrando tambi\u00e9n obras pict\u00f3ricas de la Colecci\u00f3n ABANCA.<br data-start=\"3452\" data-end=\"3455\" \/><em data-start=\"3457\" data-end=\"3465\">Lugar:<\/em> Galer\u00eda Casa de Am\u00e9rica-ABANCA. C\/ Marqu\u00e9s del Duero, 2, 28010 Madrid.<br data-start=\"3493\" data-end=\"3496\" \/><em data-start=\"3498\" data-end=\"3506\">Fecha:<\/em> Del 4 de marzo al 23 de mayo de 2026.<br data-start=\"3528\" data-end=\"3531\" \/><strong data-start=\"3533\" data-end=\"3553\">Entrada gratuita.<\/strong><\/li>\n<\/ul>\n<p><img decoding=\"async\" class=\"wp-image-51112 aligncenter\" src=\"https:\/\/guiadelocio.es\/madrid\/wp-content\/uploads\/sites\/2\/2026\/03\/Juan-Munoz-e1772181706727-300x290.jpg\" alt=\"\" width=\"619\" height=\"598\" srcset=\"https:\/\/guiadelocio.es\/madrid\/wp-content\/uploads\/sites\/2\/2026\/03\/Juan-Munoz-e1772181706727-300x290.jpg 300w, https:\/\/guiadelocio.es\/madrid\/wp-content\/uploads\/sites\/2\/2026\/03\/Juan-Munoz-e1772181706727-207x200.jpg 207w, https:\/\/guiadelocio.es\/madrid\/wp-content\/uploads\/sites\/2\/2026\/03\/Juan-Munoz-e1772181706727.jpg 325w\" sizes=\"(max-width: 619px) 100vw, 619px\" \/><\/p>\n<ul>\n<li><a href=\"https:\/\/guiadelocio.es\/madrid\/plan\/tres-exposiciones-de-madrid-design-festival\/\" target=\"_blank\" rel=\"noopener\"><strong data-start=\"3271\" data-end=\"3330\">Madrid Design Festival 2026. Tres exposiciones principales:<\/strong><\/a><br data-start=\"3330\" data-end=\"3333\" \/>El teatro Fern\u00e1n G\u00f3mez. Centro Cultural de la Villa vuelve a ser la sede expositiva central de Madrid Design Festival y acoge tres grandes muestras que reivindican el dise\u00f1o como herramienta de transformaci\u00f3n social. La principal es <em data-start=\"388\" data-end=\"417\">Andr\u00e9 Ricard. Dise\u00f1o en uso<\/em>, una retrospectiva dedicada al pionero del dise\u00f1o industrial en Espa\u00f1a, autor de piezas ic\u00f3nicas como la antorcha ol\u00edmpica de Barcelona \u201992. Completan la propuesta <em data-start=\"582\" data-end=\"608\">Arte textil en Guatemala<\/em>, una exposici\u00f3n inmersiva sobre la vigencia del textil maya como lenguaje contempor\u00e1neo, y <em data-start=\"700\" data-end=\"725\">Manifiesto Mediterr\u00e1neo<\/em>, una colectiva que reflexiona sobre el legado y el futuro del Mediterr\u00e1neo a trav\u00e9s de la artesan\u00eda y la experimentaci\u00f3n material.<br data-start=\"3452\" data-end=\"3455\" \/><em data-start=\"3457\" data-end=\"3465\">Lugar:<\/em> Teatro Fern\u00e1n G\u00f3mez. Centro Cultural de la Villa. Plaza de Col\u00f3n, 4, 28001 Madrid.<br data-start=\"3493\" data-end=\"3496\" \/><em data-start=\"3498\" data-end=\"3506\">Fecha:<\/em> Hasta el 3 de mayo de 2026.<br data-start=\"3528\" data-end=\"3531\" \/><strong data-start=\"3533\" data-end=\"3553\">Entrada gratuita.<\/strong><\/li>\n<\/ul>\n<p><img decoding=\"async\" class=\"wp-image-51084 aligncenter\" src=\"https:\/\/guiadelocio.es\/madrid\/wp-content\/uploads\/sites\/2\/2026\/03\/lampara-Tatu_-fotografo-Enric-Badrinas-300x200.jpeg\" alt=\"\" width=\"699\" height=\"466\" srcset=\"https:\/\/guiadelocio.es\/madrid\/wp-content\/uploads\/sites\/2\/2026\/03\/lampara-Tatu_-fotografo-Enric-Badrinas-300x200.jpeg 300w, https:\/\/guiadelocio.es\/madrid\/wp-content\/uploads\/sites\/2\/2026\/03\/lampara-Tatu_-fotografo-Enric-Badrinas-1024x682.jpeg 1024w, https:\/\/guiadelocio.es\/madrid\/wp-content\/uploads\/sites\/2\/2026\/03\/lampara-Tatu_-fotografo-Enric-Badrinas-768x512.jpeg 768w, https:\/\/guiadelocio.es\/madrid\/wp-content\/uploads\/sites\/2\/2026\/03\/lampara-Tatu_-fotografo-Enric-Badrinas-640x426.jpeg 640w, https:\/\/guiadelocio.es\/madrid\/wp-content\/uploads\/sites\/2\/2026\/03\/lampara-Tatu_-fotografo-Enric-Badrinas-266x177.jpeg 266w, https:\/\/guiadelocio.es\/madrid\/wp-content\/uploads\/sites\/2\/2026\/03\/lampara-Tatu_-fotografo-Enric-Badrinas.jpeg 1094w\" sizes=\"(max-width: 699px) 100vw, 699px\" \/><\/p>\n<ul>\n<li><a href=\"https:\/\/guiadelocio.es\/madrid\/plan\/las-raices-de-la-ciencia-un-recorrido-por-la-historia-cientifica\/\" target=\"_blank\" rel=\"noopener\"><strong data-start=\"3271\" data-end=\"3330\">Las ra\u00edces de la ciencia. Exposici\u00f3n:<\/strong><\/a><br data-start=\"3330\" data-end=\"3333\" \/>El IES San Isidro acoge <em data-start=\"151\" data-end=\"177\">Las ra\u00edces de la ciencia<\/em>, una exposici\u00f3n que recorre la historia cient\u00edfica y educativa de Madrid y Espa\u00f1a a trav\u00e9s de instrumentos hist\u00f3ricos del antiguo Gabinete de F\u00edsica y Qu\u00edmica del centro, hoy conservados en el Museo Nacional de Ciencia y Tecnolog\u00eda (MUNCYT). La muestra permite descubrir c\u00f3mo se ense\u00f1aban la f\u00edsica y la qu\u00edmica durante siglos y reflexiona sobre el papel de la ciencia como motor de conocimiento y progreso. Ubicada en la capilla de los Reales Estudios, el montaje propicia adem\u00e1s un di\u00e1logo singular entre ciencia, arte, historia y religi\u00f3n en uno de los espacios patrimoniales m\u00e1s emblem\u00e1ticos de la ciudad.<br data-start=\"3452\" data-end=\"3455\" \/><em data-start=\"3457\" data-end=\"3465\">Lugar:<\/em> IES San Isidro. Calle Toledo, 39, 28005 Madrid.<br data-start=\"3493\" data-end=\"3496\" \/><em data-start=\"3498\" data-end=\"3506\">Fecha:<\/em> Del 19 de enero al 21 de junio de 2026.<br data-start=\"3528\" data-end=\"3531\" \/><strong data-start=\"3533\" data-end=\"3553\">Entrada gratuita.<\/strong><\/li>\n<\/ul>\n<p><img decoding=\"async\" class=\"wp-image-51087 aligncenter\" src=\"https:\/\/guiadelocio.es\/madrid\/wp-content\/uploads\/sites\/2\/2026\/03\/Exposicion.002-300x225-1.jpg\" alt=\"\" width=\"695\" height=\"521\" srcset=\"https:\/\/guiadelocio.es\/madrid\/wp-content\/uploads\/sites\/2\/2026\/03\/Exposicion.002-300x225-1.jpg 300w, https:\/\/guiadelocio.es\/madrid\/wp-content\/uploads\/sites\/2\/2026\/03\/Exposicion.002-300x225-1-266x200.jpg 266w\" sizes=\"(max-width: 695px) 100vw, 695px\" \/><\/p>\n<ul>\n<li><a href=\"https:\/\/guiadelocio.es\/madrid\/plan\/exposicion-de-eduardo-chillida-retrospectiva-con-mas-de-un-centenar-de-obras\/\" target=\"_blank\" rel=\"noopener\"><strong data-start=\"3271\" data-end=\"3330\">Eduardo Chillida. So\u00f1ar el espacio. Exposici\u00f3n:<\/strong><\/a><br data-start=\"3330\" data-end=\"3333\" \/>La Sala 1 de Exposiciones de Conde Duque presenta <em data-start=\"193\" data-end=\"229\">Eduardo Chillida. So\u00f1ar el espacio<\/em>, una gran retrospectiva que re\u00fane 102 obras del escultor vasco, figura clave del arte del siglo XX. La muestra recorre su trayectoria a trav\u00e9s de esculturas, obra gr\u00e1fica, dibujos, collages y retratos, poniendo el foco en su exploraci\u00f3n del espacio, la materia y la forma. Desde piezas de peque\u00f1o formato hasta trabajos vinculados a series como <em data-start=\"575\" data-end=\"590\">Gravitaciones<\/em>, el recorrido permite adentrarse en el pensamiento pl\u00e1stico de un creador cuya obra combina fuerza formal y dimensi\u00f3n po\u00e9tica.<br data-start=\"3452\" data-end=\"3455\" \/><em data-start=\"3457\" data-end=\"3465\">Lugar:<\/em> Centro Conde Duque, Sala 1 de Exposiciones. Calle Conde Duque, 9, 28015 Madrid..<br data-start=\"3493\" data-end=\"3496\" \/><em data-start=\"3498\" data-end=\"3506\">Fecha:<\/em> Del 17 de febrero al 21 de junio de 2026.<br data-start=\"3528\" data-end=\"3531\" \/><strong data-start=\"3533\" data-end=\"3553\">Entrada gratuita.<\/strong><\/li>\n<\/ul>\n<p><img decoding=\"async\" class=\"wp-image-51090 aligncenter\" src=\"https:\/\/guiadelocio.es\/madrid\/wp-content\/uploads\/sites\/2\/2026\/03\/Eduardo-Chillida-1376x920-1-300x201.jpeg\" alt=\"\" width=\"696\" height=\"466\" srcset=\"https:\/\/guiadelocio.es\/madrid\/wp-content\/uploads\/sites\/2\/2026\/03\/Eduardo-Chillida-1376x920-1-300x201.jpeg 300w, https:\/\/guiadelocio.es\/madrid\/wp-content\/uploads\/sites\/2\/2026\/03\/Eduardo-Chillida-1376x920-1-1024x685.jpeg 1024w, https:\/\/guiadelocio.es\/madrid\/wp-content\/uploads\/sites\/2\/2026\/03\/Eduardo-Chillida-1376x920-1-768x513.jpeg 768w, https:\/\/guiadelocio.es\/madrid\/wp-content\/uploads\/sites\/2\/2026\/03\/Eduardo-Chillida-1376x920-1-640x428.jpeg 640w, https:\/\/guiadelocio.es\/madrid\/wp-content\/uploads\/sites\/2\/2026\/03\/Eduardo-Chillida-1376x920-1-266x178.jpeg 266w, https:\/\/guiadelocio.es\/madrid\/wp-content\/uploads\/sites\/2\/2026\/03\/Eduardo-Chillida-1376x920-1.jpeg 1376w\" sizes=\"(max-width: 696px) 100vw, 696px\" \/><\/p>\n<ul>\n<li><a href=\"https:\/\/guiadelocio.es\/madrid\/plan\/exposicion-fotografica-the-animals-gran-formato-en-la-fachada-de-nave-15\/\" target=\"_blank\" rel=\"noopener\"><strong data-start=\"3271\" data-end=\"3330\">The Animals. Exposici\u00f3n fotogr\u00e1fica:<\/strong><\/a><br data-start=\"3330\" data-end=\"3333\" \/>La fachada de Nave 15 en Matadero Madrid acoge <em data-start=\"194\" data-end=\"207\">The Animals<\/em>, una muestra de gran formato con retratos de animales realizados por la fot\u00f3grafa y activista Estela de Castro. La exposici\u00f3n re\u00fane 22 im\u00e1genes seleccionadas de su libro hom\u00f3nimo, fruto de un proyecto desarrollado durante dos a\u00f1os en santuarios y centros de rescate. A trav\u00e9s de un potente uso del claroscuro y el fondo negro, la artista da visibilidad a animales rescatados del maltrato, invitando a reflexionar sobre nuestra relaci\u00f3n con ellos y utilizando el retrato como herramienta de conciencia social.<br data-start=\"3452\" data-end=\"3455\" \/><em data-start=\"3457\" data-end=\"3465\">Lugar:<\/em> Nave 15, Plaza Matadero. Madrid.<br data-start=\"3493\" data-end=\"3496\" \/><em data-start=\"3498\" data-end=\"3506\">Fecha:<\/em> Hasta junio de 2026.<br data-start=\"3528\" data-end=\"3531\" \/><strong data-start=\"3533\" data-end=\"3553\">Entrada gratuita.<\/strong><\/li>\n<\/ul>\n<p><img decoding=\"async\" class=\"wp-image-51080 aligncenter\" src=\"https:\/\/guiadelocio.es\/madrid\/wp-content\/uploads\/sites\/2\/2026\/03\/the_animals_estela_de_castro_matadero_06-666x1000-1-613x920-1-200x300.jpg\" alt=\"\" width=\"468\" height=\"702\" srcset=\"https:\/\/guiadelocio.es\/madrid\/wp-content\/uploads\/sites\/2\/2026\/03\/the_animals_estela_de_castro_matadero_06-666x1000-1-613x920-1-200x300.jpg 200w, https:\/\/guiadelocio.es\/madrid\/wp-content\/uploads\/sites\/2\/2026\/03\/the_animals_estela_de_castro_matadero_06-666x1000-1-613x920-1-288x432.jpg 288w, https:\/\/guiadelocio.es\/madrid\/wp-content\/uploads\/sites\/2\/2026\/03\/the_animals_estela_de_castro_matadero_06-666x1000-1-613x920-1-133x200.jpg 133w, https:\/\/guiadelocio.es\/madrid\/wp-content\/uploads\/sites\/2\/2026\/03\/the_animals_estela_de_castro_matadero_06-666x1000-1-613x920-1.jpg 613w\" sizes=\"(max-width: 468px) 100vw, 468px\" \/><\/p>\n<p>&nbsp;<\/p>\n<ul>\n<li><strong data-start=\"3271\" data-end=\"3330\">Transitar el siglo XX. Dibujo y escultura en las Colecciones ICO. Exposici\u00f3n:<\/strong><br data-start=\"3330\" data-end=\"3333\" \/>El Museo ICO presenta Transitar el siglo XX, una exposici\u00f3n que recorre la evoluci\u00f3n del arte del siglo pasado a trav\u00e9s del dibujo y la escultura. La muestra re\u00fane obras de 34 creadores, desde las primeras vanguardias como el cubismo hasta la contemporaneidad, con nombres clave como Picasso, Julio Gonz\u00e1lez, Juan Gris, Chillida, Oteiza, Carmen Laff\u00f3n, Miquel Barcel\u00f3 o Susana Solano. El recorrido propone un di\u00e1logo entre el trazo y el volumen que permite comprender c\u00f3mo los cambios sociales, pol\u00edticos y est\u00e9ticos influyeron en la forma, el espacio y los materiales a lo largo del siglo XX.<br data-start=\"3452\" data-end=\"3455\" \/><em data-start=\"3457\" data-end=\"3465\">Lugar:<\/em> Museo ICO. Calle de Zorrilla, 3, Centro, 28014 Madrid.<br data-start=\"3493\" data-end=\"3496\" \/><em data-start=\"3498\" data-end=\"3506\">Fecha:<\/em> Del 10 de febrero al 10 de mayo de 2026.<br data-start=\"3528\" data-end=\"3531\" \/><a href=\"https:\/\/www.fundacionico.es\/web\/guest\/pr%C3%B3xima-exposicion\" target=\"_blank\" rel=\"noopener\"><strong data-start=\"3533\" data-end=\"3553\">Entrada gratuita.<\/strong><\/a><\/li>\n<\/ul>\n<p><img decoding=\"async\" class=\"wp-image-49756 aligncenter\" src=\"https:\/\/guiadelocio.es\/madrid\/wp-content\/uploads\/sites\/2\/2026\/02\/destacado-300x242.jpg\" alt=\"\" width=\"697\" height=\"562\" srcset=\"https:\/\/guiadelocio.es\/madrid\/wp-content\/uploads\/sites\/2\/2026\/02\/destacado-300x242.jpg 300w, https:\/\/guiadelocio.es\/madrid\/wp-content\/uploads\/sites\/2\/2026\/02\/destacado-537x432.jpg 537w, https:\/\/guiadelocio.es\/madrid\/wp-content\/uploads\/sites\/2\/2026\/02\/destacado-248x200.jpg 248w, https:\/\/guiadelocio.es\/madrid\/wp-content\/uploads\/sites\/2\/2026\/02\/destacado.jpg 590w\" sizes=\"(max-width: 697px) 100vw, 697px\" \/><\/p>\n<ul>\n<li><a href=\"https:\/\/guiadelocio.es\/madrid\/plan\/escaparatismos-una-mirada-artistica-a-las-fachadas-comerciales-y-la-ciudad\/\" target=\"_blank\" rel=\"noopener\"><strong data-start=\"3271\" data-end=\"3330\">Escaparatismos: una mirada art\u00edstica a las fachadas comerciales y la ciudad. Exposici\u00f3n:<\/strong><\/a><br data-start=\"3330\" data-end=\"3333\" \/>\n<p data-start=\"167\" data-end=\"555\">La exposici\u00f3n <em data-start=\"181\" data-end=\"197\">Escaparatismos<\/em> ofrece un recorrido por la evoluci\u00f3n de los escaparates y fachadas comerciales como elementos clave de la identidad urbana. La muestra analiza c\u00f3mo estos espacios han reflejado los cambios sociales, econ\u00f3micos y pol\u00edticos de la ciudad a lo largo de las \u00faltimas d\u00e9cadas, desde el comercio tradicional hasta las tendencias contempor\u00e1neas de homogeneizaci\u00f3n. Entre los artistas presentes se encuentran Alfredo Alcain, Amalia Avia, C\u00e9sar Lucas, Gerardo Vielba, \u00c1ngel Sanz, Boris Savelev y Amy Chang, quienes exploran los escaparates como s\u00edmbolos del cambio urbano desde diversas disciplinas art\u00edsticas.<\/p>\n<p><em data-start=\"3457\" data-end=\"3465\">Lugar:<\/em> Museo Municipal de Arte Contempor\u00e1neo: C. del Conde Duque, 9, Centro, 28015 Madrid.<br data-start=\"3493\" data-end=\"3496\" \/><em data-start=\"3498\" data-end=\"3506\">Fecha:<\/em> Del 21 de noviembre de 2025 al 31 de mayo de 2026.<br data-start=\"3528\" data-end=\"3531\" \/><strong data-start=\"3533\" data-end=\"3553\">Entrada gratuita.<\/strong><\/li>\n<\/ul>\n<p><img decoding=\"async\" class=\"wp-image-51120 aligncenter\" src=\"https:\/\/guiadelocio.es\/madrid\/wp-content\/uploads\/sites\/2\/2026\/03\/escaparatismos_0-1-300x152.jpg\" alt=\"\" width=\"697\" height=\"353\" srcset=\"https:\/\/guiadelocio.es\/madrid\/wp-content\/uploads\/sites\/2\/2026\/03\/escaparatismos_0-1-300x152.jpg 300w, https:\/\/guiadelocio.es\/madrid\/wp-content\/uploads\/sites\/2\/2026\/03\/escaparatismos_0-1-640x325.jpg 640w, https:\/\/guiadelocio.es\/madrid\/wp-content\/uploads\/sites\/2\/2026\/03\/escaparatismos_0-1-266x135.jpg 266w, https:\/\/guiadelocio.es\/madrid\/wp-content\/uploads\/sites\/2\/2026\/03\/escaparatismos_0-1.jpg 660w\" sizes=\"(max-width: 697px) 100vw, 697px\" \/><\/p>\n<ul>\n<li><strong data-start=\"3271\" data-end=\"3330\">Hotel del artefacto expoliado. Exposici\u00f3n:<\/strong><br data-start=\"3330\" data-end=\"3333\" \/>El <strong>Museo Nacional de Antropolog\u00eda<\/strong> presenta<strong> <em data-start=\"183\" data-end=\"214\">Hotel del artefacto expoliado<\/em><\/strong>, una exposici\u00f3n de la artista <strong>Agnes Essonti<\/strong> incluida en el programa del 150\u00ba aniversario del museo. La muestra reflexiona sobre la restituci\u00f3n de artefactos expoliados, especialmente aquellos que originalmente tuvieron funciones m\u00e1gicas, espirituales y comunitarias. A trav\u00e9s de im\u00e1genes y objetos que dialogan con las colecciones del museo y con piezas creadas por la propia artista, la exposici\u00f3n propone una mirada cr\u00edtica desde la perspectiva de la afrodescendencia y los v\u00ednculos con \u00c1frica central, cuestionando las formas de comunicaci\u00f3n, memoria e identidad construidas en el \u00e1mbito muse\u00edstico.<br data-start=\"3452\" data-end=\"3455\" \/><em data-start=\"3457\" data-end=\"3465\">Lugar:<\/em> Museo Nacional de Antropolog\u00eda. Calle Alfonso XII, 68, Paseo del Arte, 28014 Madrid.<br data-start=\"3493\" data-end=\"3496\" \/><em data-start=\"3498\" data-end=\"3506\">Fecha:<\/em> Del 6 de febrero al 24 de mayo de 2026.<br data-start=\"3528\" data-end=\"3531\" \/><a href=\"https:\/\/www.cultura.gob.es\/mnantropologia\/actividades\/agenda\/2026\/expotemporales2026\/hotel.html\" target=\"_blank\" rel=\"noopener\"><strong data-start=\"3533\" data-end=\"3553\">Entrada gratuita.<\/strong><\/a><\/li>\n<\/ul>\n<p><img decoding=\"async\" class=\"wp-image-49758 aligncenter\" src=\"https:\/\/guiadelocio.es\/madrid\/wp-content\/uploads\/sites\/2\/2026\/02\/hacerse-cargo-300x200.jpg\" alt=\"\" width=\"698\" height=\"465\" srcset=\"https:\/\/guiadelocio.es\/madrid\/wp-content\/uploads\/sites\/2\/2026\/02\/hacerse-cargo-300x200.jpg 300w, https:\/\/guiadelocio.es\/madrid\/wp-content\/uploads\/sites\/2\/2026\/02\/hacerse-cargo-768x511.jpg 768w, https:\/\/guiadelocio.es\/madrid\/wp-content\/uploads\/sites\/2\/2026\/02\/hacerse-cargo-640x426.jpg 640w, https:\/\/guiadelocio.es\/madrid\/wp-content\/uploads\/sites\/2\/2026\/02\/hacerse-cargo-266x177.jpg 266w, https:\/\/guiadelocio.es\/madrid\/wp-content\/uploads\/sites\/2\/2026\/02\/hacerse-cargo.jpg 864w\" sizes=\"(max-width: 698px) 100vw, 698px\" \/><\/p>\n<ul>\n<li><a href=\"https:\/\/guiadelocio.es\/madrid\/plan\/wunderkammer-de-ana-juan-en-centrocentro\/\" target=\"_blank\" rel=\"noopener\"><strong data-start=\"3271\" data-end=\"3330\">Wunderkammer. Exposici\u00f3n:<\/strong><\/a><br data-start=\"3330\" data-end=\"3333\" \/>La exposici\u00f3n <strong data-start=\"14\" data-end=\"32\">\u201cWunderkammer\u201d<\/strong> de <strong data-start=\"36\" data-end=\"48\">Ana Juan<\/strong>, en la planta 5 de CentroCentro, re\u00fane sus \u00faltimos trabajos y refleja su trayectoria como ilustradora y referente del dibujo contempor\u00e1neo, creando un espacio de <strong data-start=\"245\" data-end=\"265\">proceso creativo<\/strong> donde construye su propio universo lleno de <strong data-start=\"310\" data-end=\"341\">seres y figuras imaginarias<\/strong> que interact\u00faan y generan historias conectadas; utilizando principalmente <strong data-start=\"416\" data-end=\"446\">dibujo cl\u00e1sico sobre papel<\/strong> y explorando <strong data-start=\"460\" data-end=\"485\">escultura y animaci\u00f3n<\/strong>, combina virtuosismo t\u00e9cnico con lenguajes contempor\u00e1neos en una muestra <strong data-start=\"559\" data-end=\"610\">seductora, inquietante y llena de interrogantes<\/strong>, que invita al visitante a <strong data-start=\"638\" data-end=\"689\">mirar, descubrir y crear sus propias conexiones<\/strong> entre las obras.<br data-start=\"3493\" data-end=\"3496\" \/><em data-start=\"3498\" data-end=\"3506\">Lugar y Fecha:<\/em> CentroCentro: Plaza de Cibeles 1, 28014 Marid. Hasta el 3 de mayo<br data-start=\"3528\" data-end=\"3531\" \/><a href=\"https:\/\/www.centrocentro.org\/exposicion\/ana-juan\" target=\"_blank\" rel=\"noopener\"><strong data-start=\"3533\" data-end=\"3553\">Entrada gratuita.<\/strong><\/a><\/li>\n<\/ul>\n<p><img decoding=\"async\" class=\"wp-image-49760 aligncenter\" src=\"https:\/\/guiadelocio.es\/madrid\/wp-content\/uploads\/sites\/2\/2026\/02\/wunderkammer-2-300x152.jpg\" alt=\"\" width=\"691\" height=\"350\" srcset=\"https:\/\/guiadelocio.es\/madrid\/wp-content\/uploads\/sites\/2\/2026\/02\/wunderkammer-2-300x152.jpg 300w, https:\/\/guiadelocio.es\/madrid\/wp-content\/uploads\/sites\/2\/2026\/02\/wunderkammer-2-640x325.jpg 640w, https:\/\/guiadelocio.es\/madrid\/wp-content\/uploads\/sites\/2\/2026\/02\/wunderkammer-2-266x135.jpg 266w, https:\/\/guiadelocio.es\/madrid\/wp-content\/uploads\/sites\/2\/2026\/02\/wunderkammer-2.jpg 660w\" sizes=\"(max-width: 691px) 100vw, 691px\" \/><\/p>\n<ul>\n<li><strong data-start=\"3271\" data-end=\"3330\"><a href=\"https:\/\/guiadelocio.es\/madrid\/plan\/madrid-musa-de-las-letras-una-exposicion-que-rinde-homenaje-a-la-ciudad-literaria\/\" target=\"_blank\" rel=\"noopener\"><span>Madrid, Musa de las Letras. Exposici\u00f3n<\/span><\/a>:<\/strong><br data-start=\"3330\" data-end=\"3333\" \/>Hasta el 31 de diciembre de 2025, el Espacio Cultural Serrer\u00eda Belga acoge <em data-start=\"121\" data-end=\"149\">Madrid, Musa de las Letras<\/em>, una exposici\u00f3n dedicada al papel de Madrid como escenario literario y fuente de inspiraci\u00f3n para grandes autores. El recorrido homenajea a figuras como Cervantes, Lope de Vega, Gald\u00f3s, Pardo Baz\u00e1n, Lorca o Valle-Incl\u00e1n, y sit\u00faa al Barrio de las Letras como epicentro del patrimonio literario de la ciudad.<br data-start=\"3452\" data-end=\"3455\" \/><em data-start=\"3457\" data-end=\"3465\">Lugar:<\/em> Espacio Cultural Serrer\u00eda Belga: Calle de la Alameda 15, Centro, 28014 Madrid.<br data-start=\"3493\" data-end=\"3496\" \/><em data-start=\"3498\" data-end=\"3506\">Fecha:<\/em> Hasta junio 2026.<br data-start=\"3528\" data-end=\"3531\" \/><a href=\"https:\/\/www.serreria-belga.es\/actividades\/madrid-musa-de-las-letras\" target=\"_blank\" rel=\"noopener\"><strong data-start=\"3533\" data-end=\"3553\">Entrada gratuita.<\/strong><\/a><\/li>\n<\/ul>\n<p><img decoding=\"async\" class=\"wp-image-43171 aligncenter\" src=\"https:\/\/guiadelocio.es\/madrid\/wp-content\/uploads\/sites\/2\/2025\/07\/Musa-de-las-Letras-ok_0.jpg-1-300x169.webp\" alt=\"\" width=\"659\" height=\"371\" srcset=\"https:\/\/guiadelocio.es\/madrid\/wp-content\/uploads\/sites\/2\/2025\/07\/Musa-de-las-Letras-ok_0.jpg-1-300x169.webp 300w, https:\/\/guiadelocio.es\/madrid\/wp-content\/uploads\/sites\/2\/2025\/07\/Musa-de-las-Letras-ok_0.jpg-1-1024x576.webp 1024w, https:\/\/guiadelocio.es\/madrid\/wp-content\/uploads\/sites\/2\/2025\/07\/Musa-de-las-Letras-ok_0.jpg-1-768x432.webp 768w, https:\/\/guiadelocio.es\/madrid\/wp-content\/uploads\/sites\/2\/2025\/07\/Musa-de-las-Letras-ok_0.jpg-1-640x360.webp 640w, https:\/\/guiadelocio.es\/madrid\/wp-content\/uploads\/sites\/2\/2025\/07\/Musa-de-las-Letras-ok_0.jpg-1-266x150.webp 266w, https:\/\/guiadelocio.es\/madrid\/wp-content\/uploads\/sites\/2\/2025\/07\/Musa-de-las-Letras-ok_0.jpg-1.webp 1280w\" sizes=\"(max-width: 659px) 100vw, 659px\" \/><\/p>\n<p>&nbsp;<\/p>\n<ul>\n<li><strong data-start=\"6193\" data-end=\"6238\"><a href=\"https:\/\/guiadelocio.es\/madrid\/plan\/descubre-la-exposicion-naturaleza-de-asfalto-madrid-hiperrealista-de-jose-miguel-palacio\/\" target=\"_blank\" rel=\"noopener\"><span>Naturaleza de asfalto. Madrid hiperrealista. Exposici\u00f3n<\/span><\/a>:<\/strong><br data-start=\"6238\" data-end=\"6241\" \/>El Museo de Historia de Madrid presenta <em data-start=\"231\" data-end=\"276\">Naturaleza de asfalto. Madrid hiperrealista<\/em>, una exposici\u00f3n de Jos\u00e9 Miguel Palacio que re\u00fane cerca de 70 obras entre pinturas y esculturas. La muestra propone un recorrido por un Madrid reconocible y sorprendente, donde la monumentalidad arquitect\u00f3nica convive con escenas cotidianas y detalles urbanos que suelen pasar desapercibidos. Organizada en cuatro salas tem\u00e1ticas, la exposici\u00f3n invita a redescubrir la ciudad a trav\u00e9s de una mirada hiperrealista que transforma el bullicio urbano en una experiencia de contemplaci\u00f3n silenciosa.<br data-start=\"6360\" data-end=\"6363\" \/><em data-start=\"6365\" data-end=\"6373\">Lugar:<\/em> Museo de Historia de Madrid, Sala de Exposiciones Temporales. Calle Fuencarral, 78, Centro, 28004 Madrid<br data-start=\"6463\" data-end=\"6466\" \/><em data-start=\"6468\" data-end=\"6476\">Fecha:<\/em> Hasta el 24 de mayo de 2026.<br data-start=\"6496\" data-end=\"6499\" \/><em data-start=\"6552\" data-end=\"6566\">Inscripci\u00f3n:<\/em> Gratis hasta completar aforo.<br data-start=\"6606\" data-end=\"6609\" \/><strong data-start=\"6611\" data-end=\"6631\">Entrada gratuita<\/strong>.<\/li>\n<\/ul>\n<p><img decoding=\"async\" class=\"wp-image-48974 aligncenter\" src=\"https:\/\/guiadelocio.es\/madrid\/wp-content\/uploads\/sites\/2\/2026\/01\/naturaleza_de_asfalto-300x152.png\" alt=\"\" width=\"669\" height=\"339\" srcset=\"https:\/\/guiadelocio.es\/madrid\/wp-content\/uploads\/sites\/2\/2026\/01\/naturaleza_de_asfalto-300x152.png 300w, https:\/\/guiadelocio.es\/madrid\/wp-content\/uploads\/sites\/2\/2026\/01\/naturaleza_de_asfalto-640x325.png 640w, https:\/\/guiadelocio.es\/madrid\/wp-content\/uploads\/sites\/2\/2026\/01\/naturaleza_de_asfalto-266x135.png 266w, https:\/\/guiadelocio.es\/madrid\/wp-content\/uploads\/sites\/2\/2026\/01\/naturaleza_de_asfalto.png 660w\" sizes=\"(max-width: 669px) 100vw, 669px\" \/><\/p>\n<ul data-start=\"3269\" data-end=\"9476\">\n<li><strong data-start=\"6193\" data-end=\"6238\"><a href=\"https:\/\/guiadelocio.es\/madrid\/plan\/andrea-canepa-en-el-palacio-de-cristal-del-retiro-con-su-obra-fardo\/\" target=\"_blank\" rel=\"noopener\"><span>Fardo. Andrea Canepa. Intervenci\u00f3n art\u00edstica<\/span><\/a>:<\/strong><br data-start=\"6238\" data-end=\"6241\" \/>El Palacio de Cristal del Parque de El Retiro acoge <em data-start=\"237\" data-end=\"244\">Fardo<\/em>, la intervenci\u00f3n de la artista peruana Andrea Canepa realizada sobre la lona que cubre temporalmente el edificio durante sus trabajos de restauraci\u00f3n. La propuesta transforma la arquitectura de hierro y vidrio en un relato visual inspirado en los fardos textiles de la cultura precolombina de Paracas y en los rituales ancestrales de envoltura funeraria. A trav\u00e9s de una secuencia de cubrir y descubrir textiles, la obra invita a reflexionar sobre la memoria, la identidad colectiva y los sistemas culturales que configuran nuestra forma de habitar el mundo.<br data-start=\"6360\" data-end=\"6363\" \/><em data-start=\"6365\" data-end=\"6373\">Lugar:<\/em> Palacio de Cristal, Parque de El Retiro. Madrid<br data-start=\"6463\" data-end=\"6466\" \/><em data-start=\"6468\" data-end=\"6476\">Fecha:<\/em> Del 13 de enero de 2026 al 1 de enero de 2027.<br data-start=\"6496\" data-end=\"6499\" \/><em data-start=\"6552\" data-end=\"6566\">Inscripci\u00f3n:<\/em> Gratis hasta completar aforo.<br data-start=\"6606\" data-end=\"6609\" \/><strong data-start=\"6611\" data-end=\"6631\">Entrada gratuita<\/strong>.<\/li>\n<\/ul>\n<p><img decoding=\"async\" class=\"wp-image-48977 aligncenter\" src=\"https:\/\/guiadelocio.es\/madrid\/wp-content\/uploads\/sites\/2\/2026\/01\/fardo-300x152.jpg\" alt=\"\" width=\"687\" height=\"348\" srcset=\"https:\/\/guiadelocio.es\/madrid\/wp-content\/uploads\/sites\/2\/2026\/01\/fardo-300x152.jpg 300w, https:\/\/guiadelocio.es\/madrid\/wp-content\/uploads\/sites\/2\/2026\/01\/fardo-640x325.jpg 640w, https:\/\/guiadelocio.es\/madrid\/wp-content\/uploads\/sites\/2\/2026\/01\/fardo-266x135.jpg 266w, https:\/\/guiadelocio.es\/madrid\/wp-content\/uploads\/sites\/2\/2026\/01\/fardo.jpg 660w\" sizes=\"(max-width: 687px) 100vw, 687px\" \/><\/p>\n<ul data-start=\"3269\" data-end=\"9476\">\n<li data-start=\"5349\" data-end=\"5702\"><a href=\"https:\/\/guiadelocio.es\/madrid\/plan\/vuelven-las-noches-del-thyssen-para-disfrutar-gratis-del-museo\/\" target=\"_blank\" rel=\"noopener\"><strong data-start=\"6193\" data-end=\"6238\">Plan de los s\u00e1bados por la noche: Museo Thyssen:<\/strong><\/a><br data-start=\"6238\" data-end=\"6241\" \/>Visita al museo y sus colecciones en un ambiente nocturno. Obras de pintores cl\u00e1sicos e impresionistas.<br data-start=\"6360\" data-end=\"6363\" \/><em data-start=\"6365\" data-end=\"6373\">Lugar:<\/em> Museo Thyssen (Paseo del Prado, 8. Metro: Banco de Espa\u00f1a L2)<br data-start=\"6463\" data-end=\"6466\" \/><em data-start=\"6468\" data-end=\"6476\">Fecha:<\/em> Todos los s\u00e1bados de 21:00 a 23:00.<br data-start=\"6496\" data-end=\"6499\" \/><em data-start=\"6552\" data-end=\"6566\">Inscripci\u00f3n:<\/em> Gratis hasta completar aforo.<br data-start=\"6606\" data-end=\"6609\" \/><strong data-start=\"6611\" data-end=\"6631\">Entrada gratuita<\/strong>.<\/li>\n<\/ul>\n<p><img decoding=\"async\" class=\"wp-image-51102 aligncenter\" src=\"https:\/\/guiadelocio.es\/madrid\/wp-content\/uploads\/sites\/2\/2026\/03\/nochesthyssen-300x203.png\" alt=\"\" width=\"696\" height=\"471\" srcset=\"https:\/\/guiadelocio.es\/madrid\/wp-content\/uploads\/sites\/2\/2026\/03\/nochesthyssen-300x203.png 300w, https:\/\/guiadelocio.es\/madrid\/wp-content\/uploads\/sites\/2\/2026\/03\/nochesthyssen-768x521.png 768w, https:\/\/guiadelocio.es\/madrid\/wp-content\/uploads\/sites\/2\/2026\/03\/nochesthyssen-637x432.png 637w, https:\/\/guiadelocio.es\/madrid\/wp-content\/uploads\/sites\/2\/2026\/03\/nochesthyssen-266x180.png 266w, https:\/\/guiadelocio.es\/madrid\/wp-content\/uploads\/sites\/2\/2026\/03\/nochesthyssen.png 864w\" sizes=\"(max-width: 696px) 100vw, 696px\" \/><\/p>\n<ul data-start=\"3269\" data-end=\"9476\">\n<li><strong data-start=\"6193\" data-end=\"6238\"><a href=\"https:\/\/guiadelocio.es\/madrid\/plan\/pasaporte-de-los-museos-de-metro-de-madrid-un-viaje-cultural-subterraneo\/\" target=\"_blank\" rel=\"noopener\"><span>Pasaporte de los Museos de Metro<\/span><\/a>:<\/strong><br data-start=\"6238\" data-end=\"6241\" \/>Recorrido por los ocho museos del Metro de Madrid. Los visitantes recibir\u00e1n sellos o selfis para completar su pasaporte y obtener una recompensa.<br data-start=\"6360\" data-end=\"6363\" \/><em data-start=\"6365\" data-end=\"6373\">Lugar:<\/em> Estaci\u00f3n de Chamber\u00ed, Nave de Motores, Exposici\u00f3n de trenes hist\u00f3ricos de Chamart\u00edn, y otros museos de Metro<br data-start=\"6463\" data-end=\"6466\" \/><em data-start=\"6468\" data-end=\"6476\">Fecha:<\/em> Fechas abiertas.<br data-start=\"6496\" data-end=\"6499\" \/><a href=\"https:\/\/www.metromadrid.es\/es\/pasaportemuseos\" target=\"_blank\" rel=\"noopener\"><strong data-start=\"6611\" data-end=\"6631\">Entrada gratuita<\/strong><\/a> (con reserva previa).<\/li>\n<\/ul>\n<p><img decoding=\"async\" class=\"wp-image-37848 aligncenter\" src=\"https:\/\/guiadelocio.es\/madrid\/wp-content\/uploads\/sites\/2\/2025\/03\/pasaporte-300x152.jpg\" alt=\"\" width=\"657\" height=\"333\" srcset=\"https:\/\/guiadelocio.es\/madrid\/wp-content\/uploads\/sites\/2\/2025\/03\/pasaporte-300x152.jpg 300w, https:\/\/guiadelocio.es\/madrid\/wp-content\/uploads\/sites\/2\/2025\/03\/pasaporte-640x325.jpg 640w, https:\/\/guiadelocio.es\/madrid\/wp-content\/uploads\/sites\/2\/2025\/03\/pasaporte-266x135.jpg 266w, https:\/\/guiadelocio.es\/madrid\/wp-content\/uploads\/sites\/2\/2025\/03\/pasaporte.jpg 660w\" sizes=\"(max-width: 657px) 100vw, 657px\" \/><\/p>\n<p>&nbsp;<\/p>\n<h2 data-start=\"10415\" data-end=\"10455\">III. Actividades infantiles y juveniles<\/h2>\n<h3 data-start=\"9526\" data-end=\"9570\"><strong data-start=\"9530\" data-end=\"9568\">Ciclo de cine familiar: Cine, criaturas y aventuras<\/strong><\/h3>\n<p data-start=\"9571\" data-end=\"9670\">Un ciclo para disfrutar en familia, aprender jugando y descubrir que cuidar la Tierra es la mejor aventura de todas:<\/p>\n<ul>\n<li><strong>Un dia al mes, hasta junio (todas a las 12:00h)<\/strong>\n<ul>\n<li><em><strong>Ozzy: <\/strong><\/em>15 de marzo<\/li>\n<li><em><strong>Johnny Puff: Misi\u00f3n secreta: <\/strong><\/em>19 de abril<\/li>\n<li><em><strong>Supergusano: <\/strong><\/em>10 de mayo<\/li>\n<li><em><strong>Selecci\u00f3n canina: <\/strong><\/em>07 de junio<\/li>\n<\/ul>\n<\/li>\n<\/ul>\n<ul data-start=\"9671\" data-end=\"10408\">\n<li data-start=\"10101\" data-end=\"10408\"><em data-start=\"10192\" data-end=\"10200\">Lugar:<\/em> Fundaci\u00f3n Casa de Mexico en Espa\u00f1a.<br data-start=\"10294\" data-end=\"10297\" \/><em data-start=\"10299\" data-end=\"10309\">Horario:<\/em> 12:00.<br data-start=\"10322\" data-end=\"10325\" \/><a href=\"https:\/\/www.casademexico.es\/cine-en-casa-de-mexico\/ciclo-de-cine-familiar-cine-criaturas-y-aventuras\/\" target=\"_blank\" rel=\"noopener\"><strong data-start=\"10327\" data-end=\"10351\">Inscripci\u00f3n gratuita<\/strong>.<\/a><\/li>\n<\/ul>\n<p><img decoding=\"async\" class=\"wp-image-48981 aligncenter\" src=\"https:\/\/guiadelocio.es\/madrid\/wp-content\/uploads\/sites\/2\/2026\/01\/cine_ciclo-familiar_cine_-criaturas-y-aventuras-1110x478-1-300x129.webp\" alt=\"\" width=\"698\" height=\"300\" srcset=\"https:\/\/guiadelocio.es\/madrid\/wp-content\/uploads\/sites\/2\/2026\/01\/cine_ciclo-familiar_cine_-criaturas-y-aventuras-1110x478-1-300x129.webp 300w, https:\/\/guiadelocio.es\/madrid\/wp-content\/uploads\/sites\/2\/2026\/01\/cine_ciclo-familiar_cine_-criaturas-y-aventuras-1110x478-1-1024x441.webp 1024w, https:\/\/guiadelocio.es\/madrid\/wp-content\/uploads\/sites\/2\/2026\/01\/cine_ciclo-familiar_cine_-criaturas-y-aventuras-1110x478-1-768x331.webp 768w, https:\/\/guiadelocio.es\/madrid\/wp-content\/uploads\/sites\/2\/2026\/01\/cine_ciclo-familiar_cine_-criaturas-y-aventuras-1110x478-1-640x276.webp 640w, https:\/\/guiadelocio.es\/madrid\/wp-content\/uploads\/sites\/2\/2026\/01\/cine_ciclo-familiar_cine_-criaturas-y-aventuras-1110x478-1-266x115.webp 266w, https:\/\/guiadelocio.es\/madrid\/wp-content\/uploads\/sites\/2\/2026\/01\/cine_ciclo-familiar_cine_-criaturas-y-aventuras-1110x478-1.webp 1110w\" sizes=\"(max-width: 698px) 100vw, 698px\" \/><\/p>\n<h3 data-start=\"9526\" data-end=\"9570\"><strong data-start=\"9530\" data-end=\"9568\">Ludotecas infantiles en Arganzuela<\/strong><\/h3>\n<p data-start=\"9571\" data-end=\"9670\">Diversi\u00f3n y creatividad para ni\u00f1os de 4 a 11 a\u00f1os con actividades tem\u00e1ticas diferentes cada s\u00e1bado:<\/p>\n<ul data-start=\"9671\" data-end=\"10408\">\n<li style=\"font-style: inherit; font-weight: inherit;\"><strong>S\u00e1bados de mayo: Pendiente actualizaci\u00f3n mayo 2026\u00a0<\/strong><\/li>\n<li data-start=\"10101\" data-end=\"10408\"><em data-start=\"10192\" data-end=\"10200\">Lugar:<\/em> Centro Dotacional Integrado de Arganzuela (c\/ Canarias, 17 \u2013 Metro: Palos de la Frontera L3).<br data-start=\"10294\" data-end=\"10297\" \/><em data-start=\"10299\" data-end=\"10309\">Horario:<\/em> 10:00\u201314:00.<br data-start=\"10322\" data-end=\"10325\" \/><a href=\"https:\/\/www.madrid.es\/portales\/munimadrid\/es\/Inicio\/Educacion-y-empleo\/Educacion\/Ludotecas-en-Arganzuela\/?vgnextfmt=default&amp;vgnextoid=899aa6e64cd8b910VgnVCM200000f921e388RCRD&amp;vgnextchannel=6d20c5dee78fe410VgnVCM1000000b205a0aRCRD\" target=\"_blank\" rel=\"noopener\"><strong data-start=\"10327\" data-end=\"10351\">Inscripci\u00f3n gratuita<\/strong><\/a> (previa llamada al 91 506 36 10; plazas limitadas a 30).<\/li>\n<\/ul>\n<p><img decoding=\"async\" class=\"wp-image-37452 aligncenter\" src=\"https:\/\/guiadelocio.es\/madrid\/wp-content\/uploads\/sites\/2\/2025\/02\/ludotecas-300x261.png\" alt=\"\" width=\"649\" height=\"565\" srcset=\"https:\/\/guiadelocio.es\/madrid\/wp-content\/uploads\/sites\/2\/2025\/02\/ludotecas-300x261.png 300w, https:\/\/guiadelocio.es\/madrid\/wp-content\/uploads\/sites\/2\/2025\/02\/ludotecas-230x200.png 230w, https:\/\/guiadelocio.es\/madrid\/wp-content\/uploads\/sites\/2\/2025\/02\/ludotecas.png 325w\" sizes=\"(max-width: 649px) 100vw, 649px\" \/><\/p>\n<h3 data-start=\"9526\" data-end=\"9570\"><strong data-start=\"9530\" data-end=\"9568\">Burrolandia<\/strong><\/h3>\n<p data-start=\"9571\" data-end=\"9670\">Protectora animal sin \u00e1nimo de lucro que ofrece visitas gratuitas los domingos.<\/p>\n<ul data-start=\"9671\" data-end=\"10408\">\n<li data-start=\"8603\" data-end=\"8996\"><em data-start=\"9235\" data-end=\"9243\">Lugar:<\/em> Tres Cantos, direcci\u00f3n soto de Vi\u00f1uelas<br data-start=\"9347\" data-end=\"9350\" \/><em data-start=\"9352\" data-end=\"9360\">Fecha:<\/em> Todos los domingos.<br data-start=\"9382\" data-end=\"9385\" \/><em data-start=\"9387\" data-end=\"9397\">Horario:<\/em> De 10:00 a 14:30 aprox en 2 turnos.<br data-start=\"9450\" data-end=\"9453\" \/><a href=\"https:\/\/luciamendoza.es\/exposiciones\/rutas-relacionales\/\" target=\"_blank\" rel=\"noopener\"><strong data-start=\"9455\" data-end=\"9476\">Entrada gratuita. <\/strong><\/a>(Todos los lunes se abren las reservas para el domingo siguiente)<\/li>\n<\/ul>\n<p><img decoding=\"async\" class=\"wp-image-37850 aligncenter\" src=\"https:\/\/guiadelocio.es\/madrid\/wp-content\/uploads\/sites\/2\/2025\/03\/1522529150-300x200.jpg\" alt=\"\" width=\"656\" height=\"437\" srcset=\"https:\/\/guiadelocio.es\/madrid\/wp-content\/uploads\/sites\/2\/2025\/03\/1522529150-300x200.jpg 300w, https:\/\/guiadelocio.es\/madrid\/wp-content\/uploads\/sites\/2\/2025\/03\/1522529150-768x513.jpg 768w, https:\/\/guiadelocio.es\/madrid\/wp-content\/uploads\/sites\/2\/2025\/03\/1522529150-640x427.jpg 640w, https:\/\/guiadelocio.es\/madrid\/wp-content\/uploads\/sites\/2\/2025\/03\/1522529150-266x178.jpg 266w, https:\/\/guiadelocio.es\/madrid\/wp-content\/uploads\/sites\/2\/2025\/03\/1522529150.jpg 800w\" sizes=\"(max-width: 656px) 100vw, 656px\" \/><\/p>\n<h2 data-start=\"10415\" data-end=\"10455\">IV. Rutas y actividades al aire libre<\/h2>\n<h3 data-start=\"10457\" data-end=\"10507\"><strong data-start=\"10461\" data-end=\"10505\">Entreparques: rutas de senderismo urbano<\/strong><\/h3>\n<p data-start=\"10508\" data-end=\"10645\">Descubre Madrid a pie conectando sus parques y espacios verdes en recorridos de aproximadamente 3 horas (dirigidos a mayores de 18 a\u00f1os):<\/p>\n<ul data-start=\"10646\" data-end=\"11269\">\n<li data-start=\"10847\" data-end=\"10907\">\n<p data-start=\"443\" data-end=\"462\"><strong data-start=\"443\" data-end=\"462\">Pr\u00f3ximas rutas:<\/strong><\/p>\n<ul data-start=\"464\" data-end=\"990\">\n<li data-start=\"570\" data-end=\"753\">\n<p data-start=\"572\" data-end=\"753\"><strong>Del Cerro del T\u00edo P\u00edo a Ruta Escult\u00f3rica de Palomeras: del Mirador del Cerro a Entrev\u00edas<\/strong>. Domingo 10 de mayo de 2026 a las 10 horas<\/p>\n<\/li>\n<li data-start=\"570\" data-end=\"753\">\n<p data-start=\"572\" data-end=\"753\"><strong>Del Parque de Aluche a Madrid R\u00edo &#8211; Marqu\u00e9s de Vadillo<\/strong>. S\u00e1bado 16 de mayo de 2026 a las 10 horas<\/p>\n<\/li>\n<li data-start=\"570\" data-end=\"753\">E<strong>ntreparques. Ruta del agua: de Legazpi a Hospital Doce de Octubre<\/strong>. Jueves 28 de mayo de 2026 a las 10 horas<\/li>\n<\/ul>\n<p data-start=\"992\" data-end=\"1050\">\n<\/li>\n<li data-start=\"10908\" data-end=\"10998\"><strong data-start=\"11067\" data-end=\"11098\">Reserva previa obligatoria.<\/strong><br data-start=\"11098\" data-end=\"11101\" \/>Para m\u00e1s informaci\u00f3n y reservas:\n<ul data-start=\"11140\" data-end=\"11269\">\n<li data-start=\"11140\" data-end=\"11177\"><strong data-start=\"11142\" data-end=\"11152\">Email:<\/strong> <a rel=\"noopener\" data-start=\"11153\" data-end=\"11175\">proambiental@madrid.es<\/a><\/li>\n<li data-start=\"11180\" data-end=\"11269\"><strong data-start=\"11182\" data-end=\"11195\">Tel\u00e9fono:<\/strong> 91 547 84 73 (de lunes a viernes, 10:00\u201313:00).<br data-start=\"11243\" data-end=\"11246\" \/><a href=\"https:\/\/www.madrid.es\/portales\/munimadrid\/es\/Inicio\/Actualidad\/Actividades-y-eventos\/Entreparques\/?vgnextfmt=default&amp;vgnextoid=44bba6237197d810VgnVCM2000001f4a900aRCRD&amp;vgnextchannel=ca9671ee4a9eb410VgnVCM100000171f5a0aRCRD\" target=\"_blank\" rel=\"noopener\"><strong data-start=\"11248\" data-end=\"11269\">Entrada gratuita.<\/strong><\/a><\/li>\n<\/ul>\n<\/li>\n<\/ul>\n<p><img decoding=\"async\" class=\"wp-image-37454 aligncenter\" src=\"https:\/\/guiadelocio.es\/madrid\/wp-content\/uploads\/sites\/2\/2025\/02\/ActivParqueOestePAA-300x300.jpg\" alt=\"\" width=\"651\" height=\"651\" srcset=\"https:\/\/guiadelocio.es\/madrid\/wp-content\/uploads\/sites\/2\/2025\/02\/ActivParqueOestePAA-300x300.jpg 300w, https:\/\/guiadelocio.es\/madrid\/wp-content\/uploads\/sites\/2\/2025\/02\/ActivParqueOestePAA-150x150.jpg 150w, https:\/\/guiadelocio.es\/madrid\/wp-content\/uploads\/sites\/2\/2025\/02\/ActivParqueOestePAA-201x200.jpg 201w, https:\/\/guiadelocio.es\/madrid\/wp-content\/uploads\/sites\/2\/2025\/02\/ActivParqueOestePAA.jpg 345w\" sizes=\"(max-width: 651px) 100vw, 651px\" \/><\/p>\n<h2 data-start=\"11276\" data-end=\"11311\">V. Clases de baile y de teatro<\/h2>\n<h3 data-start=\"11313\" data-end=\"11349\"><strong data-start=\"11317\" data-end=\"11347\">\u00a1Salsa, Bachata y Kizomba!<\/strong><\/h3>\n<p data-start=\"11350\" data-end=\"11460\">Aprende a bailar y suelta tus movimientos con estas clases de iniciaci\u00f3n, disponibles hasta el 1 de diciembre:<\/p>\n<ul data-start=\"11461\" data-end=\"11988\">\n<li data-start=\"11461\" data-end=\"11698\"><strong data-start=\"11463\" data-end=\"11484\">Jueves \u2013 Kizomba:<\/strong><br data-start=\"11484\" data-end=\"11487\" \/>Aprende este ritmo angole\u00f1o con musicalidad y suavidad en los movimientos.<br data-start=\"11563\" data-end=\"11566\" \/><em data-start=\"11568\" data-end=\"11576\">Lugar:<\/em> Black Jack Club (c\/ Trujillos, 7 \u2013 Metro: \u00d3pera L2).<br data-start=\"11629\" data-end=\"11632\" \/><em data-start=\"11634\" data-end=\"11644\">Horario:<\/em> 22:30\u201323:30.<br data-start=\"11657\" data-end=\"11660\" \/><em data-start=\"11662\" data-end=\"11685\">Reserva v\u00eda WhatsApp:<\/em> 650 475 385.<\/li>\n<li data-start=\"11699\" data-end=\"11988\"><strong data-start=\"11701\" data-end=\"11738\">S\u00e1bados \u2013 Salsa Cubana y Bachata:<\/strong><br data-start=\"11738\" data-end=\"11741\" \/>Domina los pasos b\u00e1sicos en una rueda de casino en la Escuela de baile Amor de Dios.<br data-start=\"11827\" data-end=\"11830\" \/><em data-start=\"11832\" data-end=\"11840\">Lugar:<\/em> Sal\u00f3n 05, Mercado Ant\u00f3n Mart\u00edn (c\/ Santa Isabel, 5 \u2013 Metro: Ant\u00f3n Mart\u00edn, L1).<br data-start=\"11919\" data-end=\"11922\" \/><em data-start=\"11924\" data-end=\"11934\">Horario:<\/em> 14:00\u201315:00.<br data-start=\"11947\" data-end=\"11950\" \/><em data-start=\"11952\" data-end=\"11975\">Reserva v\u00eda WhatsApp:<\/em> 650 475 385.<\/li>\n<\/ul>\n<h3 data-start=\"11313\" data-end=\"11349\"><strong data-start=\"11317\" data-end=\"11347\">Taller de Capoeira<\/strong><\/h3>\n<ul>\n<li><strong data-start=\"11463\" data-end=\"11484\">Martes y jueves \u2013 Taller de Capoeira:<\/strong><br data-start=\"11484\" data-end=\"11487\" \/>Con este taller aprender\u00e1s desde cero o si ya tienes conocimientos podr\u00e1s seguir avanzando.<br data-start=\"11563\" data-end=\"11566\" \/><em data-start=\"11568\" data-end=\"11576\">Lugar:<\/em> Asociaci\u00f3n proyecto de San Ferm\u00edn (Avenida de los Fueros, 36).<br data-start=\"11629\" data-end=\"11632\" \/><em data-start=\"11634\" data-end=\"11644\">Horario:<\/em> Martes y jueves a las 20:00.<br data-start=\"11657\" data-end=\"11660\" \/><em data-start=\"11662\" data-end=\"11685\">Reserva v\u00eda mail:<\/em> lagartija_au@hotmail.com.<\/li>\n<\/ul>\n<h2 data-start=\"805\" data-end=\"875\">VI. Gymkanas y visitas guiadas: descubre Madrid de forma interactiva<\/h2>\n<h3 data-start=\"877\" data-end=\"943\"><strong data-start=\"881\" data-end=\"941\">Gymkanas en Madrid: explora la ciudad de Forma diferente<\/strong><\/h3>\n<p data-start=\"944\" data-end=\"1140\">Vive una experiencia \u00fanica resolviendo misterios y descubriendo rincones hist\u00f3ricos de Madrid. Todas las gymkanas requieren reserva previa y, al finalizar, <strong>\u00a1t\u00fa decides el precio de tu experiencia!<\/strong><\/p>\n<ul data-start=\"1141\" data-end=\"1844\">\n<li data-start=\"1141\" data-end=\"1264\"><strong data-start=\"1143\" data-end=\"1167\">Cluedo Lope de Vega:<\/strong><br data-start=\"1167\" data-end=\"1170\" \/>Investiga un intento de asesinato en el Madrid de 1611.<\/li>\n<li data-start=\"1265\" data-end=\"1420\"><strong data-start=\"1267\" data-end=\"1312\">Scape: Carlos II, el fin de una dinast\u00eda:<\/strong><br data-start=\"1312\" data-end=\"1315\" \/>Resuelve el misterio de un intento de asesinato del rey Carlos II.<\/li>\n<li data-start=\"1421\" data-end=\"1564\"><strong data-start=\"1423\" data-end=\"1439\">Inquisici\u00f3n:<\/strong><br data-start=\"1439\" data-end=\"1442\" \/>Sum\u00e9rgete en una experiencia de escape ambientada en los juicios de la Inquisici\u00f3n.<\/li>\n<li data-start=\"1565\" data-end=\"1695\"><strong data-start=\"1567\" data-end=\"1605\">Detectives Madrid de los Austrias:<\/strong><br data-start=\"1605\" data-end=\"1608\" \/>Investiga un asesinato en la corte de los Habsburgo.<\/li>\n<li data-start=\"1696\" data-end=\"1844\"><strong data-start=\"1698\" data-end=\"1726\">Robo al Banco de Espa\u00f1a:<\/strong><br data-start=\"1726\" data-end=\"1729\" \/>Ayuda a detener un robo planeado por el famoso bandolero Luis Candelas.<\/li>\n<\/ul>\n<p>Mas informaci\u00f3n <strong><a href=\"https:\/\/www.histoaventura.com\/reservas\" target=\"_blank\" rel=\"noopener\"><span>aqu\u00ed<\/span><\/a><\/strong><\/p>\n<h3 data-start=\"1846\" data-end=\"1905\"><strong data-start=\"1850\" data-end=\"1903\">Y, adem\u00e1s: Visitas guiadas en Madrid: \u00a1Un madrid diferente!<\/strong><\/h3>\n<p data-start=\"1906\" data-end=\"2113\">Estas visitas te permitir\u00e1n explorar la historia, leyendas y secretos de la ciudad de una forma din\u00e1mica e interactiva. No son gratuitas propiamente dicho, por eso te lo contamos aparte: <strong>Al finalizar cada recorrido, el precio lo determinas t\u00fa, en funci\u00f3n de tu satisfacci\u00f3n.<\/strong><\/p>\n<ul data-start=\"2114\" data-end=\"3175\">\n<li data-start=\"2114\" data-end=\"2256\"><strong data-start=\"2116\" data-end=\"2154\">Curiosidades y Leyendas de Mayrit:<\/strong><br data-start=\"2154\" data-end=\"2157\" \/>Recorre el barrio m\u00e1s antiguo de Madrid y descubre sus secretos.<\/li>\n<li data-start=\"2257\" data-end=\"2409\"><strong data-start=\"2259\" data-end=\"2291\">El Madrid de las 3 Culturas:<\/strong><br data-start=\"2291\" data-end=\"2294\" \/>Explora la influencia y convivencia de las tres religiones que han marcado la ciudad.<\/li>\n<li data-start=\"2410\" data-end=\"2566\"><strong data-start=\"2412\" data-end=\"2455\">Lavapi\u00e9s: Castizos, Cr\u00edmenes y Haza\u00f1as:<\/strong><br data-start=\"2455\" data-end=\"2458\" \/>Descubre historias de cr\u00edmenes y personajes c\u00e9lebres en el emblem\u00e1tico barrio.<\/li>\n<li data-start=\"2567\" data-end=\"2694\"><strong data-start=\"2569\" data-end=\"2601\">Jardines del Campo del Moro:<\/strong><br data-start=\"2601\" data-end=\"2604\" \/>Conoce los secretos y leyendas de estos jardines hist\u00f3ricos.<\/li>\n<li data-start=\"2695\" data-end=\"2850\"><strong data-start=\"2697\" data-end=\"2734\">Mujeres Olvidadas de la Historia:<\/strong><br data-start=\"2734\" data-end=\"2737\" \/>Rinde homenaje a aquellas mujeres que hicieron historia pero quedaron en el olvido.<\/li>\n<li data-start=\"2851\" data-end=\"3034\"><strong data-start=\"2853\" data-end=\"2897\">Madrid Macabro: Crimen, Pasi\u00f3n y Muerte:<\/strong><br data-start=\"2897\" data-end=\"2900\" \/>Explora el lado m\u00e1s oscuro de Madrid con relatos de cr\u00edmenes, fantasmas y pasiones ocultas.<\/li>\n<li data-start=\"3035\" data-end=\"3175\"><strong data-start=\"3037\" data-end=\"3067\">Leyendas Negras de Madrid:<\/strong><br data-start=\"3067\" data-end=\"3070\" \/>Ad\u00e9ntrate en misterios y fen\u00f3menos paranormales por la ciudad.<\/li>\n<\/ul>\n<p>Mas informaci\u00f3n <strong><a href=\"https:\/\/www.histoaventura.com\/reservas\" target=\"_blank\" rel=\"noopener\"><span>aqu\u00ed<\/span><\/a><\/strong><\/p>\n<p data-start=\"13817\" data-end=\"14387\">Este reportaje re\u00fane <strong data-start=\"13848\" data-end=\"13898\">actividades y exposiciones gratuitas en MAYO en Madrid<\/strong>, dise\u00f1ado para que disfrutes de lo mejor de la ciudad sin gastar dinero. Desde gymkanas interactivas y visitas guiadas que te sumergen en la historia y leyendas de Madrid, hasta exposiciones de arte contempor\u00e1neo, actividades para ni\u00f1os, rutas al aire libre y clases de baile: hay algo para todos los gustos.<\/p>\n<p data-start=\"13817\" data-end=\"14387\"><br data-start=\"14207\" data-end=\"14210\" \/><strong data-start=\"14210\" data-end=\"14223\">Recuerda:<\/strong> Actualizaremos este reportaje mensualmente con nuevas informaciones para que siempre est\u00e9s al tanto de las mejores opciones gratuitas en Madrid. \u00a1No te lo pierdas!<\/p>\n<p><span style=\"color: #ff6600;\"><strong>\u00bfQuieres ser siempre el primero en enterarte de todos los planes que hay en tu ciudad?<\/strong><\/span><\/p>\n<p><span style=\"color: #ff6600;\"><a class=\"button button--large button--iconposition-left button--icon-newsletter\" style=\"color: #ff6600;\" href=\"https:\/\/guiadelocio.es\/madrid\/suscribete-aqui-a-nuestra-newsletter\/\" target=\"_blank\" rel=\"noopener\"><span>Inscr\u00edbete AQU\u00cd a nuestra newsletter<\/span><\/a><\/span><\/p>\n","protected":false},"excerpt":{"rendered":"<p>Madrid se transforma cada d\u00eda en un escenario de cultura y ocio, y lo mejor es que muchas de estas experiencias no cuestan nada. En este reportaje encontrar\u00e1s informaci\u00f3n sobre actividades gratis en Madrid,\u00a0desde gymkanas interactivas y visitas guiadas, hasta exposiciones de arte, actividades para ni\u00f1os, rutas al aire libre y clases de baile. \u00a1Descubre [&hellip;]<\/p>\n","protected":false},"author":8,"featured_media":52811,"comment_status":"closed","ping_status":"closed","sticky":false,"template":"","format":"standard","meta":{"_acf_changed":false,"footnotes":""},"categories":[1],"tags":[526,527,528,524,525,495,494,479,480],"category_plan":[391],"filter_trans":[158],"filter_main":[],"filter_sec":[],"barrios":[],"class_list":["post-51076","post","type-post","status-publish","format-standard","has-post-thumbnail","hentry","category-sin-categorizar","tag-gratis","tag-gratuito","tag-actividades-infantiles","tag-ocio-en-madrid","tag-planes-gratis","tag-que-hacer-en-madrid","tag-planes-en-madrid","tag-ocio","tag-cultura","filter_trans-gratis"],"acf":[],"yoast_head":"<!-- This site is optimized with the Yoast SEO plugin v26.0 - https:\/\/yoast.com\/wordpress\/plugins\/seo\/ -->\n<title>Exposiciones, experiencias y otras actividades GRATIS en Madrid<\/title>\n<meta name=\"description\" content=\"Nuestra selecci\u00f3n de actividades gratis en Madrid en mayo de 2026 para todos los gustos: desde exposiciones a visitas guiadas...\" \/>\n<meta name=\"robots\" content=\"index, follow, max-snippet:-1, max-image-preview:large, max-video-preview:-1\" \/>\n<link rel=\"canonical\" href=\"https:\/\/guiadelocio.es\/madrid\/exposiciones-experiencias-y-otras-actividades-gratis-en-madrid-mayo-2026\/\" \/>\n<meta property=\"og:locale\" content=\"es_ES\" \/>\n<meta property=\"og:type\" content=\"article\" \/>\n<meta property=\"og:title\" content=\"Exposiciones, experiencias y otras actividades GRATIS en Madrid\" \/>\n<meta property=\"og:description\" content=\"Nuestra selecci\u00f3n de actividades gratis en Madrid en mayo de 2026 para todos los gustos: desde exposiciones a visitas guiadas...\" \/>\n<meta property=\"og:url\" content=\"https:\/\/guiadelocio.es\/madrid\/exposiciones-experiencias-y-otras-actividades-gratis-en-madrid-mayo-2026\/\" \/>\n<meta property=\"og:site_name\" content=\"Madrid\" \/>\n<meta property=\"article:published_time\" content=\"2026-03-04T10:47:28+00:00\" \/>\n<meta property=\"article:modified_time\" content=\"2026-04-29T10:40:59+00:00\" \/>\n<meta property=\"og:image\" content=\"https:\/\/guiadelocio.es\/madrid\/wp-content\/uploads\/sites\/2\/2026\/03\/iStock-1041717008.jpg\" \/>\n\t<meta property=\"og:image:width\" content=\"1254\" \/>\n\t<meta property=\"og:image:height\" content=\"836\" \/>\n\t<meta property=\"og:image:type\" content=\"image\/jpeg\" \/>\n<meta name=\"author\" content=\"Gu\u00eda del Ocio\" \/>\n<meta name=\"twitter:card\" content=\"summary_large_image\" \/>\n<meta name=\"twitter:label1\" content=\"Escrito por\" \/>\n\t<meta name=\"twitter:data1\" content=\"Gu\u00eda del Ocio\" \/>\n\t<meta name=\"twitter:label2\" content=\"Tiempo de lectura\" \/>\n\t<meta name=\"twitter:data2\" content=\"28 minutos\" \/>\n<script type=\"application\/ld+json\" class=\"yoast-schema-graph\">{\"@context\":\"https:\/\/schema.org\",\"@graph\":[{\"@type\":\"WebPage\",\"@id\":\"https:\/\/guiadelocio.es\/madrid\/exposiciones-experiencias-y-otras-actividades-gratis-en-madrid-mayo-2026\/\",\"url\":\"https:\/\/guiadelocio.es\/madrid\/exposiciones-experiencias-y-otras-actividades-gratis-en-madrid-mayo-2026\/\",\"name\":\"Exposiciones, experiencias y otras actividades GRATIS en Madrid\",\"isPartOf\":{\"@id\":\"https:\/\/guiadelocio.es\/madrid\/#website\"},\"primaryImageOfPage\":{\"@id\":\"https:\/\/guiadelocio.es\/madrid\/exposiciones-experiencias-y-otras-actividades-gratis-en-madrid-mayo-2026\/#primaryimage\"},\"image\":{\"@id\":\"https:\/\/guiadelocio.es\/madrid\/exposiciones-experiencias-y-otras-actividades-gratis-en-madrid-mayo-2026\/#primaryimage\"},\"thumbnailUrl\":\"https:\/\/guiadelocio.es\/madrid\/wp-content\/uploads\/sites\/2\/2026\/03\/iStock-1041717008.jpg\",\"datePublished\":\"2026-03-04T10:47:28+00:00\",\"dateModified\":\"2026-04-29T10:40:59+00:00\",\"author\":{\"@id\":\"https:\/\/guiadelocio.es\/madrid\/#\/schema\/person\/dedd385c3a1875e2dfb8ee808e4fca89\"},\"description\":\"Nuestra selecci\u00f3n de actividades gratis en Madrid en mayo de 2026 para todos los gustos: desde exposiciones a visitas guiadas...\",\"breadcrumb\":{\"@id\":\"https:\/\/guiadelocio.es\/madrid\/exposiciones-experiencias-y-otras-actividades-gratis-en-madrid-mayo-2026\/#breadcrumb\"},\"inLanguage\":\"es\",\"potentialAction\":[{\"@type\":\"ReadAction\",\"target\":[\"https:\/\/guiadelocio.es\/madrid\/exposiciones-experiencias-y-otras-actividades-gratis-en-madrid-mayo-2026\/\"]}]},{\"@type\":\"ImageObject\",\"inLanguage\":\"es\",\"@id\":\"https:\/\/guiadelocio.es\/madrid\/exposiciones-experiencias-y-otras-actividades-gratis-en-madrid-mayo-2026\/#primaryimage\",\"url\":\"https:\/\/guiadelocio.es\/madrid\/wp-content\/uploads\/sites\/2\/2026\/03\/iStock-1041717008.jpg\",\"contentUrl\":\"https:\/\/guiadelocio.es\/madrid\/wp-content\/uploads\/sites\/2\/2026\/03\/iStock-1041717008.jpg\",\"width\":1254,\"height\":836,\"caption\":\"Seen from behind stylish traveller woman at Plaza Mayor rejoicing\"},{\"@type\":\"BreadcrumbList\",\"@id\":\"https:\/\/guiadelocio.es\/madrid\/exposiciones-experiencias-y-otras-actividades-gratis-en-madrid-mayo-2026\/#breadcrumb\",\"itemListElement\":[{\"@type\":\"ListItem\",\"position\":1,\"name\":\"Portada\",\"item\":\"https:\/\/guiadelocio.es\/madrid\/\"},{\"@type\":\"ListItem\",\"position\":2,\"name\":\"Exposiciones, experiencias y otras actividades GRATIS en Madrid &#8211; mayo 2026\"}]},{\"@type\":\"WebSite\",\"@id\":\"https:\/\/guiadelocio.es\/madrid\/#website\",\"url\":\"https:\/\/guiadelocio.es\/madrid\/\",\"name\":\"Madrid | Gu\u00eda del Ocio\",\"description\":\"Qu\u00e9 hacer, d\u00f3nde comer, qu\u00e9 visitar y los lugares que no te puedes perder\",\"potentialAction\":[{\"@type\":\"SearchAction\",\"target\":{\"@type\":\"EntryPoint\",\"urlTemplate\":\"https:\/\/guiadelocio.es\/madrid\/?s={search_term_string}\"},\"query-input\":{\"@type\":\"PropertyValueSpecification\",\"valueRequired\":true,\"valueName\":\"search_term_string\"}}],\"inLanguage\":\"es\"},{\"@type\":\"Person\",\"@id\":\"https:\/\/guiadelocio.es\/madrid\/#\/schema\/person\/dedd385c3a1875e2dfb8ee808e4fca89\",\"name\":\"Gu\u00eda del Ocio\",\"image\":{\"@type\":\"ImageObject\",\"inLanguage\":\"es\",\"@id\":\"https:\/\/guiadelocio.es\/madrid\/#\/schema\/person\/image\/\",\"url\":\"https:\/\/secure.gravatar.com\/avatar\/27d9eb58286cefc2042fb32a3db3a679c555c2a21aa6719fa7916d63185b9fe9?s=96&d=mm&r=g\",\"contentUrl\":\"https:\/\/secure.gravatar.com\/avatar\/27d9eb58286cefc2042fb32a3db3a679c555c2a21aa6719fa7916d63185b9fe9?s=96&d=mm&r=g\",\"caption\":\"Gu\u00eda del Ocio\"}}]}<\/script>\n<!-- \/ Yoast SEO plugin. -->","yoast_head_json":{"title":"Exposiciones, experiencias y otras actividades GRATIS en Madrid","description":"Nuestra selecci\u00f3n de actividades gratis en Madrid en mayo de 2026 para todos los gustos: desde exposiciones a visitas guiadas...","robots":{"index":"index","follow":"follow","max-snippet":"max-snippet:-1","max-image-preview":"max-image-preview:large","max-video-preview":"max-video-preview:-1"},"canonical":"https:\/\/guiadelocio.es\/madrid\/exposiciones-experiencias-y-otras-actividades-gratis-en-madrid-mayo-2026\/","og_locale":"es_ES","og_type":"article","og_title":"Exposiciones, experiencias y otras actividades GRATIS en Madrid","og_description":"Nuestra selecci\u00f3n de actividades gratis en Madrid en mayo de 2026 para todos los gustos: desde exposiciones a visitas guiadas...","og_url":"https:\/\/guiadelocio.es\/madrid\/exposiciones-experiencias-y-otras-actividades-gratis-en-madrid-mayo-2026\/","og_site_name":"Madrid","article_published_time":"2026-03-04T10:47:28+00:00","article_modified_time":"2026-04-29T10:40:59+00:00","og_image":[{"width":1254,"height":836,"url":"https:\/\/guiadelocio.es\/madrid\/wp-content\/uploads\/sites\/2\/2026\/03\/iStock-1041717008.jpg","type":"image\/jpeg"}],"author":"Gu\u00eda del Ocio","twitter_card":"summary_large_image","twitter_misc":{"Escrito por":"Gu\u00eda del Ocio","Tiempo de lectura":"28 minutos"},"schema":{"@context":"https:\/\/schema.org","@graph":[{"@type":"WebPage","@id":"https:\/\/guiadelocio.es\/madrid\/exposiciones-experiencias-y-otras-actividades-gratis-en-madrid-mayo-2026\/","url":"https:\/\/guiadelocio.es\/madrid\/exposiciones-experiencias-y-otras-actividades-gratis-en-madrid-mayo-2026\/","name":"Exposiciones, experiencias y otras actividades GRATIS en Madrid","isPartOf":{"@id":"https:\/\/guiadelocio.es\/madrid\/#website"},"primaryImageOfPage":{"@id":"https:\/\/guiadelocio.es\/madrid\/exposiciones-experiencias-y-otras-actividades-gratis-en-madrid-mayo-2026\/#primaryimage"},"image":{"@id":"https:\/\/guiadelocio.es\/madrid\/exposiciones-experiencias-y-otras-actividades-gratis-en-madrid-mayo-2026\/#primaryimage"},"thumbnailUrl":"https:\/\/guiadelocio.es\/madrid\/wp-content\/uploads\/sites\/2\/2026\/03\/iStock-1041717008.jpg","datePublished":"2026-03-04T10:47:28+00:00","dateModified":"2026-04-29T10:40:59+00:00","author":{"@id":"https:\/\/guiadelocio.es\/madrid\/#\/schema\/person\/dedd385c3a1875e2dfb8ee808e4fca89"},"description":"Nuestra selecci\u00f3n de actividades gratis en Madrid en mayo de 2026 para todos los gustos: desde exposiciones a visitas guiadas...","breadcrumb":{"@id":"https:\/\/guiadelocio.es\/madrid\/exposiciones-experiencias-y-otras-actividades-gratis-en-madrid-mayo-2026\/#breadcrumb"},"inLanguage":"es","potentialAction":[{"@type":"ReadAction","target":["https:\/\/guiadelocio.es\/madrid\/exposiciones-experiencias-y-otras-actividades-gratis-en-madrid-mayo-2026\/"]}]},{"@type":"ImageObject","inLanguage":"es","@id":"https:\/\/guiadelocio.es\/madrid\/exposiciones-experiencias-y-otras-actividades-gratis-en-madrid-mayo-2026\/#primaryimage","url":"https:\/\/guiadelocio.es\/madrid\/wp-content\/uploads\/sites\/2\/2026\/03\/iStock-1041717008.jpg","contentUrl":"https:\/\/guiadelocio.es\/madrid\/wp-content\/uploads\/sites\/2\/2026\/03\/iStock-1041717008.jpg","width":1254,"height":836,"caption":"Seen from behind stylish traveller woman at Plaza Mayor rejoicing"},{"@type":"BreadcrumbList","@id":"https:\/\/guiadelocio.es\/madrid\/exposiciones-experiencias-y-otras-actividades-gratis-en-madrid-mayo-2026\/#breadcrumb","itemListElement":[{"@type":"ListItem","position":1,"name":"Portada","item":"https:\/\/guiadelocio.es\/madrid\/"},{"@type":"ListItem","position":2,"name":"Exposiciones, experiencias y otras actividades GRATIS en Madrid &#8211; mayo 2026"}]},{"@type":"WebSite","@id":"https:\/\/guiadelocio.es\/madrid\/#website","url":"https:\/\/guiadelocio.es\/madrid\/","name":"Madrid | Gu\u00eda del Ocio","description":"Qu\u00e9 hacer, d\u00f3nde comer, qu\u00e9 visitar y los lugares que no te puedes perder","potentialAction":[{"@type":"SearchAction","target":{"@type":"EntryPoint","urlTemplate":"https:\/\/guiadelocio.es\/madrid\/?s={search_term_string}"},"query-input":{"@type":"PropertyValueSpecification","valueRequired":true,"valueName":"search_term_string"}}],"inLanguage":"es"},{"@type":"Person","@id":"https:\/\/guiadelocio.es\/madrid\/#\/schema\/person\/dedd385c3a1875e2dfb8ee808e4fca89","name":"Gu\u00eda del Ocio","image":{"@type":"ImageObject","inLanguage":"es","@id":"https:\/\/guiadelocio.es\/madrid\/#\/schema\/person\/image\/","url":"https:\/\/secure.gravatar.com\/avatar\/27d9eb58286cefc2042fb32a3db3a679c555c2a21aa6719fa7916d63185b9fe9?s=96&d=mm&r=g","contentUrl":"https:\/\/secure.gravatar.com\/avatar\/27d9eb58286cefc2042fb32a3db3a679c555c2a21aa6719fa7916d63185b9fe9?s=96&d=mm&r=g","caption":"Gu\u00eda del Ocio"}}]}},"_links":{"self":[{"href":"https:\/\/guiadelocio.es\/madrid\/wp-json\/wp\/v2\/posts\/51076","targetHints":{"allow":["GET"]}}],"collection":[{"href":"https:\/\/guiadelocio.es\/madrid\/wp-json\/wp\/v2\/posts"}],"about":[{"href":"https:\/\/guiadelocio.es\/madrid\/wp-json\/wp\/v2\/types\/post"}],"author":[{"embeddable":true,"href":"https:\/\/guiadelocio.es\/madrid\/wp-json\/wp\/v2\/users\/8"}],"replies":[{"embeddable":true,"href":"https:\/\/guiadelocio.es\/madrid\/wp-json\/wp\/v2\/comments?post=51076"}],"version-history":[{"count":4,"href":"https:\/\/guiadelocio.es\/madrid\/wp-json\/wp\/v2\/posts\/51076\/revisions"}],"predecessor-version":[{"id":52813,"href":"https:\/\/guiadelocio.es\/madrid\/wp-json\/wp\/v2\/posts\/51076\/revisions\/52813"}],"wp:featuredmedia":[{"embeddable":true,"href":"https:\/\/guiadelocio.es\/madrid\/wp-json\/wp\/v2\/media\/52811"}],"wp:attachment":[{"href":"https:\/\/guiadelocio.es\/madrid\/wp-json\/wp\/v2\/media?parent=51076"}],"wp:term":[{"taxonomy":"category","embeddable":true,"href":"https:\/\/guiadelocio.es\/madrid\/wp-json\/wp\/v2\/categories?post=51076"},{"taxonomy":"post_tag","embeddable":true,"href":"https:\/\/guiadelocio.es\/madrid\/wp-json\/wp\/v2\/tags?post=51076"},{"taxonomy":"category_plan","embeddable":true,"href":"https:\/\/guiadelocio.es\/madrid\/wp-json\/wp\/v2\/category_plan?post=51076"},{"taxonomy":"filter_trans","embeddable":true,"href":"https:\/\/guiadelocio.es\/madrid\/wp-json\/wp\/v2\/filter_trans?post=51076"},{"taxonomy":"filter_main","embeddable":true,"href":"https:\/\/guiadelocio.es\/madrid\/wp-json\/wp\/v2\/filter_main?post=51076"},{"taxonomy":"filter_sec","embeddable":true,"href":"https:\/\/guiadelocio.es\/madrid\/wp-json\/wp\/v2\/filter_sec?post=51076"},{"taxonomy":"barrios","embeddable":true,"href":"https:\/\/guiadelocio.es\/madrid\/wp-json\/wp\/v2\/barrios?post=51076"}],"curies":[{"name":"wp","href":"https:\/\/api.w.org\/{rel}","templated":true}]}}