{"id":47409,"date":"2025-12-05T13:59:29","date_gmt":"2025-12-05T12:59:29","guid":{"rendered":"https:\/\/guiadelocio.es\/madrid\/?p=47409"},"modified":"2025-12-09T19:57:06","modified_gmt":"2025-12-09T18:57:06","slug":"los-misteriosos-cuentos-del-manzano-llega-a-los-cines","status":"publish","type":"post","link":"https:\/\/guiadelocio.es\/madrid\/los-misteriosos-cuentos-del-manzano-llega-a-los-cines\/","title":{"rendered":"Los misteriosos cuentos del manzano llega a los cines"},"content":{"rendered":"<p data-start=\"501\" data-end=\"1142\">El pr\u00f3ximo <strong data-start=\"512\" data-end=\"539\">12 de diciembre de 2025<\/strong> llega a salas de cine <a href=\"https:\/\/www.packmagic.cat\/es\/films\/los-misteriosos-cuentos-del-manzano\/\" target=\"_blank\" rel=\"noopener\"><strong><em data-start=\"562\" data-end=\"599\">Los misteriosos cuentos del manzano<\/em><\/strong><\/a>, un largometraje de animaci\u00f3n <strong>stop-motion<\/strong> dirigido por <strong data-start=\"655\" data-end=\"716\">David S\u00fakup, Patrik Pa\u0161\u0161, Leon Vidmar y Jean-Claude Rozec<\/strong>. La producci\u00f3n, realizada entre <strong data-start=\"749\" data-end=\"801\">Rep\u00fablica Checa, Eslovaquia, Eslovenia y Francia<\/strong>, ha participado en algunos de los principales cert\u00e1menes europeos: <strong data-start=\"869\" data-end=\"907\">Berlinale (Generation K Plus 2025)<\/strong>, <strong data-start=\"909\" data-end=\"936\">Festival de Annecy 2025<\/strong>, <strong data-start=\"938\" data-end=\"954\">SEMINCI 2025<\/strong> y diversos festivales especializados en cine infantil. Adem\u00e1s, ha recibido <strong data-start=\"1030\" data-end=\"1050\">dos nominaciones<\/strong> en los <strong data-start=\"1058\" data-end=\"1087\">European Film Awards 2026<\/strong>: <strong data-start=\"1089\" data-end=\"1107\">Mejor Pel\u00edcula<\/strong> y <strong data-start=\"1110\" data-end=\"1141\">Mejor Pel\u00edcula de Animaci\u00f3n<\/strong>.<\/p>\n<h2 data-start=\"1149\" data-end=\"1208\"><strong data-start=\"1152\" data-end=\"1208\">Un punto de partida familiar marcado por la ausencia<\/strong><\/h2>\n<p data-start=\"1210\" data-end=\"1694\">La historia comienza cuando <strong data-start=\"1238\" data-end=\"1249\">Tom (4)<\/strong>, <strong data-start=\"1251\" data-end=\"1266\">Susana (8)<\/strong> y <strong data-start=\"1269\" data-end=\"1283\">Derek (10)<\/strong> visitan a su abuelo tras la muerte reciente de su abuela. El ambiente del hogar, silencioso y poco habitual para ellos, evidencia un cambio en la rutina familiar. A partir de ese momento, Susana recupera una tradici\u00f3n vinculada a su abuela: inventar cuentos utilizando tres elementos escogidos al azar. Su objetivo es reactivar la comunicaci\u00f3n con su abuelo y generar un espacio compartido entre los hermanos.<\/p>\n<p data-start=\"1696\" data-end=\"1864\">Los relatos que surgen de este juego estructuran el largometraje y establecen conexiones entre la imaginaci\u00f3n de los ni\u00f1os y la situaci\u00f3n emocional del n\u00facleo familiar<\/p>\n<p data-start=\"1696\" data-end=\"1864\"><img decoding=\"async\" class=\"wp-image-47412 aligncenter\" src=\"https:\/\/guiadelocio.es\/madrid\/wp-content\/uploads\/sites\/2\/2025\/12\/image002-1-300x169.jpg\" alt=\"\" width=\"699\" height=\"394\" srcset=\"https:\/\/guiadelocio.es\/madrid\/wp-content\/uploads\/sites\/2\/2025\/12\/image002-1-300x169.jpg 300w, https:\/\/guiadelocio.es\/madrid\/wp-content\/uploads\/sites\/2\/2025\/12\/image002-1-1024x576.jpg 1024w, https:\/\/guiadelocio.es\/madrid\/wp-content\/uploads\/sites\/2\/2025\/12\/image002-1-768x432.jpg 768w, https:\/\/guiadelocio.es\/madrid\/wp-content\/uploads\/sites\/2\/2025\/12\/image002-1-1536x864.jpg 1536w, https:\/\/guiadelocio.es\/madrid\/wp-content\/uploads\/sites\/2\/2025\/12\/image002-1-1636x920.jpg 1636w, https:\/\/guiadelocio.es\/madrid\/wp-content\/uploads\/sites\/2\/2025\/12\/image002-1-640x360.jpg 640w, https:\/\/guiadelocio.es\/madrid\/wp-content\/uploads\/sites\/2\/2025\/12\/image002-1-266x150.jpg 266w, https:\/\/guiadelocio.es\/madrid\/wp-content\/uploads\/sites\/2\/2025\/12\/image002-1.jpg 2048w\" sizes=\"(max-width: 699px) 100vw, 699px\" \/><\/p>\n<h2 data-start=\"1871\" data-end=\"1919\"><strong data-start=\"1874\" data-end=\"1919\">Tres relatos que dialogan con la realidad<\/strong><\/h2>\n<p data-start=\"1921\" data-end=\"2081\">Los cuentos imaginados por Susana se basan en obras del escritor checo <strong data-start=\"1993\" data-end=\"2012\">Arno\u0161t Goldflam<\/strong>. La caracterizaci\u00f3n del abuelo se inspira directamente en su figura.<\/p>\n<p data-start=\"2083\" data-end=\"2104\">Los tres relatos son:<\/p>\n<h3 data-start=\"2106\" data-end=\"2132\"><strong data-start=\"2110\" data-end=\"2130\">La gata Valiente<\/strong><\/h3>\n<p data-start=\"2133\" data-end=\"2289\">Emily y Stan encuentran una gata en la calle durante un d\u00eda de lluvia. La presencia del animal influye en la din\u00e1mica familiar tras un incidente inesperado.<\/p>\n<h3 data-start=\"2291\" data-end=\"2321\"><strong data-start=\"2295\" data-end=\"2319\">El monstruo amistoso<\/strong><\/h3>\n<p data-start=\"2322\" data-end=\"2547\">Jon\u00e1s y Vilo acceden al jard\u00edn de una casa en busca de un supuesto tesoro. All\u00ed descubren a un ser que no coincide con la imagen previa que ten\u00edan de \u00e9l y conocen a una mujer que comparte historias relacionadas con ese lugar.<\/p>\n<h3 data-start=\"2549\" data-end=\"2565\"><strong data-start=\"2553\" data-end=\"2563\">Bogdan<\/strong><\/h3>\n<p data-start=\"2566\" data-end=\"2780\">Bogdan, un hombre mayor que sigue una rutina diaria vinculada al recuerdo de su esposa, experimenta un cambio al descubrir que puede elevarse por los aires y acompa\u00f1arse de un grupo de p\u00e1jaros de distintos colores.<\/p>\n<p data-start=\"2782\" data-end=\"2973\">Estos relatos funcionan como puentes narrativos entre la experiencia interior de los personajes y el proceso familiar que atraviesan, sin desconectarse de la l\u00ednea principal del largometraje.<\/p>\n<p data-start=\"2782\" data-end=\"2973\"><img decoding=\"async\" class=\"wp-image-47422 aligncenter\" src=\"https:\/\/guiadelocio.es\/madrid\/wp-content\/uploads\/sites\/2\/2025\/12\/TFMG_Maurfilm_Artichoke_ZVVIKS_VivementLundi_7-1-300x162.jpg\" alt=\"\" width=\"698\" height=\"377\" srcset=\"https:\/\/guiadelocio.es\/madrid\/wp-content\/uploads\/sites\/2\/2025\/12\/TFMG_Maurfilm_Artichoke_ZVVIKS_VivementLundi_7-1-300x162.jpg 300w, https:\/\/guiadelocio.es\/madrid\/wp-content\/uploads\/sites\/2\/2025\/12\/TFMG_Maurfilm_Artichoke_ZVVIKS_VivementLundi_7-1-1024x554.jpg 1024w, https:\/\/guiadelocio.es\/madrid\/wp-content\/uploads\/sites\/2\/2025\/12\/TFMG_Maurfilm_Artichoke_ZVVIKS_VivementLundi_7-1-768x415.jpg 768w, https:\/\/guiadelocio.es\/madrid\/wp-content\/uploads\/sites\/2\/2025\/12\/TFMG_Maurfilm_Artichoke_ZVVIKS_VivementLundi_7-1-1536x830.jpg 1536w, https:\/\/guiadelocio.es\/madrid\/wp-content\/uploads\/sites\/2\/2025\/12\/TFMG_Maurfilm_Artichoke_ZVVIKS_VivementLundi_7-1-scaled.jpg 2048w, https:\/\/guiadelocio.es\/madrid\/wp-content\/uploads\/sites\/2\/2025\/12\/TFMG_Maurfilm_Artichoke_ZVVIKS_VivementLundi_7-1-1702x920.jpg 1702w, https:\/\/guiadelocio.es\/madrid\/wp-content\/uploads\/sites\/2\/2025\/12\/TFMG_Maurfilm_Artichoke_ZVVIKS_VivementLundi_7-1-640x346.jpg 640w, https:\/\/guiadelocio.es\/madrid\/wp-content\/uploads\/sites\/2\/2025\/12\/TFMG_Maurfilm_Artichoke_ZVVIKS_VivementLundi_7-1-266x144.jpg 266w\" sizes=\"(max-width: 698px) 100vw, 698px\" \/><\/p>\n<h2 data-start=\"2980\" data-end=\"3036\"><strong data-start=\"2983\" data-end=\"3036\">Un proceso de creaci\u00f3n articulado en varias fases<\/strong><\/h2>\n<p data-start=\"3038\" data-end=\"3355\">El proyecto se desarroll\u00f3 durante aproximadamente <strong data-start=\"3088\" data-end=\"3101\">diez a\u00f1os<\/strong>. Varias de las historias empezaron como cortometrajes independientes antes de integrarse en un largometraje \u00fanico. Los cuatro directores se incorporaron al proyecto en momentos distintos, aportando enfoques espec\u00edficos sin alterar la coherencia general.<\/p>\n<p data-start=\"3357\" data-end=\"3765\">En la entrevista incluida en el dossier de producci\u00f3n, los realizadores explican que una parte del trabajo consisti\u00f3 en coordinar elementos est\u00e9ticos procedentes de distintos equipos de animaci\u00f3n. Tambi\u00e9n se\u00f1alan que el uso de <strong data-start=\"3584\" data-end=\"3599\">stop-motion<\/strong> permiti\u00f3 trabajar f\u00edsicamente con marionetas y decorados, un proceso que, seg\u00fan Jean-Claude Rozec, genera una relaci\u00f3n directa entre los animadores y los personajes.<\/p>\n<p data-start=\"3357\" data-end=\"3765\"><img decoding=\"async\" class=\"wp-image-47416 aligncenter\" src=\"https:\/\/guiadelocio.es\/madrid\/wp-content\/uploads\/sites\/2\/2025\/12\/KEYVISUAL_TFMG_Maurfilm_Artichoke_ZVVIKS_VivementLundi_1_key-visual-1-300x162.jpg\" alt=\"\" width=\"698\" height=\"377\" srcset=\"https:\/\/guiadelocio.es\/madrid\/wp-content\/uploads\/sites\/2\/2025\/12\/KEYVISUAL_TFMG_Maurfilm_Artichoke_ZVVIKS_VivementLundi_1_key-visual-1-300x162.jpg 300w, https:\/\/guiadelocio.es\/madrid\/wp-content\/uploads\/sites\/2\/2025\/12\/KEYVISUAL_TFMG_Maurfilm_Artichoke_ZVVIKS_VivementLundi_1_key-visual-1-1024x554.jpg 1024w, https:\/\/guiadelocio.es\/madrid\/wp-content\/uploads\/sites\/2\/2025\/12\/KEYVISUAL_TFMG_Maurfilm_Artichoke_ZVVIKS_VivementLundi_1_key-visual-1-768x415.jpg 768w, https:\/\/guiadelocio.es\/madrid\/wp-content\/uploads\/sites\/2\/2025\/12\/KEYVISUAL_TFMG_Maurfilm_Artichoke_ZVVIKS_VivementLundi_1_key-visual-1-1536x830.jpg 1536w, https:\/\/guiadelocio.es\/madrid\/wp-content\/uploads\/sites\/2\/2025\/12\/KEYVISUAL_TFMG_Maurfilm_Artichoke_ZVVIKS_VivementLundi_1_key-visual-1-scaled.jpg 2048w, https:\/\/guiadelocio.es\/madrid\/wp-content\/uploads\/sites\/2\/2025\/12\/KEYVISUAL_TFMG_Maurfilm_Artichoke_ZVVIKS_VivementLundi_1_key-visual-1-1702x920.jpg 1702w, https:\/\/guiadelocio.es\/madrid\/wp-content\/uploads\/sites\/2\/2025\/12\/KEYVISUAL_TFMG_Maurfilm_Artichoke_ZVVIKS_VivementLundi_1_key-visual-1-640x346.jpg 640w, https:\/\/guiadelocio.es\/madrid\/wp-content\/uploads\/sites\/2\/2025\/12\/KEYVISUAL_TFMG_Maurfilm_Artichoke_ZVVIKS_VivementLundi_1_key-visual-1-266x144.jpg 266w\" sizes=\"(max-width: 698px) 100vw, 698px\" \/><\/p>\n<h2 data-start=\"3772\" data-end=\"3813\"><strong data-start=\"3775\" data-end=\"3813\">Dise\u00f1o art\u00edstico y universo visual<\/strong><\/h2>\n<p data-start=\"3815\" data-end=\"4205\">La direcci\u00f3n de arte \u2014a cargo de <strong data-start=\"3848\" data-end=\"3875\">Patricia Ortiz Mart\u00ednez<\/strong> y <strong data-start=\"3878\" data-end=\"3899\">Jean-Claude Rozec<\/strong>\u2014 se desarroll\u00f3 paralelamente en los distintos pa\u00edses coproductores. Los escenarios se crearon a escala reducida y fueron iluminados fotograma a fotograma por los equipos de fotograf\u00eda liderados por <strong data-start=\"4098\" data-end=\"4180\">Radka \u0160pl\u00edchalov\u00e1, V\u00e1clav Fronk, Alan Soural, Simona Weisslechner, Milo\u0161 Srdi\u0107<\/strong> y <strong data-start=\"4183\" data-end=\"4204\">Mathilde Gaillard<\/strong>.<\/p>\n<p data-start=\"4207\" data-end=\"4483\">El dise\u00f1o sonoro de <strong data-start=\"4227\" data-end=\"4257\">Miroslav \u010cerven\u00e1 Chaloupka<\/strong> y la m\u00fasica de <strong data-start=\"4273\" data-end=\"4291\">Lucia Chu\u0165kov\u00e1<\/strong> establecen transiciones entre los relatos y la historia principal, permitiendo que cada cuento tenga un car\u00e1cter propio mientras mantiene una continuidad entre las distintas partes del filme.<\/p>\n<h2 data-start=\"4490\" data-end=\"4568\"><strong data-start=\"4493\" data-end=\"4568\">Una obra sobre imaginaci\u00f3n, ritos familiares y transmisi\u00f3n de recuerdos<\/strong><\/h2>\n<p data-start=\"4570\" data-end=\"5002\">Tanto los directores como el equipo de guion subrayan que las historias del largometraje abordan la p\u00e9rdida desde diferentes perspectivas. Patrik Pa\u0161\u0161 se\u00f1ala que los cuentos de Goldflam tratan temas como la tristeza o la ausencia, pero a trav\u00e9s de elementos fuera de lo habitual. El guion, que experiment\u00f3 cambios durante su desarrollo, busc\u00f3 integrar esa mirada sin alejarse del punto de vista infantil desde el que se articula la narraci\u00f3n.<\/p>\n<h2 data-start=\"5009\" data-end=\"5059\"><strong data-start=\"5012\" data-end=\"5059\">Trayectoria en festivales y reconocimientos<\/strong><\/h2>\n<p data-start=\"5061\" data-end=\"5127\">Entre los festivales y premios en los que ha participado destacan:<\/p>\n<ul data-start=\"5129\" data-end=\"5623\">\n<li data-start=\"5129\" data-end=\"5197\">\n<p data-start=\"5131\" data-end=\"5197\"><strong data-start=\"5131\" data-end=\"5149\">World Premiere<\/strong> en la <strong data-start=\"5156\" data-end=\"5174\">Berlinale 2025<\/strong> (Generation K Plus).<\/p>\n<\/li>\n<li data-start=\"5198\" data-end=\"5289\">\n<p data-start=\"5200\" data-end=\"5289\">Selecci\u00f3n oficial en el <strong data-start=\"5224\" data-end=\"5286\">Festival Internacional de Cine de Animaci\u00f3n de Annecy 2025<\/strong>.<\/p>\n<\/li>\n<li data-start=\"5290\" data-end=\"5325\">\n<p data-start=\"5292\" data-end=\"5325\">Proyecci\u00f3n en <strong data-start=\"5306\" data-end=\"5322\">SEMINCI 2025<\/strong>.<\/p>\n<\/li>\n<li data-start=\"5326\" data-end=\"5380\">\n<p data-start=\"5328\" data-end=\"5380\"><strong data-start=\"5328\" data-end=\"5350\">Mi Primer Festival<\/strong> (Barcelona y Madrid, 2025).<\/p>\n<\/li>\n<li data-start=\"5381\" data-end=\"5458\">\n<p data-start=\"5383\" data-end=\"5458\"><strong data-start=\"5383\" data-end=\"5439\">ECFA Special Award \u2013 Best European Film for Children<\/strong> en Giffoni 2025.<\/p>\n<\/li>\n<li data-start=\"5459\" data-end=\"5538\">\n<p data-start=\"5461\" data-end=\"5538\"><strong data-start=\"5461\" data-end=\"5512\">Premio al Mejor Largometraje Infantil (+6 a\u00f1os)<\/strong> en GazteFilm Fest 2025.<\/p>\n<\/li>\n<li data-start=\"5539\" data-end=\"5623\">\n<p data-start=\"5541\" data-end=\"5623\">Nominaciones a <strong data-start=\"5556\" data-end=\"5573\">European Film<\/strong> y <strong data-start=\"5576\" data-end=\"5602\">European Animated Film<\/strong> en los <strong data-start=\"5610\" data-end=\"5622\">EFA 2026<\/strong>.<\/p>\n<\/li>\n<\/ul>\n<p><img decoding=\"async\" class=\"wp-image-47420 aligncenter\" src=\"https:\/\/guiadelocio.es\/madrid\/wp-content\/uploads\/sites\/2\/2025\/12\/TFMG_Maurfilm_Artichoke_ZVVIKS_VivementLundi_4-300x162.jpg\" alt=\"\" width=\"696\" height=\"376\" srcset=\"https:\/\/guiadelocio.es\/madrid\/wp-content\/uploads\/sites\/2\/2025\/12\/TFMG_Maurfilm_Artichoke_ZVVIKS_VivementLundi_4-300x162.jpg 300w, https:\/\/guiadelocio.es\/madrid\/wp-content\/uploads\/sites\/2\/2025\/12\/TFMG_Maurfilm_Artichoke_ZVVIKS_VivementLundi_4-1024x554.jpg 1024w, https:\/\/guiadelocio.es\/madrid\/wp-content\/uploads\/sites\/2\/2025\/12\/TFMG_Maurfilm_Artichoke_ZVVIKS_VivementLundi_4-768x415.jpg 768w, https:\/\/guiadelocio.es\/madrid\/wp-content\/uploads\/sites\/2\/2025\/12\/TFMG_Maurfilm_Artichoke_ZVVIKS_VivementLundi_4-1536x830.jpg 1536w, https:\/\/guiadelocio.es\/madrid\/wp-content\/uploads\/sites\/2\/2025\/12\/TFMG_Maurfilm_Artichoke_ZVVIKS_VivementLundi_4-scaled.jpg 2048w, https:\/\/guiadelocio.es\/madrid\/wp-content\/uploads\/sites\/2\/2025\/12\/TFMG_Maurfilm_Artichoke_ZVVIKS_VivementLundi_4-1702x920.jpg 1702w, https:\/\/guiadelocio.es\/madrid\/wp-content\/uploads\/sites\/2\/2025\/12\/TFMG_Maurfilm_Artichoke_ZVVIKS_VivementLundi_4-640x346.jpg 640w, https:\/\/guiadelocio.es\/madrid\/wp-content\/uploads\/sites\/2\/2025\/12\/TFMG_Maurfilm_Artichoke_ZVVIKS_VivementLundi_4-266x144.jpg 266w\" sizes=\"(max-width: 696px) 100vw, 696px\" \/><\/p>\n<h2 data-start=\"5871\" data-end=\"5891\"><strong data-start=\"5874\" data-end=\"5891\">Ficha t\u00e9cnica<\/strong><\/h2>\n<p data-start=\"5893\" data-end=\"6690\"><strong data-start=\"5893\" data-end=\"5913\">T\u00edtulo original:<\/strong> <em data-start=\"5914\" data-end=\"5934\">Poh\u00e1dky po babicce<\/em><br data-start=\"5934\" data-end=\"5937\" \/><strong data-start=\"5937\" data-end=\"5962\">T\u00edtulo internacional:<\/strong> <em data-start=\"5963\" data-end=\"5992\">Tales from the magic garden<\/em><br data-start=\"5992\" data-end=\"5995\" \/><strong data-start=\"5995\" data-end=\"6009\">Direcci\u00f3n:<\/strong> David S\u00fakup, Patrik Pa\u0161\u0161, Leon Vidmar, Jean-Claude Rozec<br data-start=\"6066\" data-end=\"6069\" \/><strong data-start=\"6069\" data-end=\"6077\">A\u00f1o:<\/strong> 2025<br data-start=\"6082\" data-end=\"6085\" \/><strong data-start=\"6085\" data-end=\"6098\">Duraci\u00f3n:<\/strong> 71 min<br data-start=\"6105\" data-end=\"6108\" \/><strong data-start=\"6108\" data-end=\"6117\">Pa\u00eds:<\/strong> Rep\u00fablica Checa<br data-start=\"6133\" data-end=\"6136\" \/><strong data-start=\"6136\" data-end=\"6153\">Coproducci\u00f3n:<\/strong> Rep\u00fablica Checa, Eslovaquia, Eslovenia, Francia<br data-start=\"6201\" data-end=\"6204\" \/><strong data-start=\"6204\" data-end=\"6220\">Productoras:<\/strong> Maurfilm, Artichoke, ZVVIKS, Mythology Sirens, Vivement Lundi !<br data-start=\"6284\" data-end=\"6287\" \/><strong data-start=\"6287\" data-end=\"6297\">Guion:<\/strong> Marek Kr\u00e1l, Petr Kraj\u00ed\u010dek, Patrik Pa\u0161\u0161, Jerneja Kaja Balog, Maja Kri\u017enik, Blandine Jet<br data-start=\"6384\" data-end=\"6387\" \/><strong data-start=\"6387\" data-end=\"6398\">M\u00fasica:<\/strong> Lucia Chu\u0165kov\u00e1<br data-start=\"6413\" data-end=\"6416\" \/><strong data-start=\"6416\" data-end=\"6444\">Direcci\u00f3n de fotograf\u00eda:<\/strong> Radka \u0160pl\u00edchalov\u00e1, V\u00e1clav Fronk, Alan Soural, Simona Weisslechner, Milo\u0161 Srdi\u0107, Mathilde Gaillard<br data-start=\"6542\" data-end=\"6545\" \/><strong data-start=\"6545\" data-end=\"6567\">Direcci\u00f3n de arte:<\/strong> Patricia Ortiz Mart\u00ednez, Jean-Claude Rozec<br data-start=\"6610\" data-end=\"6613\" \/><strong data-start=\"6613\" data-end=\"6631\">Dise\u00f1o sonoro:<\/strong> Miroslav \u010cerven\u00e1 Chaloupka<br data-start=\"6658\" data-end=\"6661\" \/><strong data-start=\"6661\" data-end=\"6673\">Edici\u00f3n:<\/strong> Ad\u00e9la \u0160paljov\u00e1<\/p>\n<h2 data-start=\"6210\" data-end=\"6251\"><strong data-start=\"6213\" data-end=\"6251\">Una propuesta para toda la familia<\/strong><\/h2>\n<p data-start=\"144\" data-end=\"442\"><strong><em data-start=\"144\" data-end=\"181\">Los misteriosos cuentos del manzano<\/em><\/strong> es un filme lleno de sensibilidad, imaginaci\u00f3n y respeto por el mundo emocional de los ni\u00f1os. Con su animaci\u00f3n artesanal y su mirada luminosa sobre el duelo, deja una huella en quienes lo ven, grandes y peque\u00f1os por igual. Recomendada a partir de los 5 a\u00f1os.<\/p>\n<p data-start=\"444\" data-end=\"670\">No es solo una pel\u00edcula para entretener: invita a hablar, recordar, imaginar y sanar. Una obra que demuestra que las historias no nos alejan del dolor, sino que nos ayudan a atravesarlo con un poco m\u00e1s de fuerza y esperanza.<\/p>\n<div class=\"js--player\" data-plyr-provider=\"youtube\" data-plyr-embed-id=\"2Vmkbk98u6A\" data-origin=\"2Vmkbk98u6A&#038;t=1s\"><\/div>\n<p>&nbsp;<\/p>\n<p><span style=\"color: #ff6600;\"><strong>\u00bfQuieres ser siempre el primero en enterarte de todos los planes que hay en tu ciudad?<\/strong><\/span><\/p>\n<p><span style=\"color: #ff6600;\"><a class=\"button button--large button--iconposition-left button--icon-newsletter\" style=\"color: #ff6600;\" href=\"https:\/\/guiadelocio.es\/madrid\/suscribete-aqui-a-nuestra-newsletter\/\" target=\"_blank\" rel=\"noopener\"><span>Inscr\u00edbete AQU\u00cd a nuestra newsletter<\/span><\/a><\/span><\/p>\n","protected":false},"excerpt":{"rendered":"<p>El pr\u00f3ximo 12 de diciembre de 2025 llega a salas de cine Los misteriosos cuentos del manzano, un largometraje de animaci\u00f3n stop-motion dirigido por David S\u00fakup, Patrik Pa\u0161\u0161, Leon Vidmar y Jean-Claude Rozec. La producci\u00f3n, realizada entre Rep\u00fablica Checa, Eslovaquia, Eslovenia y Francia, ha participado en algunos de los principales cert\u00e1menes europeos: Berlinale (Generation K [&hellip;]<\/p>\n","protected":false},"author":8,"featured_media":47410,"comment_status":"closed","ping_status":"closed","sticky":false,"template":"","format":"standard","meta":{"_acf_changed":false,"footnotes":""},"categories":[1],"tags":[],"category_plan":[47,143,177],"filter_trans":[472],"filter_main":[],"filter_sec":[],"barrios":[],"class_list":["post-47409","post","type-post","status-publish","format-standard","has-post-thumbnail","hentry","category-sin-categorizar","filter_trans-familiar"],"acf":[],"yoast_head":"<!-- This site is optimized with the Yoast SEO plugin v26.0 - https:\/\/yoast.com\/wordpress\/plugins\/seo\/ -->\n<title>Los misteriosos cuentos del manzano llega a los cines | Madrid<\/title>\n<meta name=\"description\" content=\"\u201cLos misteriosos cuentos del manzano\u201d: un largometraje de animaci\u00f3n stop-motion sobre memoria, imaginaci\u00f3n y v\u00ednculos familiares\" \/>\n<meta name=\"robots\" content=\"index, follow, max-snippet:-1, max-image-preview:large, max-video-preview:-1\" \/>\n<link rel=\"canonical\" href=\"https:\/\/guiadelocio.es\/madrid\/los-misteriosos-cuentos-del-manzano-llega-a-los-cines\/\" \/>\n<meta property=\"og:locale\" content=\"es_ES\" \/>\n<meta property=\"og:type\" content=\"article\" \/>\n<meta property=\"og:title\" content=\"Los misteriosos cuentos del manzano llega a los cines | Madrid\" \/>\n<meta property=\"og:description\" content=\"\u201cLos misteriosos cuentos del manzano\u201d: un largometraje de animaci\u00f3n stop-motion sobre memoria, imaginaci\u00f3n y v\u00ednculos familiares\" \/>\n<meta property=\"og:url\" content=\"https:\/\/guiadelocio.es\/madrid\/los-misteriosos-cuentos-del-manzano-llega-a-los-cines\/\" \/>\n<meta property=\"og:site_name\" content=\"Madrid\" \/>\n<meta property=\"article:published_time\" content=\"2025-12-05T12:59:29+00:00\" \/>\n<meta property=\"article:modified_time\" content=\"2025-12-09T18:57:06+00:00\" \/>\n<meta property=\"og:image\" content=\"https:\/\/guiadelocio.es\/madrid\/wp-content\/uploads\/sites\/2\/2025\/12\/ElsMisteriososContesDelPomer_creativitats_GuiaOcio_2080x800.jpg\" \/>\n\t<meta property=\"og:image:width\" content=\"2048\" \/>\n\t<meta property=\"og:image:height\" content=\"788\" \/>\n\t<meta property=\"og:image:type\" content=\"image\/jpeg\" \/>\n<meta name=\"author\" content=\"Gu\u00eda del Ocio\" \/>\n<meta name=\"twitter:card\" content=\"summary_large_image\" \/>\n<meta name=\"twitter:label1\" content=\"Escrito por\" \/>\n\t<meta name=\"twitter:data1\" content=\"Gu\u00eda del Ocio\" \/>\n\t<meta name=\"twitter:label2\" content=\"Tiempo de lectura\" \/>\n\t<meta name=\"twitter:data2\" content=\"6 minutos\" \/>\n<script type=\"application\/ld+json\" class=\"yoast-schema-graph\">{\"@context\":\"https:\/\/schema.org\",\"@graph\":[{\"@type\":\"WebPage\",\"@id\":\"https:\/\/guiadelocio.es\/madrid\/los-misteriosos-cuentos-del-manzano-llega-a-los-cines\/\",\"url\":\"https:\/\/guiadelocio.es\/madrid\/los-misteriosos-cuentos-del-manzano-llega-a-los-cines\/\",\"name\":\"Los misteriosos cuentos del manzano llega a los cines | Madrid\",\"isPartOf\":{\"@id\":\"https:\/\/guiadelocio.es\/madrid\/#website\"},\"primaryImageOfPage\":{\"@id\":\"https:\/\/guiadelocio.es\/madrid\/los-misteriosos-cuentos-del-manzano-llega-a-los-cines\/#primaryimage\"},\"image\":{\"@id\":\"https:\/\/guiadelocio.es\/madrid\/los-misteriosos-cuentos-del-manzano-llega-a-los-cines\/#primaryimage\"},\"thumbnailUrl\":\"https:\/\/guiadelocio.es\/madrid\/wp-content\/uploads\/sites\/2\/2025\/12\/ElsMisteriososContesDelPomer_creativitats_GuiaOcio_2080x800.jpg\",\"datePublished\":\"2025-12-05T12:59:29+00:00\",\"dateModified\":\"2025-12-09T18:57:06+00:00\",\"author\":{\"@id\":\"https:\/\/guiadelocio.es\/madrid\/#\/schema\/person\/dedd385c3a1875e2dfb8ee808e4fca89\"},\"description\":\"\u201cLos misteriosos cuentos del manzano\u201d: un largometraje de animaci\u00f3n stop-motion sobre memoria, imaginaci\u00f3n y v\u00ednculos familiares\",\"breadcrumb\":{\"@id\":\"https:\/\/guiadelocio.es\/madrid\/los-misteriosos-cuentos-del-manzano-llega-a-los-cines\/#breadcrumb\"},\"inLanguage\":\"es\",\"potentialAction\":[{\"@type\":\"ReadAction\",\"target\":[\"https:\/\/guiadelocio.es\/madrid\/los-misteriosos-cuentos-del-manzano-llega-a-los-cines\/\"]}]},{\"@type\":\"ImageObject\",\"inLanguage\":\"es\",\"@id\":\"https:\/\/guiadelocio.es\/madrid\/los-misteriosos-cuentos-del-manzano-llega-a-los-cines\/#primaryimage\",\"url\":\"https:\/\/guiadelocio.es\/madrid\/wp-content\/uploads\/sites\/2\/2025\/12\/ElsMisteriososContesDelPomer_creativitats_GuiaOcio_2080x800.jpg\",\"contentUrl\":\"https:\/\/guiadelocio.es\/madrid\/wp-content\/uploads\/sites\/2\/2025\/12\/ElsMisteriososContesDelPomer_creativitats_GuiaOcio_2080x800.jpg\",\"width\":2048,\"height\":788},{\"@type\":\"BreadcrumbList\",\"@id\":\"https:\/\/guiadelocio.es\/madrid\/los-misteriosos-cuentos-del-manzano-llega-a-los-cines\/#breadcrumb\",\"itemListElement\":[{\"@type\":\"ListItem\",\"position\":1,\"name\":\"Portada\",\"item\":\"https:\/\/guiadelocio.es\/madrid\/\"},{\"@type\":\"ListItem\",\"position\":2,\"name\":\"Los misteriosos cuentos del manzano llega a los cines\"}]},{\"@type\":\"WebSite\",\"@id\":\"https:\/\/guiadelocio.es\/madrid\/#website\",\"url\":\"https:\/\/guiadelocio.es\/madrid\/\",\"name\":\"Madrid | Gu\u00eda del Ocio\",\"description\":\"Qu\u00e9 hacer, d\u00f3nde comer, qu\u00e9 visitar y los lugares que no te puedes perder\",\"potentialAction\":[{\"@type\":\"SearchAction\",\"target\":{\"@type\":\"EntryPoint\",\"urlTemplate\":\"https:\/\/guiadelocio.es\/madrid\/?s={search_term_string}\"},\"query-input\":{\"@type\":\"PropertyValueSpecification\",\"valueRequired\":true,\"valueName\":\"search_term_string\"}}],\"inLanguage\":\"es\"},{\"@type\":\"Person\",\"@id\":\"https:\/\/guiadelocio.es\/madrid\/#\/schema\/person\/dedd385c3a1875e2dfb8ee808e4fca89\",\"name\":\"Gu\u00eda del Ocio\",\"image\":{\"@type\":\"ImageObject\",\"inLanguage\":\"es\",\"@id\":\"https:\/\/guiadelocio.es\/madrid\/#\/schema\/person\/image\/\",\"url\":\"https:\/\/secure.gravatar.com\/avatar\/27d9eb58286cefc2042fb32a3db3a679c555c2a21aa6719fa7916d63185b9fe9?s=96&d=mm&r=g\",\"contentUrl\":\"https:\/\/secure.gravatar.com\/avatar\/27d9eb58286cefc2042fb32a3db3a679c555c2a21aa6719fa7916d63185b9fe9?s=96&d=mm&r=g\",\"caption\":\"Gu\u00eda del Ocio\"}}]}<\/script>\n<!-- \/ Yoast SEO plugin. -->","yoast_head_json":{"title":"Los misteriosos cuentos del manzano llega a los cines | Madrid","description":"\u201cLos misteriosos cuentos del manzano\u201d: un largometraje de animaci\u00f3n stop-motion sobre memoria, imaginaci\u00f3n y v\u00ednculos familiares","robots":{"index":"index","follow":"follow","max-snippet":"max-snippet:-1","max-image-preview":"max-image-preview:large","max-video-preview":"max-video-preview:-1"},"canonical":"https:\/\/guiadelocio.es\/madrid\/los-misteriosos-cuentos-del-manzano-llega-a-los-cines\/","og_locale":"es_ES","og_type":"article","og_title":"Los misteriosos cuentos del manzano llega a los cines | Madrid","og_description":"\u201cLos misteriosos cuentos del manzano\u201d: un largometraje de animaci\u00f3n stop-motion sobre memoria, imaginaci\u00f3n y v\u00ednculos familiares","og_url":"https:\/\/guiadelocio.es\/madrid\/los-misteriosos-cuentos-del-manzano-llega-a-los-cines\/","og_site_name":"Madrid","article_published_time":"2025-12-05T12:59:29+00:00","article_modified_time":"2025-12-09T18:57:06+00:00","og_image":[{"width":2048,"height":788,"url":"https:\/\/guiadelocio.es\/madrid\/wp-content\/uploads\/sites\/2\/2025\/12\/ElsMisteriososContesDelPomer_creativitats_GuiaOcio_2080x800.jpg","type":"image\/jpeg"}],"author":"Gu\u00eda del Ocio","twitter_card":"summary_large_image","twitter_misc":{"Escrito por":"Gu\u00eda del Ocio","Tiempo de lectura":"6 minutos"},"schema":{"@context":"https:\/\/schema.org","@graph":[{"@type":"WebPage","@id":"https:\/\/guiadelocio.es\/madrid\/los-misteriosos-cuentos-del-manzano-llega-a-los-cines\/","url":"https:\/\/guiadelocio.es\/madrid\/los-misteriosos-cuentos-del-manzano-llega-a-los-cines\/","name":"Los misteriosos cuentos del manzano llega a los cines | Madrid","isPartOf":{"@id":"https:\/\/guiadelocio.es\/madrid\/#website"},"primaryImageOfPage":{"@id":"https:\/\/guiadelocio.es\/madrid\/los-misteriosos-cuentos-del-manzano-llega-a-los-cines\/#primaryimage"},"image":{"@id":"https:\/\/guiadelocio.es\/madrid\/los-misteriosos-cuentos-del-manzano-llega-a-los-cines\/#primaryimage"},"thumbnailUrl":"https:\/\/guiadelocio.es\/madrid\/wp-content\/uploads\/sites\/2\/2025\/12\/ElsMisteriososContesDelPomer_creativitats_GuiaOcio_2080x800.jpg","datePublished":"2025-12-05T12:59:29+00:00","dateModified":"2025-12-09T18:57:06+00:00","author":{"@id":"https:\/\/guiadelocio.es\/madrid\/#\/schema\/person\/dedd385c3a1875e2dfb8ee808e4fca89"},"description":"\u201cLos misteriosos cuentos del manzano\u201d: un largometraje de animaci\u00f3n stop-motion sobre memoria, imaginaci\u00f3n y v\u00ednculos familiares","breadcrumb":{"@id":"https:\/\/guiadelocio.es\/madrid\/los-misteriosos-cuentos-del-manzano-llega-a-los-cines\/#breadcrumb"},"inLanguage":"es","potentialAction":[{"@type":"ReadAction","target":["https:\/\/guiadelocio.es\/madrid\/los-misteriosos-cuentos-del-manzano-llega-a-los-cines\/"]}]},{"@type":"ImageObject","inLanguage":"es","@id":"https:\/\/guiadelocio.es\/madrid\/los-misteriosos-cuentos-del-manzano-llega-a-los-cines\/#primaryimage","url":"https:\/\/guiadelocio.es\/madrid\/wp-content\/uploads\/sites\/2\/2025\/12\/ElsMisteriososContesDelPomer_creativitats_GuiaOcio_2080x800.jpg","contentUrl":"https:\/\/guiadelocio.es\/madrid\/wp-content\/uploads\/sites\/2\/2025\/12\/ElsMisteriososContesDelPomer_creativitats_GuiaOcio_2080x800.jpg","width":2048,"height":788},{"@type":"BreadcrumbList","@id":"https:\/\/guiadelocio.es\/madrid\/los-misteriosos-cuentos-del-manzano-llega-a-los-cines\/#breadcrumb","itemListElement":[{"@type":"ListItem","position":1,"name":"Portada","item":"https:\/\/guiadelocio.es\/madrid\/"},{"@type":"ListItem","position":2,"name":"Los misteriosos cuentos del manzano llega a los cines"}]},{"@type":"WebSite","@id":"https:\/\/guiadelocio.es\/madrid\/#website","url":"https:\/\/guiadelocio.es\/madrid\/","name":"Madrid | Gu\u00eda del Ocio","description":"Qu\u00e9 hacer, d\u00f3nde comer, qu\u00e9 visitar y los lugares que no te puedes perder","potentialAction":[{"@type":"SearchAction","target":{"@type":"EntryPoint","urlTemplate":"https:\/\/guiadelocio.es\/madrid\/?s={search_term_string}"},"query-input":{"@type":"PropertyValueSpecification","valueRequired":true,"valueName":"search_term_string"}}],"inLanguage":"es"},{"@type":"Person","@id":"https:\/\/guiadelocio.es\/madrid\/#\/schema\/person\/dedd385c3a1875e2dfb8ee808e4fca89","name":"Gu\u00eda del Ocio","image":{"@type":"ImageObject","inLanguage":"es","@id":"https:\/\/guiadelocio.es\/madrid\/#\/schema\/person\/image\/","url":"https:\/\/secure.gravatar.com\/avatar\/27d9eb58286cefc2042fb32a3db3a679c555c2a21aa6719fa7916d63185b9fe9?s=96&d=mm&r=g","contentUrl":"https:\/\/secure.gravatar.com\/avatar\/27d9eb58286cefc2042fb32a3db3a679c555c2a21aa6719fa7916d63185b9fe9?s=96&d=mm&r=g","caption":"Gu\u00eda del Ocio"}}]}},"_links":{"self":[{"href":"https:\/\/guiadelocio.es\/madrid\/wp-json\/wp\/v2\/posts\/47409","targetHints":{"allow":["GET"]}}],"collection":[{"href":"https:\/\/guiadelocio.es\/madrid\/wp-json\/wp\/v2\/posts"}],"about":[{"href":"https:\/\/guiadelocio.es\/madrid\/wp-json\/wp\/v2\/types\/post"}],"author":[{"embeddable":true,"href":"https:\/\/guiadelocio.es\/madrid\/wp-json\/wp\/v2\/users\/8"}],"replies":[{"embeddable":true,"href":"https:\/\/guiadelocio.es\/madrid\/wp-json\/wp\/v2\/comments?post=47409"}],"version-history":[{"count":3,"href":"https:\/\/guiadelocio.es\/madrid\/wp-json\/wp\/v2\/posts\/47409\/revisions"}],"predecessor-version":[{"id":47427,"href":"https:\/\/guiadelocio.es\/madrid\/wp-json\/wp\/v2\/posts\/47409\/revisions\/47427"}],"wp:featuredmedia":[{"embeddable":true,"href":"https:\/\/guiadelocio.es\/madrid\/wp-json\/wp\/v2\/media\/47410"}],"wp:attachment":[{"href":"https:\/\/guiadelocio.es\/madrid\/wp-json\/wp\/v2\/media?parent=47409"}],"wp:term":[{"taxonomy":"category","embeddable":true,"href":"https:\/\/guiadelocio.es\/madrid\/wp-json\/wp\/v2\/categories?post=47409"},{"taxonomy":"post_tag","embeddable":true,"href":"https:\/\/guiadelocio.es\/madrid\/wp-json\/wp\/v2\/tags?post=47409"},{"taxonomy":"category_plan","embeddable":true,"href":"https:\/\/guiadelocio.es\/madrid\/wp-json\/wp\/v2\/category_plan?post=47409"},{"taxonomy":"filter_trans","embeddable":true,"href":"https:\/\/guiadelocio.es\/madrid\/wp-json\/wp\/v2\/filter_trans?post=47409"},{"taxonomy":"filter_main","embeddable":true,"href":"https:\/\/guiadelocio.es\/madrid\/wp-json\/wp\/v2\/filter_main?post=47409"},{"taxonomy":"filter_sec","embeddable":true,"href":"https:\/\/guiadelocio.es\/madrid\/wp-json\/wp\/v2\/filter_sec?post=47409"},{"taxonomy":"barrios","embeddable":true,"href":"https:\/\/guiadelocio.es\/madrid\/wp-json\/wp\/v2\/barrios?post=47409"}],"curies":[{"name":"wp","href":"https:\/\/api.w.org\/{rel}","templated":true}]}}