{"id":47225,"date":"2025-12-03T12:22:35","date_gmt":"2025-12-03T11:22:35","guid":{"rendered":"https:\/\/guiadelocio.es\/madrid\/?p=47225"},"modified":"2025-12-04T13:14:35","modified_gmt":"2025-12-04T12:14:35","slug":"luces-de-navidad-en-madrid-2025-2026-guia-completa","status":"publish","type":"post","link":"https:\/\/guiadelocio.es\/madrid\/luces-de-navidad-en-madrid-2025-2026-guia-completa\/","title":{"rendered":"Luces de Navidad en Madrid: gu\u00eda completa"},"content":{"rendered":"<p data-start=\"189\" data-end=\"708\"><strong>Madrid<\/strong> se prepara un a\u00f1o m\u00e1s para convertirse en un <strong>espect\u00e1culo de luz y color durante la Navidad<\/strong>. Desde el 22 de noviembre hasta el 6 de enero, <strong>millones de luces LED<\/strong> transforman calles, plazas y edificios en un recorrido festivo que abarca los <strong>21 distritos<\/strong> de la ciudad. Con m\u00e1s de 13 millones de bombillas, 7.134 cadenetas, 126 cerezos luminosos y 13 grandes abetos.<\/p>\n<h2 data-start=\"715\" data-end=\"762\">Novedades destacadas de este a\u00f1o<\/h2>\n<p data-start=\"764\" data-end=\"870\">Cada a\u00f1o, Madrid renueva su iluminaci\u00f3n con proyectos innovadores y espectaculares. Esta Navidad destacan:<\/p>\n<ul data-start=\"872\" data-end=\"1743\">\n<li data-start=\"872\" data-end=\"1000\">\n<p data-start=\"874\" data-end=\"1000\">Gran V\u00eda: nuevo dise\u00f1o inspirado en copos de nieve con efectos flash, un recorrido de luz pensado para fotografiar y pasear.<\/p>\n<\/li>\n<li data-start=\"1001\" data-end=\"1105\">\n<p data-start=\"1003\" data-end=\"1105\">Abeto luminoso en Alcal\u00e1\u2013Gran V\u00eda: con 125.000 puntos LED que crean un impacto visual impresionante.<\/p>\n<\/li>\n<li data-start=\"1106\" data-end=\"1254\">\n<p data-start=\"1108\" data-end=\"1254\">Vela transitable en Nuevos Ministerios: estructura de 12 metros que permite recorrerla por dentro y experimentar la Navidad de una manera \u00fanica.<\/p>\n<\/li>\n<li data-start=\"1255\" data-end=\"1461\">\n<p data-start=\"1257\" data-end=\"1461\">\u00c1ngeles luminosos en Plaza de Carlos V, el Gran Ni\u00f1o Jes\u00fas en el Puente de Ventas y un Nacimiento frente al Congreso, todos fabricados con materiales respetuosos con el medio ambiente, como EcoGreenLux.<\/p>\n<\/li>\n<li data-start=\"1462\" data-end=\"1743\">\n<p data-start=\"1464\" data-end=\"1743\">Nuevo amanecer luminoso en la calle Goya, sum\u00e1ndose a cl\u00e1sicos que vuelven cada a\u00f1o: la Bola luminosa entre Bail\u00e9n y Plaza de Espa\u00f1a, el Nacimiento de Plaza de Castilla, la Menina del Paseo del Prado, el \u00c1ngel de Madrid en Col\u00f3n y los belenes figurativos en puertas hist\u00f3ricas.<\/p>\n<\/li>\n<\/ul>\n<p><img decoding=\"async\" class=\"wp-image-47236 aligncenter\" src=\"https:\/\/guiadelocio.es\/madrid\/wp-content\/uploads\/sites\/2\/2025\/12\/angel_de_madrid_plaza_de_colon_navidad_2024_2-300x152.jpg\" alt=\"\" width=\"669\" height=\"339\" srcset=\"https:\/\/guiadelocio.es\/madrid\/wp-content\/uploads\/sites\/2\/2025\/12\/angel_de_madrid_plaza_de_colon_navidad_2024_2-300x152.jpg 300w, https:\/\/guiadelocio.es\/madrid\/wp-content\/uploads\/sites\/2\/2025\/12\/angel_de_madrid_plaza_de_colon_navidad_2024_2-640x325.jpg 640w, https:\/\/guiadelocio.es\/madrid\/wp-content\/uploads\/sites\/2\/2025\/12\/angel_de_madrid_plaza_de_colon_navidad_2024_2-266x135.jpg 266w, https:\/\/guiadelocio.es\/madrid\/wp-content\/uploads\/sites\/2\/2025\/12\/angel_de_madrid_plaza_de_colon_navidad_2024_2.jpg 660w\" sizes=\"(max-width: 669px) 100vw, 669px\" \/><\/p>\n<p data-start=\"1745\" data-end=\"1936\">Estas instalaciones no solo iluminan la ciudad, sino que crean un recorrido pensado para disfrutar en familia, con amigos o para quienes buscan rincones fotog\u00e9nicos en el coraz\u00f3n de Madrid.<\/p>\n<h2 data-start=\"1943\" data-end=\"1983\">La creatividad de ni\u00f1os y dise\u00f1adores<\/h2>\n<p data-start=\"1985\" data-end=\"2369\">Por segundo a\u00f1o consecutivo, la iluminaci\u00f3n navide\u00f1a incorpora luces dise\u00f1adas por ni\u00f1os de primero y segundo de primaria, ganadores del concurso escolar convocado por el Ayuntamiento. Sus creaciones se transforman en bombillas de colores que iluminan calles como Sal, Gerona, Felipe III, Siete de Julio, Ciudad Rodrigo y Toledo, aportando un toque entra\u00f1able y cercano a la ciudad.<\/p>\n<div id=\"attachment_47228\" style=\"width: 693px\" class=\"wp-caption aligncenter\"><img decoding=\"async\" aria-describedby=\"caption-attachment-47228\" class=\"wp-image-47228 \" src=\"https:\/\/guiadelocio.es\/madrid\/wp-content\/uploads\/sites\/2\/2025\/12\/Lucespremiados2025-1500x1000-1-300x200.jpg\" alt=\"\" width=\"683\" height=\"455\" srcset=\"https:\/\/guiadelocio.es\/madrid\/wp-content\/uploads\/sites\/2\/2025\/12\/Lucespremiados2025-1500x1000-1-300x200.jpg 300w, https:\/\/guiadelocio.es\/madrid\/wp-content\/uploads\/sites\/2\/2025\/12\/Lucespremiados2025-1500x1000-1-1024x683.jpg 1024w, https:\/\/guiadelocio.es\/madrid\/wp-content\/uploads\/sites\/2\/2025\/12\/Lucespremiados2025-1500x1000-1-768x512.jpg 768w, https:\/\/guiadelocio.es\/madrid\/wp-content\/uploads\/sites\/2\/2025\/12\/Lucespremiados2025-1500x1000-1-1380x920.jpg 1380w, https:\/\/guiadelocio.es\/madrid\/wp-content\/uploads\/sites\/2\/2025\/12\/Lucespremiados2025-1500x1000-1-640x427.jpg 640w, https:\/\/guiadelocio.es\/madrid\/wp-content\/uploads\/sites\/2\/2025\/12\/Lucespremiados2025-1500x1000-1-266x177.jpg 266w, https:\/\/guiadelocio.es\/madrid\/wp-content\/uploads\/sites\/2\/2025\/12\/Lucespremiados2025-1500x1000-1.jpg 1500w\" sizes=\"(max-width: 683px) 100vw, 683px\" \/><p id=\"caption-attachment-47228\" class=\"wp-caption-text\">\u00a9Miguel Berrocal<\/p><\/div>\n<p data-start=\"2371\" data-end=\"2748\">A este esfuerzo se suman dise\u00f1adores de la Asociaci\u00f3n Creadores de Moda de Espa\u00f1a (ACME), como Oteyza (calle Montera), Isabel Sanch\u00eds (Plaza de San Juan de la Cruz) y Pablo Erroz (Plaza de Chueca), cuyas propuestas conviven con firmas reconocidas como Devota &amp; Lomba, Pedro del Hierro, Juana Mart\u00edn o Ulises M\u00e9rida, dotando al alumbrado de car\u00e1cter exclusivo y contempor\u00e1neo.<\/p>\n<div id=\"attachment_47230\" style=\"width: 687px\" class=\"wp-caption aligncenter\"><img decoding=\"async\" aria-describedby=\"caption-attachment-47230\" class=\"wp-image-47230 \" src=\"https:\/\/guiadelocio.es\/madrid\/wp-content\/uploads\/sites\/2\/2025\/12\/2.Calle-de-Serrano-de-Pedro-del-Hierro-1-1500x1000-1-300x200.jpg\" alt=\"\" width=\"677\" height=\"451\" srcset=\"https:\/\/guiadelocio.es\/madrid\/wp-content\/uploads\/sites\/2\/2025\/12\/2.Calle-de-Serrano-de-Pedro-del-Hierro-1-1500x1000-1-300x200.jpg 300w, https:\/\/guiadelocio.es\/madrid\/wp-content\/uploads\/sites\/2\/2025\/12\/2.Calle-de-Serrano-de-Pedro-del-Hierro-1-1500x1000-1-1024x683.jpg 1024w, https:\/\/guiadelocio.es\/madrid\/wp-content\/uploads\/sites\/2\/2025\/12\/2.Calle-de-Serrano-de-Pedro-del-Hierro-1-1500x1000-1-768x512.jpg 768w, https:\/\/guiadelocio.es\/madrid\/wp-content\/uploads\/sites\/2\/2025\/12\/2.Calle-de-Serrano-de-Pedro-del-Hierro-1-1500x1000-1-1380x920.jpg 1380w, https:\/\/guiadelocio.es\/madrid\/wp-content\/uploads\/sites\/2\/2025\/12\/2.Calle-de-Serrano-de-Pedro-del-Hierro-1-1500x1000-1-640x427.jpg 640w, https:\/\/guiadelocio.es\/madrid\/wp-content\/uploads\/sites\/2\/2025\/12\/2.Calle-de-Serrano-de-Pedro-del-Hierro-1-1500x1000-1-266x177.jpg 266w, https:\/\/guiadelocio.es\/madrid\/wp-content\/uploads\/sites\/2\/2025\/12\/2.Calle-de-Serrano-de-Pedro-del-Hierro-1-1500x1000-1.jpg 1500w\" sizes=\"(max-width: 677px) 100vw, 677px\" \/><p id=\"caption-attachment-47230\" class=\"wp-caption-text\">Dise\u00f1o de Pedro del Hierro en Serrano<\/p><\/div>\n<h2 data-start=\"2755\" data-end=\"2791\">Los cl\u00e1sicos que no pueden faltar<\/h2>\n<p data-start=\"2793\" data-end=\"2873\">Madrid mantiene los grandes iconos navide\u00f1os que forman parte de su identidad:<\/p>\n<ul data-start=\"2875\" data-end=\"3232\">\n<li data-start=\"2875\" data-end=\"2923\">\n<p data-start=\"2877\" data-end=\"2923\">Bola luminosa entre Bail\u00e9n y Plaza de Espa\u00f1a<\/p>\n<\/li>\n<li data-start=\"2924\" data-end=\"2960\">\n<p data-start=\"2926\" data-end=\"2960\">Gran corona de Cardenal Cisneros<\/p>\n<\/li>\n<li data-start=\"2961\" data-end=\"3002\">\n<p data-start=\"2963\" data-end=\"3002\">Menina luminosa en el Paseo del Prado<\/p>\n<\/li>\n<li data-start=\"3003\" data-end=\"3031\">\n<p data-start=\"3005\" data-end=\"3031\">\u00c1ngel de Madrid en Col\u00f3n<\/p>\n<\/li>\n<li data-start=\"3032\" data-end=\"3079\">\n<p data-start=\"3034\" data-end=\"3079\">Abetos luminosos en Puerta del Sol y Ventas<\/p>\n<\/li>\n<li data-start=\"3080\" data-end=\"3174\">\n<p data-start=\"3082\" data-end=\"3174\">Belenes figurativos en las puertas de Alcal\u00e1, Toledo, San Vicente y el Viaducto de Segovia<\/p>\n<\/li>\n<li data-start=\"3175\" data-end=\"3232\">\n<p data-start=\"3177\" data-end=\"3232\">Flor de Pascua en Alcal\u00e1 con Hermanos Garc\u00eda Noblejas<\/p>\n<\/li>\n<\/ul>\n<p data-start=\"3234\" data-end=\"3437\">Adem\u00e1s, calles hist\u00f3ricas como Arenal, Alcal\u00e1, Preciados y Montera ofrecen recorridos de luz que conectan el Madrid m\u00e1s tradicional con zonas comerciales, ideales para pasear y disfrutar de la Navidad.<\/p>\n<p data-start=\"3234\" data-end=\"3437\"><img decoding=\"async\" class=\"wp-image-47238 aligncenter\" src=\"https:\/\/guiadelocio.es\/madrid\/wp-content\/uploads\/sites\/2\/2025\/12\/granbola_navidad_2023_2-300x152.jpg\" alt=\"\" width=\"679\" height=\"344\" srcset=\"https:\/\/guiadelocio.es\/madrid\/wp-content\/uploads\/sites\/2\/2025\/12\/granbola_navidad_2023_2-300x152.jpg 300w, https:\/\/guiadelocio.es\/madrid\/wp-content\/uploads\/sites\/2\/2025\/12\/granbola_navidad_2023_2-640x325.jpg 640w, https:\/\/guiadelocio.es\/madrid\/wp-content\/uploads\/sites\/2\/2025\/12\/granbola_navidad_2023_2-266x135.jpg 266w, https:\/\/guiadelocio.es\/madrid\/wp-content\/uploads\/sites\/2\/2025\/12\/granbola_navidad_2023_2.jpg 660w\" sizes=\"(max-width: 679px) 100vw, 679px\" \/><\/p>\n<h2 data-start=\"3444\" data-end=\"3468\">Horarios de encendido<\/h2>\n<p data-start=\"3470\" data-end=\"3568\">La iluminaci\u00f3n se podr\u00e1 disfrutar todos los d\u00edas desde finales de noviembre hasta el 6 de enero:<\/p>\n<ul data-start=\"3570\" data-end=\"3769\">\n<li data-start=\"3570\" data-end=\"3607\">\n<p data-start=\"3572\" data-end=\"3607\">Domingo a jueves: 18:00 \u2013 00:00 h<\/p>\n<\/li>\n<li data-start=\"3608\" data-end=\"3646\">\n<p data-start=\"3610\" data-end=\"3646\">Viernes y s\u00e1bados: 18:00 \u2013 01:00 h<\/p>\n<\/li>\n<li data-start=\"3647\" data-end=\"3682\">\n<p data-start=\"3649\" data-end=\"3682\">7 de diciembre: 18:00 \u2013 01:00 h<\/p>\n<\/li>\n<li data-start=\"3683\" data-end=\"3732\">\n<p data-start=\"3685\" data-end=\"3732\">24 de diciembre y 5 de enero: 18:00 \u2013 03:00 h<\/p>\n<\/li>\n<li data-start=\"3733\" data-end=\"3769\">\n<p data-start=\"3735\" data-end=\"3769\">31 de diciembre: 18:00 \u2013 06:00 h<\/p>\n<\/li>\n<\/ul>\n<p data-start=\"3771\" data-end=\"4030\">Adem\u00e1s, este a\u00f1o se estrena la iluminaci\u00f3n del r\u00edo Manzanares, en un tramo de 560 metros entre el puente Oblicuo y la pasarela de Andorra, con 61 proyectores LED que iluminan de azul la zona, activ\u00e1ndose los viernes, s\u00e1bados y domingos hasta el 29 de enero.<\/p>\n<h2 data-start=\"4037\" data-end=\"4097\">Un impacto positivo en comercio, turismo y sostenibilidad<\/h2>\n<p data-start=\"4099\" data-end=\"4491\">El Ayuntamiento considera la iluminaci\u00f3n navide\u00f1a una inversi\u00f3n que potencia el comercio, la hosteler\u00eda y el turismo de la ciudad. Todo el alumbrado es de <strong data-start=\"4254\" data-end=\"4284\">alta eficiencia energ\u00e9tica<\/strong> y la empresa adjudicataria asume el gasto del consumo el\u00e9ctrico. Las luces LED no solo iluminan m\u00e1s y consumen menos, sino que contribuyen a reducir la contaminaci\u00f3n lum\u00ednica y proteger el medio ambiente.<\/p>\n<h2 data-start=\"4498\" data-end=\"4533\">C\u00f3mo planificar tu ruta de luces<\/h2>\n<p data-start=\"314\" data-end=\"709\">A continuaci\u00f3n, el detalle distrito por distrito.<\/p>\n<h3 data-start=\"716\" data-end=\"728\">1. Centro<\/h3>\n<p data-start=\"730\" data-end=\"744\"><strong data-start=\"730\" data-end=\"742\">Gran V\u00eda<\/strong><\/p>\n<ul data-start=\"745\" data-end=\"908\">\n<li data-start=\"745\" data-end=\"813\">\n<p data-start=\"747\" data-end=\"813\">Nueva iluminaci\u00f3n inspirada en copos de nieve con efectos flash.<\/p>\n<\/li>\n<li data-start=\"814\" data-end=\"867\">\n<p data-start=\"816\" data-end=\"867\">Arcos y cadenetas LED que recorren toda la calle.<\/p>\n<\/li>\n<li data-start=\"868\" data-end=\"908\">\n<p data-start=\"870\" data-end=\"908\">Motivos dise\u00f1ados por ACME y Oteyza.<\/p>\n<\/li>\n<\/ul>\n<p data-start=\"910\" data-end=\"945\"><strong data-start=\"910\" data-end=\"943\">Calle de Alcal\u00e1 (Cibeles-Sol)<\/strong><\/p>\n<ul data-start=\"946\" data-end=\"1096\">\n<li data-start=\"946\" data-end=\"985\">\n<p data-start=\"948\" data-end=\"985\">Arcos y cadenetas en tonos c\u00e1lidos.<\/p>\n<\/li>\n<li data-start=\"986\" data-end=\"1042\">\n<p data-start=\"988\" data-end=\"1042\">Gran abeto luminoso en la intersecci\u00f3n con Gran V\u00eda.<\/p>\n<\/li>\n<li data-start=\"1043\" data-end=\"1096\">\n<p data-start=\"1045\" data-end=\"1096\">Flor de Pascua y motivos navide\u00f1os tradicionales.<\/p>\n<\/li>\n<\/ul>\n<p data-start=\"1098\" data-end=\"1120\"><strong data-start=\"1098\" data-end=\"1118\">Plaza de Cibeles<\/strong><\/p>\n<ul data-start=\"1121\" data-end=\"1276\">\n<li data-start=\"1121\" data-end=\"1205\">\n<p data-start=\"1123\" data-end=\"1205\">Videomapping \u201cLa energ\u00eda de la Navidad\u201d sobre la fachada del Palacio de Cibeles.<\/p>\n<\/li>\n<li data-start=\"1206\" data-end=\"1276\">\n<p data-start=\"1208\" data-end=\"1276\">Actuaci\u00f3n musical de Pablo L\u00f3pez y espect\u00e1culo de luces inaugural.<\/p>\n<\/li>\n<\/ul>\n<p data-start=\"1278\" data-end=\"1295\"><strong data-start=\"1278\" data-end=\"1293\">Plaza Mayor<\/strong><\/p>\n<ul data-start=\"1296\" data-end=\"1404\">\n<li data-start=\"1296\" data-end=\"1347\">\n<p data-start=\"1298\" data-end=\"1347\">Mercado navide\u00f1o, luces cl\u00e1sicas y villancicos.<\/p>\n<\/li>\n<li data-start=\"1348\" data-end=\"1404\">\n<p data-start=\"1350\" data-end=\"1404\">Motivos de los ni\u00f1os ganadores del concurso escolar.<\/p>\n<\/li>\n<\/ul>\n<p><img decoding=\"async\" class=\"wp-image-47234 aligncenter\" src=\"https:\/\/guiadelocio.es\/madrid\/wp-content\/uploads\/sites\/2\/2025\/12\/plaza_mayor_arbol_navidad_2025-300x152.jpg\" alt=\"\" width=\"683\" height=\"346\" srcset=\"https:\/\/guiadelocio.es\/madrid\/wp-content\/uploads\/sites\/2\/2025\/12\/plaza_mayor_arbol_navidad_2025-300x152.jpg 300w, https:\/\/guiadelocio.es\/madrid\/wp-content\/uploads\/sites\/2\/2025\/12\/plaza_mayor_arbol_navidad_2025-640x325.jpg 640w, https:\/\/guiadelocio.es\/madrid\/wp-content\/uploads\/sites\/2\/2025\/12\/plaza_mayor_arbol_navidad_2025-266x135.jpg 266w, https:\/\/guiadelocio.es\/madrid\/wp-content\/uploads\/sites\/2\/2025\/12\/plaza_mayor_arbol_navidad_2025.jpg 660w\" sizes=\"(max-width: 683px) 100vw, 683px\" \/><\/p>\n<p data-start=\"1406\" data-end=\"1427\"><strong data-start=\"1406\" data-end=\"1425\">Calle Preciados<\/strong><\/p>\n<ul data-start=\"1428\" data-end=\"1557\">\n<li data-start=\"1428\" data-end=\"1506\">\n<p data-start=\"1430\" data-end=\"1506\">Tradicional paseo de luces, perfecta combinaci\u00f3n de comercio y decoraci\u00f3n.<\/p>\n<\/li>\n<li data-start=\"1507\" data-end=\"1557\">\n<p data-start=\"1509\" data-end=\"1557\">Cadenetas, arcos y motivos en colores c\u00e1lidos.<\/p>\n<\/li>\n<\/ul>\n<p data-start=\"1559\" data-end=\"1578\"><strong data-start=\"1559\" data-end=\"1576\">Calle Montera<\/strong><\/p>\n<ul data-start=\"1579\" data-end=\"1643\">\n<li data-start=\"1579\" data-end=\"1608\">\n<p data-start=\"1581\" data-end=\"1608\">Dise\u00f1o exclusivo de ACME.<\/p>\n<\/li>\n<li data-start=\"1609\" data-end=\"1643\">\n<p data-start=\"1611\" data-end=\"1643\">Motivos modernos y art\u00edsticos.<\/p>\n<\/li>\n<\/ul>\n<p data-start=\"1645\" data-end=\"1665\"><strong data-start=\"1645\" data-end=\"1663\">Puerta del Sol<\/strong><\/p>\n<ul data-start=\"1666\" data-end=\"1712\">\n<li data-start=\"1666\" data-end=\"1712\">\n<p data-start=\"1668\" data-end=\"1712\">Abeto luminoso y adornos de cadenetas LED.<\/p>\n<\/li>\n<\/ul>\n<p data-start=\"1714\" data-end=\"1738\"><strong data-start=\"1714\" data-end=\"1736\">Plaza de Canalejas<\/strong><\/p>\n<ul data-start=\"1739\" data-end=\"1820\">\n<li data-start=\"1739\" data-end=\"1820\">\n<p data-start=\"1741\" data-end=\"1820\">Instalaciones elegantes que combinan con la arquitectura hist\u00f3rica y moderna.<\/p>\n<\/li>\n<\/ul>\n<h3 data-start=\"1827\" data-end=\"1842\">2. Salamanca<\/h3>\n<p data-start=\"1844\" data-end=\"1860\"><strong data-start=\"1844\" data-end=\"1858\">Calle Goya<\/strong><\/p>\n<ul data-start=\"1861\" data-end=\"1973\">\n<li data-start=\"1861\" data-end=\"1922\">\n<p data-start=\"1863\" data-end=\"1922\">Nuevo amanecer luminoso que reemplaza motivos anteriores.<\/p>\n<\/li>\n<li data-start=\"1923\" data-end=\"1973\">\n<p data-start=\"1925\" data-end=\"1973\">Cadenetas y arcos renovados con luces c\u00e1lidas.<\/p>\n<\/li>\n<\/ul>\n<p data-start=\"1975\" data-end=\"1995\"><strong data-start=\"1975\" data-end=\"1993\">Plaza de Col\u00f3n<\/strong><\/p>\n<ul data-start=\"1996\" data-end=\"2084\">\n<li data-start=\"1996\" data-end=\"2026\">\n<p data-start=\"1998\" data-end=\"2026\">\u00c1ngel de Madrid iluminado.<\/p>\n<\/li>\n<li data-start=\"2027\" data-end=\"2084\">\n<p data-start=\"2029\" data-end=\"2084\">Motivos dise\u00f1ados por ACME y continuidad de cl\u00e1sicos.<\/p>\n<\/li>\n<\/ul>\n<p data-start=\"2086\" data-end=\"2111\"><strong data-start=\"2086\" data-end=\"2109\">Barrio de Recoletos<\/strong><\/p>\n<ul data-start=\"2112\" data-end=\"2172\">\n<li data-start=\"2112\" data-end=\"2172\">\n<p data-start=\"2114\" data-end=\"2172\">Decoraci\u00f3n con cadenetas, arcos y motivos tradicionales.<\/p>\n<\/li>\n<\/ul>\n<h3 data-start=\"2179\" data-end=\"2193\">3. Chamber\u00ed<\/h3>\n<p data-start=\"2195\" data-end=\"2223\"><strong data-start=\"2195\" data-end=\"2221\">Calle de Bravo Murillo<\/strong><\/p>\n<ul data-start=\"2224\" data-end=\"2289\">\n<li data-start=\"2224\" data-end=\"2257\">\n<p data-start=\"2226\" data-end=\"2257\">Jard\u00edn de invierno iluminado.<\/p>\n<\/li>\n<li data-start=\"2258\" data-end=\"2289\">\n<p data-start=\"2260\" data-end=\"2289\">Motivos navide\u00f1os y abetos.<\/p>\n<\/li>\n<\/ul>\n<p data-start=\"2291\" data-end=\"2318\"><strong data-start=\"2291\" data-end=\"2316\">Calle de Cea Berm\u00fadez<\/strong><\/p>\n<ul data-start=\"2319\" data-end=\"2401\">\n<li data-start=\"2319\" data-end=\"2401\">\n<p data-start=\"2321\" data-end=\"2401\">Estrella luminosa que marca uno de los tramos m\u00e1s fotografiables del distrito.<\/p>\n<\/li>\n<\/ul>\n<h3 data-start=\"2408\" data-end=\"2433\">4. Arganzuela y Latina<\/h3>\n<p data-start=\"2435\" data-end=\"2455\"><strong data-start=\"2435\" data-end=\"2453\">R\u00edo Manzanares<\/strong><\/p>\n<ul data-start=\"2456\" data-end=\"2617\">\n<li data-start=\"2456\" data-end=\"2528\">\n<p data-start=\"2458\" data-end=\"2528\">Estreno de iluminaci\u00f3n de 560 metros en azul con 61 proyectores LED.<\/p>\n<\/li>\n<\/ul>\n<p><img decoding=\"async\" class=\"wp-image-47232 aligncenter\" src=\"https:\/\/guiadelocio.es\/madrid\/wp-content\/uploads\/sites\/2\/2025\/12\/R622711-1500x1000-1-300x200.jpg\" alt=\"\" width=\"656\" height=\"437\" srcset=\"https:\/\/guiadelocio.es\/madrid\/wp-content\/uploads\/sites\/2\/2025\/12\/R622711-1500x1000-1-300x200.jpg 300w, https:\/\/guiadelocio.es\/madrid\/wp-content\/uploads\/sites\/2\/2025\/12\/R622711-1500x1000-1-1024x683.jpg 1024w, https:\/\/guiadelocio.es\/madrid\/wp-content\/uploads\/sites\/2\/2025\/12\/R622711-1500x1000-1-768x512.jpg 768w, https:\/\/guiadelocio.es\/madrid\/wp-content\/uploads\/sites\/2\/2025\/12\/R622711-1500x1000-1-1380x920.jpg 1380w, https:\/\/guiadelocio.es\/madrid\/wp-content\/uploads\/sites\/2\/2025\/12\/R622711-1500x1000-1-640x427.jpg 640w, https:\/\/guiadelocio.es\/madrid\/wp-content\/uploads\/sites\/2\/2025\/12\/R622711-1500x1000-1-266x177.jpg 266w, https:\/\/guiadelocio.es\/madrid\/wp-content\/uploads\/sites\/2\/2025\/12\/R622711-1500x1000-1.jpg 1500w\" sizes=\"(max-width: 656px) 100vw, 656px\" \/><\/p>\n<ul data-start=\"2456\" data-end=\"2617\">\n<li data-start=\"2529\" data-end=\"2617\">\n<p data-start=\"2531\" data-end=\"2617\">Activaci\u00f3n los viernes, s\u00e1bados y domingos hasta el 29 de enero, de 18:30 a 22:00 h.<\/p>\n<\/li>\n<\/ul>\n<p data-start=\"2619\" data-end=\"2641\"><strong data-start=\"2619\" data-end=\"2639\">Puente de Toledo<\/strong><\/p>\n<ul data-start=\"2642\" data-end=\"2705\">\n<li data-start=\"2642\" data-end=\"2705\">\n<p data-start=\"2644\" data-end=\"2705\">Pasillo de regalos iluminado, ideal para pasear en familia.<\/p>\n<\/li>\n<\/ul>\n<h3 data-start=\"2712\" data-end=\"2735\">5. Retiro y Austrias<\/h3>\n<p data-start=\"2737\" data-end=\"2816\"><strong data-start=\"2737\" data-end=\"2814\">Vidrieras luminosas en la entrada a El Retiro (Plaza de la Independencia)<\/strong><\/p>\n<ul data-start=\"2817\" data-end=\"2860\">\n<li data-start=\"2817\" data-end=\"2860\">\n<p data-start=\"2819\" data-end=\"2860\">Motivos decorativos y abetos luminosos.<\/p>\n<\/li>\n<\/ul>\n<p data-start=\"2862\" data-end=\"2879\"><strong data-start=\"2862\" data-end=\"2877\">Calle Mayor<\/strong><\/p>\n<ul data-start=\"2880\" data-end=\"2952\">\n<li data-start=\"2880\" data-end=\"2952\">\n<p data-start=\"2882\" data-end=\"2952\">Recorrido de luces que conecta el Madrid hist\u00f3rico con el comercial.<\/p>\n<\/li>\n<\/ul>\n<p data-start=\"2954\" data-end=\"2976\"><strong data-start=\"2954\" data-end=\"2974\">Puerta de Alcal\u00e1<\/strong><\/p>\n<ul data-start=\"2977\" data-end=\"3047\">\n<li data-start=\"2977\" data-end=\"3047\">\n<p data-start=\"2979\" data-end=\"3047\">Bel\u00e9n figurativo y arcos luminosos que destacan en todo el centro.<\/p>\n<\/li>\n<\/ul>\n<h3 data-start=\"3054\" data-end=\"3078\">6. Chamart\u00edn y Tetu\u00e1n<\/h3>\n<p data-start=\"3080\" data-end=\"3114\"><strong data-start=\"3080\" data-end=\"3112\">Plaza de San Juan de la Cruz<\/strong><\/p>\n<ul data-start=\"3115\" data-end=\"3164\">\n<li data-start=\"3115\" data-end=\"3164\">\n<p data-start=\"3117\" data-end=\"3164\">\u00c1rbol de Navidad dise\u00f1ado por Isabel Sanch\u00eds.<\/p>\n<\/li>\n<\/ul>\n<p data-start=\"3166\" data-end=\"3215\"><strong data-start=\"3166\" data-end=\"3213\">Calle de Monasterio de El Escorial (Tetu\u00e1n)<\/strong><\/p>\n<ul data-start=\"3216\" data-end=\"3249\">\n<li data-start=\"3216\" data-end=\"3249\">\n<p data-start=\"3218\" data-end=\"3249\">Cadenetas y abetos luminosos.<\/p>\n<\/li>\n<\/ul>\n<h3 data-start=\"3256\" data-end=\"3299\">7. Fuencarral-El Pardo y Moncloa-Aravaca<\/h3>\n<p data-start=\"3301\" data-end=\"3332\"><strong data-start=\"3301\" data-end=\"3330\">Plaza de Chueca y entorno<\/strong><\/p>\n<ul data-start=\"3333\" data-end=\"3415\">\n<li data-start=\"3333\" data-end=\"3370\">\n<p data-start=\"3335\" data-end=\"3370\">Motivos de dise\u00f1ador Pablo Erroz.<\/p>\n<\/li>\n<li data-start=\"3371\" data-end=\"3415\">\n<p data-start=\"3373\" data-end=\"3415\">Arcos y cadenetas en calles principales.<\/p>\n<\/li>\n<\/ul>\n<p data-start=\"3417\" data-end=\"3440\"><strong data-start=\"3417\" data-end=\"3438\">Cardenal Cisneros<\/strong><\/p>\n<ul data-start=\"3441\" data-end=\"3520\">\n<li data-start=\"3441\" data-end=\"3520\">\n<p data-start=\"3443\" data-end=\"3520\">Gran corona navide\u00f1a, punto de referencia en la entrada a Madrid por la A6.<\/p>\n<\/li>\n<\/ul>\n<h3 data-start=\"3527\" data-end=\"3577\">8. Barrios del sur: Usera, Villaverde, Vallecas<\/h3>\n<p data-start=\"3579\" data-end=\"3601\"><strong data-start=\"3579\" data-end=\"3599\">Puente de Ventas<\/strong><\/p>\n<ul data-start=\"3602\" data-end=\"3658\">\n<li data-start=\"3602\" data-end=\"3658\">\n<p data-start=\"3604\" data-end=\"3658\">Gran Ni\u00f1o Jes\u00fas luminoso, fabricado con EcoGreenLux.<\/p>\n<\/li>\n<\/ul>\n<p data-start=\"3660\" data-end=\"3685\"><strong data-start=\"3660\" data-end=\"3683\">Entorno de Vallecas<\/strong><\/p>\n<ul data-start=\"3686\" data-end=\"3753\">\n<li data-start=\"3686\" data-end=\"3753\">\n<p data-start=\"3688\" data-end=\"3753\">Cadenetas LED y abetos, combinando tradici\u00f3n con luces c\u00e1lidas.<\/p>\n<\/li>\n<\/ul>\n<h3 data-start=\"3760\" data-end=\"3791\">9. Nuevos Ministerios y AZCA<\/h3>\n<p data-start=\"3793\" data-end=\"3817\"><strong data-start=\"3793\" data-end=\"3815\">Nuevos Ministerios<\/strong><\/p>\n<ul data-start=\"3818\" data-end=\"3913\">\n<li data-start=\"3818\" data-end=\"3862\">\n<p data-start=\"3820\" data-end=\"3862\">Vela transitable de 12 metros de altura.<\/p>\n<\/li>\n<li data-start=\"3863\" data-end=\"3913\">\n<p data-start=\"3865\" data-end=\"3913\">Recorrido interior para visitantes y familias.<\/p>\n<\/li>\n<\/ul>\n<p>&nbsp;<\/p>\n<div class=\"grid-container\">\n<p><span style=\"color: #ff6600;\"><strong>\u00bfQuieres ser siempre el primero en enterarte de todos los planes que hay en tu ciudad?<\/strong><\/span><\/p>\n<p><span style=\"color: #ff6600;\"><a class=\"button button--large button--iconposition-left button--icon-newsletter\" style=\"color: #ff6600;\" href=\"https:\/\/guiadelocio.es\/madrid\/suscribete-aqui-a-nuestra-newsletter\/\" target=\"_blank\" rel=\"noopener\"><span>Inscr\u00edbete AQU\u00cd a nuestra newsletter<\/span><\/a><\/span><\/p>\n<\/div>\n<p>&nbsp;<\/p>\n","protected":false},"excerpt":{"rendered":"<p>Madrid se prepara un a\u00f1o m\u00e1s para convertirse en un espect\u00e1culo de luz y color durante la Navidad. Desde el 22 de noviembre hasta el 6 de enero, millones de luces LED transforman calles, plazas y edificios en un recorrido festivo que abarca los 21 distritos de la ciudad. Con m\u00e1s de 13 millones de [&hellip;]<\/p>\n","protected":false},"author":8,"featured_media":47226,"comment_status":"closed","ping_status":"closed","sticky":false,"template":"","format":"standard","meta":{"_acf_changed":false,"footnotes":""},"categories":[1],"tags":[],"category_plan":[391],"filter_trans":[25],"filter_main":[],"filter_sec":[],"barrios":[],"class_list":["post-47225","post","type-post","status-publish","format-standard","has-post-thumbnail","hentry","category-sin-categorizar","filter_trans-navidad"],"acf":[],"yoast_head":"<!-- This site is optimized with the Yoast SEO plugin v26.0 - https:\/\/yoast.com\/wordpress\/plugins\/seo\/ -->\n<title>Luces de Navidad en Madrid: gu\u00eda completa | Madrid<\/title>\n<meta name=\"description\" content=\"Madrid se prepara un a\u00f1o m\u00e1s para convertirse en un espect\u00e1culo de luz y color durante la Navidad en sus 21 distritos\" \/>\n<meta name=\"robots\" content=\"index, follow, max-snippet:-1, max-image-preview:large, max-video-preview:-1\" \/>\n<link rel=\"canonical\" href=\"https:\/\/guiadelocio.es\/madrid\/luces-de-navidad-en-madrid-2025-2026-guia-completa\/\" \/>\n<meta property=\"og:locale\" content=\"es_ES\" \/>\n<meta property=\"og:type\" content=\"article\" \/>\n<meta property=\"og:title\" content=\"Luces de Navidad en Madrid: gu\u00eda completa | Madrid\" \/>\n<meta property=\"og:description\" content=\"Madrid se prepara un a\u00f1o m\u00e1s para convertirse en un espect\u00e1culo de luz y color durante la Navidad en sus 21 distritos\" \/>\n<meta property=\"og:url\" content=\"https:\/\/guiadelocio.es\/madrid\/luces-de-navidad-en-madrid-2025-2026-guia-completa\/\" \/>\n<meta property=\"og:site_name\" content=\"Madrid\" \/>\n<meta property=\"article:published_time\" content=\"2025-12-03T11:22:35+00:00\" \/>\n<meta property=\"article:modified_time\" content=\"2025-12-04T12:14:35+00:00\" \/>\n<meta property=\"og:image\" content=\"https:\/\/guiadelocio.es\/madrid\/wp-content\/uploads\/sites\/2\/2025\/12\/gran_via_luces_navidad_2025.jpg\" \/>\n\t<meta property=\"og:image:width\" content=\"660\" \/>\n\t<meta property=\"og:image:height\" content=\"335\" \/>\n\t<meta property=\"og:image:type\" content=\"image\/jpeg\" \/>\n<meta name=\"author\" content=\"Gu\u00eda del Ocio\" \/>\n<meta name=\"twitter:card\" content=\"summary_large_image\" \/>\n<meta name=\"twitter:label1\" content=\"Escrito por\" \/>\n\t<meta name=\"twitter:data1\" content=\"Gu\u00eda del Ocio\" \/>\n\t<meta name=\"twitter:label2\" content=\"Tiempo de lectura\" \/>\n\t<meta name=\"twitter:data2\" content=\"7 minutos\" \/>\n<script type=\"application\/ld+json\" class=\"yoast-schema-graph\">{\"@context\":\"https:\/\/schema.org\",\"@graph\":[{\"@type\":\"WebPage\",\"@id\":\"https:\/\/guiadelocio.es\/madrid\/luces-de-navidad-en-madrid-2025-2026-guia-completa\/\",\"url\":\"https:\/\/guiadelocio.es\/madrid\/luces-de-navidad-en-madrid-2025-2026-guia-completa\/\",\"name\":\"Luces de Navidad en Madrid: gu\u00eda completa | Madrid\",\"isPartOf\":{\"@id\":\"https:\/\/guiadelocio.es\/madrid\/#website\"},\"primaryImageOfPage\":{\"@id\":\"https:\/\/guiadelocio.es\/madrid\/luces-de-navidad-en-madrid-2025-2026-guia-completa\/#primaryimage\"},\"image\":{\"@id\":\"https:\/\/guiadelocio.es\/madrid\/luces-de-navidad-en-madrid-2025-2026-guia-completa\/#primaryimage\"},\"thumbnailUrl\":\"https:\/\/guiadelocio.es\/madrid\/wp-content\/uploads\/sites\/2\/2025\/12\/gran_via_luces_navidad_2025.jpg\",\"datePublished\":\"2025-12-03T11:22:35+00:00\",\"dateModified\":\"2025-12-04T12:14:35+00:00\",\"author\":{\"@id\":\"https:\/\/guiadelocio.es\/madrid\/#\/schema\/person\/dedd385c3a1875e2dfb8ee808e4fca89\"},\"description\":\"Madrid se prepara un a\u00f1o m\u00e1s para convertirse en un espect\u00e1culo de luz y color durante la Navidad en sus 21 distritos\",\"breadcrumb\":{\"@id\":\"https:\/\/guiadelocio.es\/madrid\/luces-de-navidad-en-madrid-2025-2026-guia-completa\/#breadcrumb\"},\"inLanguage\":\"es\",\"potentialAction\":[{\"@type\":\"ReadAction\",\"target\":[\"https:\/\/guiadelocio.es\/madrid\/luces-de-navidad-en-madrid-2025-2026-guia-completa\/\"]}]},{\"@type\":\"ImageObject\",\"inLanguage\":\"es\",\"@id\":\"https:\/\/guiadelocio.es\/madrid\/luces-de-navidad-en-madrid-2025-2026-guia-completa\/#primaryimage\",\"url\":\"https:\/\/guiadelocio.es\/madrid\/wp-content\/uploads\/sites\/2\/2025\/12\/gran_via_luces_navidad_2025.jpg\",\"contentUrl\":\"https:\/\/guiadelocio.es\/madrid\/wp-content\/uploads\/sites\/2\/2025\/12\/gran_via_luces_navidad_2025.jpg\",\"width\":660,\"height\":335},{\"@type\":\"BreadcrumbList\",\"@id\":\"https:\/\/guiadelocio.es\/madrid\/luces-de-navidad-en-madrid-2025-2026-guia-completa\/#breadcrumb\",\"itemListElement\":[{\"@type\":\"ListItem\",\"position\":1,\"name\":\"Portada\",\"item\":\"https:\/\/guiadelocio.es\/madrid\/\"},{\"@type\":\"ListItem\",\"position\":2,\"name\":\"Luces de Navidad en Madrid: gu\u00eda completa\"}]},{\"@type\":\"WebSite\",\"@id\":\"https:\/\/guiadelocio.es\/madrid\/#website\",\"url\":\"https:\/\/guiadelocio.es\/madrid\/\",\"name\":\"Madrid | Gu\u00eda del Ocio\",\"description\":\"Qu\u00e9 hacer, d\u00f3nde comer, qu\u00e9 visitar y los lugares que no te puedes perder\",\"potentialAction\":[{\"@type\":\"SearchAction\",\"target\":{\"@type\":\"EntryPoint\",\"urlTemplate\":\"https:\/\/guiadelocio.es\/madrid\/?s={search_term_string}\"},\"query-input\":{\"@type\":\"PropertyValueSpecification\",\"valueRequired\":true,\"valueName\":\"search_term_string\"}}],\"inLanguage\":\"es\"},{\"@type\":\"Person\",\"@id\":\"https:\/\/guiadelocio.es\/madrid\/#\/schema\/person\/dedd385c3a1875e2dfb8ee808e4fca89\",\"name\":\"Gu\u00eda del Ocio\",\"image\":{\"@type\":\"ImageObject\",\"inLanguage\":\"es\",\"@id\":\"https:\/\/guiadelocio.es\/madrid\/#\/schema\/person\/image\/\",\"url\":\"https:\/\/secure.gravatar.com\/avatar\/27d9eb58286cefc2042fb32a3db3a679c555c2a21aa6719fa7916d63185b9fe9?s=96&d=mm&r=g\",\"contentUrl\":\"https:\/\/secure.gravatar.com\/avatar\/27d9eb58286cefc2042fb32a3db3a679c555c2a21aa6719fa7916d63185b9fe9?s=96&d=mm&r=g\",\"caption\":\"Gu\u00eda del Ocio\"}}]}<\/script>\n<!-- \/ Yoast SEO plugin. -->","yoast_head_json":{"title":"Luces de Navidad en Madrid: gu\u00eda completa | Madrid","description":"Madrid se prepara un a\u00f1o m\u00e1s para convertirse en un espect\u00e1culo de luz y color durante la Navidad en sus 21 distritos","robots":{"index":"index","follow":"follow","max-snippet":"max-snippet:-1","max-image-preview":"max-image-preview:large","max-video-preview":"max-video-preview:-1"},"canonical":"https:\/\/guiadelocio.es\/madrid\/luces-de-navidad-en-madrid-2025-2026-guia-completa\/","og_locale":"es_ES","og_type":"article","og_title":"Luces de Navidad en Madrid: gu\u00eda completa | Madrid","og_description":"Madrid se prepara un a\u00f1o m\u00e1s para convertirse en un espect\u00e1culo de luz y color durante la Navidad en sus 21 distritos","og_url":"https:\/\/guiadelocio.es\/madrid\/luces-de-navidad-en-madrid-2025-2026-guia-completa\/","og_site_name":"Madrid","article_published_time":"2025-12-03T11:22:35+00:00","article_modified_time":"2025-12-04T12:14:35+00:00","og_image":[{"width":660,"height":335,"url":"https:\/\/guiadelocio.es\/madrid\/wp-content\/uploads\/sites\/2\/2025\/12\/gran_via_luces_navidad_2025.jpg","type":"image\/jpeg"}],"author":"Gu\u00eda del Ocio","twitter_card":"summary_large_image","twitter_misc":{"Escrito por":"Gu\u00eda del Ocio","Tiempo de lectura":"7 minutos"},"schema":{"@context":"https:\/\/schema.org","@graph":[{"@type":"WebPage","@id":"https:\/\/guiadelocio.es\/madrid\/luces-de-navidad-en-madrid-2025-2026-guia-completa\/","url":"https:\/\/guiadelocio.es\/madrid\/luces-de-navidad-en-madrid-2025-2026-guia-completa\/","name":"Luces de Navidad en Madrid: gu\u00eda completa | Madrid","isPartOf":{"@id":"https:\/\/guiadelocio.es\/madrid\/#website"},"primaryImageOfPage":{"@id":"https:\/\/guiadelocio.es\/madrid\/luces-de-navidad-en-madrid-2025-2026-guia-completa\/#primaryimage"},"image":{"@id":"https:\/\/guiadelocio.es\/madrid\/luces-de-navidad-en-madrid-2025-2026-guia-completa\/#primaryimage"},"thumbnailUrl":"https:\/\/guiadelocio.es\/madrid\/wp-content\/uploads\/sites\/2\/2025\/12\/gran_via_luces_navidad_2025.jpg","datePublished":"2025-12-03T11:22:35+00:00","dateModified":"2025-12-04T12:14:35+00:00","author":{"@id":"https:\/\/guiadelocio.es\/madrid\/#\/schema\/person\/dedd385c3a1875e2dfb8ee808e4fca89"},"description":"Madrid se prepara un a\u00f1o m\u00e1s para convertirse en un espect\u00e1culo de luz y color durante la Navidad en sus 21 distritos","breadcrumb":{"@id":"https:\/\/guiadelocio.es\/madrid\/luces-de-navidad-en-madrid-2025-2026-guia-completa\/#breadcrumb"},"inLanguage":"es","potentialAction":[{"@type":"ReadAction","target":["https:\/\/guiadelocio.es\/madrid\/luces-de-navidad-en-madrid-2025-2026-guia-completa\/"]}]},{"@type":"ImageObject","inLanguage":"es","@id":"https:\/\/guiadelocio.es\/madrid\/luces-de-navidad-en-madrid-2025-2026-guia-completa\/#primaryimage","url":"https:\/\/guiadelocio.es\/madrid\/wp-content\/uploads\/sites\/2\/2025\/12\/gran_via_luces_navidad_2025.jpg","contentUrl":"https:\/\/guiadelocio.es\/madrid\/wp-content\/uploads\/sites\/2\/2025\/12\/gran_via_luces_navidad_2025.jpg","width":660,"height":335},{"@type":"BreadcrumbList","@id":"https:\/\/guiadelocio.es\/madrid\/luces-de-navidad-en-madrid-2025-2026-guia-completa\/#breadcrumb","itemListElement":[{"@type":"ListItem","position":1,"name":"Portada","item":"https:\/\/guiadelocio.es\/madrid\/"},{"@type":"ListItem","position":2,"name":"Luces de Navidad en Madrid: gu\u00eda completa"}]},{"@type":"WebSite","@id":"https:\/\/guiadelocio.es\/madrid\/#website","url":"https:\/\/guiadelocio.es\/madrid\/","name":"Madrid | Gu\u00eda del Ocio","description":"Qu\u00e9 hacer, d\u00f3nde comer, qu\u00e9 visitar y los lugares que no te puedes perder","potentialAction":[{"@type":"SearchAction","target":{"@type":"EntryPoint","urlTemplate":"https:\/\/guiadelocio.es\/madrid\/?s={search_term_string}"},"query-input":{"@type":"PropertyValueSpecification","valueRequired":true,"valueName":"search_term_string"}}],"inLanguage":"es"},{"@type":"Person","@id":"https:\/\/guiadelocio.es\/madrid\/#\/schema\/person\/dedd385c3a1875e2dfb8ee808e4fca89","name":"Gu\u00eda del Ocio","image":{"@type":"ImageObject","inLanguage":"es","@id":"https:\/\/guiadelocio.es\/madrid\/#\/schema\/person\/image\/","url":"https:\/\/secure.gravatar.com\/avatar\/27d9eb58286cefc2042fb32a3db3a679c555c2a21aa6719fa7916d63185b9fe9?s=96&d=mm&r=g","contentUrl":"https:\/\/secure.gravatar.com\/avatar\/27d9eb58286cefc2042fb32a3db3a679c555c2a21aa6719fa7916d63185b9fe9?s=96&d=mm&r=g","caption":"Gu\u00eda del Ocio"}}]}},"_links":{"self":[{"href":"https:\/\/guiadelocio.es\/madrid\/wp-json\/wp\/v2\/posts\/47225","targetHints":{"allow":["GET"]}}],"collection":[{"href":"https:\/\/guiadelocio.es\/madrid\/wp-json\/wp\/v2\/posts"}],"about":[{"href":"https:\/\/guiadelocio.es\/madrid\/wp-json\/wp\/v2\/types\/post"}],"author":[{"embeddable":true,"href":"https:\/\/guiadelocio.es\/madrid\/wp-json\/wp\/v2\/users\/8"}],"replies":[{"embeddable":true,"href":"https:\/\/guiadelocio.es\/madrid\/wp-json\/wp\/v2\/comments?post=47225"}],"version-history":[{"count":3,"href":"https:\/\/guiadelocio.es\/madrid\/wp-json\/wp\/v2\/posts\/47225\/revisions"}],"predecessor-version":[{"id":47314,"href":"https:\/\/guiadelocio.es\/madrid\/wp-json\/wp\/v2\/posts\/47225\/revisions\/47314"}],"wp:featuredmedia":[{"embeddable":true,"href":"https:\/\/guiadelocio.es\/madrid\/wp-json\/wp\/v2\/media\/47226"}],"wp:attachment":[{"href":"https:\/\/guiadelocio.es\/madrid\/wp-json\/wp\/v2\/media?parent=47225"}],"wp:term":[{"taxonomy":"category","embeddable":true,"href":"https:\/\/guiadelocio.es\/madrid\/wp-json\/wp\/v2\/categories?post=47225"},{"taxonomy":"post_tag","embeddable":true,"href":"https:\/\/guiadelocio.es\/madrid\/wp-json\/wp\/v2\/tags?post=47225"},{"taxonomy":"category_plan","embeddable":true,"href":"https:\/\/guiadelocio.es\/madrid\/wp-json\/wp\/v2\/category_plan?post=47225"},{"taxonomy":"filter_trans","embeddable":true,"href":"https:\/\/guiadelocio.es\/madrid\/wp-json\/wp\/v2\/filter_trans?post=47225"},{"taxonomy":"filter_main","embeddable":true,"href":"https:\/\/guiadelocio.es\/madrid\/wp-json\/wp\/v2\/filter_main?post=47225"},{"taxonomy":"filter_sec","embeddable":true,"href":"https:\/\/guiadelocio.es\/madrid\/wp-json\/wp\/v2\/filter_sec?post=47225"},{"taxonomy":"barrios","embeddable":true,"href":"https:\/\/guiadelocio.es\/madrid\/wp-json\/wp\/v2\/barrios?post=47225"}],"curies":[{"name":"wp","href":"https:\/\/api.w.org\/{rel}","templated":true}]}}