{"id":44879,"date":"2025-09-25T13:12:55","date_gmt":"2025-09-25T11:12:55","guid":{"rendered":"https:\/\/guiadelocio.es\/madrid\/?p=44879"},"modified":"2025-09-29T15:47:53","modified_gmt":"2025-09-29T13:47:53","slug":"un-barco-en-el-jardin-la-nueva-joya-animada-de-jean-francois-laguionie","status":"publish","type":"post","link":"https:\/\/guiadelocio.es\/madrid\/un-barco-en-el-jardin-la-nueva-joya-animada-de-jean-francois-laguionie\/","title":{"rendered":"Un barco en el jard\u00edn: la nueva joya animada de Jean-Fran\u00e7ois Laguionie"},"content":{"rendered":"<p data-start=\"159\" data-end=\"621\">El maestro de la animaci\u00f3n europea <strong data-start=\"194\" data-end=\"221\">Jean-Fran\u00e7ois Laguionie<\/strong> regresa con una obra \u00edntima y delicada: <a href=\"https:\/\/www.packmagic.cat\/es\/films\/un-barco-en-el-jardin\/\" target=\"_blank\" rel=\"noopener\"><strong data-start=\"270\" data-end=\"313\"><em data-start=\"272\" data-end=\"311\">Un barco en el jard\u00edn (Slocum et moi)<\/em><\/strong>,<\/a> una pel\u00edcula franco-luxemburguesa que combina aventura, memoria y emociones familiares. Este largometraje invita a reflexionar sobre los sue\u00f1os compartidos, el paso de la infancia a la adolescencia y la fuerza de los v\u00ednculos familiares.<\/p>\n<p data-start=\"623\" data-end=\"871\">La pel\u00edcula tuvo su estreno internacional en la <strong data-start=\"671\" data-end=\"718\">Secci\u00f3n Oficial del Festival de Cannes 2024<\/strong> y tambi\u00e9n fue presentada en el <strong data-start=\"750\" data-end=\"793\">Festival de Cine de Animaci\u00f3n de Annecy<\/strong>, dos de los espacios m\u00e1s prestigiosos para el cine de autor y de animaci\u00f3n.<\/p>\n<p data-start=\"623\" data-end=\"871\"><img decoding=\"async\" class=\"wp-image-44890 aligncenter\" src=\"https:\/\/guiadelocio.es\/madrid\/wp-content\/uploads\/sites\/2\/2025\/09\/UnVaixellAlJardi_cartell_A4_ES-1-1200x1697-1-212x300.jpg\" alt=\"\" width=\"605\" height=\"856\" srcset=\"https:\/\/guiadelocio.es\/madrid\/wp-content\/uploads\/sites\/2\/2025\/09\/UnVaixellAlJardi_cartell_A4_ES-1-1200x1697-1-212x300.jpg 212w, https:\/\/guiadelocio.es\/madrid\/wp-content\/uploads\/sites\/2\/2025\/09\/UnVaixellAlJardi_cartell_A4_ES-1-1200x1697-1-724x1024.jpg 724w, https:\/\/guiadelocio.es\/madrid\/wp-content\/uploads\/sites\/2\/2025\/09\/UnVaixellAlJardi_cartell_A4_ES-1-1200x1697-1-768x1086.jpg 768w, https:\/\/guiadelocio.es\/madrid\/wp-content\/uploads\/sites\/2\/2025\/09\/UnVaixellAlJardi_cartell_A4_ES-1-1200x1697-1-1086x1536.jpg 1086w, https:\/\/guiadelocio.es\/madrid\/wp-content\/uploads\/sites\/2\/2025\/09\/UnVaixellAlJardi_cartell_A4_ES-1-1200x1697-1-651x920.jpg 651w, https:\/\/guiadelocio.es\/madrid\/wp-content\/uploads\/sites\/2\/2025\/09\/UnVaixellAlJardi_cartell_A4_ES-1-1200x1697-1-305x432.jpg 305w, https:\/\/guiadelocio.es\/madrid\/wp-content\/uploads\/sites\/2\/2025\/09\/UnVaixellAlJardi_cartell_A4_ES-1-1200x1697-1-141x200.jpg 141w, https:\/\/guiadelocio.es\/madrid\/wp-content\/uploads\/sites\/2\/2025\/09\/UnVaixellAlJardi_cartell_A4_ES-1-1200x1697-1.jpg 1200w\" sizes=\"(max-width: 605px) 100vw, 605px\" \/><\/p>\n<h2 data-start=\"878\" data-end=\"889\">Sinopsis<\/h2>\n<p data-start=\"891\" data-end=\"1289\">A principios de los a\u00f1os cincuenta, en un jard\u00edn a orillas del r\u00edo Marne, <strong data-start=\"965\" data-end=\"975\">Pierre<\/strong> decide construir una r\u00e9plica del <em data-start=\"1009\" data-end=\"1016\">Spray<\/em>, el legendario barco con el que <strong data-start=\"1049\" data-end=\"1066\">Joshua Slocum<\/strong> dio la vuelta al mundo en solitario en 1895. Junto a \u00e9l, participan en esta aventura su esposa <strong data-start=\"1162\" data-end=\"1175\">Genevi\u00e8ve<\/strong> y su hijo de 11 a\u00f1os, <strong data-start=\"1198\" data-end=\"1210\">Fran\u00e7ois<\/strong>, que observa con ternura a sus padres mientras sue\u00f1a con horizontes lejanos.<\/p>\n<p data-start=\"1291\" data-end=\"1614\">El barco, que nunca termina de completarse, se convierte en un s\u00edmbolo de libertad, de uni\u00f3n y de la compleja relaci\u00f3n entre un padre y un hijo. Al mismo tiempo, abre un viaje interior: un trayecto de crecimiento personal y afectivo en el que Fran\u00e7ois descubre que construir sue\u00f1os puede ser tan valioso como alcanzarlos.<\/p>\n<h2 data-start=\"1621\" data-end=\"1650\">Los personajes principales<\/h2>\n<ul data-start=\"1652\" data-end=\"2218\">\n<li data-start=\"1652\" data-end=\"1871\">\n<p data-start=\"1654\" data-end=\"1871\"><strong data-start=\"1654\" data-end=\"1666\">Fran\u00e7ois<\/strong>: con 11 a\u00f1os, atraviesa el umbral entre la ni\u00f1ez y la adolescencia. Su mirada so\u00f1adora y solitaria encuentra en la construcci\u00f3n del barco una forma de conectar con su padre y descubrir su propio camino.<\/p>\n<\/li>\n<li data-start=\"1872\" data-end=\"2082\">\n<p data-start=\"1874\" data-end=\"2082\"><strong data-start=\"1874\" data-end=\"1884\">Pierre<\/strong>: serio y reservado, comienza el proyecto del barco con el deseo de ofrecer a su familia un refugio y un s\u00edmbolo de uni\u00f3n. Sus dificultades para expresar el afecto marcan su relaci\u00f3n con Fran\u00e7ois.<\/p>\n<\/li>\n<li data-start=\"2083\" data-end=\"2218\">\n<p data-start=\"2085\" data-end=\"2218\"><strong data-start=\"2085\" data-end=\"2098\">Genevi\u00e8ve<\/strong>: l\u00facida, tranquila y c\u00f3mplice, acompa\u00f1a a su pareja en esta empresa, sosteniendo a la familia y aportando equilibrio.<\/p>\n<\/li>\n<\/ul>\n<p data-start=\"2220\" data-end=\"2462\">El cuarto protagonista es el propio <strong data-start=\"2256\" data-end=\"2265\">barco<\/strong>, una r\u00e9plica del <em data-start=\"2283\" data-end=\"2290\">Spray<\/em> que, aunque nunca zarpa, ocupa un lugar central en la vida de la familia. Su construcci\u00f3n representa tanto un sue\u00f1o compartido como los v\u00ednculos invisibles que los unen.<\/p>\n<p data-start=\"2220\" data-end=\"2462\"><img decoding=\"async\" class=\"wp-image-44882 aligncenter\" src=\"https:\/\/guiadelocio.es\/madrid\/wp-content\/uploads\/sites\/2\/2025\/09\/6_Un-vaixell_al_jardi-300x169.png\" alt=\"\" width=\"667\" height=\"376\" srcset=\"https:\/\/guiadelocio.es\/madrid\/wp-content\/uploads\/sites\/2\/2025\/09\/6_Un-vaixell_al_jardi-300x169.png 300w, https:\/\/guiadelocio.es\/madrid\/wp-content\/uploads\/sites\/2\/2025\/09\/6_Un-vaixell_al_jardi-1024x576.png 1024w, https:\/\/guiadelocio.es\/madrid\/wp-content\/uploads\/sites\/2\/2025\/09\/6_Un-vaixell_al_jardi-768x432.png 768w, https:\/\/guiadelocio.es\/madrid\/wp-content\/uploads\/sites\/2\/2025\/09\/6_Un-vaixell_al_jardi-1536x864.png 1536w, https:\/\/guiadelocio.es\/madrid\/wp-content\/uploads\/sites\/2\/2025\/09\/6_Un-vaixell_al_jardi-1636x920.png 1636w, https:\/\/guiadelocio.es\/madrid\/wp-content\/uploads\/sites\/2\/2025\/09\/6_Un-vaixell_al_jardi-640x360.png 640w, https:\/\/guiadelocio.es\/madrid\/wp-content\/uploads\/sites\/2\/2025\/09\/6_Un-vaixell_al_jardi-266x150.png 266w, https:\/\/guiadelocio.es\/madrid\/wp-content\/uploads\/sites\/2\/2025\/09\/6_Un-vaixell_al_jardi.png 1920w\" sizes=\"(max-width: 667px) 100vw, 667px\" \/><\/p>\n<h2 data-start=\"2469\" data-end=\"2510\">Joshua Slocum: inspiraci\u00f3n de una vida<\/h2>\n<p data-start=\"2512\" data-end=\"2856\">La figura de <strong data-start=\"2525\" data-end=\"2542\">Joshua Slocum<\/strong> recorre toda la pel\u00edcula. En 1895, este capit\u00e1n retirado zarp\u00f3 de Boston con el <em data-start=\"2623\" data-end=\"2630\">Spray<\/em> y, tras 46.000 millas de navegaci\u00f3n, complet\u00f3 en 1898 la primera circunnavegaci\u00f3n en solitario del mundo. Su diario de a bordo, lleno de humor y humanidad, se convirti\u00f3 en referente para generaciones de marinos y so\u00f1adores.<\/p>\n<p data-start=\"2858\" data-end=\"3006\">En la pel\u00edcula, Slocum aparece como una presencia inspiradora: un s\u00edmbolo de libertad que gu\u00eda a Fran\u00e7ois a trav\u00e9s de sus memorias y sus palabras.<\/p>\n<h2 data-start=\"3013\" data-end=\"3035\">El proceso creativo<\/h2>\n<p data-start=\"3037\" data-end=\"3333\">El proyecto nace de la propia experiencia de Laguionie en su infancia y de las preguntas sobre el sentido de los sue\u00f1os inacabados. El director explica que, para \u00e9l, este filme refleja tanto la complejidad de la relaci\u00f3n entre un padre y un hijo como la importancia del camino frente a la meta.<\/p>\n<p data-start=\"3335\" data-end=\"3511\">El coguionista <strong data-start=\"3350\" data-end=\"3365\">Anik Le Ray<\/strong> define la pel\u00edcula como un \u201cviaje inm\u00f3vil\u201d, un relato en el que el barco nunca se completa, pero que logra transformar a quienes lo construyen.<\/p>\n<p data-start=\"3513\" data-end=\"3840\">El estilo visual combina el trazo manual con la riqueza lum\u00ednica de la animaci\u00f3n 2D, buscando un equilibrio entre realismo y poes\u00eda. La m\u00fasica de <strong data-start=\"3659\" data-end=\"3679\">Pascal Le Pennec<\/strong>, interpretada por la <strong data-start=\"3701\" data-end=\"3733\">Orquesta Nacional de Breta\u00f1a<\/strong>, acompa\u00f1a las emociones de los personajes, m\u00e1s que la acci\u00f3n, subrayando los matices \u00edntimos del relato.<\/p>\n<p data-start=\"3513\" data-end=\"3840\"><img decoding=\"async\" class=\"wp-image-44880 aligncenter\" src=\"https:\/\/guiadelocio.es\/madrid\/wp-content\/uploads\/sites\/2\/2025\/09\/7_Un-vaixell_al_jardi-300x169.png\" alt=\"\" width=\"669\" height=\"377\" srcset=\"https:\/\/guiadelocio.es\/madrid\/wp-content\/uploads\/sites\/2\/2025\/09\/7_Un-vaixell_al_jardi-300x169.png 300w, https:\/\/guiadelocio.es\/madrid\/wp-content\/uploads\/sites\/2\/2025\/09\/7_Un-vaixell_al_jardi-1024x576.png 1024w, https:\/\/guiadelocio.es\/madrid\/wp-content\/uploads\/sites\/2\/2025\/09\/7_Un-vaixell_al_jardi-768x432.png 768w, https:\/\/guiadelocio.es\/madrid\/wp-content\/uploads\/sites\/2\/2025\/09\/7_Un-vaixell_al_jardi-1536x864.png 1536w, https:\/\/guiadelocio.es\/madrid\/wp-content\/uploads\/sites\/2\/2025\/09\/7_Un-vaixell_al_jardi-1636x920.png 1636w, https:\/\/guiadelocio.es\/madrid\/wp-content\/uploads\/sites\/2\/2025\/09\/7_Un-vaixell_al_jardi-640x360.png 640w, https:\/\/guiadelocio.es\/madrid\/wp-content\/uploads\/sites\/2\/2025\/09\/7_Un-vaixell_al_jardi-266x150.png 266w, https:\/\/guiadelocio.es\/madrid\/wp-content\/uploads\/sites\/2\/2025\/09\/7_Un-vaixell_al_jardi.png 1920w\" sizes=\"(max-width: 669px) 100vw, 669px\" \/><\/p>\n<h2 data-start=\"3847\" data-end=\"3903\">Jean-Fran\u00e7ois Laguionie: un referente de la animaci\u00f3n<\/h2>\n<p data-start=\"3905\" data-end=\"4088\">Nacido en 1939 en Besan\u00e7on, Laguionie es uno de los grandes nombres de la animaci\u00f3n europea. Disc\u00edpulo de Paul Grimault, ha desarrollado una filmograf\u00eda reconocida en todo el mundo:<\/p>\n<ul data-start=\"4089\" data-end=\"4286\">\n<li data-start=\"4089\" data-end=\"4127\">\n<p data-start=\"4091\" data-end=\"4127\"><em data-start=\"4091\" data-end=\"4118\">Gwen et le livre de sable<\/em> (1979)<\/p>\n<\/li>\n<li data-start=\"4128\" data-end=\"4162\">\n<p data-start=\"4130\" data-end=\"4162\"><em data-start=\"4130\" data-end=\"4153\">Le ch\u00e2teau des singes<\/em> (1999)<\/p>\n<\/li>\n<li data-start=\"4163\" data-end=\"4196\">\n<p data-start=\"4165\" data-end=\"4196\"><em data-start=\"4165\" data-end=\"4187\">La isla de Black Mor<\/em> (2003)<\/p>\n<\/li>\n<li data-start=\"4197\" data-end=\"4219\">\n<p data-start=\"4199\" data-end=\"4219\"><em data-start=\"4199\" data-end=\"4210\">El lienzo<\/em> (2011)<\/p>\n<\/li>\n<li data-start=\"4220\" data-end=\"4251\">\n<p data-start=\"4222\" data-end=\"4251\"><em data-start=\"4222\" data-end=\"4242\">Louise en invierno<\/em> (2016)<\/p>\n<\/li>\n<li data-start=\"4252\" data-end=\"4286\">\n<p data-start=\"4254\" data-end=\"4286\"><em data-start=\"4254\" data-end=\"4277\">El viaje del pr\u00edncipe<\/em> (2017)<\/p>\n<\/li>\n<\/ul>\n<p data-start=\"4288\" data-end=\"4481\">Con <em data-start=\"4292\" data-end=\"4315\">Un barco en el jard\u00edn<\/em>, el director confirma su capacidad para crear relatos \u00edntimos y universales, en los que la animaci\u00f3n se convierte en un medio de exploraci\u00f3n art\u00edstica y emocional.<\/p>\n<h2 data-start=\"4488\" data-end=\"4513\">Estreno y distribuci\u00f3n<\/h2>\n<p data-start=\"4515\" data-end=\"4769\">En Espa\u00f1a, la pel\u00edcula llega a los cines el <strong data-start=\"4561\" data-end=\"4589\">26 de septiembre de 2025<\/strong>, distribuida por <strong data-start=\"4607\" data-end=\"4621\">Pack M\u00e0gic<\/strong>, especializada en cine infantil y de animaci\u00f3n que fomenta la sensibilidad est\u00e9tica, la educaci\u00f3n emocional y la transmisi\u00f3n de valores sociales.<\/p>\n<h2 data-start=\"4776\" data-end=\"4789\">Conclusi\u00f3n<\/h2>\n<p data-start=\"4791\" data-end=\"5060\"><strong data-start=\"4791\" data-end=\"4818\"><em data-start=\"4793\" data-end=\"4816\">Un barco en el jard\u00edn<\/em><\/strong> es una obra po\u00e9tica y reflexiva que habla de los sue\u00f1os, la familia y la libertad. En ella, Jean-Fran\u00e7ois Laguionie ofrece una met\u00e1fora universal sobre la construcci\u00f3n de v\u00ednculos y la importancia del trayecto vital frente a la meta final.<\/p>\n<p data-start=\"5062\" data-end=\"5307\">M\u00e1s que una historia de aventuras, es un relato sobre la intimidad, los afectos y el poder de la imaginaci\u00f3n, recomendado tanto para ni\u00f1os a partir de 8 a\u00f1os como para adultos que quieran reencontrarse con la emoci\u00f3n del cine animado de autor.<\/p>\n<div class=\"js--player\" data-plyr-provider=\"youtube\" data-plyr-embed-id=\"dT325PfDGuw\" data-origin=\"dT325PfDGuw\"><\/div>\n<p><span style=\"color: #ff6600;\"><strong>\u00bfQuieres ser siempre el primero en enterarte de todos los planes que hay en tu ciudad?<\/strong><\/span><\/p>\n<p><span style=\"color: #ff6600;\"><a class=\"button button--large button--iconposition-left button--icon-newsletter\" style=\"color: #ff6600;\" href=\"https:\/\/guiadelocio.es\/madrid\/suscribete-aqui-a-nuestra-newsletter\/\" target=\"_blank\" rel=\"noopener\"><span>Inscr\u00edbete AQU\u00cd a nuestra newsletter<\/span><\/a>&#8211;<\/span><\/p>\n","protected":false},"excerpt":{"rendered":"<p>El maestro de la animaci\u00f3n europea Jean-Fran\u00e7ois Laguionie regresa con una obra \u00edntima y delicada: Un barco en el jard\u00edn (Slocum et moi), una pel\u00edcula franco-luxemburguesa que combina aventura, memoria y emociones familiares. Este largometraje invita a reflexionar sobre los sue\u00f1os compartidos, el paso de la infancia a la adolescencia y la fuerza de los [&hellip;]<\/p>\n","protected":false},"author":8,"featured_media":44888,"comment_status":"closed","ping_status":"closed","sticky":false,"template":"","format":"standard","meta":{"_acf_changed":false,"footnotes":""},"categories":[1],"tags":[],"category_plan":[47,143,177],"filter_trans":[],"filter_main":[],"filter_sec":[],"barrios":[],"class_list":["post-44879","post","type-post","status-publish","format-standard","has-post-thumbnail","hentry","category-sin-categorizar"],"acf":[],"yoast_head":"<!-- This site is optimized with the Yoast SEO plugin v26.0 - https:\/\/yoast.com\/wordpress\/plugins\/seo\/ -->\n<title>Un barco en el jard\u00edn: la nueva joya animada de Jean-Fran\u00e7ois Laguionie | Madrid<\/title>\n<meta name=\"description\" content=\"Un barco en el jard\u00edn: la nueva joya animada de Jean-Fran\u00e7ois Laguionie en cines a partir del 26 de septiembre\" \/>\n<meta name=\"robots\" content=\"index, follow, max-snippet:-1, max-image-preview:large, max-video-preview:-1\" \/>\n<link rel=\"canonical\" href=\"https:\/\/guiadelocio.es\/madrid\/un-barco-en-el-jardin-la-nueva-joya-animada-de-jean-francois-laguionie\/\" \/>\n<meta property=\"og:locale\" content=\"es_ES\" \/>\n<meta property=\"og:type\" content=\"article\" \/>\n<meta property=\"og:title\" content=\"Un barco en el jard\u00edn: la nueva joya animada de Jean-Fran\u00e7ois Laguionie | Madrid\" \/>\n<meta property=\"og:description\" content=\"Un barco en el jard\u00edn: la nueva joya animada de Jean-Fran\u00e7ois Laguionie en cines a partir del 26 de septiembre\" \/>\n<meta property=\"og:url\" content=\"https:\/\/guiadelocio.es\/madrid\/un-barco-en-el-jardin-la-nueva-joya-animada-de-jean-francois-laguionie\/\" \/>\n<meta property=\"og:site_name\" content=\"Madrid\" \/>\n<meta property=\"article:published_time\" content=\"2025-09-25T11:12:55+00:00\" \/>\n<meta property=\"article:modified_time\" content=\"2025-09-29T13:47:53+00:00\" \/>\n<meta property=\"og:image\" content=\"https:\/\/guiadelocio.es\/madrid\/wp-content\/uploads\/sites\/2\/2025\/09\/3_Un-vaixell_al_jardi.png\" \/>\n\t<meta property=\"og:image:width\" content=\"1920\" \/>\n\t<meta property=\"og:image:height\" content=\"1080\" \/>\n\t<meta property=\"og:image:type\" content=\"image\/png\" \/>\n<meta name=\"author\" content=\"Gu\u00eda del Ocio\" \/>\n<meta name=\"twitter:card\" content=\"summary_large_image\" \/>\n<meta name=\"twitter:label1\" content=\"Escrito por\" \/>\n\t<meta name=\"twitter:data1\" content=\"Gu\u00eda del Ocio\" \/>\n\t<meta name=\"twitter:label2\" content=\"Tiempo de lectura\" \/>\n\t<meta name=\"twitter:data2\" content=\"5 minutos\" \/>\n<script type=\"application\/ld+json\" class=\"yoast-schema-graph\">{\"@context\":\"https:\/\/schema.org\",\"@graph\":[{\"@type\":\"WebPage\",\"@id\":\"https:\/\/guiadelocio.es\/madrid\/un-barco-en-el-jardin-la-nueva-joya-animada-de-jean-francois-laguionie\/\",\"url\":\"https:\/\/guiadelocio.es\/madrid\/un-barco-en-el-jardin-la-nueva-joya-animada-de-jean-francois-laguionie\/\",\"name\":\"Un barco en el jard\u00edn: la nueva joya animada de Jean-Fran\u00e7ois Laguionie | Madrid\",\"isPartOf\":{\"@id\":\"https:\/\/guiadelocio.es\/madrid\/#website\"},\"primaryImageOfPage\":{\"@id\":\"https:\/\/guiadelocio.es\/madrid\/un-barco-en-el-jardin-la-nueva-joya-animada-de-jean-francois-laguionie\/#primaryimage\"},\"image\":{\"@id\":\"https:\/\/guiadelocio.es\/madrid\/un-barco-en-el-jardin-la-nueva-joya-animada-de-jean-francois-laguionie\/#primaryimage\"},\"thumbnailUrl\":\"https:\/\/guiadelocio.es\/madrid\/wp-content\/uploads\/sites\/2\/2025\/09\/3_Un-vaixell_al_jardi.png\",\"datePublished\":\"2025-09-25T11:12:55+00:00\",\"dateModified\":\"2025-09-29T13:47:53+00:00\",\"author\":{\"@id\":\"https:\/\/guiadelocio.es\/madrid\/#\/schema\/person\/dedd385c3a1875e2dfb8ee808e4fca89\"},\"description\":\"Un barco en el jard\u00edn: la nueva joya animada de Jean-Fran\u00e7ois Laguionie en cines a partir del 26 de septiembre\",\"breadcrumb\":{\"@id\":\"https:\/\/guiadelocio.es\/madrid\/un-barco-en-el-jardin-la-nueva-joya-animada-de-jean-francois-laguionie\/#breadcrumb\"},\"inLanguage\":\"es\",\"potentialAction\":[{\"@type\":\"ReadAction\",\"target\":[\"https:\/\/guiadelocio.es\/madrid\/un-barco-en-el-jardin-la-nueva-joya-animada-de-jean-francois-laguionie\/\"]}]},{\"@type\":\"ImageObject\",\"inLanguage\":\"es\",\"@id\":\"https:\/\/guiadelocio.es\/madrid\/un-barco-en-el-jardin-la-nueva-joya-animada-de-jean-francois-laguionie\/#primaryimage\",\"url\":\"https:\/\/guiadelocio.es\/madrid\/wp-content\/uploads\/sites\/2\/2025\/09\/3_Un-vaixell_al_jardi.png\",\"contentUrl\":\"https:\/\/guiadelocio.es\/madrid\/wp-content\/uploads\/sites\/2\/2025\/09\/3_Un-vaixell_al_jardi.png\",\"width\":1920,\"height\":1080},{\"@type\":\"BreadcrumbList\",\"@id\":\"https:\/\/guiadelocio.es\/madrid\/un-barco-en-el-jardin-la-nueva-joya-animada-de-jean-francois-laguionie\/#breadcrumb\",\"itemListElement\":[{\"@type\":\"ListItem\",\"position\":1,\"name\":\"Portada\",\"item\":\"https:\/\/guiadelocio.es\/madrid\/\"},{\"@type\":\"ListItem\",\"position\":2,\"name\":\"Un barco en el jard\u00edn: la nueva joya animada de Jean-Fran\u00e7ois Laguionie\"}]},{\"@type\":\"WebSite\",\"@id\":\"https:\/\/guiadelocio.es\/madrid\/#website\",\"url\":\"https:\/\/guiadelocio.es\/madrid\/\",\"name\":\"Madrid | Gu\u00eda del Ocio\",\"description\":\"Qu\u00e9 hacer, d\u00f3nde comer, qu\u00e9 visitar y los lugares que no te puedes perder\",\"potentialAction\":[{\"@type\":\"SearchAction\",\"target\":{\"@type\":\"EntryPoint\",\"urlTemplate\":\"https:\/\/guiadelocio.es\/madrid\/?s={search_term_string}\"},\"query-input\":{\"@type\":\"PropertyValueSpecification\",\"valueRequired\":true,\"valueName\":\"search_term_string\"}}],\"inLanguage\":\"es\"},{\"@type\":\"Person\",\"@id\":\"https:\/\/guiadelocio.es\/madrid\/#\/schema\/person\/dedd385c3a1875e2dfb8ee808e4fca89\",\"name\":\"Gu\u00eda del Ocio\",\"image\":{\"@type\":\"ImageObject\",\"inLanguage\":\"es\",\"@id\":\"https:\/\/guiadelocio.es\/madrid\/#\/schema\/person\/image\/\",\"url\":\"https:\/\/secure.gravatar.com\/avatar\/27d9eb58286cefc2042fb32a3db3a679c555c2a21aa6719fa7916d63185b9fe9?s=96&d=mm&r=g\",\"contentUrl\":\"https:\/\/secure.gravatar.com\/avatar\/27d9eb58286cefc2042fb32a3db3a679c555c2a21aa6719fa7916d63185b9fe9?s=96&d=mm&r=g\",\"caption\":\"Gu\u00eda del Ocio\"}}]}<\/script>\n<!-- \/ Yoast SEO plugin. -->","yoast_head_json":{"title":"Un barco en el jard\u00edn: la nueva joya animada de Jean-Fran\u00e7ois Laguionie | Madrid","description":"Un barco en el jard\u00edn: la nueva joya animada de Jean-Fran\u00e7ois Laguionie en cines a partir del 26 de septiembre","robots":{"index":"index","follow":"follow","max-snippet":"max-snippet:-1","max-image-preview":"max-image-preview:large","max-video-preview":"max-video-preview:-1"},"canonical":"https:\/\/guiadelocio.es\/madrid\/un-barco-en-el-jardin-la-nueva-joya-animada-de-jean-francois-laguionie\/","og_locale":"es_ES","og_type":"article","og_title":"Un barco en el jard\u00edn: la nueva joya animada de Jean-Fran\u00e7ois Laguionie | Madrid","og_description":"Un barco en el jard\u00edn: la nueva joya animada de Jean-Fran\u00e7ois Laguionie en cines a partir del 26 de septiembre","og_url":"https:\/\/guiadelocio.es\/madrid\/un-barco-en-el-jardin-la-nueva-joya-animada-de-jean-francois-laguionie\/","og_site_name":"Madrid","article_published_time":"2025-09-25T11:12:55+00:00","article_modified_time":"2025-09-29T13:47:53+00:00","og_image":[{"width":1920,"height":1080,"url":"https:\/\/guiadelocio.es\/madrid\/wp-content\/uploads\/sites\/2\/2025\/09\/3_Un-vaixell_al_jardi.png","type":"image\/png"}],"author":"Gu\u00eda del Ocio","twitter_card":"summary_large_image","twitter_misc":{"Escrito por":"Gu\u00eda del Ocio","Tiempo de lectura":"5 minutos"},"schema":{"@context":"https:\/\/schema.org","@graph":[{"@type":"WebPage","@id":"https:\/\/guiadelocio.es\/madrid\/un-barco-en-el-jardin-la-nueva-joya-animada-de-jean-francois-laguionie\/","url":"https:\/\/guiadelocio.es\/madrid\/un-barco-en-el-jardin-la-nueva-joya-animada-de-jean-francois-laguionie\/","name":"Un barco en el jard\u00edn: la nueva joya animada de Jean-Fran\u00e7ois Laguionie | Madrid","isPartOf":{"@id":"https:\/\/guiadelocio.es\/madrid\/#website"},"primaryImageOfPage":{"@id":"https:\/\/guiadelocio.es\/madrid\/un-barco-en-el-jardin-la-nueva-joya-animada-de-jean-francois-laguionie\/#primaryimage"},"image":{"@id":"https:\/\/guiadelocio.es\/madrid\/un-barco-en-el-jardin-la-nueva-joya-animada-de-jean-francois-laguionie\/#primaryimage"},"thumbnailUrl":"https:\/\/guiadelocio.es\/madrid\/wp-content\/uploads\/sites\/2\/2025\/09\/3_Un-vaixell_al_jardi.png","datePublished":"2025-09-25T11:12:55+00:00","dateModified":"2025-09-29T13:47:53+00:00","author":{"@id":"https:\/\/guiadelocio.es\/madrid\/#\/schema\/person\/dedd385c3a1875e2dfb8ee808e4fca89"},"description":"Un barco en el jard\u00edn: la nueva joya animada de Jean-Fran\u00e7ois Laguionie en cines a partir del 26 de septiembre","breadcrumb":{"@id":"https:\/\/guiadelocio.es\/madrid\/un-barco-en-el-jardin-la-nueva-joya-animada-de-jean-francois-laguionie\/#breadcrumb"},"inLanguage":"es","potentialAction":[{"@type":"ReadAction","target":["https:\/\/guiadelocio.es\/madrid\/un-barco-en-el-jardin-la-nueva-joya-animada-de-jean-francois-laguionie\/"]}]},{"@type":"ImageObject","inLanguage":"es","@id":"https:\/\/guiadelocio.es\/madrid\/un-barco-en-el-jardin-la-nueva-joya-animada-de-jean-francois-laguionie\/#primaryimage","url":"https:\/\/guiadelocio.es\/madrid\/wp-content\/uploads\/sites\/2\/2025\/09\/3_Un-vaixell_al_jardi.png","contentUrl":"https:\/\/guiadelocio.es\/madrid\/wp-content\/uploads\/sites\/2\/2025\/09\/3_Un-vaixell_al_jardi.png","width":1920,"height":1080},{"@type":"BreadcrumbList","@id":"https:\/\/guiadelocio.es\/madrid\/un-barco-en-el-jardin-la-nueva-joya-animada-de-jean-francois-laguionie\/#breadcrumb","itemListElement":[{"@type":"ListItem","position":1,"name":"Portada","item":"https:\/\/guiadelocio.es\/madrid\/"},{"@type":"ListItem","position":2,"name":"Un barco en el jard\u00edn: la nueva joya animada de Jean-Fran\u00e7ois Laguionie"}]},{"@type":"WebSite","@id":"https:\/\/guiadelocio.es\/madrid\/#website","url":"https:\/\/guiadelocio.es\/madrid\/","name":"Madrid | Gu\u00eda del Ocio","description":"Qu\u00e9 hacer, d\u00f3nde comer, qu\u00e9 visitar y los lugares que no te puedes perder","potentialAction":[{"@type":"SearchAction","target":{"@type":"EntryPoint","urlTemplate":"https:\/\/guiadelocio.es\/madrid\/?s={search_term_string}"},"query-input":{"@type":"PropertyValueSpecification","valueRequired":true,"valueName":"search_term_string"}}],"inLanguage":"es"},{"@type":"Person","@id":"https:\/\/guiadelocio.es\/madrid\/#\/schema\/person\/dedd385c3a1875e2dfb8ee808e4fca89","name":"Gu\u00eda del Ocio","image":{"@type":"ImageObject","inLanguage":"es","@id":"https:\/\/guiadelocio.es\/madrid\/#\/schema\/person\/image\/","url":"https:\/\/secure.gravatar.com\/avatar\/27d9eb58286cefc2042fb32a3db3a679c555c2a21aa6719fa7916d63185b9fe9?s=96&d=mm&r=g","contentUrl":"https:\/\/secure.gravatar.com\/avatar\/27d9eb58286cefc2042fb32a3db3a679c555c2a21aa6719fa7916d63185b9fe9?s=96&d=mm&r=g","caption":"Gu\u00eda del Ocio"}}]}},"_links":{"self":[{"href":"https:\/\/guiadelocio.es\/madrid\/wp-json\/wp\/v2\/posts\/44879","targetHints":{"allow":["GET"]}}],"collection":[{"href":"https:\/\/guiadelocio.es\/madrid\/wp-json\/wp\/v2\/posts"}],"about":[{"href":"https:\/\/guiadelocio.es\/madrid\/wp-json\/wp\/v2\/types\/post"}],"author":[{"embeddable":true,"href":"https:\/\/guiadelocio.es\/madrid\/wp-json\/wp\/v2\/users\/8"}],"replies":[{"embeddable":true,"href":"https:\/\/guiadelocio.es\/madrid\/wp-json\/wp\/v2\/comments?post=44879"}],"version-history":[{"count":2,"href":"https:\/\/guiadelocio.es\/madrid\/wp-json\/wp\/v2\/posts\/44879\/revisions"}],"predecessor-version":[{"id":44902,"href":"https:\/\/guiadelocio.es\/madrid\/wp-json\/wp\/v2\/posts\/44879\/revisions\/44902"}],"wp:featuredmedia":[{"embeddable":true,"href":"https:\/\/guiadelocio.es\/madrid\/wp-json\/wp\/v2\/media\/44888"}],"wp:attachment":[{"href":"https:\/\/guiadelocio.es\/madrid\/wp-json\/wp\/v2\/media?parent=44879"}],"wp:term":[{"taxonomy":"category","embeddable":true,"href":"https:\/\/guiadelocio.es\/madrid\/wp-json\/wp\/v2\/categories?post=44879"},{"taxonomy":"post_tag","embeddable":true,"href":"https:\/\/guiadelocio.es\/madrid\/wp-json\/wp\/v2\/tags?post=44879"},{"taxonomy":"category_plan","embeddable":true,"href":"https:\/\/guiadelocio.es\/madrid\/wp-json\/wp\/v2\/category_plan?post=44879"},{"taxonomy":"filter_trans","embeddable":true,"href":"https:\/\/guiadelocio.es\/madrid\/wp-json\/wp\/v2\/filter_trans?post=44879"},{"taxonomy":"filter_main","embeddable":true,"href":"https:\/\/guiadelocio.es\/madrid\/wp-json\/wp\/v2\/filter_main?post=44879"},{"taxonomy":"filter_sec","embeddable":true,"href":"https:\/\/guiadelocio.es\/madrid\/wp-json\/wp\/v2\/filter_sec?post=44879"},{"taxonomy":"barrios","embeddable":true,"href":"https:\/\/guiadelocio.es\/madrid\/wp-json\/wp\/v2\/barrios?post=44879"}],"curies":[{"name":"wp","href":"https:\/\/api.w.org\/{rel}","templated":true}]}}