{"id":44087,"date":"2025-09-03T14:04:43","date_gmt":"2025-09-03T12:04:43","guid":{"rendered":"https:\/\/guiadelocio.es\/madrid\/?p=44087"},"modified":"2025-09-03T14:04:44","modified_gmt":"2025-09-03T12:04:44","slug":"estrenos-de-cine-en-septiembre-de-2025-terror-drama-accion-y-cine-de-autor","status":"publish","type":"post","link":"https:\/\/guiadelocio.es\/madrid\/estrenos-de-cine-en-septiembre-de-2025-terror-drama-accion-y-cine-de-autor\/","title":{"rendered":"Estrenos de cine en septiembre de 2025: terror, drama, acci\u00f3n y cine de autor"},"content":{"rendered":"<p data-start=\"369\" data-end=\"678\">Septiembre de 2025 ofrece una cartelera variada en Espa\u00f1a, con estrenos que incluyen terror, drama familiar, cine de autor y superproducciones internacionales. Este mes destacan franquicias consolidadas, adaptaciones literarias y pel\u00edculas premiadas en festivales, ofreciendo opciones para todos los p\u00fablicos.<\/p>\n<h2 data-start=\"685\" data-end=\"713\">Romer\u00eda \u2013 5 de septiembre<\/h2>\n<p data-start=\"714\" data-end=\"1422\">Marina, adoptada desde peque\u00f1a, viaja a Vigo para conocer a la familia de su padre biol\u00f3gico, fallecido por sida al igual que su madre. Durante su estancia, intenta reconstruir la historia de sus padres a trav\u00e9s de los recuerdos de sus t\u00edos, t\u00edas y abuelos, pero el pasado est\u00e1 lleno de secretos y tab\u00faes relacionados con las adicciones de su familia. Su relaci\u00f3n con su primo y el diario de su madre le permiten reinterpretar la historia de sus padres y reconciliarse con el legado familiar. Esta pel\u00edcula cierra la trilog\u00eda de Carla Sim\u00f3n iniciada con <em data-start=\"1268\" data-end=\"1281\">Verano 1993<\/em> y <em data-start=\"1284\" data-end=\"1294\">Alcarr\u00e0s<\/em>, combinando sensibilidad y memoria hist\u00f3rica.<br data-start=\"1340\" data-end=\"1343\" \/><strong data-start=\"1343\" data-end=\"1364\">Fecha de estreno:<\/strong> 5 de septiembre<br data-start=\"1380\" data-end=\"1383\" \/><strong data-start=\"1383\" data-end=\"1394\">G\u00e9nero:<\/strong> Drama<br data-start=\"1400\" data-end=\"1403\" \/><a href=\"https:\/\/guiadelocio.es\/madrid\/plan\/romeria-la-nueva-pelicula-de-carla-simon-estreno-sinopsis-y-criticas\/\" target=\"_blank\" rel=\"noopener\"><strong data-start=\"1403\" data-end=\"1422\">M\u00e1s informaci\u00f3n<\/strong><\/a><\/p>\n<div class=\"js--player\" data-plyr-provider=\"youtube\" data-plyr-embed-id=\"AafBPL156-M\" data-origin=\"AafBPL156-M&#038;t=3s\"><\/div>\n<h2 data-start=\"1429\" data-end=\"1483\">Expediente Warren: El \u00faltimo rito \u2013 5 de septiembre<\/h2>\n<p data-start=\"1484\" data-end=\"2196\">La saga de los Warren regresa con Vera Farmiga y Patrick Wilson interpretando por \u00faltima vez a los investigadores paranormales Ed y Lorraine Warren. En esta novena entrega, los Warren se enfrentan a un caso que pondr\u00e1 a prueba su experiencia y valent\u00eda frente a fuerzas sobrenaturales m\u00e1s poderosas que nunca. Con exorcismos, fen\u00f3menos inexplicables y un suspense constante, la pel\u00edcula combina terror cl\u00e1sico con la intensidad emocional que caracteriza a la franquicia. Completan el reparto Mia Tomlinson, Ben Hardy, Rebecca Calder y Elliot Cowan, bajo la direcci\u00f3n de Michael Chaves y la producci\u00f3n de James Wan y Peter Safran.<br data-start=\"2113\" data-end=\"2116\" \/><strong data-start=\"2116\" data-end=\"2137\">Fecha de estreno:<\/strong> 5 de septiembre<br data-start=\"2153\" data-end=\"2156\" \/><strong data-start=\"2156\" data-end=\"2167\">G\u00e9nero:<\/strong> Terror<br data-start=\"2174\" data-end=\"2177\" \/><a href=\"https:\/\/guiadelocio.es\/madrid\/plan\/expediente-warren-el-ultimo-rito-estreno-reparto-y-todo-lo-que-debes-saber\/\" target=\"_blank\" rel=\"noopener\"><strong data-start=\"2177\" data-end=\"2196\">M\u00e1s informaci\u00f3n<\/strong><\/a><\/p>\n<div class=\"js--player\" data-plyr-provider=\"youtube\" data-plyr-embed-id=\"FIiiMiC7GGY\" data-origin=\"FIiiMiC7GGY\"><\/div>\n<h2 data-start=\"2203\" data-end=\"2234\">El Talento \u2013 5 de septiembre<\/h2>\n<p data-start=\"2235\" data-end=\"2941\">Adaptaci\u00f3n de la novela <em data-start=\"2259\" data-end=\"2277\">La se\u00f1orita Else<\/em> de Arthur Schnitzler, <em data-start=\"2300\" data-end=\"2312\">El Talento<\/em> narra la historia de Elsa, una joven estudiante de violonchelo con un prometedor futuro. Durante la celebraci\u00f3n del cumplea\u00f1os de su amiga Idoia, Elsa recibe una llamada de su madre que la coloca ante un dilema moral: sacrificar su dignidad para asegurar el bienestar de su familia. Entre m\u00fasica, privilegio y \u00e9tica personal, Elsa debe decidir qui\u00e9n es y hasta d\u00f3nde est\u00e1 dispuesta a llegar. Dirigida por Polo Men\u00e1rguez y protagonizada por Ester Exp\u00f3sito, la pel\u00edcula explora el conflicto entre aspiraciones personales y responsabilidad familiar.<br data-start=\"2859\" data-end=\"2862\" \/><strong data-start=\"2862\" data-end=\"2883\">Fecha de estreno:<\/strong> 5 de septiembre<br data-start=\"2899\" data-end=\"2902\" \/><strong data-start=\"2902\" data-end=\"2913\">G\u00e9nero:<\/strong> Drama<br data-start=\"2919\" data-end=\"2922\" \/><a href=\"https:\/\/guiadelocio.es\/madrid\/plan\/el-talento-con-ester-exposito-estreno-sinopsis-y-reparto\/\" target=\"_blank\" rel=\"noopener\"><strong data-start=\"2922\" data-end=\"2941\">M\u00e1s informaci\u00f3n<\/strong><\/a><\/p>\n<div class=\"js--player\" data-plyr-provider=\"youtube\" data-plyr-embed-id=\"339rwJZYGZ0\" data-origin=\"339rwJZYGZ0&#038;t=88s\"><\/div>\n<h2 data-start=\"2948\" data-end=\"2979\">Eddington \u2013 12 de septiembre<\/h2>\n<p data-start=\"2980\" data-end=\"3688\">Dirigida por Ari Aster, <em data-start=\"3004\" data-end=\"3015\">Eddington<\/em> es un w\u00e9stern contempor\u00e1neo ambientado en mayo de 2020 en un peque\u00f1o pueblo de Nuevo M\u00e9xico. La pel\u00edcula sigue la disputa entre un sheriff (Joaquin Phoenix) y un alcalde (Pedro Pascal), que divide a los vecinos en bandos enfrentados, generando un estallido social. La obra refleja los traumas y la polarizaci\u00f3n de la era pand\u00e9mica, explorando la tensi\u00f3n comunitaria, la moral y los conflictos personales. Con un reparto estelar que incluye a Emma Stone, la pel\u00edcula combina la intensidad dram\u00e1tica con el estilo caracter\u00edstico de Aster, reconocido por <em data-start=\"3568\" data-end=\"3580\">Hereditary<\/em> y <em data-start=\"3583\" data-end=\"3594\">Midsommar<\/em>.<br data-start=\"3595\" data-end=\"3598\" \/><strong data-start=\"3598\" data-end=\"3619\">Fecha de estreno:<\/strong> 12 de septiembre<br data-start=\"3636\" data-end=\"3639\" \/><strong data-start=\"3639\" data-end=\"3650\">G\u00e9nero:<\/strong> W\u00e9stern \/ Drama<br data-start=\"3666\" data-end=\"3669\" \/><a href=\"https:\/\/guiadelocio.es\/madrid\/plan\/eddington-lo-nuevo-de-ari-aster-con-joaquin-phoenix-y-pedro-pascal\/\" target=\"_blank\" rel=\"noopener\"><strong data-start=\"3669\" data-end=\"3688\">M\u00e1s informaci\u00f3n<\/strong><\/a><\/p>\n<div class=\"js--player\" data-plyr-provider=\"youtube\" data-plyr-embed-id=\"DlJWC3XG4HQ\" data-origin=\"DlJWC3XG4HQ\"><\/div>\n<h2 data-start=\"3695\" data-end=\"3737\">Ya no quedan junglas \u2013 26 de septiembre<\/h2>\n<p data-start=\"3738\" data-end=\"4493\">Dirigida por Luis Gabriel Berist\u00e1in, esta pel\u00edcula narra la historia de Theo, conocido como \u201cel Gentleman\u201d, un exsoldado estadounidense cuya vida solitaria se ve alterada cuando Olga, una prostituta con quien compart\u00eda sus jueves, es asesinada. En su b\u00fasqueda de venganza, se cruzan con \u00e9l Iborra, una inspectora alcoh\u00f3lica, y Herodes, un asesino a sueldo. La pel\u00edcula combina acci\u00f3n, thriller y emoci\u00f3n, explorando temas de amor, violencia y justicia. Con un reparto internacional encabezado por Ron Perlman, Megan Montaner y Hovik Keuchkerian, y presentada en el 73\u00ba Festival de San Sebasti\u00e1n, la pel\u00edcula promete intensidad y tensi\u00f3n hasta el \u00faltimo minuto.<br data-start=\"4398\" data-end=\"4401\" \/><strong data-start=\"4401\" data-end=\"4422\">Fecha de estreno:<\/strong> 26 de septiembre<br data-start=\"4439\" data-end=\"4442\" \/><strong data-start=\"4442\" data-end=\"4453\">G\u00e9nero:<\/strong> Thriller \/ Acci\u00f3n<br data-start=\"4471\" data-end=\"4474\" \/><a href=\"https:\/\/guiadelocio.es\/madrid\/plan\/ya-no-quedan-junglas-con-ron-perlman-megan-montaner-y-hovik-keuchkerian\/\" target=\"_blank\" rel=\"noopener\"><strong data-start=\"4474\" data-end=\"4493\">M\u00e1s informaci\u00f3n<\/strong><\/a><\/p>\n<div class=\"js--player\" data-plyr-provider=\"youtube\" data-plyr-embed-id=\"JkpaWiK7wHs\" data-origin=\"JkpaWiK7wHs&#038;t=1s\"><\/div>\n<p data-start=\"3738\" data-end=\"4493\">\n<h2 data-start=\"4500\" data-end=\"4543\">Una batalla tras otra \u2013 26 de septiembre<\/h2>\n<p data-start=\"4544\" data-end=\"5166\">Paul Thomas Anderson dirige este intenso thriller de acci\u00f3n y drama, protagonizado por Leonardo DiCaprio, Benicio del Toro y Sean Penn. La pel\u00edcula narra conflictos pol\u00edticos y dilemas morales en un contexto contempor\u00e1neo, con personajes que enfrentan decisiones extremas en medio de situaciones de tensi\u00f3n y violencia. Con un equipo creativo de primer nivel, incluyendo dise\u00f1o de producci\u00f3n, montaje y m\u00fasica nominados a premios internacionales, la pel\u00edcula se presenta como uno de los estrenos m\u00e1s ambiciosos del mes.<br data-start=\"5063\" data-end=\"5066\" \/><strong data-start=\"5066\" data-end=\"5087\">Fecha de estreno:<\/strong> 26 de septiembre<br data-start=\"5104\" data-end=\"5107\" \/><strong data-start=\"5107\" data-end=\"5118\">G\u00e9nero:<\/strong> Acci\u00f3n \/ Drama \/ Thriller<br data-start=\"5144\" data-end=\"5147\" \/><a href=\"https:\/\/guiadelocio.es\/madrid\/plan\/una-batalla-tras-otra-lo-nuevo-de-paul-thomas-anderson-con-leonardo-dicaprio\/\" target=\"_blank\" rel=\"noopener\"><strong data-start=\"5147\" data-end=\"5166\">M\u00e1s informaci\u00f3n<\/strong><\/a><\/p>\n<div class=\"js--player\" data-plyr-provider=\"youtube\" data-plyr-embed-id=\"b2SSjY1cN7k\" data-origin=\"b2SSjY1cN7k&#038;t=1s\"><\/div>\n<h2 data-start=\"5173\" data-end=\"5213\">El Vengador T\u00f3xico \u2013 26 de septiembre<\/h2>\n<p data-start=\"5214\" data-end=\"5782\">Reboot del cl\u00e1sico <em data-start=\"5233\" data-end=\"5252\">The Toxic Avenger<\/em>, dirigida por Macon Blair. Winston Gooze, un conserje explotado, sufre un accidente t\u00f3xico que lo transforma en un h\u00e9roe mutante: El Vengador T\u00f3xico. A partir de su nueva identidad, Toxie debe enfrentarse a corporaciones corruptas y fuerzas criminales que amenazan a su hijo, sus amigos y su comunidad. La pel\u00edcula combina terror, comedia y acci\u00f3n, ofreciendo un tono irreverente y fresco dentro del g\u00e9nero de superh\u00e9roes alternativos.<br data-start=\"5688\" data-end=\"5691\" \/><strong data-start=\"5691\" data-end=\"5712\">Fecha de estreno:<\/strong> 26 de septiembre<br data-start=\"5729\" data-end=\"5732\" \/><strong data-start=\"5732\" data-end=\"5743\">G\u00e9nero:<\/strong> Terror \/ Comedia<br data-start=\"5760\" data-end=\"5763\" \/><strong data-start=\"5763\" data-end=\"5782\">M\u00e1s informaci\u00f3n<\/strong><\/p>\n<p data-start=\"5214\" data-end=\"5782\"><img decoding=\"async\" class=\"wp-image-44076 aligncenter\" src=\"https:\/\/guiadelocio.es\/madrid\/wp-content\/uploads\/sites\/2\/2025\/09\/TheToxicAvenger_09-2-scaled-1-300x169.jpg\" alt=\"\" width=\"692\" height=\"390\" srcset=\"https:\/\/guiadelocio.es\/madrid\/wp-content\/uploads\/sites\/2\/2025\/09\/TheToxicAvenger_09-2-scaled-1-300x169.jpg 300w, https:\/\/guiadelocio.es\/madrid\/wp-content\/uploads\/sites\/2\/2025\/09\/TheToxicAvenger_09-2-scaled-1-1024x576.jpg 1024w, https:\/\/guiadelocio.es\/madrid\/wp-content\/uploads\/sites\/2\/2025\/09\/TheToxicAvenger_09-2-scaled-1-768x432.jpg 768w, https:\/\/guiadelocio.es\/madrid\/wp-content\/uploads\/sites\/2\/2025\/09\/TheToxicAvenger_09-2-scaled-1-1536x865.jpg 1536w, https:\/\/guiadelocio.es\/madrid\/wp-content\/uploads\/sites\/2\/2025\/09\/TheToxicAvenger_09-2-scaled-1.jpg 2048w, https:\/\/guiadelocio.es\/madrid\/wp-content\/uploads\/sites\/2\/2025\/09\/TheToxicAvenger_09-2-scaled-1-1634x920.jpg 1634w, https:\/\/guiadelocio.es\/madrid\/wp-content\/uploads\/sites\/2\/2025\/09\/TheToxicAvenger_09-2-scaled-1-640x360.jpg 640w, https:\/\/guiadelocio.es\/madrid\/wp-content\/uploads\/sites\/2\/2025\/09\/TheToxicAvenger_09-2-scaled-1-266x150.jpg 266w\" sizes=\"(max-width: 692px) 100vw, 692px\" \/><\/p>\n<h2 data-start=\"5789\" data-end=\"5835\">Los Extra\u00f1os: Cap\u00edtulo 2 \u2013 26 de septiembre<\/h2>\n<p data-start=\"5836\" data-end=\"6354\">Secuela de la trilog\u00eda <em data-start=\"5859\" data-end=\"5874\">The Strangers<\/em>. Cuando los enmascarados descubren que su \u00faltima v\u00edctima, Maya (Madelaine Petsch), sigue viva, regresan para finalizar lo que empezaron. Maya debe sobrevivir a otra noche de terror absoluto, sin lugar seguro ni aliados confiables. Dirigida por Renny Harlin, esta entrega intensifica el suspenso y la violencia, ofreciendo a los aficionados del terror un nuevo cap\u00edtulo escalofriante y atrapante.<br data-start=\"6270\" data-end=\"6273\" \/><strong data-start=\"6273\" data-end=\"6294\">Fecha de estreno:<\/strong> 26 de septiembre<br data-start=\"6311\" data-end=\"6314\" \/><strong data-start=\"6314\" data-end=\"6325\">G\u00e9nero:<\/strong> Terror<br data-start=\"6332\" data-end=\"6335\" \/><a href=\"https:\/\/guiadelocio.es\/madrid\/plan\/los-extranos-capitulo-2-estreno-reparto-y-sinopsis-de-la-secuela-de-terror\/\" target=\"_blank\" rel=\"noopener\"><strong data-start=\"6335\" data-end=\"6354\">M\u00e1s informaci\u00f3n<\/strong><\/a><\/p>\n<div class=\"js--player\" data-plyr-provider=\"youtube\" data-plyr-embed-id=\"QLKYfXUWn_U\" data-origin=\"QLKYfXUWn_U\"><\/div>\n<p>&nbsp;<\/p>\n<p>&nbsp;<\/p>\n<p><span style=\"color: #ff6600;\"><strong>\u00bfQuieres ser siempre el primero en enterarte de todos los planes que hay en tu ciudad?<\/strong><\/span><\/p>\n<p><span style=\"color: #ff6600;\"><a class=\"button button--large button--iconposition-left button--icon-newsletter\" style=\"color: #ff6600;\" href=\"https:\/\/guiadelocio.es\/madrid\/suscribete-aqui-a-nuestra-newsletter\/\" target=\"_blank\" rel=\"noopener\"><span>Inscr\u00edbete AQU\u00cd a nuestra newsletter<\/span><\/a><\/span><\/p>\n","protected":false},"excerpt":{"rendered":"<p>Septiembre de 2025 ofrece una cartelera variada en Espa\u00f1a, con estrenos que incluyen terror, drama familiar, cine de autor y superproducciones internacionales. Este mes destacan franquicias consolidadas, adaptaciones literarias y pel\u00edculas premiadas en festivales, ofreciendo opciones para todos los p\u00fablicos. Romer\u00eda \u2013 5 de septiembre Marina, adoptada desde peque\u00f1a, viaja a Vigo para conocer a [&hellip;]<\/p>\n","protected":false},"author":8,"featured_media":44088,"comment_status":"closed","ping_status":"closed","sticky":false,"template":"","format":"standard","meta":{"_acf_changed":false,"footnotes":""},"categories":[1],"tags":[],"category_plan":[47,143],"filter_trans":[],"filter_main":[],"filter_sec":[],"barrios":[],"class_list":["post-44087","post","type-post","status-publish","format-standard","has-post-thumbnail","hentry","category-sin-categorizar"],"acf":[],"yoast_head":"<!-- This site is optimized with the Yoast SEO plugin v26.0 - https:\/\/yoast.com\/wordpress\/plugins\/seo\/ -->\n<title>Estrenos de cine en septiembre de 2025: terror, drama, acci\u00f3n y cine de autor | Madrid<\/title>\n<meta name=\"description\" content=\"Estrenos de cine Septiembre ofrece una cartelera variada en Espa\u00f1a, con terror, drama familiar, cine de autor y superproducciones internacionales.\" \/>\n<meta name=\"robots\" content=\"index, follow, max-snippet:-1, max-image-preview:large, max-video-preview:-1\" \/>\n<link rel=\"canonical\" href=\"https:\/\/guiadelocio.es\/madrid\/estrenos-de-cine-en-septiembre-de-2025-terror-drama-accion-y-cine-de-autor\/\" \/>\n<meta property=\"og:locale\" content=\"es_ES\" \/>\n<meta property=\"og:type\" content=\"article\" \/>\n<meta property=\"og:title\" content=\"Estrenos de cine en septiembre de 2025: terror, drama, acci\u00f3n y cine de autor | Madrid\" \/>\n<meta property=\"og:description\" content=\"Estrenos de cine Septiembre ofrece una cartelera variada en Espa\u00f1a, con terror, drama familiar, cine de autor y superproducciones internacionales.\" \/>\n<meta property=\"og:url\" content=\"https:\/\/guiadelocio.es\/madrid\/estrenos-de-cine-en-septiembre-de-2025-terror-drama-accion-y-cine-de-autor\/\" \/>\n<meta property=\"og:site_name\" content=\"Madrid\" \/>\n<meta property=\"article:published_time\" content=\"2025-09-03T12:04:43+00:00\" \/>\n<meta property=\"article:modified_time\" content=\"2025-09-03T12:04:44+00:00\" \/>\n<meta property=\"og:image\" content=\"https:\/\/guiadelocio.es\/madrid\/wp-content\/uploads\/sites\/2\/2025\/09\/iStock-1302078338.jpg\" \/>\n\t<meta property=\"og:image:width\" content=\"1366\" \/>\n\t<meta property=\"og:image:height\" content=\"768\" \/>\n\t<meta property=\"og:image:type\" content=\"image\/jpeg\" \/>\n<meta name=\"author\" content=\"Gu\u00eda del Ocio\" \/>\n<meta name=\"twitter:card\" content=\"summary_large_image\" \/>\n<meta name=\"twitter:label1\" content=\"Escrito por\" \/>\n\t<meta name=\"twitter:data1\" content=\"Gu\u00eda del Ocio\" \/>\n\t<meta name=\"twitter:label2\" content=\"Tiempo de lectura\" \/>\n\t<meta name=\"twitter:data2\" content=\"5 minutos\" \/>\n<script type=\"application\/ld+json\" class=\"yoast-schema-graph\">{\"@context\":\"https:\/\/schema.org\",\"@graph\":[{\"@type\":\"WebPage\",\"@id\":\"https:\/\/guiadelocio.es\/madrid\/estrenos-de-cine-en-septiembre-de-2025-terror-drama-accion-y-cine-de-autor\/\",\"url\":\"https:\/\/guiadelocio.es\/madrid\/estrenos-de-cine-en-septiembre-de-2025-terror-drama-accion-y-cine-de-autor\/\",\"name\":\"Estrenos de cine en septiembre de 2025: terror, drama, acci\u00f3n y cine de autor | Madrid\",\"isPartOf\":{\"@id\":\"https:\/\/guiadelocio.es\/madrid\/#website\"},\"primaryImageOfPage\":{\"@id\":\"https:\/\/guiadelocio.es\/madrid\/estrenos-de-cine-en-septiembre-de-2025-terror-drama-accion-y-cine-de-autor\/#primaryimage\"},\"image\":{\"@id\":\"https:\/\/guiadelocio.es\/madrid\/estrenos-de-cine-en-septiembre-de-2025-terror-drama-accion-y-cine-de-autor\/#primaryimage\"},\"thumbnailUrl\":\"https:\/\/guiadelocio.es\/madrid\/wp-content\/uploads\/sites\/2\/2025\/09\/iStock-1302078338.jpg\",\"datePublished\":\"2025-09-03T12:04:43+00:00\",\"dateModified\":\"2025-09-03T12:04:44+00:00\",\"author\":{\"@id\":\"https:\/\/guiadelocio.es\/madrid\/#\/schema\/person\/dedd385c3a1875e2dfb8ee808e4fca89\"},\"description\":\"Estrenos de cine Septiembre ofrece una cartelera variada en Espa\u00f1a, con terror, drama familiar, cine de autor y superproducciones internacionales.\",\"breadcrumb\":{\"@id\":\"https:\/\/guiadelocio.es\/madrid\/estrenos-de-cine-en-septiembre-de-2025-terror-drama-accion-y-cine-de-autor\/#breadcrumb\"},\"inLanguage\":\"es\",\"potentialAction\":[{\"@type\":\"ReadAction\",\"target\":[\"https:\/\/guiadelocio.es\/madrid\/estrenos-de-cine-en-septiembre-de-2025-terror-drama-accion-y-cine-de-autor\/\"]}]},{\"@type\":\"ImageObject\",\"inLanguage\":\"es\",\"@id\":\"https:\/\/guiadelocio.es\/madrid\/estrenos-de-cine-en-septiembre-de-2025-terror-drama-accion-y-cine-de-autor\/#primaryimage\",\"url\":\"https:\/\/guiadelocio.es\/madrid\/wp-content\/uploads\/sites\/2\/2025\/09\/iStock-1302078338.jpg\",\"contentUrl\":\"https:\/\/guiadelocio.es\/madrid\/wp-content\/uploads\/sites\/2\/2025\/09\/iStock-1302078338.jpg\",\"width\":1366,\"height\":768,\"caption\":\"The only moviegoer in the cinema is watching a movie. Back view\"},{\"@type\":\"BreadcrumbList\",\"@id\":\"https:\/\/guiadelocio.es\/madrid\/estrenos-de-cine-en-septiembre-de-2025-terror-drama-accion-y-cine-de-autor\/#breadcrumb\",\"itemListElement\":[{\"@type\":\"ListItem\",\"position\":1,\"name\":\"Portada\",\"item\":\"https:\/\/guiadelocio.es\/madrid\/\"},{\"@type\":\"ListItem\",\"position\":2,\"name\":\"Estrenos de cine en septiembre de 2025: terror, drama, acci\u00f3n y cine de autor\"}]},{\"@type\":\"WebSite\",\"@id\":\"https:\/\/guiadelocio.es\/madrid\/#website\",\"url\":\"https:\/\/guiadelocio.es\/madrid\/\",\"name\":\"Madrid | Gu\u00eda del Ocio\",\"description\":\"Qu\u00e9 hacer, d\u00f3nde comer, qu\u00e9 visitar y los lugares que no te puedes perder\",\"potentialAction\":[{\"@type\":\"SearchAction\",\"target\":{\"@type\":\"EntryPoint\",\"urlTemplate\":\"https:\/\/guiadelocio.es\/madrid\/?s={search_term_string}\"},\"query-input\":{\"@type\":\"PropertyValueSpecification\",\"valueRequired\":true,\"valueName\":\"search_term_string\"}}],\"inLanguage\":\"es\"},{\"@type\":\"Person\",\"@id\":\"https:\/\/guiadelocio.es\/madrid\/#\/schema\/person\/dedd385c3a1875e2dfb8ee808e4fca89\",\"name\":\"Gu\u00eda del Ocio\",\"image\":{\"@type\":\"ImageObject\",\"inLanguage\":\"es\",\"@id\":\"https:\/\/guiadelocio.es\/madrid\/#\/schema\/person\/image\/\",\"url\":\"https:\/\/secure.gravatar.com\/avatar\/27d9eb58286cefc2042fb32a3db3a679c555c2a21aa6719fa7916d63185b9fe9?s=96&d=mm&r=g\",\"contentUrl\":\"https:\/\/secure.gravatar.com\/avatar\/27d9eb58286cefc2042fb32a3db3a679c555c2a21aa6719fa7916d63185b9fe9?s=96&d=mm&r=g\",\"caption\":\"Gu\u00eda del Ocio\"}}]}<\/script>\n<!-- \/ Yoast SEO plugin. -->","yoast_head_json":{"title":"Estrenos de cine en septiembre de 2025: terror, drama, acci\u00f3n y cine de autor | Madrid","description":"Estrenos de cine Septiembre ofrece una cartelera variada en Espa\u00f1a, con terror, drama familiar, cine de autor y superproducciones internacionales.","robots":{"index":"index","follow":"follow","max-snippet":"max-snippet:-1","max-image-preview":"max-image-preview:large","max-video-preview":"max-video-preview:-1"},"canonical":"https:\/\/guiadelocio.es\/madrid\/estrenos-de-cine-en-septiembre-de-2025-terror-drama-accion-y-cine-de-autor\/","og_locale":"es_ES","og_type":"article","og_title":"Estrenos de cine en septiembre de 2025: terror, drama, acci\u00f3n y cine de autor | Madrid","og_description":"Estrenos de cine Septiembre ofrece una cartelera variada en Espa\u00f1a, con terror, drama familiar, cine de autor y superproducciones internacionales.","og_url":"https:\/\/guiadelocio.es\/madrid\/estrenos-de-cine-en-septiembre-de-2025-terror-drama-accion-y-cine-de-autor\/","og_site_name":"Madrid","article_published_time":"2025-09-03T12:04:43+00:00","article_modified_time":"2025-09-03T12:04:44+00:00","og_image":[{"width":1366,"height":768,"url":"https:\/\/guiadelocio.es\/madrid\/wp-content\/uploads\/sites\/2\/2025\/09\/iStock-1302078338.jpg","type":"image\/jpeg"}],"author":"Gu\u00eda del Ocio","twitter_card":"summary_large_image","twitter_misc":{"Escrito por":"Gu\u00eda del Ocio","Tiempo de lectura":"5 minutos"},"schema":{"@context":"https:\/\/schema.org","@graph":[{"@type":"WebPage","@id":"https:\/\/guiadelocio.es\/madrid\/estrenos-de-cine-en-septiembre-de-2025-terror-drama-accion-y-cine-de-autor\/","url":"https:\/\/guiadelocio.es\/madrid\/estrenos-de-cine-en-septiembre-de-2025-terror-drama-accion-y-cine-de-autor\/","name":"Estrenos de cine en septiembre de 2025: terror, drama, acci\u00f3n y cine de autor | Madrid","isPartOf":{"@id":"https:\/\/guiadelocio.es\/madrid\/#website"},"primaryImageOfPage":{"@id":"https:\/\/guiadelocio.es\/madrid\/estrenos-de-cine-en-septiembre-de-2025-terror-drama-accion-y-cine-de-autor\/#primaryimage"},"image":{"@id":"https:\/\/guiadelocio.es\/madrid\/estrenos-de-cine-en-septiembre-de-2025-terror-drama-accion-y-cine-de-autor\/#primaryimage"},"thumbnailUrl":"https:\/\/guiadelocio.es\/madrid\/wp-content\/uploads\/sites\/2\/2025\/09\/iStock-1302078338.jpg","datePublished":"2025-09-03T12:04:43+00:00","dateModified":"2025-09-03T12:04:44+00:00","author":{"@id":"https:\/\/guiadelocio.es\/madrid\/#\/schema\/person\/dedd385c3a1875e2dfb8ee808e4fca89"},"description":"Estrenos de cine Septiembre ofrece una cartelera variada en Espa\u00f1a, con terror, drama familiar, cine de autor y superproducciones internacionales.","breadcrumb":{"@id":"https:\/\/guiadelocio.es\/madrid\/estrenos-de-cine-en-septiembre-de-2025-terror-drama-accion-y-cine-de-autor\/#breadcrumb"},"inLanguage":"es","potentialAction":[{"@type":"ReadAction","target":["https:\/\/guiadelocio.es\/madrid\/estrenos-de-cine-en-septiembre-de-2025-terror-drama-accion-y-cine-de-autor\/"]}]},{"@type":"ImageObject","inLanguage":"es","@id":"https:\/\/guiadelocio.es\/madrid\/estrenos-de-cine-en-septiembre-de-2025-terror-drama-accion-y-cine-de-autor\/#primaryimage","url":"https:\/\/guiadelocio.es\/madrid\/wp-content\/uploads\/sites\/2\/2025\/09\/iStock-1302078338.jpg","contentUrl":"https:\/\/guiadelocio.es\/madrid\/wp-content\/uploads\/sites\/2\/2025\/09\/iStock-1302078338.jpg","width":1366,"height":768,"caption":"The only moviegoer in the cinema is watching a movie. Back view"},{"@type":"BreadcrumbList","@id":"https:\/\/guiadelocio.es\/madrid\/estrenos-de-cine-en-septiembre-de-2025-terror-drama-accion-y-cine-de-autor\/#breadcrumb","itemListElement":[{"@type":"ListItem","position":1,"name":"Portada","item":"https:\/\/guiadelocio.es\/madrid\/"},{"@type":"ListItem","position":2,"name":"Estrenos de cine en septiembre de 2025: terror, drama, acci\u00f3n y cine de autor"}]},{"@type":"WebSite","@id":"https:\/\/guiadelocio.es\/madrid\/#website","url":"https:\/\/guiadelocio.es\/madrid\/","name":"Madrid | Gu\u00eda del Ocio","description":"Qu\u00e9 hacer, d\u00f3nde comer, qu\u00e9 visitar y los lugares que no te puedes perder","potentialAction":[{"@type":"SearchAction","target":{"@type":"EntryPoint","urlTemplate":"https:\/\/guiadelocio.es\/madrid\/?s={search_term_string}"},"query-input":{"@type":"PropertyValueSpecification","valueRequired":true,"valueName":"search_term_string"}}],"inLanguage":"es"},{"@type":"Person","@id":"https:\/\/guiadelocio.es\/madrid\/#\/schema\/person\/dedd385c3a1875e2dfb8ee808e4fca89","name":"Gu\u00eda del Ocio","image":{"@type":"ImageObject","inLanguage":"es","@id":"https:\/\/guiadelocio.es\/madrid\/#\/schema\/person\/image\/","url":"https:\/\/secure.gravatar.com\/avatar\/27d9eb58286cefc2042fb32a3db3a679c555c2a21aa6719fa7916d63185b9fe9?s=96&d=mm&r=g","contentUrl":"https:\/\/secure.gravatar.com\/avatar\/27d9eb58286cefc2042fb32a3db3a679c555c2a21aa6719fa7916d63185b9fe9?s=96&d=mm&r=g","caption":"Gu\u00eda del Ocio"}}]}},"_links":{"self":[{"href":"https:\/\/guiadelocio.es\/madrid\/wp-json\/wp\/v2\/posts\/44087","targetHints":{"allow":["GET"]}}],"collection":[{"href":"https:\/\/guiadelocio.es\/madrid\/wp-json\/wp\/v2\/posts"}],"about":[{"href":"https:\/\/guiadelocio.es\/madrid\/wp-json\/wp\/v2\/types\/post"}],"author":[{"embeddable":true,"href":"https:\/\/guiadelocio.es\/madrid\/wp-json\/wp\/v2\/users\/8"}],"replies":[{"embeddable":true,"href":"https:\/\/guiadelocio.es\/madrid\/wp-json\/wp\/v2\/comments?post=44087"}],"version-history":[{"count":1,"href":"https:\/\/guiadelocio.es\/madrid\/wp-json\/wp\/v2\/posts\/44087\/revisions"}],"predecessor-version":[{"id":44090,"href":"https:\/\/guiadelocio.es\/madrid\/wp-json\/wp\/v2\/posts\/44087\/revisions\/44090"}],"wp:featuredmedia":[{"embeddable":true,"href":"https:\/\/guiadelocio.es\/madrid\/wp-json\/wp\/v2\/media\/44088"}],"wp:attachment":[{"href":"https:\/\/guiadelocio.es\/madrid\/wp-json\/wp\/v2\/media?parent=44087"}],"wp:term":[{"taxonomy":"category","embeddable":true,"href":"https:\/\/guiadelocio.es\/madrid\/wp-json\/wp\/v2\/categories?post=44087"},{"taxonomy":"post_tag","embeddable":true,"href":"https:\/\/guiadelocio.es\/madrid\/wp-json\/wp\/v2\/tags?post=44087"},{"taxonomy":"category_plan","embeddable":true,"href":"https:\/\/guiadelocio.es\/madrid\/wp-json\/wp\/v2\/category_plan?post=44087"},{"taxonomy":"filter_trans","embeddable":true,"href":"https:\/\/guiadelocio.es\/madrid\/wp-json\/wp\/v2\/filter_trans?post=44087"},{"taxonomy":"filter_main","embeddable":true,"href":"https:\/\/guiadelocio.es\/madrid\/wp-json\/wp\/v2\/filter_main?post=44087"},{"taxonomy":"filter_sec","embeddable":true,"href":"https:\/\/guiadelocio.es\/madrid\/wp-json\/wp\/v2\/filter_sec?post=44087"},{"taxonomy":"barrios","embeddable":true,"href":"https:\/\/guiadelocio.es\/madrid\/wp-json\/wp\/v2\/barrios?post=44087"}],"curies":[{"name":"wp","href":"https:\/\/api.w.org\/{rel}","templated":true}]}}