{"id":44012,"date":"2025-08-29T15:43:34","date_gmt":"2025-08-29T13:43:34","guid":{"rendered":"https:\/\/guiadelocio.es\/madrid\/?p=44012"},"modified":"2025-08-29T15:43:34","modified_gmt":"2025-08-29T13:43:34","slug":"exposiciones-experiencias-y-otras-actividades-gratis-en-madrid-septiembre-2025","status":"publish","type":"post","link":"https:\/\/guiadelocio.es\/madrid\/exposiciones-experiencias-y-otras-actividades-gratis-en-madrid-septiembre-2025\/","title":{"rendered":"Exposiciones, experiencias y otras actividades GRATIS en Madrid &#8211; SEPTIEMBRE 2025"},"content":{"rendered":"<p data-start=\"345\" data-end=\"798\">Madrid se transforma cada d\u00eda en un escenario de cultura y ocio, y lo mejor es que muchas de estas experiencias no cuestan nada. En este reportaje encontrar\u00e1s informaci\u00f3n sobre actividades gratis en Madrid, durante el mes de <strong>septiembre<\/strong>, desde gymkanas interactivas y visitas guiadas, hasta exposiciones de arte, actividades para ni\u00f1os, rutas al aire libre y clases de baile. \u00a1Descubre Madrid sin gastar un euro y mantente al d\u00eda con nuestras actualizaciones mensuales!<\/p>\n<p>&nbsp;<\/p>\n<h2 data-start=\"11995\" data-end=\"12050\">I. Visitas guiadas especiales<\/h2>\n<ul data-start=\"12052\" data-end=\"13796\">\n<li data-start=\"12052\" data-end=\"12650\">\n<p data-start=\"12054\" data-end=\"12375\"><strong data-start=\"12054\" data-end=\"12107\">Visita guiada a la Biblioteca Nacional de Espa\u00f1a:<\/strong><br data-start=\"12107\" data-end=\"12110\" \/>Descubre la historia y los espacios emblem\u00e1ticos de este edificio (excluye el Sal\u00f3n de Lectura Mar\u00eda Moliner).<br data-start=\"12222\" data-end=\"12225\" \/><em data-start=\"12227\" data-end=\"12235\">Lugar:<\/em> Biblioteca Nacional (Paseo de Recoletos, 20-22 \u2013 Metro: Col\u00f3n L4 \/ Cercan\u00edas: Recoletos; punto de encuentro en planta 0).<br data-start=\"12357\" data-end=\"12360\" \/><em data-start=\"12362\" data-end=\"12373\">Horarios:<\/em><\/p>\n<ul data-start=\"12380\" data-end=\"12650\">\n<li data-start=\"12380\" data-end=\"12426\">Lunes, mi\u00e9rcoles y viernes: 12:00 y 17:00.<\/li>\n<li data-start=\"12431\" data-end=\"12650\">Grupos cerrados (10-20 personas): Martes y jueves, 12:00 y 17:00 (inscripci\u00f3n a trav\u00e9s de <a rel=\"noopener\" data-start=\"12523\" data-end=\"12537\">visitas@bne.es<\/a>; inscripciones abiertas desde el d\u00eda 20 de cada mes a las 09:30).<br data-start=\"12603\" data-end=\"12606\" \/><a href=\"https:\/\/www.bne.es\/es\/agenda\/visita-guiada-biblioteca-descubre-bne\" target=\"_blank\" rel=\"noopener\"><strong data-start=\"12608\" data-end=\"12628\">Entrada gratuita<\/strong> (con reserva online).<\/a><\/li>\n<\/ul>\n<\/li>\n<\/ul>\n<p><img decoding=\"async\" class=\"wp-image-37430 aligncenter\" src=\"https:\/\/guiadelocio.es\/madrid\/wp-content\/uploads\/sites\/2\/2025\/02\/IMG_20220518_095739-300x94.jpg\" alt=\"\" width=\"654\" height=\"205\" srcset=\"https:\/\/guiadelocio.es\/madrid\/wp-content\/uploads\/sites\/2\/2025\/02\/IMG_20220518_095739-300x94.jpg 300w, https:\/\/guiadelocio.es\/madrid\/wp-content\/uploads\/sites\/2\/2025\/02\/IMG_20220518_095739-1024x320.jpg 1024w, https:\/\/guiadelocio.es\/madrid\/wp-content\/uploads\/sites\/2\/2025\/02\/IMG_20220518_095739-768x240.jpg 768w, https:\/\/guiadelocio.es\/madrid\/wp-content\/uploads\/sites\/2\/2025\/02\/IMG_20220518_095739-1536x480.jpg 1536w, https:\/\/guiadelocio.es\/madrid\/wp-content\/uploads\/sites\/2\/2025\/02\/IMG_20220518_095739-640x200.jpg 640w, https:\/\/guiadelocio.es\/madrid\/wp-content\/uploads\/sites\/2\/2025\/02\/IMG_20220518_095739-266x83.jpg 266w, https:\/\/guiadelocio.es\/madrid\/wp-content\/uploads\/sites\/2\/2025\/02\/IMG_20220518_095739.jpg 1920w\" sizes=\"(max-width: 654px) 100vw, 654px\" \/><\/p>\n<ul data-start=\"12052\" data-end=\"13796\">\n<li data-start=\"12652\" data-end=\"13328\">\n<p data-start=\"12654\" data-end=\"12930\"><strong data-start=\"12654\" data-end=\"12698\"><a href=\"https:\/\/guiadelocio.es\/madrid\/plan\/pasea-madrid-visitas-guiadas-gratuitas\/\" target=\"_blank\" rel=\"noopener\"><span>Pasea Madrid<\/span><\/a>: Visitas guiadas gratuitas:<\/strong><br data-start=\"12698\" data-end=\"12701\" \/>Programa del Ayuntamiento con m\u00e1s de 16.200 plazas para descubrir el patrimonio cultural de Madrid.<br data-start=\"12898\" data-end=\"12901\" \/>Se visitan espacios como:<\/p>\n<ul data-start=\"12933\" data-end=\"13328\">\n<li data-start=\"12933\" data-end=\"12983\">Centro de Interpretaci\u00f3n del Paisaje de la Luz<\/li>\n<li data-start=\"12986\" data-end=\"13006\">Front\u00f3n Beti Jai<\/li>\n<li data-start=\"13009\" data-end=\"13057\">Casas Consistoriales de la Plaza de la Villa<\/li>\n<li data-start=\"13060\" data-end=\"13083\">B\u00fanker del parque de El Capricho<\/li>\n<li data-start=\"13086\" data-end=\"13111\">Pabell\u00f3n de Hex\u00e1gonos<\/li>\n<li data-start=\"13114\" data-end=\"13328\">Monumento a Alfonso XII<br data-start=\"13139\" data-end=\"13142\" \/><em data-start=\"13144\" data-end=\"13151\">Nota:<\/em> Los mayores de 65 a\u00f1os tienen acceso prioritario a las 10:00; a partir de las 12:00 se abre para el p\u00fablico general.<br data-start=\"13268\" data-end=\"13271\" \/><a href=\"https:\/\/paseamadrid.reservaspatrimonio.es\/\" target=\"_blank\" rel=\"noopener\"><strong data-start=\"13273\" data-end=\"13294\">Entrada gratuita.<\/strong><\/a><\/li>\n<\/ul>\n<\/li>\n<\/ul>\n<p><img decoding=\"async\" class=\"wp-image-37426 aligncenter\" src=\"https:\/\/guiadelocio.es\/madrid\/wp-content\/uploads\/sites\/2\/2025\/02\/monumento_a_alfonso_xii-300x152.jpg\" alt=\"\" width=\"651\" height=\"330\" srcset=\"https:\/\/guiadelocio.es\/madrid\/wp-content\/uploads\/sites\/2\/2025\/02\/monumento_a_alfonso_xii-300x152.jpg 300w, https:\/\/guiadelocio.es\/madrid\/wp-content\/uploads\/sites\/2\/2025\/02\/monumento_a_alfonso_xii-640x325.jpg 640w, https:\/\/guiadelocio.es\/madrid\/wp-content\/uploads\/sites\/2\/2025\/02\/monumento_a_alfonso_xii-266x135.jpg 266w, https:\/\/guiadelocio.es\/madrid\/wp-content\/uploads\/sites\/2\/2025\/02\/monumento_a_alfonso_xii.jpg 660w\" sizes=\"(max-width: 651px) 100vw, 651px\" \/><\/p>\n<ul>\n<li><strong data-start=\"13332\" data-end=\"13373\">Nuevas actividades gratuitas en el<a href=\"https:\/\/guiadelocio.es\/madrid\/plan\/nuevas-actividades-gratuitas-en-el-fronton-beti-jai\/\" target=\"_blank\" rel=\"noopener\"><span> front\u00f3n Beti Jai<\/span><\/a>:<\/strong><br data-start=\"13373\" data-end=\"13376\" \/>El front\u00f3n Beti Jai ofrecer\u00e1 actividades gratuitas entre abril y septiembre, con visitas guiadas, teatralizadas, talleres infantiles y exhibiciones de juegos vascos. Las plazas se abren el 25 de marzo. Adem\u00e1s, se podr\u00e1 visitar libremente de martes a domingo, de 10:00 a 14:00..<br data-start=\"13525\" data-end=\"13528\" \/>Lugar: Front\u00f3n Beti Jai (Calle del Marqu\u00e9s de Riscal, 7 \u2013 Metro: Alonso Mart\u00ednez L4, L5, L10 \/ Cercan\u00edas: Recoletos)..<br data-start=\"13638\" data-end=\"13641\" \/><em data-start=\"13643\" data-end=\"13662\">Horario gratuito:<\/em> Las visitas libres ser\u00e1n de martes a domingo, de 10:00 a 14:00 horas.<br data-start=\"13688\" data-end=\"13691\" \/><em data-start=\"13693\" data-end=\"13700\">Nota:<\/em> Previa inscripci\u00f3n en la web.<br data-start=\"13770\" data-end=\"13773\" \/><a href=\"https:\/\/betijai.reservaspatrimonio.es\/\" target=\"_blank\" rel=\"noopener\"><strong data-start=\"13775\" data-end=\"13796\">Entrada gratuita.<\/strong><\/a><\/li>\n<\/ul>\n<p><img decoding=\"async\" class=\"wp-image-38482 aligncenter\" src=\"https:\/\/guiadelocio.es\/madrid\/wp-content\/uploads\/sites\/2\/2025\/03\/57A9424-450x300-1-300x200.jpg\" alt=\"\" width=\"651\" height=\"434\" srcset=\"https:\/\/guiadelocio.es\/madrid\/wp-content\/uploads\/sites\/2\/2025\/03\/57A9424-450x300-1-300x200.jpg 300w, https:\/\/guiadelocio.es\/madrid\/wp-content\/uploads\/sites\/2\/2025\/03\/57A9424-450x300-1-266x177.jpg 266w, https:\/\/guiadelocio.es\/madrid\/wp-content\/uploads\/sites\/2\/2025\/03\/57A9424-450x300-1.jpg 450w\" sizes=\"(max-width: 651px) 100vw, 651px\" \/><\/p>\n<ul data-start=\"12052\" data-end=\"13796\">\n<li data-start=\"13330\" data-end=\"13796\">\n<p data-start=\"13332\" data-end=\"13796\"><strong data-start=\"13332\" data-end=\"13373\">Entra gratis al <a href=\"https:\/\/guiadelocio.es\/madrid\/plan\/real-jardin-botanico-de-madrid\/\" target=\"_blank\" rel=\"noopener\"><span>Real Jard\u00edn Bot\u00e1nico<\/span><\/a>:<\/strong><br data-start=\"13373\" data-end=\"13376\" \/>Disfruta de la impresionante colecci\u00f3n de m\u00e1s de 5.600 especies en este jard\u00edn hist\u00f3rico, parte del Paisaje de la Luz y Patrimonio de la Humanidad.<br data-start=\"13525\" data-end=\"13528\" \/><em data-start=\"13530\" data-end=\"13538\">Lugar:<\/em> Real Jard\u00edn Bot\u00e1nico (Plaza de Murillo, 2 \u2013 Metro: Estaci\u00f3n del Arte L1 \/ Cercan\u00edas: Atocha Renfe).<br data-start=\"13638\" data-end=\"13641\" \/><em data-start=\"13643\" data-end=\"13662\">Horario gratuito:<\/em> Martes, de 10:00 a 13:00.<br data-start=\"13688\" data-end=\"13691\" \/><em data-start=\"13693\" data-end=\"13700\">Nota:<\/em> Se requiere recoger un ticket en taquilla, sujeto a control de aforo.<br data-start=\"13770\" data-end=\"13773\" \/><a href=\"https:\/\/rjb.csic.es\/el-jardin\/guia-practica\/\" target=\"_blank\" rel=\"noopener\"><strong data-start=\"13775\" data-end=\"13796\">Entrada gratuita.<\/strong><\/a><\/p>\n<\/li>\n<\/ul>\n<p><img decoding=\"async\" class=\"wp-image-37428 aligncenter\" src=\"https:\/\/guiadelocio.es\/madrid\/wp-content\/uploads\/sites\/2\/2025\/02\/\u00a92019_AntonelloDellanotte_RJB_EXT_ARQ_008_FULL-300x200.jpg\" alt=\"\" width=\"650\" height=\"433\" srcset=\"https:\/\/guiadelocio.es\/madrid\/wp-content\/uploads\/sites\/2\/2025\/02\/\u00a92019_AntonelloDellanotte_RJB_EXT_ARQ_008_FULL-300x200.jpg 300w, https:\/\/guiadelocio.es\/madrid\/wp-content\/uploads\/sites\/2\/2025\/02\/\u00a92019_AntonelloDellanotte_RJB_EXT_ARQ_008_FULL-1024x683.jpg 1024w, https:\/\/guiadelocio.es\/madrid\/wp-content\/uploads\/sites\/2\/2025\/02\/\u00a92019_AntonelloDellanotte_RJB_EXT_ARQ_008_FULL-768x512.jpg 768w, https:\/\/guiadelocio.es\/madrid\/wp-content\/uploads\/sites\/2\/2025\/02\/\u00a92019_AntonelloDellanotte_RJB_EXT_ARQ_008_FULL-1536x1024.jpg 1536w, https:\/\/guiadelocio.es\/madrid\/wp-content\/uploads\/sites\/2\/2025\/02\/\u00a92019_AntonelloDellanotte_RJB_EXT_ARQ_008_FULL-1380x920.jpg 1380w, https:\/\/guiadelocio.es\/madrid\/wp-content\/uploads\/sites\/2\/2025\/02\/\u00a92019_AntonelloDellanotte_RJB_EXT_ARQ_008_FULL-640x427.jpg 640w, https:\/\/guiadelocio.es\/madrid\/wp-content\/uploads\/sites\/2\/2025\/02\/\u00a92019_AntonelloDellanotte_RJB_EXT_ARQ_008_FULL-266x177.jpg 266w, https:\/\/guiadelocio.es\/madrid\/wp-content\/uploads\/sites\/2\/2025\/02\/\u00a92019_AntonelloDellanotte_RJB_EXT_ARQ_008_FULL.jpg 1920w\" sizes=\"(max-width: 650px) 100vw, 650px\" \/><\/p>\n<p>&nbsp;<\/p>\n<ul>\n<li><strong data-start=\"13332\" data-end=\"13373\">El Prado de noche 2025. Con Djs:<\/strong><br data-start=\"13373\" data-end=\"13376\" \/>Apertura nocturna gratuita del Museo del Prado con acceso a exposiciones y obras permanentes, amenizada por DJs de Radio3.<br data-start=\"13525\" data-end=\"13528\" \/>Lugar: Museo del Prado, Entrada por Puerta de Jer\u00f3nimos (Metro: Estaci\u00f3n del Arte L1).<br data-start=\"246\" data-end=\"249\" \/>Fecha: Primer s\u00e1bado de cada mes.<br data-start=\"282\" data-end=\"285\" \/><strong><a href=\"https:\/\/www.museodelprado.es\/recurso\/el-prado-de-noche-2025\/d2184ef9-b78c-44e7-89c1-00ff88e0b982\" target=\"_blank\" rel=\"noopener\"><span>Entrada gratuita<\/span><\/a><\/strong>, hasta completar aforo.<\/li>\n<\/ul>\n<p><img decoding=\"async\" class=\"wp-image-38497 aligncenter\" src=\"https:\/\/guiadelocio.es\/madrid\/wp-content\/uploads\/sites\/2\/2025\/03\/el_prado_de_noche_0-300x152.jpg\" alt=\"\" width=\"651\" height=\"330\" srcset=\"https:\/\/guiadelocio.es\/madrid\/wp-content\/uploads\/sites\/2\/2025\/03\/el_prado_de_noche_0-300x152.jpg 300w, https:\/\/guiadelocio.es\/madrid\/wp-content\/uploads\/sites\/2\/2025\/03\/el_prado_de_noche_0-640x325.jpg 640w, https:\/\/guiadelocio.es\/madrid\/wp-content\/uploads\/sites\/2\/2025\/03\/el_prado_de_noche_0-266x135.jpg 266w, https:\/\/guiadelocio.es\/madrid\/wp-content\/uploads\/sites\/2\/2025\/03\/el_prado_de_noche_0.jpg 660w\" sizes=\"(max-width: 651px) 100vw, 651px\" \/><\/p>\n<ul>\n<li><strong data-start=\"13332\" data-end=\"13373\">Monasterio de las Descalzas Reales:<\/strong><br data-start=\"13373\" data-end=\"13376\" \/>El Monasterio de las Descalzas Reales, fundado por Juana de Austria, es un oasis de historia y arte en pleno centro de Madrid. Antiguo palacio convertido en convento, alberga valiosas obras y arquitectura renacentista y morisca. Su visita permite conocer el legado de la Casa de Austria y est\u00e1 disponible gratis ciertos d\u00edas.<br data-start=\"13525\" data-end=\"13528\" \/>Lugar: Monasterio de las Descalzas Reales (Pl. de las Descalzas, 3, Centro, 28013 Madrid).<br data-start=\"246\" data-end=\"249\" \/>Fecha: Gratis mi\u00e9rcoles y jueves de 16:00 a 18:30<br data-start=\"282\" data-end=\"285\" \/><strong><a href=\"https:\/\/www.patrimonionacional.es\/tarifa-gratuita\" target=\"_blank\" rel=\"noopener\"><span>Entrada gratuita<\/span><\/a><\/strong>, hasta completar aforo.<\/li>\n<\/ul>\n<p><img decoding=\"async\" class=\"wp-image-40229 aligncenter\" src=\"https:\/\/guiadelocio.es\/madrid\/wp-content\/uploads\/sites\/2\/2025\/04\/01-descalzas-300x125.jpg\" alt=\"\" width=\"658\" height=\"274\" srcset=\"https:\/\/guiadelocio.es\/madrid\/wp-content\/uploads\/sites\/2\/2025\/04\/01-descalzas-300x125.jpg 300w, https:\/\/guiadelocio.es\/madrid\/wp-content\/uploads\/sites\/2\/2025\/04\/01-descalzas-1024x427.jpg 1024w, https:\/\/guiadelocio.es\/madrid\/wp-content\/uploads\/sites\/2\/2025\/04\/01-descalzas-768x320.jpg 768w, https:\/\/guiadelocio.es\/madrid\/wp-content\/uploads\/sites\/2\/2025\/04\/01-descalzas-1536x640.jpg 1536w, https:\/\/guiadelocio.es\/madrid\/wp-content\/uploads\/sites\/2\/2025\/04\/01-descalzas-640x267.jpg 640w, https:\/\/guiadelocio.es\/madrid\/wp-content\/uploads\/sites\/2\/2025\/04\/01-descalzas-266x111.jpg 266w, https:\/\/guiadelocio.es\/madrid\/wp-content\/uploads\/sites\/2\/2025\/04\/01-descalzas.jpg 1762w\" sizes=\"(max-width: 658px) 100vw, 658px\" \/><\/p>\n<h2 data-start=\"3224\" data-end=\"3267\">II. Exposiciones y eventos culturales<\/h2>\n<h3 data-start=\"3224\" data-end=\"3267\"><strong data-start=\"3228\" data-end=\"3267\">Exposiciones temporales y tem\u00e1ticas<\/strong><\/h3>\n<ul>\n<li><a href=\"https:\/\/guiadelocio.es\/madrid\/plan\/cuando-habla-la-luz-de-graciela-iturbide-en-photoespana-2025\/\" target=\"_blank\" rel=\"noopener\"><strong data-start=\"3271\" data-end=\"3330\">Cuando habla la luz, de Graciela Iturbide. Exposici\u00f3n:<\/strong><\/a><br data-start=\"3330\" data-end=\"3333\" \/>Del 20 de junio al 14 de septiembre de 2025, la Fundaci\u00f3n Casa de M\u00e9xico en Espa\u00f1a presenta <em data-start=\"153\" data-end=\"174\">Cuando habla la luz<\/em>, una muestra antol\u00f3gica de la reconocida fot\u00f3grafa mexicana Graciela Iturbide, Premio Princesa de Asturias de las Artes 2025. La exposici\u00f3n re\u00fane 115 fotograf\u00edas tomadas entre 1972 y 2017, que retratan con profundidad la identidad y cultura mexicana. Incluye im\u00e1genes ic\u00f3nicas como <em data-start=\"457\" data-end=\"488\">Nuestra se\u00f1ora de las iguanas<\/em> y <em data-start=\"491\" data-end=\"507\">La mujer \u00e1ngel<\/em>, as\u00ed como la serie <em data-start=\"527\" data-end=\"545\">El ba\u00f1o de Frida<\/em>, sobre la vida de Frida Kahlo.<br data-start=\"3452\" data-end=\"3455\" \/><em data-start=\"3457\" data-end=\"3465\">Lugar:<\/em> Fundaci\u00f3n Casa de M\u00e9xico en Espa\u00f1a: Calle Alberto Aguilera 20, Chamber\u00ed, 28015 Madrid.<br data-start=\"3493\" data-end=\"3496\" \/><em data-start=\"3498\" data-end=\"3506\">Fecha:<\/em> Del 20 de junio al 14 de septiembre.<br data-start=\"3528\" data-end=\"3531\" \/><a href=\"https:\/\/phe.es\/exposicion\/cuando-habla-la-luz\/\" target=\"_blank\" rel=\"noopener\"><strong data-start=\"3533\" data-end=\"3553\">Entrada gratuita.<\/strong><\/a><\/li>\n<\/ul>\n<p><img decoding=\"async\" class=\"wp-image-42123 aligncenter\" src=\"https:\/\/guiadelocio.es\/madrid\/wp-content\/uploads\/sites\/2\/2025\/07\/XX-115-arbol-con-pajaros_WG8_65-751x500-1-300x200.jpg\" alt=\"\" width=\"654\" height=\"436\" srcset=\"https:\/\/guiadelocio.es\/madrid\/wp-content\/uploads\/sites\/2\/2025\/07\/XX-115-arbol-con-pajaros_WG8_65-751x500-1-300x200.jpg 300w, https:\/\/guiadelocio.es\/madrid\/wp-content\/uploads\/sites\/2\/2025\/07\/XX-115-arbol-con-pajaros_WG8_65-751x500-1-640x426.jpg 640w, https:\/\/guiadelocio.es\/madrid\/wp-content\/uploads\/sites\/2\/2025\/07\/XX-115-arbol-con-pajaros_WG8_65-751x500-1-266x177.jpg 266w, https:\/\/guiadelocio.es\/madrid\/wp-content\/uploads\/sites\/2\/2025\/07\/XX-115-arbol-con-pajaros_WG8_65-751x500-1.jpg 751w\" sizes=\"(max-width: 654px) 100vw, 654px\" \/><\/p>\n<ul>\n<li><a href=\"https:\/\/guiadelocio.es\/madrid\/plan\/madrid-icono-pop-1964-1979\/\" target=\"_blank\" rel=\"noopener\"><strong data-start=\"3271\" data-end=\"3330\">Madrid Icono Pop 1964\u20131979. Exposici\u00f3n fotogr\u00e1fica en El \u00c1guila:<\/strong><\/a><br data-start=\"3330\" data-end=\"3333\" \/>\n<p data-start=\"69\" data-end=\"536\">Hasta el 21 de septiembre de 2025, el complejo cultural El \u00c1guila acoge <em data-start=\"141\" data-end=\"169\">Madrid Icono Pop 1964\u20131979<\/em>, una exposici\u00f3n comisariada por Esperanza Garc\u00eda Claver que nos sumerge en el esp\u00edritu glamuroso, espont\u00e1neo y vibrante del Madrid de los a\u00f1os 60 y 70. La muestra re\u00fane m\u00e1s de 150 fotograf\u00edas del fotoperiodista italiano Gianni Ferrari, retratando a iconos del cine y la cultura pop como Audrey Hepburn, Brigitte Bardot o Lola Flores en escenarios urbanos cotidianos.<\/p>\n<p data-start=\"538\" data-end=\"791\">Adem\u00e1s de la fotograf\u00eda, la exposici\u00f3n incorpora piezas originales de moda de alta costura de dise\u00f1adores como Balenciaga, Givenchy o Pedro Rodr\u00edguez, as\u00ed como figurines, revistas y archivos audiovisuales que contextualizan la vida cultural de la \u00e9poca<\/p>\n<p><em data-start=\"3457\" data-end=\"3465\">Lugar:<\/em> El \u00c1guila (C\/ Ram\u00edrez de Prado, 3. Metro: Delicias L3).<br data-start=\"3493\" data-end=\"3496\" \/><em data-start=\"3498\" data-end=\"3506\">Fecha:<\/em> Hasta el 21 de septiembre de 2025.<br data-start=\"3528\" data-end=\"3531\" \/><a href=\"https:\/\/www.comunidad.madrid\/actividades\/2025\/exposicion-madrid-icono-pop-1964-1979\" target=\"_blank\" rel=\"noopener\"><strong data-start=\"3533\" data-end=\"3553\">Entrada gratuita.<\/strong><\/a><\/li>\n<\/ul>\n<p><img decoding=\"async\" class=\"wp-image-43181 aligncenter\" src=\"https:\/\/guiadelocio.es\/madrid\/wp-content\/uploads\/sites\/2\/2025\/07\/soledad_miranda_madrid_1966_c_gianni_ferrari_-1-300x226.jpg\" alt=\"\" width=\"642\" height=\"484\" srcset=\"https:\/\/guiadelocio.es\/madrid\/wp-content\/uploads\/sites\/2\/2025\/07\/soledad_miranda_madrid_1966_c_gianni_ferrari_-1-300x226.jpg 300w, https:\/\/guiadelocio.es\/madrid\/wp-content\/uploads\/sites\/2\/2025\/07\/soledad_miranda_madrid_1966_c_gianni_ferrari_-1-1024x771.jpg 1024w, https:\/\/guiadelocio.es\/madrid\/wp-content\/uploads\/sites\/2\/2025\/07\/soledad_miranda_madrid_1966_c_gianni_ferrari_-1-768x578.jpg 768w, https:\/\/guiadelocio.es\/madrid\/wp-content\/uploads\/sites\/2\/2025\/07\/soledad_miranda_madrid_1966_c_gianni_ferrari_-1-574x432.jpg 574w, https:\/\/guiadelocio.es\/madrid\/wp-content\/uploads\/sites\/2\/2025\/07\/soledad_miranda_madrid_1966_c_gianni_ferrari_-1-266x200.jpg 266w, https:\/\/guiadelocio.es\/madrid\/wp-content\/uploads\/sites\/2\/2025\/07\/soledad_miranda_madrid_1966_c_gianni_ferrari_-1.jpg 1170w\" sizes=\"(max-width: 642px) 100vw, 642px\" \/><\/p>\n<ul>\n<li><a href=\"https:\/\/guiadelocio.es\/madrid\/plan\/adelaida-la-memoria-rescatada-de-una-mujer-transgresora-en-el-museo-del-romanticismo-photoespana-2025\/\" target=\"_blank\" rel=\"noopener\"><strong data-start=\"3271\" data-end=\"3330\">Adelaida. La memoria rescatada de una mujer transgresora. Exposici\u00f3n:<\/strong><\/a><br data-start=\"3330\" data-end=\"3333\" \/>Del 6 de junio al 14 de septiembre de 2025, el Museo Nacional del Romanticismo presenta <em data-start=\"164\" data-end=\"174\">Adelaida<\/em>, una exposici\u00f3n de PHotoESPA\u00d1A 2025 que reconstruye la vida de Adelaida Mart\u00ednez-Corera, figura hist\u00f3rica madrile\u00f1a que rompi\u00f3 con los moldes sociales y de g\u00e9nero de finales del siglo XIX. La muestra, comisariada por Mercedes Hausmann y Jorge Salgado, combina archivo fotogr\u00e1fico y representaci\u00f3n art\u00edstica para ofrecer una mirada cr\u00edtica sobre la feminidad, la clase social y la memoria colectiva.<br data-start=\"3452\" data-end=\"3455\" \/><em data-start=\"3457\" data-end=\"3465\">Lugar:<\/em> Museo Nacional del Romanticismo: Calle de San Mateo 13, Centro, 28004 Madrid.<br data-start=\"3493\" data-end=\"3496\" \/><em data-start=\"3498\" data-end=\"3506\">Fecha:<\/em> Del 6 de junio al 14 de septiembre.<br data-start=\"3528\" data-end=\"3531\" \/><a href=\"https:\/\/phe.es\/exposicion\/adelaida\/\" target=\"_blank\" rel=\"noopener\"><strong data-start=\"3533\" data-end=\"3553\">Entrada gratuita.<\/strong><\/a><\/li>\n<\/ul>\n<p><img decoding=\"async\" class=\"wp-image-43165 aligncenter\" src=\"https:\/\/guiadelocio.es\/madrid\/wp-content\/uploads\/sites\/2\/2025\/07\/adelaida_ia_02-664x500-1-1-300x226.jpg\" alt=\"\" width=\"642\" height=\"484\" srcset=\"https:\/\/guiadelocio.es\/madrid\/wp-content\/uploads\/sites\/2\/2025\/07\/adelaida_ia_02-664x500-1-1-300x226.jpg 300w, https:\/\/guiadelocio.es\/madrid\/wp-content\/uploads\/sites\/2\/2025\/07\/adelaida_ia_02-664x500-1-1-574x432.jpg 574w, https:\/\/guiadelocio.es\/madrid\/wp-content\/uploads\/sites\/2\/2025\/07\/adelaida_ia_02-664x500-1-1-266x200.jpg 266w, https:\/\/guiadelocio.es\/madrid\/wp-content\/uploads\/sites\/2\/2025\/07\/adelaida_ia_02-664x500-1-1.jpg 664w\" sizes=\"(max-width: 642px) 100vw, 642px\" \/><\/p>\n<ul>\n<li><strong data-start=\"3271\" data-end=\"3330\"><a href=\"https:\/\/guiadelocio.es\/madrid\/plan\/madrid-musa-de-las-letras-una-exposicion-que-rinde-homenaje-a-la-ciudad-literaria\/\" target=\"_blank\" rel=\"noopener\"><span>Madrid, Musa de las Letras. Exposici\u00f3n<\/span><\/a>:<\/strong><br data-start=\"3330\" data-end=\"3333\" \/>Hasta el 31 de diciembre de 2025, el Espacio Cultural Serrer\u00eda Belga acoge <em data-start=\"121\" data-end=\"149\">Madrid, Musa de las Letras<\/em>, una exposici\u00f3n dedicada al papel de Madrid como escenario literario y fuente de inspiraci\u00f3n para grandes autores. El recorrido homenajea a figuras como Cervantes, Lope de Vega, Gald\u00f3s, Pardo Baz\u00e1n, Lorca o Valle-Incl\u00e1n, y sit\u00faa al Barrio de las Letras como epicentro del patrimonio literario de la ciudad.<br data-start=\"3452\" data-end=\"3455\" \/><em data-start=\"3457\" data-end=\"3465\">Lugar:<\/em> Espacio Cultural Serrer\u00eda Belga: Calle de la Alameda 15, Centro, 28014 Madrid.<br data-start=\"3493\" data-end=\"3496\" \/><em data-start=\"3498\" data-end=\"3506\">Fecha:<\/em> Hasta el 31 de diciembre.<br data-start=\"3528\" data-end=\"3531\" \/><a href=\"https:\/\/www.serreria-belga.es\/actividades\/madrid-musa-de-las-letras\" target=\"_blank\" rel=\"noopener\"><strong data-start=\"3533\" data-end=\"3553\">Entrada gratuita.<\/strong><\/a><\/li>\n<\/ul>\n<p><img decoding=\"async\" class=\"wp-image-43171 aligncenter\" src=\"https:\/\/guiadelocio.es\/madrid\/wp-content\/uploads\/sites\/2\/2025\/07\/Musa-de-las-Letras-ok_0.jpg-1-300x169.webp\" alt=\"\" width=\"659\" height=\"371\" srcset=\"https:\/\/guiadelocio.es\/madrid\/wp-content\/uploads\/sites\/2\/2025\/07\/Musa-de-las-Letras-ok_0.jpg-1-300x169.webp 300w, https:\/\/guiadelocio.es\/madrid\/wp-content\/uploads\/sites\/2\/2025\/07\/Musa-de-las-Letras-ok_0.jpg-1-1024x576.webp 1024w, https:\/\/guiadelocio.es\/madrid\/wp-content\/uploads\/sites\/2\/2025\/07\/Musa-de-las-Letras-ok_0.jpg-1-768x432.webp 768w, https:\/\/guiadelocio.es\/madrid\/wp-content\/uploads\/sites\/2\/2025\/07\/Musa-de-las-Letras-ok_0.jpg-1-640x360.webp 640w, https:\/\/guiadelocio.es\/madrid\/wp-content\/uploads\/sites\/2\/2025\/07\/Musa-de-las-Letras-ok_0.jpg-1-266x150.webp 266w, https:\/\/guiadelocio.es\/madrid\/wp-content\/uploads\/sites\/2\/2025\/07\/Musa-de-las-Letras-ok_0.jpg-1.webp 1280w\" sizes=\"(max-width: 659px) 100vw, 659px\" \/><\/p>\n<ul>\n<li><a href=\"https:\/\/guiadelocio.es\/madrid\/plan\/el-camino-al-tepeyac-de-alinka-echeverria-una-exposicion-sobre-fe-imagen-y-ritual\/\" target=\"_blank\" rel=\"noopener\"><strong data-start=\"3271\" data-end=\"3330\">El camino al Tepeyac. Alinka Echeverr\u00eda. Exposici\u00f3n:<\/strong><\/a><br data-start=\"3330\" data-end=\"3333\" \/>Del 11 de junio al 14 de septiembre de 2025, la Fundaci\u00f3n Casa de M\u00e9xico en Espa\u00f1a presenta <em data-start=\"151\" data-end=\"173\">El camino al Tepeyac<\/em>, una instalaci\u00f3n fotogr\u00e1fica de la artista y antrop\u00f3loga Alinka Echeverr\u00eda. La muestra re\u00fane sesenta im\u00e1genes de peregrinos guadalupanos, retratados de espaldas, explorando la relaci\u00f3n simb\u00f3lica y espiritual con la Virgen de Guadalupe desde una mirada \u00edntima, ritual y colectiva.<br data-start=\"3452\" data-end=\"3455\" \/><em data-start=\"3457\" data-end=\"3465\">Lugar:<\/em> Fundaci\u00f3n Casa de M\u00e9xico en Espa\u00f1a: Calle Alberto Aguilera 20, Chamber\u00ed, 28015 Madrid.<br data-start=\"3493\" data-end=\"3496\" \/><em data-start=\"3498\" data-end=\"3506\">Fecha:<\/em> Del 11 de junio al 14 de septiembre.<br data-start=\"3528\" data-end=\"3531\" \/><a href=\"https:\/\/www.casademexico.es\/exposicion\/exposicion-camino-al-tepeyac-de-alinka-echeverria\/\" target=\"_blank\" rel=\"noopener\"><strong data-start=\"3533\" data-end=\"3553\">Entrada gratuita.<\/strong><\/a><\/li>\n<\/ul>\n<p><img decoding=\"async\" class=\"wp-image-43177 aligncenter\" src=\"https:\/\/guiadelocio.es\/madrid\/wp-content\/uploads\/sites\/2\/2025\/07\/camino-al-tepeyac-slider-1110x478-2-300x129.webp\" alt=\"\" width=\"672\" height=\"289\" srcset=\"https:\/\/guiadelocio.es\/madrid\/wp-content\/uploads\/sites\/2\/2025\/07\/camino-al-tepeyac-slider-1110x478-2-300x129.webp 300w, https:\/\/guiadelocio.es\/madrid\/wp-content\/uploads\/sites\/2\/2025\/07\/camino-al-tepeyac-slider-1110x478-2-1024x441.webp 1024w, https:\/\/guiadelocio.es\/madrid\/wp-content\/uploads\/sites\/2\/2025\/07\/camino-al-tepeyac-slider-1110x478-2-768x331.webp 768w, https:\/\/guiadelocio.es\/madrid\/wp-content\/uploads\/sites\/2\/2025\/07\/camino-al-tepeyac-slider-1110x478-2-640x276.webp 640w, https:\/\/guiadelocio.es\/madrid\/wp-content\/uploads\/sites\/2\/2025\/07\/camino-al-tepeyac-slider-1110x478-2-266x115.webp 266w, https:\/\/guiadelocio.es\/madrid\/wp-content\/uploads\/sites\/2\/2025\/07\/camino-al-tepeyac-slider-1110x478-2.webp 1110w\" sizes=\"(max-width: 672px) 100vw, 672px\" \/><\/p>\n<ul>\n<li><a href=\"https:\/\/guiadelocio.es\/madrid\/plan\/hispano-gladiadores-en-el-imperio-romano-una-exposicion-unica-en-el-marpa\/\" target=\"_blank\" rel=\"noopener\"><strong data-start=\"3271\" data-end=\"3330\">\u00a1Hispano! Gladiadores en el Imperio romano. Exposici\u00f3n:<\/strong><\/a><br data-start=\"3330\" data-end=\"3333\" \/>La exposici\u00f3n <em data-start=\"14\" data-end=\"58\">\u00a1Hispano! Gladiadores en el Imperio romano<\/em> ofrece una mirada arqueol\u00f3gica a la historia real de los gladiadores, con piezas originales, museograf\u00eda inmersiva y entrada gratuita en el MARPA.<br data-start=\"3452\" data-end=\"3455\" \/><em data-start=\"3457\" data-end=\"3465\">Lugar:<\/em> Museo Arqueol\u00f3gico y Paleontol\u00f3gico de la Comunidad de Madrid: Pl. de las Bernardas, s\/n, 28802 Alcal\u00e1 de Henares, Madrid<br data-start=\"3493\" data-end=\"3496\" \/><em data-start=\"3498\" data-end=\"3506\">Fecha:<\/em> Del 27 de marzo al 28 de septiembre.<br data-start=\"3528\" data-end=\"3531\" \/><strong data-start=\"3533\" data-end=\"3553\">Entrada gratuita.<\/strong><\/li>\n<\/ul>\n<p><img decoding=\"async\" class=\"wp-image-39596 aligncenter\" src=\"https:\/\/guiadelocio.es\/madrid\/wp-content\/uploads\/sites\/2\/2025\/04\/cartel_hispano_baja-1-210x300.jpg\" alt=\"\" width=\"635\" height=\"907\" srcset=\"https:\/\/guiadelocio.es\/madrid\/wp-content\/uploads\/sites\/2\/2025\/04\/cartel_hispano_baja-1-210x300.jpg 210w, https:\/\/guiadelocio.es\/madrid\/wp-content\/uploads\/sites\/2\/2025\/04\/cartel_hispano_baja-1-717x1024.jpg 717w, https:\/\/guiadelocio.es\/madrid\/wp-content\/uploads\/sites\/2\/2025\/04\/cartel_hispano_baja-1-768x1097.jpg 768w, https:\/\/guiadelocio.es\/madrid\/wp-content\/uploads\/sites\/2\/2025\/04\/cartel_hispano_baja-1-1075x1536.jpg 1075w, https:\/\/guiadelocio.es\/madrid\/wp-content\/uploads\/sites\/2\/2025\/04\/cartel_hispano_baja-1-644x920.jpg 644w, https:\/\/guiadelocio.es\/madrid\/wp-content\/uploads\/sites\/2\/2025\/04\/cartel_hispano_baja-1-302x432.jpg 302w, https:\/\/guiadelocio.es\/madrid\/wp-content\/uploads\/sites\/2\/2025\/04\/cartel_hispano_baja-1-140x200.jpg 140w, https:\/\/guiadelocio.es\/madrid\/wp-content\/uploads\/sites\/2\/2025\/04\/cartel_hispano_baja-1.jpg 1183w\" sizes=\"(max-width: 635px) 100vw, 635px\" \/><\/p>\n<ul>\n<li><strong data-start=\"3580\" data-end=\"3643\">America. Magdalena Correa. Exposici\u00f3n:<\/strong><br data-start=\"3643\" data-end=\"3646\" \/>Del 14 de mayo al 5 de septiembre de 2025, la T\u00f6nnheim Gallery acoge <em data-start=\"209\" data-end=\"218\">America<\/em>, una muestra de fotograf\u00edas y video de la artista chilena Magdalena Correa. La exposici\u00f3n rinde homenaje a Latinoam\u00e9rica a trav\u00e9s de proyectos que exploran identidad, resistencia y formas de vida en contextos extremos.<br data-start=\"3726\" data-end=\"3729\" \/><em data-start=\"3731\" data-end=\"3739\">Lugar:<\/em> T\u00f6nnheim Gallery, c\/ Alejandro S\u00e1nchez 94, 28019 Madrid. (Metro: Plaza El\u00edptica L6 \/ Urgel L5)<br data-start=\"3761\" data-end=\"3764\" \/><em data-start=\"3766\" data-end=\"3774\">Fecha:<\/em> Del 14 de mayo al 5 de septiembre de 2025.<br data-start=\"3806\" data-end=\"3809\" \/><a href=\"https:\/\/phe.es\/exposicion\/america\/\" target=\"_blank\" rel=\"noopener\"><strong data-start=\"3867\" data-end=\"3888\">Entrada gratuita.<\/strong><\/a><\/li>\n<\/ul>\n<p><img decoding=\"async\" class=\"wp-image-44013 aligncenter\" src=\"https:\/\/guiadelocio.es\/madrid\/wp-content\/uploads\/sites\/2\/2025\/08\/IMG_7694-661x500-1-300x227.jpg\" alt=\"\" width=\"629\" height=\"476\" srcset=\"https:\/\/guiadelocio.es\/madrid\/wp-content\/uploads\/sites\/2\/2025\/08\/IMG_7694-661x500-1-300x227.jpg 300w, https:\/\/guiadelocio.es\/madrid\/wp-content\/uploads\/sites\/2\/2025\/08\/IMG_7694-661x500-1-571x432.jpg 571w, https:\/\/guiadelocio.es\/madrid\/wp-content\/uploads\/sites\/2\/2025\/08\/IMG_7694-661x500-1-264x200.jpg 264w, https:\/\/guiadelocio.es\/madrid\/wp-content\/uploads\/sites\/2\/2025\/08\/IMG_7694-661x500-1.jpg 661w\" sizes=\"(max-width: 629px) 100vw, 629px\" \/><\/p>\n<ul>\n<li><strong data-start=\"3580\" data-end=\"3643\">Pasajeras. Mar\u00eda Antonia Garc\u00eda de la Vega. Exposici\u00f3n:<\/strong><br data-start=\"3643\" data-end=\"3646\" \/>Hasta el 28 de septiembre de 2025, CentroCentro presenta <em data-start=\"174\" data-end=\"185\">Pasajeras<\/em>, una serie de retratos en blanco y negro de mujeres de la cultura realizados por Mar\u00eda Antonia Garc\u00eda de la Vega. La muestra celebra la memoria, el papel y la presencia femenina en el \u00e1mbito cultural.<br data-start=\"3726\" data-end=\"3729\" \/><em data-start=\"3731\" data-end=\"3739\">Lugar:<\/em> CentroCentro, Palacio de Cibeles (Metro: Banco de Espa\u00f1a L2)<br data-start=\"3761\" data-end=\"3764\" \/><em data-start=\"3766\" data-end=\"3774\">Fecha:<\/em> Hasta el 28 de septiembre de 2025.<br data-start=\"3806\" data-end=\"3809\" \/><a href=\"https:\/\/www.centrocentro.org\/exposicion\/pasajeras-en-centrocentro\" target=\"_blank\" rel=\"noopener\"><strong data-start=\"3867\" data-end=\"3888\">Entrada gratuita.<\/strong><\/a><\/li>\n<\/ul>\n<p><img decoding=\"async\" class=\"wp-image-44015 aligncenter\" src=\"https:\/\/guiadelocio.es\/madrid\/wp-content\/uploads\/sites\/2\/2025\/08\/PASAJERAS_Banners_sin_logos_Web-850x450.png-300x159.webp\" alt=\"\" width=\"672\" height=\"356\" srcset=\"https:\/\/guiadelocio.es\/madrid\/wp-content\/uploads\/sites\/2\/2025\/08\/PASAJERAS_Banners_sin_logos_Web-850x450.png-300x159.webp 300w, https:\/\/guiadelocio.es\/madrid\/wp-content\/uploads\/sites\/2\/2025\/08\/PASAJERAS_Banners_sin_logos_Web-850x450.png-768x407.webp 768w, https:\/\/guiadelocio.es\/madrid\/wp-content\/uploads\/sites\/2\/2025\/08\/PASAJERAS_Banners_sin_logos_Web-850x450.png-640x339.webp 640w, https:\/\/guiadelocio.es\/madrid\/wp-content\/uploads\/sites\/2\/2025\/08\/PASAJERAS_Banners_sin_logos_Web-850x450.png-266x141.webp 266w, https:\/\/guiadelocio.es\/madrid\/wp-content\/uploads\/sites\/2\/2025\/08\/PASAJERAS_Banners_sin_logos_Web-850x450.png.webp 850w\" sizes=\"(max-width: 672px) 100vw, 672px\" \/><\/p>\n<ul>\n<li><strong data-start=\"3580\" data-end=\"3643\"><a href=\"https:\/\/guiadelocio.es\/madrid\/plan\/ecos-del-oceano-exposicion-inmersiva-con-inteligencia-artificial\/\" target=\"_blank\" rel=\"noopener\"><span>Ecos del Oc\u00e9ano. Exposici\u00f3n interactiva<\/span><\/a>:<\/strong><br data-start=\"3643\" data-end=\"3646\" \/>Exposici\u00f3n que invita a la reflexi\u00f3n sobre la sostenibilidad de los oc\u00e9anos mediante una instalaci\u00f3n audiovisual envolvente que combina im\u00e1genes generadas por IA y sonidos marinos.<br data-start=\"3726\" data-end=\"3729\" \/><em data-start=\"3731\" data-end=\"3739\">Lugar:<\/em> Espacio Fundaci\u00f3n Telef\u00f3nica (c\/ Fuencarral, 3. Metro: Gran V\u00eda L1 \u2013 L5)<br data-start=\"3761\" data-end=\"3764\" \/><em data-start=\"3766\" data-end=\"3774\">Fecha:<\/em> Del 12 de febrero al 7 de septiembre.<br data-start=\"3806\" data-end=\"3809\" \/><a href=\"https:\/\/guiadelocio.es\/madrid\/plan\/ecos-del-oceano-exposicion-inmersiva-con-inteligencia-artificial\/\" target=\"_blank\" rel=\"noopener\"><strong data-start=\"3867\" data-end=\"3888\">Entrada gratuita.<\/strong><\/a><\/li>\n<\/ul>\n<p><img decoding=\"async\" class=\"wp-image-37183 aligncenter\" src=\"https:\/\/guiadelocio.es\/madrid\/wp-content\/uploads\/sites\/2\/2025\/02\/IMAGEN-ECOS-DEL-OCEANO-e1739181810962-300x169.jpg\" alt=\"\" width=\"657\" height=\"370\" srcset=\"https:\/\/guiadelocio.es\/madrid\/wp-content\/uploads\/sites\/2\/2025\/02\/IMAGEN-ECOS-DEL-OCEANO-e1739181810962-300x169.jpg 300w, https:\/\/guiadelocio.es\/madrid\/wp-content\/uploads\/sites\/2\/2025\/02\/IMAGEN-ECOS-DEL-OCEANO-e1739181810962-1024x578.jpg 1024w, https:\/\/guiadelocio.es\/madrid\/wp-content\/uploads\/sites\/2\/2025\/02\/IMAGEN-ECOS-DEL-OCEANO-e1739181810962-768x434.jpg 768w, https:\/\/guiadelocio.es\/madrid\/wp-content\/uploads\/sites\/2\/2025\/02\/IMAGEN-ECOS-DEL-OCEANO-e1739181810962-640x361.jpg 640w, https:\/\/guiadelocio.es\/madrid\/wp-content\/uploads\/sites\/2\/2025\/02\/IMAGEN-ECOS-DEL-OCEANO-e1739181810962-266x150.jpg 266w, https:\/\/guiadelocio.es\/madrid\/wp-content\/uploads\/sites\/2\/2025\/02\/IMAGEN-ECOS-DEL-OCEANO-e1739181810962.jpg 1057w\" sizes=\"(max-width: 657px) 100vw, 657px\" \/><\/p>\n<ul data-start=\"3269\" data-end=\"9476\">\n<li data-start=\"5349\" data-end=\"5702\"><strong data-start=\"6193\" data-end=\"6238\">Plan de los lunes y de s\u00e1bado por la noche: Museo Thyssen:<\/strong><br data-start=\"6238\" data-end=\"6241\" \/>Visita al museo y sus colecciones en un ambiente nocturno. Obras de pintores cl\u00e1sicos e impresionistas.<br data-start=\"6360\" data-end=\"6363\" \/><em data-start=\"6365\" data-end=\"6373\">Lugar:<\/em> Museo Thyssen (Paseo del Prado, 8. Metro: Banco de Espa\u00f1a L2)<br data-start=\"6463\" data-end=\"6466\" \/><em data-start=\"6468\" data-end=\"6476\">Fecha:<\/em> Todos los lunes en cualquier horario y todos los s\u00e1bados de 21:00 a 23:00.<br data-start=\"6496\" data-end=\"6499\" \/><em data-start=\"6552\" data-end=\"6566\">Inscripci\u00f3n:<\/em> Gratis hasta completar aforo.<br data-start=\"6606\" data-end=\"6609\" \/><strong data-start=\"6611\" data-end=\"6631\">Entrada gratuita<\/strong>.<\/li>\n<\/ul>\n<p>&nbsp;<\/p>\n<ul data-start=\"3269\" data-end=\"9476\">\n<li><strong data-start=\"6193\" data-end=\"6238\"><a href=\"https:\/\/guiadelocio.es\/madrid\/plan\/pasaporte-de-los-museos-de-metro-de-madrid-un-viaje-cultural-subterraneo\/\" target=\"_blank\" rel=\"noopener\"><span>Pasaporte de los Museos de Metro<\/span><\/a>:<\/strong><br data-start=\"6238\" data-end=\"6241\" \/>Recorrido por los ocho museos del Metro de Madrid. Los visitantes recibir\u00e1n sellos o selfis para completar su pasaporte y obtener una recompensa.<br data-start=\"6360\" data-end=\"6363\" \/><em data-start=\"6365\" data-end=\"6373\">Lugar:<\/em> Estaci\u00f3n de Chamber\u00ed, Nave de Motores, Exposici\u00f3n de trenes hist\u00f3ricos de Chamart\u00edn, y otros museos de Metro<br data-start=\"6463\" data-end=\"6466\" \/><em data-start=\"6468\" data-end=\"6476\">Fecha:<\/em> Fechas abiertas.<br data-start=\"6496\" data-end=\"6499\" \/><a href=\"https:\/\/www.metromadrid.es\/es\/pasaportemuseos\" target=\"_blank\" rel=\"noopener\"><strong data-start=\"6611\" data-end=\"6631\">Entrada gratuita<\/strong><\/a> (con reserva previa).<\/li>\n<\/ul>\n<p><img decoding=\"async\" class=\"wp-image-37848 aligncenter\" src=\"https:\/\/guiadelocio.es\/madrid\/wp-content\/uploads\/sites\/2\/2025\/03\/pasaporte-300x152.jpg\" alt=\"\" width=\"657\" height=\"333\" srcset=\"https:\/\/guiadelocio.es\/madrid\/wp-content\/uploads\/sites\/2\/2025\/03\/pasaporte-300x152.jpg 300w, https:\/\/guiadelocio.es\/madrid\/wp-content\/uploads\/sites\/2\/2025\/03\/pasaporte-640x325.jpg 640w, https:\/\/guiadelocio.es\/madrid\/wp-content\/uploads\/sites\/2\/2025\/03\/pasaporte-266x135.jpg 266w, https:\/\/guiadelocio.es\/madrid\/wp-content\/uploads\/sites\/2\/2025\/03\/pasaporte.jpg 660w\" sizes=\"(max-width: 657px) 100vw, 657px\" \/><\/p>\n<p>&nbsp;<\/p>\n<p>&nbsp;<\/p>\n<h2 data-start=\"10415\" data-end=\"10455\">III. Actividades infantiles y juveniles<\/h2>\n<h3><a href=\"https:\/\/guiadelocio.es\/madrid\/plan\/piscineo-2025-o-como-combatir-el-calor-gratis\/\" target=\"_blank\" rel=\"noopener\"><span>Piscineo 2025<\/span><\/a>. Programa gratuito para j\u00f3venes para acceder a piscinas municipales en Madrid.<\/h3>\n<p>Del 15 de mayo al 7 de septiembre de 2025, la Comunidad de Madrid ofrece <em data-start=\"287\" data-end=\"302\">Piscineo 2025<\/em>, una iniciativa que permite a j\u00f3venes entre 14 y 30 a\u00f1os con Carn\u00e9 Joven acceder gratis a las piscinas municipales Puerta de Hierro, Canal de Isabel II y San Vicente de Pa\u00fal. El programa busca combatir el calor durante el verano ofreciendo una opci\u00f3n de ocio saludable y gratuita.<\/p>\n<ul>\n<li>Lugar: Piscinas municipales Puerta de Hierro, Canal de Isabel II y San Vicente de Pa\u00fal. Madrid.<br data-start=\"681\" data-end=\"684\" \/>Fechas y Horario: Del 15 de mayo al 7 de septiembre (10:00 a 15:00 y 16:00 a 21:00 horas.)<br data-start=\"729\" data-end=\"732\" \/><strong>Entrada gratuita<\/strong> con reserva previa online y presentaci\u00f3n del Carn\u00e9 Joven.<\/li>\n<\/ul>\n<p><img decoding=\"async\" class=\"wp-image-41905 aligncenter\" src=\"https:\/\/guiadelocio.es\/madrid\/wp-content\/uploads\/sites\/2\/2025\/06\/piscineo_web_0-300x300.jpg\" alt=\"\" width=\"600\" height=\"600\" srcset=\"https:\/\/guiadelocio.es\/madrid\/wp-content\/uploads\/sites\/2\/2025\/06\/piscineo_web_0-300x300.jpg 300w, https:\/\/guiadelocio.es\/madrid\/wp-content\/uploads\/sites\/2\/2025\/06\/piscineo_web_0-150x150.jpg 150w, https:\/\/guiadelocio.es\/madrid\/wp-content\/uploads\/sites\/2\/2025\/06\/piscineo_web_0-432x432.jpg 432w, https:\/\/guiadelocio.es\/madrid\/wp-content\/uploads\/sites\/2\/2025\/06\/piscineo_web_0-200x200.jpg 200w, https:\/\/guiadelocio.es\/madrid\/wp-content\/uploads\/sites\/2\/2025\/06\/piscineo_web_0.jpg 720w\" sizes=\"(max-width: 600px) 100vw, 600px\" \/><\/p>\n<h3 data-start=\"9526\" data-end=\"9570\"><strong data-start=\"9530\" data-end=\"9568\">Ludotecas infantiles en Arganzuela<\/strong><\/h3>\n<p data-start=\"9571\" data-end=\"9670\">Diversi\u00f3n y creatividad para ni\u00f1os de 4 a 11 a\u00f1os con actividades tem\u00e1ticas diferentes cada s\u00e1bado:<\/p>\n<ul data-start=\"9671\" data-end=\"10408\">\n<li style=\"font-style: inherit; font-weight: inherit;\"><strong>S\u00e1bados de septiembre: pendiente de publicaci\u00f3n.<\/strong><\/li>\n<li data-start=\"10101\" data-end=\"10408\"><em data-start=\"10192\" data-end=\"10200\">Lugar:<\/em> Centro Dotacional Integrado de Arganzuela (c\/ Canarias, 17 \u2013 Metro: Palos de la Frontera L3).<br data-start=\"10294\" data-end=\"10297\" \/><em data-start=\"10299\" data-end=\"10309\">Horario:<\/em> 10:00\u201314:00.<br data-start=\"10322\" data-end=\"10325\" \/><strong data-start=\"10327\" data-end=\"10351\">Inscripci\u00f3n gratuita<\/strong> (previa llamada al 91 506 36 10; plazas limitadas a 30).<\/li>\n<\/ul>\n<p><img decoding=\"async\" class=\"wp-image-37452 aligncenter\" src=\"https:\/\/guiadelocio.es\/madrid\/wp-content\/uploads\/sites\/2\/2025\/02\/ludotecas-300x261.png\" alt=\"\" width=\"649\" height=\"565\" srcset=\"https:\/\/guiadelocio.es\/madrid\/wp-content\/uploads\/sites\/2\/2025\/02\/ludotecas-300x261.png 300w, https:\/\/guiadelocio.es\/madrid\/wp-content\/uploads\/sites\/2\/2025\/02\/ludotecas-230x200.png 230w, https:\/\/guiadelocio.es\/madrid\/wp-content\/uploads\/sites\/2\/2025\/02\/ludotecas.png 325w\" sizes=\"(max-width: 649px) 100vw, 649px\" \/><\/p>\n<h3 data-start=\"9526\" data-end=\"9570\"><strong data-start=\"9530\" data-end=\"9568\">Burrolandia<\/strong><\/h3>\n<p data-start=\"9571\" data-end=\"9670\">Protectora animal sin \u00e1nimo de lucro que ofrece visitas gratuitas los domingos.<\/p>\n<ul data-start=\"9671\" data-end=\"10408\">\n<li data-start=\"8603\" data-end=\"8996\"><em data-start=\"9235\" data-end=\"9243\">Lugar:<\/em> Tres Cantos, direcci\u00f3n soto de Vi\u00f1uelas<br data-start=\"9347\" data-end=\"9350\" \/><em data-start=\"9352\" data-end=\"9360\">Fecha:<\/em> Todos los domingos.<br data-start=\"9382\" data-end=\"9385\" \/><em data-start=\"9387\" data-end=\"9397\">Horario:<\/em> De 10:00 a 14:30 aprox en 2 turnos.<br data-start=\"9450\" data-end=\"9453\" \/><a href=\"https:\/\/luciamendoza.es\/exposiciones\/rutas-relacionales\/\" target=\"_blank\" rel=\"noopener\"><strong data-start=\"9455\" data-end=\"9476\">Entrada gratuita. <\/strong><\/a>(Todos los lunes se abren las reservas para el domingo siguiente)<\/li>\n<\/ul>\n<p><img decoding=\"async\" class=\"wp-image-37850 aligncenter\" src=\"https:\/\/guiadelocio.es\/madrid\/wp-content\/uploads\/sites\/2\/2025\/03\/1522529150-300x200.jpg\" alt=\"\" width=\"656\" height=\"437\" srcset=\"https:\/\/guiadelocio.es\/madrid\/wp-content\/uploads\/sites\/2\/2025\/03\/1522529150-300x200.jpg 300w, https:\/\/guiadelocio.es\/madrid\/wp-content\/uploads\/sites\/2\/2025\/03\/1522529150-768x513.jpg 768w, https:\/\/guiadelocio.es\/madrid\/wp-content\/uploads\/sites\/2\/2025\/03\/1522529150-640x427.jpg 640w, https:\/\/guiadelocio.es\/madrid\/wp-content\/uploads\/sites\/2\/2025\/03\/1522529150-266x178.jpg 266w, https:\/\/guiadelocio.es\/madrid\/wp-content\/uploads\/sites\/2\/2025\/03\/1522529150.jpg 800w\" sizes=\"(max-width: 656px) 100vw, 656px\" \/><\/p>\n<h2 data-start=\"10415\" data-end=\"10455\">IV. Rutas y actividades al aire libre<\/h2>\n<h3 data-start=\"10457\" data-end=\"10507\"><strong data-start=\"10461\" data-end=\"10505\">Entreparques: rutas de senderismo urbano<\/strong><\/h3>\n<p data-start=\"10508\" data-end=\"10645\">Descubre Madrid a pie conectando sus parques y espacios verdes en recorridos de aproximadamente 3 horas (dirigidos a mayores de 18 a\u00f1os):<\/p>\n<ul data-start=\"10646\" data-end=\"11269\">\n<li data-start=\"10847\" data-end=\"10907\">\n<p data-start=\"443\" data-end=\"462\"><strong data-start=\"443\" data-end=\"462\">Pr\u00f3ximas rutas:<\/strong><\/p>\n<ul data-start=\"464\" data-end=\"990\">\n<li data-start=\"464\" data-end=\"568\">\n<p data-start=\"466\" data-end=\"568\"><strong data-start=\"466\" data-end=\"517\">Entreparques. Ruta del agua: de Legazpi a Hospital Doce de Octubre<\/strong><br data-start=\"517\" data-end=\"520\" \/><em data-start=\"525\" data-end=\"553\">Domingo 7 de septiembre de 2025 a las 18:30 horas<\/em><\/p>\n<\/li>\n<li data-start=\"570\" data-end=\"753\">\n<p data-start=\"572\" data-end=\"753\"><strong data-start=\"572\" data-end=\"642\">Entreparques. Entreparques: Rueda o Zapatilla<\/strong><br data-start=\"642\" data-end=\"645\" \/><em data-start=\"688\" data-end=\"697\">Jueves 18 de septiembre de 2025 a las 9:30 horas<\/em><\/p>\n<\/li>\n<\/ul>\n<p data-start=\"992\" data-end=\"1050\">\n<\/li>\n<li data-start=\"10908\" data-end=\"10998\"><strong data-start=\"11067\" data-end=\"11098\">Reserva previa obligatoria.<\/strong><br data-start=\"11098\" data-end=\"11101\" \/>Para m\u00e1s informaci\u00f3n y reservas:\n<ul data-start=\"11140\" data-end=\"11269\">\n<li data-start=\"11140\" data-end=\"11177\"><strong data-start=\"11142\" data-end=\"11152\">Email:<\/strong> <a rel=\"noopener\" data-start=\"11153\" data-end=\"11175\">proambiental@madrid.es<\/a><\/li>\n<li data-start=\"11180\" data-end=\"11269\"><strong data-start=\"11182\" data-end=\"11195\">Tel\u00e9fono:<\/strong> 91 547 84 73 (de lunes a viernes, 10:00\u201313:00).<br data-start=\"11243\" data-end=\"11246\" \/><a href=\"https:\/\/www.madrid.es\/portales\/munimadrid\/es\/Inicio\/Actualidad\/Actividades-y-eventos\/Entreparques\/?vgnextfmt=default&amp;vgnextoid=44bba6237197d810VgnVCM2000001f4a900aRCRD&amp;vgnextchannel=ca9671ee4a9eb410VgnVCM100000171f5a0aRCRD\" target=\"_blank\" rel=\"noopener\"><strong data-start=\"11248\" data-end=\"11269\">Entrada gratuita.<\/strong><\/a><\/li>\n<\/ul>\n<\/li>\n<\/ul>\n<p><img decoding=\"async\" class=\"wp-image-37454 aligncenter\" src=\"https:\/\/guiadelocio.es\/madrid\/wp-content\/uploads\/sites\/2\/2025\/02\/ActivParqueOestePAA-300x300.jpg\" alt=\"\" width=\"651\" height=\"651\" srcset=\"https:\/\/guiadelocio.es\/madrid\/wp-content\/uploads\/sites\/2\/2025\/02\/ActivParqueOestePAA-300x300.jpg 300w, https:\/\/guiadelocio.es\/madrid\/wp-content\/uploads\/sites\/2\/2025\/02\/ActivParqueOestePAA-150x150.jpg 150w, https:\/\/guiadelocio.es\/madrid\/wp-content\/uploads\/sites\/2\/2025\/02\/ActivParqueOestePAA-201x200.jpg 201w, https:\/\/guiadelocio.es\/madrid\/wp-content\/uploads\/sites\/2\/2025\/02\/ActivParqueOestePAA.jpg 345w\" sizes=\"(max-width: 651px) 100vw, 651px\" \/><\/p>\n<ul data-start=\"10646\" data-end=\"11269\">\n<li style=\"list-style-type: none;\" data-start=\"10908\" data-end=\"10998\">\n<ul data-start=\"11140\" data-end=\"11269\">\n<li data-start=\"11180\" data-end=\"11269\"><\/li>\n<\/ul>\n<\/li>\n<\/ul>\n<p>&nbsp;<\/p>\n<h2 data-start=\"11276\" data-end=\"11311\">V. Clases de baile y de teatro<\/h2>\n<h3 data-start=\"11313\" data-end=\"11349\"><strong data-start=\"11317\" data-end=\"11347\">\u00a1Salsa, Bachata y Kizomba!<\/strong><\/h3>\n<p data-start=\"11350\" data-end=\"11460\">Aprende a bailar y suelta tus movimientos con estas clases de iniciaci\u00f3n, disponibles hasta el 1 de diciembre:<\/p>\n<ul data-start=\"11461\" data-end=\"11988\">\n<li data-start=\"11461\" data-end=\"11698\"><strong data-start=\"11463\" data-end=\"11484\">Jueves \u2013 Kizomba:<\/strong><br data-start=\"11484\" data-end=\"11487\" \/>Aprende este ritmo angole\u00f1o con musicalidad y suavidad en los movimientos.<br data-start=\"11563\" data-end=\"11566\" \/><em data-start=\"11568\" data-end=\"11576\">Lugar:<\/em> Black Jack Club (c\/ Trujillos, 7 \u2013 Metro: \u00d3pera L2).<br data-start=\"11629\" data-end=\"11632\" \/><em data-start=\"11634\" data-end=\"11644\">Horario:<\/em> 22:30\u201323:30.<br data-start=\"11657\" data-end=\"11660\" \/><em data-start=\"11662\" data-end=\"11685\">Reserva v\u00eda WhatsApp:<\/em> 650 475 385.<\/li>\n<li data-start=\"11699\" data-end=\"11988\"><strong data-start=\"11701\" data-end=\"11738\">S\u00e1bados \u2013 Salsa Cubana y Bachata:<\/strong><br data-start=\"11738\" data-end=\"11741\" \/>Domina los pasos b\u00e1sicos en una rueda de casino en la Escuela de baile Amor de Dios.<br data-start=\"11827\" data-end=\"11830\" \/><em data-start=\"11832\" data-end=\"11840\">Lugar:<\/em> Sal\u00f3n 05, Mercado Ant\u00f3n Mart\u00edn (c\/ Santa Isabel, 5 \u2013 Metro: Ant\u00f3n Mart\u00edn, L1).<br data-start=\"11919\" data-end=\"11922\" \/><em data-start=\"11924\" data-end=\"11934\">Horario:<\/em> 14:00\u201315:00.<br data-start=\"11947\" data-end=\"11950\" \/><em data-start=\"11952\" data-end=\"11975\">Reserva v\u00eda WhatsApp:<\/em> 650 475 385.<\/li>\n<\/ul>\n<h3 data-start=\"11313\" data-end=\"11349\"><strong data-start=\"11317\" data-end=\"11347\">Taller de Capoeira<\/strong><\/h3>\n<ul>\n<li><strong data-start=\"11463\" data-end=\"11484\">Martes y jueves \u2013 Taller de Capoeira:<\/strong><br data-start=\"11484\" data-end=\"11487\" \/>Con este taller aprender\u00e1s desde cero o si ya tienes conocimientos podr\u00e1s seguir avanzando.<br data-start=\"11563\" data-end=\"11566\" \/><em data-start=\"11568\" data-end=\"11576\">Lugar:<\/em> Asociaci\u00f3n proyecto de San Ferm\u00edn (Avenida de los Fueros, 36).<br data-start=\"11629\" data-end=\"11632\" \/><em data-start=\"11634\" data-end=\"11644\">Horario:<\/em> Martes y jueves a las 20:00.<br data-start=\"11657\" data-end=\"11660\" \/><em data-start=\"11662\" data-end=\"11685\">Reserva v\u00eda mail:<\/em> lagartija_au@hotmail.com.<\/li>\n<\/ul>\n<h2 data-start=\"805\" data-end=\"875\">VI. Gymkanas y visitas guiadas: descubre Madrid de forma interactiva<\/h2>\n<h3 data-start=\"877\" data-end=\"943\"><strong data-start=\"881\" data-end=\"941\">Gymkanas en Madrid: explora la ciudad de Forma diferente<\/strong><\/h3>\n<p data-start=\"944\" data-end=\"1140\">Vive una experiencia \u00fanica resolviendo misterios y descubriendo rincones hist\u00f3ricos de Madrid. Todas las gymkanas requieren reserva previa y, al finalizar, <strong>\u00a1t\u00fa decides el precio de tu experiencia!<\/strong><\/p>\n<ul data-start=\"1141\" data-end=\"1844\">\n<li data-start=\"1141\" data-end=\"1264\"><strong data-start=\"1143\" data-end=\"1167\">Cluedo Lope de Vega:<\/strong><br data-start=\"1167\" data-end=\"1170\" \/>Investiga un intento de asesinato en el Madrid de 1611.<\/li>\n<li data-start=\"1265\" data-end=\"1420\"><strong data-start=\"1267\" data-end=\"1312\">Scape: Carlos II, el fin de una dinast\u00eda:<\/strong><br data-start=\"1312\" data-end=\"1315\" \/>Resuelve el misterio de un intento de asesinato del rey Carlos II.<\/li>\n<li data-start=\"1421\" data-end=\"1564\"><strong data-start=\"1423\" data-end=\"1439\">Inquisici\u00f3n:<\/strong><br data-start=\"1439\" data-end=\"1442\" \/>Sum\u00e9rgete en una experiencia de escape ambientada en los juicios de la Inquisici\u00f3n.<\/li>\n<li data-start=\"1565\" data-end=\"1695\"><strong data-start=\"1567\" data-end=\"1605\">Detectives Madrid de los Austrias:<\/strong><br data-start=\"1605\" data-end=\"1608\" \/>Investiga un asesinato en la corte de los Habsburgo.<\/li>\n<li data-start=\"1696\" data-end=\"1844\"><strong data-start=\"1698\" data-end=\"1726\">Robo al Banco de Espa\u00f1a:<\/strong><br data-start=\"1726\" data-end=\"1729\" \/>Ayuda a detener un robo planeado por el famoso bandolero Luis Candelas.<\/li>\n<\/ul>\n<p>Mas informaci\u00f3n <strong><a href=\"https:\/\/www.histoaventura.com\/reservas\" target=\"_blank\" rel=\"noopener\"><span>aqu\u00ed<\/span><\/a><\/strong><\/p>\n<h3 data-start=\"1846\" data-end=\"1905\"><strong data-start=\"1850\" data-end=\"1903\">Y, adem\u00e1s: Visitas guiadas en Madrid: \u00a1Un madrid diferente!<\/strong><\/h3>\n<p data-start=\"1906\" data-end=\"2113\">Estas visitas te permitir\u00e1n explorar la historia, leyendas y secretos de la ciudad de una forma din\u00e1mica e interactiva. No son gratuitas propiamente dicho, por eso te lo contamos aparte: <strong>Al finalizar cada recorrido, el precio lo determinas t\u00fa, en funci\u00f3n de tu satisfacci\u00f3n.<\/strong><\/p>\n<ul data-start=\"2114\" data-end=\"3175\">\n<li data-start=\"2114\" data-end=\"2256\"><strong data-start=\"2116\" data-end=\"2154\">Curiosidades y Leyendas de Mayrit:<\/strong><br data-start=\"2154\" data-end=\"2157\" \/>Recorre el barrio m\u00e1s antiguo de Madrid y descubre sus secretos.<\/li>\n<li data-start=\"2257\" data-end=\"2409\"><strong data-start=\"2259\" data-end=\"2291\">El Madrid de las 3 Culturas:<\/strong><br data-start=\"2291\" data-end=\"2294\" \/>Explora la influencia y convivencia de las tres religiones que han marcado la ciudad.<\/li>\n<li data-start=\"2410\" data-end=\"2566\"><strong data-start=\"2412\" data-end=\"2455\">Lavapi\u00e9s: Castizos, Cr\u00edmenes y Haza\u00f1as:<\/strong><br data-start=\"2455\" data-end=\"2458\" \/>Descubre historias de cr\u00edmenes y personajes c\u00e9lebres en el emblem\u00e1tico barrio.<\/li>\n<li data-start=\"2567\" data-end=\"2694\"><strong data-start=\"2569\" data-end=\"2601\">Jardines del Campo del Moro:<\/strong><br data-start=\"2601\" data-end=\"2604\" \/>Conoce los secretos y leyendas de estos jardines hist\u00f3ricos.<\/li>\n<li data-start=\"2695\" data-end=\"2850\"><strong data-start=\"2697\" data-end=\"2734\">Mujeres Olvidadas de la Historia:<\/strong><br data-start=\"2734\" data-end=\"2737\" \/>Rinde homenaje a aquellas mujeres que hicieron historia pero quedaron en el olvido.<\/li>\n<li data-start=\"2851\" data-end=\"3034\"><strong data-start=\"2853\" data-end=\"2897\">Madrid Macabro: Crimen, Pasi\u00f3n y Muerte:<\/strong><br data-start=\"2897\" data-end=\"2900\" \/>Explora el lado m\u00e1s oscuro de Madrid con relatos de cr\u00edmenes, fantasmas y pasiones ocultas.<\/li>\n<li data-start=\"3035\" data-end=\"3175\"><strong data-start=\"3037\" data-end=\"3067\">Leyendas Negras de Madrid:<\/strong><br data-start=\"3067\" data-end=\"3070\" \/>Ad\u00e9ntrate en misterios y fen\u00f3menos paranormales por la ciudad.<\/li>\n<\/ul>\n<p>Mas informaci\u00f3n <strong><a href=\"https:\/\/www.histoaventura.com\/reservas\" target=\"_blank\" rel=\"noopener\"><span>aqu\u00ed<\/span><\/a><\/strong><\/p>\n<p data-start=\"13817\" data-end=\"14387\">Este reportaje re\u00fane <strong data-start=\"13848\" data-end=\"13898\">actividades y exposiciones gratuitas en SEPTIEMBRE en Madrid<\/strong>, dise\u00f1ado para que disfrutes de lo mejor de la ciudad sin gastar dinero. Desde gymkanas interactivas y visitas guiadas que te sumergen en la historia y leyendas de Madrid, hasta exposiciones de arte contempor\u00e1neo, actividades para ni\u00f1os, rutas al aire libre y clases de baile: hay algo para todos los gustos.<\/p>\n<p data-start=\"13817\" data-end=\"14387\"><br data-start=\"14207\" data-end=\"14210\" \/><strong data-start=\"14210\" data-end=\"14223\">Recuerda:<\/strong> Actualizaremos este reportaje mensualmente con nuevas informaciones para que siempre est\u00e9s al tanto de las mejores opciones gratuitas en Madrid. \u00a1No te lo pierdas!<\/p>\n<p data-start=\"13817\" data-end=\"14387\">\n<p><span style=\"color: #ff6600;\"><strong>\u00bfQuieres ser siempre el primero en enterarte de todos los planes que hay en tu ciudad?<\/strong><\/span><\/p>\n<p><span style=\"color: #ff6600;\"><a class=\"button button--large button--iconposition-left button--icon-newsletter\" style=\"color: #ff6600;\" href=\"https:\/\/guiadelocio.es\/madrid\/suscribete-aqui-a-nuestra-newsletter\/\" target=\"_blank\" rel=\"noopener\"><span>Inscr\u00edbete AQU\u00cd a nuestra newsletter<\/span><\/a><\/span><\/p>\n","protected":false},"excerpt":{"rendered":"<p>Madrid se transforma cada d\u00eda en un escenario de cultura y ocio, y lo mejor es que muchas de estas experiencias no cuestan nada. En este reportaje encontrar\u00e1s informaci\u00f3n sobre actividades gratis en Madrid, durante el mes de septiembre, desde gymkanas interactivas y visitas guiadas, hasta exposiciones de arte, actividades para ni\u00f1os, rutas al aire [&hellip;]<\/p>\n","protected":false},"author":8,"featured_media":44017,"comment_status":"closed","ping_status":"closed","sticky":false,"template":"","format":"standard","meta":{"_acf_changed":false,"footnotes":""},"categories":[1],"tags":[526,527,528,524,525,495,494,479,480],"category_plan":[391],"filter_trans":[158],"filter_main":[],"filter_sec":[],"barrios":[],"class_list":["post-44012","post","type-post","status-publish","format-standard","has-post-thumbnail","hentry","category-sin-categorizar","tag-gratis","tag-gratuito","tag-actividades-infantiles","tag-ocio-en-madrid","tag-planes-gratis","tag-que-hacer-en-madrid","tag-planes-en-madrid","tag-ocio","tag-cultura","filter_trans-gratis"],"acf":[],"yoast_head":"<!-- This site is optimized with the Yoast SEO plugin v26.0 - https:\/\/yoast.com\/wordpress\/plugins\/seo\/ -->\n<title>Exposiciones, experiencias y otras actividades GRATIS en Madrid<\/title>\n<meta name=\"description\" content=\"Nuestra selecci\u00f3n de actividades gratis en Madrid en septiembre de 2025 para todos los gustos: desde exposiciones a visitas guiadas...\" \/>\n<meta name=\"robots\" content=\"index, follow, max-snippet:-1, max-image-preview:large, max-video-preview:-1\" \/>\n<link rel=\"canonical\" href=\"https:\/\/guiadelocio.es\/madrid\/exposiciones-experiencias-y-otras-actividades-gratis-en-madrid-septiembre-2025\/\" \/>\n<meta property=\"og:locale\" content=\"es_ES\" \/>\n<meta property=\"og:type\" content=\"article\" \/>\n<meta property=\"og:title\" content=\"Exposiciones, experiencias y otras actividades GRATIS en Madrid\" \/>\n<meta property=\"og:description\" content=\"Nuestra selecci\u00f3n de actividades gratis en Madrid en septiembre de 2025 para todos los gustos: desde exposiciones a visitas guiadas...\" \/>\n<meta property=\"og:url\" content=\"https:\/\/guiadelocio.es\/madrid\/exposiciones-experiencias-y-otras-actividades-gratis-en-madrid-septiembre-2025\/\" \/>\n<meta property=\"og:site_name\" content=\"Madrid\" \/>\n<meta property=\"article:published_time\" content=\"2025-08-29T13:43:34+00:00\" \/>\n<meta property=\"og:image\" content=\"https:\/\/guiadelocio.es\/madrid\/wp-content\/uploads\/sites\/2\/2025\/08\/iStock-465996534.jpg\" \/>\n\t<meta property=\"og:image:width\" content=\"1255\" \/>\n\t<meta property=\"og:image:height\" content=\"835\" \/>\n\t<meta property=\"og:image:type\" content=\"image\/jpeg\" \/>\n<meta name=\"author\" content=\"Gu\u00eda del Ocio\" \/>\n<meta name=\"twitter:card\" content=\"summary_large_image\" \/>\n<meta name=\"twitter:label1\" content=\"Escrito por\" \/>\n\t<meta name=\"twitter:data1\" content=\"Gu\u00eda del Ocio\" \/>\n\t<meta name=\"twitter:label2\" content=\"Tiempo de lectura\" \/>\n\t<meta name=\"twitter:data2\" content=\"16 minutos\" \/>\n<script type=\"application\/ld+json\" class=\"yoast-schema-graph\">{\"@context\":\"https:\/\/schema.org\",\"@graph\":[{\"@type\":\"WebPage\",\"@id\":\"https:\/\/guiadelocio.es\/madrid\/exposiciones-experiencias-y-otras-actividades-gratis-en-madrid-septiembre-2025\/\",\"url\":\"https:\/\/guiadelocio.es\/madrid\/exposiciones-experiencias-y-otras-actividades-gratis-en-madrid-septiembre-2025\/\",\"name\":\"Exposiciones, experiencias y otras actividades GRATIS en Madrid\",\"isPartOf\":{\"@id\":\"https:\/\/guiadelocio.es\/madrid\/#website\"},\"primaryImageOfPage\":{\"@id\":\"https:\/\/guiadelocio.es\/madrid\/exposiciones-experiencias-y-otras-actividades-gratis-en-madrid-septiembre-2025\/#primaryimage\"},\"image\":{\"@id\":\"https:\/\/guiadelocio.es\/madrid\/exposiciones-experiencias-y-otras-actividades-gratis-en-madrid-septiembre-2025\/#primaryimage\"},\"thumbnailUrl\":\"https:\/\/guiadelocio.es\/madrid\/wp-content\/uploads\/sites\/2\/2025\/08\/iStock-465996534.jpg\",\"datePublished\":\"2025-08-29T13:43:34+00:00\",\"author\":{\"@id\":\"https:\/\/guiadelocio.es\/madrid\/#\/schema\/person\/dedd385c3a1875e2dfb8ee808e4fca89\"},\"description\":\"Nuestra selecci\u00f3n de actividades gratis en Madrid en septiembre de 2025 para todos los gustos: desde exposiciones a visitas guiadas...\",\"breadcrumb\":{\"@id\":\"https:\/\/guiadelocio.es\/madrid\/exposiciones-experiencias-y-otras-actividades-gratis-en-madrid-septiembre-2025\/#breadcrumb\"},\"inLanguage\":\"es\",\"potentialAction\":[{\"@type\":\"ReadAction\",\"target\":[\"https:\/\/guiadelocio.es\/madrid\/exposiciones-experiencias-y-otras-actividades-gratis-en-madrid-septiembre-2025\/\"]}]},{\"@type\":\"ImageObject\",\"inLanguage\":\"es\",\"@id\":\"https:\/\/guiadelocio.es\/madrid\/exposiciones-experiencias-y-otras-actividades-gratis-en-madrid-septiembre-2025\/#primaryimage\",\"url\":\"https:\/\/guiadelocio.es\/madrid\/wp-content\/uploads\/sites\/2\/2025\/08\/iStock-465996534.jpg\",\"contentUrl\":\"https:\/\/guiadelocio.es\/madrid\/wp-content\/uploads\/sites\/2\/2025\/08\/iStock-465996534.jpg\",\"width\":1255,\"height\":835,\"caption\":\"young beautiful friends tourist couple visiting Spain in holidays exchange students and taking selfie stick picture together in town happy on sunny day in travel and vacation concept\"},{\"@type\":\"BreadcrumbList\",\"@id\":\"https:\/\/guiadelocio.es\/madrid\/exposiciones-experiencias-y-otras-actividades-gratis-en-madrid-septiembre-2025\/#breadcrumb\",\"itemListElement\":[{\"@type\":\"ListItem\",\"position\":1,\"name\":\"Portada\",\"item\":\"https:\/\/guiadelocio.es\/madrid\/\"},{\"@type\":\"ListItem\",\"position\":2,\"name\":\"Exposiciones, experiencias y otras actividades GRATIS en Madrid &#8211; SEPTIEMBRE 2025\"}]},{\"@type\":\"WebSite\",\"@id\":\"https:\/\/guiadelocio.es\/madrid\/#website\",\"url\":\"https:\/\/guiadelocio.es\/madrid\/\",\"name\":\"Madrid | Gu\u00eda del Ocio\",\"description\":\"Qu\u00e9 hacer, d\u00f3nde comer, qu\u00e9 visitar y los lugares que no te puedes perder\",\"potentialAction\":[{\"@type\":\"SearchAction\",\"target\":{\"@type\":\"EntryPoint\",\"urlTemplate\":\"https:\/\/guiadelocio.es\/madrid\/?s={search_term_string}\"},\"query-input\":{\"@type\":\"PropertyValueSpecification\",\"valueRequired\":true,\"valueName\":\"search_term_string\"}}],\"inLanguage\":\"es\"},{\"@type\":\"Person\",\"@id\":\"https:\/\/guiadelocio.es\/madrid\/#\/schema\/person\/dedd385c3a1875e2dfb8ee808e4fca89\",\"name\":\"Gu\u00eda del Ocio\",\"image\":{\"@type\":\"ImageObject\",\"inLanguage\":\"es\",\"@id\":\"https:\/\/guiadelocio.es\/madrid\/#\/schema\/person\/image\/\",\"url\":\"https:\/\/secure.gravatar.com\/avatar\/27d9eb58286cefc2042fb32a3db3a679c555c2a21aa6719fa7916d63185b9fe9?s=96&d=mm&r=g\",\"contentUrl\":\"https:\/\/secure.gravatar.com\/avatar\/27d9eb58286cefc2042fb32a3db3a679c555c2a21aa6719fa7916d63185b9fe9?s=96&d=mm&r=g\",\"caption\":\"Gu\u00eda del Ocio\"}}]}<\/script>\n<!-- \/ Yoast SEO plugin. -->","yoast_head_json":{"title":"Exposiciones, experiencias y otras actividades GRATIS en Madrid","description":"Nuestra selecci\u00f3n de actividades gratis en Madrid en septiembre de 2025 para todos los gustos: desde exposiciones a visitas guiadas...","robots":{"index":"index","follow":"follow","max-snippet":"max-snippet:-1","max-image-preview":"max-image-preview:large","max-video-preview":"max-video-preview:-1"},"canonical":"https:\/\/guiadelocio.es\/madrid\/exposiciones-experiencias-y-otras-actividades-gratis-en-madrid-septiembre-2025\/","og_locale":"es_ES","og_type":"article","og_title":"Exposiciones, experiencias y otras actividades GRATIS en Madrid","og_description":"Nuestra selecci\u00f3n de actividades gratis en Madrid en septiembre de 2025 para todos los gustos: desde exposiciones a visitas guiadas...","og_url":"https:\/\/guiadelocio.es\/madrid\/exposiciones-experiencias-y-otras-actividades-gratis-en-madrid-septiembre-2025\/","og_site_name":"Madrid","article_published_time":"2025-08-29T13:43:34+00:00","og_image":[{"width":1255,"height":835,"url":"https:\/\/guiadelocio.es\/madrid\/wp-content\/uploads\/sites\/2\/2025\/08\/iStock-465996534.jpg","type":"image\/jpeg"}],"author":"Gu\u00eda del Ocio","twitter_card":"summary_large_image","twitter_misc":{"Escrito por":"Gu\u00eda del Ocio","Tiempo de lectura":"16 minutos"},"schema":{"@context":"https:\/\/schema.org","@graph":[{"@type":"WebPage","@id":"https:\/\/guiadelocio.es\/madrid\/exposiciones-experiencias-y-otras-actividades-gratis-en-madrid-septiembre-2025\/","url":"https:\/\/guiadelocio.es\/madrid\/exposiciones-experiencias-y-otras-actividades-gratis-en-madrid-septiembre-2025\/","name":"Exposiciones, experiencias y otras actividades GRATIS en Madrid","isPartOf":{"@id":"https:\/\/guiadelocio.es\/madrid\/#website"},"primaryImageOfPage":{"@id":"https:\/\/guiadelocio.es\/madrid\/exposiciones-experiencias-y-otras-actividades-gratis-en-madrid-septiembre-2025\/#primaryimage"},"image":{"@id":"https:\/\/guiadelocio.es\/madrid\/exposiciones-experiencias-y-otras-actividades-gratis-en-madrid-septiembre-2025\/#primaryimage"},"thumbnailUrl":"https:\/\/guiadelocio.es\/madrid\/wp-content\/uploads\/sites\/2\/2025\/08\/iStock-465996534.jpg","datePublished":"2025-08-29T13:43:34+00:00","author":{"@id":"https:\/\/guiadelocio.es\/madrid\/#\/schema\/person\/dedd385c3a1875e2dfb8ee808e4fca89"},"description":"Nuestra selecci\u00f3n de actividades gratis en Madrid en septiembre de 2025 para todos los gustos: desde exposiciones a visitas guiadas...","breadcrumb":{"@id":"https:\/\/guiadelocio.es\/madrid\/exposiciones-experiencias-y-otras-actividades-gratis-en-madrid-septiembre-2025\/#breadcrumb"},"inLanguage":"es","potentialAction":[{"@type":"ReadAction","target":["https:\/\/guiadelocio.es\/madrid\/exposiciones-experiencias-y-otras-actividades-gratis-en-madrid-septiembre-2025\/"]}]},{"@type":"ImageObject","inLanguage":"es","@id":"https:\/\/guiadelocio.es\/madrid\/exposiciones-experiencias-y-otras-actividades-gratis-en-madrid-septiembre-2025\/#primaryimage","url":"https:\/\/guiadelocio.es\/madrid\/wp-content\/uploads\/sites\/2\/2025\/08\/iStock-465996534.jpg","contentUrl":"https:\/\/guiadelocio.es\/madrid\/wp-content\/uploads\/sites\/2\/2025\/08\/iStock-465996534.jpg","width":1255,"height":835,"caption":"young beautiful friends tourist couple visiting Spain in holidays exchange students and taking selfie stick picture together in town happy on sunny day in travel and vacation concept"},{"@type":"BreadcrumbList","@id":"https:\/\/guiadelocio.es\/madrid\/exposiciones-experiencias-y-otras-actividades-gratis-en-madrid-septiembre-2025\/#breadcrumb","itemListElement":[{"@type":"ListItem","position":1,"name":"Portada","item":"https:\/\/guiadelocio.es\/madrid\/"},{"@type":"ListItem","position":2,"name":"Exposiciones, experiencias y otras actividades GRATIS en Madrid &#8211; SEPTIEMBRE 2025"}]},{"@type":"WebSite","@id":"https:\/\/guiadelocio.es\/madrid\/#website","url":"https:\/\/guiadelocio.es\/madrid\/","name":"Madrid | Gu\u00eda del Ocio","description":"Qu\u00e9 hacer, d\u00f3nde comer, qu\u00e9 visitar y los lugares que no te puedes perder","potentialAction":[{"@type":"SearchAction","target":{"@type":"EntryPoint","urlTemplate":"https:\/\/guiadelocio.es\/madrid\/?s={search_term_string}"},"query-input":{"@type":"PropertyValueSpecification","valueRequired":true,"valueName":"search_term_string"}}],"inLanguage":"es"},{"@type":"Person","@id":"https:\/\/guiadelocio.es\/madrid\/#\/schema\/person\/dedd385c3a1875e2dfb8ee808e4fca89","name":"Gu\u00eda del Ocio","image":{"@type":"ImageObject","inLanguage":"es","@id":"https:\/\/guiadelocio.es\/madrid\/#\/schema\/person\/image\/","url":"https:\/\/secure.gravatar.com\/avatar\/27d9eb58286cefc2042fb32a3db3a679c555c2a21aa6719fa7916d63185b9fe9?s=96&d=mm&r=g","contentUrl":"https:\/\/secure.gravatar.com\/avatar\/27d9eb58286cefc2042fb32a3db3a679c555c2a21aa6719fa7916d63185b9fe9?s=96&d=mm&r=g","caption":"Gu\u00eda del Ocio"}}]}},"_links":{"self":[{"href":"https:\/\/guiadelocio.es\/madrid\/wp-json\/wp\/v2\/posts\/44012","targetHints":{"allow":["GET"]}}],"collection":[{"href":"https:\/\/guiadelocio.es\/madrid\/wp-json\/wp\/v2\/posts"}],"about":[{"href":"https:\/\/guiadelocio.es\/madrid\/wp-json\/wp\/v2\/types\/post"}],"author":[{"embeddable":true,"href":"https:\/\/guiadelocio.es\/madrid\/wp-json\/wp\/v2\/users\/8"}],"replies":[{"embeddable":true,"href":"https:\/\/guiadelocio.es\/madrid\/wp-json\/wp\/v2\/comments?post=44012"}],"version-history":[{"count":1,"href":"https:\/\/guiadelocio.es\/madrid\/wp-json\/wp\/v2\/posts\/44012\/revisions"}],"predecessor-version":[{"id":44020,"href":"https:\/\/guiadelocio.es\/madrid\/wp-json\/wp\/v2\/posts\/44012\/revisions\/44020"}],"wp:featuredmedia":[{"embeddable":true,"href":"https:\/\/guiadelocio.es\/madrid\/wp-json\/wp\/v2\/media\/44017"}],"wp:attachment":[{"href":"https:\/\/guiadelocio.es\/madrid\/wp-json\/wp\/v2\/media?parent=44012"}],"wp:term":[{"taxonomy":"category","embeddable":true,"href":"https:\/\/guiadelocio.es\/madrid\/wp-json\/wp\/v2\/categories?post=44012"},{"taxonomy":"post_tag","embeddable":true,"href":"https:\/\/guiadelocio.es\/madrid\/wp-json\/wp\/v2\/tags?post=44012"},{"taxonomy":"category_plan","embeddable":true,"href":"https:\/\/guiadelocio.es\/madrid\/wp-json\/wp\/v2\/category_plan?post=44012"},{"taxonomy":"filter_trans","embeddable":true,"href":"https:\/\/guiadelocio.es\/madrid\/wp-json\/wp\/v2\/filter_trans?post=44012"},{"taxonomy":"filter_main","embeddable":true,"href":"https:\/\/guiadelocio.es\/madrid\/wp-json\/wp\/v2\/filter_main?post=44012"},{"taxonomy":"filter_sec","embeddable":true,"href":"https:\/\/guiadelocio.es\/madrid\/wp-json\/wp\/v2\/filter_sec?post=44012"},{"taxonomy":"barrios","embeddable":true,"href":"https:\/\/guiadelocio.es\/madrid\/wp-json\/wp\/v2\/barrios?post=44012"}],"curies":[{"name":"wp","href":"https:\/\/api.w.org\/{rel}","templated":true}]}}