{"id":40785,"date":"2025-05-28T13:19:17","date_gmt":"2025-05-28T11:19:17","guid":{"rendered":"https:\/\/guiadelocio.es\/madrid\/?p=40785"},"modified":"2025-05-28T18:09:26","modified_gmt":"2025-05-28T16:09:26","slug":"10-planes-para-el-fin-de-semana-en-madrid-56","status":"publish","type":"post","link":"https:\/\/guiadelocio.es\/madrid\/10-planes-para-el-fin-de-semana-en-madrid-56\/","title":{"rendered":"10 planes para el fin de semana en Madrid"},"content":{"rendered":"<p>Aqu\u00ed os dejamos una vez m\u00e1s nuestra selecci\u00f3n de los 10 planes para hacer en Madrid este fin de semana del 30 de mayo al 1 de junio \u00a1que lo disfrut\u00e9is!<\/p>\n<p>&nbsp;<\/p>\n<h2 class=\"section-single__title\">84 Feria del Libro de Madrid<\/h2>\n<p>La\u00a0<a href=\"https:\/\/guiadelocio.es\/madrid\/plan\/feria-del-libro-de-madrid-2025\/\" target=\"_blank\" rel=\"noopener\"><strong data-start=\"102\" data-end=\"136\">Feria del Libro de Madrid 2025<\/strong><\/a>, en su\u00a084.\u00aa edici\u00f3n, regresa al\u00a0Parque de El Retiro\u00a0del\u00a030 de mayo al 15 de junio, reafirmando su papel como una de las citas culturales m\u00e1s relevantes del calendario madrile\u00f1o.<\/p>\n<p><a href=\"https:\/\/guiadelocio.es\/madrid\/plan\/feria-del-libro-de-madrid-2025\/\" target=\"_blank\" rel=\"noopener\"><img decoding=\"async\" class=\" wp-image-40786 aligncenter\" src=\"https:\/\/guiadelocio.es\/madrid\/wp-content\/uploads\/sites\/2\/2025\/05\/FLM_logo-Edicion_BN-negativo_RGB-1301x920-1-300x212.png\" alt=\"\" width=\"500\" height=\"353\" srcset=\"https:\/\/guiadelocio.es\/madrid\/wp-content\/uploads\/sites\/2\/2025\/05\/FLM_logo-Edicion_BN-negativo_RGB-1301x920-1-300x212.png 300w, https:\/\/guiadelocio.es\/madrid\/wp-content\/uploads\/sites\/2\/2025\/05\/FLM_logo-Edicion_BN-negativo_RGB-1301x920-1-1024x724.png 1024w, https:\/\/guiadelocio.es\/madrid\/wp-content\/uploads\/sites\/2\/2025\/05\/FLM_logo-Edicion_BN-negativo_RGB-1301x920-1-768x543.png 768w, https:\/\/guiadelocio.es\/madrid\/wp-content\/uploads\/sites\/2\/2025\/05\/FLM_logo-Edicion_BN-negativo_RGB-1301x920-1-611x432.png 611w, https:\/\/guiadelocio.es\/madrid\/wp-content\/uploads\/sites\/2\/2025\/05\/FLM_logo-Edicion_BN-negativo_RGB-1301x920-1-266x188.png 266w, https:\/\/guiadelocio.es\/madrid\/wp-content\/uploads\/sites\/2\/2025\/05\/FLM_logo-Edicion_BN-negativo_RGB-1301x920-1.png 1301w\" sizes=\"(max-width: 500px) 100vw, 500px\" \/><\/a><\/p>\n<p>&nbsp;<\/p>\n<h2 class=\"section-single__title\">Las Indias Galantes en el Teatro Real: fusi\u00f3n de barroco y cultura urbana<\/h2>\n<p>Por primera vez, el\u00a0<em data-start=\"99\" data-end=\"112\">Teatro Real<\/em>\u00a0de Madrid presenta una versi\u00f3n semiesc\u00e9nica y coreografiada de\u00a0<a href=\"https:\/\/guiadelocio.es\/madrid\/plan\/las-indias-galantes-en-el-teatro-real-fusion-de-barroco-y-cultura-urbana\/\" target=\"_blank\" rel=\"noopener\"><strong><em data-start=\"176\" data-end=\"197\">Las Indias Galantes<\/em><\/strong><\/a>, la c\u00e9lebre\u00a0\u00f3pera-ballet de Jean-Philippe Rameau, con libreto en franc\u00e9s de\u00a0Louis Fuzelier.<\/p>\n<p><a href=\"https:\/\/guiadelocio.es\/madrid\/plan\/las-indias-galantes-en-el-teatro-real-fusion-de-barroco-y-cultura-urbana\/\" target=\"_blank\" rel=\"noopener\"><img decoding=\"async\" class=\" wp-image-40788 aligncenter\" src=\"https:\/\/guiadelocio.es\/madrid\/wp-content\/uploads\/sites\/2\/2025\/05\/CabeceraWeb_1920x550_OPERA_LasIndiasGalantesNEW-300x86.jpeg\" alt=\"\" width=\"502\" height=\"144\" srcset=\"https:\/\/guiadelocio.es\/madrid\/wp-content\/uploads\/sites\/2\/2025\/05\/CabeceraWeb_1920x550_OPERA_LasIndiasGalantesNEW-300x86.jpeg 300w, https:\/\/guiadelocio.es\/madrid\/wp-content\/uploads\/sites\/2\/2025\/05\/CabeceraWeb_1920x550_OPERA_LasIndiasGalantesNEW-1024x293.jpeg 1024w, https:\/\/guiadelocio.es\/madrid\/wp-content\/uploads\/sites\/2\/2025\/05\/CabeceraWeb_1920x550_OPERA_LasIndiasGalantesNEW-768x220.jpeg 768w, https:\/\/guiadelocio.es\/madrid\/wp-content\/uploads\/sites\/2\/2025\/05\/CabeceraWeb_1920x550_OPERA_LasIndiasGalantesNEW-1536x440.jpeg 1536w, https:\/\/guiadelocio.es\/madrid\/wp-content\/uploads\/sites\/2\/2025\/05\/CabeceraWeb_1920x550_OPERA_LasIndiasGalantesNEW-640x183.jpeg 640w, https:\/\/guiadelocio.es\/madrid\/wp-content\/uploads\/sites\/2\/2025\/05\/CabeceraWeb_1920x550_OPERA_LasIndiasGalantesNEW-266x76.jpeg 266w, https:\/\/guiadelocio.es\/madrid\/wp-content\/uploads\/sites\/2\/2025\/05\/CabeceraWeb_1920x550_OPERA_LasIndiasGalantesNEW-350x100.jpeg 350w, https:\/\/guiadelocio.es\/madrid\/wp-content\/uploads\/sites\/2\/2025\/05\/CabeceraWeb_1920x550_OPERA_LasIndiasGalantesNEW.jpeg 1920w\" sizes=\"(max-width: 502px) 100vw, 502px\" \/><\/a><\/p>\n<p>&nbsp;<\/p>\n<h2 class=\"section-single__title\">Martha Graham Dance Company: 100 a\u00f1os de danza que inspira<\/h2>\n<p>La reconocida <a href=\"https:\/\/guiadelocio.es\/madrid\/plan\/martha-graham-dance-company-100-anos-de-danza-que-inspira\/\" target=\"_blank\" rel=\"noopener\"><strong><em data-start=\"165\" data-end=\"194\">Martha Graham Dance Company<\/em><\/strong>\u00a0<\/a>se presenta en la Nave 11 del\u00a0<strong><a href=\"https:\/\/guiadelocio.es\/madrid\/centro-danza-matadero-un-nuevo-hogar-para-la-danza-en-madrid\/\" target=\"_blank\" rel=\"noopener\"><span>Centro Danza Matadero<\/span><\/a><\/strong>\u00a0de Madrid como parte de su gira de centenario. El programa re\u00fane algunas de las obras m\u00e1s emblem\u00e1ticas de Martha Graham junto a creaciones contempor\u00e1neas de destacados core\u00f3grafos, ofreciendo una experiencia \u00fanica para los amantes de la danza moderna.<\/p>\n<p><a href=\"https:\/\/guiadelocio.es\/madrid\/plan\/martha-graham-dance-company-100-anos-de-danza-que-inspira\/\" target=\"_blank\" rel=\"noopener\"><img decoding=\"async\" class=\" wp-image-40790 aligncenter\" src=\"https:\/\/guiadelocio.es\/madrid\/wp-content\/uploads\/sites\/2\/2025\/05\/MGDC_Diversion-Angels_MSherwood-06.JPG-1-300x162.webp\" alt=\"\" width=\"500\" height=\"270\" srcset=\"https:\/\/guiadelocio.es\/madrid\/wp-content\/uploads\/sites\/2\/2025\/05\/MGDC_Diversion-Angels_MSherwood-06.JPG-1-300x162.webp 300w, https:\/\/guiadelocio.es\/madrid\/wp-content\/uploads\/sites\/2\/2025\/05\/MGDC_Diversion-Angels_MSherwood-06.JPG-1-1024x554.webp 1024w, https:\/\/guiadelocio.es\/madrid\/wp-content\/uploads\/sites\/2\/2025\/05\/MGDC_Diversion-Angels_MSherwood-06.JPG-1-768x415.webp 768w, https:\/\/guiadelocio.es\/madrid\/wp-content\/uploads\/sites\/2\/2025\/05\/MGDC_Diversion-Angels_MSherwood-06.JPG-1-640x346.webp 640w, https:\/\/guiadelocio.es\/madrid\/wp-content\/uploads\/sites\/2\/2025\/05\/MGDC_Diversion-Angels_MSherwood-06.JPG-1-266x144.webp 266w, https:\/\/guiadelocio.es\/madrid\/wp-content\/uploads\/sites\/2\/2025\/05\/MGDC_Diversion-Angels_MSherwood-06.JPG-1.webp 1146w\" sizes=\"(max-width: 500px) 100vw, 500px\" \/><\/a><\/p>\n<p>&nbsp;<\/p>\n<h2 class=\"section-single__title\">CYBORG, experiencia sensorial e inmersiva<\/h2>\n<p>El prestigioso Circo Raluy Legacy\u00a0se instala por primera vez en el\u00a0Teatro Circo Price\u00a0con su nueva producci\u00f3n:\u00a0<a href=\"https:\/\/guiadelocio.es\/madrid\/plan\/cyborg-en-el-teatro-circo-price-de-madrid\/\" target=\"_blank\" rel=\"noopener\"><strong data-start=\"380\" data-end=\"390\">CYBORG<\/strong><\/a>. Un espect\u00e1culo vanguardista que transforma el concepto tradicional del circo en una\u00a0experiencia sensorial e inmersiva\u00a0apta para todos los p\u00fablicos.<\/p>\n<p><a href=\"https:\/\/guiadelocio.es\/madrid\/plan\/cyborg-en-el-teatro-circo-price-de-madrid\/\" target=\"_blank\" rel=\"noopener\"><img decoding=\"async\" class=\" wp-image-40792 aligncenter\" src=\"https:\/\/guiadelocio.es\/madrid\/wp-content\/uploads\/sites\/2\/2025\/05\/raluy-300x152.jpeg\" alt=\"\" width=\"501\" height=\"254\" srcset=\"https:\/\/guiadelocio.es\/madrid\/wp-content\/uploads\/sites\/2\/2025\/05\/raluy-300x152.jpeg 300w, https:\/\/guiadelocio.es\/madrid\/wp-content\/uploads\/sites\/2\/2025\/05\/raluy-640x325.jpeg 640w, https:\/\/guiadelocio.es\/madrid\/wp-content\/uploads\/sites\/2\/2025\/05\/raluy-266x135.jpeg 266w, https:\/\/guiadelocio.es\/madrid\/wp-content\/uploads\/sites\/2\/2025\/05\/raluy.jpeg 660w\" sizes=\"(max-width: 501px) 100vw, 501px\" \/><\/a><\/p>\n<p>&nbsp;<\/p>\n<h2 class=\"section-single__title\">Maudes Festival 2025: m\u00fasica electr\u00f3nica y arte<\/h2>\n<p>Una nueva edici\u00f3n que promete una experiencia musical \u00fanica, combinando m\u00fasica electr\u00f3nica y techno con cultura, arte y compromiso social. Este festival al aire libre se celebrar\u00e1 en el emblem\u00e1tico\u00a0Parque Enrique Tierno Galv\u00e1n,\u00a0ofreciendo dos jornadas inmersivas bajo el lema\u00a0<a href=\"https:\/\/guiadelocio.es\/madrid\/plan\/maudes-festival-2025-musica-electronica-y-arte-en-el-parque-enrique-tierno-galvan\/\" target=\"_blank\" rel=\"noopener\"><strong data-start=\"605\" data-end=\"632\">\u201cSoul of Mother Nature\u201d<\/strong><\/a>, un homenaje tem\u00e1tico a la Madre Naturaleza que se reflejar\u00e1 en su escenario principal y en toda la ambientaci\u00f3n del evento.<\/p>\n<p><a href=\"https:\/\/guiadelocio.es\/madrid\/plan\/maudes-festival-2025-musica-electronica-y-arte-en-el-parque-enrique-tierno-galvan\/\" target=\"_blank\" rel=\"noopener\"><img decoding=\"async\" class=\" wp-image-40794 aligncenter\" src=\"https:\/\/guiadelocio.es\/madrid\/wp-content\/uploads\/sites\/2\/2025\/05\/maudes_festival_2025-300x152.jpeg\" alt=\"\" width=\"501\" height=\"254\" srcset=\"https:\/\/guiadelocio.es\/madrid\/wp-content\/uploads\/sites\/2\/2025\/05\/maudes_festival_2025-300x152.jpeg 300w, https:\/\/guiadelocio.es\/madrid\/wp-content\/uploads\/sites\/2\/2025\/05\/maudes_festival_2025-640x325.jpeg 640w, https:\/\/guiadelocio.es\/madrid\/wp-content\/uploads\/sites\/2\/2025\/05\/maudes_festival_2025-266x135.jpeg 266w, https:\/\/guiadelocio.es\/madrid\/wp-content\/uploads\/sites\/2\/2025\/05\/maudes_festival_2025.jpeg 660w\" sizes=\"(max-width: 501px) 100vw, 501px\" \/><\/a><\/p>\n<p>&nbsp;<\/p>\n<h2 class=\"section-single__title\">La Milla del Arte 2025 Summer Edition: una cita con grandes maestros y nuevas promesas<\/h2>\n<p><a href=\"https:\/\/guiadelocio.es\/madrid\/plan\/la-milla-del-arte-2025-summer-edition-una-cita-con-grandes-maestros-y-nuevas-promesas\/\" target=\"_blank\" rel=\"noopener\"><strong>La Milla del Arte<\/strong><\/a>\u00a0regresa a la capital con una propuesta expositiva de primer nivel que re\u00fane a galer\u00edas consagradas, artistas emergentes y nombres clave del panorama contempor\u00e1neo nacional e internacional. Un recorrido visual por lo mejor del arte figurativo, abstracto, hist\u00f3rico y escult\u00f3rico que convierte a Madrid, una vez m\u00e1s, en el epicentro creativo del pa\u00eds.<\/p>\n<p><a href=\"https:\/\/guiadelocio.es\/madrid\/plan\/la-milla-del-arte-2025-summer-edition-una-cita-con-grandes-maestros-y-nuevas-promesas\/\" target=\"_blank\" rel=\"noopener\"><img decoding=\"async\" class=\" wp-image-40796 aligncenter\" src=\"https:\/\/guiadelocio.es\/madrid\/wp-content\/uploads\/sites\/2\/2025\/05\/Milla-del-Arte-MAY25-Compo-1864x920-1-300x148.jpeg\" alt=\"\" width=\"501\" height=\"247\" srcset=\"https:\/\/guiadelocio.es\/madrid\/wp-content\/uploads\/sites\/2\/2025\/05\/Milla-del-Arte-MAY25-Compo-1864x920-1-300x148.jpeg 300w, https:\/\/guiadelocio.es\/madrid\/wp-content\/uploads\/sites\/2\/2025\/05\/Milla-del-Arte-MAY25-Compo-1864x920-1-1024x505.jpeg 1024w, https:\/\/guiadelocio.es\/madrid\/wp-content\/uploads\/sites\/2\/2025\/05\/Milla-del-Arte-MAY25-Compo-1864x920-1-768x379.jpeg 768w, https:\/\/guiadelocio.es\/madrid\/wp-content\/uploads\/sites\/2\/2025\/05\/Milla-del-Arte-MAY25-Compo-1864x920-1-1536x758.jpeg 1536w, https:\/\/guiadelocio.es\/madrid\/wp-content\/uploads\/sites\/2\/2025\/05\/Milla-del-Arte-MAY25-Compo-1864x920-1-640x316.jpeg 640w, https:\/\/guiadelocio.es\/madrid\/wp-content\/uploads\/sites\/2\/2025\/05\/Milla-del-Arte-MAY25-Compo-1864x920-1-266x131.jpeg 266w, https:\/\/guiadelocio.es\/madrid\/wp-content\/uploads\/sites\/2\/2025\/05\/Milla-del-Arte-MAY25-Compo-1864x920-1.jpeg 1864w\" sizes=\"(max-width: 501px) 100vw, 501px\" \/><\/a><\/p>\n<p>&nbsp;<\/p>\n<h2 class=\"section-single__title\">Exposici\u00f3n \u00a8Voces del Pac\u00edfico: Innovaci\u00f3n y tradici\u00f3n\u00a8<\/h2>\n<p>El espacio <strong><a href=\"https:\/\/guiadelocio.es\/madrid\/plan\/caixaforum\/\" target=\"_blank\" rel=\"noopener\"><span>CaixaForum<\/span><\/a><\/strong>\u00a0Madrid presenta\u00a0<a href=\"https:\/\/guiadelocio.es\/madrid\/plan\/%c2%a8voces-del-pacifico-innovacion-y-tradicion%c2%a8\/\" target=\"_blank\" rel=\"noopener\"><strong data-start=\"225\" data-end=\"273\">\u00abVoces del Pac\u00edfico: Innovaci\u00f3n y tradici\u00f3n\u00bb<\/strong><\/a>, una exposici\u00f3n que re\u00fane m\u00e1s de 200 piezas procedentes del British Museum, ofreciendo un recorrido visual e hist\u00f3rico por las\u00a0culturas insulares de Ocean\u00eda.<\/p>\n<p><a href=\"https:\/\/guiadelocio.es\/madrid\/plan\/%c2%a8voces-del-pacifico-innovacion-y-tradicion%c2%a8\/\" target=\"_blank\" rel=\"noopener\"><img decoding=\"async\" class=\" wp-image-40798 aligncenter\" src=\"https:\/\/guiadelocio.es\/madrid\/wp-content\/uploads\/sites\/2\/2025\/05\/VocesPacifico_cartel_desktop_es-730x920-1-238x300.jpeg\" alt=\"\" width=\"397\" height=\"500\" srcset=\"https:\/\/guiadelocio.es\/madrid\/wp-content\/uploads\/sites\/2\/2025\/05\/VocesPacifico_cartel_desktop_es-730x920-1-238x300.jpeg 238w, https:\/\/guiadelocio.es\/madrid\/wp-content\/uploads\/sites\/2\/2025\/05\/VocesPacifico_cartel_desktop_es-730x920-1-343x432.jpeg 343w, https:\/\/guiadelocio.es\/madrid\/wp-content\/uploads\/sites\/2\/2025\/05\/VocesPacifico_cartel_desktop_es-730x920-1-159x200.jpeg 159w, https:\/\/guiadelocio.es\/madrid\/wp-content\/uploads\/sites\/2\/2025\/05\/VocesPacifico_cartel_desktop_es-730x920-1.jpeg 730w\" sizes=\"(max-width: 397px) 100vw, 397px\" \/><\/a><\/p>\n<p>&nbsp;<\/p>\n<h2 class=\"section-single__title\">Carrera vertical: un desaf\u00edo de altura<\/h2>\n<p data-start=\"222\" data-end=\"627\">Madrid acoger\u00e1 un evento deportivo muy singular: la\u00a0<a href=\"https:\/\/guiadelocio.es\/madrid\/plan\/carrera-vertical-eurostars-madrid-tower-2025-un-desafio-de-altura\/\" target=\"_blank\" rel=\"noopener\"><strong data-start=\"336\" data-end=\"384\">Carrera Vertical Eurostars Madrid Tower 2025<\/strong><\/a>. Esta competici\u00f3n, ya consolidada como una de las m\u00e1s emblem\u00e1ticas del\u00a0<em data-start=\"456\" data-end=\"471\">tower running<\/em>\u00a0en Espa\u00f1a, celebra su\u00a0quinta edici\u00f3n\u00a0con el objetivo de reunir a deportistas decididos a conquistar los 236 metros de altura del rascacielos madrile\u00f1o.<a href=\"https:\/\/guiadelocio.es\/madrid\/plan\/carrera-vertical-eurostars-madrid-tower-2025-un-desafio-de-altura\/\" target=\"_blank\" rel=\"noopener\"><img decoding=\"async\" class=\" wp-image-40800 aligncenter\" src=\"https:\/\/guiadelocio.es\/madrid\/wp-content\/uploads\/sites\/2\/2025\/05\/carrera_vertical_eurostars_madrid_tower_0-300x152.jpeg\" alt=\"\" width=\"499\" height=\"253\" srcset=\"https:\/\/guiadelocio.es\/madrid\/wp-content\/uploads\/sites\/2\/2025\/05\/carrera_vertical_eurostars_madrid_tower_0-300x152.jpeg 300w, https:\/\/guiadelocio.es\/madrid\/wp-content\/uploads\/sites\/2\/2025\/05\/carrera_vertical_eurostars_madrid_tower_0-640x325.jpeg 640w, https:\/\/guiadelocio.es\/madrid\/wp-content\/uploads\/sites\/2\/2025\/05\/carrera_vertical_eurostars_madrid_tower_0-266x135.jpeg 266w, https:\/\/guiadelocio.es\/madrid\/wp-content\/uploads\/sites\/2\/2025\/05\/carrera_vertical_eurostars_madrid_tower_0.jpeg 660w\" sizes=\"(max-width: 499px) 100vw, 499px\" \/><\/a><\/p>\n<h2 class=\"section-single__title\">Conciertos y actividades de las Fiestas de Aluche 2025<\/h2>\n<p>Las\u00a0<a href=\"https:\/\/guiadelocio.es\/madrid\/plan\/conciertos-y-actividades-de-las-fiestas-de-aluche-2025\/\" target=\"_blank\" rel=\"noopener\"><strong>Fiestas de Aluche<\/strong><\/a>\u00a02025 vuelven a llenar de m\u00fasica, cultura y diversi\u00f3n el barrio madrile\u00f1o, una cita esperada por vecinos y visitantes.<a href=\"https:\/\/guiadelocio.es\/madrid\/plan\/conciertos-y-actividades-de-las-fiestas-de-aluche-2025\/\" target=\"_blank\" rel=\"noopener\"><img decoding=\"async\" class=\" wp-image-40804 aligncenter\" src=\"https:\/\/guiadelocio.es\/madrid\/wp-content\/uploads\/sites\/2\/2025\/05\/Cartel-baja-Fiestas-Aluche-2025-657x920-2-214x300.jpeg\" alt=\"\" width=\"356\" height=\"499\" srcset=\"https:\/\/guiadelocio.es\/madrid\/wp-content\/uploads\/sites\/2\/2025\/05\/Cartel-baja-Fiestas-Aluche-2025-657x920-2-214x300.jpeg 214w, https:\/\/guiadelocio.es\/madrid\/wp-content\/uploads\/sites\/2\/2025\/05\/Cartel-baja-Fiestas-Aluche-2025-657x920-2-309x432.jpeg 309w, https:\/\/guiadelocio.es\/madrid\/wp-content\/uploads\/sites\/2\/2025\/05\/Cartel-baja-Fiestas-Aluche-2025-657x920-2-143x200.jpeg 143w, https:\/\/guiadelocio.es\/madrid\/wp-content\/uploads\/sites\/2\/2025\/05\/Cartel-baja-Fiestas-Aluche-2025-657x920-2.jpeg 657w\" sizes=\"(max-width: 356px) 100vw, 356px\" \/><\/a><\/p>\n<p>&nbsp;<\/p>\n<h2 class=\"section-single__title\">Apertura de la temporada de piscinas en Madrid \u00a1ya podemos disfrutar de ellas!<\/h2>\n<p>La piscinas municipales est\u00e1n abiertas al p\u00fablico &#8211; como es tradici\u00f3n en Madrid- desde el 15 de mayo, coincidiendo con la festividad de San Isidro. Desc\u00fabrelas todas en <a href=\"https:\/\/guiadelocio.es\/madrid\/plan\/apertura-de-la-temporada-de-piscinas-en-madrid\/\" target=\"_blank\" rel=\"noopener\"><span>este art\u00edculo<\/span><\/a>.<\/p>\n<p><a href=\"https:\/\/guiadelocio.es\/madrid\/plan\/apertura-de-la-temporada-de-piscinas-en-madrid\/\" target=\"_blank\" rel=\"noopener\"><img decoding=\"async\" class=\" wp-image-40806 aligncenter\" src=\"https:\/\/guiadelocio.es\/madrid\/wp-content\/uploads\/sites\/2\/2025\/05\/imagen-archivo-piscina-555x369-1-300x199.jpeg\" alt=\"\" width=\"501\" height=\"332\" srcset=\"https:\/\/guiadelocio.es\/madrid\/wp-content\/uploads\/sites\/2\/2025\/05\/imagen-archivo-piscina-555x369-1-300x199.jpeg 300w, https:\/\/guiadelocio.es\/madrid\/wp-content\/uploads\/sites\/2\/2025\/05\/imagen-archivo-piscina-555x369-1-266x177.jpeg 266w, https:\/\/guiadelocio.es\/madrid\/wp-content\/uploads\/sites\/2\/2025\/05\/imagen-archivo-piscina-555x369-1.jpeg 555w\" sizes=\"(max-width: 501px) 100vw, 501px\" \/><\/a><\/p>\n","protected":false},"excerpt":{"rendered":"<p>Aqu\u00ed os dejamos una vez m\u00e1s nuestra selecci\u00f3n de los 10 planes para hacer en Madrid este fin de semana del 30 de mayo al 1 de junio \u00a1que lo disfrut\u00e9is! &nbsp; 84 Feria del Libro de Madrid La\u00a0Feria del Libro de Madrid 2025, en su\u00a084.\u00aa edici\u00f3n, regresa al\u00a0Parque de El Retiro\u00a0del\u00a030 de mayo al [&hellip;]<\/p>\n","protected":false},"author":5,"featured_media":40808,"comment_status":"closed","ping_status":"closed","sticky":false,"template":"","format":"standard","meta":{"_acf_changed":false,"footnotes":""},"categories":[1],"tags":[],"category_plan":[2],"filter_trans":[],"filter_main":[],"filter_sec":[],"barrios":[],"class_list":["post-40785","post","type-post","status-publish","format-standard","has-post-thumbnail","hentry","category-sin-categorizar"],"acf":[],"yoast_head":"<!-- This site is optimized with the Yoast SEO plugin v26.0 - https:\/\/yoast.com\/wordpress\/plugins\/seo\/ -->\n<title>10 planes para el fin de semana en Madrid | Madrid<\/title>\n<meta name=\"description\" content=\"Aqu\u00ed os dejamos una vez m\u00e1s nuestra selecci\u00f3n de los 10 planes para hacer en Madrid este fin de semana del 30 de mayo al 1 de junio \u00a1que lo disfrut\u00e9is!\" \/>\n<meta name=\"robots\" content=\"index, follow, max-snippet:-1, max-image-preview:large, max-video-preview:-1\" \/>\n<link rel=\"canonical\" href=\"https:\/\/guiadelocio.es\/madrid\/10-planes-para-el-fin-de-semana-en-madrid-56\/\" \/>\n<meta property=\"og:locale\" content=\"es_ES\" \/>\n<meta property=\"og:type\" content=\"article\" \/>\n<meta property=\"og:title\" content=\"10 planes para el fin de semana en Madrid | Madrid\" \/>\n<meta property=\"og:description\" content=\"Aqu\u00ed os dejamos una vez m\u00e1s nuestra selecci\u00f3n de los 10 planes para hacer en Madrid este fin de semana del 30 de mayo al 1 de junio \u00a1que lo disfrut\u00e9is!\" \/>\n<meta property=\"og:url\" content=\"https:\/\/guiadelocio.es\/madrid\/10-planes-para-el-fin-de-semana-en-madrid-56\/\" \/>\n<meta property=\"og:site_name\" content=\"Madrid\" \/>\n<meta property=\"article:published_time\" content=\"2025-05-28T11:19:17+00:00\" \/>\n<meta property=\"article:modified_time\" content=\"2025-05-28T16:09:26+00:00\" \/>\n<meta property=\"og:image\" content=\"https:\/\/guiadelocio.es\/madrid\/wp-content\/uploads\/sites\/2\/2025\/05\/iStock-483731260.jpg\" \/>\n\t<meta property=\"og:image:width\" content=\"1254\" \/>\n\t<meta property=\"og:image:height\" content=\"837\" \/>\n\t<meta property=\"og:image:type\" content=\"image\/jpeg\" \/>\n<meta name=\"author\" content=\"spons\" \/>\n<meta name=\"twitter:card\" content=\"summary_large_image\" \/>\n<meta name=\"twitter:label1\" content=\"Escrito por\" \/>\n\t<meta name=\"twitter:data1\" content=\"spons\" \/>\n\t<meta name=\"twitter:label2\" content=\"Tiempo de lectura\" \/>\n\t<meta name=\"twitter:data2\" content=\"5 minutos\" \/>\n<script type=\"application\/ld+json\" class=\"yoast-schema-graph\">{\"@context\":\"https:\/\/schema.org\",\"@graph\":[{\"@type\":\"WebPage\",\"@id\":\"https:\/\/guiadelocio.es\/madrid\/10-planes-para-el-fin-de-semana-en-madrid-56\/\",\"url\":\"https:\/\/guiadelocio.es\/madrid\/10-planes-para-el-fin-de-semana-en-madrid-56\/\",\"name\":\"10 planes para el fin de semana en Madrid | Madrid\",\"isPartOf\":{\"@id\":\"https:\/\/guiadelocio.es\/madrid\/#website\"},\"primaryImageOfPage\":{\"@id\":\"https:\/\/guiadelocio.es\/madrid\/10-planes-para-el-fin-de-semana-en-madrid-56\/#primaryimage\"},\"image\":{\"@id\":\"https:\/\/guiadelocio.es\/madrid\/10-planes-para-el-fin-de-semana-en-madrid-56\/#primaryimage\"},\"thumbnailUrl\":\"https:\/\/guiadelocio.es\/madrid\/wp-content\/uploads\/sites\/2\/2025\/05\/iStock-483731260.jpg\",\"datePublished\":\"2025-05-28T11:19:17+00:00\",\"dateModified\":\"2025-05-28T16:09:26+00:00\",\"author\":{\"@id\":\"https:\/\/guiadelocio.es\/madrid\/#\/schema\/person\/8948cef5c81b7b4ad26551a45a2d12d3\"},\"description\":\"Aqu\u00ed os dejamos una vez m\u00e1s nuestra selecci\u00f3n de los 10 planes para hacer en Madrid este fin de semana del 30 de mayo al 1 de junio \u00a1que lo disfrut\u00e9is!\",\"breadcrumb\":{\"@id\":\"https:\/\/guiadelocio.es\/madrid\/10-planes-para-el-fin-de-semana-en-madrid-56\/#breadcrumb\"},\"inLanguage\":\"es\",\"potentialAction\":[{\"@type\":\"ReadAction\",\"target\":[\"https:\/\/guiadelocio.es\/madrid\/10-planes-para-el-fin-de-semana-en-madrid-56\/\"]}]},{\"@type\":\"ImageObject\",\"inLanguage\":\"es\",\"@id\":\"https:\/\/guiadelocio.es\/madrid\/10-planes-para-el-fin-de-semana-en-madrid-56\/#primaryimage\",\"url\":\"https:\/\/guiadelocio.es\/madrid\/wp-content\/uploads\/sites\/2\/2025\/05\/iStock-483731260.jpg\",\"contentUrl\":\"https:\/\/guiadelocio.es\/madrid\/wp-content\/uploads\/sites\/2\/2025\/05\/iStock-483731260.jpg\",\"width\":1254,\"height\":837,\"caption\":\"Madrid, Spain - July 19, 2015: The Puerta del Sol (Spanish for \\\"Gate of the Sun\\\") is one of the best known and busiest places in Madrid. This is the centre (Km 0) of the radial network of Spanish roads. The square also contains the famous clock whose bells mark the traditional eating of the Twelve Grapes and the beginning of a new year. The New Year's celebration has been broadcast live on national television since December 31, 1962.\"},{\"@type\":\"BreadcrumbList\",\"@id\":\"https:\/\/guiadelocio.es\/madrid\/10-planes-para-el-fin-de-semana-en-madrid-56\/#breadcrumb\",\"itemListElement\":[{\"@type\":\"ListItem\",\"position\":1,\"name\":\"Portada\",\"item\":\"https:\/\/guiadelocio.es\/madrid\/\"},{\"@type\":\"ListItem\",\"position\":2,\"name\":\"10 planes para el fin de semana en Madrid\"}]},{\"@type\":\"WebSite\",\"@id\":\"https:\/\/guiadelocio.es\/madrid\/#website\",\"url\":\"https:\/\/guiadelocio.es\/madrid\/\",\"name\":\"Madrid | Gu\u00eda del Ocio\",\"description\":\"Qu\u00e9 hacer, d\u00f3nde comer, qu\u00e9 visitar y los lugares que no te puedes perder\",\"potentialAction\":[{\"@type\":\"SearchAction\",\"target\":{\"@type\":\"EntryPoint\",\"urlTemplate\":\"https:\/\/guiadelocio.es\/madrid\/?s={search_term_string}\"},\"query-input\":{\"@type\":\"PropertyValueSpecification\",\"valueRequired\":true,\"valueName\":\"search_term_string\"}}],\"inLanguage\":\"es\"},{\"@type\":\"Person\",\"@id\":\"https:\/\/guiadelocio.es\/madrid\/#\/schema\/person\/8948cef5c81b7b4ad26551a45a2d12d3\",\"name\":\"spons\",\"image\":{\"@type\":\"ImageObject\",\"inLanguage\":\"es\",\"@id\":\"https:\/\/guiadelocio.es\/madrid\/#\/schema\/person\/image\/\",\"url\":\"https:\/\/secure.gravatar.com\/avatar\/c3eb00312c63ba7a2ea61f1fc101d93b66984cbac41bc8a3997f9b64644a08c9?s=96&d=mm&r=g\",\"contentUrl\":\"https:\/\/secure.gravatar.com\/avatar\/c3eb00312c63ba7a2ea61f1fc101d93b66984cbac41bc8a3997f9b64644a08c9?s=96&d=mm&r=g\",\"caption\":\"spons\"}}]}<\/script>\n<!-- \/ Yoast SEO plugin. -->","yoast_head_json":{"title":"10 planes para el fin de semana en Madrid | Madrid","description":"Aqu\u00ed os dejamos una vez m\u00e1s nuestra selecci\u00f3n de los 10 planes para hacer en Madrid este fin de semana del 30 de mayo al 1 de junio \u00a1que lo disfrut\u00e9is!","robots":{"index":"index","follow":"follow","max-snippet":"max-snippet:-1","max-image-preview":"max-image-preview:large","max-video-preview":"max-video-preview:-1"},"canonical":"https:\/\/guiadelocio.es\/madrid\/10-planes-para-el-fin-de-semana-en-madrid-56\/","og_locale":"es_ES","og_type":"article","og_title":"10 planes para el fin de semana en Madrid | Madrid","og_description":"Aqu\u00ed os dejamos una vez m\u00e1s nuestra selecci\u00f3n de los 10 planes para hacer en Madrid este fin de semana del 30 de mayo al 1 de junio \u00a1que lo disfrut\u00e9is!","og_url":"https:\/\/guiadelocio.es\/madrid\/10-planes-para-el-fin-de-semana-en-madrid-56\/","og_site_name":"Madrid","article_published_time":"2025-05-28T11:19:17+00:00","article_modified_time":"2025-05-28T16:09:26+00:00","og_image":[{"width":1254,"height":837,"url":"https:\/\/guiadelocio.es\/madrid\/wp-content\/uploads\/sites\/2\/2025\/05\/iStock-483731260.jpg","type":"image\/jpeg"}],"author":"spons","twitter_card":"summary_large_image","twitter_misc":{"Escrito por":"spons","Tiempo de lectura":"5 minutos"},"schema":{"@context":"https:\/\/schema.org","@graph":[{"@type":"WebPage","@id":"https:\/\/guiadelocio.es\/madrid\/10-planes-para-el-fin-de-semana-en-madrid-56\/","url":"https:\/\/guiadelocio.es\/madrid\/10-planes-para-el-fin-de-semana-en-madrid-56\/","name":"10 planes para el fin de semana en Madrid | Madrid","isPartOf":{"@id":"https:\/\/guiadelocio.es\/madrid\/#website"},"primaryImageOfPage":{"@id":"https:\/\/guiadelocio.es\/madrid\/10-planes-para-el-fin-de-semana-en-madrid-56\/#primaryimage"},"image":{"@id":"https:\/\/guiadelocio.es\/madrid\/10-planes-para-el-fin-de-semana-en-madrid-56\/#primaryimage"},"thumbnailUrl":"https:\/\/guiadelocio.es\/madrid\/wp-content\/uploads\/sites\/2\/2025\/05\/iStock-483731260.jpg","datePublished":"2025-05-28T11:19:17+00:00","dateModified":"2025-05-28T16:09:26+00:00","author":{"@id":"https:\/\/guiadelocio.es\/madrid\/#\/schema\/person\/8948cef5c81b7b4ad26551a45a2d12d3"},"description":"Aqu\u00ed os dejamos una vez m\u00e1s nuestra selecci\u00f3n de los 10 planes para hacer en Madrid este fin de semana del 30 de mayo al 1 de junio \u00a1que lo disfrut\u00e9is!","breadcrumb":{"@id":"https:\/\/guiadelocio.es\/madrid\/10-planes-para-el-fin-de-semana-en-madrid-56\/#breadcrumb"},"inLanguage":"es","potentialAction":[{"@type":"ReadAction","target":["https:\/\/guiadelocio.es\/madrid\/10-planes-para-el-fin-de-semana-en-madrid-56\/"]}]},{"@type":"ImageObject","inLanguage":"es","@id":"https:\/\/guiadelocio.es\/madrid\/10-planes-para-el-fin-de-semana-en-madrid-56\/#primaryimage","url":"https:\/\/guiadelocio.es\/madrid\/wp-content\/uploads\/sites\/2\/2025\/05\/iStock-483731260.jpg","contentUrl":"https:\/\/guiadelocio.es\/madrid\/wp-content\/uploads\/sites\/2\/2025\/05\/iStock-483731260.jpg","width":1254,"height":837,"caption":"Madrid, Spain - July 19, 2015: The Puerta del Sol (Spanish for \"Gate of the Sun\") is one of the best known and busiest places in Madrid. This is the centre (Km 0) of the radial network of Spanish roads. The square also contains the famous clock whose bells mark the traditional eating of the Twelve Grapes and the beginning of a new year. The New Year's celebration has been broadcast live on national television since December 31, 1962."},{"@type":"BreadcrumbList","@id":"https:\/\/guiadelocio.es\/madrid\/10-planes-para-el-fin-de-semana-en-madrid-56\/#breadcrumb","itemListElement":[{"@type":"ListItem","position":1,"name":"Portada","item":"https:\/\/guiadelocio.es\/madrid\/"},{"@type":"ListItem","position":2,"name":"10 planes para el fin de semana en Madrid"}]},{"@type":"WebSite","@id":"https:\/\/guiadelocio.es\/madrid\/#website","url":"https:\/\/guiadelocio.es\/madrid\/","name":"Madrid | Gu\u00eda del Ocio","description":"Qu\u00e9 hacer, d\u00f3nde comer, qu\u00e9 visitar y los lugares que no te puedes perder","potentialAction":[{"@type":"SearchAction","target":{"@type":"EntryPoint","urlTemplate":"https:\/\/guiadelocio.es\/madrid\/?s={search_term_string}"},"query-input":{"@type":"PropertyValueSpecification","valueRequired":true,"valueName":"search_term_string"}}],"inLanguage":"es"},{"@type":"Person","@id":"https:\/\/guiadelocio.es\/madrid\/#\/schema\/person\/8948cef5c81b7b4ad26551a45a2d12d3","name":"spons","image":{"@type":"ImageObject","inLanguage":"es","@id":"https:\/\/guiadelocio.es\/madrid\/#\/schema\/person\/image\/","url":"https:\/\/secure.gravatar.com\/avatar\/c3eb00312c63ba7a2ea61f1fc101d93b66984cbac41bc8a3997f9b64644a08c9?s=96&d=mm&r=g","contentUrl":"https:\/\/secure.gravatar.com\/avatar\/c3eb00312c63ba7a2ea61f1fc101d93b66984cbac41bc8a3997f9b64644a08c9?s=96&d=mm&r=g","caption":"spons"}}]}},"_links":{"self":[{"href":"https:\/\/guiadelocio.es\/madrid\/wp-json\/wp\/v2\/posts\/40785","targetHints":{"allow":["GET"]}}],"collection":[{"href":"https:\/\/guiadelocio.es\/madrid\/wp-json\/wp\/v2\/posts"}],"about":[{"href":"https:\/\/guiadelocio.es\/madrid\/wp-json\/wp\/v2\/types\/post"}],"author":[{"embeddable":true,"href":"https:\/\/guiadelocio.es\/madrid\/wp-json\/wp\/v2\/users\/5"}],"replies":[{"embeddable":true,"href":"https:\/\/guiadelocio.es\/madrid\/wp-json\/wp\/v2\/comments?post=40785"}],"version-history":[{"count":0,"href":"https:\/\/guiadelocio.es\/madrid\/wp-json\/wp\/v2\/posts\/40785\/revisions"}],"wp:featuredmedia":[{"embeddable":true,"href":"https:\/\/guiadelocio.es\/madrid\/wp-json\/wp\/v2\/media\/40808"}],"wp:attachment":[{"href":"https:\/\/guiadelocio.es\/madrid\/wp-json\/wp\/v2\/media?parent=40785"}],"wp:term":[{"taxonomy":"category","embeddable":true,"href":"https:\/\/guiadelocio.es\/madrid\/wp-json\/wp\/v2\/categories?post=40785"},{"taxonomy":"post_tag","embeddable":true,"href":"https:\/\/guiadelocio.es\/madrid\/wp-json\/wp\/v2\/tags?post=40785"},{"taxonomy":"category_plan","embeddable":true,"href":"https:\/\/guiadelocio.es\/madrid\/wp-json\/wp\/v2\/category_plan?post=40785"},{"taxonomy":"filter_trans","embeddable":true,"href":"https:\/\/guiadelocio.es\/madrid\/wp-json\/wp\/v2\/filter_trans?post=40785"},{"taxonomy":"filter_main","embeddable":true,"href":"https:\/\/guiadelocio.es\/madrid\/wp-json\/wp\/v2\/filter_main?post=40785"},{"taxonomy":"filter_sec","embeddable":true,"href":"https:\/\/guiadelocio.es\/madrid\/wp-json\/wp\/v2\/filter_sec?post=40785"},{"taxonomy":"barrios","embeddable":true,"href":"https:\/\/guiadelocio.es\/madrid\/wp-json\/wp\/v2\/barrios?post=40785"}],"curies":[{"name":"wp","href":"https:\/\/api.w.org\/{rel}","templated":true}]}}