{"id":40194,"date":"2025-05-09T10:47:45","date_gmt":"2025-05-09T08:47:45","guid":{"rendered":"https:\/\/guiadelocio.es\/madrid\/?p=40194"},"modified":"2025-05-13T11:05:44","modified_gmt":"2025-05-13T09:05:44","slug":"este-verano-se-rueda-en-la-ecam","status":"publish","type":"post","link":"https:\/\/guiadelocio.es\/madrid\/este-verano-se-rueda-en-la-ecam\/","title":{"rendered":"\u00a1Este verano\u2026 se rueda en la ECAM!"},"content":{"rendered":"<p class=\"p1\">\u00bfTe imaginas pasar el verano entre c\u00e1maras, guiones, claquetas y mucha, much\u00edsima creatividad? La ECAM, Escuela de Cinematograf\u00eda y del Audiovisual de la Comunidad de Madrid, vuelve a ofrecer un a\u00f1o m\u00e1s su <a href=\"https:\/\/ecam.es\/campamento-urbano\/\"><span class=\"s1\"><b>Campamento Urbano de Cine<\/b><\/span><\/a>, que tendr\u00e1 lugar del <b>23 de junio al 25 de julio<\/b>.<\/p>\n<p><img decoding=\"async\" class=\"wp-image-40197 aligncenter\" src=\"https:\/\/guiadelocio.es\/madrid\/wp-content\/uploads\/sites\/2\/2025\/05\/Guia-del-Ocio-Reportaje-2-300x200.jpg\" alt=\"\" width=\"678\" height=\"452\" srcset=\"https:\/\/guiadelocio.es\/madrid\/wp-content\/uploads\/sites\/2\/2025\/05\/Guia-del-Ocio-Reportaje-2-300x200.jpg 300w, https:\/\/guiadelocio.es\/madrid\/wp-content\/uploads\/sites\/2\/2025\/05\/Guia-del-Ocio-Reportaje-2-1024x683.jpg 1024w, https:\/\/guiadelocio.es\/madrid\/wp-content\/uploads\/sites\/2\/2025\/05\/Guia-del-Ocio-Reportaje-2-768x512.jpg 768w, https:\/\/guiadelocio.es\/madrid\/wp-content\/uploads\/sites\/2\/2025\/05\/Guia-del-Ocio-Reportaje-2-1536x1024.jpg 1536w, https:\/\/guiadelocio.es\/madrid\/wp-content\/uploads\/sites\/2\/2025\/05\/Guia-del-Ocio-Reportaje-2-scaled.jpg 2048w, https:\/\/guiadelocio.es\/madrid\/wp-content\/uploads\/sites\/2\/2025\/05\/Guia-del-Ocio-Reportaje-2-1380x920.jpg 1380w, https:\/\/guiadelocio.es\/madrid\/wp-content\/uploads\/sites\/2\/2025\/05\/Guia-del-Ocio-Reportaje-2-640x427.jpg 640w, https:\/\/guiadelocio.es\/madrid\/wp-content\/uploads\/sites\/2\/2025\/05\/Guia-del-Ocio-Reportaje-2-266x177.jpg 266w\" sizes=\"(max-width: 678px) 100vw, 678px\" \/><\/p>\n<h3 class=\"p1\"><span class=\"s1\"><b>\u00a1Saca al cineasta que llevas dentro!<\/b><\/span><\/h3>\n<p class=\"p1\">La <b>matr\u00edcula<\/b> est\u00e1 abierta por <b>semanas y por itinerarios de edad<\/b>. El campamento est\u00e1 planteado para que el alumnado pueda disfrutar del campamento independientemente de la semana en la que se incorpore. Esto significa que podr\u00e1 matricularse desde una sola semana y\/o hasta cinco.<\/p>\n<p class=\"p1\">Dirigido a participantes de entre <b>5 y 17 a\u00f1os<\/b>, el campamento ofrece una inmersi\u00f3n pr\u00e1ctica en el cine, adapt\u00e1ndose a distintas edades <b>con diferentes itinerarios<\/b>. La ECAM combina en este campamento formaci\u00f3n audiovisual, creatividad y diversi\u00f3n, guiado por <b>docentes <\/b>que son profesionales en activo del audiovisual. \u00a1Una oportunidad \u00fanica para vivir el cine desde dentro!<\/p>\n<ul class=\"ul1\">\n<li class=\"li1\"><b>Atelier de cine (5 a 7 a\u00f1os).<\/b> Un espacio de <b>descubrimiento y juego<\/b> donde los m\u00e1s peque\u00f1os se acercan al cine desde lo sensorial y lo manual.<\/li>\n<li class=\"li1\"><b>Jugando a hacer cine (8 a 10 a\u00f1os)<\/b>. En este itinerario, los ni\u00f1os y ni\u00f1as descubrir\u00e1n <b>c\u00f3mo se hace una pel\u00edcula<\/b>, partiendo de grandes t\u00edtulos que han marcado la historia del cine.<\/li>\n<li class=\"li1\"><strong>J\u00f3venes cineastas (11 a 13 a\u00f1os)<\/strong>. Este itinerario se centra en el <b>aprendizaje de diferentes g\u00e9neros cinematogr\u00e1ficos<\/b> como la comedia, el musical o el suspense.<\/li>\n<li class=\"li1\"><strong>Mi primera pel\u00edcula (14 a 17 a\u00f1os)<\/strong>. Los participantes vivir\u00e1n la <b>experiencia completa de realizar una pel\u00edcula<\/b>. Escribir\u00e1n el guion, har\u00e1n pruebas con actores, rodar\u00e1n y montar\u00e1n su propia pel\u00edcula.<\/li>\n<\/ul>\n<p><img decoding=\"async\" class=\"wp-image-40199 aligncenter\" src=\"https:\/\/guiadelocio.es\/madrid\/wp-content\/uploads\/sites\/2\/2025\/05\/Guia-del-Ocio-Reportaje-1-300x200.jpg\" alt=\"\" width=\"678\" height=\"452\" srcset=\"https:\/\/guiadelocio.es\/madrid\/wp-content\/uploads\/sites\/2\/2025\/05\/Guia-del-Ocio-Reportaje-1-300x200.jpg 300w, https:\/\/guiadelocio.es\/madrid\/wp-content\/uploads\/sites\/2\/2025\/05\/Guia-del-Ocio-Reportaje-1-1024x683.jpg 1024w, https:\/\/guiadelocio.es\/madrid\/wp-content\/uploads\/sites\/2\/2025\/05\/Guia-del-Ocio-Reportaje-1-768x512.jpg 768w, https:\/\/guiadelocio.es\/madrid\/wp-content\/uploads\/sites\/2\/2025\/05\/Guia-del-Ocio-Reportaje-1-1536x1024.jpg 1536w, https:\/\/guiadelocio.es\/madrid\/wp-content\/uploads\/sites\/2\/2025\/05\/Guia-del-Ocio-Reportaje-1-scaled.jpg 2048w, https:\/\/guiadelocio.es\/madrid\/wp-content\/uploads\/sites\/2\/2025\/05\/Guia-del-Ocio-Reportaje-1-1380x920.jpg 1380w, https:\/\/guiadelocio.es\/madrid\/wp-content\/uploads\/sites\/2\/2025\/05\/Guia-del-Ocio-Reportaje-1-640x427.jpg 640w, https:\/\/guiadelocio.es\/madrid\/wp-content\/uploads\/sites\/2\/2025\/05\/Guia-del-Ocio-Reportaje-1-266x177.jpg 266w\" sizes=\"(max-width: 678px) 100vw, 678px\" \/><\/p>\n<h3 class=\"p4\"><span class=\"s1\"><b>Informaci\u00f3n pr\u00e1ctica<\/b><\/span><\/h3>\n<ul class=\"ul2\">\n<li class=\"\" data-start=\"98\" data-end=\"175\">\n<p class=\"\" data-start=\"100\" data-end=\"175\"><strong data-start=\"100\" data-end=\"113\">Duraci\u00f3n:<\/strong> del <strong>23 de junio al 25 de julio<\/strong> (matriculaci\u00f3n por semanas).<\/p>\n<\/li>\n<li class=\"\" data-start=\"176\" data-end=\"322\">\n<p class=\"\" data-start=\"178\" data-end=\"322\"><strong data-start=\"178\" data-end=\"206\">Horario de los talleres:<\/strong> de <strong>lunes a viernes, de 10:30 a 14:30 horas<\/strong>. Horario especial para el itinerario de 5 a 7 a\u00f1os, \u00ab<em data-start=\"302\" data-end=\"319\">Atelier de cine\u00bb<\/em>.<\/p>\n<\/li>\n<li class=\"\" data-start=\"323\" data-end=\"530\">\n<p class=\"\" data-start=\"325\" data-end=\"530\"><strong data-start=\"325\" data-end=\"376\">Despertar Cin\u00e9filo (opcional, sin coste extra):<\/strong> <strong>de 08:30 a 10:30 horas<\/strong>. All\u00ed, los peque\u00f1os arrancan la jornada viendo una pel\u00edcula que despu\u00e9s analizar\u00e1n y comentar\u00e1n con sus compa\u00f1eros y profesores.<\/p>\n<\/li>\n<li class=\"\" data-start=\"531\" data-end=\"848\">\n<p class=\"\" data-start=\"533\" data-end=\"848\"><strong data-start=\"533\" data-end=\"589\">Comedor y Hora Creativa (opcional, con coste extra): de 14:30 a 16:30 horas<\/strong>. Aquellos que quieran despertar a\u00fan m\u00e1s su creatividad cin\u00e9fila podr\u00e1n hacerlo a partir de las 15:30 en la <em data-start=\"720\" data-end=\"735\">Hora Creativa<\/em>, un espacio en el que se profundizar\u00e1 en los aspectos tratados durante la semana de forma original y creativa.<\/p>\n<\/li>\n<li class=\"\" data-start=\"849\" data-end=\"929\">\n<p class=\"\" data-start=\"851\" data-end=\"929\"><strong data-start=\"851\" data-end=\"878\">Itinerarios formativos:<\/strong> organizados por franjas de edad, de 5 a 17 a\u00f1os.<\/p>\n<\/li>\n<li class=\"\" data-start=\"930\" data-end=\"996\">\n<p class=\"\" data-start=\"932\" data-end=\"996\"><strong data-start=\"932\" data-end=\"956\">Descuento adicional:<\/strong> por pronto pago <strong>antes del 12 de mayo<\/strong>.<\/p>\n<\/li>\n<li class=\"\" data-start=\"997\" data-end=\"1034\">\n<p class=\"\" data-start=\"999\" data-end=\"1034\"><strong data-start=\"999\" data-end=\"1034\">Becas y descuentos disponibles.<\/strong><\/p>\n<\/li>\n<\/ul>\n<div class=\"js--player\" data-plyr-provider=\"youtube\" data-plyr-embed-id=\"S4x46LJZTEs\" data-origin=\"S4x46LJZTEs\"><\/div>\n<h3 class=\"p1\"><span class=\"s1\"><b>Informaci\u00f3n adicional<\/b><\/span><\/h3>\n<p class=\"p1\">\u00bfQuieres inscribir a tus hijos en el <a href=\"https:\/\/ecam.es\/campamento-urbano\/\"><span class=\"s1\"><b>Campamento Urbano de Cine de la ECAM<\/b><\/span><\/a>? Puedes encontrar m\u00e1s informaci\u00f3n acerca de los itinerarios, fechas, becas y descuentos en su p\u00e1gina web. Tambi\u00e9n puedes escribir un correo a la direcci\u00f3n a <a href=\"mailto:campamento@ecam.es\" target=\"_blank\" rel=\"noopener\"><span class=\"s1\"><b>campamento@ecam.es<\/b><\/span><\/a><b>. <\/b>\u00bfA qu\u00e9 esperas para que saquen al cineasta que llevan dentro? \u00a1Inscr\u00edbete <a href=\"https:\/\/ecam.es\/admision-campamento-urbano\/\" target=\"_blank\" rel=\"noopener\"><span class=\"s1\"><b>aqu\u00ed<\/b><\/span><\/a>!<\/p>\n<p>&nbsp;<\/p>\n<p><span style=\"color: #ff6600;\"><strong>\u00bfQuieres ser siempre el primero en enterarte de todos los planes que hay en tu ciudad?<\/strong><\/span><\/p>\n<p><span style=\"color: #ff6600;\"><a class=\"button button--large button--iconposition-left button--icon-newsletter\" style=\"color: #ff6600;\" href=\"https:\/\/guiadelocio.es\/madrid\/suscribete-aqui-a-nuestra-newsletter\/\" target=\"_blank\" rel=\"noopener\"><span>Inscr\u00edbete AQU\u00cd a nuestra newsletter<\/span><\/a><\/span><\/p>\n<p>&nbsp;<\/p>\n","protected":false},"excerpt":{"rendered":"<p>\u00bfTe imaginas pasar el verano entre c\u00e1maras, guiones, claquetas y mucha, much\u00edsima creatividad? La ECAM, Escuela de Cinematograf\u00eda y del Audiovisual de la Comunidad de Madrid, vuelve a ofrecer un a\u00f1o m\u00e1s su Campamento Urbano de Cine, que tendr\u00e1 lugar del 23 de junio al 25 de julio. \u00a1Saca al cineasta que llevas dentro! La [&hellip;]<\/p>\n","protected":false},"author":8,"featured_media":40195,"comment_status":"closed","ping_status":"closed","sticky":false,"template":"","format":"standard","meta":{"_acf_changed":false,"footnotes":""},"categories":[1],"tags":[],"category_plan":[177],"filter_trans":[],"filter_main":[],"filter_sec":[],"barrios":[353],"class_list":["post-40194","post","type-post","status-publish","format-standard","has-post-thumbnail","hentry","category-sin-categorizar","barrios-pozuelo-de-alarcon"],"acf":[],"yoast_head":"<!-- This site is optimized with the Yoast SEO plugin v26.0 - https:\/\/yoast.com\/wordpress\/plugins\/seo\/ -->\n<title>\u00a1Este verano\u2026 se rueda en la ECAM! | Madrid<\/title>\n<meta name=\"description\" content=\"Campamento de cine ECAM para j\u00f3venes de 5 a 17 a\u00f1os: creatividad, rodajes y diversi\u00f3n del 23 de junio al 25 de julio. \u00a1Inscr\u00edbete!\" \/>\n<meta name=\"robots\" content=\"index, follow, max-snippet:-1, max-image-preview:large, max-video-preview:-1\" \/>\n<link rel=\"canonical\" href=\"https:\/\/guiadelocio.es\/madrid\/este-verano-se-rueda-en-la-ecam\/\" \/>\n<meta property=\"og:locale\" content=\"es_ES\" \/>\n<meta property=\"og:type\" content=\"article\" \/>\n<meta property=\"og:title\" content=\"\u00a1Este verano\u2026 se rueda en la ECAM! | Madrid\" \/>\n<meta property=\"og:description\" content=\"Campamento de cine ECAM para j\u00f3venes de 5 a 17 a\u00f1os: creatividad, rodajes y diversi\u00f3n del 23 de junio al 25 de julio. \u00a1Inscr\u00edbete!\" \/>\n<meta property=\"og:url\" content=\"https:\/\/guiadelocio.es\/madrid\/este-verano-se-rueda-en-la-ecam\/\" \/>\n<meta property=\"og:site_name\" content=\"Madrid\" \/>\n<meta property=\"article:published_time\" content=\"2025-05-09T08:47:45+00:00\" \/>\n<meta property=\"article:modified_time\" content=\"2025-05-13T09:05:44+00:00\" \/>\n<meta property=\"og:image\" content=\"https:\/\/guiadelocio.es\/madrid\/wp-content\/uploads\/sites\/2\/2025\/05\/Guia-del-Ocio-Portada-reportaje.jpg\" \/>\n\t<meta property=\"og:image:width\" content=\"2048\" \/>\n\t<meta property=\"og:image:height\" content=\"788\" \/>\n\t<meta property=\"og:image:type\" content=\"image\/jpeg\" \/>\n<meta name=\"author\" content=\"Gu\u00eda del Ocio\" \/>\n<meta name=\"twitter:card\" content=\"summary_large_image\" \/>\n<meta name=\"twitter:label1\" content=\"Escrito por\" \/>\n\t<meta name=\"twitter:data1\" content=\"Gu\u00eda del Ocio\" \/>\n\t<meta name=\"twitter:label2\" content=\"Tiempo de lectura\" \/>\n\t<meta name=\"twitter:data2\" content=\"3 minutos\" \/>\n<script type=\"application\/ld+json\" class=\"yoast-schema-graph\">{\"@context\":\"https:\/\/schema.org\",\"@graph\":[{\"@type\":\"WebPage\",\"@id\":\"https:\/\/guiadelocio.es\/madrid\/este-verano-se-rueda-en-la-ecam\/\",\"url\":\"https:\/\/guiadelocio.es\/madrid\/este-verano-se-rueda-en-la-ecam\/\",\"name\":\"\u00a1Este verano\u2026 se rueda en la ECAM! | Madrid\",\"isPartOf\":{\"@id\":\"https:\/\/guiadelocio.es\/madrid\/#website\"},\"primaryImageOfPage\":{\"@id\":\"https:\/\/guiadelocio.es\/madrid\/este-verano-se-rueda-en-la-ecam\/#primaryimage\"},\"image\":{\"@id\":\"https:\/\/guiadelocio.es\/madrid\/este-verano-se-rueda-en-la-ecam\/#primaryimage\"},\"thumbnailUrl\":\"https:\/\/guiadelocio.es\/madrid\/wp-content\/uploads\/sites\/2\/2025\/05\/Guia-del-Ocio-Portada-reportaje.jpg\",\"datePublished\":\"2025-05-09T08:47:45+00:00\",\"dateModified\":\"2025-05-13T09:05:44+00:00\",\"author\":{\"@id\":\"https:\/\/guiadelocio.es\/madrid\/#\/schema\/person\/dedd385c3a1875e2dfb8ee808e4fca89\"},\"description\":\"Campamento de cine ECAM para j\u00f3venes de 5 a 17 a\u00f1os: creatividad, rodajes y diversi\u00f3n del 23 de junio al 25 de julio. \u00a1Inscr\u00edbete!\",\"breadcrumb\":{\"@id\":\"https:\/\/guiadelocio.es\/madrid\/este-verano-se-rueda-en-la-ecam\/#breadcrumb\"},\"inLanguage\":\"es\",\"potentialAction\":[{\"@type\":\"ReadAction\",\"target\":[\"https:\/\/guiadelocio.es\/madrid\/este-verano-se-rueda-en-la-ecam\/\"]}]},{\"@type\":\"ImageObject\",\"inLanguage\":\"es\",\"@id\":\"https:\/\/guiadelocio.es\/madrid\/este-verano-se-rueda-en-la-ecam\/#primaryimage\",\"url\":\"https:\/\/guiadelocio.es\/madrid\/wp-content\/uploads\/sites\/2\/2025\/05\/Guia-del-Ocio-Portada-reportaje.jpg\",\"contentUrl\":\"https:\/\/guiadelocio.es\/madrid\/wp-content\/uploads\/sites\/2\/2025\/05\/Guia-del-Ocio-Portada-reportaje.jpg\",\"width\":2048,\"height\":788},{\"@type\":\"BreadcrumbList\",\"@id\":\"https:\/\/guiadelocio.es\/madrid\/este-verano-se-rueda-en-la-ecam\/#breadcrumb\",\"itemListElement\":[{\"@type\":\"ListItem\",\"position\":1,\"name\":\"Portada\",\"item\":\"https:\/\/guiadelocio.es\/madrid\/\"},{\"@type\":\"ListItem\",\"position\":2,\"name\":\"\u00a1Este verano\u2026 se rueda en la ECAM!\"}]},{\"@type\":\"WebSite\",\"@id\":\"https:\/\/guiadelocio.es\/madrid\/#website\",\"url\":\"https:\/\/guiadelocio.es\/madrid\/\",\"name\":\"Madrid | Gu\u00eda del Ocio\",\"description\":\"Qu\u00e9 hacer, d\u00f3nde comer, qu\u00e9 visitar y los lugares que no te puedes perder\",\"potentialAction\":[{\"@type\":\"SearchAction\",\"target\":{\"@type\":\"EntryPoint\",\"urlTemplate\":\"https:\/\/guiadelocio.es\/madrid\/?s={search_term_string}\"},\"query-input\":{\"@type\":\"PropertyValueSpecification\",\"valueRequired\":true,\"valueName\":\"search_term_string\"}}],\"inLanguage\":\"es\"},{\"@type\":\"Person\",\"@id\":\"https:\/\/guiadelocio.es\/madrid\/#\/schema\/person\/dedd385c3a1875e2dfb8ee808e4fca89\",\"name\":\"Gu\u00eda del Ocio\",\"image\":{\"@type\":\"ImageObject\",\"inLanguage\":\"es\",\"@id\":\"https:\/\/guiadelocio.es\/madrid\/#\/schema\/person\/image\/\",\"url\":\"https:\/\/secure.gravatar.com\/avatar\/27d9eb58286cefc2042fb32a3db3a679c555c2a21aa6719fa7916d63185b9fe9?s=96&d=mm&r=g\",\"contentUrl\":\"https:\/\/secure.gravatar.com\/avatar\/27d9eb58286cefc2042fb32a3db3a679c555c2a21aa6719fa7916d63185b9fe9?s=96&d=mm&r=g\",\"caption\":\"Gu\u00eda del Ocio\"}}]}<\/script>\n<!-- \/ Yoast SEO plugin. -->","yoast_head_json":{"title":"\u00a1Este verano\u2026 se rueda en la ECAM! | Madrid","description":"Campamento de cine ECAM para j\u00f3venes de 5 a 17 a\u00f1os: creatividad, rodajes y diversi\u00f3n del 23 de junio al 25 de julio. \u00a1Inscr\u00edbete!","robots":{"index":"index","follow":"follow","max-snippet":"max-snippet:-1","max-image-preview":"max-image-preview:large","max-video-preview":"max-video-preview:-1"},"canonical":"https:\/\/guiadelocio.es\/madrid\/este-verano-se-rueda-en-la-ecam\/","og_locale":"es_ES","og_type":"article","og_title":"\u00a1Este verano\u2026 se rueda en la ECAM! | Madrid","og_description":"Campamento de cine ECAM para j\u00f3venes de 5 a 17 a\u00f1os: creatividad, rodajes y diversi\u00f3n del 23 de junio al 25 de julio. \u00a1Inscr\u00edbete!","og_url":"https:\/\/guiadelocio.es\/madrid\/este-verano-se-rueda-en-la-ecam\/","og_site_name":"Madrid","article_published_time":"2025-05-09T08:47:45+00:00","article_modified_time":"2025-05-13T09:05:44+00:00","og_image":[{"width":2048,"height":788,"url":"https:\/\/guiadelocio.es\/madrid\/wp-content\/uploads\/sites\/2\/2025\/05\/Guia-del-Ocio-Portada-reportaje.jpg","type":"image\/jpeg"}],"author":"Gu\u00eda del Ocio","twitter_card":"summary_large_image","twitter_misc":{"Escrito por":"Gu\u00eda del Ocio","Tiempo de lectura":"3 minutos"},"schema":{"@context":"https:\/\/schema.org","@graph":[{"@type":"WebPage","@id":"https:\/\/guiadelocio.es\/madrid\/este-verano-se-rueda-en-la-ecam\/","url":"https:\/\/guiadelocio.es\/madrid\/este-verano-se-rueda-en-la-ecam\/","name":"\u00a1Este verano\u2026 se rueda en la ECAM! | Madrid","isPartOf":{"@id":"https:\/\/guiadelocio.es\/madrid\/#website"},"primaryImageOfPage":{"@id":"https:\/\/guiadelocio.es\/madrid\/este-verano-se-rueda-en-la-ecam\/#primaryimage"},"image":{"@id":"https:\/\/guiadelocio.es\/madrid\/este-verano-se-rueda-en-la-ecam\/#primaryimage"},"thumbnailUrl":"https:\/\/guiadelocio.es\/madrid\/wp-content\/uploads\/sites\/2\/2025\/05\/Guia-del-Ocio-Portada-reportaje.jpg","datePublished":"2025-05-09T08:47:45+00:00","dateModified":"2025-05-13T09:05:44+00:00","author":{"@id":"https:\/\/guiadelocio.es\/madrid\/#\/schema\/person\/dedd385c3a1875e2dfb8ee808e4fca89"},"description":"Campamento de cine ECAM para j\u00f3venes de 5 a 17 a\u00f1os: creatividad, rodajes y diversi\u00f3n del 23 de junio al 25 de julio. \u00a1Inscr\u00edbete!","breadcrumb":{"@id":"https:\/\/guiadelocio.es\/madrid\/este-verano-se-rueda-en-la-ecam\/#breadcrumb"},"inLanguage":"es","potentialAction":[{"@type":"ReadAction","target":["https:\/\/guiadelocio.es\/madrid\/este-verano-se-rueda-en-la-ecam\/"]}]},{"@type":"ImageObject","inLanguage":"es","@id":"https:\/\/guiadelocio.es\/madrid\/este-verano-se-rueda-en-la-ecam\/#primaryimage","url":"https:\/\/guiadelocio.es\/madrid\/wp-content\/uploads\/sites\/2\/2025\/05\/Guia-del-Ocio-Portada-reportaje.jpg","contentUrl":"https:\/\/guiadelocio.es\/madrid\/wp-content\/uploads\/sites\/2\/2025\/05\/Guia-del-Ocio-Portada-reportaje.jpg","width":2048,"height":788},{"@type":"BreadcrumbList","@id":"https:\/\/guiadelocio.es\/madrid\/este-verano-se-rueda-en-la-ecam\/#breadcrumb","itemListElement":[{"@type":"ListItem","position":1,"name":"Portada","item":"https:\/\/guiadelocio.es\/madrid\/"},{"@type":"ListItem","position":2,"name":"\u00a1Este verano\u2026 se rueda en la ECAM!"}]},{"@type":"WebSite","@id":"https:\/\/guiadelocio.es\/madrid\/#website","url":"https:\/\/guiadelocio.es\/madrid\/","name":"Madrid | Gu\u00eda del Ocio","description":"Qu\u00e9 hacer, d\u00f3nde comer, qu\u00e9 visitar y los lugares que no te puedes perder","potentialAction":[{"@type":"SearchAction","target":{"@type":"EntryPoint","urlTemplate":"https:\/\/guiadelocio.es\/madrid\/?s={search_term_string}"},"query-input":{"@type":"PropertyValueSpecification","valueRequired":true,"valueName":"search_term_string"}}],"inLanguage":"es"},{"@type":"Person","@id":"https:\/\/guiadelocio.es\/madrid\/#\/schema\/person\/dedd385c3a1875e2dfb8ee808e4fca89","name":"Gu\u00eda del Ocio","image":{"@type":"ImageObject","inLanguage":"es","@id":"https:\/\/guiadelocio.es\/madrid\/#\/schema\/person\/image\/","url":"https:\/\/secure.gravatar.com\/avatar\/27d9eb58286cefc2042fb32a3db3a679c555c2a21aa6719fa7916d63185b9fe9?s=96&d=mm&r=g","contentUrl":"https:\/\/secure.gravatar.com\/avatar\/27d9eb58286cefc2042fb32a3db3a679c555c2a21aa6719fa7916d63185b9fe9?s=96&d=mm&r=g","caption":"Gu\u00eda del Ocio"}}]}},"_links":{"self":[{"href":"https:\/\/guiadelocio.es\/madrid\/wp-json\/wp\/v2\/posts\/40194","targetHints":{"allow":["GET"]}}],"collection":[{"href":"https:\/\/guiadelocio.es\/madrid\/wp-json\/wp\/v2\/posts"}],"about":[{"href":"https:\/\/guiadelocio.es\/madrid\/wp-json\/wp\/v2\/types\/post"}],"author":[{"embeddable":true,"href":"https:\/\/guiadelocio.es\/madrid\/wp-json\/wp\/v2\/users\/8"}],"replies":[{"embeddable":true,"href":"https:\/\/guiadelocio.es\/madrid\/wp-json\/wp\/v2\/comments?post=40194"}],"version-history":[{"count":0,"href":"https:\/\/guiadelocio.es\/madrid\/wp-json\/wp\/v2\/posts\/40194\/revisions"}],"wp:featuredmedia":[{"embeddable":true,"href":"https:\/\/guiadelocio.es\/madrid\/wp-json\/wp\/v2\/media\/40195"}],"wp:attachment":[{"href":"https:\/\/guiadelocio.es\/madrid\/wp-json\/wp\/v2\/media?parent=40194"}],"wp:term":[{"taxonomy":"category","embeddable":true,"href":"https:\/\/guiadelocio.es\/madrid\/wp-json\/wp\/v2\/categories?post=40194"},{"taxonomy":"post_tag","embeddable":true,"href":"https:\/\/guiadelocio.es\/madrid\/wp-json\/wp\/v2\/tags?post=40194"},{"taxonomy":"category_plan","embeddable":true,"href":"https:\/\/guiadelocio.es\/madrid\/wp-json\/wp\/v2\/category_plan?post=40194"},{"taxonomy":"filter_trans","embeddable":true,"href":"https:\/\/guiadelocio.es\/madrid\/wp-json\/wp\/v2\/filter_trans?post=40194"},{"taxonomy":"filter_main","embeddable":true,"href":"https:\/\/guiadelocio.es\/madrid\/wp-json\/wp\/v2\/filter_main?post=40194"},{"taxonomy":"filter_sec","embeddable":true,"href":"https:\/\/guiadelocio.es\/madrid\/wp-json\/wp\/v2\/filter_sec?post=40194"},{"taxonomy":"barrios","embeddable":true,"href":"https:\/\/guiadelocio.es\/madrid\/wp-json\/wp\/v2\/barrios?post=40194"}],"curies":[{"name":"wp","href":"https:\/\/api.w.org\/{rel}","templated":true}]}}