{"id":40012,"date":"2025-05-08T21:40:50","date_gmt":"2025-05-08T19:40:50","guid":{"rendered":"https:\/\/guiadelocio.es\/madrid\/?p=40012"},"modified":"2025-05-08T21:41:52","modified_gmt":"2025-05-08T19:41:52","slug":"10-planes-para-el-fin-de-semana-en-madrid-53","status":"publish","type":"post","link":"https:\/\/guiadelocio.es\/madrid\/10-planes-para-el-fin-de-semana-en-madrid-53\/","title":{"rendered":"10 planes para el fin de semana en Madrid"},"content":{"rendered":"<p>Bienvenidos una vez m\u00e1s a nuestro reportaje especial semanal, aqu\u00ed podr\u00e1s encontrar los mejores planes para el fin de semana. Del 9 al 11 de mayo vamos a disfrutar de la mayor variedad cultural, gastron\u00f3mica y nos adelantamos a las fiestas de San Isidro para que no te pierdas nada.<\/p>\n<p>&nbsp;<\/p>\n<h2 class=\"section-single__title\">Preg\u00f3n y pasacalles de Gigantes y Cabezudos<\/h2>\n<p>Las\u00a0Fiestas de San Isidro\u00a02025 en Madrid comienzan con una de las tradiciones m\u00e1s emblem\u00e1ticas y queridas por vecinos y visitantes: el\u00a0<a href=\"https:\/\/guiadelocio.es\/madrid\/plan\/pregon-y-pasacalles-de-gigantes-y-cabezudos\/\" target=\"_blank\" rel=\"noopener\"><span>Preg\u00f3n oficial\u00a0y el\u00a0Pasacalles de Gigantes y Cabezudos<\/span><\/a>, que tendr\u00e1n lugar el\u00a0jueves 8 de mayo a las 18:30 h\u00a0en la\u00a0Plaza de la Villa, frente a la hist\u00f3rica\u00a0Casa de la Villa, sede del antiguo ayuntamiento.<\/p>\n<p><a href=\"https:\/\/guiadelocio.es\/madrid\/plan\/pregon-y-pasacalles-de-gigantes-y-cabezudos\/\" target=\"_blank\" rel=\"noopener\"><img decoding=\"async\" class=\" wp-image-40013 aligncenter\" src=\"https:\/\/guiadelocio.es\/madrid\/wp-content\/uploads\/sites\/2\/2025\/05\/813809d474c07216ff6380c9be7196ce4e44ed05-1-300x195.jpeg\" alt=\"\" width=\"498\" height=\"324\" srcset=\"https:\/\/guiadelocio.es\/madrid\/wp-content\/uploads\/sites\/2\/2025\/05\/813809d474c07216ff6380c9be7196ce4e44ed05-1-300x195.jpeg 300w, https:\/\/guiadelocio.es\/madrid\/wp-content\/uploads\/sites\/2\/2025\/05\/813809d474c07216ff6380c9be7196ce4e44ed05-1-640x415.jpeg 640w, https:\/\/guiadelocio.es\/madrid\/wp-content\/uploads\/sites\/2\/2025\/05\/813809d474c07216ff6380c9be7196ce4e44ed05-1-266x173.jpeg 266w, https:\/\/guiadelocio.es\/madrid\/wp-content\/uploads\/sites\/2\/2025\/05\/813809d474c07216ff6380c9be7196ce4e44ed05-1.jpeg 740w\" sizes=\"(max-width: 498px) 100vw, 498px\" \/><\/a><\/p>\n<p>&nbsp;<\/p>\n<h2 class=\"section-single__title\">Madrid Popular y Castizo en las Fiestas de San Isidro 2025<\/h2>\n<p>Las\u00a0Fiestas de San Isidro\u00a0regresan con toda su esencia en este mes de mayo, y con ellas, el <a href=\"https:\/\/guiadelocio.es\/madrid\/plan\/madrid-popular-y-castizo-en-las-fiestas-de-san-isidro-2025\/\" target=\"_blank\" rel=\"noopener\"><span>programa\u00a0Madrid Popular y Castizo<\/span><\/a>\u00a0se convierte en el coraz\u00f3n m\u00e1s tradicional de la celebraci\u00f3n.\u00a0Del 9 al 15 de mayo, los escenarios emblem\u00e1ticos como el\u00a0Parque de San Isidro, la Plaza Mayor y los Jardines de Las Vistillas\u00a0acoger\u00e1n una agenda que rinde homenaje al\u00a0folclore madrile\u00f1o. Zarzuelas, chotis, pasacalles, concursos y bailes castizos\u00a0se suceder\u00e1n para preservar y compartir el alma cultural de la capital.<\/p>\n<p><a href=\"https:\/\/guiadelocio.es\/madrid\/plan\/madrid-popular-y-castizo-en-las-fiestas-de-san-isidro-2025\/\" target=\"_blank\" rel=\"noopener\"><img decoding=\"async\" class=\" wp-image-40015 aligncenter\" src=\"https:\/\/guiadelocio.es\/madrid\/wp-content\/uploads\/sites\/2\/2025\/05\/510x340-51ea94dac9de5f327e33eba69de64c696c82ebd5-300x194.jpeg\" alt=\"\" width=\"499\" height=\"323\" srcset=\"https:\/\/guiadelocio.es\/madrid\/wp-content\/uploads\/sites\/2\/2025\/05\/510x340-51ea94dac9de5f327e33eba69de64c696c82ebd5-300x194.jpeg 300w, https:\/\/guiadelocio.es\/madrid\/wp-content\/uploads\/sites\/2\/2025\/05\/510x340-51ea94dac9de5f327e33eba69de64c696c82ebd5-266x172.jpeg 266w, https:\/\/guiadelocio.es\/madrid\/wp-content\/uploads\/sites\/2\/2025\/05\/510x340-51ea94dac9de5f327e33eba69de64c696c82ebd5.jpeg 510w\" sizes=\"(max-width: 499px) 100vw, 499px\" \/><\/a><\/p>\n<p>&nbsp;<\/p>\n<h2 class=\"section-single__title\">Los conciertos de San Isidro 2025: gu\u00eda completa por escenarios y fechas<\/h2>\n<p><strong>Las Fiestas de San Isidro<\/strong> 2025 vuelven a llenar Madrid de <a href=\"https:\/\/guiadelocio.es\/madrid\/plan\/los-conciertos-de-san-isidro-2025-guia-completa-por-escenarios-y-fechas\/\" target=\"_blank\" rel=\"noopener\"><span>m\u00fasica en directo<\/span><\/a> con una programaci\u00f3n extensa que abarca m\u00faltiples estilos, p\u00fablicos y enclaves. Este a\u00f1o, los escenarios principales distribuidos entre el Parque de San Isidro, Plaza Mayor, Jardines de Las Vistillas y Matadero Madrid acoger\u00e1n desde conciertos de pop y rock hasta verbenas y sesiones DJ.<\/p>\n<p><a href=\"https:\/\/guiadelocio.es\/madrid\/plan\/los-conciertos-de-san-isidro-2025-guia-completa-por-escenarios-y-fechas\/\" target=\"_blank\" rel=\"noopener\"><img decoding=\"async\" class=\" wp-image-40017 aligncenter\" src=\"https:\/\/guiadelocio.es\/madrid\/wp-content\/uploads\/sites\/2\/2025\/05\/17d8dfbfaa8f5efc8cf3db4fe2595301b2672089-300x195.jpeg\" alt=\"\" width=\"500\" height=\"325\" srcset=\"https:\/\/guiadelocio.es\/madrid\/wp-content\/uploads\/sites\/2\/2025\/05\/17d8dfbfaa8f5efc8cf3db4fe2595301b2672089-300x195.jpeg 300w, https:\/\/guiadelocio.es\/madrid\/wp-content\/uploads\/sites\/2\/2025\/05\/17d8dfbfaa8f5efc8cf3db4fe2595301b2672089-640x415.jpeg 640w, https:\/\/guiadelocio.es\/madrid\/wp-content\/uploads\/sites\/2\/2025\/05\/17d8dfbfaa8f5efc8cf3db4fe2595301b2672089-266x173.jpeg 266w, https:\/\/guiadelocio.es\/madrid\/wp-content\/uploads\/sites\/2\/2025\/05\/17d8dfbfaa8f5efc8cf3db4fe2595301b2672089.jpeg 740w\" sizes=\"(max-width: 500px) 100vw, 500px\" \/><\/a><\/p>\n<p>&nbsp;<\/p>\n<h2 class=\"section-single__title\">Actividades y conciertos infantiles en San Isidro 2025: diversi\u00f3n para toda la familia<\/h2>\n<p>Las\u00a0<strong>Fiestas de San Isidro 2025<\/strong>\u00a0ofrecen una programaci\u00f3n diversa pensada para el<strong>\u00a0<a href=\"https:\/\/guiadelocio.es\/madrid\/plan\/actividades-y-conciertos-infantiles-en-san-isidro-2025-diversion-para-toda-la-familia\/\" target=\"_blank\" rel=\"noopener\"><span>p\u00fablico infanti<\/span><\/a><\/strong>l. Conciertos, cuentacuentos, circo, juegos y teatro llenar\u00e1n de vida el Parque de San Isidro, convirti\u00e9ndolo en el epicentro de la diversi\u00f3n familiar. Todas las actividades son gratuitas, al aire libre y adaptadas a personas con movilidad reducida.<\/p>\n<p><a href=\"https:\/\/guiadelocio.es\/madrid\/plan\/actividades-y-conciertos-infantiles-en-san-isidro-2025-diversion-para-toda-la-familia\/\" target=\"_blank\" rel=\"noopener\"><img decoding=\"async\" class=\" wp-image-40019 aligncenter\" src=\"https:\/\/guiadelocio.es\/madrid\/wp-content\/uploads\/sites\/2\/2025\/05\/510x340-68b919b9f64f1a13b590001363bd015d4f8b7d72-300x194.jpeg\" alt=\"\" width=\"501\" height=\"324\" srcset=\"https:\/\/guiadelocio.es\/madrid\/wp-content\/uploads\/sites\/2\/2025\/05\/510x340-68b919b9f64f1a13b590001363bd015d4f8b7d72-300x194.jpeg 300w, https:\/\/guiadelocio.es\/madrid\/wp-content\/uploads\/sites\/2\/2025\/05\/510x340-68b919b9f64f1a13b590001363bd015d4f8b7d72-266x172.jpeg 266w, https:\/\/guiadelocio.es\/madrid\/wp-content\/uploads\/sites\/2\/2025\/05\/510x340-68b919b9f64f1a13b590001363bd015d4f8b7d72.jpeg 510w\" sizes=\"(max-width: 501px) 100vw, 501px\" \/><\/a><\/p>\n<p>&nbsp;<\/p>\n<h2 class=\"section-single__title\">Madrid en Danza 2025: cuatro d\u00e9cadas de vanguardias, tradici\u00f3n y movimiento<\/h2>\n<p>la Comunidad de Madrid celebra la\u00a0<a href=\"https:\/\/guiadelocio.es\/madrid\/plan\/madrid-en-danza-2025-cuatro-decadas-de-vanguardias-tradicion-y-movimiento\/\" target=\"_blank\" rel=\"noopener\"><strong data-start=\"156\" data-end=\"200\">40\u00aa edici\u00f3n del Festival Madrid en Danza<\/strong><\/a>, una de las citas m\u00e1s consolidadas y relevantes del panorama coreogr\u00e1fico europeo. Bajo la direcci\u00f3n art\u00edstica de la reconocida core\u00f3grafa y cineasta\u00a0Blanca Li, esta edici\u00f3n conmemorativa convierte a Madrid en epicentro de las artes del movimiento.<\/p>\n<p><a href=\"https:\/\/guiadelocio.es\/madrid\/plan\/madrid-en-danza-2025-cuatro-decadas-de-vanguardias-tradicion-y-movimiento\/\" target=\"_blank\" rel=\"noopener\"><img decoding=\"async\" class=\" wp-image-40021 aligncenter\" src=\"https:\/\/guiadelocio.es\/madrid\/wp-content\/uploads\/sites\/2\/2025\/05\/Cartel_MED-16.9-1636x920-1-300x169.jpg\" alt=\"\" width=\"499\" height=\"281\" srcset=\"https:\/\/guiadelocio.es\/madrid\/wp-content\/uploads\/sites\/2\/2025\/05\/Cartel_MED-16.9-1636x920-1-300x169.jpg 300w, https:\/\/guiadelocio.es\/madrid\/wp-content\/uploads\/sites\/2\/2025\/05\/Cartel_MED-16.9-1636x920-1-1024x576.jpg 1024w, https:\/\/guiadelocio.es\/madrid\/wp-content\/uploads\/sites\/2\/2025\/05\/Cartel_MED-16.9-1636x920-1-768x432.jpg 768w, https:\/\/guiadelocio.es\/madrid\/wp-content\/uploads\/sites\/2\/2025\/05\/Cartel_MED-16.9-1636x920-1-1536x864.jpg 1536w, https:\/\/guiadelocio.es\/madrid\/wp-content\/uploads\/sites\/2\/2025\/05\/Cartel_MED-16.9-1636x920-1-640x360.jpg 640w, https:\/\/guiadelocio.es\/madrid\/wp-content\/uploads\/sites\/2\/2025\/05\/Cartel_MED-16.9-1636x920-1-266x150.jpg 266w, https:\/\/guiadelocio.es\/madrid\/wp-content\/uploads\/sites\/2\/2025\/05\/Cartel_MED-16.9-1636x920-1.jpg 1636w\" sizes=\"(max-width: 499px) 100vw, 499px\" \/><\/a><\/p>\n<p>&nbsp;<\/p>\n<h2 class=\"section-single__title\">Mal Pelo: \u00abWE, Nosotros y los tiempos\u00bb \u2014 Danza, identidad y comunidad en el Centro Danza Matadero<\/h2>\n<p>La Nave 11 del Centro Danza Matadero\u00a0en Madrid acoge\u00a0<a href=\"https:\/\/guiadelocio.es\/madrid\/plan\/mal-pelo-we-nosotros-y-los-tiempos-danza-identidad-y-comunidad-en-el-centro-danza-matadero\/\" target=\"_blank\" rel=\"noopener\"><em data-start=\"185\" data-end=\"213\">WE, Nosotros y los tiempos<\/em><\/a>, la m\u00e1s reciente propuesta esc\u00e9nica de la compa\u00f1\u00eda\u00a0Mal Pelo. Esta obra es una performance multidisciplinar que articula danza, movimiento y literatura en un lenguaje po\u00e9tico y corporal con el que se abordan cuestiones sobre la identidad, la pertenencia y la colectividad.<\/p>\n<p><a href=\"https:\/\/guiadelocio.es\/madrid\/plan\/mal-pelo-we-nosotros-y-los-tiempos-danza-identidad-y-comunidad-en-el-centro-danza-matadero\/\" target=\"_blank\" rel=\"noopener\"><img decoding=\"async\" class=\" wp-image-40023 aligncenter\" src=\"https:\/\/guiadelocio.es\/madrid\/wp-content\/uploads\/sites\/2\/2025\/05\/WE-MALPELO-fotocara.png-1-300x169.webp\" alt=\"\" width=\"499\" height=\"281\" srcset=\"https:\/\/guiadelocio.es\/madrid\/wp-content\/uploads\/sites\/2\/2025\/05\/WE-MALPELO-fotocara.png-1-300x169.webp 300w, https:\/\/guiadelocio.es\/madrid\/wp-content\/uploads\/sites\/2\/2025\/05\/WE-MALPELO-fotocara.png-1-266x150.webp 266w, https:\/\/guiadelocio.es\/madrid\/wp-content\/uploads\/sites\/2\/2025\/05\/WE-MALPELO-fotocara.png-1.webp 595w\" sizes=\"(max-width: 499px) 100vw, 499px\" \/><\/a><\/p>\n<p>&nbsp;<\/p>\n<h2 class=\"section-single__title\">The Shadow Whose Prey the Hunter Becomes: una obra para repensar la responsabilidad social<\/h2>\n<p>La compa\u00f1\u00eda australiana\u00a0Back to Back Theatre\u00a0presenta su aclamada producci\u00f3n,<a href=\"https:\/\/guiadelocio.es\/madrid\/plan\/the-shadow-whose-prey-the-hunter-becomes-una-obra-para-repensar-la-responsabilidad-social\/\" target=\"_blank\" rel=\"noopener\">\u00a0Shadow Whose Prey the Hunter Becomes<\/a>,\u00a0los d\u00edas 9 y 10 de mayo en el\u00a0<a href=\"https:\/\/guiadelocio.es\/madrid\/plan\/centro-cultural-conde-duque\/\" target=\"_blank\" rel=\"noopener\"><span>Centro Cultural Conde Duque<\/span><\/a>\u00a0(Madrid),\u00a0en una experiencia esc\u00e9nica que pone en el centro los derechos humanos, la diversidad funcional y los retos \u00e9ticos de la inteligencia artificial.<\/p>\n<p><a href=\"https:\/\/guiadelocio.es\/madrid\/plan\/the-shadow-whose-prey-the-hunter-becomes-una-obra-para-repensar-la-responsabilidad-social\/\" target=\"_blank\" rel=\"noopener\"><img decoding=\"async\" class=\" wp-image-40025 aligncenter\" src=\"https:\/\/guiadelocio.es\/madrid\/wp-content\/uploads\/sites\/2\/2025\/05\/Foto-principal.-BACK-2-BACK_1198_lighter-1.jpg-1-300x191.webp\" alt=\"\" width=\"501\" height=\"319\" srcset=\"https:\/\/guiadelocio.es\/madrid\/wp-content\/uploads\/sites\/2\/2025\/05\/Foto-principal.-BACK-2-BACK_1198_lighter-1.jpg-1-300x191.webp 300w, https:\/\/guiadelocio.es\/madrid\/wp-content\/uploads\/sites\/2\/2025\/05\/Foto-principal.-BACK-2-BACK_1198_lighter-1.jpg-1-640x408.webp 640w, https:\/\/guiadelocio.es\/madrid\/wp-content\/uploads\/sites\/2\/2025\/05\/Foto-principal.-BACK-2-BACK_1198_lighter-1.jpg-1-266x170.webp 266w, https:\/\/guiadelocio.es\/madrid\/wp-content\/uploads\/sites\/2\/2025\/05\/Foto-principal.-BACK-2-BACK_1198_lighter-1.jpg-1.webp 768w\" sizes=\"(max-width: 501px) 100vw, 501px\" \/><\/a><\/p>\n<p>&nbsp;<\/p>\n<h2 class=\"section-single__title\">Feria Internacional del Disco de Madrid 2025<\/h2>\n<p>La\u00a0<a href=\"https:\/\/guiadelocio.es\/madrid\/plan\/feria-internacional-del-disco-de-madrid-2025\/\"><span>Feria Internacional del Disco de Madrid<\/span><\/a>\u00a0celebra su 26\u00aa edici\u00f3n los d\u00edas\u00a010 y 11 de mayo de 2025. Este encuentro anual, que re\u00fane a miles de aficionados y profesionales, tendr\u00e1 lugar en el\u00a0Pabell\u00f3n de Convenciones del Recinto Ferial de la Casa de Campo, coincidiendo con las\u00a0Fiestas de San Isidro, una de las celebraciones m\u00e1s emblem\u00e1ticas de la capital.<\/p>\n<p><a href=\"https:\/\/guiadelocio.es\/madrid\/plan\/feria-internacional-del-disco-de-madrid-2025\/\" target=\"_blank\" rel=\"noopener\"><img decoding=\"async\" class=\" wp-image-40028 aligncenter\" src=\"https:\/\/guiadelocio.es\/madrid\/wp-content\/uploads\/sites\/2\/2025\/05\/feria_madrid_2025_mayo-300x152.jpeg\" alt=\"\" width=\"501\" height=\"254\" srcset=\"https:\/\/guiadelocio.es\/madrid\/wp-content\/uploads\/sites\/2\/2025\/05\/feria_madrid_2025_mayo-300x152.jpeg 300w, https:\/\/guiadelocio.es\/madrid\/wp-content\/uploads\/sites\/2\/2025\/05\/feria_madrid_2025_mayo-640x325.jpeg 640w, https:\/\/guiadelocio.es\/madrid\/wp-content\/uploads\/sites\/2\/2025\/05\/feria_madrid_2025_mayo-266x135.jpeg 266w, https:\/\/guiadelocio.es\/madrid\/wp-content\/uploads\/sites\/2\/2025\/05\/feria_madrid_2025_mayo.jpeg 660w\" sizes=\"(max-width: 501px) 100vw, 501px\" \/><\/a><\/p>\n<p>&nbsp;<\/p>\n<h2 class=\"section-single__title\">43\u00aa Feria de la Cacharrer\u00eda: Tradici\u00f3n y arte cer\u00e1mico en el coraz\u00f3n de Madrid<\/h2>\n<p>La <a href=\"https:\/\/guiadelocio.es\/madrid\/plan\/43a-feria-de-la-cacharreria-tradicion-y-arte-ceramico-en-el-corazon-de-madrid\/\" target=\"_blank\" rel=\"noopener\"><span>Feria de la Cacharrer\u00eda<\/span><\/a> celebra en 2025 su 43\u00aa edici\u00f3n como uno de los encuentros m\u00e1s emblem\u00e1ticos de la alfarer\u00eda y la cer\u00e1mica popular en Espa\u00f1a. Este evento, enmarcado dentro del programa oficial de las Fiestas de San Isidro, tendr\u00e1 lugar del\u00a010 al 15 de mayo\u00a0en la\u00a0Plaza de las Comendadoras, ubicada junto al Convento de las Comendadoras de Santiago, en el barrio madrile\u00f1o de Conde Duque.<\/p>\n<p><a href=\"https:\/\/guiadelocio.es\/madrid\/plan\/43a-feria-de-la-cacharreria-tradicion-y-arte-ceramico-en-el-corazon-de-madrid\/\" target=\"_blank\" rel=\"noopener\"><img decoding=\"async\" class=\" wp-image-40030 aligncenter\" src=\"https:\/\/guiadelocio.es\/madrid\/wp-content\/uploads\/sites\/2\/2025\/05\/92cf734fdc5dce0fb470613b5ba4dd160501b9d3-300x195.jpeg\" alt=\"\" width=\"500\" height=\"325\" srcset=\"https:\/\/guiadelocio.es\/madrid\/wp-content\/uploads\/sites\/2\/2025\/05\/92cf734fdc5dce0fb470613b5ba4dd160501b9d3-300x195.jpeg 300w, https:\/\/guiadelocio.es\/madrid\/wp-content\/uploads\/sites\/2\/2025\/05\/92cf734fdc5dce0fb470613b5ba4dd160501b9d3-640x415.jpeg 640w, https:\/\/guiadelocio.es\/madrid\/wp-content\/uploads\/sites\/2\/2025\/05\/92cf734fdc5dce0fb470613b5ba4dd160501b9d3-266x173.jpeg 266w, https:\/\/guiadelocio.es\/madrid\/wp-content\/uploads\/sites\/2\/2025\/05\/92cf734fdc5dce0fb470613b5ba4dd160501b9d3.jpeg 740w\" sizes=\"(max-width: 500px) 100vw, 500px\" \/><\/a><\/p>\n<p>&nbsp;<\/p>\n<h2 class=\"section-single__title\">Exposiciones, experiencias y otras actividades GRATIS en Madrid<\/h2>\n<p>Madrid se transforma cada d\u00eda en un escenario de cultura y ocio, y lo mejor es que muchas de estas experiencias no cuestan nada. En este<a href=\"https:\/\/guiadelocio.es\/madrid\/exposiciones-experiencias-y-otras-actividades-gratis-en-madrid-mayo-2025\/\" target=\"_blank\" rel=\"noopener\"><span> reportaje<\/span><\/a> encontrar\u00e1s informaci\u00f3n sobre actividades gratis en Madrid durante el mes de\u00a0<strong>MAYO<\/strong>, desde gymkanas interactivas y visitas guiadas, hasta exposiciones de arte, actividades para ni\u00f1os, rutas al aire libre y clases de baile. \u00a1Descubre Madrid sin gastar un euro y mantente al d\u00eda con nuestras actualizaciones mensuales!<\/p>\n<p><a href=\"https:\/\/guiadelocio.es\/madrid\/exposiciones-experiencias-y-otras-actividades-gratis-en-madrid-mayo-2025\/\" target=\"_blank\" rel=\"noopener\"><img decoding=\"async\" class=\" wp-image-40032 aligncenter\" src=\"https:\/\/guiadelocio.es\/madrid\/wp-content\/uploads\/sites\/2\/2025\/05\/exposiciones-madrid-fotografia-768x575-1-300x225.webp\" alt=\"\" width=\"500\" height=\"375\" srcset=\"https:\/\/guiadelocio.es\/madrid\/wp-content\/uploads\/sites\/2\/2025\/05\/exposiciones-madrid-fotografia-768x575-1-300x225.webp 300w, https:\/\/guiadelocio.es\/madrid\/wp-content\/uploads\/sites\/2\/2025\/05\/exposiciones-madrid-fotografia-768x575-1-577x432.webp 577w, https:\/\/guiadelocio.es\/madrid\/wp-content\/uploads\/sites\/2\/2025\/05\/exposiciones-madrid-fotografia-768x575-1-266x200.webp 266w, https:\/\/guiadelocio.es\/madrid\/wp-content\/uploads\/sites\/2\/2025\/05\/exposiciones-madrid-fotografia-768x575-1.webp 768w\" sizes=\"(max-width: 500px) 100vw, 500px\" \/><\/a><\/p>\n","protected":false},"excerpt":{"rendered":"<p>Bienvenidos una vez m\u00e1s a nuestro reportaje especial semanal, aqu\u00ed podr\u00e1s encontrar los mejores planes para el fin de semana. Del 9 al 11 de mayo vamos a disfrutar de la mayor variedad cultural, gastron\u00f3mica y nos adelantamos a las fiestas de San Isidro para que no te pierdas nada. &nbsp; Preg\u00f3n y pasacalles de [&hellip;]<\/p>\n","protected":false},"author":5,"featured_media":40035,"comment_status":"closed","ping_status":"closed","sticky":false,"template":"","format":"standard","meta":{"_acf_changed":false,"footnotes":""},"categories":[1],"tags":[],"category_plan":[],"filter_trans":[],"filter_main":[],"filter_sec":[],"barrios":[],"class_list":["post-40012","post","type-post","status-publish","format-standard","has-post-thumbnail","hentry","category-sin-categorizar"],"acf":[],"yoast_head":"<!-- This site is optimized with the Yoast SEO plugin v26.0 - https:\/\/yoast.com\/wordpress\/plugins\/seo\/ -->\n<title>10 planes para el fin de semana en Madrid | Madrid<\/title>\n<meta name=\"description\" content=\"Bienvenidos una vez m\u00e1s a nuestro reportaje especial semanal, aqu\u00ed podr\u00e1s encontrar los mejores planes para el fin de semana. Del 9 al 11 de mayo vamos a disfrutar de la mayor variedad cultural, gastron\u00f3mica y nos adelantamos a las fiestas de San Isidro para que no te pierdas nada.\" \/>\n<meta name=\"robots\" content=\"index, follow, max-snippet:-1, max-image-preview:large, max-video-preview:-1\" \/>\n<link rel=\"canonical\" href=\"https:\/\/guiadelocio.es\/madrid\/10-planes-para-el-fin-de-semana-en-madrid-53\/\" \/>\n<meta property=\"og:locale\" content=\"es_ES\" \/>\n<meta property=\"og:type\" content=\"article\" \/>\n<meta property=\"og:title\" content=\"10 planes para el fin de semana en Madrid | Madrid\" \/>\n<meta property=\"og:description\" content=\"Bienvenidos una vez m\u00e1s a nuestro reportaje especial semanal, aqu\u00ed podr\u00e1s encontrar los mejores planes para el fin de semana. Del 9 al 11 de mayo vamos a disfrutar de la mayor variedad cultural, gastron\u00f3mica y nos adelantamos a las fiestas de San Isidro para que no te pierdas nada.\" \/>\n<meta property=\"og:url\" content=\"https:\/\/guiadelocio.es\/madrid\/10-planes-para-el-fin-de-semana-en-madrid-53\/\" \/>\n<meta property=\"og:site_name\" content=\"Madrid\" \/>\n<meta property=\"article:published_time\" content=\"2025-05-08T19:40:50+00:00\" \/>\n<meta property=\"article:modified_time\" content=\"2025-05-08T19:41:52+00:00\" \/>\n<meta property=\"og:image\" content=\"https:\/\/guiadelocio.es\/madrid\/wp-content\/uploads\/sites\/2\/2025\/05\/iStock-2211128284.jpg\" \/>\n\t<meta property=\"og:image:width\" content=\"1183\" \/>\n\t<meta property=\"og:image:height\" content=\"887\" \/>\n\t<meta property=\"og:image:type\" content=\"image\/jpeg\" \/>\n<meta name=\"author\" content=\"spons\" \/>\n<meta name=\"twitter:card\" content=\"summary_large_image\" \/>\n<meta name=\"twitter:label1\" content=\"Escrito por\" \/>\n\t<meta name=\"twitter:data1\" content=\"spons\" \/>\n\t<meta name=\"twitter:label2\" content=\"Tiempo de lectura\" \/>\n\t<meta name=\"twitter:data2\" content=\"6 minutos\" \/>\n<script type=\"application\/ld+json\" class=\"yoast-schema-graph\">{\"@context\":\"https:\/\/schema.org\",\"@graph\":[{\"@type\":\"WebPage\",\"@id\":\"https:\/\/guiadelocio.es\/madrid\/10-planes-para-el-fin-de-semana-en-madrid-53\/\",\"url\":\"https:\/\/guiadelocio.es\/madrid\/10-planes-para-el-fin-de-semana-en-madrid-53\/\",\"name\":\"10 planes para el fin de semana en Madrid | Madrid\",\"isPartOf\":{\"@id\":\"https:\/\/guiadelocio.es\/madrid\/#website\"},\"primaryImageOfPage\":{\"@id\":\"https:\/\/guiadelocio.es\/madrid\/10-planes-para-el-fin-de-semana-en-madrid-53\/#primaryimage\"},\"image\":{\"@id\":\"https:\/\/guiadelocio.es\/madrid\/10-planes-para-el-fin-de-semana-en-madrid-53\/#primaryimage\"},\"thumbnailUrl\":\"https:\/\/guiadelocio.es\/madrid\/wp-content\/uploads\/sites\/2\/2025\/05\/iStock-2211128284.jpg\",\"datePublished\":\"2025-05-08T19:40:50+00:00\",\"dateModified\":\"2025-05-08T19:41:52+00:00\",\"author\":{\"@id\":\"https:\/\/guiadelocio.es\/madrid\/#\/schema\/person\/8948cef5c81b7b4ad26551a45a2d12d3\"},\"description\":\"Bienvenidos una vez m\u00e1s a nuestro reportaje especial semanal, aqu\u00ed podr\u00e1s encontrar los mejores planes para el fin de semana. Del 9 al 11 de mayo vamos a disfrutar de la mayor variedad cultural, gastron\u00f3mica y nos adelantamos a las fiestas de San Isidro para que no te pierdas nada.\",\"breadcrumb\":{\"@id\":\"https:\/\/guiadelocio.es\/madrid\/10-planes-para-el-fin-de-semana-en-madrid-53\/#breadcrumb\"},\"inLanguage\":\"es\",\"potentialAction\":[{\"@type\":\"ReadAction\",\"target\":[\"https:\/\/guiadelocio.es\/madrid\/10-planes-para-el-fin-de-semana-en-madrid-53\/\"]}]},{\"@type\":\"ImageObject\",\"inLanguage\":\"es\",\"@id\":\"https:\/\/guiadelocio.es\/madrid\/10-planes-para-el-fin-de-semana-en-madrid-53\/#primaryimage\",\"url\":\"https:\/\/guiadelocio.es\/madrid\/wp-content\/uploads\/sites\/2\/2025\/05\/iStock-2211128284.jpg\",\"contentUrl\":\"https:\/\/guiadelocio.es\/madrid\/wp-content\/uploads\/sites\/2\/2025\/05\/iStock-2211128284.jpg\",\"width\":1183,\"height\":887,\"caption\":\"With 125 hectares and over 15,000 trees, El Retiro Park is a green oasis in the heart of Madrid. Some of its gardens deserve special attention: the Vivaces Garden, the Cecilio Rodr\u00edguez Gardens (classical gardens with Andalusian influences), the Architect Herrero Palacios Gardens, the rehabilitated Monta\u00f1a de los Gatos, the Rose Garden (collection of roses), and the French Parterre with the ahuehuete, the oldest tree in Madrid, believed to be around 400 years old. Since July 25, 2021, it has been recognized, along with the Paseo del Prado, as a UNESCO World Heritage Site.\"},{\"@type\":\"BreadcrumbList\",\"@id\":\"https:\/\/guiadelocio.es\/madrid\/10-planes-para-el-fin-de-semana-en-madrid-53\/#breadcrumb\",\"itemListElement\":[{\"@type\":\"ListItem\",\"position\":1,\"name\":\"Portada\",\"item\":\"https:\/\/guiadelocio.es\/madrid\/\"},{\"@type\":\"ListItem\",\"position\":2,\"name\":\"10 planes para el fin de semana en Madrid\"}]},{\"@type\":\"WebSite\",\"@id\":\"https:\/\/guiadelocio.es\/madrid\/#website\",\"url\":\"https:\/\/guiadelocio.es\/madrid\/\",\"name\":\"Madrid | Gu\u00eda del Ocio\",\"description\":\"Qu\u00e9 hacer, d\u00f3nde comer, qu\u00e9 visitar y los lugares que no te puedes perder\",\"potentialAction\":[{\"@type\":\"SearchAction\",\"target\":{\"@type\":\"EntryPoint\",\"urlTemplate\":\"https:\/\/guiadelocio.es\/madrid\/?s={search_term_string}\"},\"query-input\":{\"@type\":\"PropertyValueSpecification\",\"valueRequired\":true,\"valueName\":\"search_term_string\"}}],\"inLanguage\":\"es\"},{\"@type\":\"Person\",\"@id\":\"https:\/\/guiadelocio.es\/madrid\/#\/schema\/person\/8948cef5c81b7b4ad26551a45a2d12d3\",\"name\":\"spons\",\"image\":{\"@type\":\"ImageObject\",\"inLanguage\":\"es\",\"@id\":\"https:\/\/guiadelocio.es\/madrid\/#\/schema\/person\/image\/\",\"url\":\"https:\/\/secure.gravatar.com\/avatar\/c3eb00312c63ba7a2ea61f1fc101d93b66984cbac41bc8a3997f9b64644a08c9?s=96&d=mm&r=g\",\"contentUrl\":\"https:\/\/secure.gravatar.com\/avatar\/c3eb00312c63ba7a2ea61f1fc101d93b66984cbac41bc8a3997f9b64644a08c9?s=96&d=mm&r=g\",\"caption\":\"spons\"}}]}<\/script>\n<!-- \/ Yoast SEO plugin. -->","yoast_head_json":{"title":"10 planes para el fin de semana en Madrid | Madrid","description":"Bienvenidos una vez m\u00e1s a nuestro reportaje especial semanal, aqu\u00ed podr\u00e1s encontrar los mejores planes para el fin de semana. Del 9 al 11 de mayo vamos a disfrutar de la mayor variedad cultural, gastron\u00f3mica y nos adelantamos a las fiestas de San Isidro para que no te pierdas nada.","robots":{"index":"index","follow":"follow","max-snippet":"max-snippet:-1","max-image-preview":"max-image-preview:large","max-video-preview":"max-video-preview:-1"},"canonical":"https:\/\/guiadelocio.es\/madrid\/10-planes-para-el-fin-de-semana-en-madrid-53\/","og_locale":"es_ES","og_type":"article","og_title":"10 planes para el fin de semana en Madrid | Madrid","og_description":"Bienvenidos una vez m\u00e1s a nuestro reportaje especial semanal, aqu\u00ed podr\u00e1s encontrar los mejores planes para el fin de semana. Del 9 al 11 de mayo vamos a disfrutar de la mayor variedad cultural, gastron\u00f3mica y nos adelantamos a las fiestas de San Isidro para que no te pierdas nada.","og_url":"https:\/\/guiadelocio.es\/madrid\/10-planes-para-el-fin-de-semana-en-madrid-53\/","og_site_name":"Madrid","article_published_time":"2025-05-08T19:40:50+00:00","article_modified_time":"2025-05-08T19:41:52+00:00","og_image":[{"width":1183,"height":887,"url":"https:\/\/guiadelocio.es\/madrid\/wp-content\/uploads\/sites\/2\/2025\/05\/iStock-2211128284.jpg","type":"image\/jpeg"}],"author":"spons","twitter_card":"summary_large_image","twitter_misc":{"Escrito por":"spons","Tiempo de lectura":"6 minutos"},"schema":{"@context":"https:\/\/schema.org","@graph":[{"@type":"WebPage","@id":"https:\/\/guiadelocio.es\/madrid\/10-planes-para-el-fin-de-semana-en-madrid-53\/","url":"https:\/\/guiadelocio.es\/madrid\/10-planes-para-el-fin-de-semana-en-madrid-53\/","name":"10 planes para el fin de semana en Madrid | Madrid","isPartOf":{"@id":"https:\/\/guiadelocio.es\/madrid\/#website"},"primaryImageOfPage":{"@id":"https:\/\/guiadelocio.es\/madrid\/10-planes-para-el-fin-de-semana-en-madrid-53\/#primaryimage"},"image":{"@id":"https:\/\/guiadelocio.es\/madrid\/10-planes-para-el-fin-de-semana-en-madrid-53\/#primaryimage"},"thumbnailUrl":"https:\/\/guiadelocio.es\/madrid\/wp-content\/uploads\/sites\/2\/2025\/05\/iStock-2211128284.jpg","datePublished":"2025-05-08T19:40:50+00:00","dateModified":"2025-05-08T19:41:52+00:00","author":{"@id":"https:\/\/guiadelocio.es\/madrid\/#\/schema\/person\/8948cef5c81b7b4ad26551a45a2d12d3"},"description":"Bienvenidos una vez m\u00e1s a nuestro reportaje especial semanal, aqu\u00ed podr\u00e1s encontrar los mejores planes para el fin de semana. Del 9 al 11 de mayo vamos a disfrutar de la mayor variedad cultural, gastron\u00f3mica y nos adelantamos a las fiestas de San Isidro para que no te pierdas nada.","breadcrumb":{"@id":"https:\/\/guiadelocio.es\/madrid\/10-planes-para-el-fin-de-semana-en-madrid-53\/#breadcrumb"},"inLanguage":"es","potentialAction":[{"@type":"ReadAction","target":["https:\/\/guiadelocio.es\/madrid\/10-planes-para-el-fin-de-semana-en-madrid-53\/"]}]},{"@type":"ImageObject","inLanguage":"es","@id":"https:\/\/guiadelocio.es\/madrid\/10-planes-para-el-fin-de-semana-en-madrid-53\/#primaryimage","url":"https:\/\/guiadelocio.es\/madrid\/wp-content\/uploads\/sites\/2\/2025\/05\/iStock-2211128284.jpg","contentUrl":"https:\/\/guiadelocio.es\/madrid\/wp-content\/uploads\/sites\/2\/2025\/05\/iStock-2211128284.jpg","width":1183,"height":887,"caption":"With 125 hectares and over 15,000 trees, El Retiro Park is a green oasis in the heart of Madrid. Some of its gardens deserve special attention: the Vivaces Garden, the Cecilio Rodr\u00edguez Gardens (classical gardens with Andalusian influences), the Architect Herrero Palacios Gardens, the rehabilitated Monta\u00f1a de los Gatos, the Rose Garden (collection of roses), and the French Parterre with the ahuehuete, the oldest tree in Madrid, believed to be around 400 years old. Since July 25, 2021, it has been recognized, along with the Paseo del Prado, as a UNESCO World Heritage Site."},{"@type":"BreadcrumbList","@id":"https:\/\/guiadelocio.es\/madrid\/10-planes-para-el-fin-de-semana-en-madrid-53\/#breadcrumb","itemListElement":[{"@type":"ListItem","position":1,"name":"Portada","item":"https:\/\/guiadelocio.es\/madrid\/"},{"@type":"ListItem","position":2,"name":"10 planes para el fin de semana en Madrid"}]},{"@type":"WebSite","@id":"https:\/\/guiadelocio.es\/madrid\/#website","url":"https:\/\/guiadelocio.es\/madrid\/","name":"Madrid | Gu\u00eda del Ocio","description":"Qu\u00e9 hacer, d\u00f3nde comer, qu\u00e9 visitar y los lugares que no te puedes perder","potentialAction":[{"@type":"SearchAction","target":{"@type":"EntryPoint","urlTemplate":"https:\/\/guiadelocio.es\/madrid\/?s={search_term_string}"},"query-input":{"@type":"PropertyValueSpecification","valueRequired":true,"valueName":"search_term_string"}}],"inLanguage":"es"},{"@type":"Person","@id":"https:\/\/guiadelocio.es\/madrid\/#\/schema\/person\/8948cef5c81b7b4ad26551a45a2d12d3","name":"spons","image":{"@type":"ImageObject","inLanguage":"es","@id":"https:\/\/guiadelocio.es\/madrid\/#\/schema\/person\/image\/","url":"https:\/\/secure.gravatar.com\/avatar\/c3eb00312c63ba7a2ea61f1fc101d93b66984cbac41bc8a3997f9b64644a08c9?s=96&d=mm&r=g","contentUrl":"https:\/\/secure.gravatar.com\/avatar\/c3eb00312c63ba7a2ea61f1fc101d93b66984cbac41bc8a3997f9b64644a08c9?s=96&d=mm&r=g","caption":"spons"}}]}},"_links":{"self":[{"href":"https:\/\/guiadelocio.es\/madrid\/wp-json\/wp\/v2\/posts\/40012","targetHints":{"allow":["GET"]}}],"collection":[{"href":"https:\/\/guiadelocio.es\/madrid\/wp-json\/wp\/v2\/posts"}],"about":[{"href":"https:\/\/guiadelocio.es\/madrid\/wp-json\/wp\/v2\/types\/post"}],"author":[{"embeddable":true,"href":"https:\/\/guiadelocio.es\/madrid\/wp-json\/wp\/v2\/users\/5"}],"replies":[{"embeddable":true,"href":"https:\/\/guiadelocio.es\/madrid\/wp-json\/wp\/v2\/comments?post=40012"}],"version-history":[{"count":0,"href":"https:\/\/guiadelocio.es\/madrid\/wp-json\/wp\/v2\/posts\/40012\/revisions"}],"wp:featuredmedia":[{"embeddable":true,"href":"https:\/\/guiadelocio.es\/madrid\/wp-json\/wp\/v2\/media\/40035"}],"wp:attachment":[{"href":"https:\/\/guiadelocio.es\/madrid\/wp-json\/wp\/v2\/media?parent=40012"}],"wp:term":[{"taxonomy":"category","embeddable":true,"href":"https:\/\/guiadelocio.es\/madrid\/wp-json\/wp\/v2\/categories?post=40012"},{"taxonomy":"post_tag","embeddable":true,"href":"https:\/\/guiadelocio.es\/madrid\/wp-json\/wp\/v2\/tags?post=40012"},{"taxonomy":"category_plan","embeddable":true,"href":"https:\/\/guiadelocio.es\/madrid\/wp-json\/wp\/v2\/category_plan?post=40012"},{"taxonomy":"filter_trans","embeddable":true,"href":"https:\/\/guiadelocio.es\/madrid\/wp-json\/wp\/v2\/filter_trans?post=40012"},{"taxonomy":"filter_main","embeddable":true,"href":"https:\/\/guiadelocio.es\/madrid\/wp-json\/wp\/v2\/filter_main?post=40012"},{"taxonomy":"filter_sec","embeddable":true,"href":"https:\/\/guiadelocio.es\/madrid\/wp-json\/wp\/v2\/filter_sec?post=40012"},{"taxonomy":"barrios","embeddable":true,"href":"https:\/\/guiadelocio.es\/madrid\/wp-json\/wp\/v2\/barrios?post=40012"}],"curies":[{"name":"wp","href":"https:\/\/api.w.org\/{rel}","templated":true}]}}