{"id":38839,"date":"2025-04-04T11:21:34","date_gmt":"2025-04-04T09:21:34","guid":{"rendered":"https:\/\/guiadelocio.es\/madrid\/?p=38839"},"modified":"2025-04-07T15:23:02","modified_gmt":"2025-04-07T13:23:02","slug":"bailar-en-la-berlanga-2025","status":"publish","type":"post","link":"https:\/\/guiadelocio.es\/madrid\/bailar-en-la-berlanga-2025\/","title":{"rendered":"Bailar en la Berlanga 2025"},"content":{"rendered":"<p class=\"\" data-start=\"103\" data-end=\"313\"><strong>Del<\/strong><strong> 8 al 12 de abril, a las 19:30h, la <a href=\"https:\/\/guiadelocio.es\/madrid\/plan\/sala-berlanga-2\/\" target=\"_blank\" rel=\"noopener\"><span>Sala Berlanga<\/span><\/a><\/strong> de Madrid acoge la und\u00e9cima edici\u00f3n de este encuentro esencial de la danza contempor\u00e1nea espa\u00f1ola, <strong data-start=\"370\" data-end=\"400\">Bailar en la Berlanga<\/strong>. Entradas a 3,50 euros en taquilla y web.<\/p>\n<h2 data-start=\"320\" data-end=\"368\">Una d\u00e9cada de compromiso con la danza actual<\/h2>\n<p class=\"\" data-start=\"370\" data-end=\"919\"><strong data-start=\"370\" data-end=\"400\">Bailar en la Berlanga 2025<\/strong>, el ciclo de danza en peque\u00f1o formato organizado por la <strong data-start=\"457\" data-end=\"475\">Fundaci\u00f3n SGAE<\/strong> en colaboraci\u00f3n con la <strong data-start=\"499\" data-end=\"592\">Federaci\u00f3n Estatal de Asociaciones de Compa\u00f1\u00edas y Empresas Profesionales de Danza (FECED)<\/strong>, celebra su und\u00e9cima edici\u00f3n con una programaci\u00f3n diversa, comprometida y rigurosa. Durante cinco d\u00edas, del <strong data-start=\"701\" data-end=\"721\">8 al 12 de abril<\/strong>, la <strong data-start=\"726\" data-end=\"743\">Sala Berlanga<\/strong> (c\/Andr\u00e9s Mellado, 53) ser\u00e1 escenario de seis propuestas que, desde distintas perspectivas, exploran los l\u00edmites del cuerpo, la identidad, la memoria y la expresi\u00f3n art\u00edstica.<\/p>\n<p class=\"\" data-start=\"921\" data-end=\"1298\">La edici\u00f3n de este a\u00f1o se enmarca en un contexto especialmente simb\u00f3lico: el <strong data-start=\"998\" data-end=\"1041\">30\u00ba aniversario de la compa\u00f1\u00eda Losdedae<\/strong>, dirigida por Chevi Muraday, y la participaci\u00f3n de <strong data-start=\"1093\" data-end=\"1111\">Alejandro Lara<\/strong>, candidato a los <strong data-start=\"1129\" data-end=\"1149\">Premios Max 2025<\/strong>, consolidan el papel del ciclo como plataforma tanto para la proyecci\u00f3n de figuras emergentes como para la celebraci\u00f3n de trayectorias consolidadas.<\/p>\n<p data-start=\"921\" data-end=\"1298\"><img decoding=\"async\" class=\"wp-image-38842 aligncenter\" src=\"https:\/\/guiadelocio.es\/madrid\/wp-content\/uploads\/sites\/2\/2025\/04\/Redes_Bailar-en-la-Berlanga-2025_-05-819x1024-1-240x300.webp\" alt=\"\" width=\"675\" height=\"844\" srcset=\"https:\/\/guiadelocio.es\/madrid\/wp-content\/uploads\/sites\/2\/2025\/04\/Redes_Bailar-en-la-Berlanga-2025_-05-819x1024-1-240x300.webp 240w, https:\/\/guiadelocio.es\/madrid\/wp-content\/uploads\/sites\/2\/2025\/04\/Redes_Bailar-en-la-Berlanga-2025_-05-819x1024-1-768x960.webp 768w, https:\/\/guiadelocio.es\/madrid\/wp-content\/uploads\/sites\/2\/2025\/04\/Redes_Bailar-en-la-Berlanga-2025_-05-819x1024-1-736x920.webp 736w, https:\/\/guiadelocio.es\/madrid\/wp-content\/uploads\/sites\/2\/2025\/04\/Redes_Bailar-en-la-Berlanga-2025_-05-819x1024-1-346x432.webp 346w, https:\/\/guiadelocio.es\/madrid\/wp-content\/uploads\/sites\/2\/2025\/04\/Redes_Bailar-en-la-Berlanga-2025_-05-819x1024-1-160x200.webp 160w, https:\/\/guiadelocio.es\/madrid\/wp-content\/uploads\/sites\/2\/2025\/04\/Redes_Bailar-en-la-Berlanga-2025_-05-819x1024-1.webp 819w\" sizes=\"(max-width: 675px) 100vw, 675px\" \/><\/p>\n<h2 class=\"\" data-start=\"1305\" data-end=\"1359\">Programaci\u00f3n completa de Bailar en la Berlanga 2025<\/h2>\n<p class=\"\" data-start=\"1361\" data-end=\"1547\">Cada jornada ofrece una experiencia \u00fanica con espect\u00e1culos breves, pero intensos, que ponen en valor la fuerza narrativa del cuerpo y su capacidad de comunicaci\u00f3n m\u00e1s all\u00e1 de la palabra.<\/p>\n<h3 class=\"\" data-start=\"1554\" data-end=\"1582\"><strong data-start=\"1558\" data-end=\"1580\">Martes, 8 de abril<\/strong><\/h3>\n<p class=\"\" data-start=\"1583\" data-end=\"1891\"><strong data-start=\"1583\" data-end=\"1602\">Next to my skin<\/strong> \u2013 laMonto<br data-start=\"1612\" data-end=\"1615\" \/><em data-start=\"1615\" data-end=\"1645\">Danza contempor\u00e1nea \u2022 30 min<\/em><br data-start=\"1645\" data-end=\"1648\" \/>Coreograf\u00eda de <strong data-start=\"1663\" data-end=\"1694\">Rosa Mari Herrador Montoliu<\/strong>, en colaboraci\u00f3n con \u00c1lvaro Silva. Una propuesta \u00edntima donde los cuerpos se encuentran, se transforman y se regeneran, en una fusi\u00f3n de pieles y emociones, con m\u00fasica en vivo de <strong data-start=\"1874\" data-end=\"1890\">Jordi Claret<\/strong>.<\/p>\n<p class=\"\" data-start=\"1893\" data-end=\"2140\"><strong data-start=\"1893\" data-end=\"1911\">El mundo atr\u00e1s<\/strong> \u2013 Rolando Salam\u00e9<br data-start=\"1928\" data-end=\"1931\" \/><em data-start=\"1931\" data-end=\"1954\">Danza teatro \u2022 30 min<\/em><br data-start=\"1954\" data-end=\"1957\" \/>Una pieza de danza-teatro que aborda el \u00e9xodo y el desarraigo. Salam\u00e9 y <strong data-start=\"2029\" data-end=\"2046\">Lucas Morones<\/strong> interpretan cuerpos en tr\u00e1nsito que buscan un nuevo horizonte, entre la esperanza y el miedo.<\/p>\n<h3 class=\"\" data-start=\"2147\" data-end=\"2178\"><strong data-start=\"2151\" data-end=\"2176\">Mi\u00e9rcoles, 9 de abril<\/strong><\/h3>\n<p class=\"\" data-start=\"2179\" data-end=\"2557\"><strong data-start=\"2179\" data-end=\"2243\">Sobre Rimbaud \/ del horizonte al silencio (Work in progress)<\/strong> \u2013 Francisco Hidalgo C\u00eda.<br data-start=\"2268\" data-end=\"2271\" \/><em data-start=\"2271\" data-end=\"2303\">Flamenco experimental \u2022 45 min<\/em><br data-start=\"2303\" data-end=\"2306\" \/>Inspirado en el poeta <strong data-start=\"2328\" data-end=\"2346\">Arthur Rimbaud<\/strong>, Francisco Hidalgo propone un solo en clave flamenca experimental, sin m\u00fasica, que se adentra en el caos, la belleza y la rebeli\u00f3n. Direcci\u00f3n conceptual de <strong data-start=\"2503\" data-end=\"2524\">Susanne Zellinger<\/strong> y vestuario de <strong data-start=\"2540\" data-end=\"2556\">Ingo Kr\u00fcgler<\/strong>.<\/p>\n<h3 class=\"\" data-start=\"2564\" data-end=\"2593\"><strong data-start=\"2568\" data-end=\"2591\">Jueves, 10 de abril<\/strong><\/h3>\n<p class=\"\" data-start=\"2594\" data-end=\"2948\"><strong data-start=\"2594\" data-end=\"2613\">Latido y ta\u00f1ido<\/strong> \u2013 ALEJANDRO LARA DANCE PROJECT<br data-start=\"2644\" data-end=\"2647\" \/><em data-start=\"2647\" data-end=\"2686\">Danza espa\u00f1ola contempor\u00e1nea \u2022 60 min<\/em><br data-start=\"2686\" data-end=\"2689\" \/>Un espect\u00e1culo con m\u00fasica en directo que entrelaza la danza espa\u00f1ola y contempor\u00e1nea con sonidos actuales. Ocho artistas en escena interpretan esta pieza creada y dirigida por <strong data-start=\"2865\" data-end=\"2883\">Alejandro Lara<\/strong>, con m\u00fasica original de <strong data-start=\"2908\" data-end=\"2927\">V\u00edctor Guadiana<\/strong> y <strong data-start=\"2930\" data-end=\"2947\">Jos\u00e9 Almarcha<\/strong>.<\/p>\n<h3 class=\"\" data-start=\"2955\" data-end=\"2985\"><strong data-start=\"2959\" data-end=\"2983\">Viernes, 11 de abril<\/strong><\/h3>\n<p class=\"\" data-start=\"2986\" data-end=\"3295\"><strong data-start=\"2986\" data-end=\"3007\">Return, Volumen 2<\/strong> \u2013 Losdedae Dance Company<br data-start=\"3032\" data-end=\"3035\" \/><em data-start=\"3035\" data-end=\"3065\">Danza contempor\u00e1nea \u2022 55 min<\/em><br data-start=\"3065\" data-end=\"3068\" \/>Dirigido por el prestigioso <strong data-start=\"3096\" data-end=\"3113\">Chevi Muraday<\/strong>, este trabajo reflexiona sobre el amor como construcci\u00f3n real o imaginaria. Una propuesta esc\u00e9nica con textos de <strong data-start=\"3227\" data-end=\"3244\">Pablo Messiez<\/strong> y m\u00fasica de <strong data-start=\"3257\" data-end=\"3274\">Ricardo Miluy<\/strong> y <strong data-start=\"3277\" data-end=\"3294\">Mariano Mar\u00edn<\/strong>.<\/p>\n<h3 class=\"\" data-start=\"3302\" data-end=\"3331\"><strong data-start=\"3306\" data-end=\"3329\">S\u00e1bado, 12 de abril<\/strong><\/h3>\n<p class=\"\" data-start=\"3332\" data-end=\"3659\"><strong data-start=\"3332\" data-end=\"3348\">Open Borders<\/strong> \u2013 EnClaveDANZA<br data-start=\"3363\" data-end=\"3366\" \/><em data-start=\"3366\" data-end=\"3396\">Danza contempor\u00e1nea \u2022 40 min<\/em><br data-start=\"3396\" data-end=\"3399\" \/>Una reflexi\u00f3n sobre los l\u00edmites f\u00edsicos, mentales y sociales, con \u00e9nfasis en el papel de la mujer en la Espa\u00f1a rural. Coreograf\u00eda e interpretaci\u00f3n a cargo de <strong data-start=\"3557\" data-end=\"3576\">Cristina Masson<\/strong>, <strong data-start=\"3578\" data-end=\"3599\">Adri\u00e1n S\u00e1ez P\u00e9rez<\/strong> y <strong data-start=\"3602\" data-end=\"3620\">Coral Qui\u00f1ones<\/strong>, con m\u00fasica en vivo de <strong data-start=\"3644\" data-end=\"3658\">Odin Kaban<\/strong>.<\/p>\n<h3 class=\"\" data-start=\"3666\" data-end=\"3693\">Di\u00e1logos con el p\u00fablico<\/h3>\n<p class=\"\" data-start=\"3695\" data-end=\"3927\">Tras cada funci\u00f3n, se celebrar\u00e1n coloquios moderados por la periodista <strong data-start=\"3766\" data-end=\"3780\">Olga Baeza<\/strong> (programa <em data-start=\"3791\" data-end=\"3801\">A comp\u00e1s<\/em>, RNE), que permitir\u00e1n al p\u00fablico dialogar directamente con los artistas y profundizar en los procesos creativos de cada obra.<\/p>\n<h2 class=\"\" data-start=\"3934\" data-end=\"3980\">M\u00e1s que danza: una radiograf\u00eda del presente<\/h2>\n<p class=\"\" data-start=\"3982\" data-end=\"4315\"><strong>Bailar en la Berlanga<\/strong> no solo presenta espect\u00e1culos, sino que constituye una muestra del pulso actual de la danza en Espa\u00f1a. A trav\u00e9s de lenguajes diversos \u2014danza contempor\u00e1nea, flamenco experimental, danza-teatro, y propuestas h\u00edbridas\u2014 el ciclo invita a reflexionar sobre el cuerpo como herramienta de resistencia y transformaci\u00f3n.<\/p>\n<p class=\"\" data-start=\"4317\" data-end=\"4660\">Este a\u00f1o, el leitmotiv gira en torno a la <strong data-start=\"4359\" data-end=\"4393\">conexi\u00f3n entre pasado y futuro<\/strong>, a trav\u00e9s de piezas que dialogan con la poes\u00eda, el exilio, el amor, la identidad y las fronteras. Se reivindica tambi\u00e9n la <strong data-start=\"4517\" data-end=\"4552\">evoluci\u00f3n del arte coreogr\u00e1fico<\/strong>, con propuestas comprometidas que combinan tecnolog\u00eda, m\u00fasica en vivo y dispositivos esc\u00e9nicos innovadores.<\/p>\n<h2 data-start=\"4667\" data-end=\"4694\">Entradas y localizaci\u00f3n<\/h2>\n<ul data-start=\"4696\" data-end=\"4950\">\n<li class=\"\" data-start=\"4696\" data-end=\"4740\">\n<p class=\"\" data-start=\"4698\" data-end=\"4740\"><strong data-start=\"4698\" data-end=\"4708\">Fechas<\/strong>: Del 8 al 12 de abril de 2025<\/p>\n<\/li>\n<li class=\"\" data-start=\"4741\" data-end=\"4766\">\n<p class=\"\" data-start=\"4743\" data-end=\"4766\"><strong data-start=\"4743\" data-end=\"4751\">Hora<\/strong>: 19:30 horas<\/p>\n<\/li>\n<li class=\"\" data-start=\"4767\" data-end=\"4827\">\n<p class=\"\" data-start=\"4769\" data-end=\"4827\"><strong data-start=\"4769\" data-end=\"4778\">Lugar<\/strong>: Sala Berlanga (C\/ Andr\u00e9s Mellado, 53, Madrid)<\/p>\n<\/li>\n<li class=\"\" data-start=\"4828\" data-end=\"4850\">\n<p class=\"\" data-start=\"4830\" data-end=\"4850\"><strong data-start=\"4830\" data-end=\"4840\">Precio<\/strong>: 3,50 \u20ac<\/p>\n<\/li>\n<li class=\"\" data-start=\"4851\" data-end=\"4950\">\n<p class=\"\" data-start=\"4853\" data-end=\"4950\"><strong data-start=\"4853\" data-end=\"4874\">Venta de entradas<\/strong>: En taquilla y <strong><a href=\"https:\/\/salaberlanga.com\/ciclo\/bailar-en-la-berlanga-2025\/\" target=\"_blank\" rel=\"noopener\"><span>aqu\u00ed<\/span><\/a><\/strong><\/p>\n<\/li>\n<\/ul>\n<h2 class=\"\" data-start=\"4957\" data-end=\"4981\">Once a\u00f1os de historia<\/h2>\n<p class=\"\" data-start=\"4983\" data-end=\"5377\">Desde su creaci\u00f3n, <a href=\"https:\/\/salaberlanga.com\/ciclo\/bailar-en-la-berlanga-2025\/\" target=\"_blank\" rel=\"noopener\"><strong data-start=\"5002\" data-end=\"5027\">Bailar en la Berlanga<\/strong><\/a> ha acogido a nombres clave del panorama coreogr\u00e1fico nacional como <strong data-start=\"5095\" data-end=\"5111\">Kukai Dantza<\/strong>, <strong data-start=\"5113\" data-end=\"5128\">Daniel Do\u00f1a<\/strong>, <strong data-start=\"5130\" data-end=\"5146\">Carmen Roche<\/strong>, <strong data-start=\"5148\" data-end=\"5165\">El\u00edas Aguirre<\/strong>, <strong data-start=\"5167\" data-end=\"5180\">Sara Cano<\/strong> o <strong data-start=\"5183\" data-end=\"5199\">Vanesa Aibar<\/strong>. Su compromiso con la diversidad estil\u00edstica y el formato reducido lo convierte en un referente para descubrir nuevas voces y disfrutar de la danza de forma cercana y accesible.<\/p>\n<p class=\"\" data-start=\"5379\" data-end=\"5617\">Consolidado como una cita imprescindible para profesionales y amantes de la danza, este ciclo contin\u00faa tejiendo puentes entre generaciones, estilos y territorios, reafirmando que la danza sigue viva, en movimiento y en constante b\u00fasqueda.<\/p>\n<p class=\"\" data-start=\"5624\" data-end=\"5775\"><strong data-start=\"5624\" data-end=\"5654\">Bailar en la Berlanga 2025<\/strong>: un encuentro \u00edntimo y vibrante con la danza m\u00e1s actual. Un espacio donde el cuerpo se hace palabra, frontera y memoria.<\/p>\n<p><span style=\"color: #ff6600;\"><strong>\u00bfQuieres ser siempre el primero en enterarte de todos los planes que hay en tu ciudad?<\/strong><\/span><\/p>\n<p><span style=\"color: #ff6600;\"><a class=\"button button--large button--iconposition-left button--icon-newsletter\" style=\"color: #ff6600;\" href=\"https:\/\/guiadelocio.es\/madrid\/suscribete-aqui-a-nuestra-newsletter\/\" target=\"_blank\" rel=\"noopener\"><span>Inscr\u00edbete AQU\u00cd a nuestra newsletter<\/span><\/a><\/span><\/p>\n","protected":false},"excerpt":{"rendered":"<p>Del 8 al 12 de abril, a las 19:30h, la Sala Berlanga de Madrid acoge la und\u00e9cima edici\u00f3n de este encuentro esencial de la danza contempor\u00e1nea espa\u00f1ola, Bailar en la Berlanga. Entradas a 3,50 euros en taquilla y web. Una d\u00e9cada de compromiso con la danza actual Bailar en la Berlanga 2025, el ciclo de [&hellip;]<\/p>\n","protected":false},"author":8,"featured_media":38840,"comment_status":"closed","ping_status":"closed","sticky":false,"template":"","format":"standard","meta":{"_acf_changed":false,"footnotes":""},"categories":[1],"tags":[],"category_plan":[],"filter_trans":[],"filter_main":[],"filter_sec":[],"barrios":[168],"class_list":["post-38839","post","type-post","status-publish","format-standard","has-post-thumbnail","hentry","category-sin-categorizar","barrios-centro"],"acf":[],"yoast_head":"<!-- This site is optimized with the Yoast SEO plugin v26.0 - https:\/\/yoast.com\/wordpress\/plugins\/seo\/ -->\n<title>Bailar en la Berlanga 2025 | Madrid<\/title>\n<meta name=\"description\" content=\"Del 8 al 12 de abril, a las 19:30h, la Sala Berlanga, acoge Bailar en la Berlanga, encuentro esencial de la danza contempor\u00e1nea espa\u00f1ola\" \/>\n<meta name=\"robots\" content=\"index, follow, max-snippet:-1, max-image-preview:large, max-video-preview:-1\" \/>\n<link rel=\"canonical\" href=\"https:\/\/guiadelocio.es\/madrid\/bailar-en-la-berlanga-2025\/\" \/>\n<meta property=\"og:locale\" content=\"es_ES\" \/>\n<meta property=\"og:type\" content=\"article\" \/>\n<meta property=\"og:title\" content=\"Bailar en la Berlanga 2025 | Madrid\" \/>\n<meta property=\"og:description\" content=\"Del 8 al 12 de abril, a las 19:30h, la Sala Berlanga, acoge Bailar en la Berlanga, encuentro esencial de la danza contempor\u00e1nea espa\u00f1ola\" \/>\n<meta property=\"og:url\" content=\"https:\/\/guiadelocio.es\/madrid\/bailar-en-la-berlanga-2025\/\" \/>\n<meta property=\"og:site_name\" content=\"Madrid\" \/>\n<meta property=\"article:published_time\" content=\"2025-04-04T09:21:34+00:00\" \/>\n<meta property=\"article:modified_time\" content=\"2025-04-07T13:23:02+00:00\" \/>\n<meta property=\"og:image\" content=\"https:\/\/guiadelocio.es\/madrid\/wp-content\/uploads\/sites\/2\/2025\/04\/Pantallazo_Bailar-en-la-Berlanga-2025-1-1024x576-1.webp\" \/>\n\t<meta property=\"og:image:width\" content=\"1024\" \/>\n\t<meta property=\"og:image:height\" content=\"576\" \/>\n\t<meta property=\"og:image:type\" content=\"image\/webp\" \/>\n<meta name=\"author\" content=\"Gu\u00eda del Ocio\" \/>\n<meta name=\"twitter:card\" content=\"summary_large_image\" \/>\n<meta name=\"twitter:label1\" content=\"Escrito por\" \/>\n\t<meta name=\"twitter:data1\" content=\"Gu\u00eda del Ocio\" \/>\n\t<meta name=\"twitter:label2\" content=\"Tiempo de lectura\" \/>\n\t<meta name=\"twitter:data2\" content=\"5 minutos\" \/>\n<script type=\"application\/ld+json\" class=\"yoast-schema-graph\">{\"@context\":\"https:\/\/schema.org\",\"@graph\":[{\"@type\":\"WebPage\",\"@id\":\"https:\/\/guiadelocio.es\/madrid\/bailar-en-la-berlanga-2025\/\",\"url\":\"https:\/\/guiadelocio.es\/madrid\/bailar-en-la-berlanga-2025\/\",\"name\":\"Bailar en la Berlanga 2025 | Madrid\",\"isPartOf\":{\"@id\":\"https:\/\/guiadelocio.es\/madrid\/#website\"},\"primaryImageOfPage\":{\"@id\":\"https:\/\/guiadelocio.es\/madrid\/bailar-en-la-berlanga-2025\/#primaryimage\"},\"image\":{\"@id\":\"https:\/\/guiadelocio.es\/madrid\/bailar-en-la-berlanga-2025\/#primaryimage\"},\"thumbnailUrl\":\"https:\/\/guiadelocio.es\/madrid\/wp-content\/uploads\/sites\/2\/2025\/04\/Pantallazo_Bailar-en-la-Berlanga-2025-1-1024x576-1.webp\",\"datePublished\":\"2025-04-04T09:21:34+00:00\",\"dateModified\":\"2025-04-07T13:23:02+00:00\",\"author\":{\"@id\":\"https:\/\/guiadelocio.es\/madrid\/#\/schema\/person\/dedd385c3a1875e2dfb8ee808e4fca89\"},\"description\":\"Del 8 al 12 de abril, a las 19:30h, la Sala Berlanga, acoge Bailar en la Berlanga, encuentro esencial de la danza contempor\u00e1nea espa\u00f1ola\",\"breadcrumb\":{\"@id\":\"https:\/\/guiadelocio.es\/madrid\/bailar-en-la-berlanga-2025\/#breadcrumb\"},\"inLanguage\":\"es\",\"potentialAction\":[{\"@type\":\"ReadAction\",\"target\":[\"https:\/\/guiadelocio.es\/madrid\/bailar-en-la-berlanga-2025\/\"]}]},{\"@type\":\"ImageObject\",\"inLanguage\":\"es\",\"@id\":\"https:\/\/guiadelocio.es\/madrid\/bailar-en-la-berlanga-2025\/#primaryimage\",\"url\":\"https:\/\/guiadelocio.es\/madrid\/wp-content\/uploads\/sites\/2\/2025\/04\/Pantallazo_Bailar-en-la-Berlanga-2025-1-1024x576-1.webp\",\"contentUrl\":\"https:\/\/guiadelocio.es\/madrid\/wp-content\/uploads\/sites\/2\/2025\/04\/Pantallazo_Bailar-en-la-Berlanga-2025-1-1024x576-1.webp\",\"width\":1024,\"height\":576},{\"@type\":\"BreadcrumbList\",\"@id\":\"https:\/\/guiadelocio.es\/madrid\/bailar-en-la-berlanga-2025\/#breadcrumb\",\"itemListElement\":[{\"@type\":\"ListItem\",\"position\":1,\"name\":\"Portada\",\"item\":\"https:\/\/guiadelocio.es\/madrid\/\"},{\"@type\":\"ListItem\",\"position\":2,\"name\":\"Bailar en la Berlanga 2025\"}]},{\"@type\":\"WebSite\",\"@id\":\"https:\/\/guiadelocio.es\/madrid\/#website\",\"url\":\"https:\/\/guiadelocio.es\/madrid\/\",\"name\":\"Madrid | Gu\u00eda del Ocio\",\"description\":\"Qu\u00e9 hacer, d\u00f3nde comer, qu\u00e9 visitar y los lugares que no te puedes perder\",\"potentialAction\":[{\"@type\":\"SearchAction\",\"target\":{\"@type\":\"EntryPoint\",\"urlTemplate\":\"https:\/\/guiadelocio.es\/madrid\/?s={search_term_string}\"},\"query-input\":{\"@type\":\"PropertyValueSpecification\",\"valueRequired\":true,\"valueName\":\"search_term_string\"}}],\"inLanguage\":\"es\"},{\"@type\":\"Person\",\"@id\":\"https:\/\/guiadelocio.es\/madrid\/#\/schema\/person\/dedd385c3a1875e2dfb8ee808e4fca89\",\"name\":\"Gu\u00eda del Ocio\",\"image\":{\"@type\":\"ImageObject\",\"inLanguage\":\"es\",\"@id\":\"https:\/\/guiadelocio.es\/madrid\/#\/schema\/person\/image\/\",\"url\":\"https:\/\/secure.gravatar.com\/avatar\/27d9eb58286cefc2042fb32a3db3a679c555c2a21aa6719fa7916d63185b9fe9?s=96&d=mm&r=g\",\"contentUrl\":\"https:\/\/secure.gravatar.com\/avatar\/27d9eb58286cefc2042fb32a3db3a679c555c2a21aa6719fa7916d63185b9fe9?s=96&d=mm&r=g\",\"caption\":\"Gu\u00eda del Ocio\"}}]}<\/script>\n<!-- \/ Yoast SEO plugin. -->","yoast_head_json":{"title":"Bailar en la Berlanga 2025 | Madrid","description":"Del 8 al 12 de abril, a las 19:30h, la Sala Berlanga, acoge Bailar en la Berlanga, encuentro esencial de la danza contempor\u00e1nea espa\u00f1ola","robots":{"index":"index","follow":"follow","max-snippet":"max-snippet:-1","max-image-preview":"max-image-preview:large","max-video-preview":"max-video-preview:-1"},"canonical":"https:\/\/guiadelocio.es\/madrid\/bailar-en-la-berlanga-2025\/","og_locale":"es_ES","og_type":"article","og_title":"Bailar en la Berlanga 2025 | Madrid","og_description":"Del 8 al 12 de abril, a las 19:30h, la Sala Berlanga, acoge Bailar en la Berlanga, encuentro esencial de la danza contempor\u00e1nea espa\u00f1ola","og_url":"https:\/\/guiadelocio.es\/madrid\/bailar-en-la-berlanga-2025\/","og_site_name":"Madrid","article_published_time":"2025-04-04T09:21:34+00:00","article_modified_time":"2025-04-07T13:23:02+00:00","og_image":[{"width":1024,"height":576,"url":"https:\/\/guiadelocio.es\/madrid\/wp-content\/uploads\/sites\/2\/2025\/04\/Pantallazo_Bailar-en-la-Berlanga-2025-1-1024x576-1.webp","type":"image\/webp"}],"author":"Gu\u00eda del Ocio","twitter_card":"summary_large_image","twitter_misc":{"Escrito por":"Gu\u00eda del Ocio","Tiempo de lectura":"5 minutos"},"schema":{"@context":"https:\/\/schema.org","@graph":[{"@type":"WebPage","@id":"https:\/\/guiadelocio.es\/madrid\/bailar-en-la-berlanga-2025\/","url":"https:\/\/guiadelocio.es\/madrid\/bailar-en-la-berlanga-2025\/","name":"Bailar en la Berlanga 2025 | Madrid","isPartOf":{"@id":"https:\/\/guiadelocio.es\/madrid\/#website"},"primaryImageOfPage":{"@id":"https:\/\/guiadelocio.es\/madrid\/bailar-en-la-berlanga-2025\/#primaryimage"},"image":{"@id":"https:\/\/guiadelocio.es\/madrid\/bailar-en-la-berlanga-2025\/#primaryimage"},"thumbnailUrl":"https:\/\/guiadelocio.es\/madrid\/wp-content\/uploads\/sites\/2\/2025\/04\/Pantallazo_Bailar-en-la-Berlanga-2025-1-1024x576-1.webp","datePublished":"2025-04-04T09:21:34+00:00","dateModified":"2025-04-07T13:23:02+00:00","author":{"@id":"https:\/\/guiadelocio.es\/madrid\/#\/schema\/person\/dedd385c3a1875e2dfb8ee808e4fca89"},"description":"Del 8 al 12 de abril, a las 19:30h, la Sala Berlanga, acoge Bailar en la Berlanga, encuentro esencial de la danza contempor\u00e1nea espa\u00f1ola","breadcrumb":{"@id":"https:\/\/guiadelocio.es\/madrid\/bailar-en-la-berlanga-2025\/#breadcrumb"},"inLanguage":"es","potentialAction":[{"@type":"ReadAction","target":["https:\/\/guiadelocio.es\/madrid\/bailar-en-la-berlanga-2025\/"]}]},{"@type":"ImageObject","inLanguage":"es","@id":"https:\/\/guiadelocio.es\/madrid\/bailar-en-la-berlanga-2025\/#primaryimage","url":"https:\/\/guiadelocio.es\/madrid\/wp-content\/uploads\/sites\/2\/2025\/04\/Pantallazo_Bailar-en-la-Berlanga-2025-1-1024x576-1.webp","contentUrl":"https:\/\/guiadelocio.es\/madrid\/wp-content\/uploads\/sites\/2\/2025\/04\/Pantallazo_Bailar-en-la-Berlanga-2025-1-1024x576-1.webp","width":1024,"height":576},{"@type":"BreadcrumbList","@id":"https:\/\/guiadelocio.es\/madrid\/bailar-en-la-berlanga-2025\/#breadcrumb","itemListElement":[{"@type":"ListItem","position":1,"name":"Portada","item":"https:\/\/guiadelocio.es\/madrid\/"},{"@type":"ListItem","position":2,"name":"Bailar en la Berlanga 2025"}]},{"@type":"WebSite","@id":"https:\/\/guiadelocio.es\/madrid\/#website","url":"https:\/\/guiadelocio.es\/madrid\/","name":"Madrid | Gu\u00eda del Ocio","description":"Qu\u00e9 hacer, d\u00f3nde comer, qu\u00e9 visitar y los lugares que no te puedes perder","potentialAction":[{"@type":"SearchAction","target":{"@type":"EntryPoint","urlTemplate":"https:\/\/guiadelocio.es\/madrid\/?s={search_term_string}"},"query-input":{"@type":"PropertyValueSpecification","valueRequired":true,"valueName":"search_term_string"}}],"inLanguage":"es"},{"@type":"Person","@id":"https:\/\/guiadelocio.es\/madrid\/#\/schema\/person\/dedd385c3a1875e2dfb8ee808e4fca89","name":"Gu\u00eda del Ocio","image":{"@type":"ImageObject","inLanguage":"es","@id":"https:\/\/guiadelocio.es\/madrid\/#\/schema\/person\/image\/","url":"https:\/\/secure.gravatar.com\/avatar\/27d9eb58286cefc2042fb32a3db3a679c555c2a21aa6719fa7916d63185b9fe9?s=96&d=mm&r=g","contentUrl":"https:\/\/secure.gravatar.com\/avatar\/27d9eb58286cefc2042fb32a3db3a679c555c2a21aa6719fa7916d63185b9fe9?s=96&d=mm&r=g","caption":"Gu\u00eda del Ocio"}}]}},"_links":{"self":[{"href":"https:\/\/guiadelocio.es\/madrid\/wp-json\/wp\/v2\/posts\/38839","targetHints":{"allow":["GET"]}}],"collection":[{"href":"https:\/\/guiadelocio.es\/madrid\/wp-json\/wp\/v2\/posts"}],"about":[{"href":"https:\/\/guiadelocio.es\/madrid\/wp-json\/wp\/v2\/types\/post"}],"author":[{"embeddable":true,"href":"https:\/\/guiadelocio.es\/madrid\/wp-json\/wp\/v2\/users\/8"}],"replies":[{"embeddable":true,"href":"https:\/\/guiadelocio.es\/madrid\/wp-json\/wp\/v2\/comments?post=38839"}],"version-history":[{"count":0,"href":"https:\/\/guiadelocio.es\/madrid\/wp-json\/wp\/v2\/posts\/38839\/revisions"}],"wp:featuredmedia":[{"embeddable":true,"href":"https:\/\/guiadelocio.es\/madrid\/wp-json\/wp\/v2\/media\/38840"}],"wp:attachment":[{"href":"https:\/\/guiadelocio.es\/madrid\/wp-json\/wp\/v2\/media?parent=38839"}],"wp:term":[{"taxonomy":"category","embeddable":true,"href":"https:\/\/guiadelocio.es\/madrid\/wp-json\/wp\/v2\/categories?post=38839"},{"taxonomy":"post_tag","embeddable":true,"href":"https:\/\/guiadelocio.es\/madrid\/wp-json\/wp\/v2\/tags?post=38839"},{"taxonomy":"category_plan","embeddable":true,"href":"https:\/\/guiadelocio.es\/madrid\/wp-json\/wp\/v2\/category_plan?post=38839"},{"taxonomy":"filter_trans","embeddable":true,"href":"https:\/\/guiadelocio.es\/madrid\/wp-json\/wp\/v2\/filter_trans?post=38839"},{"taxonomy":"filter_main","embeddable":true,"href":"https:\/\/guiadelocio.es\/madrid\/wp-json\/wp\/v2\/filter_main?post=38839"},{"taxonomy":"filter_sec","embeddable":true,"href":"https:\/\/guiadelocio.es\/madrid\/wp-json\/wp\/v2\/filter_sec?post=38839"},{"taxonomy":"barrios","embeddable":true,"href":"https:\/\/guiadelocio.es\/madrid\/wp-json\/wp\/v2\/barrios?post=38839"}],"curies":[{"name":"wp","href":"https:\/\/api.w.org\/{rel}","templated":true}]}}