{"id":38582,"date":"2025-03-28T04:14:56","date_gmt":"2025-03-28T03:14:56","guid":{"rendered":"https:\/\/guiadelocio.es\/madrid\/?p=38582"},"modified":"2025-03-28T04:15:48","modified_gmt":"2025-03-28T03:15:48","slug":"10-planes-para-el-fin-de-semana-en-madrid-49","status":"publish","type":"post","link":"https:\/\/guiadelocio.es\/madrid\/10-planes-para-el-fin-de-semana-en-madrid-49\/","title":{"rendered":"10 planes para el fin de semana en Madrid"},"content":{"rendered":"<p>Este fin de semana del 28 al 30 de marzo queremos celebrar que el sol ha vuelto a nuestras vidas. Tanto si sois madrile\u00f1os como si no, en esta ciudad no estamos acostumbrados a tanta humedad y la situaci\u00f3n empezaba a pesar en nuestros corazones. Por eso os hemos buscado 10 planes para que no pong\u00e1is ni un pie en casa. \u00a1A disfrutar!<\/p>\n<p>&nbsp;<\/p>\n<h2 class=\"section-single__title\">M\u00fasica en directo, humor y mucho m\u00e1s en 21 DISTRITOS<\/h2>\n<p><a href=\"https:\/\/guiadelocio.es\/madrid\/plan\/musica-en-directo-humor-y-mucho-mas-en-21-distritos\/\" target=\"_blank\" rel=\"noopener\"><span>21 DISTRITOS<\/span><\/a> sigue ofreciendo un programa repleto de actividades art\u00edsticas, de acceso libre y para todas las edades. Para los pr\u00f3ximos d\u00edas destacan dos conciertos, un taller creativo para toda la familia, un espect\u00e1culo c\u00f3mico y el inicio del ciclo <em>Charlas con altura,<\/em>\u00a0una serie de encuentros junto a personalidades de la cultura en lo alto del Faro de Moncloa.<\/p>\n<p><a href=\"https:\/\/guiadelocio.es\/madrid\/plan\/musica-en-directo-humor-y-mucho-mas-en-21-distritos\/\" target=\"_blank\" rel=\"noopener\"><img decoding=\"async\" class=\" wp-image-38583 aligncenter\" src=\"https:\/\/guiadelocio.es\/madrid\/wp-content\/uploads\/sites\/2\/2025\/03\/LasCouchers_Charlasdeazucarillo-300x200.jpeg\" alt=\"\" width=\"500\" height=\"333\" srcset=\"https:\/\/guiadelocio.es\/madrid\/wp-content\/uploads\/sites\/2\/2025\/03\/LasCouchers_Charlasdeazucarillo-300x200.jpeg 300w, https:\/\/guiadelocio.es\/madrid\/wp-content\/uploads\/sites\/2\/2025\/03\/LasCouchers_Charlasdeazucarillo-768x512.jpeg 768w, https:\/\/guiadelocio.es\/madrid\/wp-content\/uploads\/sites\/2\/2025\/03\/LasCouchers_Charlasdeazucarillo-640x427.jpeg 640w, https:\/\/guiadelocio.es\/madrid\/wp-content\/uploads\/sites\/2\/2025\/03\/LasCouchers_Charlasdeazucarillo-266x177.jpeg 266w, https:\/\/guiadelocio.es\/madrid\/wp-content\/uploads\/sites\/2\/2025\/03\/LasCouchers_Charlasdeazucarillo.jpeg 880w\" sizes=\"(max-width: 500px) 100vw, 500px\" \/><\/a><\/p>\n<p>&nbsp;<\/p>\n<h2 class=\"section-single__title\">La Tienda Pop-Up de los \u00abpaquetes perdidos\u00bb llega a Madrid<\/h2>\n<p><span lang=\"ES\">La<a href=\"https:\/\/guiadelocio.es\/madrid\/plan\/la-tienda-pop-up-de-los-paquetes-perdidos-llega-a-madrid\/\" target=\"_blank\" rel=\"noopener\"><span> Tienda Pop-Up de los \u00abpaquetes perdidos\u00bb<\/span><\/a> llega a La Gavia poniendo a la venta<\/span>\u00a010 toneladas de paquetes perdidos con contenidos sorpresa.\u00a0Es decir, paquetes enviados por comercio electr\u00f3nico que no han sido entregados por diferentes motivos.<\/p>\n<p><a href=\"https:\/\/guiadelocio.es\/madrid\/plan\/la-tienda-pop-up-de-los-paquetes-perdidos-llega-a-madrid\/\" target=\"_blank\" rel=\"noopener\"><img decoding=\"async\" class=\" wp-image-38587 aligncenter\" src=\"https:\/\/guiadelocio.es\/madrid\/wp-content\/uploads\/sites\/2\/2025\/03\/King-Colis-imagen-1-scaled-e1742728474619-1719x920-2-300x161.jpeg\" alt=\"\" width=\"501\" height=\"269\" srcset=\"https:\/\/guiadelocio.es\/madrid\/wp-content\/uploads\/sites\/2\/2025\/03\/King-Colis-imagen-1-scaled-e1742728474619-1719x920-2-300x161.jpeg 300w, https:\/\/guiadelocio.es\/madrid\/wp-content\/uploads\/sites\/2\/2025\/03\/King-Colis-imagen-1-scaled-e1742728474619-1719x920-2-1024x548.jpeg 1024w, https:\/\/guiadelocio.es\/madrid\/wp-content\/uploads\/sites\/2\/2025\/03\/King-Colis-imagen-1-scaled-e1742728474619-1719x920-2-768x411.jpeg 768w, https:\/\/guiadelocio.es\/madrid\/wp-content\/uploads\/sites\/2\/2025\/03\/King-Colis-imagen-1-scaled-e1742728474619-1719x920-2-1536x822.jpeg 1536w, https:\/\/guiadelocio.es\/madrid\/wp-content\/uploads\/sites\/2\/2025\/03\/King-Colis-imagen-1-scaled-e1742728474619-1719x920-2-640x343.jpeg 640w, https:\/\/guiadelocio.es\/madrid\/wp-content\/uploads\/sites\/2\/2025\/03\/King-Colis-imagen-1-scaled-e1742728474619-1719x920-2-266x142.jpeg 266w, https:\/\/guiadelocio.es\/madrid\/wp-content\/uploads\/sites\/2\/2025\/03\/King-Colis-imagen-1-scaled-e1742728474619-1719x920-2.jpeg 1719w\" sizes=\"(max-width: 501px) 100vw, 501px\" \/><\/a><\/p>\n<p>&nbsp;<\/p>\n<h2 class=\"section-single__title\">Merzouki convierte Matadero en el epicentro internacional del hip hop<\/h2>\n<p>El core\u00f3grafo franc\u00e9s Mourad Merzouki, con la K\u00e4fig Compagnie, convierte Centro Danza\u00a0<a href=\"https:\/\/guiadelocio.es\/madrid\/plan\/matadero-madrid\/\" target=\"_blank\" rel=\"noopener\"><span>Matadero<\/span><\/a>\u00a0en el epicentro internacional del\u00a0<em>hip hop. Ser\u00e1 con el estreno de\u00a0<\/em><a href=\"https:\/\/guiadelocio.es\/madrid\/plan\/merzouki-convierte-matadero-en-el-epicentro-internacional-del-hip-hop\/\" target=\"_blank\" rel=\"noopener\"><em>Z\u00e9phyr<\/em><\/a>, creaci\u00f3n con la que muestra una nueva po\u00e9tica del espacio.<\/p>\n<p><a href=\"https:\/\/guiadelocio.es\/madrid\/plan\/merzouki-convierte-matadero-en-el-epicentro-internacional-del-hip-hop\/\" target=\"_blank\" rel=\"noopener\"><img decoding=\"async\" class=\" wp-image-38589 aligncenter\" src=\"https:\/\/guiadelocio.es\/madrid\/wp-content\/uploads\/sites\/2\/2025\/03\/Zephyr-01-HD-\u00a9-Laurent-Philippe-scaled-1-1380x920-1-300x200.jpeg\" alt=\"\" width=\"500\" height=\"333\" srcset=\"https:\/\/guiadelocio.es\/madrid\/wp-content\/uploads\/sites\/2\/2025\/03\/Zephyr-01-HD-\u00a9-Laurent-Philippe-scaled-1-1380x920-1-300x200.jpeg 300w, https:\/\/guiadelocio.es\/madrid\/wp-content\/uploads\/sites\/2\/2025\/03\/Zephyr-01-HD-\u00a9-Laurent-Philippe-scaled-1-1380x920-1-1024x683.jpeg 1024w, https:\/\/guiadelocio.es\/madrid\/wp-content\/uploads\/sites\/2\/2025\/03\/Zephyr-01-HD-\u00a9-Laurent-Philippe-scaled-1-1380x920-1-768x512.jpeg 768w, https:\/\/guiadelocio.es\/madrid\/wp-content\/uploads\/sites\/2\/2025\/03\/Zephyr-01-HD-\u00a9-Laurent-Philippe-scaled-1-1380x920-1-640x427.jpeg 640w, https:\/\/guiadelocio.es\/madrid\/wp-content\/uploads\/sites\/2\/2025\/03\/Zephyr-01-HD-\u00a9-Laurent-Philippe-scaled-1-1380x920-1-266x177.jpeg 266w, https:\/\/guiadelocio.es\/madrid\/wp-content\/uploads\/sites\/2\/2025\/03\/Zephyr-01-HD-\u00a9-Laurent-Philippe-scaled-1-1380x920-1.jpeg 1380w\" sizes=\"(max-width: 500px) 100vw, 500px\" \/><\/a><\/p>\n<p>&nbsp;<\/p>\n<h2 class=\"section-single__title\">Ana Torrent protagoniza \u2018Las amargas l\u00e1grimas de Petra von Kant\u2019<\/h2>\n<p><a href=\"https:\/\/guiadelocio.es\/madrid\/plan\/ana-torrent-protagoniza-las-amargas-lagrimas-de-petra-von-kant\/\" target=\"_blank\" rel=\"noopener\"><span>Las amargas l\u00e1grimas de Petra von Kant<\/span><\/a>, de Rainer Werner Fassbinder y\u00a0protagonizada por Ana Torrent, se estrena en Nave 10 de Matadero.<\/p>\n<p><a href=\"https:\/\/guiadelocio.es\/madrid\/plan\/ana-torrent-protagoniza-las-amargas-lagrimas-de-petra-von-kant\/\" target=\"_blank\" rel=\"noopener\"><img decoding=\"async\" class=\" wp-image-38591 aligncenter\" src=\"https:\/\/guiadelocio.es\/madrid\/wp-content\/uploads\/sites\/2\/2025\/03\/amargas_lagrimas_grupos_javier-naval-580x432-1-300x223.jpeg\" alt=\"\" width=\"500\" height=\"372\" srcset=\"https:\/\/guiadelocio.es\/madrid\/wp-content\/uploads\/sites\/2\/2025\/03\/amargas_lagrimas_grupos_javier-naval-580x432-1-300x223.jpeg 300w, https:\/\/guiadelocio.es\/madrid\/wp-content\/uploads\/sites\/2\/2025\/03\/amargas_lagrimas_grupos_javier-naval-580x432-1-266x198.jpeg 266w, https:\/\/guiadelocio.es\/madrid\/wp-content\/uploads\/sites\/2\/2025\/03\/amargas_lagrimas_grupos_javier-naval-580x432-1.jpeg 580w\" sizes=\"(max-width: 500px) 100vw, 500px\" \/><\/a><\/p>\n<p>&nbsp;<\/p>\n<h2 class=\"section-single__title\">Moby Dick cumple 33 a\u00f1os y lo celebra con 2 fiestas<\/h2>\n<p>La sala<a href=\"https:\/\/guiadelocio.es\/madrid\/moby-dick-club\/\" target=\"_blank\" rel=\"noopener\">\u00a0Moby Dick Club<\/a>\u00a0celebra su 33 aniversario con un<a href=\"https:\/\/guiadelocio.es\/madrid\/plan\/moby-dick-cumple-33-anos-y-lo-celebra-con-2-fiestas\/\" target=\"_blank\" rel=\"noopener\"><span> fin de semana de m\u00fasica<\/span><\/a>.\u00a0El viernes 28 de marzo con el Festival Emergentes, y el s\u00e1bado 29 con la gran fiesta de aniversario.<\/p>\n<p><a href=\"https:\/\/guiadelocio.es\/madrid\/plan\/moby-dick-cumple-33-anos-y-lo-celebra-con-2-fiestas\/\" target=\"_blank\" rel=\"noopener\"><img decoding=\"async\" class=\" wp-image-38593 aligncenter\" src=\"https:\/\/guiadelocio.es\/madrid\/wp-content\/uploads\/sites\/2\/2025\/03\/unnamed-2025-03-19T123859.014-640x426-1-300x200.jpg\" alt=\"\" width=\"501\" height=\"334\" srcset=\"https:\/\/guiadelocio.es\/madrid\/wp-content\/uploads\/sites\/2\/2025\/03\/unnamed-2025-03-19T123859.014-640x426-1-300x200.jpg 300w, https:\/\/guiadelocio.es\/madrid\/wp-content\/uploads\/sites\/2\/2025\/03\/unnamed-2025-03-19T123859.014-640x426-1-266x177.jpg 266w, https:\/\/guiadelocio.es\/madrid\/wp-content\/uploads\/sites\/2\/2025\/03\/unnamed-2025-03-19T123859.014-640x426-1.jpg 640w\" sizes=\"(max-width: 501px) 100vw, 501px\" \/><\/a><\/p>\n<p>&nbsp;<\/p>\n<h2 class=\"section-single__title\">In-Edit on Tour para en Madrid con documentales y m\u00fasica en directo<\/h2>\n<p>La nueva edici\u00f3n de <a href=\"https:\/\/guiadelocio.es\/madrid\/plan\/in-edit-on-tour-para-en-madrid-con-documentales-y-musica-en-directo\/\" target=\"_blank\" rel=\"noopener\"><span>In-Edit On Tour<\/span><\/a>\u00a0ofrece proyecciones de los mejores documentales del certamen, coloquios, conciertos en directo y sesiones Dj. Entre ellos, destacan documentales que profundizan en bandas referentes como\u00a0Blur\u00a0y los\u00a0Rolling Stones; y films que indagan la\u00a0historia del jazz y del baile.<\/p>\n<p><a href=\"https:\/\/guiadelocio.es\/madrid\/plan\/in-edit-on-tour-para-en-madrid-con-documentales-y-musica-en-directo\/\" target=\"_blank\" rel=\"noopener\"><img decoding=\"async\" class=\" wp-image-38595 aligncenter\" src=\"https:\/\/guiadelocio.es\/madrid\/wp-content\/uploads\/sites\/2\/2025\/03\/67c860b62a5c1-768x479-1-300x187.jpeg\" alt=\"\" width=\"501\" height=\"312\" srcset=\"https:\/\/guiadelocio.es\/madrid\/wp-content\/uploads\/sites\/2\/2025\/03\/67c860b62a5c1-768x479-1-300x187.jpeg 300w, https:\/\/guiadelocio.es\/madrid\/wp-content\/uploads\/sites\/2\/2025\/03\/67c860b62a5c1-768x479-1-640x399.jpeg 640w, https:\/\/guiadelocio.es\/madrid\/wp-content\/uploads\/sites\/2\/2025\/03\/67c860b62a5c1-768x479-1-266x166.jpeg 266w, https:\/\/guiadelocio.es\/madrid\/wp-content\/uploads\/sites\/2\/2025\/03\/67c860b62a5c1-768x479-1.jpeg 768w\" sizes=\"(max-width: 501px) 100vw, 501px\" \/><\/a><\/p>\n<p>&nbsp;<\/p>\n<h2 class=\"section-single__title\">Caf\u00e9 Quijano en concierto<\/h2>\n<p>El\u00a029 de marzo de 2025, el ic\u00f3nico grupo espa\u00f1ol de rock latino,\u00a0<a href=\"https:\/\/guiadelocio.es\/madrid\/plan\/cafe-quijano-en-concierto\/\" target=\"_blank\" rel=\"noopener\">Caf\u00e9 Quijano<\/a>, actuar\u00e1 en el\u00a0<a href=\"https:\/\/guiadelocio.es\/madrid\/plan\/teatro-circo-price-2\/\" target=\"_blank\" rel=\"noopener\"><span>Teatro Circo Price<\/span><\/a>\u00a0de Madrid como parte de su gira de presentaci\u00f3n de su nuevo \u00e1lbum de estudio, titulado\u00a0<em data-start=\"291\" data-end=\"303\">Miami 1990<\/em>.\u00a0Este tour supone el regreso del grupo a los escenarios con nuevas canciones que evocan los inicios de la banda y celebran su larga trayectoria en el mundo de la m\u00fasica.<\/p>\n<p><a href=\"https:\/\/guiadelocio.es\/madrid\/plan\/cafe-quijano-en-concierto\/\" target=\"_blank\" rel=\"noopener\"><img decoding=\"async\" class=\" wp-image-38597 aligncenter\" src=\"https:\/\/guiadelocio.es\/madrid\/wp-content\/uploads\/sites\/2\/2025\/03\/cafe-quijano-850-x-450_0.jpg-1-300x159.webp\" alt=\"\" width=\"500\" height=\"265\" srcset=\"https:\/\/guiadelocio.es\/madrid\/wp-content\/uploads\/sites\/2\/2025\/03\/cafe-quijano-850-x-450_0.jpg-1-300x159.webp 300w, https:\/\/guiadelocio.es\/madrid\/wp-content\/uploads\/sites\/2\/2025\/03\/cafe-quijano-850-x-450_0.jpg-1-768x407.webp 768w, https:\/\/guiadelocio.es\/madrid\/wp-content\/uploads\/sites\/2\/2025\/03\/cafe-quijano-850-x-450_0.jpg-1-640x339.webp 640w, https:\/\/guiadelocio.es\/madrid\/wp-content\/uploads\/sites\/2\/2025\/03\/cafe-quijano-850-x-450_0.jpg-1-266x141.webp 266w, https:\/\/guiadelocio.es\/madrid\/wp-content\/uploads\/sites\/2\/2025\/03\/cafe-quijano-850-x-450_0.jpg-1.webp 850w\" sizes=\"(max-width: 500px) 100vw, 500px\" \/><\/a><\/p>\n<p>&nbsp;<\/p>\n<h2 class=\"section-single__title\">\u2018Ecos del Oc\u00e9ano\u2019:\u00a0exposici\u00f3n inmersiva con inteligencia artificial<\/h2>\n<p><a href=\"https:\/\/guiadelocio.es\/madrid\/plan\/ecos-del-oceano-exposicion-inmersiva-con-inteligencia-artificial\/\" target=\"_blank\" rel=\"noopener\"><span>\u2018Ecos del Oc\u00e9ano\u2019<\/span><\/a>, una\u00a0exposici\u00f3n inmersiva que a\u00fana arte, ciencia y tecnolog\u00eda para reflexionar sobre el impacto humano en los ecosistemas marinos. La instalaci\u00f3n inmersiva presenta\u00a0doce pantallas de grandes dimensiones\u00a0con im\u00e1genes generadas por\u00a0inteligencia artificial y grabaciones sonoras\u00a0de especies marinas en distintos puntos del planeta.<\/p>\n<p><a href=\"https:\/\/guiadelocio.es\/madrid\/plan\/ecos-del-oceano-exposicion-inmersiva-con-inteligencia-artificial\/\" target=\"_blank\" rel=\"noopener\"><img decoding=\"async\" class=\" wp-image-38599 aligncenter\" src=\"https:\/\/guiadelocio.es\/madrid\/wp-content\/uploads\/sites\/2\/2025\/03\/IMAGEN-ECOS-DEL-OCEANO-e1739181810962-300x169.jpeg\" alt=\"\" width=\"501\" height=\"282\" srcset=\"https:\/\/guiadelocio.es\/madrid\/wp-content\/uploads\/sites\/2\/2025\/03\/IMAGEN-ECOS-DEL-OCEANO-e1739181810962-300x169.jpeg 300w, https:\/\/guiadelocio.es\/madrid\/wp-content\/uploads\/sites\/2\/2025\/03\/IMAGEN-ECOS-DEL-OCEANO-e1739181810962-1024x578.jpeg 1024w, https:\/\/guiadelocio.es\/madrid\/wp-content\/uploads\/sites\/2\/2025\/03\/IMAGEN-ECOS-DEL-OCEANO-e1739181810962-768x434.jpeg 768w, https:\/\/guiadelocio.es\/madrid\/wp-content\/uploads\/sites\/2\/2025\/03\/IMAGEN-ECOS-DEL-OCEANO-e1739181810962-640x361.jpeg 640w, https:\/\/guiadelocio.es\/madrid\/wp-content\/uploads\/sites\/2\/2025\/03\/IMAGEN-ECOS-DEL-OCEANO-e1739181810962-266x150.jpeg 266w, https:\/\/guiadelocio.es\/madrid\/wp-content\/uploads\/sites\/2\/2025\/03\/IMAGEN-ECOS-DEL-OCEANO-e1739181810962.jpeg 1057w\" sizes=\"(max-width: 501px) 100vw, 501px\" \/><\/a><\/p>\n<p>&nbsp;<\/p>\n<h2 class=\"section-single__title\">Teatralia dedica su 29\u00aa edici\u00f3n al dramaturgo Luis Matilla<\/h2>\n<p>La vig\u00e9simo novena edici\u00f3n de\u00a0<a href=\"https:\/\/guiadelocio.es\/madrid\/plan\/teatralia-dedica-su-29-edicion-al-dramaturgo-luis-matilla\/\" target=\"_blank\" rel=\"noopener\"><span>Teatralia<\/span><\/a>, el Festival Internacional de Artes Esc\u00e9nicas presenta un programa de\u00a026 espect\u00e1culos\u00a0procedentes de diferentes pa\u00edses y comunidades aut\u00f3nomas.<\/p>\n<p>Esta edici\u00f3n est\u00e1 dedicada a\u00a0Luis Matilla, dramaturgo fundamental en el teatro para los menores en nuestro pa\u00eds, fallecido el pasado noviembre.<a href=\"https:\/\/guiadelocio.es\/madrid\/plan\/teatralia-dedica-su-29-edicion-al-dramaturgo-luis-matilla\/\" target=\"_blank\" rel=\"noopener\"><img decoding=\"async\" class=\" wp-image-38601 aligncenter\" src=\"https:\/\/guiadelocio.es\/madrid\/wp-content\/uploads\/sites\/2\/2025\/03\/yayos-affiche-lq-640x379-1-300x178.webp\" alt=\"\" width=\"501\" height=\"297\" srcset=\"https:\/\/guiadelocio.es\/madrid\/wp-content\/uploads\/sites\/2\/2025\/03\/yayos-affiche-lq-640x379-1-300x178.webp 300w, https:\/\/guiadelocio.es\/madrid\/wp-content\/uploads\/sites\/2\/2025\/03\/yayos-affiche-lq-640x379-1-266x158.webp 266w, https:\/\/guiadelocio.es\/madrid\/wp-content\/uploads\/sites\/2\/2025\/03\/yayos-affiche-lq-640x379-1.webp 640w\" sizes=\"(max-width: 501px) 100vw, 501px\" \/><\/a><\/p>\n<p>&nbsp;<\/p>\n<h2 class=\"section-single__title\">Dani Rovira llega a Madrid con su show \u00abVale la pena\u00bb<\/h2>\n<p>El\u00a0<a href=\"https:\/\/guiadelocio.es\/madrid\/plan\/teatro-la-latina\/\" target=\"_blank\" rel=\"noopener\"><span>Teatro La Latina<\/span><\/a>\u00a0estrena el nuevo espect\u00e1culo de\u00a0<span class=\"il\">Dani Rovira<\/span>,\u00a0<a href=\"https:\/\/guiadelocio.es\/madrid\/plan\/dani-rovira-llega-a-madrid-con-su-nuevo-show-vale-la-pena\/\" target=\"_blank\" rel=\"noopener\"><strong><i>Vale la pena<\/i><\/strong><\/a>, que llega por primera vez a Madrid tras estar de gira por la geograf\u00eda espa\u00f1ola, en la que ha colgado el cartel de no hay billetes en innumerables ocasiones.<\/p>\n<p><a href=\"https:\/\/guiadelocio.es\/madrid\/plan\/dani-rovira-llega-a-madrid-con-su-nuevo-show-vale-la-pena\/\" target=\"_blank\" rel=\"noopener\"><img decoding=\"async\" class=\" wp-image-38603 aligncenter\" src=\"https:\/\/guiadelocio.es\/madrid\/wp-content\/uploads\/sites\/2\/2025\/03\/DSC_9183-640x427-1-300x200.jpeg\" alt=\"\" width=\"500\" height=\"333\" srcset=\"https:\/\/guiadelocio.es\/madrid\/wp-content\/uploads\/sites\/2\/2025\/03\/DSC_9183-640x427-1-300x200.jpeg 300w, https:\/\/guiadelocio.es\/madrid\/wp-content\/uploads\/sites\/2\/2025\/03\/DSC_9183-640x427-1-266x177.jpeg 266w, https:\/\/guiadelocio.es\/madrid\/wp-content\/uploads\/sites\/2\/2025\/03\/DSC_9183-640x427-1.jpeg 640w\" sizes=\"(max-width: 500px) 100vw, 500px\" \/><\/a><\/p>\n","protected":false},"excerpt":{"rendered":"<p>Este fin de semana del 28 al 30 de marzo queremos celebrar que el sol ha vuelto a nuestras vidas. Tanto si sois madrile\u00f1os como si no, en esta ciudad no estamos acostumbrados a tanta humedad y la situaci\u00f3n empezaba a pesar en nuestros corazones. Por eso os hemos buscado 10 planes para que no [&hellip;]<\/p>\n","protected":false},"author":5,"featured_media":38605,"comment_status":"closed","ping_status":"closed","sticky":false,"template":"","format":"standard","meta":{"_acf_changed":false,"footnotes":""},"categories":[1],"tags":[],"category_plan":[2],"filter_trans":[],"filter_main":[],"filter_sec":[],"barrios":[],"class_list":["post-38582","post","type-post","status-publish","format-standard","has-post-thumbnail","hentry","category-sin-categorizar"],"acf":[],"yoast_head":"<!-- This site is optimized with the Yoast SEO plugin v26.0 - https:\/\/yoast.com\/wordpress\/plugins\/seo\/ -->\n<title>10 planes para el fin de semana en Madrid | Madrid<\/title>\n<meta name=\"description\" content=\"Este fin de semana del 28 al 30 de marzo queremos celebrar que el sol ha vuelto a nuestras vidas. Tanto si sois madrile\u00f1os como si no, en esta ciudad no estamos acostumbrados a tanta humedad y la situaci\u00f3n empezaba a pesar en nuestros corazones. Por eso os hemos buscado 10 planes para que no pong\u00e1is ni un pie en casa. \u00a1A disfrutar!\" \/>\n<meta name=\"robots\" content=\"index, follow, max-snippet:-1, max-image-preview:large, max-video-preview:-1\" \/>\n<link rel=\"canonical\" href=\"https:\/\/guiadelocio.es\/madrid\/10-planes-para-el-fin-de-semana-en-madrid-49\/\" \/>\n<meta property=\"og:locale\" content=\"es_ES\" \/>\n<meta property=\"og:type\" content=\"article\" \/>\n<meta property=\"og:title\" content=\"10 planes para el fin de semana en Madrid | Madrid\" \/>\n<meta property=\"og:description\" content=\"Este fin de semana del 28 al 30 de marzo queremos celebrar que el sol ha vuelto a nuestras vidas. Tanto si sois madrile\u00f1os como si no, en esta ciudad no estamos acostumbrados a tanta humedad y la situaci\u00f3n empezaba a pesar en nuestros corazones. Por eso os hemos buscado 10 planes para que no pong\u00e1is ni un pie en casa. \u00a1A disfrutar!\" \/>\n<meta property=\"og:url\" content=\"https:\/\/guiadelocio.es\/madrid\/10-planes-para-el-fin-de-semana-en-madrid-49\/\" \/>\n<meta property=\"og:site_name\" content=\"Madrid\" \/>\n<meta property=\"article:published_time\" content=\"2025-03-28T03:14:56+00:00\" \/>\n<meta property=\"article:modified_time\" content=\"2025-03-28T03:15:48+00:00\" \/>\n<meta property=\"og:image\" content=\"https:\/\/guiadelocio.es\/madrid\/wp-content\/uploads\/sites\/2\/2025\/03\/iStock-2203565130-scaled.jpg\" \/>\n\t<meta property=\"og:image:width\" content=\"2048\" \/>\n\t<meta property=\"og:image:height\" content=\"1302\" \/>\n\t<meta property=\"og:image:type\" content=\"image\/jpeg\" \/>\n<meta name=\"author\" content=\"spons\" \/>\n<meta name=\"twitter:card\" content=\"summary_large_image\" \/>\n<meta name=\"twitter:label1\" content=\"Escrito por\" \/>\n\t<meta name=\"twitter:data1\" content=\"spons\" \/>\n\t<meta name=\"twitter:label2\" content=\"Tiempo de lectura\" \/>\n\t<meta name=\"twitter:data2\" content=\"5 minutos\" \/>\n<script type=\"application\/ld+json\" class=\"yoast-schema-graph\">{\"@context\":\"https:\/\/schema.org\",\"@graph\":[{\"@type\":\"WebPage\",\"@id\":\"https:\/\/guiadelocio.es\/madrid\/10-planes-para-el-fin-de-semana-en-madrid-49\/\",\"url\":\"https:\/\/guiadelocio.es\/madrid\/10-planes-para-el-fin-de-semana-en-madrid-49\/\",\"name\":\"10 planes para el fin de semana en Madrid | Madrid\",\"isPartOf\":{\"@id\":\"https:\/\/guiadelocio.es\/madrid\/#website\"},\"primaryImageOfPage\":{\"@id\":\"https:\/\/guiadelocio.es\/madrid\/10-planes-para-el-fin-de-semana-en-madrid-49\/#primaryimage\"},\"image\":{\"@id\":\"https:\/\/guiadelocio.es\/madrid\/10-planes-para-el-fin-de-semana-en-madrid-49\/#primaryimage\"},\"thumbnailUrl\":\"https:\/\/guiadelocio.es\/madrid\/wp-content\/uploads\/sites\/2\/2025\/03\/iStock-2203565130-scaled.jpg\",\"datePublished\":\"2025-03-28T03:14:56+00:00\",\"dateModified\":\"2025-03-28T03:15:48+00:00\",\"author\":{\"@id\":\"https:\/\/guiadelocio.es\/madrid\/#\/schema\/person\/8948cef5c81b7b4ad26551a45a2d12d3\"},\"description\":\"Este fin de semana del 28 al 30 de marzo queremos celebrar que el sol ha vuelto a nuestras vidas. Tanto si sois madrile\u00f1os como si no, en esta ciudad no estamos acostumbrados a tanta humedad y la situaci\u00f3n empezaba a pesar en nuestros corazones. Por eso os hemos buscado 10 planes para que no pong\u00e1is ni un pie en casa. \u00a1A disfrutar!\",\"breadcrumb\":{\"@id\":\"https:\/\/guiadelocio.es\/madrid\/10-planes-para-el-fin-de-semana-en-madrid-49\/#breadcrumb\"},\"inLanguage\":\"es\",\"potentialAction\":[{\"@type\":\"ReadAction\",\"target\":[\"https:\/\/guiadelocio.es\/madrid\/10-planes-para-el-fin-de-semana-en-madrid-49\/\"]}]},{\"@type\":\"ImageObject\",\"inLanguage\":\"es\",\"@id\":\"https:\/\/guiadelocio.es\/madrid\/10-planes-para-el-fin-de-semana-en-madrid-49\/#primaryimage\",\"url\":\"https:\/\/guiadelocio.es\/madrid\/wp-content\/uploads\/sites\/2\/2025\/03\/iStock-2203565130-scaled.jpg\",\"contentUrl\":\"https:\/\/guiadelocio.es\/madrid\/wp-content\/uploads\/sites\/2\/2025\/03\/iStock-2203565130-scaled.jpg\",\"width\":2048,\"height\":1302,\"caption\":\"Located in central Spain, Madrid, its capital, is a city of elegant boulevards and vast, well-kept parks like the Retiro. It is renowned for its rich collections of European art, including those in the Prado Museum, by Goya, Vel\u00e1zquez and other Spanish masters. At the heart of old Habsburg Madrid is the porticoed Plaza Mayor and, nearby, the baroque Royal Palace and its Armory, which houses historic weapons.\"},{\"@type\":\"BreadcrumbList\",\"@id\":\"https:\/\/guiadelocio.es\/madrid\/10-planes-para-el-fin-de-semana-en-madrid-49\/#breadcrumb\",\"itemListElement\":[{\"@type\":\"ListItem\",\"position\":1,\"name\":\"Portada\",\"item\":\"https:\/\/guiadelocio.es\/madrid\/\"},{\"@type\":\"ListItem\",\"position\":2,\"name\":\"10 planes para el fin de semana en Madrid\"}]},{\"@type\":\"WebSite\",\"@id\":\"https:\/\/guiadelocio.es\/madrid\/#website\",\"url\":\"https:\/\/guiadelocio.es\/madrid\/\",\"name\":\"Madrid | Gu\u00eda del Ocio\",\"description\":\"Qu\u00e9 hacer, d\u00f3nde comer, qu\u00e9 visitar y los lugares que no te puedes perder\",\"potentialAction\":[{\"@type\":\"SearchAction\",\"target\":{\"@type\":\"EntryPoint\",\"urlTemplate\":\"https:\/\/guiadelocio.es\/madrid\/?s={search_term_string}\"},\"query-input\":{\"@type\":\"PropertyValueSpecification\",\"valueRequired\":true,\"valueName\":\"search_term_string\"}}],\"inLanguage\":\"es\"},{\"@type\":\"Person\",\"@id\":\"https:\/\/guiadelocio.es\/madrid\/#\/schema\/person\/8948cef5c81b7b4ad26551a45a2d12d3\",\"name\":\"spons\",\"image\":{\"@type\":\"ImageObject\",\"inLanguage\":\"es\",\"@id\":\"https:\/\/guiadelocio.es\/madrid\/#\/schema\/person\/image\/\",\"url\":\"https:\/\/secure.gravatar.com\/avatar\/c3eb00312c63ba7a2ea61f1fc101d93b66984cbac41bc8a3997f9b64644a08c9?s=96&d=mm&r=g\",\"contentUrl\":\"https:\/\/secure.gravatar.com\/avatar\/c3eb00312c63ba7a2ea61f1fc101d93b66984cbac41bc8a3997f9b64644a08c9?s=96&d=mm&r=g\",\"caption\":\"spons\"}}]}<\/script>\n<!-- \/ Yoast SEO plugin. -->","yoast_head_json":{"title":"10 planes para el fin de semana en Madrid | Madrid","description":"Este fin de semana del 28 al 30 de marzo queremos celebrar que el sol ha vuelto a nuestras vidas. Tanto si sois madrile\u00f1os como si no, en esta ciudad no estamos acostumbrados a tanta humedad y la situaci\u00f3n empezaba a pesar en nuestros corazones. Por eso os hemos buscado 10 planes para que no pong\u00e1is ni un pie en casa. \u00a1A disfrutar!","robots":{"index":"index","follow":"follow","max-snippet":"max-snippet:-1","max-image-preview":"max-image-preview:large","max-video-preview":"max-video-preview:-1"},"canonical":"https:\/\/guiadelocio.es\/madrid\/10-planes-para-el-fin-de-semana-en-madrid-49\/","og_locale":"es_ES","og_type":"article","og_title":"10 planes para el fin de semana en Madrid | Madrid","og_description":"Este fin de semana del 28 al 30 de marzo queremos celebrar que el sol ha vuelto a nuestras vidas. Tanto si sois madrile\u00f1os como si no, en esta ciudad no estamos acostumbrados a tanta humedad y la situaci\u00f3n empezaba a pesar en nuestros corazones. Por eso os hemos buscado 10 planes para que no pong\u00e1is ni un pie en casa. \u00a1A disfrutar!","og_url":"https:\/\/guiadelocio.es\/madrid\/10-planes-para-el-fin-de-semana-en-madrid-49\/","og_site_name":"Madrid","article_published_time":"2025-03-28T03:14:56+00:00","article_modified_time":"2025-03-28T03:15:48+00:00","og_image":[{"width":2048,"height":1302,"url":"https:\/\/guiadelocio.es\/madrid\/wp-content\/uploads\/sites\/2\/2025\/03\/iStock-2203565130-scaled.jpg","type":"image\/jpeg"}],"author":"spons","twitter_card":"summary_large_image","twitter_misc":{"Escrito por":"spons","Tiempo de lectura":"5 minutos"},"schema":{"@context":"https:\/\/schema.org","@graph":[{"@type":"WebPage","@id":"https:\/\/guiadelocio.es\/madrid\/10-planes-para-el-fin-de-semana-en-madrid-49\/","url":"https:\/\/guiadelocio.es\/madrid\/10-planes-para-el-fin-de-semana-en-madrid-49\/","name":"10 planes para el fin de semana en Madrid | Madrid","isPartOf":{"@id":"https:\/\/guiadelocio.es\/madrid\/#website"},"primaryImageOfPage":{"@id":"https:\/\/guiadelocio.es\/madrid\/10-planes-para-el-fin-de-semana-en-madrid-49\/#primaryimage"},"image":{"@id":"https:\/\/guiadelocio.es\/madrid\/10-planes-para-el-fin-de-semana-en-madrid-49\/#primaryimage"},"thumbnailUrl":"https:\/\/guiadelocio.es\/madrid\/wp-content\/uploads\/sites\/2\/2025\/03\/iStock-2203565130-scaled.jpg","datePublished":"2025-03-28T03:14:56+00:00","dateModified":"2025-03-28T03:15:48+00:00","author":{"@id":"https:\/\/guiadelocio.es\/madrid\/#\/schema\/person\/8948cef5c81b7b4ad26551a45a2d12d3"},"description":"Este fin de semana del 28 al 30 de marzo queremos celebrar que el sol ha vuelto a nuestras vidas. Tanto si sois madrile\u00f1os como si no, en esta ciudad no estamos acostumbrados a tanta humedad y la situaci\u00f3n empezaba a pesar en nuestros corazones. Por eso os hemos buscado 10 planes para que no pong\u00e1is ni un pie en casa. \u00a1A disfrutar!","breadcrumb":{"@id":"https:\/\/guiadelocio.es\/madrid\/10-planes-para-el-fin-de-semana-en-madrid-49\/#breadcrumb"},"inLanguage":"es","potentialAction":[{"@type":"ReadAction","target":["https:\/\/guiadelocio.es\/madrid\/10-planes-para-el-fin-de-semana-en-madrid-49\/"]}]},{"@type":"ImageObject","inLanguage":"es","@id":"https:\/\/guiadelocio.es\/madrid\/10-planes-para-el-fin-de-semana-en-madrid-49\/#primaryimage","url":"https:\/\/guiadelocio.es\/madrid\/wp-content\/uploads\/sites\/2\/2025\/03\/iStock-2203565130-scaled.jpg","contentUrl":"https:\/\/guiadelocio.es\/madrid\/wp-content\/uploads\/sites\/2\/2025\/03\/iStock-2203565130-scaled.jpg","width":2048,"height":1302,"caption":"Located in central Spain, Madrid, its capital, is a city of elegant boulevards and vast, well-kept parks like the Retiro. It is renowned for its rich collections of European art, including those in the Prado Museum, by Goya, Vel\u00e1zquez and other Spanish masters. At the heart of old Habsburg Madrid is the porticoed Plaza Mayor and, nearby, the baroque Royal Palace and its Armory, which houses historic weapons."},{"@type":"BreadcrumbList","@id":"https:\/\/guiadelocio.es\/madrid\/10-planes-para-el-fin-de-semana-en-madrid-49\/#breadcrumb","itemListElement":[{"@type":"ListItem","position":1,"name":"Portada","item":"https:\/\/guiadelocio.es\/madrid\/"},{"@type":"ListItem","position":2,"name":"10 planes para el fin de semana en Madrid"}]},{"@type":"WebSite","@id":"https:\/\/guiadelocio.es\/madrid\/#website","url":"https:\/\/guiadelocio.es\/madrid\/","name":"Madrid | Gu\u00eda del Ocio","description":"Qu\u00e9 hacer, d\u00f3nde comer, qu\u00e9 visitar y los lugares que no te puedes perder","potentialAction":[{"@type":"SearchAction","target":{"@type":"EntryPoint","urlTemplate":"https:\/\/guiadelocio.es\/madrid\/?s={search_term_string}"},"query-input":{"@type":"PropertyValueSpecification","valueRequired":true,"valueName":"search_term_string"}}],"inLanguage":"es"},{"@type":"Person","@id":"https:\/\/guiadelocio.es\/madrid\/#\/schema\/person\/8948cef5c81b7b4ad26551a45a2d12d3","name":"spons","image":{"@type":"ImageObject","inLanguage":"es","@id":"https:\/\/guiadelocio.es\/madrid\/#\/schema\/person\/image\/","url":"https:\/\/secure.gravatar.com\/avatar\/c3eb00312c63ba7a2ea61f1fc101d93b66984cbac41bc8a3997f9b64644a08c9?s=96&d=mm&r=g","contentUrl":"https:\/\/secure.gravatar.com\/avatar\/c3eb00312c63ba7a2ea61f1fc101d93b66984cbac41bc8a3997f9b64644a08c9?s=96&d=mm&r=g","caption":"spons"}}]}},"_links":{"self":[{"href":"https:\/\/guiadelocio.es\/madrid\/wp-json\/wp\/v2\/posts\/38582","targetHints":{"allow":["GET"]}}],"collection":[{"href":"https:\/\/guiadelocio.es\/madrid\/wp-json\/wp\/v2\/posts"}],"about":[{"href":"https:\/\/guiadelocio.es\/madrid\/wp-json\/wp\/v2\/types\/post"}],"author":[{"embeddable":true,"href":"https:\/\/guiadelocio.es\/madrid\/wp-json\/wp\/v2\/users\/5"}],"replies":[{"embeddable":true,"href":"https:\/\/guiadelocio.es\/madrid\/wp-json\/wp\/v2\/comments?post=38582"}],"version-history":[{"count":0,"href":"https:\/\/guiadelocio.es\/madrid\/wp-json\/wp\/v2\/posts\/38582\/revisions"}],"wp:featuredmedia":[{"embeddable":true,"href":"https:\/\/guiadelocio.es\/madrid\/wp-json\/wp\/v2\/media\/38605"}],"wp:attachment":[{"href":"https:\/\/guiadelocio.es\/madrid\/wp-json\/wp\/v2\/media?parent=38582"}],"wp:term":[{"taxonomy":"category","embeddable":true,"href":"https:\/\/guiadelocio.es\/madrid\/wp-json\/wp\/v2\/categories?post=38582"},{"taxonomy":"post_tag","embeddable":true,"href":"https:\/\/guiadelocio.es\/madrid\/wp-json\/wp\/v2\/tags?post=38582"},{"taxonomy":"category_plan","embeddable":true,"href":"https:\/\/guiadelocio.es\/madrid\/wp-json\/wp\/v2\/category_plan?post=38582"},{"taxonomy":"filter_trans","embeddable":true,"href":"https:\/\/guiadelocio.es\/madrid\/wp-json\/wp\/v2\/filter_trans?post=38582"},{"taxonomy":"filter_main","embeddable":true,"href":"https:\/\/guiadelocio.es\/madrid\/wp-json\/wp\/v2\/filter_main?post=38582"},{"taxonomy":"filter_sec","embeddable":true,"href":"https:\/\/guiadelocio.es\/madrid\/wp-json\/wp\/v2\/filter_sec?post=38582"},{"taxonomy":"barrios","embeddable":true,"href":"https:\/\/guiadelocio.es\/madrid\/wp-json\/wp\/v2\/barrios?post=38582"}],"curies":[{"name":"wp","href":"https:\/\/api.w.org\/{rel}","templated":true}]}}