{"id":38328,"date":"2025-03-18T18:26:02","date_gmt":"2025-03-18T17:26:02","guid":{"rendered":"https:\/\/guiadelocio.es\/madrid\/?p=38328"},"modified":"2025-03-20T12:31:44","modified_gmt":"2025-03-20T11:31:44","slug":"hola-frida-llega-la-pelicula-de-animacion-inspirada-en-frida-kahlo","status":"publish","type":"post","link":"https:\/\/guiadelocio.es\/madrid\/hola-frida-llega-la-pelicula-de-animacion-inspirada-en-frida-kahlo\/","title":{"rendered":"\u00a1Hola, Frida! llega la pel\u00edcula de animaci\u00f3n inspirada en Frida Kahlo"},"content":{"rendered":"<p data-start=\"104\" data-end=\"660\">El pr\u00f3ximo 28 de marzo<strong> se estrena en cines <a href=\"https:\/\/www.packmagic.cat\/es\/films\/hola-frida\/\" target=\"_blank\" rel=\"noopener\"><span>\u00abHola, Frida\u00bb<\/span><\/a><\/strong>, una pel\u00edcula de animaci\u00f3n dirigida por Karine V\u00e9zina y Andr\u00e9 Kadi que <strong>nos invita a descubrir la infancia de la c\u00e9lebre pintora mexicana Frida Kahlo<\/strong>. Este largometraje, recomendado para ni\u00f1os a partir de 5 a\u00f1os, se enfoca en las experiencias tempranas que marcaron a la artista, explorando su incre\u00edble imaginaci\u00f3n, su fortaleza frente a la adversidad y su capacidad para crear un mundo \u00fanico en el vibrante entorno de Coyoac\u00e1n, M\u00e9xico. La pel\u00edcula emocionar\u00e1 a p\u00fablicos de todas las edades con su historia sensible y visualmente cautivadora.<\/p>\n<p data-start=\"104\" data-end=\"660\"><img decoding=\"async\" class=\"wp-image-38329 aligncenter\" src=\"https:\/\/guiadelocio.es\/madrid\/wp-content\/uploads\/sites\/2\/2025\/03\/HOLA-FRIDA-1\u00a9-2024-Haut-et-Court-Distribution-Tobo-Media-Du-Coup-Studio-Production-Maison-43-300x169.png\" alt=\"\" width=\"657\" height=\"370\" srcset=\"https:\/\/guiadelocio.es\/madrid\/wp-content\/uploads\/sites\/2\/2025\/03\/HOLA-FRIDA-1\u00a9-2024-Haut-et-Court-Distribution-Tobo-Media-Du-Coup-Studio-Production-Maison-43-300x169.png 300w, https:\/\/guiadelocio.es\/madrid\/wp-content\/uploads\/sites\/2\/2025\/03\/HOLA-FRIDA-1\u00a9-2024-Haut-et-Court-Distribution-Tobo-Media-Du-Coup-Studio-Production-Maison-43-1024x576.png 1024w, https:\/\/guiadelocio.es\/madrid\/wp-content\/uploads\/sites\/2\/2025\/03\/HOLA-FRIDA-1\u00a9-2024-Haut-et-Court-Distribution-Tobo-Media-Du-Coup-Studio-Production-Maison-43-768x432.png 768w, https:\/\/guiadelocio.es\/madrid\/wp-content\/uploads\/sites\/2\/2025\/03\/HOLA-FRIDA-1\u00a9-2024-Haut-et-Court-Distribution-Tobo-Media-Du-Coup-Studio-Production-Maison-43-1536x864.png 1536w, https:\/\/guiadelocio.es\/madrid\/wp-content\/uploads\/sites\/2\/2025\/03\/HOLA-FRIDA-1\u00a9-2024-Haut-et-Court-Distribution-Tobo-Media-Du-Coup-Studio-Production-Maison-43-1636x920.png 1636w, https:\/\/guiadelocio.es\/madrid\/wp-content\/uploads\/sites\/2\/2025\/03\/HOLA-FRIDA-1\u00a9-2024-Haut-et-Court-Distribution-Tobo-Media-Du-Coup-Studio-Production-Maison-43-640x360.png 640w, https:\/\/guiadelocio.es\/madrid\/wp-content\/uploads\/sites\/2\/2025\/03\/HOLA-FRIDA-1\u00a9-2024-Haut-et-Court-Distribution-Tobo-Media-Du-Coup-Studio-Production-Maison-43-266x150.png 266w, https:\/\/guiadelocio.es\/madrid\/wp-content\/uploads\/sites\/2\/2025\/03\/HOLA-FRIDA-1\u00a9-2024-Haut-et-Court-Distribution-Tobo-Media-Du-Coup-Studio-Production-Maison-43.png 1920w\" sizes=\"(max-width: 657px) 100vw, 657px\" \/><\/p>\n<h3 data-start=\"709\" data-end=\"721\"><strong data-start=\"709\" data-end=\"721\">Sinopsis<\/strong><\/h3>\n<p data-start=\"723\" data-end=\"1296\" data-is-last-node=\"\" data-is-only-node=\"\">\u00abHola, Frida\u00bb narra la historia de una ni\u00f1a curiosa y valiente que vive en la Ciudad de M\u00e9xico a principios del siglo XX. Desde peque\u00f1a, Frida enfrenta diversas dificultades, como la poliomielitis, una enfermedad que la a\u00edsla temporalmente del mundo exterior. Sin embargo, con una imaginaci\u00f3n desbordante, se inventa una amiga imaginaria que la acompa\u00f1a y le da fuerzas para enfrentar sus problemas. Con el apoyo de su hermana Cristina y su perra Chiquita, Frida crea un refugio en sus diarios y cuadernos, donde comienza a desarrollar su capacidad art\u00edstica y resiliencia.<\/p>\n<h3 data-start=\"0\" data-end=\"32\"><strong data-start=\"0\" data-end=\"32\">La Historia y los personajes<\/strong><\/h3>\n<p data-start=\"34\" data-end=\"665\">El guion de <strong>\u00abHola, Frida\u00bb<\/strong>, basado en el libro infantil <strong><em data-start=\"89\" data-end=\"107\">Frida, c\u2019est moi<\/em> de Sophie Faucher<\/strong> e ilustrado por Cara Carmina, nos presenta una infancia llena de desaf\u00edos que moldearon a la futura artista. La peque\u00f1a Frida vive en el barrio de Coyoac\u00e1n, rodeada de la riqueza cultural de su pa\u00eds y la influencia de su herencia zapoteca, transmitida por su madre Matilde. Desde temprana edad, sufre la poliomielitis, lo que le deja secuelas f\u00edsicas y provoca el acoso de sus compa\u00f1eros. En respuesta a estas dificultades, Frida encuentra consuelo en su imaginaci\u00f3n, creando una amiga imaginaria que le acompa\u00f1a en los momentos m\u00e1s duros.<\/p>\n<p data-start=\"667\" data-end=\"1070\">El filme retrata la vida cotidiana de una ni\u00f1a que transforma su dolor en creatividad, impulsada por su fuerte conexi\u00f3n con el arte, la familia y su entorno. Su padre, Guillermo, fot\u00f3grafo y artista, la anima a experimentar con el color y el dibujo, mientras que su madre le inculca la fuerza de sus ra\u00edces ind\u00edgenas. Este apoyo familiar es crucial en el desarrollo de su identidad art\u00edstica y personal.<\/p>\n<p data-start=\"667\" data-end=\"1070\"><img decoding=\"async\" class=\"wp-image-38331 aligncenter\" src=\"https:\/\/guiadelocio.es\/madrid\/wp-content\/uploads\/sites\/2\/2025\/03\/HOLA-FRIDA-2\u00a9-2024-Haut-et-Court-Distribution-Tobo-Media-Du-Coup-Studio-Production-Maison-43-300x169.png\" alt=\"\" width=\"657\" height=\"370\" srcset=\"https:\/\/guiadelocio.es\/madrid\/wp-content\/uploads\/sites\/2\/2025\/03\/HOLA-FRIDA-2\u00a9-2024-Haut-et-Court-Distribution-Tobo-Media-Du-Coup-Studio-Production-Maison-43-300x169.png 300w, https:\/\/guiadelocio.es\/madrid\/wp-content\/uploads\/sites\/2\/2025\/03\/HOLA-FRIDA-2\u00a9-2024-Haut-et-Court-Distribution-Tobo-Media-Du-Coup-Studio-Production-Maison-43-1024x576.png 1024w, https:\/\/guiadelocio.es\/madrid\/wp-content\/uploads\/sites\/2\/2025\/03\/HOLA-FRIDA-2\u00a9-2024-Haut-et-Court-Distribution-Tobo-Media-Du-Coup-Studio-Production-Maison-43-768x432.png 768w, https:\/\/guiadelocio.es\/madrid\/wp-content\/uploads\/sites\/2\/2025\/03\/HOLA-FRIDA-2\u00a9-2024-Haut-et-Court-Distribution-Tobo-Media-Du-Coup-Studio-Production-Maison-43-1536x864.png 1536w, https:\/\/guiadelocio.es\/madrid\/wp-content\/uploads\/sites\/2\/2025\/03\/HOLA-FRIDA-2\u00a9-2024-Haut-et-Court-Distribution-Tobo-Media-Du-Coup-Studio-Production-Maison-43-1636x920.png 1636w, https:\/\/guiadelocio.es\/madrid\/wp-content\/uploads\/sites\/2\/2025\/03\/HOLA-FRIDA-2\u00a9-2024-Haut-et-Court-Distribution-Tobo-Media-Du-Coup-Studio-Production-Maison-43-640x360.png 640w, https:\/\/guiadelocio.es\/madrid\/wp-content\/uploads\/sites\/2\/2025\/03\/HOLA-FRIDA-2\u00a9-2024-Haut-et-Court-Distribution-Tobo-Media-Du-Coup-Studio-Production-Maison-43-266x150.png 266w, https:\/\/guiadelocio.es\/madrid\/wp-content\/uploads\/sites\/2\/2025\/03\/HOLA-FRIDA-2\u00a9-2024-Haut-et-Court-Distribution-Tobo-Media-Du-Coup-Studio-Production-Maison-43.png 1920w\" sizes=\"(max-width: 657px) 100vw, 657px\" \/><\/p>\n<h3 data-start=\"1072\" data-end=\"1107\"><strong data-start=\"1072\" data-end=\"1107\">El estilo visual y la direcci\u00f3n<\/strong><\/h3>\n<p data-start=\"1109\" data-end=\"1572\">Dirigida por <strong>Karine V\u00e9zina<\/strong> y <strong>Andr\u00e9 Kadi<\/strong>, <strong>\u00abHola, Frida\u00bb<\/strong> es un proyecto animado que destaca por su colorido y su estilo visual \u00fanico. La direcci\u00f3n art\u00edstica, a cargo de Marie Michelle Laflamme, se inspira en las ilustraciones de Cara Carmina, dotando al filme de una atm\u00f3sfera vibrante y envolvente. La pel\u00edcula equilibra cuidadosamente los elementos reales y m\u00e1gicos, recreando el mundo imaginario de Frida, que m\u00e1s tarde se transformar\u00eda en su universo pict\u00f3rico.<\/p>\n<p data-start=\"1574\" data-end=\"1987\">El viaje que los directores realizaron a M\u00e9xico fue clave para la autenticidad visual del filme. Visitaron Coyoac\u00e1n y la Casa Azul, hogar de Frida Kahlo, donde tomaron miles de referencias fotogr\u00e1ficas que luego se trasladaron al dise\u00f1o de escenarios. Este trabajo de campo se refleja en los detalles visuales de la pel\u00edcula, que captura con precisi\u00f3n tanto el entorno f\u00edsico como el emocional de la protagonista.<\/p>\n<h3 data-start=\"1989\" data-end=\"2039\"><strong data-start=\"1989\" data-end=\"2039\">El papel de la imaginaci\u00f3n en la vida de Frida<\/strong><\/h3>\n<p data-start=\"2041\" data-end=\"2479\">Uno de los elementos centrales en <strong>\u00abHola, Frida\u00bb<\/strong> es el uso de la imaginaci\u00f3n como herramienta para superar la adversidad. A lo largo de la pel\u00edcula, Frida crea un mundo interior lleno de color y fantas\u00eda que le permite escapar de la dura realidad de su enfermedad. Su libreta, donde escribe y dibuja, es un s\u00edmbolo clave en su vida, representando tanto su refugio como el espacio donde empieza a plasmar sus primeras creaciones art\u00edsticas.<\/p>\n<p data-start=\"2481\" data-end=\"2863\">La pel\u00edcula explora c\u00f3mo este universo imaginario, que comenz\u00f3 en su infancia, se convierte en la base de la obra pict\u00f3rica de Frida Kahlo, quien siempre afirm\u00f3 que no era surrealista, sino que pintaba su propia realidad. As\u00ed, \u00abHola, Frida\u00bb ilustra c\u00f3mo la creatividad de la protagonista es una herramienta fundamental para su autoaceptaci\u00f3n y resiliencia frente a las adversidades.<\/p>\n<p data-start=\"2481\" data-end=\"2863\"><img decoding=\"async\" class=\"wp-image-38333 aligncenter\" src=\"https:\/\/guiadelocio.es\/madrid\/wp-content\/uploads\/sites\/2\/2025\/03\/HOLA-FRIDA-3\u00a9-2024-Haut-et-Court-Distribution-Tobo-Media-Du-Coup-Studio-Production-Maison-43-300x169.png\" alt=\"\" width=\"657\" height=\"370\" srcset=\"https:\/\/guiadelocio.es\/madrid\/wp-content\/uploads\/sites\/2\/2025\/03\/HOLA-FRIDA-3\u00a9-2024-Haut-et-Court-Distribution-Tobo-Media-Du-Coup-Studio-Production-Maison-43-300x169.png 300w, https:\/\/guiadelocio.es\/madrid\/wp-content\/uploads\/sites\/2\/2025\/03\/HOLA-FRIDA-3\u00a9-2024-Haut-et-Court-Distribution-Tobo-Media-Du-Coup-Studio-Production-Maison-43-1024x576.png 1024w, https:\/\/guiadelocio.es\/madrid\/wp-content\/uploads\/sites\/2\/2025\/03\/HOLA-FRIDA-3\u00a9-2024-Haut-et-Court-Distribution-Tobo-Media-Du-Coup-Studio-Production-Maison-43-768x432.png 768w, https:\/\/guiadelocio.es\/madrid\/wp-content\/uploads\/sites\/2\/2025\/03\/HOLA-FRIDA-3\u00a9-2024-Haut-et-Court-Distribution-Tobo-Media-Du-Coup-Studio-Production-Maison-43-1536x864.png 1536w, https:\/\/guiadelocio.es\/madrid\/wp-content\/uploads\/sites\/2\/2025\/03\/HOLA-FRIDA-3\u00a9-2024-Haut-et-Court-Distribution-Tobo-Media-Du-Coup-Studio-Production-Maison-43-1636x920.png 1636w, https:\/\/guiadelocio.es\/madrid\/wp-content\/uploads\/sites\/2\/2025\/03\/HOLA-FRIDA-3\u00a9-2024-Haut-et-Court-Distribution-Tobo-Media-Du-Coup-Studio-Production-Maison-43-640x360.png 640w, https:\/\/guiadelocio.es\/madrid\/wp-content\/uploads\/sites\/2\/2025\/03\/HOLA-FRIDA-3\u00a9-2024-Haut-et-Court-Distribution-Tobo-Media-Du-Coup-Studio-Production-Maison-43-266x150.png 266w, https:\/\/guiadelocio.es\/madrid\/wp-content\/uploads\/sites\/2\/2025\/03\/HOLA-FRIDA-3\u00a9-2024-Haut-et-Court-Distribution-Tobo-Media-Du-Coup-Studio-Production-Maison-43.png 1920w\" sizes=\"(max-width: 657px) 100vw, 657px\" \/><\/p>\n<h3 data-start=\"2865\" data-end=\"2910\"><strong data-start=\"2865\" data-end=\"2910\">La familia de Frida: su apoyo fundamental<\/strong><\/h3>\n<p data-start=\"2912\" data-end=\"3313\">La pel\u00edcula pone un fuerte \u00e9nfasis en la relaci\u00f3n de Frida con sus padres, Guillermo y Matilde. Guillermo, su padre, es retratado como una figura positiva y alentadora, que fomenta el inter\u00e9s de su hija por el arte. En una escena clave, \u00e9l le propone a Frida colorear una de sus fotograf\u00edas en blanco y negro, un momento simb\u00f3lico que marca el inicio de su conexi\u00f3n profunda con la creaci\u00f3n art\u00edstica.<\/p>\n<p data-start=\"3315\" data-end=\"3798\">Matilde, por otro lado, es m\u00e1s estricta y pragm\u00e1tica, pero tambi\u00e9n le transmite a Frida la importancia de sus ra\u00edces zapotecas. La leyenda zapoteca, que aparece en la pel\u00edcula como un s\u00edmbolo de fortaleza, conecta a Frida con la historia y la cultura de su familia, aportando un elemento clave a la narrativa visual y emocional del filme. La cinta roja, que simboliza esta herencia, estructura parte de la pel\u00edcula, subrayando la importancia de las ra\u00edces de Frida en su vida y obra.<\/p>\n<p data-start=\"3315\" data-end=\"3798\"><img decoding=\"async\" class=\"wp-image-38335 aligncenter\" src=\"https:\/\/guiadelocio.es\/madrid\/wp-content\/uploads\/sites\/2\/2025\/03\/HOLA-FRIDA-4\u00a9-2024-Haut-et-Court-Distribution-Tobo-Media-Du-Coup-Studio-Production-Maison-43-300x169.png\" alt=\"\" width=\"657\" height=\"370\" srcset=\"https:\/\/guiadelocio.es\/madrid\/wp-content\/uploads\/sites\/2\/2025\/03\/HOLA-FRIDA-4\u00a9-2024-Haut-et-Court-Distribution-Tobo-Media-Du-Coup-Studio-Production-Maison-43-300x169.png 300w, https:\/\/guiadelocio.es\/madrid\/wp-content\/uploads\/sites\/2\/2025\/03\/HOLA-FRIDA-4\u00a9-2024-Haut-et-Court-Distribution-Tobo-Media-Du-Coup-Studio-Production-Maison-43-1024x576.png 1024w, https:\/\/guiadelocio.es\/madrid\/wp-content\/uploads\/sites\/2\/2025\/03\/HOLA-FRIDA-4\u00a9-2024-Haut-et-Court-Distribution-Tobo-Media-Du-Coup-Studio-Production-Maison-43-768x432.png 768w, https:\/\/guiadelocio.es\/madrid\/wp-content\/uploads\/sites\/2\/2025\/03\/HOLA-FRIDA-4\u00a9-2024-Haut-et-Court-Distribution-Tobo-Media-Du-Coup-Studio-Production-Maison-43-1536x864.png 1536w, https:\/\/guiadelocio.es\/madrid\/wp-content\/uploads\/sites\/2\/2025\/03\/HOLA-FRIDA-4\u00a9-2024-Haut-et-Court-Distribution-Tobo-Media-Du-Coup-Studio-Production-Maison-43-1636x920.png 1636w, https:\/\/guiadelocio.es\/madrid\/wp-content\/uploads\/sites\/2\/2025\/03\/HOLA-FRIDA-4\u00a9-2024-Haut-et-Court-Distribution-Tobo-Media-Du-Coup-Studio-Production-Maison-43-640x360.png 640w, https:\/\/guiadelocio.es\/madrid\/wp-content\/uploads\/sites\/2\/2025\/03\/HOLA-FRIDA-4\u00a9-2024-Haut-et-Court-Distribution-Tobo-Media-Du-Coup-Studio-Production-Maison-43-266x150.png 266w, https:\/\/guiadelocio.es\/madrid\/wp-content\/uploads\/sites\/2\/2025\/03\/HOLA-FRIDA-4\u00a9-2024-Haut-et-Court-Distribution-Tobo-Media-Du-Coup-Studio-Production-Maison-43.png 1920w\" sizes=\"(max-width: 657px) 100vw, 657px\" \/><\/p>\n<h3 data-start=\"3800\" data-end=\"3832\"><strong data-start=\"3800\" data-end=\"3832\">Reconocimientos y festivales<\/strong><\/h3>\n<p data-start=\"3834\" data-end=\"4380\"><strong>\u00abHola, Frida\u00bb<\/strong> ha sido presentada en destacados festivales de cine, incluyendo el <strong>Festival de Cine de Morelia<\/strong> en M\u00e9xico y el<strong> Festival Internacional de Cine de Animaci\u00f3n de Annecy<\/strong> en Francia. La pel\u00edcula ha sido recibida con entusiasmo, especialmente durante una proyecci\u00f3n especial en la Casa Azul de Coyoac\u00e1n, donde Cristina Kahlo, sobrina nieta de la artista, particip\u00f3 en la presentaci\u00f3n. Este evento fue uno de los momentos m\u00e1s emotivos para los directores, quienes expresaron su profunda gratitud por la c\u00e1lida acogida que ha tenido el filme.<\/p>\n<h3 data-start=\"4382\" data-end=\"4396\"><\/h3>\n<p data-start=\"4398\" data-end=\"5023\" data-is-last-node=\"\" data-is-only-node=\"\"><strong>\u00abHola, Frida<\/strong>\u00bb es m\u00e1s que una pel\u00edcula animada para ni\u00f1os; es una obra que explora la imaginaci\u00f3n, la fortaleza y la creatividad de una de las artistas m\u00e1s emblem\u00e1ticas del siglo XX. A trav\u00e9s de una animaci\u00f3n cuidadosamente elaborada y una narrativa llena de sensibilidad, la pel\u00edcula logra capturar la esencia de la infancia de Frida Kahlo, mostrando c\u00f3mo las dificultades que enfrent\u00f3 desde peque\u00f1a la llevaron a convertirse en una mujer y artista excepcional. El estreno el 28 de marzo es una oportunidad \u00fanica para que grandes y peque\u00f1os descubran una nueva faceta de Frida, la ni\u00f1a que so\u00f1aba y creaba sin l\u00edmites.<\/p>\n<div class=\"js--player\" data-plyr-provider=\"youtube\" data-plyr-embed-id=\"4qa5SXd2bBI\" data-origin=\"4qa5SXd2bBI\"><\/div>\n<p>&nbsp;<\/p>\n<p><span style=\"color: #ff6600;\"><strong>\u00bfQuieres ser siempre el primero en enterarte de todos los planes que hay en tu ciudad?<\/strong><\/span><\/p>\n<p><span style=\"color: #ff6600;\"><a class=\"button button--large button--iconposition-left button--icon-newsletter\" style=\"color: #ff6600;\" href=\"https:\/\/guiadelocio.es\/madrid\/suscribete-aqui-a-nuestra-newsletter\/\" target=\"_blank\" rel=\"noopener\"><span>Inscr\u00edbete AQU\u00cd a nuestra newsletter<\/span><\/a><\/span><\/p>\n","protected":false},"excerpt":{"rendered":"<p>El pr\u00f3ximo 28 de marzo se estrena en cines \u00abHola, Frida\u00bb, una pel\u00edcula de animaci\u00f3n dirigida por Karine V\u00e9zina y Andr\u00e9 Kadi que nos invita a descubrir la infancia de la c\u00e9lebre pintora mexicana Frida Kahlo. Este largometraje, recomendado para ni\u00f1os a partir de 5 a\u00f1os, se enfoca en las experiencias tempranas que marcaron a [&hellip;]<\/p>\n","protected":false},"author":8,"featured_media":38369,"comment_status":"closed","ping_status":"closed","sticky":false,"template":"","format":"standard","meta":{"_acf_changed":false,"footnotes":""},"categories":[1],"tags":[],"category_plan":[47,143,177],"filter_trans":[],"filter_main":[],"filter_sec":[],"barrios":[],"class_list":["post-38328","post","type-post","status-publish","format-standard","has-post-thumbnail","hentry","category-sin-categorizar"],"acf":[],"yoast_head":"<!-- This site is optimized with the Yoast SEO plugin v26.0 - https:\/\/yoast.com\/wordpress\/plugins\/seo\/ -->\n<title>\u00a1Hola, Frida! llega la pel\u00edcula de animaci\u00f3n inspirada en Frida Kahlo | Madrid<\/title>\n<meta name=\"description\" content=\"Hola Frida es una mirada tierna y luminosa a los primeros a\u00f1os de Frida Kahlo, figura clave del arte mexicano.\" \/>\n<meta name=\"robots\" content=\"index, follow, max-snippet:-1, max-image-preview:large, max-video-preview:-1\" \/>\n<link rel=\"canonical\" href=\"https:\/\/guiadelocio.es\/madrid\/hola-frida-llega-la-pelicula-de-animacion-inspirada-en-frida-kahlo\/\" \/>\n<meta property=\"og:locale\" content=\"es_ES\" \/>\n<meta property=\"og:type\" content=\"article\" \/>\n<meta property=\"og:title\" content=\"\u00a1Hola, Frida! llega la pel\u00edcula de animaci\u00f3n inspirada en Frida Kahlo | Madrid\" \/>\n<meta property=\"og:description\" content=\"Hola Frida es una mirada tierna y luminosa a los primeros a\u00f1os de Frida Kahlo, figura clave del arte mexicano.\" \/>\n<meta property=\"og:url\" content=\"https:\/\/guiadelocio.es\/madrid\/hola-frida-llega-la-pelicula-de-animacion-inspirada-en-frida-kahlo\/\" \/>\n<meta property=\"og:site_name\" content=\"Madrid\" \/>\n<meta property=\"article:published_time\" content=\"2025-03-18T17:26:02+00:00\" \/>\n<meta property=\"article:modified_time\" content=\"2025-03-20T11:31:44+00:00\" \/>\n<meta property=\"og:image\" content=\"https:\/\/guiadelocio.es\/madrid\/wp-content\/uploads\/sites\/2\/2025\/03\/HolaFrida_creativitat_GuiaOcio_2080x800.jpg\" \/>\n\t<meta property=\"og:image:width\" content=\"2048\" \/>\n\t<meta property=\"og:image:height\" content=\"788\" \/>\n\t<meta property=\"og:image:type\" content=\"image\/jpeg\" \/>\n<meta name=\"author\" content=\"Gu\u00eda del Ocio\" \/>\n<meta name=\"twitter:card\" content=\"summary_large_image\" \/>\n<meta name=\"twitter:label1\" content=\"Escrito por\" \/>\n\t<meta name=\"twitter:data1\" content=\"Gu\u00eda del Ocio\" \/>\n\t<meta name=\"twitter:label2\" content=\"Tiempo de lectura\" \/>\n\t<meta name=\"twitter:data2\" content=\"6 minutos\" \/>\n<script type=\"application\/ld+json\" class=\"yoast-schema-graph\">{\"@context\":\"https:\/\/schema.org\",\"@graph\":[{\"@type\":\"WebPage\",\"@id\":\"https:\/\/guiadelocio.es\/madrid\/hola-frida-llega-la-pelicula-de-animacion-inspirada-en-frida-kahlo\/\",\"url\":\"https:\/\/guiadelocio.es\/madrid\/hola-frida-llega-la-pelicula-de-animacion-inspirada-en-frida-kahlo\/\",\"name\":\"\u00a1Hola, Frida! llega la pel\u00edcula de animaci\u00f3n inspirada en Frida Kahlo | Madrid\",\"isPartOf\":{\"@id\":\"https:\/\/guiadelocio.es\/madrid\/#website\"},\"primaryImageOfPage\":{\"@id\":\"https:\/\/guiadelocio.es\/madrid\/hola-frida-llega-la-pelicula-de-animacion-inspirada-en-frida-kahlo\/#primaryimage\"},\"image\":{\"@id\":\"https:\/\/guiadelocio.es\/madrid\/hola-frida-llega-la-pelicula-de-animacion-inspirada-en-frida-kahlo\/#primaryimage\"},\"thumbnailUrl\":\"https:\/\/guiadelocio.es\/madrid\/wp-content\/uploads\/sites\/2\/2025\/03\/HolaFrida_creativitat_GuiaOcio_2080x800.jpg\",\"datePublished\":\"2025-03-18T17:26:02+00:00\",\"dateModified\":\"2025-03-20T11:31:44+00:00\",\"author\":{\"@id\":\"https:\/\/guiadelocio.es\/madrid\/#\/schema\/person\/dedd385c3a1875e2dfb8ee808e4fca89\"},\"description\":\"Hola Frida es una mirada tierna y luminosa a los primeros a\u00f1os de Frida Kahlo, figura clave del arte mexicano.\",\"breadcrumb\":{\"@id\":\"https:\/\/guiadelocio.es\/madrid\/hola-frida-llega-la-pelicula-de-animacion-inspirada-en-frida-kahlo\/#breadcrumb\"},\"inLanguage\":\"es\",\"potentialAction\":[{\"@type\":\"ReadAction\",\"target\":[\"https:\/\/guiadelocio.es\/madrid\/hola-frida-llega-la-pelicula-de-animacion-inspirada-en-frida-kahlo\/\"]}]},{\"@type\":\"ImageObject\",\"inLanguage\":\"es\",\"@id\":\"https:\/\/guiadelocio.es\/madrid\/hola-frida-llega-la-pelicula-de-animacion-inspirada-en-frida-kahlo\/#primaryimage\",\"url\":\"https:\/\/guiadelocio.es\/madrid\/wp-content\/uploads\/sites\/2\/2025\/03\/HolaFrida_creativitat_GuiaOcio_2080x800.jpg\",\"contentUrl\":\"https:\/\/guiadelocio.es\/madrid\/wp-content\/uploads\/sites\/2\/2025\/03\/HolaFrida_creativitat_GuiaOcio_2080x800.jpg\",\"width\":2048,\"height\":788},{\"@type\":\"BreadcrumbList\",\"@id\":\"https:\/\/guiadelocio.es\/madrid\/hola-frida-llega-la-pelicula-de-animacion-inspirada-en-frida-kahlo\/#breadcrumb\",\"itemListElement\":[{\"@type\":\"ListItem\",\"position\":1,\"name\":\"Portada\",\"item\":\"https:\/\/guiadelocio.es\/madrid\/\"},{\"@type\":\"ListItem\",\"position\":2,\"name\":\"\u00a1Hola, Frida! llega la pel\u00edcula de animaci\u00f3n inspirada en Frida Kahlo\"}]},{\"@type\":\"WebSite\",\"@id\":\"https:\/\/guiadelocio.es\/madrid\/#website\",\"url\":\"https:\/\/guiadelocio.es\/madrid\/\",\"name\":\"Madrid | Gu\u00eda del Ocio\",\"description\":\"Qu\u00e9 hacer, d\u00f3nde comer, qu\u00e9 visitar y los lugares que no te puedes perder\",\"potentialAction\":[{\"@type\":\"SearchAction\",\"target\":{\"@type\":\"EntryPoint\",\"urlTemplate\":\"https:\/\/guiadelocio.es\/madrid\/?s={search_term_string}\"},\"query-input\":{\"@type\":\"PropertyValueSpecification\",\"valueRequired\":true,\"valueName\":\"search_term_string\"}}],\"inLanguage\":\"es\"},{\"@type\":\"Person\",\"@id\":\"https:\/\/guiadelocio.es\/madrid\/#\/schema\/person\/dedd385c3a1875e2dfb8ee808e4fca89\",\"name\":\"Gu\u00eda del Ocio\",\"image\":{\"@type\":\"ImageObject\",\"inLanguage\":\"es\",\"@id\":\"https:\/\/guiadelocio.es\/madrid\/#\/schema\/person\/image\/\",\"url\":\"https:\/\/secure.gravatar.com\/avatar\/27d9eb58286cefc2042fb32a3db3a679c555c2a21aa6719fa7916d63185b9fe9?s=96&d=mm&r=g\",\"contentUrl\":\"https:\/\/secure.gravatar.com\/avatar\/27d9eb58286cefc2042fb32a3db3a679c555c2a21aa6719fa7916d63185b9fe9?s=96&d=mm&r=g\",\"caption\":\"Gu\u00eda del Ocio\"}}]}<\/script>\n<!-- \/ Yoast SEO plugin. -->","yoast_head_json":{"title":"\u00a1Hola, Frida! llega la pel\u00edcula de animaci\u00f3n inspirada en Frida Kahlo | Madrid","description":"Hola Frida es una mirada tierna y luminosa a los primeros a\u00f1os de Frida Kahlo, figura clave del arte mexicano.","robots":{"index":"index","follow":"follow","max-snippet":"max-snippet:-1","max-image-preview":"max-image-preview:large","max-video-preview":"max-video-preview:-1"},"canonical":"https:\/\/guiadelocio.es\/madrid\/hola-frida-llega-la-pelicula-de-animacion-inspirada-en-frida-kahlo\/","og_locale":"es_ES","og_type":"article","og_title":"\u00a1Hola, Frida! llega la pel\u00edcula de animaci\u00f3n inspirada en Frida Kahlo | Madrid","og_description":"Hola Frida es una mirada tierna y luminosa a los primeros a\u00f1os de Frida Kahlo, figura clave del arte mexicano.","og_url":"https:\/\/guiadelocio.es\/madrid\/hola-frida-llega-la-pelicula-de-animacion-inspirada-en-frida-kahlo\/","og_site_name":"Madrid","article_published_time":"2025-03-18T17:26:02+00:00","article_modified_time":"2025-03-20T11:31:44+00:00","og_image":[{"width":2048,"height":788,"url":"https:\/\/guiadelocio.es\/madrid\/wp-content\/uploads\/sites\/2\/2025\/03\/HolaFrida_creativitat_GuiaOcio_2080x800.jpg","type":"image\/jpeg"}],"author":"Gu\u00eda del Ocio","twitter_card":"summary_large_image","twitter_misc":{"Escrito por":"Gu\u00eda del Ocio","Tiempo de lectura":"6 minutos"},"schema":{"@context":"https:\/\/schema.org","@graph":[{"@type":"WebPage","@id":"https:\/\/guiadelocio.es\/madrid\/hola-frida-llega-la-pelicula-de-animacion-inspirada-en-frida-kahlo\/","url":"https:\/\/guiadelocio.es\/madrid\/hola-frida-llega-la-pelicula-de-animacion-inspirada-en-frida-kahlo\/","name":"\u00a1Hola, Frida! llega la pel\u00edcula de animaci\u00f3n inspirada en Frida Kahlo | Madrid","isPartOf":{"@id":"https:\/\/guiadelocio.es\/madrid\/#website"},"primaryImageOfPage":{"@id":"https:\/\/guiadelocio.es\/madrid\/hola-frida-llega-la-pelicula-de-animacion-inspirada-en-frida-kahlo\/#primaryimage"},"image":{"@id":"https:\/\/guiadelocio.es\/madrid\/hola-frida-llega-la-pelicula-de-animacion-inspirada-en-frida-kahlo\/#primaryimage"},"thumbnailUrl":"https:\/\/guiadelocio.es\/madrid\/wp-content\/uploads\/sites\/2\/2025\/03\/HolaFrida_creativitat_GuiaOcio_2080x800.jpg","datePublished":"2025-03-18T17:26:02+00:00","dateModified":"2025-03-20T11:31:44+00:00","author":{"@id":"https:\/\/guiadelocio.es\/madrid\/#\/schema\/person\/dedd385c3a1875e2dfb8ee808e4fca89"},"description":"Hola Frida es una mirada tierna y luminosa a los primeros a\u00f1os de Frida Kahlo, figura clave del arte mexicano.","breadcrumb":{"@id":"https:\/\/guiadelocio.es\/madrid\/hola-frida-llega-la-pelicula-de-animacion-inspirada-en-frida-kahlo\/#breadcrumb"},"inLanguage":"es","potentialAction":[{"@type":"ReadAction","target":["https:\/\/guiadelocio.es\/madrid\/hola-frida-llega-la-pelicula-de-animacion-inspirada-en-frida-kahlo\/"]}]},{"@type":"ImageObject","inLanguage":"es","@id":"https:\/\/guiadelocio.es\/madrid\/hola-frida-llega-la-pelicula-de-animacion-inspirada-en-frida-kahlo\/#primaryimage","url":"https:\/\/guiadelocio.es\/madrid\/wp-content\/uploads\/sites\/2\/2025\/03\/HolaFrida_creativitat_GuiaOcio_2080x800.jpg","contentUrl":"https:\/\/guiadelocio.es\/madrid\/wp-content\/uploads\/sites\/2\/2025\/03\/HolaFrida_creativitat_GuiaOcio_2080x800.jpg","width":2048,"height":788},{"@type":"BreadcrumbList","@id":"https:\/\/guiadelocio.es\/madrid\/hola-frida-llega-la-pelicula-de-animacion-inspirada-en-frida-kahlo\/#breadcrumb","itemListElement":[{"@type":"ListItem","position":1,"name":"Portada","item":"https:\/\/guiadelocio.es\/madrid\/"},{"@type":"ListItem","position":2,"name":"\u00a1Hola, Frida! llega la pel\u00edcula de animaci\u00f3n inspirada en Frida Kahlo"}]},{"@type":"WebSite","@id":"https:\/\/guiadelocio.es\/madrid\/#website","url":"https:\/\/guiadelocio.es\/madrid\/","name":"Madrid | Gu\u00eda del Ocio","description":"Qu\u00e9 hacer, d\u00f3nde comer, qu\u00e9 visitar y los lugares que no te puedes perder","potentialAction":[{"@type":"SearchAction","target":{"@type":"EntryPoint","urlTemplate":"https:\/\/guiadelocio.es\/madrid\/?s={search_term_string}"},"query-input":{"@type":"PropertyValueSpecification","valueRequired":true,"valueName":"search_term_string"}}],"inLanguage":"es"},{"@type":"Person","@id":"https:\/\/guiadelocio.es\/madrid\/#\/schema\/person\/dedd385c3a1875e2dfb8ee808e4fca89","name":"Gu\u00eda del Ocio","image":{"@type":"ImageObject","inLanguage":"es","@id":"https:\/\/guiadelocio.es\/madrid\/#\/schema\/person\/image\/","url":"https:\/\/secure.gravatar.com\/avatar\/27d9eb58286cefc2042fb32a3db3a679c555c2a21aa6719fa7916d63185b9fe9?s=96&d=mm&r=g","contentUrl":"https:\/\/secure.gravatar.com\/avatar\/27d9eb58286cefc2042fb32a3db3a679c555c2a21aa6719fa7916d63185b9fe9?s=96&d=mm&r=g","caption":"Gu\u00eda del Ocio"}}]}},"_links":{"self":[{"href":"https:\/\/guiadelocio.es\/madrid\/wp-json\/wp\/v2\/posts\/38328","targetHints":{"allow":["GET"]}}],"collection":[{"href":"https:\/\/guiadelocio.es\/madrid\/wp-json\/wp\/v2\/posts"}],"about":[{"href":"https:\/\/guiadelocio.es\/madrid\/wp-json\/wp\/v2\/types\/post"}],"author":[{"embeddable":true,"href":"https:\/\/guiadelocio.es\/madrid\/wp-json\/wp\/v2\/users\/8"}],"replies":[{"embeddable":true,"href":"https:\/\/guiadelocio.es\/madrid\/wp-json\/wp\/v2\/comments?post=38328"}],"version-history":[{"count":0,"href":"https:\/\/guiadelocio.es\/madrid\/wp-json\/wp\/v2\/posts\/38328\/revisions"}],"wp:featuredmedia":[{"embeddable":true,"href":"https:\/\/guiadelocio.es\/madrid\/wp-json\/wp\/v2\/media\/38369"}],"wp:attachment":[{"href":"https:\/\/guiadelocio.es\/madrid\/wp-json\/wp\/v2\/media?parent=38328"}],"wp:term":[{"taxonomy":"category","embeddable":true,"href":"https:\/\/guiadelocio.es\/madrid\/wp-json\/wp\/v2\/categories?post=38328"},{"taxonomy":"post_tag","embeddable":true,"href":"https:\/\/guiadelocio.es\/madrid\/wp-json\/wp\/v2\/tags?post=38328"},{"taxonomy":"category_plan","embeddable":true,"href":"https:\/\/guiadelocio.es\/madrid\/wp-json\/wp\/v2\/category_plan?post=38328"},{"taxonomy":"filter_trans","embeddable":true,"href":"https:\/\/guiadelocio.es\/madrid\/wp-json\/wp\/v2\/filter_trans?post=38328"},{"taxonomy":"filter_main","embeddable":true,"href":"https:\/\/guiadelocio.es\/madrid\/wp-json\/wp\/v2\/filter_main?post=38328"},{"taxonomy":"filter_sec","embeddable":true,"href":"https:\/\/guiadelocio.es\/madrid\/wp-json\/wp\/v2\/filter_sec?post=38328"},{"taxonomy":"barrios","embeddable":true,"href":"https:\/\/guiadelocio.es\/madrid\/wp-json\/wp\/v2\/barrios?post=38328"}],"curies":[{"name":"wp","href":"https:\/\/api.w.org\/{rel}","templated":true}]}}