{"id":37995,"date":"2025-03-06T21:25:45","date_gmt":"2025-03-06T20:25:45","guid":{"rendered":"https:\/\/guiadelocio.es\/madrid\/?p=37995"},"modified":"2025-03-06T21:26:37","modified_gmt":"2025-03-06T20:26:37","slug":"10-planes-para-el-fin-de-semana-en-madrid-47","status":"publish","type":"post","link":"https:\/\/guiadelocio.es\/madrid\/10-planes-para-el-fin-de-semana-en-madrid-47\/","title":{"rendered":"10 planes para el fin de semana en Madrid"},"content":{"rendered":"<p>En Madrid no estamos acostumbrados a estar tantos d\u00edas sin ver el sol, as\u00ed que para levantar un poquito el \u00e1nimo os traemos 10 planes maravillosos para este fin de semana del 7 al 9 de marzo.<\/p>\n<p>&nbsp;<\/p>\n<h2 class=\"section-single__title\">\u00abDesde lo esencial\u00bb: arte solidario para mejorar la salud infantil en \u00c1frica<\/h2>\n<p>La exposici\u00f3n\u00a0<a href=\"https:\/\/guiadelocio.es\/madrid\/desde-lo-esencial-arte-solidario-para-mejorar-la-salud-infantil-en-africa\/\" target=\"_blank\" rel=\"noopener\"><strong>\u00abDesde lo esencial\u00bb<\/strong><\/a>, organizada por la\u00a0Fundaci\u00f3n Recover\u00a0y la\u00a0Galer\u00eda Valart, tiene como principal objetivo recaudar fondos para proyectos sanitarios que mejoren la salud y el bienestar de la infancia en \u00c1frica Subsahariana.<\/p>\n<p><a href=\"https:\/\/guiadelocio.es\/madrid\/desde-lo-esencial-arte-solidario-para-mejorar-la-salud-infantil-en-africa\/\" target=\"_blank\" rel=\"noopener\"><img decoding=\"async\" class=\" wp-image-37996 aligncenter\" src=\"https:\/\/guiadelocio.es\/madrid\/wp-content\/uploads\/sites\/2\/2025\/03\/ODNODER-PABLO-REDONDO-SUBASTA-681x920-1-222x300.jpeg\" alt=\"\" width=\"370\" height=\"500\" srcset=\"https:\/\/guiadelocio.es\/madrid\/wp-content\/uploads\/sites\/2\/2025\/03\/ODNODER-PABLO-REDONDO-SUBASTA-681x920-1-222x300.jpeg 222w, https:\/\/guiadelocio.es\/madrid\/wp-content\/uploads\/sites\/2\/2025\/03\/ODNODER-PABLO-REDONDO-SUBASTA-681x920-1-320x432.jpeg 320w, https:\/\/guiadelocio.es\/madrid\/wp-content\/uploads\/sites\/2\/2025\/03\/ODNODER-PABLO-REDONDO-SUBASTA-681x920-1-148x200.jpeg 148w, https:\/\/guiadelocio.es\/madrid\/wp-content\/uploads\/sites\/2\/2025\/03\/ODNODER-PABLO-REDONDO-SUBASTA-681x920-1.jpeg 681w\" sizes=\"(max-width: 370px) 100vw, 370px\" \/><\/a><\/p>\n<p>&nbsp;<\/p>\n<h2 class=\"section-single__title\">Exposiciones, experiencias y otras actividades GRATIS en Madrid \u2013 marzo 2025<\/h2>\n<p>Madrid se transforma cada d\u00eda en un escenario de cultura y ocio, y lo mejor es que muchas de estas experiencias no cuestan nada. En este reportaje encontrar\u00e1s informaci\u00f3n sobre actividades gratis en Madrid durante el mes de marzo, desde gymkanas interactivas y visitas guiadas, hasta exposiciones de arte, actividades para ni\u00f1os, rutas al aire libre y clases de baile. \u00a1<a href=\"https:\/\/guiadelocio.es\/madrid\/exposiciones-experiencias-y-otras-actividades-gratis-en-madrid-marzo-2025\/\" target=\"_blank\" rel=\"noopener\"><span>Descubre Madrid<\/span><\/a> sin gastar un euro y mantente al d\u00eda con nuestras actualizaciones mensuales!<\/p>\n<p><a href=\"https:\/\/guiadelocio.es\/madrid\/exposiciones-experiencias-y-otras-actividades-gratis-en-madrid-marzo-2025\/\" target=\"_blank\" rel=\"noopener\"><img decoding=\"async\" class=\" wp-image-37998 aligncenter\" src=\"https:\/\/guiadelocio.es\/madrid\/wp-content\/uploads\/sites\/2\/2025\/03\/iStock-1463050545-1380x920-1-300x200.jpeg\" alt=\"\" width=\"500\" height=\"333\" srcset=\"https:\/\/guiadelocio.es\/madrid\/wp-content\/uploads\/sites\/2\/2025\/03\/iStock-1463050545-1380x920-1-300x200.jpeg 300w, https:\/\/guiadelocio.es\/madrid\/wp-content\/uploads\/sites\/2\/2025\/03\/iStock-1463050545-1380x920-1-1024x683.jpeg 1024w, https:\/\/guiadelocio.es\/madrid\/wp-content\/uploads\/sites\/2\/2025\/03\/iStock-1463050545-1380x920-1-768x512.jpeg 768w, https:\/\/guiadelocio.es\/madrid\/wp-content\/uploads\/sites\/2\/2025\/03\/iStock-1463050545-1380x920-1-640x427.jpeg 640w, https:\/\/guiadelocio.es\/madrid\/wp-content\/uploads\/sites\/2\/2025\/03\/iStock-1463050545-1380x920-1-266x177.jpeg 266w, https:\/\/guiadelocio.es\/madrid\/wp-content\/uploads\/sites\/2\/2025\/03\/iStock-1463050545-1380x920-1.jpeg 1380w\" sizes=\"(max-width: 500px) 100vw, 500px\" \/><\/a><\/p>\n<p>&nbsp;<\/p>\n<h2 class=\"section-single__title\">Ellas Crean 2025: un festival de creaci\u00f3n femenina para el cambio social<\/h2>\n<p>Organizado por el Instituto de la Mujer y para la Igualdad de Oportunidades, este festival tiene como objetivo visibilizar el talento femenino en diversas disciplinas, incluyendo m\u00fasica, danza, cine, literatura y artes visuales.\u00a0<strong>Bajo el lema\u00a0<em data-start=\"536\" data-end=\"564\">Memoria y contemporaneidad<\/em>,\u00a0<a href=\"https:\/\/guiadelocio.es\/madrid\/plan\/ellas-crean-2025-un-festival-de-creacion-femenina-para-el-cambio-social\/\" target=\"_blank\" rel=\"noopener\"><em data-start=\"566\" data-end=\"579\">Ellas Crean<\/em><\/a><\/strong>\u00a0ofrece m\u00e1s de 50 actividades repartidas por distintos puntos de la ciudad de Madrid, destacando la participaci\u00f3n de referentes y j\u00f3venes creadoras que luchan por un cambio pol\u00edtico y social a favor de la igualdad de g\u00e9nero.<\/p>\n<p><a href=\"https:\/\/guiadelocio.es\/madrid\/plan\/ellas-crean-2025-un-festival-de-creacion-femenina-para-el-cambio-social\/\" target=\"_blank\" rel=\"noopener\"><img decoding=\"async\" class=\" wp-image-38000 aligncenter\" src=\"https:\/\/guiadelocio.es\/madrid\/wp-content\/uploads\/sites\/2\/2025\/03\/ellascreancartel-2025-1-300x158.jpeg\" alt=\"\" width=\"499\" height=\"263\" srcset=\"https:\/\/guiadelocio.es\/madrid\/wp-content\/uploads\/sites\/2\/2025\/03\/ellascreancartel-2025-1-300x158.jpeg 300w, https:\/\/guiadelocio.es\/madrid\/wp-content\/uploads\/sites\/2\/2025\/03\/ellascreancartel-2025-1-1024x538.jpeg 1024w, https:\/\/guiadelocio.es\/madrid\/wp-content\/uploads\/sites\/2\/2025\/03\/ellascreancartel-2025-1-768x403.jpeg 768w, https:\/\/guiadelocio.es\/madrid\/wp-content\/uploads\/sites\/2\/2025\/03\/ellascreancartel-2025-1-640x336.jpeg 640w, https:\/\/guiadelocio.es\/madrid\/wp-content\/uploads\/sites\/2\/2025\/03\/ellascreancartel-2025-1-266x140.jpeg 266w, https:\/\/guiadelocio.es\/madrid\/wp-content\/uploads\/sites\/2\/2025\/03\/ellascreancartel-2025-1.jpeg 1200w\" sizes=\"(max-width: 499px) 100vw, 499px\" \/><\/a><\/p>\n<p>&nbsp;<\/p>\n<h2 class=\"section-single__title\">Mujeres en Vivo 2025: un mes dedicado al talento femenino en la m\u00fasica<\/h2>\n<p>La iniciativa\u00a0<a href=\"https:\/\/guiadelocio.es\/madrid\/plan\/mujeres-en-vivo-2025-un-mes-dedicado-al-talento-femenino-en-la-musica\/\" target=\"_blank\" rel=\"noopener\"><strong data-start=\"90\" data-end=\"109\">Mujeres en Vivo<\/strong><\/a>, organizada por la Asociaci\u00f3n\u00a0Madrid en Vivo\u00a0y la\u00a0Direcci\u00f3n General de Igualdad de la Comunidad de Madrid, regresa en 2025 con una nueva edici\u00f3n dedicada a visibilizar a las artistas femeninas en la m\u00fasica.<\/p>\n<p><a href=\"https:\/\/guiadelocio.es\/madrid\/plan\/mujeres-en-vivo-2025-un-mes-dedicado-al-talento-femenino-en-la-musica\/\" target=\"_blank\" rel=\"noopener\"><img decoding=\"async\" class=\" wp-image-38004 aligncenter\" src=\"https:\/\/guiadelocio.es\/madrid\/wp-content\/uploads\/sites\/2\/2025\/03\/mujeres_en_vivo_2025-1-300x152.jpeg\" alt=\"\" width=\"501\" height=\"254\" srcset=\"https:\/\/guiadelocio.es\/madrid\/wp-content\/uploads\/sites\/2\/2025\/03\/mujeres_en_vivo_2025-1-300x152.jpeg 300w, https:\/\/guiadelocio.es\/madrid\/wp-content\/uploads\/sites\/2\/2025\/03\/mujeres_en_vivo_2025-1-640x325.jpeg 640w, https:\/\/guiadelocio.es\/madrid\/wp-content\/uploads\/sites\/2\/2025\/03\/mujeres_en_vivo_2025-1-266x135.jpeg 266w, https:\/\/guiadelocio.es\/madrid\/wp-content\/uploads\/sites\/2\/2025\/03\/mujeres_en_vivo_2025-1.jpeg 660w\" sizes=\"(max-width: 501px) 100vw, 501px\" \/><\/a><\/p>\n<p>&nbsp;<\/p>\n<h2 class=\"section-single__title\">ARCOmadrid 2025: una mirada al futuro del arte contempor\u00e1neo<\/h2>\n<p>A lo largo de m\u00e1s de cuatro d\u00e9cadas, <a href=\"https:\/\/guiadelocio.es\/madrid\/plan\/arcomadrid-2025-una-mirada-al-futuro-del-arte-contemporaneo\/\" target=\"_blank\" rel=\"noopener\"><span>ARCOmadrid<\/span><\/a> se ha consolidado como un referente en el mundo del arte, atrayendo a coleccionistas, galeristas, artistas y profesionales del sector desde todo el mundo. En esta edici\u00f3n, el evento promete ofrecer una experiencia \u00fanica que fusionar\u00e1 lo mejor del pasado y las tendencias futuras del arte contempor\u00e1neo.<\/p>\n<p><a href=\"https:\/\/guiadelocio.es\/madrid\/plan\/arcomadrid-2025-una-mirada-al-futuro-del-arte-contemporaneo\/\" target=\"_blank\" rel=\"noopener\"><img decoding=\"async\" class=\" wp-image-38006 aligncenter\" src=\"https:\/\/guiadelocio.es\/madrid\/wp-content\/uploads\/sites\/2\/2025\/03\/1540597105520-300x200.webp\" alt=\"\" width=\"498\" height=\"332\" srcset=\"https:\/\/guiadelocio.es\/madrid\/wp-content\/uploads\/sites\/2\/2025\/03\/1540597105520-300x200.webp 300w, https:\/\/guiadelocio.es\/madrid\/wp-content\/uploads\/sites\/2\/2025\/03\/1540597105520-1024x683.webp 1024w, https:\/\/guiadelocio.es\/madrid\/wp-content\/uploads\/sites\/2\/2025\/03\/1540597105520-768x512.webp 768w, https:\/\/guiadelocio.es\/madrid\/wp-content\/uploads\/sites\/2\/2025\/03\/1540597105520-640x427.webp 640w, https:\/\/guiadelocio.es\/madrid\/wp-content\/uploads\/sites\/2\/2025\/03\/1540597105520-266x177.webp 266w, https:\/\/guiadelocio.es\/madrid\/wp-content\/uploads\/sites\/2\/2025\/03\/1540597105520.webp 1200w\" sizes=\"(max-width: 498px) 100vw, 498px\" \/><\/a><\/p>\n<p>&nbsp;<\/p>\n<h2 class=\"section-single__title\">D\u00eda internacional de la tortilla de patata<\/h2>\n<p>Hay tantas <a href=\"https:\/\/guiadelocio.es\/madrid\/9-de-marzo-dia-internacional-de-la-tortilla-de-patata\/\" target=\"_blank\" rel=\"noopener\"><span>\u00a8mejores tortillas del mundo\u00a8<\/span><\/a> como compa\u00f1eros de piso, abuelas o bares del barrio; tantas como recetas y quienes las disfrutamos. Nosotros te contamos aqu\u00ed cu\u00e1les son algunas de nuestras favoritas en Madrid y alrededores en este inicio de 2025. \u00a1Al ataque!<\/p>\n<p><a href=\"https:\/\/guiadelocio.es\/madrid\/9-de-marzo-dia-internacional-de-la-tortilla-de-patata\/\" target=\"_blank\" rel=\"noopener\"><img decoding=\"async\" class=\" wp-image-38008 aligncenter\" src=\"https:\/\/guiadelocio.es\/madrid\/wp-content\/uploads\/sites\/2\/2025\/03\/iStock-1445423249-300x226.jpeg\" alt=\"\" width=\"500\" height=\"377\" srcset=\"https:\/\/guiadelocio.es\/madrid\/wp-content\/uploads\/sites\/2\/2025\/03\/iStock-1445423249-300x226.jpeg 300w, https:\/\/guiadelocio.es\/madrid\/wp-content\/uploads\/sites\/2\/2025\/03\/iStock-1445423249-1024x770.jpeg 1024w, https:\/\/guiadelocio.es\/madrid\/wp-content\/uploads\/sites\/2\/2025\/03\/iStock-1445423249-768x577.jpeg 768w, https:\/\/guiadelocio.es\/madrid\/wp-content\/uploads\/sites\/2\/2025\/03\/iStock-1445423249-575x432.jpeg 575w, https:\/\/guiadelocio.es\/madrid\/wp-content\/uploads\/sites\/2\/2025\/03\/iStock-1445423249-266x200.jpeg 266w, https:\/\/guiadelocio.es\/madrid\/wp-content\/uploads\/sites\/2\/2025\/03\/iStock-1445423249.jpeg 1181w\" sizes=\"(max-width: 500px) 100vw, 500px\" \/><\/a><\/p>\n<p>&nbsp;<\/p>\n<h2 class=\"section-single__title\">Exposici\u00f3n Bodies en Madrid: un viaje fascinante al interior del cuerpo humano<\/h2>\n<p>Si alguna vez te has preguntado c\u00f3mo funciona tu cuerpo, la\u00a0<a href=\"https:\/\/guiadelocio.es\/madrid\/plan\/exposicion-bodies-en-madrid-un-viaje-fascinante-al-interior-del-cuerpo-humano\/\" target=\"_blank\" rel=\"noopener\"><strong><em data-start=\"144\" data-end=\"163\">Exposici\u00f3n Bodies<\/em>\u00a0en Madrid<\/strong><\/a>\u00a0es la oportunidad perfecta para descubrirlo de una manera \u00fanica y visual. Esta exposici\u00f3n, que ha cautivado a miles de personas alrededor del mundo, llega a la capital para ofrecer una experiencia educativa e impactante, con cuerpos humanos reales perfectamente preservados.<\/p>\n<p><a href=\"https:\/\/guiadelocio.es\/madrid\/plan\/exposicion-bodies-en-madrid-un-viaje-fascinante-al-interior-del-cuerpo-humano\/\" target=\"_blank\" rel=\"noopener\"><img decoding=\"async\" class=\" wp-image-38010 aligncenter\" src=\"https:\/\/guiadelocio.es\/madrid\/wp-content\/uploads\/sites\/2\/2025\/03\/Captura-de-pantalla-2025-03-06-a-las-12.44.41-1090x920-1-300x253.png\" alt=\"\" width=\"500\" height=\"422\" srcset=\"https:\/\/guiadelocio.es\/madrid\/wp-content\/uploads\/sites\/2\/2025\/03\/Captura-de-pantalla-2025-03-06-a-las-12.44.41-1090x920-1-300x253.png 300w, https:\/\/guiadelocio.es\/madrid\/wp-content\/uploads\/sites\/2\/2025\/03\/Captura-de-pantalla-2025-03-06-a-las-12.44.41-1090x920-1-1024x864.png 1024w, https:\/\/guiadelocio.es\/madrid\/wp-content\/uploads\/sites\/2\/2025\/03\/Captura-de-pantalla-2025-03-06-a-las-12.44.41-1090x920-1-768x648.png 768w, https:\/\/guiadelocio.es\/madrid\/wp-content\/uploads\/sites\/2\/2025\/03\/Captura-de-pantalla-2025-03-06-a-las-12.44.41-1090x920-1-512x432.png 512w, https:\/\/guiadelocio.es\/madrid\/wp-content\/uploads\/sites\/2\/2025\/03\/Captura-de-pantalla-2025-03-06-a-las-12.44.41-1090x920-1-237x200.png 237w, https:\/\/guiadelocio.es\/madrid\/wp-content\/uploads\/sites\/2\/2025\/03\/Captura-de-pantalla-2025-03-06-a-las-12.44.41-1090x920-1.png 1090w\" sizes=\"(max-width: 500px) 100vw, 500px\" \/><\/a><\/p>\n<p>&nbsp;<\/p>\n<h2 class=\"section-single__title\">Festival Mastika 2025: un encuentro gastron\u00f3mico y musical en el Autocine Madrid<\/h2>\n<p>El\u00a0<a href=\"https:\/\/guiadelocio.es\/madrid\/plan\/festival-mastika-2025-un-encuentro-gastronomico-y-musical-en-el-autocine-madrid\/\" target=\"_blank\" rel=\"noopener\"><strong>Festival Mastika<\/strong><\/a>\u00a0en el\u00a0<strong><a href=\"https:\/\/guiadelocio.es\/madrid\/plan\/autocine-madrid\/\" target=\"_blank\" rel=\"noopener\"><span>Autocine<\/span><\/a><\/strong>\u00a0Madrid, es uno de los eventos para los amantes de la gastronom\u00eda y la m\u00fasica. Durante estas jornadas, los asistentes tendr\u00e1n la oportunidad de disfrutar de una variada oferta culinaria, con especial \u00e9nfasis en las hamburguesas, as\u00ed como de un completo programa de entretenimiento con m\u00fasica en directo y actividades para toda la familia.<\/p>\n<p><a href=\"https:\/\/guiadelocio.es\/madrid\/plan\/festival-mastika-2025-un-encuentro-gastronomico-y-musical-en-el-autocine-madrid\/\" target=\"_blank\" rel=\"noopener\"><img decoding=\"async\" class=\" wp-image-38012 aligncenter\" src=\"https:\/\/guiadelocio.es\/madrid\/wp-content\/uploads\/sites\/2\/2025\/03\/mastika-foodbab-1-300x152.jpeg\" alt=\"\" width=\"501\" height=\"254\" srcset=\"https:\/\/guiadelocio.es\/madrid\/wp-content\/uploads\/sites\/2\/2025\/03\/mastika-foodbab-1-300x152.jpeg 300w, https:\/\/guiadelocio.es\/madrid\/wp-content\/uploads\/sites\/2\/2025\/03\/mastika-foodbab-1-640x325.jpeg 640w, https:\/\/guiadelocio.es\/madrid\/wp-content\/uploads\/sites\/2\/2025\/03\/mastika-foodbab-1-266x135.jpeg 266w, https:\/\/guiadelocio.es\/madrid\/wp-content\/uploads\/sites\/2\/2025\/03\/mastika-foodbab-1.jpeg 660w\" sizes=\"(max-width: 501px) 100vw, 501px\" \/><\/a><\/p>\n<p>&nbsp;<\/p>\n<h2 class=\"section-single__title\">Los cuernos de don Friolera\u00a0de Valle Incl\u00e1n<\/h2>\n<p><span class=\"il\"><a href=\"https:\/\/guiadelocio.es\/madrid\/plan\/los-cuernos-de-don-friolera-de-valle-inclan\/\" target=\"_blank\" rel=\"noopener\">Los cuernos de Don Friolera<\/a>, uno de los grandes esperpentos de Ram\u00f3n Mar\u00eda del Valle-Incl\u00e1n, llega a\u00a0\u00a0<a href=\"https:\/\/guiadelocio.es\/madrid\/plan\/teatros-del-canal\/\" target=\"_blank\" rel=\"noopener\"><span>Teatros del Canal\u00a0<\/span><\/a><\/span><span class=\"il\">en una versi\u00f3n de la directora Ainhoa Amestoy.<\/span><\/p>\n<p><a href=\"https:\/\/guiadelocio.es\/madrid\/plan\/los-cuernos-de-don-friolera-de-valle-inclan\/\" target=\"_blank\" rel=\"noopener\"><img decoding=\"async\" class=\" wp-image-38014 aligncenter\" src=\"https:\/\/guiadelocio.es\/madrid\/wp-content\/uploads\/sites\/2\/2025\/03\/Los-cuernos-de-don-friolera-2-\u00a9Pablo-Lorente-1381x920-1-300x200.jpeg\" alt=\"\" width=\"503\" height=\"335\" srcset=\"https:\/\/guiadelocio.es\/madrid\/wp-content\/uploads\/sites\/2\/2025\/03\/Los-cuernos-de-don-friolera-2-\u00a9Pablo-Lorente-1381x920-1-300x200.jpeg 300w, https:\/\/guiadelocio.es\/madrid\/wp-content\/uploads\/sites\/2\/2025\/03\/Los-cuernos-de-don-friolera-2-\u00a9Pablo-Lorente-1381x920-1-1024x682.jpeg 1024w, https:\/\/guiadelocio.es\/madrid\/wp-content\/uploads\/sites\/2\/2025\/03\/Los-cuernos-de-don-friolera-2-\u00a9Pablo-Lorente-1381x920-1-768x512.jpeg 768w, https:\/\/guiadelocio.es\/madrid\/wp-content\/uploads\/sites\/2\/2025\/03\/Los-cuernos-de-don-friolera-2-\u00a9Pablo-Lorente-1381x920-1-640x426.jpeg 640w, https:\/\/guiadelocio.es\/madrid\/wp-content\/uploads\/sites\/2\/2025\/03\/Los-cuernos-de-don-friolera-2-\u00a9Pablo-Lorente-1381x920-1-266x177.jpeg 266w, https:\/\/guiadelocio.es\/madrid\/wp-content\/uploads\/sites\/2\/2025\/03\/Los-cuernos-de-don-friolera-2-\u00a9Pablo-Lorente-1381x920-1.jpeg 1381w\" sizes=\"(max-width: 503px) 100vw, 503px\" \/><\/a><\/p>\n<p>&nbsp;<\/p>\n<h2 class=\"section-single__title\">La casa flotante: un espect\u00e1culo familiar de La Maquin\u00e9<\/h2>\n<p><a href=\"https:\/\/guiadelocio.es\/madrid\/plan\/la-casa-flotante-un-espectaculo-familiar-de-la-maquine\/\" target=\"_blank\" rel=\"noopener\"><strong data-start=\"59\" data-end=\"79\">La casa flotante<\/strong><\/a>, el nuevo espect\u00e1culo de la multipremiada compa\u00f1\u00eda\u00a0La Maquin\u00e9, llega al\u00a0Real Teatro de Retiro\u00a0del\u00a01 al 9 de marzo de 2025. Inspirada en la historia del arca de No\u00e9, esta obra combina\u00a0teatro gestual, proyecciones visuales y m\u00fasica en directo, ofreciendo una experiencia \u00fanica llena de color, poes\u00eda y emociones. Dise\u00f1ada especialmente para un p\u00fablico familiar, est\u00e1 recomendada para ni\u00f1os a partir de los 4 a\u00f1os.<\/p>\n<p><a href=\"https:\/\/guiadelocio.es\/madrid\/plan\/la-casa-flotante-un-espectaculo-familiar-de-la-maquine\/\" target=\"_blank\" rel=\"noopener\"><img decoding=\"async\" class=\" wp-image-38016 aligncenter\" src=\"https:\/\/guiadelocio.es\/madrid\/wp-content\/uploads\/sites\/2\/2025\/03\/FB-IG_RTR-1-920x920-1-300x300.jpeg\" alt=\"\" width=\"500\" height=\"500\" srcset=\"https:\/\/guiadelocio.es\/madrid\/wp-content\/uploads\/sites\/2\/2025\/03\/FB-IG_RTR-1-920x920-1-300x300.jpeg 300w, https:\/\/guiadelocio.es\/madrid\/wp-content\/uploads\/sites\/2\/2025\/03\/FB-IG_RTR-1-920x920-1-150x150.jpeg 150w, https:\/\/guiadelocio.es\/madrid\/wp-content\/uploads\/sites\/2\/2025\/03\/FB-IG_RTR-1-920x920-1-768x768.jpeg 768w, https:\/\/guiadelocio.es\/madrid\/wp-content\/uploads\/sites\/2\/2025\/03\/FB-IG_RTR-1-920x920-1-432x432.jpeg 432w, https:\/\/guiadelocio.es\/madrid\/wp-content\/uploads\/sites\/2\/2025\/03\/FB-IG_RTR-1-920x920-1-200x200.jpeg 200w, https:\/\/guiadelocio.es\/madrid\/wp-content\/uploads\/sites\/2\/2025\/03\/FB-IG_RTR-1-920x920-1.jpeg 920w\" sizes=\"(max-width: 500px) 100vw, 500px\" \/><\/a><\/p>\n","protected":false},"excerpt":{"rendered":"<p>En Madrid no estamos acostumbrados a estar tantos d\u00edas sin ver el sol, as\u00ed que para levantar un poquito el \u00e1nimo os traemos 10 planes maravillosos para este fin de semana del 7 al 9 de marzo. &nbsp; \u00abDesde lo esencial\u00bb: arte solidario para mejorar la salud infantil en \u00c1frica La exposici\u00f3n\u00a0\u00abDesde lo esencial\u00bb, organizada [&hellip;]<\/p>\n","protected":false},"author":5,"featured_media":38018,"comment_status":"closed","ping_status":"closed","sticky":false,"template":"","format":"standard","meta":{"_acf_changed":false,"footnotes":""},"categories":[1],"tags":[],"category_plan":[2],"filter_trans":[],"filter_main":[],"filter_sec":[],"barrios":[],"class_list":["post-37995","post","type-post","status-publish","format-standard","has-post-thumbnail","hentry","category-sin-categorizar"],"acf":[],"yoast_head":"<!-- This site is optimized with the Yoast SEO plugin v26.0 - https:\/\/yoast.com\/wordpress\/plugins\/seo\/ -->\n<title>10 planes para el fin de semana en Madrid | Madrid<\/title>\n<meta name=\"robots\" content=\"index, follow, max-snippet:-1, max-image-preview:large, max-video-preview:-1\" \/>\n<link rel=\"canonical\" href=\"https:\/\/guiadelocio.es\/madrid\/10-planes-para-el-fin-de-semana-en-madrid-47\/\" \/>\n<meta property=\"og:locale\" content=\"es_ES\" \/>\n<meta property=\"og:type\" content=\"article\" \/>\n<meta property=\"og:title\" content=\"10 planes para el fin de semana en Madrid | Madrid\" \/>\n<meta property=\"og:description\" content=\"En Madrid no estamos acostumbrados a estar tantos d\u00edas sin ver el sol, as\u00ed que para levantar un poquito el \u00e1nimo os traemos 10 planes maravillosos para este fin de semana del 7 al 9 de marzo. &nbsp; \u00abDesde lo esencial\u00bb: arte solidario para mejorar la salud infantil en \u00c1frica La exposici\u00f3n\u00a0\u00abDesde lo esencial\u00bb, organizada [&hellip;]\" \/>\n<meta property=\"og:url\" content=\"https:\/\/guiadelocio.es\/madrid\/10-planes-para-el-fin-de-semana-en-madrid-47\/\" \/>\n<meta property=\"og:site_name\" content=\"Madrid\" \/>\n<meta property=\"article:published_time\" content=\"2025-03-06T20:25:45+00:00\" \/>\n<meta property=\"article:modified_time\" content=\"2025-03-06T20:26:37+00:00\" \/>\n<meta property=\"og:image\" content=\"https:\/\/guiadelocio.es\/madrid\/wp-content\/uploads\/sites\/2\/2025\/03\/iStock-2193385077.jpg\" \/>\n\t<meta property=\"og:image:width\" content=\"2048\" \/>\n\t<meta property=\"og:image:height\" content=\"1278\" \/>\n\t<meta property=\"og:image:type\" content=\"image\/jpeg\" \/>\n<meta name=\"author\" content=\"spons\" \/>\n<meta name=\"twitter:card\" content=\"summary_large_image\" \/>\n<meta name=\"twitter:label1\" content=\"Escrito por\" \/>\n\t<meta name=\"twitter:data1\" content=\"spons\" \/>\n\t<meta name=\"twitter:label2\" content=\"Tiempo de lectura\" \/>\n\t<meta name=\"twitter:data2\" content=\"6 minutos\" \/>\n<script type=\"application\/ld+json\" class=\"yoast-schema-graph\">{\"@context\":\"https:\/\/schema.org\",\"@graph\":[{\"@type\":\"WebPage\",\"@id\":\"https:\/\/guiadelocio.es\/madrid\/10-planes-para-el-fin-de-semana-en-madrid-47\/\",\"url\":\"https:\/\/guiadelocio.es\/madrid\/10-planes-para-el-fin-de-semana-en-madrid-47\/\",\"name\":\"10 planes para el fin de semana en Madrid | Madrid\",\"isPartOf\":{\"@id\":\"https:\/\/guiadelocio.es\/madrid\/#website\"},\"primaryImageOfPage\":{\"@id\":\"https:\/\/guiadelocio.es\/madrid\/10-planes-para-el-fin-de-semana-en-madrid-47\/#primaryimage\"},\"image\":{\"@id\":\"https:\/\/guiadelocio.es\/madrid\/10-planes-para-el-fin-de-semana-en-madrid-47\/#primaryimage\"},\"thumbnailUrl\":\"https:\/\/guiadelocio.es\/madrid\/wp-content\/uploads\/sites\/2\/2025\/03\/iStock-2193385077.jpg\",\"datePublished\":\"2025-03-06T20:25:45+00:00\",\"dateModified\":\"2025-03-06T20:26:37+00:00\",\"author\":{\"@id\":\"https:\/\/guiadelocio.es\/madrid\/#\/schema\/person\/8948cef5c81b7b4ad26551a45a2d12d3\"},\"breadcrumb\":{\"@id\":\"https:\/\/guiadelocio.es\/madrid\/10-planes-para-el-fin-de-semana-en-madrid-47\/#breadcrumb\"},\"inLanguage\":\"es\",\"potentialAction\":[{\"@type\":\"ReadAction\",\"target\":[\"https:\/\/guiadelocio.es\/madrid\/10-planes-para-el-fin-de-semana-en-madrid-47\/\"]}]},{\"@type\":\"ImageObject\",\"inLanguage\":\"es\",\"@id\":\"https:\/\/guiadelocio.es\/madrid\/10-planes-para-el-fin-de-semana-en-madrid-47\/#primaryimage\",\"url\":\"https:\/\/guiadelocio.es\/madrid\/wp-content\/uploads\/sites\/2\/2025\/03\/iStock-2193385077.jpg\",\"contentUrl\":\"https:\/\/guiadelocio.es\/madrid\/wp-content\/uploads\/sites\/2\/2025\/03\/iStock-2193385077.jpg\",\"width\":2048,\"height\":1278,\"caption\":\"Located in central Spain, Madrid, its capital, is a city of elegant boulevards and vast, well-kept parks like the Retiro. It is renowned for its rich collections of European art, including those in the Prado Museum, by Goya, Vel\u00e1zquez and other Spanish masters. At the heart of old Habsburg Madrid is the porticoed Plaza Mayor and, nearby, the baroque Royal Palace and its Armory, which houses historic weapons.\"},{\"@type\":\"BreadcrumbList\",\"@id\":\"https:\/\/guiadelocio.es\/madrid\/10-planes-para-el-fin-de-semana-en-madrid-47\/#breadcrumb\",\"itemListElement\":[{\"@type\":\"ListItem\",\"position\":1,\"name\":\"Portada\",\"item\":\"https:\/\/guiadelocio.es\/madrid\/\"},{\"@type\":\"ListItem\",\"position\":2,\"name\":\"10 planes para el fin de semana en Madrid\"}]},{\"@type\":\"WebSite\",\"@id\":\"https:\/\/guiadelocio.es\/madrid\/#website\",\"url\":\"https:\/\/guiadelocio.es\/madrid\/\",\"name\":\"Madrid | Gu\u00eda del Ocio\",\"description\":\"Qu\u00e9 hacer, d\u00f3nde comer, qu\u00e9 visitar y los lugares que no te puedes perder\",\"potentialAction\":[{\"@type\":\"SearchAction\",\"target\":{\"@type\":\"EntryPoint\",\"urlTemplate\":\"https:\/\/guiadelocio.es\/madrid\/?s={search_term_string}\"},\"query-input\":{\"@type\":\"PropertyValueSpecification\",\"valueRequired\":true,\"valueName\":\"search_term_string\"}}],\"inLanguage\":\"es\"},{\"@type\":\"Person\",\"@id\":\"https:\/\/guiadelocio.es\/madrid\/#\/schema\/person\/8948cef5c81b7b4ad26551a45a2d12d3\",\"name\":\"spons\",\"image\":{\"@type\":\"ImageObject\",\"inLanguage\":\"es\",\"@id\":\"https:\/\/guiadelocio.es\/madrid\/#\/schema\/person\/image\/\",\"url\":\"https:\/\/secure.gravatar.com\/avatar\/c3eb00312c63ba7a2ea61f1fc101d93b66984cbac41bc8a3997f9b64644a08c9?s=96&d=mm&r=g\",\"contentUrl\":\"https:\/\/secure.gravatar.com\/avatar\/c3eb00312c63ba7a2ea61f1fc101d93b66984cbac41bc8a3997f9b64644a08c9?s=96&d=mm&r=g\",\"caption\":\"spons\"}}]}<\/script>\n<!-- \/ Yoast SEO plugin. -->","yoast_head_json":{"title":"10 planes para el fin de semana en Madrid | Madrid","robots":{"index":"index","follow":"follow","max-snippet":"max-snippet:-1","max-image-preview":"max-image-preview:large","max-video-preview":"max-video-preview:-1"},"canonical":"https:\/\/guiadelocio.es\/madrid\/10-planes-para-el-fin-de-semana-en-madrid-47\/","og_locale":"es_ES","og_type":"article","og_title":"10 planes para el fin de semana en Madrid | Madrid","og_description":"En Madrid no estamos acostumbrados a estar tantos d\u00edas sin ver el sol, as\u00ed que para levantar un poquito el \u00e1nimo os traemos 10 planes maravillosos para este fin de semana del 7 al 9 de marzo. &nbsp; \u00abDesde lo esencial\u00bb: arte solidario para mejorar la salud infantil en \u00c1frica La exposici\u00f3n\u00a0\u00abDesde lo esencial\u00bb, organizada [&hellip;]","og_url":"https:\/\/guiadelocio.es\/madrid\/10-planes-para-el-fin-de-semana-en-madrid-47\/","og_site_name":"Madrid","article_published_time":"2025-03-06T20:25:45+00:00","article_modified_time":"2025-03-06T20:26:37+00:00","og_image":[{"width":2048,"height":1278,"url":"https:\/\/guiadelocio.es\/madrid\/wp-content\/uploads\/sites\/2\/2025\/03\/iStock-2193385077.jpg","type":"image\/jpeg"}],"author":"spons","twitter_card":"summary_large_image","twitter_misc":{"Escrito por":"spons","Tiempo de lectura":"6 minutos"},"schema":{"@context":"https:\/\/schema.org","@graph":[{"@type":"WebPage","@id":"https:\/\/guiadelocio.es\/madrid\/10-planes-para-el-fin-de-semana-en-madrid-47\/","url":"https:\/\/guiadelocio.es\/madrid\/10-planes-para-el-fin-de-semana-en-madrid-47\/","name":"10 planes para el fin de semana en Madrid | Madrid","isPartOf":{"@id":"https:\/\/guiadelocio.es\/madrid\/#website"},"primaryImageOfPage":{"@id":"https:\/\/guiadelocio.es\/madrid\/10-planes-para-el-fin-de-semana-en-madrid-47\/#primaryimage"},"image":{"@id":"https:\/\/guiadelocio.es\/madrid\/10-planes-para-el-fin-de-semana-en-madrid-47\/#primaryimage"},"thumbnailUrl":"https:\/\/guiadelocio.es\/madrid\/wp-content\/uploads\/sites\/2\/2025\/03\/iStock-2193385077.jpg","datePublished":"2025-03-06T20:25:45+00:00","dateModified":"2025-03-06T20:26:37+00:00","author":{"@id":"https:\/\/guiadelocio.es\/madrid\/#\/schema\/person\/8948cef5c81b7b4ad26551a45a2d12d3"},"breadcrumb":{"@id":"https:\/\/guiadelocio.es\/madrid\/10-planes-para-el-fin-de-semana-en-madrid-47\/#breadcrumb"},"inLanguage":"es","potentialAction":[{"@type":"ReadAction","target":["https:\/\/guiadelocio.es\/madrid\/10-planes-para-el-fin-de-semana-en-madrid-47\/"]}]},{"@type":"ImageObject","inLanguage":"es","@id":"https:\/\/guiadelocio.es\/madrid\/10-planes-para-el-fin-de-semana-en-madrid-47\/#primaryimage","url":"https:\/\/guiadelocio.es\/madrid\/wp-content\/uploads\/sites\/2\/2025\/03\/iStock-2193385077.jpg","contentUrl":"https:\/\/guiadelocio.es\/madrid\/wp-content\/uploads\/sites\/2\/2025\/03\/iStock-2193385077.jpg","width":2048,"height":1278,"caption":"Located in central Spain, Madrid, its capital, is a city of elegant boulevards and vast, well-kept parks like the Retiro. It is renowned for its rich collections of European art, including those in the Prado Museum, by Goya, Vel\u00e1zquez and other Spanish masters. At the heart of old Habsburg Madrid is the porticoed Plaza Mayor and, nearby, the baroque Royal Palace and its Armory, which houses historic weapons."},{"@type":"BreadcrumbList","@id":"https:\/\/guiadelocio.es\/madrid\/10-planes-para-el-fin-de-semana-en-madrid-47\/#breadcrumb","itemListElement":[{"@type":"ListItem","position":1,"name":"Portada","item":"https:\/\/guiadelocio.es\/madrid\/"},{"@type":"ListItem","position":2,"name":"10 planes para el fin de semana en Madrid"}]},{"@type":"WebSite","@id":"https:\/\/guiadelocio.es\/madrid\/#website","url":"https:\/\/guiadelocio.es\/madrid\/","name":"Madrid | Gu\u00eda del Ocio","description":"Qu\u00e9 hacer, d\u00f3nde comer, qu\u00e9 visitar y los lugares que no te puedes perder","potentialAction":[{"@type":"SearchAction","target":{"@type":"EntryPoint","urlTemplate":"https:\/\/guiadelocio.es\/madrid\/?s={search_term_string}"},"query-input":{"@type":"PropertyValueSpecification","valueRequired":true,"valueName":"search_term_string"}}],"inLanguage":"es"},{"@type":"Person","@id":"https:\/\/guiadelocio.es\/madrid\/#\/schema\/person\/8948cef5c81b7b4ad26551a45a2d12d3","name":"spons","image":{"@type":"ImageObject","inLanguage":"es","@id":"https:\/\/guiadelocio.es\/madrid\/#\/schema\/person\/image\/","url":"https:\/\/secure.gravatar.com\/avatar\/c3eb00312c63ba7a2ea61f1fc101d93b66984cbac41bc8a3997f9b64644a08c9?s=96&d=mm&r=g","contentUrl":"https:\/\/secure.gravatar.com\/avatar\/c3eb00312c63ba7a2ea61f1fc101d93b66984cbac41bc8a3997f9b64644a08c9?s=96&d=mm&r=g","caption":"spons"}}]}},"_links":{"self":[{"href":"https:\/\/guiadelocio.es\/madrid\/wp-json\/wp\/v2\/posts\/37995","targetHints":{"allow":["GET"]}}],"collection":[{"href":"https:\/\/guiadelocio.es\/madrid\/wp-json\/wp\/v2\/posts"}],"about":[{"href":"https:\/\/guiadelocio.es\/madrid\/wp-json\/wp\/v2\/types\/post"}],"author":[{"embeddable":true,"href":"https:\/\/guiadelocio.es\/madrid\/wp-json\/wp\/v2\/users\/5"}],"replies":[{"embeddable":true,"href":"https:\/\/guiadelocio.es\/madrid\/wp-json\/wp\/v2\/comments?post=37995"}],"version-history":[{"count":0,"href":"https:\/\/guiadelocio.es\/madrid\/wp-json\/wp\/v2\/posts\/37995\/revisions"}],"wp:featuredmedia":[{"embeddable":true,"href":"https:\/\/guiadelocio.es\/madrid\/wp-json\/wp\/v2\/media\/38018"}],"wp:attachment":[{"href":"https:\/\/guiadelocio.es\/madrid\/wp-json\/wp\/v2\/media?parent=37995"}],"wp:term":[{"taxonomy":"category","embeddable":true,"href":"https:\/\/guiadelocio.es\/madrid\/wp-json\/wp\/v2\/categories?post=37995"},{"taxonomy":"post_tag","embeddable":true,"href":"https:\/\/guiadelocio.es\/madrid\/wp-json\/wp\/v2\/tags?post=37995"},{"taxonomy":"category_plan","embeddable":true,"href":"https:\/\/guiadelocio.es\/madrid\/wp-json\/wp\/v2\/category_plan?post=37995"},{"taxonomy":"filter_trans","embeddable":true,"href":"https:\/\/guiadelocio.es\/madrid\/wp-json\/wp\/v2\/filter_trans?post=37995"},{"taxonomy":"filter_main","embeddable":true,"href":"https:\/\/guiadelocio.es\/madrid\/wp-json\/wp\/v2\/filter_main?post=37995"},{"taxonomy":"filter_sec","embeddable":true,"href":"https:\/\/guiadelocio.es\/madrid\/wp-json\/wp\/v2\/filter_sec?post=37995"},{"taxonomy":"barrios","embeddable":true,"href":"https:\/\/guiadelocio.es\/madrid\/wp-json\/wp\/v2\/barrios?post=37995"}],"curies":[{"name":"wp","href":"https:\/\/api.w.org\/{rel}","templated":true}]}}