{"id":36377,"date":"2025-01-24T10:53:02","date_gmt":"2025-01-24T09:53:02","guid":{"rendered":"https:\/\/guiadelocio.es\/madrid\/?p=36377"},"modified":"2025-01-24T11:25:57","modified_gmt":"2025-01-24T10:25:57","slug":"10-planes-para-el-fin-de-semana-en-madrid-41","status":"publish","type":"post","link":"https:\/\/guiadelocio.es\/madrid\/10-planes-para-el-fin-de-semana-en-madrid-41\/","title":{"rendered":"10 planes para el fin de semana en Madrid"},"content":{"rendered":"<p>Fin de semana \u00a1por f\u00edn!<\/p>\n<p>Un poquito pasados por agua pero eso no nos va a parar, as\u00ed que os hemos preparado 10 planes que no te puedes perder para estos d\u00edas (del 24 al 26 de enero). \u00a1A disfrutar!<\/p>\n<p>&nbsp;<\/p>\n<h2 class=\"section-single__title\">China Taste 2025<\/h2>\n<p><a href=\"https:\/\/guiadelocio.es\/madrid\/plan\/china-taste-2025\/\" target=\"_blank\" rel=\"noopener\"><span>\u201cChina Taste\u201d<\/span><\/a> llena las calles de Madrid con lo mejor de la cocina ancestral para celebrar el A\u00f1o Nuevo Chino. En la acci\u00f3n, impulsada por el Centro Cultural de\u00a0<span class=\"il\">China<\/span>\u00a0en Madrid con el apoyo de la Embajada de\u00a0<span class=\"il\">China<\/span>, treinta restaurantes elaborar\u00e1n men\u00fas o platos especiales llenos de tradici\u00f3n.<\/p>\n<p><a href=\"https:\/\/guiadelocio.es\/madrid\/plan\/china-taste-2025\/\" target=\"_blank\" rel=\"noopener\"><img decoding=\"async\" class=\" wp-image-36378 aligncenter\" src=\"https:\/\/guiadelocio.es\/madrid\/wp-content\/uploads\/sites\/2\/2025\/01\/Kokochin_Menu-China-Taste-2025-640x428-1-300x201.jpeg\" alt=\"\" width=\"500\" height=\"335\" srcset=\"https:\/\/guiadelocio.es\/madrid\/wp-content\/uploads\/sites\/2\/2025\/01\/Kokochin_Menu-China-Taste-2025-640x428-1-300x201.jpeg 300w, https:\/\/guiadelocio.es\/madrid\/wp-content\/uploads\/sites\/2\/2025\/01\/Kokochin_Menu-China-Taste-2025-640x428-1-266x178.jpeg 266w, https:\/\/guiadelocio.es\/madrid\/wp-content\/uploads\/sites\/2\/2025\/01\/Kokochin_Menu-China-Taste-2025-640x428-1.jpeg 640w\" sizes=\"(max-width: 500px) 100vw, 500px\" \/><\/a><\/p>\n<p>&nbsp;<\/p>\n<h2 class=\"section-single__title\">FITUR 2025: el gran encuentro internacional del turismo en IFEMA MADRID<\/h2>\n<p><a href=\"https:\/\/guiadelocio.es\/madrid\/plan\/fitur-2025-el-gran-encuentro-internacional-del-turismo-en-ifema-madrid\/\" target=\"_blank\" rel=\"noopener\"><strong>La Feria Internacional de Turismo (FITUR)<\/strong><\/a>\u00a0regresa en 2025 con una nueva edici\u00f3n que promete consolidar su estatus como el evento l\u00edder del sector tur\u00edstico a nivel global.<strong>\u00a0Del 22 al 26 de enero de 2025<\/strong>, los pabellones del recinto ferial IFEMA MADRID abrir\u00e1n sus puertas para recibir a profesionales del turismo y al p\u00fablico general en un encuentro donde se presentar\u00e1n las \u00faltimas tendencias y novedades de la industria.<\/p>\n<p><a href=\"https:\/\/guiadelocio.es\/madrid\/plan\/fitur-2025-el-gran-encuentro-internacional-del-turismo-en-ifema-madrid\/\" target=\"_blank\" rel=\"noopener\"><img decoding=\"async\" class=\" wp-image-36380 aligncenter\" src=\"https:\/\/guiadelocio.es\/madrid\/wp-content\/uploads\/sites\/2\/2025\/01\/estand_madrid_fitur_24012024-300x152.jpeg\" alt=\"\" width=\"499\" height=\"253\" srcset=\"https:\/\/guiadelocio.es\/madrid\/wp-content\/uploads\/sites\/2\/2025\/01\/estand_madrid_fitur_24012024-300x152.jpeg 300w, https:\/\/guiadelocio.es\/madrid\/wp-content\/uploads\/sites\/2\/2025\/01\/estand_madrid_fitur_24012024-640x325.jpeg 640w, https:\/\/guiadelocio.es\/madrid\/wp-content\/uploads\/sites\/2\/2025\/01\/estand_madrid_fitur_24012024-266x135.jpeg 266w, https:\/\/guiadelocio.es\/madrid\/wp-content\/uploads\/sites\/2\/2025\/01\/estand_madrid_fitur_24012024.jpeg 660w\" sizes=\"(max-width: 499px) 100vw, 499px\" \/><\/a><\/p>\n<p>&nbsp;<\/p>\n<h2 class=\"section-single__title\">La exposici\u00f3n de Banksy en Madrid: un nuevo espacio para el arte urbano<\/h2>\n<p>El\u00a0<a href=\"https:\/\/guiadelocio.es\/madrid\/plan\/la-exposicion-de-banksy-en-madrid-un-nuevo-espacio-para-el-arte-urbano\/\" target=\"_blank\" rel=\"noopener\"><strong>Museo Banksy en Madrid<\/strong><\/a>, ofrece una exposici\u00f3n \u00fanica que re\u00fane m\u00e1s de 170 piezas del famoso y enigm\u00e1tico artista urbano. Esta colecci\u00f3n incluye reproducciones a tama\u00f1o real de algunos de los murales m\u00e1s ic\u00f3nicos de Banksy, as\u00ed como ediciones limitadas, esculturas y diversas instalaciones interactivas. La muestra se organiza de manera inmersiva, permitiendo a los visitantes explorar el universo visual y conceptual del artista, cuyas obras abordan temas como el consumismo, la guerra, el cambio clim\u00e1tico y las desigualdades sociales. Cada detalle del espacio ha sido dise\u00f1ado para ofrecer una experiencia visual y sensorial inolvidable.<\/p>\n<p><a href=\"https:\/\/guiadelocio.es\/madrid\/plan\/la-exposicion-de-banksy-en-madrid-un-nuevo-espacio-para-el-arte-urbano\/\" target=\"_blank\" rel=\"noopener\"><img decoding=\"async\" class=\" wp-image-36382 aligncenter\" src=\"https:\/\/guiadelocio.es\/madrid\/wp-content\/uploads\/sites\/2\/2025\/01\/museo-de-banksy-en-madrid-donde-esta-horarios-y-precios-de-las-entradas-635x358-1-1-300x169.webp\" alt=\"\" width=\"499\" height=\"281\" srcset=\"https:\/\/guiadelocio.es\/madrid\/wp-content\/uploads\/sites\/2\/2025\/01\/museo-de-banksy-en-madrid-donde-esta-horarios-y-precios-de-las-entradas-635x358-1-1-300x169.webp 300w, https:\/\/guiadelocio.es\/madrid\/wp-content\/uploads\/sites\/2\/2025\/01\/museo-de-banksy-en-madrid-donde-esta-horarios-y-precios-de-las-entradas-635x358-1-1-266x150.webp 266w, https:\/\/guiadelocio.es\/madrid\/wp-content\/uploads\/sites\/2\/2025\/01\/museo-de-banksy-en-madrid-donde-esta-horarios-y-precios-de-las-entradas-635x358-1-1.webp 635w\" sizes=\"(max-width: 499px) 100vw, 499px\" \/><\/a><\/p>\n<p>&nbsp;<\/p>\n<h2 class=\"section-single__title\">Inverfest: 101 conciertos en el festival madrile\u00f1o<\/h2>\n<p><a href=\"https:\/\/guiadelocio.es\/madrid\/plan\/inverfest-101-conciertos-en-el-festival-madrileno\/\" target=\"_blank\" rel=\"noopener\"><strong>Inverfest<\/strong> <\/a>nos ofrece este a\u00f1o una extensa programaci\u00f3n en la que hay cabida para todo tipo de g\u00e9neros y estilos, del pop a los sonidos urbanos, pasando por el rock, el indie, la fusi\u00f3n o la m\u00fasica de ra\u00edz,\u00a0con propuestas para todos los gustos.<\/p>\n<p><a href=\"https:\/\/guiadelocio.es\/madrid\/plan\/inverfest-101-conciertos-en-el-festival-madrileno\/\" target=\"_blank\" rel=\"noopener\"><img decoding=\"async\" class=\" wp-image-36384 aligncenter\" src=\"https:\/\/guiadelocio.es\/madrid\/wp-content\/uploads\/sites\/2\/2025\/01\/INVERFEST-2025_850x450.png-2-300x159.webp\" alt=\"\" width=\"501\" height=\"265\" srcset=\"https:\/\/guiadelocio.es\/madrid\/wp-content\/uploads\/sites\/2\/2025\/01\/INVERFEST-2025_850x450.png-2-300x159.webp 300w, https:\/\/guiadelocio.es\/madrid\/wp-content\/uploads\/sites\/2\/2025\/01\/INVERFEST-2025_850x450.png-2-768x407.webp 768w, https:\/\/guiadelocio.es\/madrid\/wp-content\/uploads\/sites\/2\/2025\/01\/INVERFEST-2025_850x450.png-2-640x339.webp 640w, https:\/\/guiadelocio.es\/madrid\/wp-content\/uploads\/sites\/2\/2025\/01\/INVERFEST-2025_850x450.png-2-266x141.webp 266w, https:\/\/guiadelocio.es\/madrid\/wp-content\/uploads\/sites\/2\/2025\/01\/INVERFEST-2025_850x450.png-2.webp 850w\" sizes=\"(max-width: 501px) 100vw, 501px\" \/><\/a><\/p>\n<p>&nbsp;<\/p>\n<h2 class=\"section-single__title\">#YoSostenido: la vida en tragicomedia de V\u00edctor El\u00edas<\/h2>\n<p>La obra\u00a0<a href=\"https:\/\/guiadelocio.es\/madrid\/plan\/yosostenido-la-vida-en-tragicomedia-de-victor-elias\/\" target=\"_blank\" rel=\"noopener\"><strong>#YoSostenido<\/strong>\u00a0<\/a>es una propuesta \u00fanica que combina\u00a0<strong>humor, drama y m\u00fasica<\/strong>\u00a0para contar la vida de\u00a0<strong>V\u00edctor El\u00edas<\/strong>, reconocido actor y m\u00fasico, en un formato de tragicomedia. Sin embargo, la esencia del espect\u00e1culo va mucho m\u00e1s all\u00e1 de una simple autobiograf\u00eda. Este montaje se convierte en una reflexi\u00f3n sobre los prejuicios, el miedo y la valent\u00eda que todos enfrentamos en nuestro d\u00eda a d\u00eda, invitando al p\u00fablico a re\u00edrse de s\u00ed mismo y a cuestionar la imagen que proyectamos ante los dem\u00e1s.<\/p>\n<p><a href=\"https:\/\/guiadelocio.es\/madrid\/plan\/yosostenido-la-vida-en-tragicomedia-de-victor-elias\/\" target=\"_blank\" rel=\"noopener\"><img decoding=\"async\" class=\" wp-image-36386 aligncenter\" src=\"https:\/\/guiadelocio.es\/madrid\/wp-content\/uploads\/sites\/2\/2025\/01\/YO-SOSTENIDO-web-scaled-1-650x920-1-212x300.jpeg\" alt=\"\" width=\"354\" height=\"501\" srcset=\"https:\/\/guiadelocio.es\/madrid\/wp-content\/uploads\/sites\/2\/2025\/01\/YO-SOSTENIDO-web-scaled-1-650x920-1-212x300.jpeg 212w, https:\/\/guiadelocio.es\/madrid\/wp-content\/uploads\/sites\/2\/2025\/01\/YO-SOSTENIDO-web-scaled-1-650x920-1-305x432.jpeg 305w, https:\/\/guiadelocio.es\/madrid\/wp-content\/uploads\/sites\/2\/2025\/01\/YO-SOSTENIDO-web-scaled-1-650x920-1-141x200.jpeg 141w, https:\/\/guiadelocio.es\/madrid\/wp-content\/uploads\/sites\/2\/2025\/01\/YO-SOSTENIDO-web-scaled-1-650x920-1.jpeg 650w\" sizes=\"(max-width: 354px) 100vw, 354px\" \/><\/a><\/p>\n<p>&nbsp;<\/p>\n<h2 class=\"section-single__title\">La \u00f3pera Eugene Onegin regresa al Teatro Real en 2025<\/h2>\n<p>El 2025 trae consigo una de las obras m\u00e1s emblem\u00e1ticas del repertorio oper\u00edstico ruso:\u00a0<strong><a href=\"https:\/\/guiadelocio.es\/madrid\/plan\/la-opera-eugene-onegin-regresa-al-teatro-real-en-2025-una-produccion-inolvidable\/\" target=\"_blank\" rel=\"noopener\"><em>Eugene Onegin<\/em><\/a><\/strong>,\u00a0la c\u00e9lebre \u00f3pera de\u00a0Piotr Ilich Chaikovski,\u00a0que vuelve al\u00a0<a href=\"https:\/\/guiadelocio.es\/madrid\/plan\/teatro-real\/\" target=\"_blank\" rel=\"noopener\"><span>Teatro Real<\/span><\/a>\u00a0de Madrid tras 15 a\u00f1os de ausencia. Este regreso no solo conmemora el 225 aniversario del nacimiento de Aleksandr Pushkin, autor de la novela en la que se basa la \u00f3pera, sino que tambi\u00e9n promete ser un espect\u00e1culo memorable dirigido por el prestigioso regidor alem\u00e1n\u00a0Christof Loy.<\/p>\n<p><a href=\"https:\/\/guiadelocio.es\/madrid\/plan\/la-opera-eugene-onegin-regresa-al-teatro-real-en-2025-una-produccion-inolvidable\/\" target=\"_blank\" rel=\"noopener\"><img decoding=\"async\" class=\" wp-image-36388 aligncenter\" src=\"https:\/\/guiadelocio.es\/madrid\/wp-content\/uploads\/sites\/2\/2025\/01\/t23_eugene_onegin_s3_246-300x152.jpeg\" alt=\"\" width=\"501\" height=\"254\" srcset=\"https:\/\/guiadelocio.es\/madrid\/wp-content\/uploads\/sites\/2\/2025\/01\/t23_eugene_onegin_s3_246-300x152.jpeg 300w, https:\/\/guiadelocio.es\/madrid\/wp-content\/uploads\/sites\/2\/2025\/01\/t23_eugene_onegin_s3_246-640x325.jpeg 640w, https:\/\/guiadelocio.es\/madrid\/wp-content\/uploads\/sites\/2\/2025\/01\/t23_eugene_onegin_s3_246-266x135.jpeg 266w, https:\/\/guiadelocio.es\/madrid\/wp-content\/uploads\/sites\/2\/2025\/01\/t23_eugene_onegin_s3_246.jpeg 660w\" sizes=\"(max-width: 501px) 100vw, 501px\" \/><\/a><\/p>\n<p>&nbsp;<\/p>\n<h2 class=\"section-single__title\">Monstruos, el prodigio de los dioses re\u00fane a tres personajes monstruosos de Calder\u00f3n de la Barca<\/h2>\n<p><em><a href=\"https:\/\/guiadelocio.es\/madrid\/plan\/monstruos-el-prodigio-de-los-dioses-reune-a-tres-personajes-monstruosos-de-calderon-de-la-barca\/\" target=\"_blank\" rel=\"noopener\"><strong>Monstruos<\/strong><\/a>, el prodigio de los dioses<\/em>\u00a0re\u00fane textos de\u00a0<strong>Pedro Calder\u00f3n de la Barca<\/strong>\u00a0extra\u00eddos de sus obras teatrales\u00a0<em>La hija del aire<\/em>,<em>\u00a0El monstruo de los jardines<\/em>\u00a0y\u00a0<em>El mayor monstruo del mundo.\u00a0<\/em>As\u00ed veremos como\u00a0tres de esos monstruos creados por el dramaturgo espa\u00f1ol (Sem\u00edramis, Aquiles y Herodes) cuentan historias desde s\u00ed mismos.<\/p>\n<p><a href=\"https:\/\/guiadelocio.es\/madrid\/plan\/monstruos-el-prodigio-de-los-dioses-reune-a-tres-personajes-monstruosos-de-calderon-de-la-barca\/\" target=\"_blank\" rel=\"noopener\"><img decoding=\"async\" class=\" wp-image-36390 aligncenter\" src=\"https:\/\/guiadelocio.es\/madrid\/wp-content\/uploads\/sites\/2\/2025\/01\/unnamed-76-1381x920-1-300x200.jpeg\" alt=\"\" width=\"500\" height=\"333\" srcset=\"https:\/\/guiadelocio.es\/madrid\/wp-content\/uploads\/sites\/2\/2025\/01\/unnamed-76-1381x920-1-300x200.jpeg 300w, https:\/\/guiadelocio.es\/madrid\/wp-content\/uploads\/sites\/2\/2025\/01\/unnamed-76-1381x920-1-1024x682.jpeg 1024w, https:\/\/guiadelocio.es\/madrid\/wp-content\/uploads\/sites\/2\/2025\/01\/unnamed-76-1381x920-1-768x512.jpeg 768w, https:\/\/guiadelocio.es\/madrid\/wp-content\/uploads\/sites\/2\/2025\/01\/unnamed-76-1381x920-1-640x426.jpeg 640w, https:\/\/guiadelocio.es\/madrid\/wp-content\/uploads\/sites\/2\/2025\/01\/unnamed-76-1381x920-1-266x177.jpeg 266w, https:\/\/guiadelocio.es\/madrid\/wp-content\/uploads\/sites\/2\/2025\/01\/unnamed-76-1381x920-1.jpeg 1381w\" sizes=\"(max-width: 500px) 100vw, 500px\" \/><\/a><\/p>\n<p>&nbsp;<\/p>\n<h2 class=\"section-single__title\">Los Gigantes de la Monta\u00f1a: una reflexi\u00f3n teatral de Pirandello en el Fern\u00e1n G\u00f3mez Centro Cultural de la Villa<\/h2>\n<p>La \u00faltima obra de\u00a0Luigi Pirandello,\u00a0<a href=\"https:\/\/guiadelocio.es\/madrid\/plan\/los-gigantes-de-la-montana-una-reflexion-teatral-de-pirandello-en-el-fernan-gomez-centro-cultural-de-la-villa\/\" target=\"_blank\" rel=\"noopener\"><em>Los Gigantes de la Monta\u00f1a<\/em><\/a>, regresa a los escenarios madrile\u00f1os en una nueva adaptaci\u00f3n dirigida por\u00a0C\u00e9sar Barl\u00f3\u00a0y puesta en escena por la compa\u00f1\u00eda\u00a0AlmaViva Teatro. Esta obra fundamental de la dramaturgia moderna, concebida en la d\u00e9cada de 1920, ser\u00e1 representada en la\u00a0Sala Jardiel Poncela del\u00a0<a href=\"https:\/\/guiadelocio.es\/madrid\/plan\/fernan-gomez-centro-cultural-de-la-villa\/\" target=\"_blank\" rel=\"noopener\"><span>Fern\u00e1n G\u00f3mez Centro Cultural de la Villa.<\/span><\/a><\/p>\n<p><a href=\"https:\/\/guiadelocio.es\/madrid\/plan\/los-gigantes-de-la-montana-una-reflexion-teatral-de-pirandello-en-el-fernan-gomez-centro-cultural-de-la-villa\/\" target=\"_blank\" rel=\"noopener\"><img decoding=\"async\" class=\" wp-image-36392 aligncenter\" src=\"https:\/\/guiadelocio.es\/madrid\/wp-content\/uploads\/sites\/2\/2025\/01\/web-los-gigantes-de-la-montana-1008x567.jpg-1-300x169.webp\" alt=\"\" width=\"499\" height=\"281\" srcset=\"https:\/\/guiadelocio.es\/madrid\/wp-content\/uploads\/sites\/2\/2025\/01\/web-los-gigantes-de-la-montana-1008x567.jpg-1-300x169.webp 300w, https:\/\/guiadelocio.es\/madrid\/wp-content\/uploads\/sites\/2\/2025\/01\/web-los-gigantes-de-la-montana-1008x567.jpg-1-768x432.webp 768w, https:\/\/guiadelocio.es\/madrid\/wp-content\/uploads\/sites\/2\/2025\/01\/web-los-gigantes-de-la-montana-1008x567.jpg-1-640x360.webp 640w, https:\/\/guiadelocio.es\/madrid\/wp-content\/uploads\/sites\/2\/2025\/01\/web-los-gigantes-de-la-montana-1008x567.jpg-1-266x150.webp 266w, https:\/\/guiadelocio.es\/madrid\/wp-content\/uploads\/sites\/2\/2025\/01\/web-los-gigantes-de-la-montana-1008x567.jpg-1.webp 1008w\" sizes=\"(max-width: 499px) 100vw, 499px\" \/><\/a><\/p>\n<p>&nbsp;<\/p>\n<h2 class=\"section-single__title\">Estreno en cines de The Brutalist<\/h2>\n<p><a href=\"https:\/\/guiadelocio.es\/madrid\/plan\/estreno-en-cines-de-the-brutalist\/\" target=\"_blank\" rel=\"noopener\"><strong><em>The Brutalist<\/em><\/strong><\/a>, la esperada pel\u00edcula dirigida por\u00a0<strong>Brady Corbet<\/strong>, ha captado la atenci\u00f3n de cr\u00edticos y cin\u00e9filos desde su estreno en Estados Unidos a finales de 2024. Con una trama profunda, un reparto de lujo y un enfoque visual \u00fanico, la pel\u00edcula ha sido una de las grandes favoritas en la temporada de premios, ganando recientemente tres Globos de Oro, incluyendo Mejor Pel\u00edcula Dram\u00e1tica, Mejor Director y Mejor Actor.<\/p>\n<p><a href=\"https:\/\/guiadelocio.es\/madrid\/plan\/estreno-en-cines-de-the-brutalist\/\" target=\"_blank\" rel=\"noopener\"><img decoding=\"async\" class=\" wp-image-36394 aligncenter\" src=\"https:\/\/guiadelocio.es\/madrid\/wp-content\/uploads\/sites\/2\/2025\/01\/Sequence-05.01_19_03_05.Still001_R_2-1636x920-1-300x169.jpg\" alt=\"\" width=\"501\" height=\"282\" srcset=\"https:\/\/guiadelocio.es\/madrid\/wp-content\/uploads\/sites\/2\/2025\/01\/Sequence-05.01_19_03_05.Still001_R_2-1636x920-1-300x169.jpg 300w, https:\/\/guiadelocio.es\/madrid\/wp-content\/uploads\/sites\/2\/2025\/01\/Sequence-05.01_19_03_05.Still001_R_2-1636x920-1-1024x576.jpg 1024w, https:\/\/guiadelocio.es\/madrid\/wp-content\/uploads\/sites\/2\/2025\/01\/Sequence-05.01_19_03_05.Still001_R_2-1636x920-1-768x432.jpg 768w, https:\/\/guiadelocio.es\/madrid\/wp-content\/uploads\/sites\/2\/2025\/01\/Sequence-05.01_19_03_05.Still001_R_2-1636x920-1-1536x864.jpg 1536w, https:\/\/guiadelocio.es\/madrid\/wp-content\/uploads\/sites\/2\/2025\/01\/Sequence-05.01_19_03_05.Still001_R_2-1636x920-1-640x360.jpg 640w, https:\/\/guiadelocio.es\/madrid\/wp-content\/uploads\/sites\/2\/2025\/01\/Sequence-05.01_19_03_05.Still001_R_2-1636x920-1-266x150.jpg 266w, https:\/\/guiadelocio.es\/madrid\/wp-content\/uploads\/sites\/2\/2025\/01\/Sequence-05.01_19_03_05.Still001_R_2-1636x920-1.jpg 1636w\" sizes=\"(max-width: 501px) 100vw, 501px\" \/><\/a><\/p>\n<p>&nbsp;<\/p>\n<h2 class=\"section-single__title\">\u2018Pinocha el musical\u2019, llega a Madrid<\/h2>\n<p><a href=\"https:\/\/guiadelocio.es\/madrid\/plan\/pinocha-el-musical-llega-a-madrid\/\" target=\"_blank\" rel=\"noopener\"><span>\u2018Pinocha el musical\u2019<\/span><\/a> es una versi\u00f3n del cl\u00e1sico cuento de Pinocho en el que la protagonista es Pinocha, una ni\u00f1a de madera con un gran sue\u00f1o: \u00a1viajar a la Luna!<\/p>\n<p><a href=\"https:\/\/guiadelocio.es\/madrid\/plan\/pinocha-el-musical-llega-a-madrid\/\" target=\"_blank\" rel=\"noopener\"><img decoding=\"async\" class=\" wp-image-36396 aligncenter\" src=\"https:\/\/guiadelocio.es\/madrid\/wp-content\/uploads\/sites\/2\/2025\/01\/hellen_tormenta_PINOCHA_dubbi_kids-640x427-1-300x200.jpeg\" alt=\"\" width=\"500\" height=\"333\" srcset=\"https:\/\/guiadelocio.es\/madrid\/wp-content\/uploads\/sites\/2\/2025\/01\/hellen_tormenta_PINOCHA_dubbi_kids-640x427-1-300x200.jpeg 300w, https:\/\/guiadelocio.es\/madrid\/wp-content\/uploads\/sites\/2\/2025\/01\/hellen_tormenta_PINOCHA_dubbi_kids-640x427-1-266x177.jpeg 266w, https:\/\/guiadelocio.es\/madrid\/wp-content\/uploads\/sites\/2\/2025\/01\/hellen_tormenta_PINOCHA_dubbi_kids-640x427-1.jpeg 640w\" sizes=\"(max-width: 500px) 100vw, 500px\" \/><\/a><\/p>\n","protected":false},"excerpt":{"rendered":"<p>Fin de semana \u00a1por f\u00edn! Un poquito pasados por agua pero eso no nos va a parar, as\u00ed que os hemos preparado 10 planes que no te puedes perder para estos d\u00edas (del 24 al 26 de enero). \u00a1A disfrutar! &nbsp; China Taste 2025 \u201cChina Taste\u201d llena las calles de Madrid con lo mejor de [&hellip;]<\/p>\n","protected":false},"author":5,"featured_media":36398,"comment_status":"closed","ping_status":"closed","sticky":false,"template":"","format":"standard","meta":{"_acf_changed":false,"footnotes":""},"categories":[1],"tags":[],"category_plan":[2],"filter_trans":[],"filter_main":[],"filter_sec":[],"barrios":[],"class_list":["post-36377","post","type-post","status-publish","format-standard","has-post-thumbnail","hentry","category-sin-categorizar"],"acf":[],"yoast_head":"<!-- This site is optimized with the Yoast SEO plugin v26.0 - https:\/\/yoast.com\/wordpress\/plugins\/seo\/ -->\n<title>10 planes para el fin de semana en Madrid | Madrid<\/title>\n<meta name=\"description\" content=\"Fin de semana \u00a1por f\u00edn!Un poquito pasados por agua pero eso no nos va a parar, as\u00ed que os hemos preparado 10 planes que no te puedes perder para estos d\u00edas (del 24 al 26 de enero). \u00a1A disfrutar!\" \/>\n<meta name=\"robots\" content=\"index, follow, max-snippet:-1, max-image-preview:large, max-video-preview:-1\" \/>\n<link rel=\"canonical\" href=\"https:\/\/guiadelocio.es\/madrid\/10-planes-para-el-fin-de-semana-en-madrid-41\/\" \/>\n<meta property=\"og:locale\" content=\"es_ES\" \/>\n<meta property=\"og:type\" content=\"article\" \/>\n<meta property=\"og:title\" content=\"10 planes para el fin de semana en Madrid | Madrid\" \/>\n<meta property=\"og:description\" content=\"Fin de semana \u00a1por f\u00edn!Un poquito pasados por agua pero eso no nos va a parar, as\u00ed que os hemos preparado 10 planes que no te puedes perder para estos d\u00edas (del 24 al 26 de enero). \u00a1A disfrutar!\" \/>\n<meta property=\"og:url\" content=\"https:\/\/guiadelocio.es\/madrid\/10-planes-para-el-fin-de-semana-en-madrid-41\/\" \/>\n<meta property=\"og:site_name\" content=\"Madrid\" \/>\n<meta property=\"article:published_time\" content=\"2025-01-24T09:53:02+00:00\" \/>\n<meta property=\"article:modified_time\" content=\"2025-01-24T10:25:57+00:00\" \/>\n<meta property=\"og:image\" content=\"https:\/\/guiadelocio.es\/madrid\/wp-content\/uploads\/sites\/2\/2025\/01\/iStock-1826770123.jpg\" \/>\n\t<meta property=\"og:image:width\" content=\"1254\" \/>\n\t<meta property=\"og:image:height\" content=\"836\" \/>\n\t<meta property=\"og:image:type\" content=\"image\/jpeg\" \/>\n<meta name=\"author\" content=\"spons\" \/>\n<meta name=\"twitter:card\" content=\"summary_large_image\" \/>\n<meta name=\"twitter:label1\" content=\"Escrito por\" \/>\n\t<meta name=\"twitter:data1\" content=\"spons\" \/>\n\t<meta name=\"twitter:label2\" content=\"Tiempo de lectura\" \/>\n\t<meta name=\"twitter:data2\" content=\"6 minutos\" \/>\n<script type=\"application\/ld+json\" class=\"yoast-schema-graph\">{\"@context\":\"https:\/\/schema.org\",\"@graph\":[{\"@type\":\"WebPage\",\"@id\":\"https:\/\/guiadelocio.es\/madrid\/10-planes-para-el-fin-de-semana-en-madrid-41\/\",\"url\":\"https:\/\/guiadelocio.es\/madrid\/10-planes-para-el-fin-de-semana-en-madrid-41\/\",\"name\":\"10 planes para el fin de semana en Madrid | Madrid\",\"isPartOf\":{\"@id\":\"https:\/\/guiadelocio.es\/madrid\/#website\"},\"primaryImageOfPage\":{\"@id\":\"https:\/\/guiadelocio.es\/madrid\/10-planes-para-el-fin-de-semana-en-madrid-41\/#primaryimage\"},\"image\":{\"@id\":\"https:\/\/guiadelocio.es\/madrid\/10-planes-para-el-fin-de-semana-en-madrid-41\/#primaryimage\"},\"thumbnailUrl\":\"https:\/\/guiadelocio.es\/madrid\/wp-content\/uploads\/sites\/2\/2025\/01\/iStock-1826770123.jpg\",\"datePublished\":\"2025-01-24T09:53:02+00:00\",\"dateModified\":\"2025-01-24T10:25:57+00:00\",\"author\":{\"@id\":\"https:\/\/guiadelocio.es\/madrid\/#\/schema\/person\/8948cef5c81b7b4ad26551a45a2d12d3\"},\"description\":\"Fin de semana \u00a1por f\u00edn!Un poquito pasados por agua pero eso no nos va a parar, as\u00ed que os hemos preparado 10 planes que no te puedes perder para estos d\u00edas (del 24 al 26 de enero). \u00a1A disfrutar!\",\"breadcrumb\":{\"@id\":\"https:\/\/guiadelocio.es\/madrid\/10-planes-para-el-fin-de-semana-en-madrid-41\/#breadcrumb\"},\"inLanguage\":\"es\",\"potentialAction\":[{\"@type\":\"ReadAction\",\"target\":[\"https:\/\/guiadelocio.es\/madrid\/10-planes-para-el-fin-de-semana-en-madrid-41\/\"]}]},{\"@type\":\"ImageObject\",\"inLanguage\":\"es\",\"@id\":\"https:\/\/guiadelocio.es\/madrid\/10-planes-para-el-fin-de-semana-en-madrid-41\/#primaryimage\",\"url\":\"https:\/\/guiadelocio.es\/madrid\/wp-content\/uploads\/sites\/2\/2025\/01\/iStock-1826770123.jpg\",\"contentUrl\":\"https:\/\/guiadelocio.es\/madrid\/wp-content\/uploads\/sites\/2\/2025\/01\/iStock-1826770123.jpg\",\"width\":1254,\"height\":836,\"caption\":\"Skyline of the city of Madrid at sunset on a cloudy day with storm clouds\"},{\"@type\":\"BreadcrumbList\",\"@id\":\"https:\/\/guiadelocio.es\/madrid\/10-planes-para-el-fin-de-semana-en-madrid-41\/#breadcrumb\",\"itemListElement\":[{\"@type\":\"ListItem\",\"position\":1,\"name\":\"Portada\",\"item\":\"https:\/\/guiadelocio.es\/madrid\/\"},{\"@type\":\"ListItem\",\"position\":2,\"name\":\"10 planes para el fin de semana en Madrid\"}]},{\"@type\":\"WebSite\",\"@id\":\"https:\/\/guiadelocio.es\/madrid\/#website\",\"url\":\"https:\/\/guiadelocio.es\/madrid\/\",\"name\":\"Madrid | Gu\u00eda del Ocio\",\"description\":\"Qu\u00e9 hacer, d\u00f3nde comer, qu\u00e9 visitar y los lugares que no te puedes perder\",\"potentialAction\":[{\"@type\":\"SearchAction\",\"target\":{\"@type\":\"EntryPoint\",\"urlTemplate\":\"https:\/\/guiadelocio.es\/madrid\/?s={search_term_string}\"},\"query-input\":{\"@type\":\"PropertyValueSpecification\",\"valueRequired\":true,\"valueName\":\"search_term_string\"}}],\"inLanguage\":\"es\"},{\"@type\":\"Person\",\"@id\":\"https:\/\/guiadelocio.es\/madrid\/#\/schema\/person\/8948cef5c81b7b4ad26551a45a2d12d3\",\"name\":\"spons\",\"image\":{\"@type\":\"ImageObject\",\"inLanguage\":\"es\",\"@id\":\"https:\/\/guiadelocio.es\/madrid\/#\/schema\/person\/image\/\",\"url\":\"https:\/\/secure.gravatar.com\/avatar\/c3eb00312c63ba7a2ea61f1fc101d93b66984cbac41bc8a3997f9b64644a08c9?s=96&d=mm&r=g\",\"contentUrl\":\"https:\/\/secure.gravatar.com\/avatar\/c3eb00312c63ba7a2ea61f1fc101d93b66984cbac41bc8a3997f9b64644a08c9?s=96&d=mm&r=g\",\"caption\":\"spons\"}}]}<\/script>\n<!-- \/ Yoast SEO plugin. -->","yoast_head_json":{"title":"10 planes para el fin de semana en Madrid | Madrid","description":"Fin de semana \u00a1por f\u00edn!Un poquito pasados por agua pero eso no nos va a parar, as\u00ed que os hemos preparado 10 planes que no te puedes perder para estos d\u00edas (del 24 al 26 de enero). \u00a1A disfrutar!","robots":{"index":"index","follow":"follow","max-snippet":"max-snippet:-1","max-image-preview":"max-image-preview:large","max-video-preview":"max-video-preview:-1"},"canonical":"https:\/\/guiadelocio.es\/madrid\/10-planes-para-el-fin-de-semana-en-madrid-41\/","og_locale":"es_ES","og_type":"article","og_title":"10 planes para el fin de semana en Madrid | Madrid","og_description":"Fin de semana \u00a1por f\u00edn!Un poquito pasados por agua pero eso no nos va a parar, as\u00ed que os hemos preparado 10 planes que no te puedes perder para estos d\u00edas (del 24 al 26 de enero). \u00a1A disfrutar!","og_url":"https:\/\/guiadelocio.es\/madrid\/10-planes-para-el-fin-de-semana-en-madrid-41\/","og_site_name":"Madrid","article_published_time":"2025-01-24T09:53:02+00:00","article_modified_time":"2025-01-24T10:25:57+00:00","og_image":[{"width":1254,"height":836,"url":"https:\/\/guiadelocio.es\/madrid\/wp-content\/uploads\/sites\/2\/2025\/01\/iStock-1826770123.jpg","type":"image\/jpeg"}],"author":"spons","twitter_card":"summary_large_image","twitter_misc":{"Escrito por":"spons","Tiempo de lectura":"6 minutos"},"schema":{"@context":"https:\/\/schema.org","@graph":[{"@type":"WebPage","@id":"https:\/\/guiadelocio.es\/madrid\/10-planes-para-el-fin-de-semana-en-madrid-41\/","url":"https:\/\/guiadelocio.es\/madrid\/10-planes-para-el-fin-de-semana-en-madrid-41\/","name":"10 planes para el fin de semana en Madrid | Madrid","isPartOf":{"@id":"https:\/\/guiadelocio.es\/madrid\/#website"},"primaryImageOfPage":{"@id":"https:\/\/guiadelocio.es\/madrid\/10-planes-para-el-fin-de-semana-en-madrid-41\/#primaryimage"},"image":{"@id":"https:\/\/guiadelocio.es\/madrid\/10-planes-para-el-fin-de-semana-en-madrid-41\/#primaryimage"},"thumbnailUrl":"https:\/\/guiadelocio.es\/madrid\/wp-content\/uploads\/sites\/2\/2025\/01\/iStock-1826770123.jpg","datePublished":"2025-01-24T09:53:02+00:00","dateModified":"2025-01-24T10:25:57+00:00","author":{"@id":"https:\/\/guiadelocio.es\/madrid\/#\/schema\/person\/8948cef5c81b7b4ad26551a45a2d12d3"},"description":"Fin de semana \u00a1por f\u00edn!Un poquito pasados por agua pero eso no nos va a parar, as\u00ed que os hemos preparado 10 planes que no te puedes perder para estos d\u00edas (del 24 al 26 de enero). \u00a1A disfrutar!","breadcrumb":{"@id":"https:\/\/guiadelocio.es\/madrid\/10-planes-para-el-fin-de-semana-en-madrid-41\/#breadcrumb"},"inLanguage":"es","potentialAction":[{"@type":"ReadAction","target":["https:\/\/guiadelocio.es\/madrid\/10-planes-para-el-fin-de-semana-en-madrid-41\/"]}]},{"@type":"ImageObject","inLanguage":"es","@id":"https:\/\/guiadelocio.es\/madrid\/10-planes-para-el-fin-de-semana-en-madrid-41\/#primaryimage","url":"https:\/\/guiadelocio.es\/madrid\/wp-content\/uploads\/sites\/2\/2025\/01\/iStock-1826770123.jpg","contentUrl":"https:\/\/guiadelocio.es\/madrid\/wp-content\/uploads\/sites\/2\/2025\/01\/iStock-1826770123.jpg","width":1254,"height":836,"caption":"Skyline of the city of Madrid at sunset on a cloudy day with storm clouds"},{"@type":"BreadcrumbList","@id":"https:\/\/guiadelocio.es\/madrid\/10-planes-para-el-fin-de-semana-en-madrid-41\/#breadcrumb","itemListElement":[{"@type":"ListItem","position":1,"name":"Portada","item":"https:\/\/guiadelocio.es\/madrid\/"},{"@type":"ListItem","position":2,"name":"10 planes para el fin de semana en Madrid"}]},{"@type":"WebSite","@id":"https:\/\/guiadelocio.es\/madrid\/#website","url":"https:\/\/guiadelocio.es\/madrid\/","name":"Madrid | Gu\u00eda del Ocio","description":"Qu\u00e9 hacer, d\u00f3nde comer, qu\u00e9 visitar y los lugares que no te puedes perder","potentialAction":[{"@type":"SearchAction","target":{"@type":"EntryPoint","urlTemplate":"https:\/\/guiadelocio.es\/madrid\/?s={search_term_string}"},"query-input":{"@type":"PropertyValueSpecification","valueRequired":true,"valueName":"search_term_string"}}],"inLanguage":"es"},{"@type":"Person","@id":"https:\/\/guiadelocio.es\/madrid\/#\/schema\/person\/8948cef5c81b7b4ad26551a45a2d12d3","name":"spons","image":{"@type":"ImageObject","inLanguage":"es","@id":"https:\/\/guiadelocio.es\/madrid\/#\/schema\/person\/image\/","url":"https:\/\/secure.gravatar.com\/avatar\/c3eb00312c63ba7a2ea61f1fc101d93b66984cbac41bc8a3997f9b64644a08c9?s=96&d=mm&r=g","contentUrl":"https:\/\/secure.gravatar.com\/avatar\/c3eb00312c63ba7a2ea61f1fc101d93b66984cbac41bc8a3997f9b64644a08c9?s=96&d=mm&r=g","caption":"spons"}}]}},"_links":{"self":[{"href":"https:\/\/guiadelocio.es\/madrid\/wp-json\/wp\/v2\/posts\/36377","targetHints":{"allow":["GET"]}}],"collection":[{"href":"https:\/\/guiadelocio.es\/madrid\/wp-json\/wp\/v2\/posts"}],"about":[{"href":"https:\/\/guiadelocio.es\/madrid\/wp-json\/wp\/v2\/types\/post"}],"author":[{"embeddable":true,"href":"https:\/\/guiadelocio.es\/madrid\/wp-json\/wp\/v2\/users\/5"}],"replies":[{"embeddable":true,"href":"https:\/\/guiadelocio.es\/madrid\/wp-json\/wp\/v2\/comments?post=36377"}],"version-history":[{"count":0,"href":"https:\/\/guiadelocio.es\/madrid\/wp-json\/wp\/v2\/posts\/36377\/revisions"}],"wp:featuredmedia":[{"embeddable":true,"href":"https:\/\/guiadelocio.es\/madrid\/wp-json\/wp\/v2\/media\/36398"}],"wp:attachment":[{"href":"https:\/\/guiadelocio.es\/madrid\/wp-json\/wp\/v2\/media?parent=36377"}],"wp:term":[{"taxonomy":"category","embeddable":true,"href":"https:\/\/guiadelocio.es\/madrid\/wp-json\/wp\/v2\/categories?post=36377"},{"taxonomy":"post_tag","embeddable":true,"href":"https:\/\/guiadelocio.es\/madrid\/wp-json\/wp\/v2\/tags?post=36377"},{"taxonomy":"category_plan","embeddable":true,"href":"https:\/\/guiadelocio.es\/madrid\/wp-json\/wp\/v2\/category_plan?post=36377"},{"taxonomy":"filter_trans","embeddable":true,"href":"https:\/\/guiadelocio.es\/madrid\/wp-json\/wp\/v2\/filter_trans?post=36377"},{"taxonomy":"filter_main","embeddable":true,"href":"https:\/\/guiadelocio.es\/madrid\/wp-json\/wp\/v2\/filter_main?post=36377"},{"taxonomy":"filter_sec","embeddable":true,"href":"https:\/\/guiadelocio.es\/madrid\/wp-json\/wp\/v2\/filter_sec?post=36377"},{"taxonomy":"barrios","embeddable":true,"href":"https:\/\/guiadelocio.es\/madrid\/wp-json\/wp\/v2\/barrios?post=36377"}],"curies":[{"name":"wp","href":"https:\/\/api.w.org\/{rel}","templated":true}]}}