{"id":32601,"date":"2024-10-16T13:35:56","date_gmt":"2024-10-16T11:35:56","guid":{"rendered":"https:\/\/guiadelocio.es\/madrid\/?p=32601"},"modified":"2024-10-22T14:24:37","modified_gmt":"2024-10-22T12:24:37","slug":"21-distritos-la-cultura-que-va-contigo","status":"publish","type":"post","link":"https:\/\/guiadelocio.es\/madrid\/21-distritos-la-cultura-que-va-contigo\/","title":{"rendered":"21 DISTRITOS: La cultura que va contigo"},"content":{"rendered":"<p>Desde su creaci\u00f3n en octubre de 2020, <strong><a href=\"https:\/\/21distritos.es\/\" target=\"_blank\" rel=\"noopener\"><span>21 DISTRITOS<\/span><\/a><\/strong> se ha establecido como un programa fundamental del \u00c1rea de Cultura, Turismo y Deporte del Ayuntamiento de Madrid, dise\u00f1ado para <strong>dinamizar los barrios de la capital a trav\u00e9s de una rica variedad de propuestas culturales y art\u00edsticas<\/strong>. En un mundo donde la cultura puede parecer a menudo centralizada y distante, <strong>21 DISTRITOS<\/strong> democratiza el acceso a las artes, llevando espect\u00e1culos y actividades de calidad a todos los rincones de la ciudad. Con una programaci\u00f3n anual que abarca desde m\u00fasica y teatro hasta danza, t\u00edteres y artes visuales, el programa se esfuerza por fomentar la participaci\u00f3n ciudadana, crear nuevas audiencias y optimizar el uso de los recursos municipales dedicados a la cultura.<\/p>\n<h2><strong>Un programa inclusivo y diversificado<\/strong><\/h2>\n<p>Los objetivos de <strong>21 DISTRITOS<\/strong> son claros: apoyar el tejido art\u00edstico local, diversificar audiencias y abordar tem\u00e1ticas relevantes como la sostenibilidad, la inclusi\u00f3n y la integraci\u00f3n. Desde su lanzamiento, ha logrado albergar m\u00e1s de mil actividades, atrayendo a m\u00e1s de 250.000 espectadores, lo que lo convierte en un agente vital en el panorama cultural de Madrid. Este programa no solo ofrece una plataforma para artistas renombrados, sino que tambi\u00e9n apoya el trabajo de talentos emergentes, asegurando que todas las voces tengan un espacio en la escena cultural.<\/p>\n<p><span class=\"TextRun SCXW159814127 BCX0\" lang=\"ES-ES\" xml:lang=\"ES-ES\" data-contrast=\"auto\"><span class=\"NormalTextRun SCXW159814127 BCX0\"><strong>Las actividades de 21 DISTRITOS son completamente gratuitas<\/strong>, lo que asegura que todos los ciudadanos, independientemente de su contexto socioecon\u00f3mico, puedan disfrutar de cultura de calidad. La programaci\u00f3n incluye una amplia variedad de disciplinas, como conciertos de m\u00fasica contempor\u00e1nea, espect\u00e1culos de teatro y danza, adem\u00e1s de propuestas innovadoras de artistas emergentes y figuras consolidadas. Desde la potente voz de <strong>Alana <\/strong><\/span><strong><span class=\"NormalTextRun SpellingErrorV2Themed SCXW159814127 BCX0\">Sink\u00eby<\/span><\/strong><span class=\"NormalTextRun SCXW159814127 BCX0\"> y el jazz moderno del <strong>Raquel Vega <\/strong><\/span><strong><span class=\"NormalTextRun SpellingErrorV2Themed SCXW159814127 BCX0\">Quartet<\/span><\/strong><span class=\"NormalTextRun SCXW159814127 BCX0\">, hasta el flamenco de <strong>Eduardo Guerrero<\/strong>, la m\u00fasica caribe\u00f1a de <strong>Ariel <\/strong><\/span><strong><span class=\"NormalTextRun SpellingErrorV2Themed SCXW159814127 BCX0\">Br\u00ednguez<\/span><\/strong><span class=\"NormalTextRun SCXW159814127 BCX0\"> e <strong>Iv\u00e1n Mel\u00f3n Lewis<\/strong>, y espect\u00e1culos de t\u00edteres, la oferta est\u00e1 pensada para todos los gustos y edades, promoviendo la participaci\u00f3n cultural en cada rinc\u00f3n de Madrid.<\/span><\/span><span class=\"EOP SCXW159814127 BCX0\" data-ccp-props=\"{}\">\u00a0<\/span><\/p>\n<h2>Un oto\u00f1o cultural lleno de propuestas<\/h2>\n<p>Este oto\u00f1o, <strong>21 DISTRITOS<\/strong> se presenta como un hervidero de actividades que abarcan una amplia gama de disciplinas. <strong>Con m\u00e1s de 70 actividades<\/strong>, la oferta incluye espect\u00e1culos de danza, conciertos, teatro y talleres formativos. Este octubre, por ejemplo, destacan producciones como <strong>\u00abSweet Dreams\u00bb<\/strong> de Alberto Velasco, que combina humor y emoci\u00f3n, y las actuaciones del <strong>Raquel Vega Quartet<\/strong> en Carabanchel. Adem\u00e1s, el programa tambi\u00e9n tiene una fuerte componente dirigida a los m\u00e1s j\u00f3venes, con actividades como <strong>\u00abEstrellas Sonoras\u00bb<\/strong>, un espect\u00e1culo que mezcla teatro de sombras y m\u00fasica en directo, y <strong>\u00abEn el bosque\u00bb<\/strong>, una representaci\u00f3n de t\u00edteres.<\/p>\n<p><strong>Noviembre<\/strong> trae consigo m\u00e1s innovaciones culturales, con eventos destacados como <strong>\u00abAl Son de Sara Cano\u00bb<\/strong>, que fusiona flamenco y danza contempor\u00e1nea, y el musical <strong>\u00abHacer Amor\u00bb<\/strong> de las <strong>Hermanas Gestring<\/strong>. La programaci\u00f3n se completa con la propuesta de <strong>\u00abAlma en Cuba\u00bb<\/strong>, donde los ritmos caribe\u00f1os se adue\u00f1an del escenario, y <strong>\u00abEl Carnaval Animal\u00bb<\/strong>, una obra de teatro de sombras ideal para el p\u00fablico infantil.<\/p>\n<p><span class=\"TextRun SCXW99986886 BCX0\" lang=\"ES-ES\" xml:lang=\"ES-ES\" data-contrast=\"auto\"><span class=\"NormalTextRun SCXW99986886 BCX0\"><strong>Diciembre<\/strong> cerrar\u00e1 el a\u00f1o con un enfoque multicultural, celebrando la diversidad y el di\u00e1logo intercultural a trav\u00e9s del<strong> ciclo <\/strong><\/span><\/span><strong><span class=\"TextRun SCXW99986886 BCX0\" lang=\"ES-ES\" xml:lang=\"ES-ES\" data-contrast=\"auto\"><span class=\"NormalTextRun SpellingErrorV2Themed SCXW99986886 BCX0\">Multiculturas<\/span><\/span><\/strong><span class=\"TextRun SCXW99986886 BCX0\" lang=\"ES-ES\" xml:lang=\"ES-ES\" data-contrast=\"auto\"><span class=\"NormalTextRun SCXW99986886 BCX0\">. Este ciclo incluir\u00e1 la participaci\u00f3n de artistas internacionales, como <\/span><\/span><strong><span class=\"TextRun SCXW99986886 BCX0\" lang=\"ES-ES\" xml:lang=\"ES-ES\" data-contrast=\"auto\"><span class=\"NormalTextRun SCXW99986886 BCX0\">La Ribot<\/span><\/span><\/strong><span class=\"TextRun SCXW99986886 BCX0\" lang=\"ES-ES\" xml:lang=\"ES-ES\" data-contrast=\"auto\"><span class=\"NormalTextRun SCXW99986886 BCX0\"> y su obra <\/span><\/span><strong><span class=\"TextRun SCXW99986886 BCX0\" lang=\"ES-ES\" xml:lang=\"ES-ES\" data-contrast=\"auto\"><span class=\"NormalTextRun SpellingErrorV2Themed SCXW99986886 BCX0\">Happy<\/span><span class=\"NormalTextRun SCXW99986886 BCX0\"> Island<\/span><\/span><\/strong><span class=\"TextRun SCXW99986886 BCX0\" lang=\"ES-ES\" xml:lang=\"ES-ES\" data-contrast=\"auto\"><span class=\"NormalTextRun SCXW99986886 BCX0\">, donde la compa\u00f1\u00eda <\/span><\/span><strong><span class=\"TextRun SCXW99986886 BCX0\" lang=\"ES-ES\" xml:lang=\"ES-ES\" data-contrast=\"auto\"><span class=\"NormalTextRun SpellingErrorV2Themed SCXW99986886 BCX0\">Dan\u00e7ando<\/span> <span class=\"NormalTextRun SpellingErrorV2Themed SCXW99986886 BCX0\">com<\/span><span class=\"NormalTextRun SCXW99986886 BCX0\"> a <\/span><span class=\"NormalTextRun SpellingErrorV2Themed SpellingErrorHighlight SCXW99986886 BCX0\">Diferen\u00e7a<\/span><\/span><\/strong><span class=\"TextRun SCXW99986886 BCX0\" lang=\"ES-ES\" xml:lang=\"ES-ES\" data-contrast=\"auto\"><span class=\"NormalTextRun SCXW99986886 BCX0\"> de Portugal integra a bailarines con y sin discapacidad en una coreograf\u00eda \u00fanica. Adem\u00e1s, el reconocido bailaor <strong>Eduardo Guerrero<\/strong> aportar\u00e1 su poderosa interpretaci\u00f3n flamenca, ofreciendo una perspectiva global y enriquecedora al programa.<\/span><\/span><span class=\"EOP SCXW99986886 BCX0\" data-ccp-props=\"{}\">\u00a0<\/span><\/p>\n<h2><strong>M\u00e1s que un programa: un catalizador de la cultura<\/strong><\/h2>\n<p><span class=\"TextRun SCXW84312115 BCX0\" lang=\"ES-ES\" xml:lang=\"ES-ES\" data-contrast=\"auto\"><span class=\"NormalTextRun SCXW84312115 BCX0\">La fuerza de <strong>21 DISTRITOS<\/strong> radica no solo en su programaci\u00f3n diversa, sino tambi\u00e9n en su capacidad para conectar con la comunidad. El programa colabora con numerosas instituciones y asociaciones como AIE, RTVE, MADO (Madrid Orgullo) o la Universidad Aut\u00f3noma de Madrid (UAM), y organiza festivales emblem\u00e1ticos que enriquecen a\u00fan m\u00e1s la vida cultural de Madrid, como <strong>La Sub25<\/strong>, que celebr\u00f3 su cuarta edici\u00f3n en junio de este a\u00f1o, o <\/span><strong><span class=\"NormalTextRun SpellingErrorV2Themed SCXW84312115 BCX0\">Multiculturas<\/span><\/strong><span class=\"NormalTextRun SCXW84312115 BCX0\">, cuya primera edici\u00f3n tendr\u00e1 lugar del 13 al 15 de diciembre. Este enfoque colaborativo fortalece el entramado cultural de la ciudad y asegura que el arte y la cultura sean accesibles para todos.<\/span><\/span><span class=\"EOP SCXW84312115 BCX0\" data-ccp-props=\"{}\">\u00a0<\/span><\/p>\n<p><img decoding=\"async\" class=\"wp-image-32604 aligncenter\" src=\"https:\/\/guiadelocio.es\/madrid\/wp-content\/uploads\/sites\/2\/2024\/10\/21Distritos_laSub25_dia2_0110-300x200.jpg\" alt=\"\" width=\"684\" height=\"456\" srcset=\"https:\/\/guiadelocio.es\/madrid\/wp-content\/uploads\/sites\/2\/2024\/10\/21Distritos_laSub25_dia2_0110-300x200.jpg 300w, https:\/\/guiadelocio.es\/madrid\/wp-content\/uploads\/sites\/2\/2024\/10\/21Distritos_laSub25_dia2_0110-1024x683.jpg 1024w, https:\/\/guiadelocio.es\/madrid\/wp-content\/uploads\/sites\/2\/2024\/10\/21Distritos_laSub25_dia2_0110-768x512.jpg 768w, https:\/\/guiadelocio.es\/madrid\/wp-content\/uploads\/sites\/2\/2024\/10\/21Distritos_laSub25_dia2_0110-1536x1024.jpg 1536w, https:\/\/guiadelocio.es\/madrid\/wp-content\/uploads\/sites\/2\/2024\/10\/21Distritos_laSub25_dia2_0110-scaled.jpg 2048w, https:\/\/guiadelocio.es\/madrid\/wp-content\/uploads\/sites\/2\/2024\/10\/21Distritos_laSub25_dia2_0110-1380x920.jpg 1380w, https:\/\/guiadelocio.es\/madrid\/wp-content\/uploads\/sites\/2\/2024\/10\/21Distritos_laSub25_dia2_0110-640x427.jpg 640w, https:\/\/guiadelocio.es\/madrid\/wp-content\/uploads\/sites\/2\/2024\/10\/21Distritos_laSub25_dia2_0110-266x177.jpg 266w\" sizes=\"(max-width: 684px) 100vw, 684px\" \/><\/p>\n<p>A lo largo de sus cuatro a\u00f1os, <strong>21 DISTRITOS<\/strong> ha logrado construir un repertorio impresionante de artistas y compa\u00f1\u00edas, incluyendo nombres destacados como <strong>Raphael<\/strong>, <strong>La Chachi<\/strong>, <strong>H\u00e9ctor Alterio<\/strong>, <strong>Blanca Paloma<\/strong>, y muchos m\u00e1s. Estos artistas no solo aportan su talento individual, sino que tambi\u00e9n contribuyen a crear una comunidad art\u00edstica din\u00e1mica y en constante evoluci\u00f3n.<\/p>\n<h2><a href=\"https:\/\/21distritos.es\/programacion\/\" target=\"_blank\" rel=\"noopener\"><span>Programaci\u00f3n oto\u00f1o 21 distritos<\/span><\/a><\/h2>\n<h3><strong>OCTUBRE 2024: M\u00fasica, teatro y actividades formativas cerca de casa<\/strong><\/h3>\n<p>Este octubre, <strong>21 DISTRITOS<\/strong> ofrece una programaci\u00f3n que fusiona espect\u00e1culos teatrales, musicales y actividades formativas dirigidas a todo tipo de p\u00fablicos, acercando la cultura a cada rinc\u00f3n de Madrid. Entre los eventos destacados se encuentra:<\/p>\n<ul>\n<li>\n<h4><strong>22 de octubre \u2013 Taller de t\u00edteres articulados en San Blas-Canillejas<\/strong><\/h4>\n<ul>\n<li><strong>TIK MIK<\/strong> es un taller creativo en el que los participantes aprender\u00e1n a construir y manejar t\u00edteres articulados. Se trata de una propuesta formativa dirigida tanto a adultos como a ni\u00f1os, en la que se trabaja la imaginaci\u00f3n, la coordinaci\u00f3n y el trabajo manual. Esta actividad fomenta el inter\u00e9s por las artes esc\u00e9nicas y los procesos creativos detr\u00e1s de los t\u00edteres, que cobran vida mediante la manipulaci\u00f3n.<\/li>\n<\/ul>\n<\/li>\n<li>\n<h4><strong>25 de octubre \u2013 Teatro y jazz en Chamart\u00edn y Carabanchel<\/strong><\/h4>\n<ul>\n<li><strong>\u00abSweet Dreams\u00bb<\/strong>, de Alberto Velasco, es una obra que llega a <strong>Chamart\u00edn<\/strong> cargada de humor y emoci\u00f3n. Este montaje explora las experiencias personales y los sue\u00f1os no cumplidos con un enfoque \u00edntimo y cercano al p\u00fablico, en el que Velasco demuestra su habilidad para abordar temas profundos desde una perspectiva entretenida y conmovedora.<\/li>\n<li>En <strong>Carabanchel<\/strong>, el mismo d\u00eda, el <strong>Raquel Vega Quartet<\/strong> presenta un concierto de jazz que mezcla tradici\u00f3n y modernidad. Este cuarteto aporta una interpretaci\u00f3n \u00fanica del g\u00e9nero, con un estilo propio que bebe de los grandes cl\u00e1sicos, pero tambi\u00e9n apuesta por innovaciones y fusiones contempor\u00e1neas. Una cita imperdible para los amantes del jazz.<\/li>\n<\/ul>\n<\/li>\n<\/ul>\n<div id=\"attachment_32626\" style=\"width: 696px\" class=\"wp-caption aligncenter\"><img decoding=\"async\" aria-describedby=\"caption-attachment-32626\" class=\" wp-image-32626\" src=\"https:\/\/guiadelocio.es\/madrid\/wp-content\/uploads\/sites\/2\/2024\/10\/Sweet-dreams_Alberto-Velasco-300x200.jpg\" alt=\"\" width=\"686\" height=\"457\" srcset=\"https:\/\/guiadelocio.es\/madrid\/wp-content\/uploads\/sites\/2\/2024\/10\/Sweet-dreams_Alberto-Velasco-300x200.jpg 300w, https:\/\/guiadelocio.es\/madrid\/wp-content\/uploads\/sites\/2\/2024\/10\/Sweet-dreams_Alberto-Velasco-1024x683.jpg 1024w, https:\/\/guiadelocio.es\/madrid\/wp-content\/uploads\/sites\/2\/2024\/10\/Sweet-dreams_Alberto-Velasco-768x512.jpg 768w, https:\/\/guiadelocio.es\/madrid\/wp-content\/uploads\/sites\/2\/2024\/10\/Sweet-dreams_Alberto-Velasco-1536x1024.jpg 1536w, https:\/\/guiadelocio.es\/madrid\/wp-content\/uploads\/sites\/2\/2024\/10\/Sweet-dreams_Alberto-Velasco-scaled.jpg 2048w, https:\/\/guiadelocio.es\/madrid\/wp-content\/uploads\/sites\/2\/2024\/10\/Sweet-dreams_Alberto-Velasco-1380x920.jpg 1380w, https:\/\/guiadelocio.es\/madrid\/wp-content\/uploads\/sites\/2\/2024\/10\/Sweet-dreams_Alberto-Velasco-640x427.jpg 640w, https:\/\/guiadelocio.es\/madrid\/wp-content\/uploads\/sites\/2\/2024\/10\/Sweet-dreams_Alberto-Velasco-266x177.jpg 266w\" sizes=\"(max-width: 686px) 100vw, 686px\" \/><p id=\"caption-attachment-32626\" class=\"wp-caption-text\">Sweet dreams de Alberto Velasco<\/p><\/div>\n<ul>\n<li>\n<h4><strong>26 de octubre \u2013 M\u00fasica soul, teatro de sombras y t\u00edteres para todos<\/strong><\/h4>\n<ul>\n<li>Para los seguidores del <strong>soul<\/strong>, el <strong>Retiro<\/strong> ser\u00e1 el escenario de una actuaci\u00f3n poderosa con la voz de <strong>Alana Sink\u00eby<\/strong>. Esta artista se ha hecho un nombre en la escena musical por su capacidad vocal y la emoci\u00f3n que transmite en cada interpretaci\u00f3n. Su concierto ser\u00e1 una celebraci\u00f3n del soul contempor\u00e1neo, con un repertorio que mezcla baladas emocionales y temas r\u00edtmicos llenos de energ\u00eda.<\/li>\n<li>En <strong>Hortaleza<\/strong>, los m\u00e1s peque\u00f1os disfrutar\u00e1n del espect\u00e1culo <strong>\u00abEstrellas Sonoras\u00bb<\/strong>, una fascinante combinaci\u00f3n de teatro de sombras y m\u00fasica en directo. Esta propuesta esc\u00e9nica transporta al p\u00fablico a un mundo de luces y sonidos, donde las estrellas cobran vida a trav\u00e9s de proyecciones m\u00e1gicas y sonidos evocadores.<\/li>\n<li>Tambi\u00e9n para el p\u00fablico infantil, <strong>\u00abEn el bosque\u00bb<\/strong> llega a <strong>Vic\u00e1lvaro<\/strong> con una propuesta de <strong>t\u00edteres<\/strong> que invita a los ni\u00f1os a un viaje imaginativo por un bosque encantado. Los t\u00edteres se convierten en los personajes principales de una historia cargada de magia y aprendizaje, en la que los valores de la amistad y el respeto por la naturaleza son protagonistas.<\/li>\n<\/ul>\n<\/li>\n<\/ul>\n<div id=\"attachment_32608\" style=\"width: 466px\" class=\"wp-caption aligncenter\"><img decoding=\"async\" aria-describedby=\"caption-attachment-32608\" class=\"wp-image-32608 \" src=\"https:\/\/guiadelocio.es\/madrid\/wp-content\/uploads\/sites\/2\/2024\/10\/Alana-Sinkey-200x300.jpg\" alt=\"\" width=\"456\" height=\"684\" srcset=\"https:\/\/guiadelocio.es\/madrid\/wp-content\/uploads\/sites\/2\/2024\/10\/Alana-Sinkey-200x300.jpg 200w, https:\/\/guiadelocio.es\/madrid\/wp-content\/uploads\/sites\/2\/2024\/10\/Alana-Sinkey-683x1024.jpg 683w, https:\/\/guiadelocio.es\/madrid\/wp-content\/uploads\/sites\/2\/2024\/10\/Alana-Sinkey-768x1151.jpg 768w, https:\/\/guiadelocio.es\/madrid\/wp-content\/uploads\/sites\/2\/2024\/10\/Alana-Sinkey-1025x1536.jpg 1025w, https:\/\/guiadelocio.es\/madrid\/wp-content\/uploads\/sites\/2\/2024\/10\/Alana-Sinkey-scaled.jpg 1367w, https:\/\/guiadelocio.es\/madrid\/wp-content\/uploads\/sites\/2\/2024\/10\/Alana-Sinkey-614x920.jpg 614w, https:\/\/guiadelocio.es\/madrid\/wp-content\/uploads\/sites\/2\/2024\/10\/Alana-Sinkey-288x432.jpg 288w, https:\/\/guiadelocio.es\/madrid\/wp-content\/uploads\/sites\/2\/2024\/10\/Alana-Sinkey-133x200.jpg 133w\" sizes=\"(max-width: 456px) 100vw, 456px\" \/><p id=\"caption-attachment-32608\" class=\"wp-caption-text\">Alana Sinkey<\/p><\/div>\n<h3><strong>NOVIEMBRE 2024: Danza, m\u00fasica y nuevas formas art\u00edsticas<\/strong><\/h3>\n<p>La programaci\u00f3n de <strong>21 DISTRITOS<\/strong> en noviembre se caracteriza por su diversidad art\u00edstica, con propuestas que van desde el flamenco hasta el teatro de sombras y los ritmos caribe\u00f1os. Actividades destacadas:<\/p>\n<ul>\n<li>\n<h4><strong>9 de noviembre \u2013 Fusi\u00f3n de flamenco y danza contempor\u00e1nea en Chamart\u00edn<\/strong><\/h4>\n<ul>\n<li>El <strong>espect\u00e1culo \u00abAl Son de Sara Cano\u00bb<\/strong> promete ser uno de los platos fuertes de la temporada. Sara Cano es una destacada core\u00f3grafa y bailarina que ha sabido encontrar un espacio \u00fanico donde se fusionan el flamenco tradicional y la danza contempor\u00e1nea. Esta obra, presentada en <strong>Chamart\u00edn<\/strong>, es un ejemplo del poder de la danza para conectar estilos aparentemente dispares y crear una narrativa visual impactante.<\/li>\n<\/ul>\n<\/li>\n<li>\n<h4><strong>15 de noviembre \u2013 Humor irreverente en Tetu\u00e1n<\/strong><\/h4>\n<ul>\n<li><strong>\u00abHacer Amor\u00bb<\/strong>, de las <strong>Hermanas Gestring<\/strong>, es una propuesta esc\u00e9nica que desaf\u00eda los l\u00edmites del musical tradicional con un humor irreverente y provocador. Las Gestring son conocidas por su estilo \u00fanico que mezcla danza, m\u00fasica y teatro en un espect\u00e1culo que no deja indiferente. La obra llega a <strong>Tetu\u00e1n<\/strong>, invitando al p\u00fablico a reflexionar sobre el amor, la vida cotidiana y las relaciones humanas a trav\u00e9s de un enfoque c\u00f3mico y rompedor.<\/li>\n<\/ul>\n<\/li>\n<\/ul>\n<div id=\"attachment_32618\" style=\"width: 705px\" class=\"wp-caption aligncenter\"><img decoding=\"async\" aria-describedby=\"caption-attachment-32618\" class=\"wp-image-32618 \" src=\"https:\/\/guiadelocio.es\/madrid\/wp-content\/uploads\/sites\/2\/2024\/10\/Hacer-Amor_Hermanas-Gestring_-foto-Jose-Toro.jpg.crdownload-300x203.jpg\" alt=\"\" width=\"695\" height=\"470\" srcset=\"https:\/\/guiadelocio.es\/madrid\/wp-content\/uploads\/sites\/2\/2024\/10\/Hacer-Amor_Hermanas-Gestring_-foto-Jose-Toro.jpg.crdownload-300x203.jpg 300w, https:\/\/guiadelocio.es\/madrid\/wp-content\/uploads\/sites\/2\/2024\/10\/Hacer-Amor_Hermanas-Gestring_-foto-Jose-Toro.jpg.crdownload-1024x693.jpg 1024w, https:\/\/guiadelocio.es\/madrid\/wp-content\/uploads\/sites\/2\/2024\/10\/Hacer-Amor_Hermanas-Gestring_-foto-Jose-Toro.jpg.crdownload-768x520.jpg 768w, https:\/\/guiadelocio.es\/madrid\/wp-content\/uploads\/sites\/2\/2024\/10\/Hacer-Amor_Hermanas-Gestring_-foto-Jose-Toro.jpg.crdownload-1536x1040.jpg 1536w, https:\/\/guiadelocio.es\/madrid\/wp-content\/uploads\/sites\/2\/2024\/10\/Hacer-Amor_Hermanas-Gestring_-foto-Jose-Toro.jpg.crdownload-scaled.jpg 2048w, https:\/\/guiadelocio.es\/madrid\/wp-content\/uploads\/sites\/2\/2024\/10\/Hacer-Amor_Hermanas-Gestring_-foto-Jose-Toro.jpg.crdownload-1359x920.jpg 1359w, https:\/\/guiadelocio.es\/madrid\/wp-content\/uploads\/sites\/2\/2024\/10\/Hacer-Amor_Hermanas-Gestring_-foto-Jose-Toro.jpg.crdownload-638x432.jpg 638w, https:\/\/guiadelocio.es\/madrid\/wp-content\/uploads\/sites\/2\/2024\/10\/Hacer-Amor_Hermanas-Gestring_-foto-Jose-Toro.jpg.crdownload-266x180.jpg 266w\" sizes=\"(max-width: 695px) 100vw, 695px\" \/><p id=\"caption-attachment-32618\" class=\"wp-caption-text\">Hacer Amor de las Hermanas Gestring<\/p><\/div>\n<ul>\n<li>\n<h4><strong>17 de noviembre \u2013 Concierto de Barbara Calypso en Latina<\/strong><\/h4>\n<ul>\n<li>La m\u00fasica sigue siendo protagonista en noviembre con el concierto de <strong>Barbara Calypso<\/strong> en <strong>Latina<\/strong>. Esta cantante y compositora ha ganado reconocimiento por su estilo personal y sus letras profundas. En su actuaci\u00f3n, Calypso ofrecer\u00e1 una mezcla de temas mel\u00f3dicos que recorren el folk y el pop, siempre con una narrativa \u00edntima que conecta con el p\u00fablico.<\/li>\n<\/ul>\n<\/li>\n<\/ul>\n<div id=\"attachment_32610\" style=\"width: 555px\" class=\"wp-caption aligncenter\"><img decoding=\"async\" aria-describedby=\"caption-attachment-32610\" class=\" wp-image-32610\" src=\"https:\/\/guiadelocio.es\/madrid\/wp-content\/uploads\/sites\/2\/2024\/10\/Barbara-Calypso_-240x300.jpg\" alt=\"\" width=\"545\" height=\"681\" srcset=\"https:\/\/guiadelocio.es\/madrid\/wp-content\/uploads\/sites\/2\/2024\/10\/Barbara-Calypso_-240x300.jpg 240w, https:\/\/guiadelocio.es\/madrid\/wp-content\/uploads\/sites\/2\/2024\/10\/Barbara-Calypso_-819x1024.jpg 819w, https:\/\/guiadelocio.es\/madrid\/wp-content\/uploads\/sites\/2\/2024\/10\/Barbara-Calypso_-768x960.jpg 768w, https:\/\/guiadelocio.es\/madrid\/wp-content\/uploads\/sites\/2\/2024\/10\/Barbara-Calypso_-1229x1536.jpg 1229w, https:\/\/guiadelocio.es\/madrid\/wp-content\/uploads\/sites\/2\/2024\/10\/Barbara-Calypso_-scaled.jpg 1638w, https:\/\/guiadelocio.es\/madrid\/wp-content\/uploads\/sites\/2\/2024\/10\/Barbara-Calypso_-736x920.jpg 736w, https:\/\/guiadelocio.es\/madrid\/wp-content\/uploads\/sites\/2\/2024\/10\/Barbara-Calypso_-346x432.jpg 346w, https:\/\/guiadelocio.es\/madrid\/wp-content\/uploads\/sites\/2\/2024\/10\/Barbara-Calypso_-160x200.jpg 160w\" sizes=\"(max-width: 545px) 100vw, 545px\" \/><p id=\"caption-attachment-32610\" class=\"wp-caption-text\">Barbara Calypso<\/p><\/div>\n<ul>\n<li>\n<h4><strong>22 de noviembre \u2013 Ritmos caribe\u00f1os en Chamart\u00edn<\/strong><\/h4>\n<ul>\n<li>En <strong>Chamart\u00edn<\/strong>, la m\u00fasica cubana se adue\u00f1a del escenario con el espect\u00e1culo <strong>\u00abAlma en Cuba\u00bb<\/strong>, protagonizado por <strong>Ariel Br\u00ednguez<\/strong> e <strong>Iv\u00e1n Mel\u00f3n Lewis<\/strong>. Ambos m\u00fasicos ofrecer\u00e1n una noche inolvidable donde los ritmos del Caribe y el jazz latino se funden en una propuesta musical de gran calidad. Este concierto promete ser un viaje a las ra\u00edces de la m\u00fasica cubana, enriquecido con la innovaci\u00f3n y el virtuosismo de estos dos grandes artistas.<\/li>\n<\/ul>\n<\/li>\n<li>\n<h4><strong>23 de noviembre \u2013 Teatro de sombras para el p\u00fablico infantil en Chamber\u00ed<\/strong><\/h4>\n<ul>\n<li>El <strong>teatro de sombras<\/strong> vuelve a ser protagonista en <strong>Chamber\u00ed<\/strong> con la obra <strong>\u00abEl Carnaval Animal\u00bb<\/strong>. Este espect\u00e1culo est\u00e1 dise\u00f1ado para despertar la imaginaci\u00f3n de los ni\u00f1os a trav\u00e9s de figuras y formas proyectadas que cuentan historias m\u00e1gicas sobre animales y naturaleza. Un plan perfecto para familias que buscan disfrutar de un teatro diferente y creativo.<\/li>\n<\/ul>\n<\/li>\n<li>\n<h4><strong>25 de noviembre \u2013 Innovaci\u00f3n musical en Ca\u00f1ada Real (Vic\u00e1lvaro)<\/strong><\/h4>\n<ul>\n<li><strong>Chico-Tr\u00f3pico<\/strong> presenta <strong>La C.O.S.A<\/strong>, un innovador proyecto que vuelve a <strong>Ca\u00f1ada Real<\/strong> en <strong>Vic\u00e1lvaro<\/strong>. Se trata de un estudio de grabaci\u00f3n m\u00f3vil que invita a la participaci\u00f3n activa del p\u00fablico en la creaci\u00f3n de m\u00fasica. Esta propuesta fomenta la creatividad colectiva y da la oportunidad a los asistentes de ser parte del proceso art\u00edstico, mientras exploran nuevas formas de expresi\u00f3n musical.<\/li>\n<\/ul>\n<\/li>\n<\/ul>\n<div id=\"attachment_32614\" style=\"width: 694px\" class=\"wp-caption aligncenter\"><img decoding=\"async\" aria-describedby=\"caption-attachment-32614\" class=\" wp-image-32614\" src=\"https:\/\/guiadelocio.es\/madrid\/wp-content\/uploads\/sites\/2\/2024\/10\/La-C.O.S.A-CHICO-TROPICO-300x200.jpg\" alt=\"\" width=\"684\" height=\"456\" srcset=\"https:\/\/guiadelocio.es\/madrid\/wp-content\/uploads\/sites\/2\/2024\/10\/La-C.O.S.A-CHICO-TROPICO-300x200.jpg 300w, https:\/\/guiadelocio.es\/madrid\/wp-content\/uploads\/sites\/2\/2024\/10\/La-C.O.S.A-CHICO-TROPICO-1024x683.jpg 1024w, https:\/\/guiadelocio.es\/madrid\/wp-content\/uploads\/sites\/2\/2024\/10\/La-C.O.S.A-CHICO-TROPICO-768x512.jpg 768w, https:\/\/guiadelocio.es\/madrid\/wp-content\/uploads\/sites\/2\/2024\/10\/La-C.O.S.A-CHICO-TROPICO-1536x1024.jpg 1536w, https:\/\/guiadelocio.es\/madrid\/wp-content\/uploads\/sites\/2\/2024\/10\/La-C.O.S.A-CHICO-TROPICO-scaled.jpg 2048w, https:\/\/guiadelocio.es\/madrid\/wp-content\/uploads\/sites\/2\/2024\/10\/La-C.O.S.A-CHICO-TROPICO-1380x920.jpg 1380w, https:\/\/guiadelocio.es\/madrid\/wp-content\/uploads\/sites\/2\/2024\/10\/La-C.O.S.A-CHICO-TROPICO-640x427.jpg 640w, https:\/\/guiadelocio.es\/madrid\/wp-content\/uploads\/sites\/2\/2024\/10\/La-C.O.S.A-CHICO-TROPICO-266x177.jpg 266w\" sizes=\"(max-width: 684px) 100vw, 684px\" \/><p id=\"caption-attachment-32614\" class=\"wp-caption-text\">La C.O.S.A CHICO TRO\u0301PICO<\/p><\/div>\n<ul>\n<li>\n<h4><strong>29 y 30 de noviembre \u2013 Marionetas en Moratalaz y Chamart\u00edn<\/strong><\/h4>\n<ul>\n<li>El mes de noviembre culmina con el espect\u00e1culo de <strong>marionetas Claudette<\/strong>, que se presentar\u00e1 el <strong>29 de noviembre en Moratalaz<\/strong> y el <strong>30 de noviembre en Chamart\u00edn<\/strong>. Esta obra, interpretada con t\u00edteres, cuenta la historia de Claudette, una marioneta que emprende un viaje para descubrir su propio destino. La poes\u00eda visual y el trabajo t\u00e9cnico de los titiriteros aseguran una experiencia emotiva para espectadores de todas las edades.<\/li>\n<\/ul>\n<\/li>\n<\/ul>\n<h3><strong>DICIEMBRE 2024: Diversidad cultural y danza contempor\u00e1nea<\/strong><\/h3>\n<p>Para cerrar el a\u00f1o, <strong>21 DISTRITOS<\/strong> apuesta por la multiculturalidad y la inclusi\u00f3n, destacando las propuestas de danza contempor\u00e1nea y la reflexi\u00f3n sobre la diversidad cultural en Madrid.<\/p>\n<ul>\n<li>\n<h4><strong>13 de diciembre \u2013 Danza inclusiva en Latina<\/strong><\/h4>\n<ul>\n<li><strong>La Ribot<\/strong> y la compa\u00f1\u00eda <strong>Dan\u00e7ando com a Diferen\u00e7a<\/strong> traen a Madrid el espect\u00e1culo <strong>\u00abHappy Island\u00bb<\/strong>, que se presentar\u00e1 en el <strong>Centro Cultural Paco de Luc\u00eda en Latina<\/strong>. Este montaje es un ejemplo de integraci\u00f3n y diversidad, ya que combina bailarines con y sin discapacidad en una coreograf\u00eda que desaf\u00eda las expectativas del p\u00fablico. La obra no solo destaca por su belleza est\u00e9tica, sino tambi\u00e9n por su mensaje de inclusi\u00f3n y superaci\u00f3n a trav\u00e9s del arte.<\/li>\n<\/ul>\n<\/li>\n<\/ul>\n<div id=\"attachment_32620\" style=\"width: 694px\" class=\"wp-caption aligncenter\"><img decoding=\"async\" aria-describedby=\"caption-attachment-32620\" class=\" wp-image-32620\" src=\"https:\/\/guiadelocio.es\/madrid\/wp-content\/uploads\/sites\/2\/2024\/10\/Happy-Island_La-Ribot_foto-Caroline-Morel-Fontaine-300x196.jpg\" alt=\"\" width=\"684\" height=\"447\" srcset=\"https:\/\/guiadelocio.es\/madrid\/wp-content\/uploads\/sites\/2\/2024\/10\/Happy-Island_La-Ribot_foto-Caroline-Morel-Fontaine-300x196.jpg 300w, https:\/\/guiadelocio.es\/madrid\/wp-content\/uploads\/sites\/2\/2024\/10\/Happy-Island_La-Ribot_foto-Caroline-Morel-Fontaine-1024x671.jpg 1024w, https:\/\/guiadelocio.es\/madrid\/wp-content\/uploads\/sites\/2\/2024\/10\/Happy-Island_La-Ribot_foto-Caroline-Morel-Fontaine-768x503.jpg 768w, https:\/\/guiadelocio.es\/madrid\/wp-content\/uploads\/sites\/2\/2024\/10\/Happy-Island_La-Ribot_foto-Caroline-Morel-Fontaine-1536x1006.jpg 1536w, https:\/\/guiadelocio.es\/madrid\/wp-content\/uploads\/sites\/2\/2024\/10\/Happy-Island_La-Ribot_foto-Caroline-Morel-Fontaine-scaled.jpg 2048w, https:\/\/guiadelocio.es\/madrid\/wp-content\/uploads\/sites\/2\/2024\/10\/Happy-Island_La-Ribot_foto-Caroline-Morel-Fontaine-1405x920.jpg 1405w, https:\/\/guiadelocio.es\/madrid\/wp-content\/uploads\/sites\/2\/2024\/10\/Happy-Island_La-Ribot_foto-Caroline-Morel-Fontaine-640x419.jpg 640w, https:\/\/guiadelocio.es\/madrid\/wp-content\/uploads\/sites\/2\/2024\/10\/Happy-Island_La-Ribot_foto-Caroline-Morel-Fontaine-266x174.jpg 266w\" sizes=\"(max-width: 684px) 100vw, 684px\" \/><p id=\"caption-attachment-32620\" class=\"wp-caption-text\">Happy Island de La Ribot. @Caroline Morel Fontaine<\/p><\/div>\n<ul>\n<li>\n<h4><strong>15 de diciembre \u2013 Coloquio y concierto en Chamber\u00ed<\/strong><\/h4>\n<ul>\n<li><strong>El Centro Cultural Galileo<\/strong>, en <strong>Chamber\u00ed<\/strong>, acoge el <strong>coloquio \u00abCultura y Migraciones: cuando lo plural se convierte en local\u00bb<\/strong>. Este evento reunir\u00e1 a expertos en cultura y migraciones para discutir el impacto que los movimientos migratorios tienen en la vida cultural de Madrid y en la creaci\u00f3n art\u00edstica. Un espacio para reflexionar sobre c\u00f3mo lo global influye en lo local y c\u00f3mo la diversidad enriquece la escena cultural de la ciudad.<\/li>\n<li>El mismo d\u00eda, el <strong>Concierto de Ema Cua\u00f1eri<\/strong>, en colaboraci\u00f3n con el <strong>INAMU<\/strong> (Instituto Nacional de la M\u00fasica de Argentina), cerrar\u00e1 el <strong>Ciclo Multiculturas<\/strong> con una propuesta musical que celebra las ra\u00edces y el mestizaje. La m\u00fasica de Cua\u00f1eri fusiona g\u00e9neros y tradiciones, ofreciendo un final perfecto para un mes lleno de diversidad.<\/li>\n<\/ul>\n<\/li>\n<li>\n<h4><strong>Otros eventos destacados:<\/strong><\/h4>\n<ul>\n<li>\n<p class=\"p1\">Un<b> Flashmob<\/b>\u00a0<span class=\"TextRun SCXW8144434 BCX0\" lang=\"ES-ES\" xml:lang=\"ES-ES\" data-contrast=\"auto\"><span class=\"NormalTextRun SCXW8144434 BCX0\">protagonizado por el reconocido bailaor <strong>Eduardo Guerrero<\/strong> har\u00e1 vibrar Madrid con el poder del flamenco.<\/span><\/span>.<\/p>\n<\/li>\n<li>\n<p class=\"p1\"><span class=\"TextRun SCXW260302572 BCX0\" lang=\"ES-ES\" xml:lang=\"ES-ES\" data-contrast=\"auto\"><span class=\"NormalTextRun SCXW260302572 BCX0\">El 14 de diciembre, dentro del ciclo <\/span><\/span><strong><span class=\"TextRun SCXW260302572 BCX0\" lang=\"ES-ES\" xml:lang=\"ES-ES\" data-contrast=\"auto\"><span class=\"NormalTextRun SpellingErrorV2Themed SCXW260302572 BCX0\">Multiculturas<\/span><\/span><\/strong><span class=\"TextRun SCXW260302572 BCX0\" lang=\"ES-ES\" xml:lang=\"ES-ES\" data-contrast=\"auto\"><span class=\"NormalTextRun SCXW260302572 BCX0\">, <\/span><\/span><span class=\"TextRun SCXW260302572 BCX0\" lang=\"ES-ES\" xml:lang=\"ES-ES\" data-contrast=\"auto\"><span class=\"NormalTextRun SCXW260302572 BCX0\">El <strong>Conde de Torrefiel<\/strong><\/span><\/span><span class=\"TextRun SCXW260302572 BCX0\" lang=\"ES-ES\" xml:lang=\"ES-ES\" data-contrast=\"auto\"><span class=\"NormalTextRun SCXW260302572 BCX0\"> realizar\u00e1 el taller <\/span><\/span><span class=\"TextRun SCXW260302572 BCX0\" lang=\"ES-ES\" xml:lang=\"ES-ES\" data-contrast=\"auto\"><span class=\"NormalTextRun SCXW260302572 BCX0\"><strong>Geograf\u00edas invisibles<\/strong> (c\u00f3mo activar ficciones)<\/span><\/span><span class=\"TextRun SCXW260302572 BCX0\" lang=\"ES-ES\" xml:lang=\"ES-ES\" data-contrast=\"auto\"><span class=\"NormalTextRun SCXW260302572 BCX0\"> y presentar\u00e1 la experiencia teatral participativa <strong>\u00ab<\/strong><\/span><\/span><strong><span class=\"TextRun SCXW260302572 BCX0\" lang=\"ES-ES\" xml:lang=\"ES-ES\" data-contrast=\"auto\"><span class=\"NormalTextRun SCXW260302572 BCX0\">Se respira en el jard\u00edn como en un bosque\u00bb<\/span><\/span><\/strong><span class=\"TextRun SCXW260302572 BCX0\" lang=\"ES-ES\" xml:lang=\"ES-ES\" data-contrast=\"auto\"><span class=\"NormalTextRun SCXW260302572 BCX0\">.<\/span><\/span><\/p>\n<\/li>\n<\/ul>\n<\/li>\n<\/ul>\n<div id=\"attachment_32628\" style=\"width: 696px\" class=\"wp-caption aligncenter\"><img decoding=\"async\" aria-describedby=\"caption-attachment-32628\" class=\"wp-image-32628 \" src=\"https:\/\/guiadelocio.es\/madrid\/wp-content\/uploads\/sites\/2\/2024\/10\/Eduardo-Guerrero-300x200.jpg\" alt=\"\" width=\"686\" height=\"457\" srcset=\"https:\/\/guiadelocio.es\/madrid\/wp-content\/uploads\/sites\/2\/2024\/10\/Eduardo-Guerrero-300x200.jpg 300w, https:\/\/guiadelocio.es\/madrid\/wp-content\/uploads\/sites\/2\/2024\/10\/Eduardo-Guerrero-1024x683.jpg 1024w, https:\/\/guiadelocio.es\/madrid\/wp-content\/uploads\/sites\/2\/2024\/10\/Eduardo-Guerrero-768x512.jpg 768w, https:\/\/guiadelocio.es\/madrid\/wp-content\/uploads\/sites\/2\/2024\/10\/Eduardo-Guerrero-1536x1024.jpg 1536w, https:\/\/guiadelocio.es\/madrid\/wp-content\/uploads\/sites\/2\/2024\/10\/Eduardo-Guerrero-scaled.jpg 2048w, https:\/\/guiadelocio.es\/madrid\/wp-content\/uploads\/sites\/2\/2024\/10\/Eduardo-Guerrero-1380x920.jpg 1380w, https:\/\/guiadelocio.es\/madrid\/wp-content\/uploads\/sites\/2\/2024\/10\/Eduardo-Guerrero-640x427.jpg 640w, https:\/\/guiadelocio.es\/madrid\/wp-content\/uploads\/sites\/2\/2024\/10\/Eduardo-Guerrero-266x177.jpg 266w\" sizes=\"(max-width: 686px) 100vw, 686px\" \/><p id=\"caption-attachment-32628\" class=\"wp-caption-text\">Eduardo Guerrero<\/p><\/div>\n<p><strong>21 DISTRITOS<\/strong> no solo ha demostrado ser un pilar en el \u00e1mbito cultural de Madrid, sino que tambi\u00e9n ha forjado un espacio donde la diversidad, la creatividad y la inclusi\u00f3n son celebradas y promovidas. A medida que el programa contin\u00faa expandi\u00e9ndose y evolucionando, su compromiso con la democratizaci\u00f3n del acceso a la cultura y el apoyo al talento local se reafirma. Con cada evento, <strong>21 DISTRITOS<\/strong> transforma la ciudad en un gran escenario art\u00edstico, donde cada barrio tiene la oportunidad de brillar y cada ciudadano puede participar activamente en la vida cultural de Madrid. Al mirar hacia el futuro, el programa se posiciona como un verdadero catalizador de la cultura, enriqueciendo la vida de los madrile\u00f1os y consolidando a Madrid como un epicentro de creatividad y expresi\u00f3n art\u00edstica.<\/p>\n<p>&nbsp;<\/p>\n<p><span style=\"color: #ff6600;\"><strong>\u00bfQuieres ser siempre el primero en enterarte de todos los planes que hay en tu ciudad?<\/strong><\/span><\/p>\n<p><span style=\"color: #ff6600;\"><a class=\"button button--large button--iconposition-left button--icon-newsletter\" style=\"color: #ff6600;\" href=\"https:\/\/guiadelocio.es\/madrid\/suscribete-aqui-a-nuestra-newsletter\/\" target=\"_blank\" rel=\"noopener\"><span>Inscr\u00edbete AQU\u00cd a nuestra newsletter<\/span><\/a><\/span><\/p>\n","protected":false},"excerpt":{"rendered":"<p>Desde su creaci\u00f3n en octubre de 2020, 21 DISTRITOS se ha establecido como un programa fundamental del \u00c1rea de Cultura, Turismo y Deporte del Ayuntamiento de Madrid, dise\u00f1ado para dinamizar los barrios de la capital a trav\u00e9s de una rica variedad de propuestas culturales y art\u00edsticas. En un mundo donde la cultura puede parecer a [&hellip;]<\/p>\n","protected":false},"author":8,"featured_media":32606,"comment_status":"closed","ping_status":"closed","sticky":false,"template":"","format":"standard","meta":{"_acf_changed":false,"footnotes":""},"categories":[1],"tags":[],"category_plan":[146,364,145,148,4,153,5,177],"filter_trans":[],"filter_main":[],"filter_sec":[],"barrios":[],"class_list":["post-32601","post","type-post","status-publish","format-standard","has-post-thumbnail","hentry","category-sin-categorizar"],"acf":[],"yoast_head":"<!-- This site is optimized with the Yoast SEO plugin v26.0 - https:\/\/yoast.com\/wordpress\/plugins\/seo\/ -->\n<title>21 DISTRITOS: La cultura que va contigo | Madrid<\/title>\n<meta name=\"description\" content=\"Programaci\u00f3n oto\u00f1o 21 distritos durante los meses de octubre, noviembre y diciembre para un oto\u00f1o cultural lleno de propuestas\" \/>\n<meta name=\"robots\" content=\"index, follow, max-snippet:-1, max-image-preview:large, max-video-preview:-1\" \/>\n<link rel=\"canonical\" href=\"https:\/\/guiadelocio.es\/madrid\/21-distritos-la-cultura-que-va-contigo\/\" \/>\n<meta property=\"og:locale\" content=\"es_ES\" \/>\n<meta property=\"og:type\" content=\"article\" \/>\n<meta property=\"og:title\" content=\"21 DISTRITOS: La cultura que va contigo | Madrid\" \/>\n<meta property=\"og:description\" content=\"Programaci\u00f3n oto\u00f1o 21 distritos durante los meses de octubre, noviembre y diciembre para un oto\u00f1o cultural lleno de propuestas\" \/>\n<meta property=\"og:url\" content=\"https:\/\/guiadelocio.es\/madrid\/21-distritos-la-cultura-que-va-contigo\/\" \/>\n<meta property=\"og:site_name\" content=\"Madrid\" \/>\n<meta property=\"article:published_time\" content=\"2024-10-16T11:35:56+00:00\" \/>\n<meta property=\"article:modified_time\" content=\"2024-10-22T12:24:37+00:00\" \/>\n<meta property=\"og:image\" content=\"https:\/\/guiadelocio.es\/madrid\/wp-content\/uploads\/sites\/2\/2024\/10\/Adela-x-dios.jpg\" \/>\n\t<meta property=\"og:image:width\" content=\"2048\" \/>\n\t<meta property=\"og:image:height\" content=\"788\" \/>\n\t<meta property=\"og:image:type\" content=\"image\/jpeg\" \/>\n<meta name=\"author\" content=\"Gu\u00eda del Ocio\" \/>\n<meta name=\"twitter:card\" content=\"summary_large_image\" \/>\n<meta name=\"twitter:label1\" content=\"Escrito por\" \/>\n\t<meta name=\"twitter:data1\" content=\"Gu\u00eda del Ocio\" \/>\n\t<meta name=\"twitter:label2\" content=\"Tiempo de lectura\" \/>\n\t<meta name=\"twitter:data2\" content=\"12 minutos\" \/>\n<script type=\"application\/ld+json\" class=\"yoast-schema-graph\">{\"@context\":\"https:\/\/schema.org\",\"@graph\":[{\"@type\":\"WebPage\",\"@id\":\"https:\/\/guiadelocio.es\/madrid\/21-distritos-la-cultura-que-va-contigo\/\",\"url\":\"https:\/\/guiadelocio.es\/madrid\/21-distritos-la-cultura-que-va-contigo\/\",\"name\":\"21 DISTRITOS: La cultura que va contigo | Madrid\",\"isPartOf\":{\"@id\":\"https:\/\/guiadelocio.es\/madrid\/#website\"},\"primaryImageOfPage\":{\"@id\":\"https:\/\/guiadelocio.es\/madrid\/21-distritos-la-cultura-que-va-contigo\/#primaryimage\"},\"image\":{\"@id\":\"https:\/\/guiadelocio.es\/madrid\/21-distritos-la-cultura-que-va-contigo\/#primaryimage\"},\"thumbnailUrl\":\"https:\/\/guiadelocio.es\/madrid\/wp-content\/uploads\/sites\/2\/2024\/10\/Adela-x-dios.jpg\",\"datePublished\":\"2024-10-16T11:35:56+00:00\",\"dateModified\":\"2024-10-22T12:24:37+00:00\",\"author\":{\"@id\":\"https:\/\/guiadelocio.es\/madrid\/#\/schema\/person\/dedd385c3a1875e2dfb8ee808e4fca89\"},\"description\":\"Programaci\u00f3n oto\u00f1o 21 distritos durante los meses de octubre, noviembre y diciembre para un oto\u00f1o cultural lleno de propuestas\",\"breadcrumb\":{\"@id\":\"https:\/\/guiadelocio.es\/madrid\/21-distritos-la-cultura-que-va-contigo\/#breadcrumb\"},\"inLanguage\":\"es\",\"potentialAction\":[{\"@type\":\"ReadAction\",\"target\":[\"https:\/\/guiadelocio.es\/madrid\/21-distritos-la-cultura-que-va-contigo\/\"]}]},{\"@type\":\"ImageObject\",\"inLanguage\":\"es\",\"@id\":\"https:\/\/guiadelocio.es\/madrid\/21-distritos-la-cultura-que-va-contigo\/#primaryimage\",\"url\":\"https:\/\/guiadelocio.es\/madrid\/wp-content\/uploads\/sites\/2\/2024\/10\/Adela-x-dios.jpg\",\"contentUrl\":\"https:\/\/guiadelocio.es\/madrid\/wp-content\/uploads\/sites\/2\/2024\/10\/Adela-x-dios.jpg\",\"width\":2048,\"height\":788},{\"@type\":\"BreadcrumbList\",\"@id\":\"https:\/\/guiadelocio.es\/madrid\/21-distritos-la-cultura-que-va-contigo\/#breadcrumb\",\"itemListElement\":[{\"@type\":\"ListItem\",\"position\":1,\"name\":\"Portada\",\"item\":\"https:\/\/guiadelocio.es\/madrid\/\"},{\"@type\":\"ListItem\",\"position\":2,\"name\":\"21 DISTRITOS: La cultura que va contigo\"}]},{\"@type\":\"WebSite\",\"@id\":\"https:\/\/guiadelocio.es\/madrid\/#website\",\"url\":\"https:\/\/guiadelocio.es\/madrid\/\",\"name\":\"Madrid | Gu\u00eda del Ocio\",\"description\":\"Qu\u00e9 hacer, d\u00f3nde comer, qu\u00e9 visitar y los lugares que no te puedes perder\",\"potentialAction\":[{\"@type\":\"SearchAction\",\"target\":{\"@type\":\"EntryPoint\",\"urlTemplate\":\"https:\/\/guiadelocio.es\/madrid\/?s={search_term_string}\"},\"query-input\":{\"@type\":\"PropertyValueSpecification\",\"valueRequired\":true,\"valueName\":\"search_term_string\"}}],\"inLanguage\":\"es\"},{\"@type\":\"Person\",\"@id\":\"https:\/\/guiadelocio.es\/madrid\/#\/schema\/person\/dedd385c3a1875e2dfb8ee808e4fca89\",\"name\":\"Gu\u00eda del Ocio\",\"image\":{\"@type\":\"ImageObject\",\"inLanguage\":\"es\",\"@id\":\"https:\/\/guiadelocio.es\/madrid\/#\/schema\/person\/image\/\",\"url\":\"https:\/\/secure.gravatar.com\/avatar\/27d9eb58286cefc2042fb32a3db3a679c555c2a21aa6719fa7916d63185b9fe9?s=96&d=mm&r=g\",\"contentUrl\":\"https:\/\/secure.gravatar.com\/avatar\/27d9eb58286cefc2042fb32a3db3a679c555c2a21aa6719fa7916d63185b9fe9?s=96&d=mm&r=g\",\"caption\":\"Gu\u00eda del Ocio\"}}]}<\/script>\n<!-- \/ Yoast SEO plugin. -->","yoast_head_json":{"title":"21 DISTRITOS: La cultura que va contigo | Madrid","description":"Programaci\u00f3n oto\u00f1o 21 distritos durante los meses de octubre, noviembre y diciembre para un oto\u00f1o cultural lleno de propuestas","robots":{"index":"index","follow":"follow","max-snippet":"max-snippet:-1","max-image-preview":"max-image-preview:large","max-video-preview":"max-video-preview:-1"},"canonical":"https:\/\/guiadelocio.es\/madrid\/21-distritos-la-cultura-que-va-contigo\/","og_locale":"es_ES","og_type":"article","og_title":"21 DISTRITOS: La cultura que va contigo | Madrid","og_description":"Programaci\u00f3n oto\u00f1o 21 distritos durante los meses de octubre, noviembre y diciembre para un oto\u00f1o cultural lleno de propuestas","og_url":"https:\/\/guiadelocio.es\/madrid\/21-distritos-la-cultura-que-va-contigo\/","og_site_name":"Madrid","article_published_time":"2024-10-16T11:35:56+00:00","article_modified_time":"2024-10-22T12:24:37+00:00","og_image":[{"width":2048,"height":788,"url":"https:\/\/guiadelocio.es\/madrid\/wp-content\/uploads\/sites\/2\/2024\/10\/Adela-x-dios.jpg","type":"image\/jpeg"}],"author":"Gu\u00eda del Ocio","twitter_card":"summary_large_image","twitter_misc":{"Escrito por":"Gu\u00eda del Ocio","Tiempo de lectura":"12 minutos"},"schema":{"@context":"https:\/\/schema.org","@graph":[{"@type":"WebPage","@id":"https:\/\/guiadelocio.es\/madrid\/21-distritos-la-cultura-que-va-contigo\/","url":"https:\/\/guiadelocio.es\/madrid\/21-distritos-la-cultura-que-va-contigo\/","name":"21 DISTRITOS: La cultura que va contigo | Madrid","isPartOf":{"@id":"https:\/\/guiadelocio.es\/madrid\/#website"},"primaryImageOfPage":{"@id":"https:\/\/guiadelocio.es\/madrid\/21-distritos-la-cultura-que-va-contigo\/#primaryimage"},"image":{"@id":"https:\/\/guiadelocio.es\/madrid\/21-distritos-la-cultura-que-va-contigo\/#primaryimage"},"thumbnailUrl":"https:\/\/guiadelocio.es\/madrid\/wp-content\/uploads\/sites\/2\/2024\/10\/Adela-x-dios.jpg","datePublished":"2024-10-16T11:35:56+00:00","dateModified":"2024-10-22T12:24:37+00:00","author":{"@id":"https:\/\/guiadelocio.es\/madrid\/#\/schema\/person\/dedd385c3a1875e2dfb8ee808e4fca89"},"description":"Programaci\u00f3n oto\u00f1o 21 distritos durante los meses de octubre, noviembre y diciembre para un oto\u00f1o cultural lleno de propuestas","breadcrumb":{"@id":"https:\/\/guiadelocio.es\/madrid\/21-distritos-la-cultura-que-va-contigo\/#breadcrumb"},"inLanguage":"es","potentialAction":[{"@type":"ReadAction","target":["https:\/\/guiadelocio.es\/madrid\/21-distritos-la-cultura-que-va-contigo\/"]}]},{"@type":"ImageObject","inLanguage":"es","@id":"https:\/\/guiadelocio.es\/madrid\/21-distritos-la-cultura-que-va-contigo\/#primaryimage","url":"https:\/\/guiadelocio.es\/madrid\/wp-content\/uploads\/sites\/2\/2024\/10\/Adela-x-dios.jpg","contentUrl":"https:\/\/guiadelocio.es\/madrid\/wp-content\/uploads\/sites\/2\/2024\/10\/Adela-x-dios.jpg","width":2048,"height":788},{"@type":"BreadcrumbList","@id":"https:\/\/guiadelocio.es\/madrid\/21-distritos-la-cultura-que-va-contigo\/#breadcrumb","itemListElement":[{"@type":"ListItem","position":1,"name":"Portada","item":"https:\/\/guiadelocio.es\/madrid\/"},{"@type":"ListItem","position":2,"name":"21 DISTRITOS: La cultura que va contigo"}]},{"@type":"WebSite","@id":"https:\/\/guiadelocio.es\/madrid\/#website","url":"https:\/\/guiadelocio.es\/madrid\/","name":"Madrid | Gu\u00eda del Ocio","description":"Qu\u00e9 hacer, d\u00f3nde comer, qu\u00e9 visitar y los lugares que no te puedes perder","potentialAction":[{"@type":"SearchAction","target":{"@type":"EntryPoint","urlTemplate":"https:\/\/guiadelocio.es\/madrid\/?s={search_term_string}"},"query-input":{"@type":"PropertyValueSpecification","valueRequired":true,"valueName":"search_term_string"}}],"inLanguage":"es"},{"@type":"Person","@id":"https:\/\/guiadelocio.es\/madrid\/#\/schema\/person\/dedd385c3a1875e2dfb8ee808e4fca89","name":"Gu\u00eda del Ocio","image":{"@type":"ImageObject","inLanguage":"es","@id":"https:\/\/guiadelocio.es\/madrid\/#\/schema\/person\/image\/","url":"https:\/\/secure.gravatar.com\/avatar\/27d9eb58286cefc2042fb32a3db3a679c555c2a21aa6719fa7916d63185b9fe9?s=96&d=mm&r=g","contentUrl":"https:\/\/secure.gravatar.com\/avatar\/27d9eb58286cefc2042fb32a3db3a679c555c2a21aa6719fa7916d63185b9fe9?s=96&d=mm&r=g","caption":"Gu\u00eda del Ocio"}}]}},"_links":{"self":[{"href":"https:\/\/guiadelocio.es\/madrid\/wp-json\/wp\/v2\/posts\/32601","targetHints":{"allow":["GET"]}}],"collection":[{"href":"https:\/\/guiadelocio.es\/madrid\/wp-json\/wp\/v2\/posts"}],"about":[{"href":"https:\/\/guiadelocio.es\/madrid\/wp-json\/wp\/v2\/types\/post"}],"author":[{"embeddable":true,"href":"https:\/\/guiadelocio.es\/madrid\/wp-json\/wp\/v2\/users\/8"}],"replies":[{"embeddable":true,"href":"https:\/\/guiadelocio.es\/madrid\/wp-json\/wp\/v2\/comments?post=32601"}],"version-history":[{"count":0,"href":"https:\/\/guiadelocio.es\/madrid\/wp-json\/wp\/v2\/posts\/32601\/revisions"}],"wp:featuredmedia":[{"embeddable":true,"href":"https:\/\/guiadelocio.es\/madrid\/wp-json\/wp\/v2\/media\/32606"}],"wp:attachment":[{"href":"https:\/\/guiadelocio.es\/madrid\/wp-json\/wp\/v2\/media?parent=32601"}],"wp:term":[{"taxonomy":"category","embeddable":true,"href":"https:\/\/guiadelocio.es\/madrid\/wp-json\/wp\/v2\/categories?post=32601"},{"taxonomy":"post_tag","embeddable":true,"href":"https:\/\/guiadelocio.es\/madrid\/wp-json\/wp\/v2\/tags?post=32601"},{"taxonomy":"category_plan","embeddable":true,"href":"https:\/\/guiadelocio.es\/madrid\/wp-json\/wp\/v2\/category_plan?post=32601"},{"taxonomy":"filter_trans","embeddable":true,"href":"https:\/\/guiadelocio.es\/madrid\/wp-json\/wp\/v2\/filter_trans?post=32601"},{"taxonomy":"filter_main","embeddable":true,"href":"https:\/\/guiadelocio.es\/madrid\/wp-json\/wp\/v2\/filter_main?post=32601"},{"taxonomy":"filter_sec","embeddable":true,"href":"https:\/\/guiadelocio.es\/madrid\/wp-json\/wp\/v2\/filter_sec?post=32601"},{"taxonomy":"barrios","embeddable":true,"href":"https:\/\/guiadelocio.es\/madrid\/wp-json\/wp\/v2\/barrios?post=32601"}],"curies":[{"name":"wp","href":"https:\/\/api.w.org\/{rel}","templated":true}]}}