{"id":31843,"date":"2024-09-19T22:44:13","date_gmt":"2024-09-19T20:44:13","guid":{"rendered":"https:\/\/guiadelocio.es\/madrid\/?p=31843"},"modified":"2024-09-21T07:38:53","modified_gmt":"2024-09-21T05:38:53","slug":"10-planes-para-el-fin-de-semana-en-madrid-23","status":"publish","type":"post","link":"https:\/\/guiadelocio.es\/madrid\/10-planes-para-el-fin-de-semana-en-madrid-23\/","title":{"rendered":"10 planes para el fin de semana en Madrid"},"content":{"rendered":"<p>Bienvenidos una vez m\u00e1s a vuestro reportaje semanal preferido. Aqu\u00ed os dejamos, como siempre, nuestra selecci\u00f3n de planes para este fin de semana del 20 al 22 de septiembre.<\/p>\n<p>&nbsp;<\/p>\n<h2 class=\"section-single__title\">Oktoberfest Vallekana 2024: cultura b\u00e1vara en el coraz\u00f3n de Vallecas<\/h2>\n<p>El distrito de Puente de Vallecas se prepara para acoger una nueva edici\u00f3n de uno de sus eventos m\u00e1s esperados: la\u00a0<a href=\"https:\/\/guiadelocio.es\/madrid\/plan\/oktoberfest-vallekana-2024-cultura-bavara-en-el-corazon-de-vallecas\/\" target=\"_blank\" rel=\"noopener\"><span>Oktoberfest Vallekana 2024<\/span><\/a>. Este festival, que ya se ha consolidado como una tradici\u00f3n en el barrio madrile\u00f1o, celebrar\u00e1 su\u00a0sexta edici\u00f3n del 20 al 22 de septiembre\u00a0en las pistas deportivas del Parque Javier de Miguel.<\/p>\n<p><a href=\"https:\/\/guiadelocio.es\/madrid\/plan\/oktoberfest-vallekana-2024-cultura-bavara-en-el-corazon-de-vallecas\/\" target=\"_blank\" rel=\"noopener\"><img decoding=\"async\" class=\"wp-image-31847 aligncenter\" src=\"https:\/\/guiadelocio.es\/madrid\/wp-content\/uploads\/sites\/2\/2024\/09\/cartel_oktoberfest_2024-1-e1726773978716-300x270.png\" alt=\"\" width=\"500\" height=\"450\" srcset=\"https:\/\/guiadelocio.es\/madrid\/wp-content\/uploads\/sites\/2\/2024\/09\/cartel_oktoberfest_2024-1-e1726773978716-300x270.png 300w, https:\/\/guiadelocio.es\/madrid\/wp-content\/uploads\/sites\/2\/2024\/09\/cartel_oktoberfest_2024-1-e1726773978716-222x200.png 222w, https:\/\/guiadelocio.es\/madrid\/wp-content\/uploads\/sites\/2\/2024\/09\/cartel_oktoberfest_2024-1-e1726773978716.png 372w\" sizes=\"(max-width: 500px) 100vw, 500px\" \/><\/a><\/p>\n<p>&nbsp;<\/p>\n<h2 class=\"section-single__title\">Hotel Tapa Tour vuelve a Madrid<\/h2>\n<p>Ya puedes volver a disfrutar de <a href=\"https:\/\/guiadelocio.es\/madrid\/plan\/hotel-tapa-tour-vuelve-a-madrid\/\" target=\"_blank\" rel=\"noopener\"><strong>Hotel Tapa Tour<\/strong><\/a>, el festival de gastronom\u00eda que tiene como escenario los hoteles de cuatro y cinco estrellas de la capital y como gran protagonista una de las tradiciones gastron\u00f3micas y culturales madrile\u00f1as m\u00e1s arraigadas, el tapeo.<\/p>\n<p><a href=\"https:\/\/guiadelocio.es\/madrid\/plan\/hotel-tapa-tour-vuelve-a-madrid\/\" target=\"_blank\" rel=\"noopener\"><img decoding=\"async\" class=\" wp-image-31850 aligncenter\" src=\"https:\/\/guiadelocio.es\/madrid\/wp-content\/uploads\/sites\/2\/2024\/09\/Cartel-IX-Hotel-Tapa-Tour--300x176.jpeg\" alt=\"\" width=\"501\" height=\"294\" srcset=\"https:\/\/guiadelocio.es\/madrid\/wp-content\/uploads\/sites\/2\/2024\/09\/Cartel-IX-Hotel-Tapa-Tour--300x176.jpeg 300w, https:\/\/guiadelocio.es\/madrid\/wp-content\/uploads\/sites\/2\/2024\/09\/Cartel-IX-Hotel-Tapa-Tour--768x451.jpeg 768w, https:\/\/guiadelocio.es\/madrid\/wp-content\/uploads\/sites\/2\/2024\/09\/Cartel-IX-Hotel-Tapa-Tour--640x376.jpeg 640w, https:\/\/guiadelocio.es\/madrid\/wp-content\/uploads\/sites\/2\/2024\/09\/Cartel-IX-Hotel-Tapa-Tour--266x156.jpeg 266w, https:\/\/guiadelocio.es\/madrid\/wp-content\/uploads\/sites\/2\/2024\/09\/Cartel-IX-Hotel-Tapa-Tour-.jpeg 799w\" sizes=\"(max-width: 501px) 100vw, 501px\" \/><\/a><\/p>\n<p>&nbsp;<\/p>\n<h2 class=\"section-single__title\">Agenda cultural en Cineteca y Festival de Cine de Madrid: del 17 al 22 de septiembre<\/h2>\n<p>La semana trae una rica programaci\u00f3n cultural en Madrid, con dos grandes eventos que destacan: el <strong>ciclo \u2018As\u00ed son las cosas\u2019<\/strong>\u00a0en la Cineteca, y el\u00a0<a href=\"https:\/\/guiadelocio.es\/madrid\/plan\/agenda-cultural-en-cineteca-y-festival-de-cine-de-madrid-del-17-al-22-de-septiembre\/\" target=\"_blank\" rel=\"noopener\"><strong>33 Festival de Cine de Madrid (FCM-PNR)<\/strong><\/a>. A continuaci\u00f3n, te mostramos los detalles m\u00e1s importantes de la agenda para que no te pierdas los estrenos y actividades m\u00e1s interesantes.<\/p>\n<p><a href=\"https:\/\/guiadelocio.es\/madrid\/plan\/agenda-cultural-en-cineteca-y-festival-de-cine-de-madrid-del-17-al-22-de-septiembre\/\" target=\"_blank\" rel=\"noopener\"><img decoding=\"async\" class=\" wp-image-31852 aligncenter\" src=\"https:\/\/guiadelocio.es\/madrid\/wp-content\/uploads\/sites\/2\/2024\/09\/unnamed-17-300x146.jpeg\" alt=\"\" width=\"501\" height=\"244\" srcset=\"https:\/\/guiadelocio.es\/madrid\/wp-content\/uploads\/sites\/2\/2024\/09\/unnamed-17-300x146.jpeg 300w, https:\/\/guiadelocio.es\/madrid\/wp-content\/uploads\/sites\/2\/2024\/09\/unnamed-17-266x129.jpeg 266w, https:\/\/guiadelocio.es\/madrid\/wp-content\/uploads\/sites\/2\/2024\/09\/unnamed-17.jpeg 610w\" sizes=\"(max-width: 501px) 100vw, 501px\" \/><\/a><\/p>\n<h2><\/h2>\n<h2 class=\"section-single__title\">Si\u00e9ntete como en Marte en Las C\u00e1rcavas, escapada a una hora de Madrid<\/h2>\n<p>A m\u00e1s o menos una hora de la capital se encuentra uno de los tesoros escondidos de todo Madrid. Un paisaje rocoso, de color rojizo y con picos que nos hace sentir como si estuvi\u00e9ramos en Marte. Os estamos hablando de\u00a0<a href=\"https:\/\/guiadelocio.es\/madrid\/plan\/sientete-como-en-marte-en-las-carcavas-escapada-a-una-hora-de-madrid\/\" target=\"_blank\" rel=\"noopener\"><strong>Las C\u00e1rcavas<\/strong><\/a>, una\u00a0escapada perfecta para hacer desde Madrid\u00a0y disfrutar de un paisaje semides\u00e9rtico y muy singular por sus chimeneas arcillosas presentes en todo el terreno.<\/p>\n<p><a href=\"https:\/\/guiadelocio.es\/madrid\/plan\/sientete-como-en-marte-en-las-carcavas-escapada-a-una-hora-de-madrid\/\" target=\"_blank\" rel=\"noopener\"><img decoding=\"async\" class=\" wp-image-31892 aligncenter\" src=\"https:\/\/guiadelocio.es\/madrid\/wp-content\/uploads\/sites\/2\/2024\/09\/iStock-1423584889-1380x920-1-300x200.webp\" alt=\"\" width=\"500\" height=\"333\" srcset=\"https:\/\/guiadelocio.es\/madrid\/wp-content\/uploads\/sites\/2\/2024\/09\/iStock-1423584889-1380x920-1-300x200.webp 300w, https:\/\/guiadelocio.es\/madrid\/wp-content\/uploads\/sites\/2\/2024\/09\/iStock-1423584889-1380x920-1-1024x683.webp 1024w, https:\/\/guiadelocio.es\/madrid\/wp-content\/uploads\/sites\/2\/2024\/09\/iStock-1423584889-1380x920-1-768x512.webp 768w, https:\/\/guiadelocio.es\/madrid\/wp-content\/uploads\/sites\/2\/2024\/09\/iStock-1423584889-1380x920-1-640x427.webp 640w, https:\/\/guiadelocio.es\/madrid\/wp-content\/uploads\/sites\/2\/2024\/09\/iStock-1423584889-1380x920-1-266x177.webp 266w, https:\/\/guiadelocio.es\/madrid\/wp-content\/uploads\/sites\/2\/2024\/09\/iStock-1423584889-1380x920-1.webp 1380w\" sizes=\"(max-width: 500px) 100vw, 500px\" \/><\/a><\/p>\n<p>&nbsp;<\/p>\n<h2 class=\"section-single__title\">El nadador de aguas abiertas<\/h2>\n<p>Los actores Markos Mar\u00edn y Adolfo Fern\u00e1ndez, con texto adaptado de Mar\u00eda Goiricelaya y direcci\u00f3n de Fernando Bernu\u00e9s, protagonizan esta historia sobre la amistad, la zona de confort y la superaci\u00f3n.<\/p>\n<p>El\u00a0<strong><a href=\"https:\/\/guiadelocio.es\/madrid\/plan\/el-teatro-pavon-celebra-su-centenario-con-nueva-temporada\/\" target=\"_blank\" rel=\"noopener\"><span>Teatro Pav\u00f3n<\/span><\/a><\/strong>\u00a0abre su nueva temporada 2024\/2025 con el estreno de\u00a0<a href=\"https:\/\/guiadelocio.es\/madrid\/plan\/el-nadador-de-aguas-abiertas\/\" target=\"_blank\" rel=\"noopener\"><strong>El nadador de aguas abiertas<\/strong><\/a>.<\/p>\n<p><a href=\"https:\/\/guiadelocio.es\/madrid\/plan\/el-nadador-de-aguas-abiertas\/\" target=\"_blank\" rel=\"noopener\"><img decoding=\"async\" class=\" wp-image-31854 aligncenter\" src=\"https:\/\/guiadelocio.es\/madrid\/wp-content\/uploads\/sites\/2\/2024\/09\/El-nadador-de-las-aguas-@David-Ruiz-1380x920-1-300x200.jpeg\" alt=\"\" width=\"500\" height=\"333\" srcset=\"https:\/\/guiadelocio.es\/madrid\/wp-content\/uploads\/sites\/2\/2024\/09\/El-nadador-de-las-aguas-@David-Ruiz-1380x920-1-300x200.jpeg 300w, https:\/\/guiadelocio.es\/madrid\/wp-content\/uploads\/sites\/2\/2024\/09\/El-nadador-de-las-aguas-@David-Ruiz-1380x920-1-1024x683.jpeg 1024w, https:\/\/guiadelocio.es\/madrid\/wp-content\/uploads\/sites\/2\/2024\/09\/El-nadador-de-las-aguas-@David-Ruiz-1380x920-1-768x512.jpeg 768w, https:\/\/guiadelocio.es\/madrid\/wp-content\/uploads\/sites\/2\/2024\/09\/El-nadador-de-las-aguas-@David-Ruiz-1380x920-1-640x427.jpeg 640w, https:\/\/guiadelocio.es\/madrid\/wp-content\/uploads\/sites\/2\/2024\/09\/El-nadador-de-las-aguas-@David-Ruiz-1380x920-1-266x177.jpeg 266w, https:\/\/guiadelocio.es\/madrid\/wp-content\/uploads\/sites\/2\/2024\/09\/El-nadador-de-las-aguas-@David-Ruiz-1380x920-1.jpeg 1380w\" sizes=\"(max-width: 500px) 100vw, 500px\" \/><\/a><\/p>\n<p>&nbsp;<\/p>\n<h2 class=\"section-single__title\">Jard\u00edn de las Delicias 2024: la fiesta musical y gastron\u00f3mica de Madrid<\/h2>\n<p>El\u00a0<a href=\"https:\/\/guiadelocio.es\/madrid\/plan\/jardin-de-las-delicias-2024-la-fiesta-musical-y-gastronomica-de-madrid\/\" target=\"_blank\" rel=\"noopener\"><strong>Jard\u00edn de las Delicias<\/strong><\/a>\u00a0regresa en su quinta edici\u00f3n los\u00a0d\u00edas 20 y 21 de septiembre, y lo har\u00e1 con una propuesta inigualable que combina m\u00fasica, gastronom\u00eda y entretenimiento en el recinto de\u00a0Cantarranas del Campus de la Universidad Complutense de Madrid. Este festival se ha consolidado como uno de los eventos m\u00e1s destacados en el calendario cultural de la ciudad, ofreciendo una experiencia \u00fanica para todos sus asistentes.<\/p>\n<p><a href=\"https:\/\/guiadelocio.es\/madrid\/plan\/jardin-de-las-delicias-2024-la-fiesta-musical-y-gastronomica-de-madrid\/\" target=\"_blank\" rel=\"noopener\"><img decoding=\"async\" class=\" wp-image-31856 aligncenter\" src=\"https:\/\/guiadelocio.es\/madrid\/wp-content\/uploads\/sites\/2\/2024\/09\/jardin_de_las_delicias_festival_0-300x152.jpeg\" alt=\"\" width=\"499\" height=\"253\" srcset=\"https:\/\/guiadelocio.es\/madrid\/wp-content\/uploads\/sites\/2\/2024\/09\/jardin_de_las_delicias_festival_0-300x152.jpeg 300w, https:\/\/guiadelocio.es\/madrid\/wp-content\/uploads\/sites\/2\/2024\/09\/jardin_de_las_delicias_festival_0-640x325.jpeg 640w, https:\/\/guiadelocio.es\/madrid\/wp-content\/uploads\/sites\/2\/2024\/09\/jardin_de_las_delicias_festival_0-266x135.jpeg 266w, https:\/\/guiadelocio.es\/madrid\/wp-content\/uploads\/sites\/2\/2024\/09\/jardin_de_las_delicias_festival_0.jpeg 660w\" sizes=\"(max-width: 499px) 100vw, 499px\" \/><\/a><\/p>\n<p>&nbsp;<\/p>\n<h2 class=\"section-single__title\">Brava Madrid 2024: la m\u00fasica y la moda se fusionan en un festival inolvidable<\/h2>\n<p><a href=\"https:\/\/guiadelocio.es\/madrid\/plan\/brava-madrid-2024-la-musica-y-la-moda-se-fusionan-en-un-festival-inolvidable\/\" target=\"_blank\" rel=\"noopener\"><strong>Brava Madrid<\/strong><\/a>\u00a0regresa en 2024 con una nueva edici\u00f3n. Este festival de m\u00fasica, que se celebrar\u00e1 los\u00a0d\u00edas 20 y 21 de septiembre\u00a0en el recinto ferial\u00a0<strong><a href=\"https:\/\/guiadelocio.es\/madrid\/plan\/ifema-feria-de-madrid\/\" target=\"_blank\" rel=\"noopener\"><span>IFEMA MADRID<\/span><\/a><\/strong>, ha logrado posicionarse como uno de los eventos m\u00e1s esperados del a\u00f1o gracias a su innovador enfoque que combina m\u00fasica, moda y libertad de expresi\u00f3n.<\/p>\n<p><a href=\"https:\/\/guiadelocio.es\/madrid\/plan\/brava-madrid-2024-la-musica-y-la-moda-se-fusionan-en-un-festival-inolvidable\/\" target=\"_blank\" rel=\"noopener\"><img decoding=\"async\" class=\" wp-image-31860 aligncenter\" src=\"https:\/\/guiadelocio.es\/madrid\/wp-content\/uploads\/sites\/2\/2024\/09\/brava_madrid-640x325-2-300x152.jpeg\" alt=\"\" width=\"501\" height=\"254\" srcset=\"https:\/\/guiadelocio.es\/madrid\/wp-content\/uploads\/sites\/2\/2024\/09\/brava_madrid-640x325-2-300x152.jpeg 300w, https:\/\/guiadelocio.es\/madrid\/wp-content\/uploads\/sites\/2\/2024\/09\/brava_madrid-640x325-2-266x135.jpeg 266w, https:\/\/guiadelocio.es\/madrid\/wp-content\/uploads\/sites\/2\/2024\/09\/brava_madrid-640x325-2.jpeg 640w\" sizes=\"(max-width: 501px) 100vw, 501px\" \/><\/a><\/p>\n<p>&nbsp;<\/p>\n<h2 class=\"section-single__title\">El alcalde de Zalamea: una obra inmortal en los Teatros del Canal<\/h2>\n<p>La Sala Verde de los <a href=\"https:\/\/guiadelocio.es\/madrid\/plan\/teatros-del-canal\/\" target=\"_blank\" rel=\"noopener\"><strong>Teatros del Canal\u00a0<\/strong><\/a>acoge una nueva versi\u00f3n de\u00a0<strong><a href=\"https:\/\/guiadelocio.es\/madrid\/plan\/el-alcalde-de-zalamea-una-obra-inmortal-en-los-teatros-del-canal\/\" target=\"_blank\" rel=\"noopener\"><em>El alcalde de Zalamea<\/em><\/a>,<\/strong>\u00a0una de las obras m\u00e1s emblem\u00e1ticas del Siglo de Oro espa\u00f1ol, escrita por\u00a0Pedro Calder\u00f3n de la Barca. Bajo la direcci\u00f3n de\u00a0Jos\u00e9 Luis Alonso de Santos, esta representaci\u00f3n ofrece una revisi\u00f3n actualizada de este cl\u00e1sico, profundizando en temas universales que, pese a haber sido planteados en el siglo XVII, siguen siendo relevantes hoy en d\u00eda.<\/p>\n<p><a href=\"https:\/\/guiadelocio.es\/madrid\/plan\/el-alcalde-de-zalamea-una-obra-inmortal-en-los-teatros-del-canal\/\" target=\"_blank\" rel=\"noopener\"><img decoding=\"async\" class=\" wp-image-31862 aligncenter\" src=\"https:\/\/guiadelocio.es\/madrid\/wp-content\/uploads\/sites\/2\/2024\/09\/el-alcalde-de-zalamea-300x152.jpeg\" alt=\"\" width=\"501\" height=\"254\" srcset=\"https:\/\/guiadelocio.es\/madrid\/wp-content\/uploads\/sites\/2\/2024\/09\/el-alcalde-de-zalamea-300x152.jpeg 300w, https:\/\/guiadelocio.es\/madrid\/wp-content\/uploads\/sites\/2\/2024\/09\/el-alcalde-de-zalamea-640x325.jpeg 640w, https:\/\/guiadelocio.es\/madrid\/wp-content\/uploads\/sites\/2\/2024\/09\/el-alcalde-de-zalamea-266x135.jpeg 266w, https:\/\/guiadelocio.es\/madrid\/wp-content\/uploads\/sites\/2\/2024\/09\/el-alcalde-de-zalamea.jpeg 660w\" sizes=\"(max-width: 501px) 100vw, 501px\" \/><\/a><\/p>\n<p>&nbsp;<\/p>\n<h2 class=\"section-single__title\">La historia del Real Madrid en la exposici\u00f3n \u00abPegada al coraz\u00f3n\u00bb<\/h2>\n<p><a href=\"https:\/\/guiadelocio.es\/madrid\/plan\/la-historia-del-real-madrid-en-la-exposicion-pegada-al-corazon\/\" target=\"_blank\" rel=\"noopener\"><strong>\u00abPegada al coraz\u00f3n\u00bb<\/strong><\/a>, una muestra que ofrece un recorrido por la historia del club a trav\u00e9s de m\u00e1s de 30 camisetas hist\u00f3ricas, desde una r\u00e9plica de la primera de 1902 hasta la de Iker Casillas en la final de la Champions 2014. Adem\u00e1s, incluye objetos ic\u00f3nicos como botas de Cristiano Ronaldo, Modric y Arbeloa, as\u00ed como balones y carteles de partidos memorables.<\/p>\n<p><a href=\"https:\/\/guiadelocio.es\/madrid\/plan\/la-historia-del-real-madrid-en-la-exposicion-pegada-al-corazon\/\" target=\"_blank\" rel=\"noopener\"><img decoding=\"async\" class=\" wp-image-31864 aligncenter\" src=\"https:\/\/guiadelocio.es\/madrid\/wp-content\/uploads\/sites\/2\/2024\/09\/Cartel-exposicion-Pegada-al-Corazon-Fundacion-Real-Madrid-en-LaFinca-Grand-Cafe-compressed-scaled-e1726222729128-1434x920-1-300x192.jpeg\" alt=\"\" width=\"500\" height=\"320\" srcset=\"https:\/\/guiadelocio.es\/madrid\/wp-content\/uploads\/sites\/2\/2024\/09\/Cartel-exposicion-Pegada-al-Corazon-Fundacion-Real-Madrid-en-LaFinca-Grand-Cafe-compressed-scaled-e1726222729128-1434x920-1-300x192.jpeg 300w, https:\/\/guiadelocio.es\/madrid\/wp-content\/uploads\/sites\/2\/2024\/09\/Cartel-exposicion-Pegada-al-Corazon-Fundacion-Real-Madrid-en-LaFinca-Grand-Cafe-compressed-scaled-e1726222729128-1434x920-1-1024x657.jpeg 1024w, https:\/\/guiadelocio.es\/madrid\/wp-content\/uploads\/sites\/2\/2024\/09\/Cartel-exposicion-Pegada-al-Corazon-Fundacion-Real-Madrid-en-LaFinca-Grand-Cafe-compressed-scaled-e1726222729128-1434x920-1-768x493.jpeg 768w, https:\/\/guiadelocio.es\/madrid\/wp-content\/uploads\/sites\/2\/2024\/09\/Cartel-exposicion-Pegada-al-Corazon-Fundacion-Real-Madrid-en-LaFinca-Grand-Cafe-compressed-scaled-e1726222729128-1434x920-1-640x411.jpeg 640w, https:\/\/guiadelocio.es\/madrid\/wp-content\/uploads\/sites\/2\/2024\/09\/Cartel-exposicion-Pegada-al-Corazon-Fundacion-Real-Madrid-en-LaFinca-Grand-Cafe-compressed-scaled-e1726222729128-1434x920-1-266x171.jpeg 266w, https:\/\/guiadelocio.es\/madrid\/wp-content\/uploads\/sites\/2\/2024\/09\/Cartel-exposicion-Pegada-al-Corazon-Fundacion-Real-Madrid-en-LaFinca-Grand-Cafe-compressed-scaled-e1726222729128-1434x920-1.jpeg 1434w\" sizes=\"(max-width: 500px) 100vw, 500px\" \/><\/a><\/p>\n<p>&nbsp;<\/p>\n<h2 class=\"section-single__title\">Ruta de senderismo a la Cascada del Charco del Hervidero<\/h2>\n<p><a href=\"https:\/\/guiadelocio.es\/madrid\/plan\/ruta-de-senderismo-a-la-cascada-del-charco-del-hervidero\/\" target=\"_blank\" rel=\"noopener\"><span>La Cascada del Charco del Hervidero<\/span><\/a> se encuentra en\u00a0San Agust\u00edn de Guadalix, en la cuenca media del Jarama. Un esplendor de agua a trav\u00e9s de dos grandes saltos que bien merece la pena una visita. As\u00ed que ponte zapatillas, ropa c\u00f3moda, coge v\u00edveres y agua y \u00a1en marcha!<\/p>\n<p><a href=\"https:\/\/guiadelocio.es\/madrid\/plan\/ruta-de-senderismo-a-la-cascada-del-charco-del-hervidero\/\" target=\"_blank\" rel=\"noopener\"><img decoding=\"async\" class=\" wp-image-31868 aligncenter\" src=\"https:\/\/guiadelocio.es\/madrid\/wp-content\/uploads\/sites\/2\/2024\/09\/cascadas-hervidero-300x169.jpeg\" alt=\"\" width=\"483\" height=\"272\" srcset=\"https:\/\/guiadelocio.es\/madrid\/wp-content\/uploads\/sites\/2\/2024\/09\/cascadas-hervidero-300x169.jpeg 300w, https:\/\/guiadelocio.es\/madrid\/wp-content\/uploads\/sites\/2\/2024\/09\/cascadas-hervidero-266x150.jpeg 266w, https:\/\/guiadelocio.es\/madrid\/wp-content\/uploads\/sites\/2\/2024\/09\/cascadas-hervidero.jpeg 620w\" sizes=\"(max-width: 483px) 100vw, 483px\" \/><\/a><\/p>\n<p>&nbsp;<\/p>\n","protected":false},"excerpt":{"rendered":"<p>Bienvenidos una vez m\u00e1s a vuestro reportaje semanal preferido. Aqu\u00ed os dejamos, como siempre, nuestra selecci\u00f3n de planes para este fin de semana del 20 al 22 de septiembre. &nbsp; Oktoberfest Vallekana 2024: cultura b\u00e1vara en el coraz\u00f3n de Vallecas El distrito de Puente de Vallecas se prepara para acoger una nueva edici\u00f3n de uno [&hellip;]<\/p>\n","protected":false},"author":5,"featured_media":31870,"comment_status":"closed","ping_status":"closed","sticky":false,"template":"","format":"standard","meta":{"_acf_changed":false,"footnotes":""},"categories":[1],"tags":[],"category_plan":[2],"filter_trans":[],"filter_main":[],"filter_sec":[],"barrios":[],"class_list":["post-31843","post","type-post","status-publish","format-standard","has-post-thumbnail","hentry","category-sin-categorizar"],"acf":[],"yoast_head":"<!-- This site is optimized with the Yoast SEO plugin v26.0 - https:\/\/yoast.com\/wordpress\/plugins\/seo\/ -->\n<title>10 planes para el fin de semana en Madrid | Madrid<\/title>\n<meta name=\"description\" content=\"Bienvenidos una vez m\u00e1s a vuestro reportaje semanal preferido. Aqu\u00ed os dejamos, como siempre, nuestra selecci\u00f3n de planes para este fin de semana del 20 al 22 de septiembre.\" \/>\n<meta name=\"robots\" content=\"index, follow, max-snippet:-1, max-image-preview:large, max-video-preview:-1\" \/>\n<link rel=\"canonical\" href=\"https:\/\/guiadelocio.es\/madrid\/10-planes-para-el-fin-de-semana-en-madrid-23\/\" \/>\n<meta property=\"og:locale\" content=\"es_ES\" \/>\n<meta property=\"og:type\" content=\"article\" \/>\n<meta property=\"og:title\" content=\"10 planes para el fin de semana en Madrid | Madrid\" \/>\n<meta property=\"og:description\" content=\"Bienvenidos una vez m\u00e1s a vuestro reportaje semanal preferido. Aqu\u00ed os dejamos, como siempre, nuestra selecci\u00f3n de planes para este fin de semana del 20 al 22 de septiembre.\" \/>\n<meta property=\"og:url\" content=\"https:\/\/guiadelocio.es\/madrid\/10-planes-para-el-fin-de-semana-en-madrid-23\/\" \/>\n<meta property=\"og:site_name\" content=\"Madrid\" \/>\n<meta property=\"article:published_time\" content=\"2024-09-19T20:44:13+00:00\" \/>\n<meta property=\"article:modified_time\" content=\"2024-09-21T05:38:53+00:00\" \/>\n<meta property=\"og:image\" content=\"https:\/\/guiadelocio.es\/madrid\/wp-content\/uploads\/sites\/2\/2024\/09\/iStock-992981198.jpg\" \/>\n\t<meta property=\"og:image:width\" content=\"2048\" \/>\n\t<meta property=\"og:image:height\" content=\"1357\" \/>\n\t<meta property=\"og:image:type\" content=\"image\/jpeg\" \/>\n<meta name=\"author\" content=\"spons\" \/>\n<meta name=\"twitter:card\" content=\"summary_large_image\" \/>\n<meta name=\"twitter:label1\" content=\"Escrito por\" \/>\n\t<meta name=\"twitter:data1\" content=\"spons\" \/>\n\t<meta name=\"twitter:label2\" content=\"Tiempo de lectura\" \/>\n\t<meta name=\"twitter:data2\" content=\"6 minutos\" \/>\n<script type=\"application\/ld+json\" class=\"yoast-schema-graph\">{\"@context\":\"https:\/\/schema.org\",\"@graph\":[{\"@type\":\"WebPage\",\"@id\":\"https:\/\/guiadelocio.es\/madrid\/10-planes-para-el-fin-de-semana-en-madrid-23\/\",\"url\":\"https:\/\/guiadelocio.es\/madrid\/10-planes-para-el-fin-de-semana-en-madrid-23\/\",\"name\":\"10 planes para el fin de semana en Madrid | Madrid\",\"isPartOf\":{\"@id\":\"https:\/\/guiadelocio.es\/madrid\/#website\"},\"primaryImageOfPage\":{\"@id\":\"https:\/\/guiadelocio.es\/madrid\/10-planes-para-el-fin-de-semana-en-madrid-23\/#primaryimage\"},\"image\":{\"@id\":\"https:\/\/guiadelocio.es\/madrid\/10-planes-para-el-fin-de-semana-en-madrid-23\/#primaryimage\"},\"thumbnailUrl\":\"https:\/\/guiadelocio.es\/madrid\/wp-content\/uploads\/sites\/2\/2024\/09\/iStock-992981198.jpg\",\"datePublished\":\"2024-09-19T20:44:13+00:00\",\"dateModified\":\"2024-09-21T05:38:53+00:00\",\"author\":{\"@id\":\"https:\/\/guiadelocio.es\/madrid\/#\/schema\/person\/8948cef5c81b7b4ad26551a45a2d12d3\"},\"description\":\"Bienvenidos una vez m\u00e1s a vuestro reportaje semanal preferido. Aqu\u00ed os dejamos, como siempre, nuestra selecci\u00f3n de planes para este fin de semana del 20 al 22 de septiembre.\",\"breadcrumb\":{\"@id\":\"https:\/\/guiadelocio.es\/madrid\/10-planes-para-el-fin-de-semana-en-madrid-23\/#breadcrumb\"},\"inLanguage\":\"es\",\"potentialAction\":[{\"@type\":\"ReadAction\",\"target\":[\"https:\/\/guiadelocio.es\/madrid\/10-planes-para-el-fin-de-semana-en-madrid-23\/\"]}]},{\"@type\":\"ImageObject\",\"inLanguage\":\"es\",\"@id\":\"https:\/\/guiadelocio.es\/madrid\/10-planes-para-el-fin-de-semana-en-madrid-23\/#primaryimage\",\"url\":\"https:\/\/guiadelocio.es\/madrid\/wp-content\/uploads\/sites\/2\/2024\/09\/iStock-992981198.jpg\",\"contentUrl\":\"https:\/\/guiadelocio.es\/madrid\/wp-content\/uploads\/sites\/2\/2024\/09\/iStock-992981198.jpg\",\"width\":2048,\"height\":1357,\"caption\":\"Madrid, view of financial district with the most known modern skyscrapers and office buildings at sunset. cityscape, skyline, landmark\"},{\"@type\":\"BreadcrumbList\",\"@id\":\"https:\/\/guiadelocio.es\/madrid\/10-planes-para-el-fin-de-semana-en-madrid-23\/#breadcrumb\",\"itemListElement\":[{\"@type\":\"ListItem\",\"position\":1,\"name\":\"Portada\",\"item\":\"https:\/\/guiadelocio.es\/madrid\/\"},{\"@type\":\"ListItem\",\"position\":2,\"name\":\"10 planes para el fin de semana en Madrid\"}]},{\"@type\":\"WebSite\",\"@id\":\"https:\/\/guiadelocio.es\/madrid\/#website\",\"url\":\"https:\/\/guiadelocio.es\/madrid\/\",\"name\":\"Madrid | Gu\u00eda del Ocio\",\"description\":\"Qu\u00e9 hacer, d\u00f3nde comer, qu\u00e9 visitar y los lugares que no te puedes perder\",\"potentialAction\":[{\"@type\":\"SearchAction\",\"target\":{\"@type\":\"EntryPoint\",\"urlTemplate\":\"https:\/\/guiadelocio.es\/madrid\/?s={search_term_string}\"},\"query-input\":{\"@type\":\"PropertyValueSpecification\",\"valueRequired\":true,\"valueName\":\"search_term_string\"}}],\"inLanguage\":\"es\"},{\"@type\":\"Person\",\"@id\":\"https:\/\/guiadelocio.es\/madrid\/#\/schema\/person\/8948cef5c81b7b4ad26551a45a2d12d3\",\"name\":\"spons\",\"image\":{\"@type\":\"ImageObject\",\"inLanguage\":\"es\",\"@id\":\"https:\/\/guiadelocio.es\/madrid\/#\/schema\/person\/image\/\",\"url\":\"https:\/\/secure.gravatar.com\/avatar\/c3eb00312c63ba7a2ea61f1fc101d93b66984cbac41bc8a3997f9b64644a08c9?s=96&d=mm&r=g\",\"contentUrl\":\"https:\/\/secure.gravatar.com\/avatar\/c3eb00312c63ba7a2ea61f1fc101d93b66984cbac41bc8a3997f9b64644a08c9?s=96&d=mm&r=g\",\"caption\":\"spons\"}}]}<\/script>\n<!-- \/ Yoast SEO plugin. -->","yoast_head_json":{"title":"10 planes para el fin de semana en Madrid | Madrid","description":"Bienvenidos una vez m\u00e1s a vuestro reportaje semanal preferido. Aqu\u00ed os dejamos, como siempre, nuestra selecci\u00f3n de planes para este fin de semana del 20 al 22 de septiembre.","robots":{"index":"index","follow":"follow","max-snippet":"max-snippet:-1","max-image-preview":"max-image-preview:large","max-video-preview":"max-video-preview:-1"},"canonical":"https:\/\/guiadelocio.es\/madrid\/10-planes-para-el-fin-de-semana-en-madrid-23\/","og_locale":"es_ES","og_type":"article","og_title":"10 planes para el fin de semana en Madrid | Madrid","og_description":"Bienvenidos una vez m\u00e1s a vuestro reportaje semanal preferido. Aqu\u00ed os dejamos, como siempre, nuestra selecci\u00f3n de planes para este fin de semana del 20 al 22 de septiembre.","og_url":"https:\/\/guiadelocio.es\/madrid\/10-planes-para-el-fin-de-semana-en-madrid-23\/","og_site_name":"Madrid","article_published_time":"2024-09-19T20:44:13+00:00","article_modified_time":"2024-09-21T05:38:53+00:00","og_image":[{"width":2048,"height":1357,"url":"https:\/\/guiadelocio.es\/madrid\/wp-content\/uploads\/sites\/2\/2024\/09\/iStock-992981198.jpg","type":"image\/jpeg"}],"author":"spons","twitter_card":"summary_large_image","twitter_misc":{"Escrito por":"spons","Tiempo de lectura":"6 minutos"},"schema":{"@context":"https:\/\/schema.org","@graph":[{"@type":"WebPage","@id":"https:\/\/guiadelocio.es\/madrid\/10-planes-para-el-fin-de-semana-en-madrid-23\/","url":"https:\/\/guiadelocio.es\/madrid\/10-planes-para-el-fin-de-semana-en-madrid-23\/","name":"10 planes para el fin de semana en Madrid | Madrid","isPartOf":{"@id":"https:\/\/guiadelocio.es\/madrid\/#website"},"primaryImageOfPage":{"@id":"https:\/\/guiadelocio.es\/madrid\/10-planes-para-el-fin-de-semana-en-madrid-23\/#primaryimage"},"image":{"@id":"https:\/\/guiadelocio.es\/madrid\/10-planes-para-el-fin-de-semana-en-madrid-23\/#primaryimage"},"thumbnailUrl":"https:\/\/guiadelocio.es\/madrid\/wp-content\/uploads\/sites\/2\/2024\/09\/iStock-992981198.jpg","datePublished":"2024-09-19T20:44:13+00:00","dateModified":"2024-09-21T05:38:53+00:00","author":{"@id":"https:\/\/guiadelocio.es\/madrid\/#\/schema\/person\/8948cef5c81b7b4ad26551a45a2d12d3"},"description":"Bienvenidos una vez m\u00e1s a vuestro reportaje semanal preferido. Aqu\u00ed os dejamos, como siempre, nuestra selecci\u00f3n de planes para este fin de semana del 20 al 22 de septiembre.","breadcrumb":{"@id":"https:\/\/guiadelocio.es\/madrid\/10-planes-para-el-fin-de-semana-en-madrid-23\/#breadcrumb"},"inLanguage":"es","potentialAction":[{"@type":"ReadAction","target":["https:\/\/guiadelocio.es\/madrid\/10-planes-para-el-fin-de-semana-en-madrid-23\/"]}]},{"@type":"ImageObject","inLanguage":"es","@id":"https:\/\/guiadelocio.es\/madrid\/10-planes-para-el-fin-de-semana-en-madrid-23\/#primaryimage","url":"https:\/\/guiadelocio.es\/madrid\/wp-content\/uploads\/sites\/2\/2024\/09\/iStock-992981198.jpg","contentUrl":"https:\/\/guiadelocio.es\/madrid\/wp-content\/uploads\/sites\/2\/2024\/09\/iStock-992981198.jpg","width":2048,"height":1357,"caption":"Madrid, view of financial district with the most known modern skyscrapers and office buildings at sunset. cityscape, skyline, landmark"},{"@type":"BreadcrumbList","@id":"https:\/\/guiadelocio.es\/madrid\/10-planes-para-el-fin-de-semana-en-madrid-23\/#breadcrumb","itemListElement":[{"@type":"ListItem","position":1,"name":"Portada","item":"https:\/\/guiadelocio.es\/madrid\/"},{"@type":"ListItem","position":2,"name":"10 planes para el fin de semana en Madrid"}]},{"@type":"WebSite","@id":"https:\/\/guiadelocio.es\/madrid\/#website","url":"https:\/\/guiadelocio.es\/madrid\/","name":"Madrid | Gu\u00eda del Ocio","description":"Qu\u00e9 hacer, d\u00f3nde comer, qu\u00e9 visitar y los lugares que no te puedes perder","potentialAction":[{"@type":"SearchAction","target":{"@type":"EntryPoint","urlTemplate":"https:\/\/guiadelocio.es\/madrid\/?s={search_term_string}"},"query-input":{"@type":"PropertyValueSpecification","valueRequired":true,"valueName":"search_term_string"}}],"inLanguage":"es"},{"@type":"Person","@id":"https:\/\/guiadelocio.es\/madrid\/#\/schema\/person\/8948cef5c81b7b4ad26551a45a2d12d3","name":"spons","image":{"@type":"ImageObject","inLanguage":"es","@id":"https:\/\/guiadelocio.es\/madrid\/#\/schema\/person\/image\/","url":"https:\/\/secure.gravatar.com\/avatar\/c3eb00312c63ba7a2ea61f1fc101d93b66984cbac41bc8a3997f9b64644a08c9?s=96&d=mm&r=g","contentUrl":"https:\/\/secure.gravatar.com\/avatar\/c3eb00312c63ba7a2ea61f1fc101d93b66984cbac41bc8a3997f9b64644a08c9?s=96&d=mm&r=g","caption":"spons"}}]}},"_links":{"self":[{"href":"https:\/\/guiadelocio.es\/madrid\/wp-json\/wp\/v2\/posts\/31843","targetHints":{"allow":["GET"]}}],"collection":[{"href":"https:\/\/guiadelocio.es\/madrid\/wp-json\/wp\/v2\/posts"}],"about":[{"href":"https:\/\/guiadelocio.es\/madrid\/wp-json\/wp\/v2\/types\/post"}],"author":[{"embeddable":true,"href":"https:\/\/guiadelocio.es\/madrid\/wp-json\/wp\/v2\/users\/5"}],"replies":[{"embeddable":true,"href":"https:\/\/guiadelocio.es\/madrid\/wp-json\/wp\/v2\/comments?post=31843"}],"version-history":[{"count":0,"href":"https:\/\/guiadelocio.es\/madrid\/wp-json\/wp\/v2\/posts\/31843\/revisions"}],"wp:featuredmedia":[{"embeddable":true,"href":"https:\/\/guiadelocio.es\/madrid\/wp-json\/wp\/v2\/media\/31870"}],"wp:attachment":[{"href":"https:\/\/guiadelocio.es\/madrid\/wp-json\/wp\/v2\/media?parent=31843"}],"wp:term":[{"taxonomy":"category","embeddable":true,"href":"https:\/\/guiadelocio.es\/madrid\/wp-json\/wp\/v2\/categories?post=31843"},{"taxonomy":"post_tag","embeddable":true,"href":"https:\/\/guiadelocio.es\/madrid\/wp-json\/wp\/v2\/tags?post=31843"},{"taxonomy":"category_plan","embeddable":true,"href":"https:\/\/guiadelocio.es\/madrid\/wp-json\/wp\/v2\/category_plan?post=31843"},{"taxonomy":"filter_trans","embeddable":true,"href":"https:\/\/guiadelocio.es\/madrid\/wp-json\/wp\/v2\/filter_trans?post=31843"},{"taxonomy":"filter_main","embeddable":true,"href":"https:\/\/guiadelocio.es\/madrid\/wp-json\/wp\/v2\/filter_main?post=31843"},{"taxonomy":"filter_sec","embeddable":true,"href":"https:\/\/guiadelocio.es\/madrid\/wp-json\/wp\/v2\/filter_sec?post=31843"},{"taxonomy":"barrios","embeddable":true,"href":"https:\/\/guiadelocio.es\/madrid\/wp-json\/wp\/v2\/barrios?post=31843"}],"curies":[{"name":"wp","href":"https:\/\/api.w.org\/{rel}","templated":true}]}}