{"id":31658,"date":"2024-09-12T23:19:11","date_gmt":"2024-09-12T21:19:11","guid":{"rendered":"https:\/\/guiadelocio.es\/madrid\/?p=31658"},"modified":"2024-09-13T17:43:42","modified_gmt":"2024-09-13T15:43:42","slug":"10-planes-para-el-fin-de-semana-en-madrid-22","status":"publish","type":"post","link":"https:\/\/guiadelocio.es\/madrid\/10-planes-para-el-fin-de-semana-en-madrid-22\/","title":{"rendered":"10 planes para el fin de semana en Madrid"},"content":{"rendered":"<p>\u00bfSab\u00e9is que septiembre es el mes de los nuevos comienzos y de las nuevas ilusiones? Para acompa\u00f1aros en vuestros prop\u00f3sitos, os dejamos nuestra selecci\u00f3n de los 10 planes para hacer en Madrid este fin de semana del 13 al 15 de septiembre \u00a1que lo disfrut\u00e9is!<\/p>\n<p>&nbsp;<\/p>\n<h2 class=\"section-single__title\">Comienza la temporada de oto\u00f1o en el Hip\u00f3dromo de La Zarzuela<\/h2>\n<p>El\u00a0<a href=\"https:\/\/guiadelocio.es\/madrid\/comienza-la-temporada-de-otono-en-el-hipodromo-de-la-zarzuela\/\" target=\"_blank\" rel=\"noopener\"><strong>Hip\u00f3dromo de La Zarzuela<\/strong><\/a>\u00a0inaugura su esperada\u00a0<strong>Temporada de Oto\u00f1o<\/strong>\u00a0el pr\u00f3ximo domingo\u00a0<strong>15 de septiembre de 2024 y se extender\u00e1 hasta el 24 de noviembre<\/strong>, con jornadas adicionales el viernes 20 de septiembre y el s\u00e1bado 12 de octubre. En total, ser\u00e1n\u00a0<strong>12 jornadas deportivas<\/strong>, seguidas por las dos jornadas especiales de\u00a0<strong>Family Day de Navidad<\/strong>, el 26 y 28 de diciembre, ideales para disfrutar en familia<\/p>\n<p><a href=\"https:\/\/guiadelocio.es\/madrid\/comienza-la-temporada-de-otono-en-el-hipodromo-de-la-zarzuela\/\" target=\"_blank\" rel=\"noopener\"><img decoding=\"async\" class=\" wp-image-31659 aligncenter\" src=\"https:\/\/guiadelocio.es\/madrid\/wp-content\/uploads\/sites\/2\/2024\/09\/53597669820_3147dbc740_o-1-300x200.jpeg\" alt=\"\" width=\"500\" height=\"333\" srcset=\"https:\/\/guiadelocio.es\/madrid\/wp-content\/uploads\/sites\/2\/2024\/09\/53597669820_3147dbc740_o-1-300x200.jpeg 300w, https:\/\/guiadelocio.es\/madrid\/wp-content\/uploads\/sites\/2\/2024\/09\/53597669820_3147dbc740_o-1-266x177.jpeg 266w, https:\/\/guiadelocio.es\/madrid\/wp-content\/uploads\/sites\/2\/2024\/09\/53597669820_3147dbc740_o-1.jpeg 320w\" sizes=\"(max-width: 500px) 100vw, 500px\" \/><\/a><\/p>\n<p>&nbsp;<\/p>\n<h2 class=\"section-single__title\">Coca-Cola Music Experience 2024<\/h2>\n<p><strong><a href=\"https:\/\/guiadelocio.es\/madrid\/coca-cola-music-experience-2024-2\/\" target=\"_blank\" rel=\"noopener\"><span>Coca-Cola Music Experience<\/span><\/a><\/strong>\u00a0se prepara para una nueva edici\u00f3n llena de emoci\u00f3n y buena m\u00fasica. Los d\u00edas\u00a013 y 14 de septiembre, el festival ofrecer\u00e1 una experiencia inolvidable con una combinaci\u00f3n de artistas emergentes y consagrados, tanto nacionales como internacionales.\u00a0En total, m\u00e1s de 25 nombres, 20 horas de m\u00fasica en directo y una ambiciosa oferta de experiencias sorpresa volver\u00e1n a hacer de CCME un plan de ocio sostenible y responsable de referencia a nivel global.<\/p>\n<p><a href=\"https:\/\/guiadelocio.es\/madrid\/coca-cola-music-experience-2024-2\/\" target=\"_blank\" rel=\"noopener\"><img decoding=\"async\" class=\" wp-image-31661 aligncenter\" src=\"https:\/\/guiadelocio.es\/madrid\/wp-content\/uploads\/sites\/2\/2024\/09\/Ccme-2023-@nabscab-_DSE0272-Mejorado-NR-300x185.jpeg\" alt=\"\" width=\"501\" height=\"309\" srcset=\"https:\/\/guiadelocio.es\/madrid\/wp-content\/uploads\/sites\/2\/2024\/09\/Ccme-2023-@nabscab-_DSE0272-Mejorado-NR-300x185.jpeg 300w, https:\/\/guiadelocio.es\/madrid\/wp-content\/uploads\/sites\/2\/2024\/09\/Ccme-2023-@nabscab-_DSE0272-Mejorado-NR-768x474.jpeg 768w, https:\/\/guiadelocio.es\/madrid\/wp-content\/uploads\/sites\/2\/2024\/09\/Ccme-2023-@nabscab-_DSE0272-Mejorado-NR-640x395.jpeg 640w, https:\/\/guiadelocio.es\/madrid\/wp-content\/uploads\/sites\/2\/2024\/09\/Ccme-2023-@nabscab-_DSE0272-Mejorado-NR-266x164.jpeg 266w, https:\/\/guiadelocio.es\/madrid\/wp-content\/uploads\/sites\/2\/2024\/09\/Ccme-2023-@nabscab-_DSE0272-Mejorado-NR.jpeg 800w\" sizes=\"(max-width: 501px) 100vw, 501px\" \/><\/a><\/p>\n<p>&nbsp;<\/p>\n<h2 class=\"section-single__title\">Arty World el market m\u00e1s divertido y familiar en Torrej\u00f3n de Ardoz<\/h2>\n<p>Desde el\u00a06 hasta el 29 de septiembre, el\u00a0Parque de Torrej\u00f3n de Ardoz\u00a0se convertir\u00e1 en el escenario de\u00a0<strong><a href=\"https:\/\/guiadelocio.es\/madrid\/plan\/arty-world-el-market-mas-divertido-y-familiar-en-torrejon-de-ardoz\/\" target=\"_blank\" rel=\"noopener\"><span>Arty World<\/span><\/a><\/strong>, un evento \u00fanico que nos ofrece una amplia gama de experiencias para toda la familia. Este market combina\u00a0m\u00fasica en vivo, gastronom\u00eda, actividades creativas y entretenimiento, todo en un\u00a0espacio de 33.000 metros cuadrados.<\/p>\n<p><a href=\"https:\/\/guiadelocio.es\/madrid\/plan\/arty-world-el-market-mas-divertido-y-familiar-en-torrejon-de-ardoz\/\" target=\"_blank\" rel=\"noopener\"><img decoding=\"async\" class=\" wp-image-31663 aligncenter\" src=\"https:\/\/guiadelocio.es\/madrid\/wp-content\/uploads\/sites\/2\/2024\/09\/Arty_2018-09-29_801-768x512-1-300x200.jpeg\" alt=\"\" width=\"500\" height=\"333\" srcset=\"https:\/\/guiadelocio.es\/madrid\/wp-content\/uploads\/sites\/2\/2024\/09\/Arty_2018-09-29_801-768x512-1-300x200.jpeg 300w, https:\/\/guiadelocio.es\/madrid\/wp-content\/uploads\/sites\/2\/2024\/09\/Arty_2018-09-29_801-768x512-1-640x427.jpeg 640w, https:\/\/guiadelocio.es\/madrid\/wp-content\/uploads\/sites\/2\/2024\/09\/Arty_2018-09-29_801-768x512-1-266x177.jpeg 266w, https:\/\/guiadelocio.es\/madrid\/wp-content\/uploads\/sites\/2\/2024\/09\/Arty_2018-09-29_801-768x512-1.jpeg 768w\" sizes=\"(max-width: 500px) 100vw, 500px\" \/><\/a><\/p>\n<p>&nbsp;<\/p>\n<h2 class=\"section-single__title\">Mercedes-Benz Fashion Week Madrid: La cita clave de la moda en septiembre de 2024<\/h2>\n<p>La\u00a0<a href=\"https:\/\/guiadelocio.es\/madrid\/plan\/mercedes-benz-fashion-week-madrid-la-cita-clave-de-la-moda-en-septiembre-de-2024\/\" target=\"_blank\" rel=\"noopener\"><span>Mercedes-Benz Fashion Week Madrid<\/span><\/a> (MBFWM)\u00a0regresa este septiembre de 2024 como uno de los eventos m\u00e1s esperados en el mundo de la moda.\u00a0Del 12 al 16 de septiembre, la capital espa\u00f1ola se convertir\u00e1 en el epicentro de la creatividad y las \u00faltimas tendencias\u00a0con la presentaci\u00f3n de las colecciones de primavera-verano 2025. Dise\u00f1adores de renombre, tanto nacionales como internacionales, mostrar\u00e1n sus propuestas, consolidando a Madrid como un referente de la moda a nivel global.<\/p>\n<p><a href=\"https:\/\/guiadelocio.es\/madrid\/plan\/mercedes-benz-fashion-week-madrid-la-cita-clave-de-la-moda-en-septiembre-de-2024\/\" target=\"_blank\" rel=\"noopener\"><img decoding=\"async\" class=\" wp-image-31665 aligncenter\" src=\"https:\/\/guiadelocio.es\/madrid\/wp-content\/uploads\/sites\/2\/2024\/09\/mercedes-benz_fashion_week_madrid_0-1-300x152.png\" alt=\"\" width=\"499\" height=\"253\" srcset=\"https:\/\/guiadelocio.es\/madrid\/wp-content\/uploads\/sites\/2\/2024\/09\/mercedes-benz_fashion_week_madrid_0-1-300x152.png 300w, https:\/\/guiadelocio.es\/madrid\/wp-content\/uploads\/sites\/2\/2024\/09\/mercedes-benz_fashion_week_madrid_0-1-640x325.png 640w, https:\/\/guiadelocio.es\/madrid\/wp-content\/uploads\/sites\/2\/2024\/09\/mercedes-benz_fashion_week_madrid_0-1-266x135.png 266w, https:\/\/guiadelocio.es\/madrid\/wp-content\/uploads\/sites\/2\/2024\/09\/mercedes-benz_fashion_week_madrid_0-1.png 660w\" sizes=\"(max-width: 499px) 100vw, 499px\" \/><\/a><\/p>\n<p>&nbsp;<\/p>\n<h2 class=\"section-single__title\">\u201cCapit\u00e1n Avispa\u201d, con Luis Fonsi y Juanes como protagonistas<\/h2>\n<p>El\u00a013 de septiembre\u00a0llega a los cines <a href=\"https:\/\/guiadelocio.es\/madrid\/plan\/capitan-avispa-con-luis-fonsi-y-juanes-como-protagonistas\/\" target=\"_blank\" rel=\"noopener\"><span>\u201cCapit\u00e1n Avispa\u201d<\/span><\/a>, una pel\u00edcula de animaci\u00f3n escrita y producida por el cantante\u00a0Juan Luis Guerra, protagonizada por Luis Fonsi y Juanes, que ponen voz a dos de los personajes principales de esta cinta.<strong>\u00a0<\/strong><\/p>\n<p><a href=\"https:\/\/guiadelocio.es\/madrid\/plan\/capitan-avispa-con-luis-fonsi-y-juanes-como-protagonistas\/\" target=\"_blank\" rel=\"noopener\"><img decoding=\"async\" class=\" wp-image-31667 aligncenter\" src=\"https:\/\/guiadelocio.es\/madrid\/wp-content\/uploads\/sites\/2\/2024\/09\/STILL-J-640x360-1-300x169.jpeg\" alt=\"\" width=\"501\" height=\"282\" srcset=\"https:\/\/guiadelocio.es\/madrid\/wp-content\/uploads\/sites\/2\/2024\/09\/STILL-J-640x360-1-300x169.jpeg 300w, https:\/\/guiadelocio.es\/madrid\/wp-content\/uploads\/sites\/2\/2024\/09\/STILL-J-640x360-1-266x150.jpeg 266w, https:\/\/guiadelocio.es\/madrid\/wp-content\/uploads\/sites\/2\/2024\/09\/STILL-J-640x360-1.jpeg 640w\" sizes=\"(max-width: 501px) 100vw, 501px\" \/><\/a><\/p>\n<p>&nbsp;<\/p>\n<h2 class=\"section-single__title\">Arte Pulsante. Madrid welcomes Shanghai llega a la Serrer\u00eda Belga<\/h2>\n<p>El\u00a0<a href=\"https:\/\/guiadelocio.es\/madrid\/plan\/serreria-belga\/\" target=\"_blank\" rel=\"noopener\"><strong>Espacio<\/strong>\u00a0<strong>Cultural Serrer\u00eda Belga<\/strong><\/a>, acoger\u00e1\u00a0<strong><em><a href=\"https:\/\/guiadelocio.es\/madrid\/plan\/arte-pulsante-madrid-welcomes-shanghai\/\" target=\"_blank\" rel=\"noopener\"><span>Arte Pulsante<\/span><\/a>. Madrid welcomes Shanghai<\/em>,<\/strong>\u00a0un programa expositivo y de actividades que dar\u00e1 a conocer por primera vez en Espa\u00f1a las residencias art\u00edsticas del Swatch Art Peace Hotel de Shangh\u00e1i (China), un antiguo hotel de lujo que alberga a artistas de diversas procedencias para fomentar la creaci\u00f3n, colaboraci\u00f3n y conexi\u00f3n entre ellos.<\/p>\n<p><a href=\"https:\/\/guiadelocio.es\/madrid\/plan\/arte-pulsante-madrid-welcomes-shanghai\/\" target=\"_blank\" rel=\"noopener\"><img decoding=\"async\" class=\" wp-image-31669 aligncenter\" src=\"https:\/\/guiadelocio.es\/madrid\/wp-content\/uploads\/sites\/2\/2024\/09\/240910_SWATCH_ARTE_PULSANTE_PRESS-7-300x200.jpeg\" alt=\"\" width=\"500\" height=\"333\" srcset=\"https:\/\/guiadelocio.es\/madrid\/wp-content\/uploads\/sites\/2\/2024\/09\/240910_SWATCH_ARTE_PULSANTE_PRESS-7-300x200.jpeg 300w, https:\/\/guiadelocio.es\/madrid\/wp-content\/uploads\/sites\/2\/2024\/09\/240910_SWATCH_ARTE_PULSANTE_PRESS-7-1024x682.jpeg 1024w, https:\/\/guiadelocio.es\/madrid\/wp-content\/uploads\/sites\/2\/2024\/09\/240910_SWATCH_ARTE_PULSANTE_PRESS-7-768x512.jpeg 768w, https:\/\/guiadelocio.es\/madrid\/wp-content\/uploads\/sites\/2\/2024\/09\/240910_SWATCH_ARTE_PULSANTE_PRESS-7-640x427.jpeg 640w, https:\/\/guiadelocio.es\/madrid\/wp-content\/uploads\/sites\/2\/2024\/09\/240910_SWATCH_ARTE_PULSANTE_PRESS-7-266x177.jpeg 266w, https:\/\/guiadelocio.es\/madrid\/wp-content\/uploads\/sites\/2\/2024\/09\/240910_SWATCH_ARTE_PULSANTE_PRESS-7.jpeg 1280w\" sizes=\"(max-width: 500px) 100vw, 500px\" \/><\/a><\/p>\n<p>&nbsp;<\/p>\n<h2 class=\"section-single__title\">La Caja M\u00e1gica: el espect\u00e1culo de David ASecAS en la sala Off Latina<\/h2>\n<p>El ilusionista\u00a0<a href=\"https:\/\/guiadelocio.es\/madrid\/plan\/la-caja-magica-el-espectaculo-de-aavid-asecas-en-la-sala-off-latina\/\" target=\"_blank\" rel=\"noopener\">David ASecAS<\/a>\u00a0ofrece un emocionante espect\u00e1culo de magia c\u00f3mica titulado\u00a0La Caja M\u00e1gica,\u00a0todos los s\u00e1bados desde el 14 de septiembre hasta el 26 de octubre, en la\u00a0sala\u00a0<a href=\"https:\/\/guiadelocio.es\/madrid\/plan\/off-latina\/\" target=\"_blank\" rel=\"noopener\"><span>Off Latina<\/span><\/a>\u00a0de Madrid. Este show est\u00e1 dise\u00f1ado para asombrar a espectadores de todas las edades con una combinaci\u00f3n de humor, trucos sorprendentes y una producci\u00f3n que incluye apariciones m\u00e1gicas y n\u00fameros musicales.<\/p>\n<p><a href=\"https:\/\/guiadelocio.es\/madrid\/plan\/la-caja-magica-el-espectaculo-de-aavid-asecas-en-la-sala-off-latina\/\" target=\"_blank\" rel=\"noopener\"><img decoding=\"async\" class=\" wp-image-31672 aligncenter\" src=\"https:\/\/guiadelocio.es\/madrid\/wp-content\/uploads\/sites\/2\/2024\/09\/la-caja-magica-teatro-off-latina-2-300x200.jpeg\" alt=\"\" width=\"500\" height=\"333\" srcset=\"https:\/\/guiadelocio.es\/madrid\/wp-content\/uploads\/sites\/2\/2024\/09\/la-caja-magica-teatro-off-latina-2-300x200.jpeg 300w, https:\/\/guiadelocio.es\/madrid\/wp-content\/uploads\/sites\/2\/2024\/09\/la-caja-magica-teatro-off-latina-2-640x427.jpeg 640w, https:\/\/guiadelocio.es\/madrid\/wp-content\/uploads\/sites\/2\/2024\/09\/la-caja-magica-teatro-off-latina-2-266x177.jpeg 266w, https:\/\/guiadelocio.es\/madrid\/wp-content\/uploads\/sites\/2\/2024\/09\/la-caja-magica-teatro-off-latina-2.jpeg 700w\" sizes=\"(max-width: 500px) 100vw, 500px\" \/><\/a><\/p>\n<p>&nbsp;<\/p>\n<h2 class=\"section-single__title\">La leyenda del Titanic llega a Madrid en una exposici\u00f3n inmersiva<\/h2>\n<p>A trav\u00e9s de la m\u00e1s puntera tecnolog\u00eda y ciencia, los espectadores descubrir\u00e1n en primera persona el enigm\u00e1tico suceso del naufragio de la mano de las \u00faltimas innovaciones en el \u00e1mbito de las muestras inmersivas.<\/p>\n<p><em>En <a href=\"https:\/\/guiadelocio.es\/madrid\/plan\/la-leyenda-del-titanic\/\" target=\"_blank\" rel=\"noopener\"><span>Titanic, la exposici\u00f3n inmersiva<\/span><\/a> se<\/em>\u00a0podr\u00e1n revivir los momentos m\u00e1s impactantes vividos por los pasajeros, desde su construcci\u00f3n, pasando por el viaje y, finalmente, el hundimiento en la noche del 14 de abril de 1912.<\/p>\n<p><a href=\"https:\/\/guiadelocio.es\/madrid\/plan\/la-leyenda-del-titanic\/\" target=\"_blank\" rel=\"noopener\"><img decoding=\"async\" class=\" wp-image-31674 aligncenter\" src=\"https:\/\/guiadelocio.es\/madrid\/wp-content\/uploads\/sites\/2\/2024\/09\/MAD-Titanic-IMG-1-1024x576-1-640x360-1-300x169.jpeg\" alt=\"\" width=\"501\" height=\"282\" srcset=\"https:\/\/guiadelocio.es\/madrid\/wp-content\/uploads\/sites\/2\/2024\/09\/MAD-Titanic-IMG-1-1024x576-1-640x360-1-300x169.jpeg 300w, https:\/\/guiadelocio.es\/madrid\/wp-content\/uploads\/sites\/2\/2024\/09\/MAD-Titanic-IMG-1-1024x576-1-640x360-1-266x150.jpeg 266w, https:\/\/guiadelocio.es\/madrid\/wp-content\/uploads\/sites\/2\/2024\/09\/MAD-Titanic-IMG-1-1024x576-1-640x360-1.jpeg 640w\" sizes=\"(max-width: 501px) 100vw, 501px\" \/><\/a><\/p>\n<p>&nbsp;<\/p>\n<h2 class=\"section-single__title\">NeoPop II, segunda edici\u00f3n de la exposici\u00f3n colectiva<\/h2>\n<div>Llega Neopop II, la nueva edici\u00f3n de la exposici\u00f3n colectiva celebrada el pasado mes de junio, en la\u00a0<a href=\"https:\/\/guiadelocio.es\/madrid\/plan\/galeria-orfila\/\" target=\"_blank\" rel=\"noopener\"><strong>Galer\u00eda Orfila.<\/strong><\/a><\/div>\n<div>En esta ocasi\u00f3n re\u00fane a\u00a0cinco artistas con muy variadas y sorprendentes propuestas. Justamente este car\u00e1cter heter\u00f3clito, es lo que hace del Neopop una tendencia plenamente actual.<\/div>\n<div>La obra de los artistas reflejan el di\u00e1logo con la cultura popular, as\u00ed como con realidades y preocupaciones que ata\u00f1en a lo colectivo.<\/div>\n<div><\/div>\n<div><img decoding=\"async\" class=\"size-medium wp-image-31676 aligncenter\" src=\"https:\/\/guiadelocio.es\/madrid\/wp-content\/uploads\/sites\/2\/2024\/09\/Rosa-Maroto.-Antenando.-2019.-Pasta-de-papel-y-acrilico-265-20-315-cm-518x432-1-300x250.jpg\" alt=\"\" width=\"300\" height=\"250\" srcset=\"https:\/\/guiadelocio.es\/madrid\/wp-content\/uploads\/sites\/2\/2024\/09\/Rosa-Maroto.-Antenando.-2019.-Pasta-de-papel-y-acrilico-265-20-315-cm-518x432-1-300x250.jpg 300w, https:\/\/guiadelocio.es\/madrid\/wp-content\/uploads\/sites\/2\/2024\/09\/Rosa-Maroto.-Antenando.-2019.-Pasta-de-papel-y-acrilico-265-20-315-cm-518x432-1-240x200.jpg 240w, https:\/\/guiadelocio.es\/madrid\/wp-content\/uploads\/sites\/2\/2024\/09\/Rosa-Maroto.-Antenando.-2019.-Pasta-de-papel-y-acrilico-265-20-315-cm-518x432-1.jpg 518w\" sizes=\"(max-width: 300px) 100vw, 300px\" \/><\/div>\n<div><\/div>\n<div>\n<h2 class=\"section-single__title\">Villanos del Jazz 2024: Un festival ecl\u00e9ctico que celebra la diversidad musical<\/h2>\n<p>El festival\u00a0<a href=\"https:\/\/guiadelocio.es\/madrid\/plan\/villanos-del-jazz-2024-un-festival-eclectico-que-celebra-la-diversidad-musical\/\" target=\"_blank\" rel=\"noopener\"><span>Villanos del Jazz 2024\u00a0<\/span><\/a>regresa a Madrid con una gran edici\u00f3n, ofreciendo un escaparate de lo mejor del jazz nacional e internacional.\u00a0Desde el 13 de septiembre hasta el 29 de diciembre, este ciclo musical re\u00fane a grandes figuras del jazz y promesas emergentes en una variedad de espacios emblem\u00e1ticos de la capital espa\u00f1ola, con la\u00a0Sala Villanos\u00a0(antigua Sala Caracol) como sede principal.<\/p>\n<p><a href=\"https:\/\/guiadelocio.es\/madrid\/plan\/villanos-del-jazz-2024-un-festival-eclectico-que-celebra-la-diversidad-musical\/\" target=\"_blank\" rel=\"noopener\"><img decoding=\"async\" class=\" wp-image-31679 aligncenter\" src=\"https:\/\/guiadelocio.es\/madrid\/wp-content\/uploads\/sites\/2\/2024\/09\/VILLANOSDELJAZZ_631X546-631x536-1-1-300x255.png\" alt=\"\" width=\"500\" height=\"425\" srcset=\"https:\/\/guiadelocio.es\/madrid\/wp-content\/uploads\/sites\/2\/2024\/09\/VILLANOSDELJAZZ_631X546-631x536-1-1-300x255.png 300w, https:\/\/guiadelocio.es\/madrid\/wp-content\/uploads\/sites\/2\/2024\/09\/VILLANOSDELJAZZ_631X546-631x536-1-1-509x432.png 509w, https:\/\/guiadelocio.es\/madrid\/wp-content\/uploads\/sites\/2\/2024\/09\/VILLANOSDELJAZZ_631X546-631x536-1-1-235x200.png 235w, https:\/\/guiadelocio.es\/madrid\/wp-content\/uploads\/sites\/2\/2024\/09\/VILLANOSDELJAZZ_631X546-631x536-1-1.png 631w\" sizes=\"(max-width: 500px) 100vw, 500px\" \/><\/a><\/p>\n<\/div>\n","protected":false},"excerpt":{"rendered":"<p>\u00bfSab\u00e9is que septiembre es el mes de los nuevos comienzos y de las nuevas ilusiones? Para acompa\u00f1aros en vuestros prop\u00f3sitos, os dejamos nuestra selecci\u00f3n de los 10 planes para hacer en Madrid este fin de semana del 13 al 15 de septiembre \u00a1que lo disfrut\u00e9is! &nbsp; Comienza la temporada de oto\u00f1o en el Hip\u00f3dromo de [&hellip;]<\/p>\n","protected":false},"author":5,"featured_media":31681,"comment_status":"closed","ping_status":"closed","sticky":false,"template":"","format":"standard","meta":{"_acf_changed":false,"footnotes":""},"categories":[1],"tags":[],"category_plan":[2],"filter_trans":[],"filter_main":[],"filter_sec":[],"barrios":[],"class_list":["post-31658","post","type-post","status-publish","format-standard","has-post-thumbnail","hentry","category-sin-categorizar"],"acf":[],"yoast_head":"<!-- This site is optimized with the Yoast SEO plugin v26.0 - https:\/\/yoast.com\/wordpress\/plugins\/seo\/ -->\n<title>10 planes para el fin de semana en Madrid | Madrid<\/title>\n<meta name=\"description\" content=\"\u00bfSab\u00e9is que septiembre es el mes de los nuevos comienzos y de las nuevas ilusiones? Para acompa\u00f1aros en vuestros prop\u00f3sitos, os dejamos nuestra selecci\u00f3n de los 10 planes para hacer en Madrid este fin de semana del 13 al 15 de septiembre \u00a1que lo disfrut\u00e9is!\" \/>\n<meta name=\"robots\" content=\"index, follow, max-snippet:-1, max-image-preview:large, max-video-preview:-1\" \/>\n<link rel=\"canonical\" href=\"https:\/\/guiadelocio.es\/madrid\/10-planes-para-el-fin-de-semana-en-madrid-22\/\" \/>\n<meta property=\"og:locale\" content=\"es_ES\" \/>\n<meta property=\"og:type\" content=\"article\" \/>\n<meta property=\"og:title\" content=\"10 planes para el fin de semana en Madrid | Madrid\" \/>\n<meta property=\"og:description\" content=\"\u00bfSab\u00e9is que septiembre es el mes de los nuevos comienzos y de las nuevas ilusiones? Para acompa\u00f1aros en vuestros prop\u00f3sitos, os dejamos nuestra selecci\u00f3n de los 10 planes para hacer en Madrid este fin de semana del 13 al 15 de septiembre \u00a1que lo disfrut\u00e9is!\" \/>\n<meta property=\"og:url\" content=\"https:\/\/guiadelocio.es\/madrid\/10-planes-para-el-fin-de-semana-en-madrid-22\/\" \/>\n<meta property=\"og:site_name\" content=\"Madrid\" \/>\n<meta property=\"article:published_time\" content=\"2024-09-12T21:19:11+00:00\" \/>\n<meta property=\"article:modified_time\" content=\"2024-09-13T15:43:42+00:00\" \/>\n<meta property=\"og:image\" content=\"https:\/\/guiadelocio.es\/madrid\/wp-content\/uploads\/sites\/2\/2024\/09\/iStock-1072323308.jpg\" \/>\n\t<meta property=\"og:image:width\" content=\"2048\" \/>\n\t<meta property=\"og:image:height\" content=\"1365\" \/>\n\t<meta property=\"og:image:type\" content=\"image\/jpeg\" \/>\n<meta name=\"author\" content=\"spons\" \/>\n<meta name=\"twitter:card\" content=\"summary_large_image\" \/>\n<meta name=\"twitter:label1\" content=\"Escrito por\" \/>\n\t<meta name=\"twitter:data1\" content=\"spons\" \/>\n\t<meta name=\"twitter:label2\" content=\"Tiempo de lectura\" \/>\n\t<meta name=\"twitter:data2\" content=\"6 minutos\" \/>\n<script type=\"application\/ld+json\" class=\"yoast-schema-graph\">{\"@context\":\"https:\/\/schema.org\",\"@graph\":[{\"@type\":\"WebPage\",\"@id\":\"https:\/\/guiadelocio.es\/madrid\/10-planes-para-el-fin-de-semana-en-madrid-22\/\",\"url\":\"https:\/\/guiadelocio.es\/madrid\/10-planes-para-el-fin-de-semana-en-madrid-22\/\",\"name\":\"10 planes para el fin de semana en Madrid | Madrid\",\"isPartOf\":{\"@id\":\"https:\/\/guiadelocio.es\/madrid\/#website\"},\"primaryImageOfPage\":{\"@id\":\"https:\/\/guiadelocio.es\/madrid\/10-planes-para-el-fin-de-semana-en-madrid-22\/#primaryimage\"},\"image\":{\"@id\":\"https:\/\/guiadelocio.es\/madrid\/10-planes-para-el-fin-de-semana-en-madrid-22\/#primaryimage\"},\"thumbnailUrl\":\"https:\/\/guiadelocio.es\/madrid\/wp-content\/uploads\/sites\/2\/2024\/09\/iStock-1072323308.jpg\",\"datePublished\":\"2024-09-12T21:19:11+00:00\",\"dateModified\":\"2024-09-13T15:43:42+00:00\",\"author\":{\"@id\":\"https:\/\/guiadelocio.es\/madrid\/#\/schema\/person\/8948cef5c81b7b4ad26551a45a2d12d3\"},\"description\":\"\u00bfSab\u00e9is que septiembre es el mes de los nuevos comienzos y de las nuevas ilusiones? Para acompa\u00f1aros en vuestros prop\u00f3sitos, os dejamos nuestra selecci\u00f3n de los 10 planes para hacer en Madrid este fin de semana del 13 al 15 de septiembre \u00a1que lo disfrut\u00e9is!\",\"breadcrumb\":{\"@id\":\"https:\/\/guiadelocio.es\/madrid\/10-planes-para-el-fin-de-semana-en-madrid-22\/#breadcrumb\"},\"inLanguage\":\"es\",\"potentialAction\":[{\"@type\":\"ReadAction\",\"target\":[\"https:\/\/guiadelocio.es\/madrid\/10-planes-para-el-fin-de-semana-en-madrid-22\/\"]}]},{\"@type\":\"ImageObject\",\"inLanguage\":\"es\",\"@id\":\"https:\/\/guiadelocio.es\/madrid\/10-planes-para-el-fin-de-semana-en-madrid-22\/#primaryimage\",\"url\":\"https:\/\/guiadelocio.es\/madrid\/wp-content\/uploads\/sites\/2\/2024\/09\/iStock-1072323308.jpg\",\"contentUrl\":\"https:\/\/guiadelocio.es\/madrid\/wp-content\/uploads\/sites\/2\/2024\/09\/iStock-1072323308.jpg\",\"width\":2048,\"height\":1365,\"caption\":\"Closeup of one of the lamps at Plaza Mayor in Madrid, with colorful balconies on the background\"},{\"@type\":\"BreadcrumbList\",\"@id\":\"https:\/\/guiadelocio.es\/madrid\/10-planes-para-el-fin-de-semana-en-madrid-22\/#breadcrumb\",\"itemListElement\":[{\"@type\":\"ListItem\",\"position\":1,\"name\":\"Portada\",\"item\":\"https:\/\/guiadelocio.es\/madrid\/\"},{\"@type\":\"ListItem\",\"position\":2,\"name\":\"10 planes para el fin de semana en Madrid\"}]},{\"@type\":\"WebSite\",\"@id\":\"https:\/\/guiadelocio.es\/madrid\/#website\",\"url\":\"https:\/\/guiadelocio.es\/madrid\/\",\"name\":\"Madrid | Gu\u00eda del Ocio\",\"description\":\"Qu\u00e9 hacer, d\u00f3nde comer, qu\u00e9 visitar y los lugares que no te puedes perder\",\"potentialAction\":[{\"@type\":\"SearchAction\",\"target\":{\"@type\":\"EntryPoint\",\"urlTemplate\":\"https:\/\/guiadelocio.es\/madrid\/?s={search_term_string}\"},\"query-input\":{\"@type\":\"PropertyValueSpecification\",\"valueRequired\":true,\"valueName\":\"search_term_string\"}}],\"inLanguage\":\"es\"},{\"@type\":\"Person\",\"@id\":\"https:\/\/guiadelocio.es\/madrid\/#\/schema\/person\/8948cef5c81b7b4ad26551a45a2d12d3\",\"name\":\"spons\",\"image\":{\"@type\":\"ImageObject\",\"inLanguage\":\"es\",\"@id\":\"https:\/\/guiadelocio.es\/madrid\/#\/schema\/person\/image\/\",\"url\":\"https:\/\/secure.gravatar.com\/avatar\/c3eb00312c63ba7a2ea61f1fc101d93b66984cbac41bc8a3997f9b64644a08c9?s=96&d=mm&r=g\",\"contentUrl\":\"https:\/\/secure.gravatar.com\/avatar\/c3eb00312c63ba7a2ea61f1fc101d93b66984cbac41bc8a3997f9b64644a08c9?s=96&d=mm&r=g\",\"caption\":\"spons\"}}]}<\/script>\n<!-- \/ Yoast SEO plugin. -->","yoast_head_json":{"title":"10 planes para el fin de semana en Madrid | Madrid","description":"\u00bfSab\u00e9is que septiembre es el mes de los nuevos comienzos y de las nuevas ilusiones? Para acompa\u00f1aros en vuestros prop\u00f3sitos, os dejamos nuestra selecci\u00f3n de los 10 planes para hacer en Madrid este fin de semana del 13 al 15 de septiembre \u00a1que lo disfrut\u00e9is!","robots":{"index":"index","follow":"follow","max-snippet":"max-snippet:-1","max-image-preview":"max-image-preview:large","max-video-preview":"max-video-preview:-1"},"canonical":"https:\/\/guiadelocio.es\/madrid\/10-planes-para-el-fin-de-semana-en-madrid-22\/","og_locale":"es_ES","og_type":"article","og_title":"10 planes para el fin de semana en Madrid | Madrid","og_description":"\u00bfSab\u00e9is que septiembre es el mes de los nuevos comienzos y de las nuevas ilusiones? Para acompa\u00f1aros en vuestros prop\u00f3sitos, os dejamos nuestra selecci\u00f3n de los 10 planes para hacer en Madrid este fin de semana del 13 al 15 de septiembre \u00a1que lo disfrut\u00e9is!","og_url":"https:\/\/guiadelocio.es\/madrid\/10-planes-para-el-fin-de-semana-en-madrid-22\/","og_site_name":"Madrid","article_published_time":"2024-09-12T21:19:11+00:00","article_modified_time":"2024-09-13T15:43:42+00:00","og_image":[{"width":2048,"height":1365,"url":"https:\/\/guiadelocio.es\/madrid\/wp-content\/uploads\/sites\/2\/2024\/09\/iStock-1072323308.jpg","type":"image\/jpeg"}],"author":"spons","twitter_card":"summary_large_image","twitter_misc":{"Escrito por":"spons","Tiempo de lectura":"6 minutos"},"schema":{"@context":"https:\/\/schema.org","@graph":[{"@type":"WebPage","@id":"https:\/\/guiadelocio.es\/madrid\/10-planes-para-el-fin-de-semana-en-madrid-22\/","url":"https:\/\/guiadelocio.es\/madrid\/10-planes-para-el-fin-de-semana-en-madrid-22\/","name":"10 planes para el fin de semana en Madrid | Madrid","isPartOf":{"@id":"https:\/\/guiadelocio.es\/madrid\/#website"},"primaryImageOfPage":{"@id":"https:\/\/guiadelocio.es\/madrid\/10-planes-para-el-fin-de-semana-en-madrid-22\/#primaryimage"},"image":{"@id":"https:\/\/guiadelocio.es\/madrid\/10-planes-para-el-fin-de-semana-en-madrid-22\/#primaryimage"},"thumbnailUrl":"https:\/\/guiadelocio.es\/madrid\/wp-content\/uploads\/sites\/2\/2024\/09\/iStock-1072323308.jpg","datePublished":"2024-09-12T21:19:11+00:00","dateModified":"2024-09-13T15:43:42+00:00","author":{"@id":"https:\/\/guiadelocio.es\/madrid\/#\/schema\/person\/8948cef5c81b7b4ad26551a45a2d12d3"},"description":"\u00bfSab\u00e9is que septiembre es el mes de los nuevos comienzos y de las nuevas ilusiones? Para acompa\u00f1aros en vuestros prop\u00f3sitos, os dejamos nuestra selecci\u00f3n de los 10 planes para hacer en Madrid este fin de semana del 13 al 15 de septiembre \u00a1que lo disfrut\u00e9is!","breadcrumb":{"@id":"https:\/\/guiadelocio.es\/madrid\/10-planes-para-el-fin-de-semana-en-madrid-22\/#breadcrumb"},"inLanguage":"es","potentialAction":[{"@type":"ReadAction","target":["https:\/\/guiadelocio.es\/madrid\/10-planes-para-el-fin-de-semana-en-madrid-22\/"]}]},{"@type":"ImageObject","inLanguage":"es","@id":"https:\/\/guiadelocio.es\/madrid\/10-planes-para-el-fin-de-semana-en-madrid-22\/#primaryimage","url":"https:\/\/guiadelocio.es\/madrid\/wp-content\/uploads\/sites\/2\/2024\/09\/iStock-1072323308.jpg","contentUrl":"https:\/\/guiadelocio.es\/madrid\/wp-content\/uploads\/sites\/2\/2024\/09\/iStock-1072323308.jpg","width":2048,"height":1365,"caption":"Closeup of one of the lamps at Plaza Mayor in Madrid, with colorful balconies on the background"},{"@type":"BreadcrumbList","@id":"https:\/\/guiadelocio.es\/madrid\/10-planes-para-el-fin-de-semana-en-madrid-22\/#breadcrumb","itemListElement":[{"@type":"ListItem","position":1,"name":"Portada","item":"https:\/\/guiadelocio.es\/madrid\/"},{"@type":"ListItem","position":2,"name":"10 planes para el fin de semana en Madrid"}]},{"@type":"WebSite","@id":"https:\/\/guiadelocio.es\/madrid\/#website","url":"https:\/\/guiadelocio.es\/madrid\/","name":"Madrid | Gu\u00eda del Ocio","description":"Qu\u00e9 hacer, d\u00f3nde comer, qu\u00e9 visitar y los lugares que no te puedes perder","potentialAction":[{"@type":"SearchAction","target":{"@type":"EntryPoint","urlTemplate":"https:\/\/guiadelocio.es\/madrid\/?s={search_term_string}"},"query-input":{"@type":"PropertyValueSpecification","valueRequired":true,"valueName":"search_term_string"}}],"inLanguage":"es"},{"@type":"Person","@id":"https:\/\/guiadelocio.es\/madrid\/#\/schema\/person\/8948cef5c81b7b4ad26551a45a2d12d3","name":"spons","image":{"@type":"ImageObject","inLanguage":"es","@id":"https:\/\/guiadelocio.es\/madrid\/#\/schema\/person\/image\/","url":"https:\/\/secure.gravatar.com\/avatar\/c3eb00312c63ba7a2ea61f1fc101d93b66984cbac41bc8a3997f9b64644a08c9?s=96&d=mm&r=g","contentUrl":"https:\/\/secure.gravatar.com\/avatar\/c3eb00312c63ba7a2ea61f1fc101d93b66984cbac41bc8a3997f9b64644a08c9?s=96&d=mm&r=g","caption":"spons"}}]}},"_links":{"self":[{"href":"https:\/\/guiadelocio.es\/madrid\/wp-json\/wp\/v2\/posts\/31658","targetHints":{"allow":["GET"]}}],"collection":[{"href":"https:\/\/guiadelocio.es\/madrid\/wp-json\/wp\/v2\/posts"}],"about":[{"href":"https:\/\/guiadelocio.es\/madrid\/wp-json\/wp\/v2\/types\/post"}],"author":[{"embeddable":true,"href":"https:\/\/guiadelocio.es\/madrid\/wp-json\/wp\/v2\/users\/5"}],"replies":[{"embeddable":true,"href":"https:\/\/guiadelocio.es\/madrid\/wp-json\/wp\/v2\/comments?post=31658"}],"version-history":[{"count":0,"href":"https:\/\/guiadelocio.es\/madrid\/wp-json\/wp\/v2\/posts\/31658\/revisions"}],"wp:featuredmedia":[{"embeddable":true,"href":"https:\/\/guiadelocio.es\/madrid\/wp-json\/wp\/v2\/media\/31681"}],"wp:attachment":[{"href":"https:\/\/guiadelocio.es\/madrid\/wp-json\/wp\/v2\/media?parent=31658"}],"wp:term":[{"taxonomy":"category","embeddable":true,"href":"https:\/\/guiadelocio.es\/madrid\/wp-json\/wp\/v2\/categories?post=31658"},{"taxonomy":"post_tag","embeddable":true,"href":"https:\/\/guiadelocio.es\/madrid\/wp-json\/wp\/v2\/tags?post=31658"},{"taxonomy":"category_plan","embeddable":true,"href":"https:\/\/guiadelocio.es\/madrid\/wp-json\/wp\/v2\/category_plan?post=31658"},{"taxonomy":"filter_trans","embeddable":true,"href":"https:\/\/guiadelocio.es\/madrid\/wp-json\/wp\/v2\/filter_trans?post=31658"},{"taxonomy":"filter_main","embeddable":true,"href":"https:\/\/guiadelocio.es\/madrid\/wp-json\/wp\/v2\/filter_main?post=31658"},{"taxonomy":"filter_sec","embeddable":true,"href":"https:\/\/guiadelocio.es\/madrid\/wp-json\/wp\/v2\/filter_sec?post=31658"},{"taxonomy":"barrios","embeddable":true,"href":"https:\/\/guiadelocio.es\/madrid\/wp-json\/wp\/v2\/barrios?post=31658"}],"curies":[{"name":"wp","href":"https:\/\/api.w.org\/{rel}","templated":true}]}}