{"id":31457,"date":"2024-09-06T01:18:17","date_gmt":"2024-09-05T23:18:17","guid":{"rendered":"https:\/\/guiadelocio.es\/madrid\/?p=31457"},"modified":"2024-09-06T12:13:10","modified_gmt":"2024-09-06T10:13:10","slug":"10-planes-para-el-fin-de-semana-en-madrid-21","status":"publish","type":"post","link":"https:\/\/guiadelocio.es\/madrid\/10-planes-para-el-fin-de-semana-en-madrid-21\/","title":{"rendered":"10 planes para el fin de semana en Madrid"},"content":{"rendered":"<p>Septiembre supone el comienzo del a\u00f1o para muchos y sin duda Madrid se pone en ebullici\u00f3n con todos los planes a nuestro alcance. Os dejamos nuestra selecci\u00f3n de los 10 planes para hacer en Madrid este fin de semana del 6 al 8 de septiembre \u00a1que lo disfrut\u00e9is!<\/p>\n<p>&nbsp;<\/p>\n<h2 class=\"section-single__title\">Vuelve el Festival de Ensembles a Teatros de Canal<\/h2>\n<p>El <a href=\"https:\/\/guiadelocio.es\/madrid\/plan\/vuelve-el-festival-de-ensembles-a-teatros-de-canal\/\" target=\"_blank\" rel=\"noopener\"><span>Festival de Ensembles<\/span><\/a> es una oportunidad \u00fanica para descubrir y disfrutar de los grupos de m\u00fasica contempor\u00e1nea m\u00e1s destacados de nuestro pa\u00eds.<\/p>\n<p>El Festival contar\u00e1 con la participaci\u00f3n de los conjuntos invitados Taller Sonoro de Sevilla, Vertixe Sonora Ensemble de Galicia y Grupo Enigma de Zaragoza.<\/p>\n<p><a href=\"https:\/\/guiadelocio.es\/madrid\/plan\/vuelve-el-festival-de-ensembles-a-teatros-de-canal\/\" target=\"_blank\" rel=\"noopener\"><img decoding=\"async\" class=\" wp-image-31458 aligncenter\" src=\"https:\/\/guiadelocio.es\/madrid\/wp-content\/uploads\/sites\/2\/2024\/09\/tsonorowebTC-543x314-1-300x173.jpeg\" alt=\"\" width=\"499\" height=\"288\" srcset=\"https:\/\/guiadelocio.es\/madrid\/wp-content\/uploads\/sites\/2\/2024\/09\/tsonorowebTC-543x314-1-300x173.jpeg 300w, https:\/\/guiadelocio.es\/madrid\/wp-content\/uploads\/sites\/2\/2024\/09\/tsonorowebTC-543x314-1-266x154.jpeg 266w, https:\/\/guiadelocio.es\/madrid\/wp-content\/uploads\/sites\/2\/2024\/09\/tsonorowebTC-543x314-1.jpeg 543w\" sizes=\"(max-width: 499px) 100vw, 499px\" \/><\/a><\/p>\n<p>&nbsp;<\/p>\n<h2 class=\"section-single__title\">\u00abLuz de Sorolla\u00bb: experiencia de arte y gastronom\u00eda<\/h2>\n<p>El\u00a0<strong><a href=\"https:\/\/guiadelocio.es\/madrid\/plan\/hotel-intercontinental\/\" target=\"_blank\" rel=\"noopener\"><span>InterContinental Madrid<\/span><\/a>\u00a0<\/strong>presenta el paquete <a href=\"https:\/\/guiadelocio.es\/madrid\/plan\/luz-de-sorolla-experiencia-de-arte-y-gastronomia\/\" target=\"_blank\" rel=\"noopener\">\u2018<strong>La Luz de Sorolla<\/strong>\u2019<\/a>, en colaboraci\u00f3n con la\u00a0<strong>Fundaci\u00f3n Museo Sorolla<\/strong>, invitando a sus hu\u00e9spedes a sumergirse en el universo de este gran artista.\u00a0 Este paquete supone una oportunidad de hospedarse en este emblem\u00e1tico hotel y de descubrir la casa-museo del pintor valenciano, antes de que su casa-museo cierre temporalmente para someterse a una renovaci\u00f3n.<\/p>\n<p><a href=\"https:\/\/guiadelocio.es\/madrid\/plan\/luz-de-sorolla-experiencia-de-arte-y-gastronomia\/\" target=\"_blank\" rel=\"noopener\"><img decoding=\"async\" class=\" wp-image-31460 aligncenter\" src=\"https:\/\/guiadelocio.es\/madrid\/wp-content\/uploads\/sites\/2\/2024\/09\/Menu-Sorolla-1381x920-1-300x200.jpeg\" alt=\"\" width=\"500\" height=\"333\" srcset=\"https:\/\/guiadelocio.es\/madrid\/wp-content\/uploads\/sites\/2\/2024\/09\/Menu-Sorolla-1381x920-1-300x200.jpeg 300w, https:\/\/guiadelocio.es\/madrid\/wp-content\/uploads\/sites\/2\/2024\/09\/Menu-Sorolla-1381x920-1-1024x682.jpeg 1024w, https:\/\/guiadelocio.es\/madrid\/wp-content\/uploads\/sites\/2\/2024\/09\/Menu-Sorolla-1381x920-1-768x512.jpeg 768w, https:\/\/guiadelocio.es\/madrid\/wp-content\/uploads\/sites\/2\/2024\/09\/Menu-Sorolla-1381x920-1-640x426.jpeg 640w, https:\/\/guiadelocio.es\/madrid\/wp-content\/uploads\/sites\/2\/2024\/09\/Menu-Sorolla-1381x920-1-266x177.jpeg 266w, https:\/\/guiadelocio.es\/madrid\/wp-content\/uploads\/sites\/2\/2024\/09\/Menu-Sorolla-1381x920-1.jpeg 1381w\" sizes=\"(max-width: 500px) 100vw, 500px\" \/><\/a><\/p>\n<p>&nbsp;<\/p>\n<h2 class=\"section-single__title\">Canal Baila: danza en Teatros del Canal<\/h2>\n<p><a href=\"https:\/\/guiadelocio.es\/madrid\/plan\/canal-baila\/\" target=\"_blank\" rel=\"noopener\"><strong>Ciclo Canal Baila<\/strong><\/a>:\u00a0<a href=\"https:\/\/guiadelocio.es\/madrid\/plan\/teatros-del-canal\/\" target=\"_blank\" rel=\"noopener\"><span>Teatros del Canal<\/span><\/a>\u00a0ofrece una programaci\u00f3n para todos los gustos, con espect\u00e1culos de danza variados a lo largo del mes de septiembre, para disfrutar la vuelta al cole.<\/p>\n<p><a href=\"https:\/\/guiadelocio.es\/madrid\/plan\/canal-baila\/\" target=\"_blank\" rel=\"noopener\"><img decoding=\"async\" class=\" wp-image-31462 aligncenter\" src=\"https:\/\/guiadelocio.es\/madrid\/wp-content\/uploads\/sites\/2\/2024\/09\/expectativas-scaled-e1723291249542-1279x920-1-300x216.jpeg\" alt=\"\" width=\"500\" height=\"360\" srcset=\"https:\/\/guiadelocio.es\/madrid\/wp-content\/uploads\/sites\/2\/2024\/09\/expectativas-scaled-e1723291249542-1279x920-1-300x216.jpeg 300w, https:\/\/guiadelocio.es\/madrid\/wp-content\/uploads\/sites\/2\/2024\/09\/expectativas-scaled-e1723291249542-1279x920-1-1024x737.jpeg 1024w, https:\/\/guiadelocio.es\/madrid\/wp-content\/uploads\/sites\/2\/2024\/09\/expectativas-scaled-e1723291249542-1279x920-1-768x552.jpeg 768w, https:\/\/guiadelocio.es\/madrid\/wp-content\/uploads\/sites\/2\/2024\/09\/expectativas-scaled-e1723291249542-1279x920-1-601x432.jpeg 601w, https:\/\/guiadelocio.es\/madrid\/wp-content\/uploads\/sites\/2\/2024\/09\/expectativas-scaled-e1723291249542-1279x920-1-266x191.jpeg 266w, https:\/\/guiadelocio.es\/madrid\/wp-content\/uploads\/sites\/2\/2024\/09\/expectativas-scaled-e1723291249542-1279x920-1.jpeg 1279w\" sizes=\"(max-width: 500px) 100vw, 500px\" \/><\/a><\/p>\n<p>&nbsp;<\/p>\n<h2 class=\"section-single__title\">Ni\u00f1os esclavos, la puerta de atr\u00e1s<\/h2>\n<p>El\u00a0<a href=\"https:\/\/misionessalesianas.org\/museo\/\" target=\"_blank\" rel=\"noopener\"><span>Museo Misiones Salesianas<\/span><\/a>\u00a0reabre sus puertas el pr\u00f3ximo 2 de septiembre, tras el periodo de verano. Retoma su actividad con la propuesta de la\u00a0<strong>fotoperiodista Ana Palacios<\/strong>, <a href=\"https:\/\/guiadelocio.es\/madrid\/plan\/ninos-esclavos-la-puerta-de-atras\/\" target=\"_blank\" rel=\"noopener\">\u2018<strong>Ni\u00f1os esclavos. La puerta de atr\u00e1s\u2019<\/strong><\/a>, con la que participa como sede invitada del festival de fotograf\u00eda y las artes visuales\u00a0<strong>PHotoESPA\u00d1A<\/strong>.<\/p>\n<p><a href=\"https:\/\/guiadelocio.es\/madrid\/plan\/ninos-esclavos-la-puerta-de-atras\/\" target=\"_blank\" rel=\"noopener\"><img decoding=\"async\" class=\" wp-image-31464 aligncenter\" src=\"https:\/\/guiadelocio.es\/madrid\/wp-content\/uploads\/sites\/2\/2024\/09\/Captura-de-Pantalla-2024-08-30-a-las-11.34.19-300x195.png\" alt=\"\" width=\"500\" height=\"325\" srcset=\"https:\/\/guiadelocio.es\/madrid\/wp-content\/uploads\/sites\/2\/2024\/09\/Captura-de-Pantalla-2024-08-30-a-las-11.34.19-300x195.png 300w, https:\/\/guiadelocio.es\/madrid\/wp-content\/uploads\/sites\/2\/2024\/09\/Captura-de-Pantalla-2024-08-30-a-las-11.34.19-768x499.png 768w, https:\/\/guiadelocio.es\/madrid\/wp-content\/uploads\/sites\/2\/2024\/09\/Captura-de-Pantalla-2024-08-30-a-las-11.34.19-640x416.png 640w, https:\/\/guiadelocio.es\/madrid\/wp-content\/uploads\/sites\/2\/2024\/09\/Captura-de-Pantalla-2024-08-30-a-las-11.34.19-266x173.png 266w, https:\/\/guiadelocio.es\/madrid\/wp-content\/uploads\/sites\/2\/2024\/09\/Captura-de-Pantalla-2024-08-30-a-las-11.34.19.png 867w\" sizes=\"(max-width: 500px) 100vw, 500px\" \/><\/a><\/p>\n<p>&nbsp;<\/p>\n<h2 class=\"section-single__title\">Las v\u00edas verdes que no puedes perderte este verano<\/h2>\n<p>Las <a href=\"https:\/\/guiadelocio.es\/madrid\/plan\/las-vias-verdes-que-no-puedes-perderte-este-verano\/\" target=\"_blank\" rel=\"noopener\"><span>v\u00edas verdes<\/span><\/a> son un plan perfecto para las vacaciones de verano. Un recorrido por cualquiera de las\u00a0<strong>138 v\u00edas verdes<\/strong>\u00a0repartidas por todo el pa\u00eds permite descubrir cultura, naturaleza, historia ferroviaria, gastronom\u00eda y mucho m\u00e1s.<\/p>\n<p><a href=\"https:\/\/guiadelocio.es\/madrid\/plan\/las-vias-verdes-que-no-puedes-perderte-este-verano\/\" target=\"_blank\" rel=\"noopener\"><img decoding=\"async\" class=\" wp-image-31466 aligncenter\" src=\"https:\/\/guiadelocio.es\/madrid\/wp-content\/uploads\/sites\/2\/2024\/09\/Senda-del-Oso-2-1374x920-1-300x201.jpeg\" alt=\"\" width=\"501\" height=\"336\" srcset=\"https:\/\/guiadelocio.es\/madrid\/wp-content\/uploads\/sites\/2\/2024\/09\/Senda-del-Oso-2-1374x920-1-300x201.jpeg 300w, https:\/\/guiadelocio.es\/madrid\/wp-content\/uploads\/sites\/2\/2024\/09\/Senda-del-Oso-2-1374x920-1-1024x686.jpeg 1024w, https:\/\/guiadelocio.es\/madrid\/wp-content\/uploads\/sites\/2\/2024\/09\/Senda-del-Oso-2-1374x920-1-768x514.jpeg 768w, https:\/\/guiadelocio.es\/madrid\/wp-content\/uploads\/sites\/2\/2024\/09\/Senda-del-Oso-2-1374x920-1-640x429.jpeg 640w, https:\/\/guiadelocio.es\/madrid\/wp-content\/uploads\/sites\/2\/2024\/09\/Senda-del-Oso-2-1374x920-1-266x178.jpeg 266w, https:\/\/guiadelocio.es\/madrid\/wp-content\/uploads\/sites\/2\/2024\/09\/Senda-del-Oso-2-1374x920-1.jpeg 1374w\" sizes=\"(max-width: 501px) 100vw, 501px\" \/><\/a><\/p>\n<h2><\/h2>\n<h2 class=\"section-single__title\">Vetusta Morla se despide en Madrid hasta 2026<\/h2>\n<p><a href=\"https:\/\/guiadelocio.es\/madrid\/plan\/vetusta-morla-se-despide-en-madrid-hasta-2026\/\" target=\"_blank\" rel=\"noopener\"><strong>Vetusta Morla<\/strong><\/a>\u00a0regresa a las salas para despedirse de los escenarios hasta 2026. En Madrid,\u00a0<a href=\"https:\/\/guiadelocio.es\/madrid\/plan\/sala-la-riviera\/\" target=\"_blank\" rel=\"noopener\"><strong>La Riviera<\/strong><\/a>\u00a0acoger\u00e1 los conciertos de Vetusta Morla el domingo 8 y el lunes 9 de septiembre.<\/p>\n<p><a href=\"https:\/\/guiadelocio.es\/madrid\/plan\/vetusta-morla-se-despide-en-madrid-hasta-2026\/\" target=\"_blank\" rel=\"noopener\"><img decoding=\"async\" class=\" wp-image-31469 aligncenter\" src=\"https:\/\/guiadelocio.es\/madrid\/wp-content\/uploads\/sites\/2\/2024\/09\/Vetusta-Morla-scaled-e1724684281771-981x920-1-300x281.jpeg\" alt=\"\" width=\"500\" height=\"468\" srcset=\"https:\/\/guiadelocio.es\/madrid\/wp-content\/uploads\/sites\/2\/2024\/09\/Vetusta-Morla-scaled-e1724684281771-981x920-1-300x281.jpeg 300w, https:\/\/guiadelocio.es\/madrid\/wp-content\/uploads\/sites\/2\/2024\/09\/Vetusta-Morla-scaled-e1724684281771-981x920-1-768x720.jpeg 768w, https:\/\/guiadelocio.es\/madrid\/wp-content\/uploads\/sites\/2\/2024\/09\/Vetusta-Morla-scaled-e1724684281771-981x920-1-461x432.jpeg 461w, https:\/\/guiadelocio.es\/madrid\/wp-content\/uploads\/sites\/2\/2024\/09\/Vetusta-Morla-scaled-e1724684281771-981x920-1-213x200.jpeg 213w, https:\/\/guiadelocio.es\/madrid\/wp-content\/uploads\/sites\/2\/2024\/09\/Vetusta-Morla-scaled-e1724684281771-981x920-1.jpeg 981w\" sizes=\"(max-width: 500px) 100vw, 500px\" \/><\/a><\/p>\n<p>&nbsp;<\/p>\n<h2 class=\"section-single__title\">Arte Vivo en la Plaza vuelve este verano<\/h2>\n<p>Por cuarto a\u00f1o consecutivo, el proyecto\u00a0<a href=\"https:\/\/guiadelocio.es\/madrid\/plan\/arte-vivo-en-la-plaza-vuelve-este-verano\/\" target=\"_blank\" rel=\"noopener\"><strong>Arte Vivo en la Plaza<\/strong><\/a>\u00a0llega a varios pueblos de la Comunidad de Madrid. Se trata de una propuesta in\u00e9dita de convivencia entre artistas locales y de otras procedencias, generando un di\u00e1logo art\u00edstico donde el p\u00fablico asistente no es solo un espectador, sino parte de la obra.<\/p>\n<p><a href=\"https:\/\/guiadelocio.es\/madrid\/plan\/arte-vivo-en-la-plaza-vuelve-este-verano\/\" target=\"_blank\" rel=\"noopener\"><img decoding=\"async\" class=\" wp-image-31472 aligncenter\" src=\"https:\/\/guiadelocio.es\/madrid\/wp-content\/uploads\/sites\/2\/2024\/09\/unnamed-13-300x189.jpeg\" alt=\"\" width=\"500\" height=\"315\" srcset=\"https:\/\/guiadelocio.es\/madrid\/wp-content\/uploads\/sites\/2\/2024\/09\/unnamed-13-300x189.jpeg 300w, https:\/\/guiadelocio.es\/madrid\/wp-content\/uploads\/sites\/2\/2024\/09\/unnamed-13-1024x645.jpeg 1024w, https:\/\/guiadelocio.es\/madrid\/wp-content\/uploads\/sites\/2\/2024\/09\/unnamed-13-768x483.jpeg 768w, https:\/\/guiadelocio.es\/madrid\/wp-content\/uploads\/sites\/2\/2024\/09\/unnamed-13-640x403.jpeg 640w, https:\/\/guiadelocio.es\/madrid\/wp-content\/uploads\/sites\/2\/2024\/09\/unnamed-13-266x167.jpeg 266w, https:\/\/guiadelocio.es\/madrid\/wp-content\/uploads\/sites\/2\/2024\/09\/unnamed-13.jpeg 1136w\" sizes=\"(max-width: 500px) 100vw, 500px\" \/><\/a><\/p>\n<p>&nbsp;<\/p>\n<h2 class=\"section-single__title\">Hoces del Durat\u00f3n, la escapada perfecta para los amantes de la naturaleza<\/h2>\n<p>Acantilados, senderismo, escalada y un ca\u00f1\u00f3n que nos quita el habla. Los amantes de la naturaleza estamos de suerte, porque podemos disfrutar de un\u00a0<strong>paisaje espectacular muy cerca de la capital madrile\u00f1a<\/strong>, a menos de hora y media.\u00a0<a href=\"https:\/\/guiadelocio.es\/madrid\/plan\/hoces-del-duraton-la-escapada-perfecta-para-los-amantes-de-la-naturaleza\/\" target=\"_blank\" rel=\"noopener\"><strong>Hoces del Durat\u00f3n<\/strong>\u00a0<\/a>es uno de los parques naturales m\u00e1s bonitos de toda Espa\u00f1a. Se encuentra en Segovia, muy cerca del pueblo medieval de Sep\u00falveda y tiene una extensi\u00f3n de m\u00e1s de 5.000 hect\u00e1reas.<\/p>\n<p><a href=\"https:\/\/guiadelocio.es\/madrid\/plan\/hoces-del-duraton-la-escapada-perfecta-para-los-amantes-de-la-naturaleza\/\" target=\"_blank\" rel=\"noopener\"><img decoding=\"async\" class=\" wp-image-31474 aligncenter\" src=\"https:\/\/guiadelocio.es\/madrid\/wp-content\/uploads\/sites\/2\/2024\/09\/iStock-946060766-1379x920-1-300x200.webp\" alt=\"\" width=\"500\" height=\"333\" srcset=\"https:\/\/guiadelocio.es\/madrid\/wp-content\/uploads\/sites\/2\/2024\/09\/iStock-946060766-1379x920-1-300x200.webp 300w, https:\/\/guiadelocio.es\/madrid\/wp-content\/uploads\/sites\/2\/2024\/09\/iStock-946060766-1379x920-1-1024x683.webp 1024w, https:\/\/guiadelocio.es\/madrid\/wp-content\/uploads\/sites\/2\/2024\/09\/iStock-946060766-1379x920-1-768x512.webp 768w, https:\/\/guiadelocio.es\/madrid\/wp-content\/uploads\/sites\/2\/2024\/09\/iStock-946060766-1379x920-1-640x427.webp 640w, https:\/\/guiadelocio.es\/madrid\/wp-content\/uploads\/sites\/2\/2024\/09\/iStock-946060766-1379x920-1-266x177.webp 266w, https:\/\/guiadelocio.es\/madrid\/wp-content\/uploads\/sites\/2\/2024\/09\/iStock-946060766-1379x920-1.webp 1379w\" sizes=\"(max-width: 500px) 100vw, 500px\" \/><\/a><\/p>\n<p>&nbsp;<\/p>\n<h2 class=\"section-single__title\">Cines de verano que no te puedes perder en Madrid<\/h2>\n<p>Los <a href=\"https:\/\/guiadelocio.es\/madrid\/cines-de-verano-que-no-te-puedes-perder-en-madrid-este-2024\/\" target=\"_blank\" rel=\"noopener\"><span>cines de verano<\/span><\/a> se han consolidado como una de las mejores alternativas para disfrutar de las noches madrile\u00f1as durante el calor sofocante. \u00bfQu\u00e9 plan puede ser mejor que una buena pel\u00edcula, palomitas y una c\u00f3moda hamaca? Aqu\u00ed te ofrecemos una selecci\u00f3n para que elijas tu cine favorito o te organices una ruta cin\u00e9fila para descubrirlos todos.<\/p>\n<p><a href=\"https:\/\/guiadelocio.es\/madrid\/cines-de-verano-que-no-te-puedes-perder-en-madrid-este-2024\/\" target=\"_blank\" rel=\"noopener\"><img decoding=\"async\" class=\" wp-image-31476 aligncenter\" src=\"https:\/\/guiadelocio.es\/madrid\/wp-content\/uploads\/sites\/2\/2024\/09\/cibeles-de-cine-2-640x325-1-300x152.jpeg\" alt=\"\" width=\"499\" height=\"253\" srcset=\"https:\/\/guiadelocio.es\/madrid\/wp-content\/uploads\/sites\/2\/2024\/09\/cibeles-de-cine-2-640x325-1-300x152.jpeg 300w, https:\/\/guiadelocio.es\/madrid\/wp-content\/uploads\/sites\/2\/2024\/09\/cibeles-de-cine-2-640x325-1-266x135.jpeg 266w, https:\/\/guiadelocio.es\/madrid\/wp-content\/uploads\/sites\/2\/2024\/09\/cibeles-de-cine-2-640x325-1.jpeg 640w\" sizes=\"(max-width: 499px) 100vw, 499px\" \/><\/a><\/p>\n<p>&nbsp;<\/p>\n<h2 class=\"section-single__title\">La Puerta de Alcal\u00e1 protagonista de la Semana de la Moda<\/h2>\n<p>El monumento m\u00e1s ic\u00f3nico de Madrid y uno de los m\u00e1s fotografiados de Espa\u00f1a, se convertir\u00e1 en protagonista de excepci\u00f3n de <a href=\"https:\/\/guiadelocio.es\/madrid\/plan\/la-puerta-de-alcala-protagonista-de-la-semana-de-la-moda\/\" target=\"_blank\" rel=\"noopener\"><span>Madrid es Moda<\/span><\/a>. El evento que tendr\u00e1 lugar en la capital hasta el 11 de septiembre en diversos emplazamientos de la ciudad, y que ser\u00e1 la antesala de la celebraci\u00f3n de la Mercedes-Benz Fashion Week Madrid.<\/p>\n<p><a href=\"https:\/\/guiadelocio.es\/madrid\/plan\/la-puerta-de-alcala-protagonista-de-la-semana-de-la-moda\/\" target=\"_blank\" rel=\"noopener\"><img decoding=\"async\" class=\" wp-image-31478 aligncenter\" src=\"https:\/\/guiadelocio.es\/madrid\/wp-content\/uploads\/sites\/2\/2024\/09\/JUAN-VIDAL_WE-ARE-SPASTOR_ACROMATYX_Javier-Perez-Pla-1536x864-1-300x169.webp\" alt=\"\" width=\"501\" height=\"282\" srcset=\"https:\/\/guiadelocio.es\/madrid\/wp-content\/uploads\/sites\/2\/2024\/09\/JUAN-VIDAL_WE-ARE-SPASTOR_ACROMATYX_Javier-Perez-Pla-1536x864-1-300x169.webp 300w, https:\/\/guiadelocio.es\/madrid\/wp-content\/uploads\/sites\/2\/2024\/09\/JUAN-VIDAL_WE-ARE-SPASTOR_ACROMATYX_Javier-Perez-Pla-1536x864-1-1024x576.webp 1024w, https:\/\/guiadelocio.es\/madrid\/wp-content\/uploads\/sites\/2\/2024\/09\/JUAN-VIDAL_WE-ARE-SPASTOR_ACROMATYX_Javier-Perez-Pla-1536x864-1-768x432.webp 768w, https:\/\/guiadelocio.es\/madrid\/wp-content\/uploads\/sites\/2\/2024\/09\/JUAN-VIDAL_WE-ARE-SPASTOR_ACROMATYX_Javier-Perez-Pla-1536x864-1-640x360.webp 640w, https:\/\/guiadelocio.es\/madrid\/wp-content\/uploads\/sites\/2\/2024\/09\/JUAN-VIDAL_WE-ARE-SPASTOR_ACROMATYX_Javier-Perez-Pla-1536x864-1-266x150.webp 266w, https:\/\/guiadelocio.es\/madrid\/wp-content\/uploads\/sites\/2\/2024\/09\/JUAN-VIDAL_WE-ARE-SPASTOR_ACROMATYX_Javier-Perez-Pla-1536x864-1.webp 1536w\" sizes=\"(max-width: 501px) 100vw, 501px\" \/><\/a><\/p>\n<p>&nbsp;<\/p>\n<p>&nbsp;<\/p>\n","protected":false},"excerpt":{"rendered":"<p>Septiembre supone el comienzo del a\u00f1o para muchos y sin duda Madrid se pone en ebullici\u00f3n con todos los planes a nuestro alcance. Os dejamos nuestra selecci\u00f3n de los 10 planes para hacer en Madrid este fin de semana del 6 al 8 de septiembre \u00a1que lo disfrut\u00e9is! &nbsp; Vuelve el Festival de Ensembles a [&hellip;]<\/p>\n","protected":false},"author":5,"featured_media":31480,"comment_status":"closed","ping_status":"closed","sticky":false,"template":"","format":"standard","meta":{"_acf_changed":false,"footnotes":""},"categories":[1],"tags":[],"category_plan":[],"filter_trans":[],"filter_main":[],"filter_sec":[],"barrios":[],"class_list":["post-31457","post","type-post","status-publish","format-standard","has-post-thumbnail","hentry","category-sin-categorizar"],"acf":[],"yoast_head":"<!-- This site is optimized with the Yoast SEO plugin v26.0 - https:\/\/yoast.com\/wordpress\/plugins\/seo\/ -->\n<title>10 planes para el fin de semana en Madrid | Madrid<\/title>\n<meta name=\"description\" content=\"Septiembre supone el comienzo del a\u00f1o para muchos y sin duda Madrid se pone en ebullici\u00f3n con todos los planes a nuestro alcance. Os dejamos nuestra selecci\u00f3n de los 10 planes para hacer en Madrid este fin de semana del 6 al 8 de agosto \u00a1que lo disfrut\u00e9is!\" \/>\n<meta name=\"robots\" content=\"index, follow, max-snippet:-1, max-image-preview:large, max-video-preview:-1\" \/>\n<link rel=\"canonical\" href=\"https:\/\/guiadelocio.es\/madrid\/10-planes-para-el-fin-de-semana-en-madrid-21\/\" \/>\n<meta property=\"og:locale\" content=\"es_ES\" \/>\n<meta property=\"og:type\" content=\"article\" \/>\n<meta property=\"og:title\" content=\"10 planes para el fin de semana en Madrid | Madrid\" \/>\n<meta property=\"og:description\" content=\"Septiembre supone el comienzo del a\u00f1o para muchos y sin duda Madrid se pone en ebullici\u00f3n con todos los planes a nuestro alcance. Os dejamos nuestra selecci\u00f3n de los 10 planes para hacer en Madrid este fin de semana del 6 al 8 de agosto \u00a1que lo disfrut\u00e9is!\" \/>\n<meta property=\"og:url\" content=\"https:\/\/guiadelocio.es\/madrid\/10-planes-para-el-fin-de-semana-en-madrid-21\/\" \/>\n<meta property=\"og:site_name\" content=\"Madrid\" \/>\n<meta property=\"article:published_time\" content=\"2024-09-05T23:18:17+00:00\" \/>\n<meta property=\"article:modified_time\" content=\"2024-09-06T10:13:10+00:00\" \/>\n<meta property=\"og:image\" content=\"https:\/\/guiadelocio.es\/madrid\/wp-content\/uploads\/sites\/2\/2024\/09\/iStock-1582986993-1.jpg\" \/>\n\t<meta property=\"og:image:width\" content=\"1254\" \/>\n\t<meta property=\"og:image:height\" content=\"836\" \/>\n\t<meta property=\"og:image:type\" content=\"image\/jpeg\" \/>\n<meta name=\"author\" content=\"spons\" \/>\n<meta name=\"twitter:card\" content=\"summary_large_image\" \/>\n<meta name=\"twitter:label1\" content=\"Escrito por\" \/>\n\t<meta name=\"twitter:data1\" content=\"spons\" \/>\n\t<meta name=\"twitter:label2\" content=\"Tiempo de lectura\" \/>\n\t<meta name=\"twitter:data2\" content=\"6 minutos\" \/>\n<script type=\"application\/ld+json\" class=\"yoast-schema-graph\">{\"@context\":\"https:\/\/schema.org\",\"@graph\":[{\"@type\":\"WebPage\",\"@id\":\"https:\/\/guiadelocio.es\/madrid\/10-planes-para-el-fin-de-semana-en-madrid-21\/\",\"url\":\"https:\/\/guiadelocio.es\/madrid\/10-planes-para-el-fin-de-semana-en-madrid-21\/\",\"name\":\"10 planes para el fin de semana en Madrid | Madrid\",\"isPartOf\":{\"@id\":\"https:\/\/guiadelocio.es\/madrid\/#website\"},\"primaryImageOfPage\":{\"@id\":\"https:\/\/guiadelocio.es\/madrid\/10-planes-para-el-fin-de-semana-en-madrid-21\/#primaryimage\"},\"image\":{\"@id\":\"https:\/\/guiadelocio.es\/madrid\/10-planes-para-el-fin-de-semana-en-madrid-21\/#primaryimage\"},\"thumbnailUrl\":\"https:\/\/guiadelocio.es\/madrid\/wp-content\/uploads\/sites\/2\/2024\/09\/iStock-1582986993-1.jpg\",\"datePublished\":\"2024-09-05T23:18:17+00:00\",\"dateModified\":\"2024-09-06T10:13:10+00:00\",\"author\":{\"@id\":\"https:\/\/guiadelocio.es\/madrid\/#\/schema\/person\/8948cef5c81b7b4ad26551a45a2d12d3\"},\"description\":\"Septiembre supone el comienzo del a\u00f1o para muchos y sin duda Madrid se pone en ebullici\u00f3n con todos los planes a nuestro alcance. Os dejamos nuestra selecci\u00f3n de los 10 planes para hacer en Madrid este fin de semana del 6 al 8 de agosto \u00a1que lo disfrut\u00e9is!\",\"breadcrumb\":{\"@id\":\"https:\/\/guiadelocio.es\/madrid\/10-planes-para-el-fin-de-semana-en-madrid-21\/#breadcrumb\"},\"inLanguage\":\"es\",\"potentialAction\":[{\"@type\":\"ReadAction\",\"target\":[\"https:\/\/guiadelocio.es\/madrid\/10-planes-para-el-fin-de-semana-en-madrid-21\/\"]}]},{\"@type\":\"ImageObject\",\"inLanguage\":\"es\",\"@id\":\"https:\/\/guiadelocio.es\/madrid\/10-planes-para-el-fin-de-semana-en-madrid-21\/#primaryimage\",\"url\":\"https:\/\/guiadelocio.es\/madrid\/wp-content\/uploads\/sites\/2\/2024\/09\/iStock-1582986993-1.jpg\",\"contentUrl\":\"https:\/\/guiadelocio.es\/madrid\/wp-content\/uploads\/sites\/2\/2024\/09\/iStock-1582986993-1.jpg\",\"width\":1254,\"height\":836,\"caption\":\"Cityscape of Madrid with Plaza de Cibeles town square on foreground from Comunicaciones Palace building observation desk\"},{\"@type\":\"BreadcrumbList\",\"@id\":\"https:\/\/guiadelocio.es\/madrid\/10-planes-para-el-fin-de-semana-en-madrid-21\/#breadcrumb\",\"itemListElement\":[{\"@type\":\"ListItem\",\"position\":1,\"name\":\"Portada\",\"item\":\"https:\/\/guiadelocio.es\/madrid\/\"},{\"@type\":\"ListItem\",\"position\":2,\"name\":\"10 planes para el fin de semana en Madrid\"}]},{\"@type\":\"WebSite\",\"@id\":\"https:\/\/guiadelocio.es\/madrid\/#website\",\"url\":\"https:\/\/guiadelocio.es\/madrid\/\",\"name\":\"Madrid | Gu\u00eda del Ocio\",\"description\":\"Qu\u00e9 hacer, d\u00f3nde comer, qu\u00e9 visitar y los lugares que no te puedes perder\",\"potentialAction\":[{\"@type\":\"SearchAction\",\"target\":{\"@type\":\"EntryPoint\",\"urlTemplate\":\"https:\/\/guiadelocio.es\/madrid\/?s={search_term_string}\"},\"query-input\":{\"@type\":\"PropertyValueSpecification\",\"valueRequired\":true,\"valueName\":\"search_term_string\"}}],\"inLanguage\":\"es\"},{\"@type\":\"Person\",\"@id\":\"https:\/\/guiadelocio.es\/madrid\/#\/schema\/person\/8948cef5c81b7b4ad26551a45a2d12d3\",\"name\":\"spons\",\"image\":{\"@type\":\"ImageObject\",\"inLanguage\":\"es\",\"@id\":\"https:\/\/guiadelocio.es\/madrid\/#\/schema\/person\/image\/\",\"url\":\"https:\/\/secure.gravatar.com\/avatar\/c3eb00312c63ba7a2ea61f1fc101d93b66984cbac41bc8a3997f9b64644a08c9?s=96&d=mm&r=g\",\"contentUrl\":\"https:\/\/secure.gravatar.com\/avatar\/c3eb00312c63ba7a2ea61f1fc101d93b66984cbac41bc8a3997f9b64644a08c9?s=96&d=mm&r=g\",\"caption\":\"spons\"}}]}<\/script>\n<!-- \/ Yoast SEO plugin. -->","yoast_head_json":{"title":"10 planes para el fin de semana en Madrid | Madrid","description":"Septiembre supone el comienzo del a\u00f1o para muchos y sin duda Madrid se pone en ebullici\u00f3n con todos los planes a nuestro alcance. Os dejamos nuestra selecci\u00f3n de los 10 planes para hacer en Madrid este fin de semana del 6 al 8 de agosto \u00a1que lo disfrut\u00e9is!","robots":{"index":"index","follow":"follow","max-snippet":"max-snippet:-1","max-image-preview":"max-image-preview:large","max-video-preview":"max-video-preview:-1"},"canonical":"https:\/\/guiadelocio.es\/madrid\/10-planes-para-el-fin-de-semana-en-madrid-21\/","og_locale":"es_ES","og_type":"article","og_title":"10 planes para el fin de semana en Madrid | Madrid","og_description":"Septiembre supone el comienzo del a\u00f1o para muchos y sin duda Madrid se pone en ebullici\u00f3n con todos los planes a nuestro alcance. Os dejamos nuestra selecci\u00f3n de los 10 planes para hacer en Madrid este fin de semana del 6 al 8 de agosto \u00a1que lo disfrut\u00e9is!","og_url":"https:\/\/guiadelocio.es\/madrid\/10-planes-para-el-fin-de-semana-en-madrid-21\/","og_site_name":"Madrid","article_published_time":"2024-09-05T23:18:17+00:00","article_modified_time":"2024-09-06T10:13:10+00:00","og_image":[{"width":1254,"height":836,"url":"https:\/\/guiadelocio.es\/madrid\/wp-content\/uploads\/sites\/2\/2024\/09\/iStock-1582986993-1.jpg","type":"image\/jpeg"}],"author":"spons","twitter_card":"summary_large_image","twitter_misc":{"Escrito por":"spons","Tiempo de lectura":"6 minutos"},"schema":{"@context":"https:\/\/schema.org","@graph":[{"@type":"WebPage","@id":"https:\/\/guiadelocio.es\/madrid\/10-planes-para-el-fin-de-semana-en-madrid-21\/","url":"https:\/\/guiadelocio.es\/madrid\/10-planes-para-el-fin-de-semana-en-madrid-21\/","name":"10 planes para el fin de semana en Madrid | Madrid","isPartOf":{"@id":"https:\/\/guiadelocio.es\/madrid\/#website"},"primaryImageOfPage":{"@id":"https:\/\/guiadelocio.es\/madrid\/10-planes-para-el-fin-de-semana-en-madrid-21\/#primaryimage"},"image":{"@id":"https:\/\/guiadelocio.es\/madrid\/10-planes-para-el-fin-de-semana-en-madrid-21\/#primaryimage"},"thumbnailUrl":"https:\/\/guiadelocio.es\/madrid\/wp-content\/uploads\/sites\/2\/2024\/09\/iStock-1582986993-1.jpg","datePublished":"2024-09-05T23:18:17+00:00","dateModified":"2024-09-06T10:13:10+00:00","author":{"@id":"https:\/\/guiadelocio.es\/madrid\/#\/schema\/person\/8948cef5c81b7b4ad26551a45a2d12d3"},"description":"Septiembre supone el comienzo del a\u00f1o para muchos y sin duda Madrid se pone en ebullici\u00f3n con todos los planes a nuestro alcance. Os dejamos nuestra selecci\u00f3n de los 10 planes para hacer en Madrid este fin de semana del 6 al 8 de agosto \u00a1que lo disfrut\u00e9is!","breadcrumb":{"@id":"https:\/\/guiadelocio.es\/madrid\/10-planes-para-el-fin-de-semana-en-madrid-21\/#breadcrumb"},"inLanguage":"es","potentialAction":[{"@type":"ReadAction","target":["https:\/\/guiadelocio.es\/madrid\/10-planes-para-el-fin-de-semana-en-madrid-21\/"]}]},{"@type":"ImageObject","inLanguage":"es","@id":"https:\/\/guiadelocio.es\/madrid\/10-planes-para-el-fin-de-semana-en-madrid-21\/#primaryimage","url":"https:\/\/guiadelocio.es\/madrid\/wp-content\/uploads\/sites\/2\/2024\/09\/iStock-1582986993-1.jpg","contentUrl":"https:\/\/guiadelocio.es\/madrid\/wp-content\/uploads\/sites\/2\/2024\/09\/iStock-1582986993-1.jpg","width":1254,"height":836,"caption":"Cityscape of Madrid with Plaza de Cibeles town square on foreground from Comunicaciones Palace building observation desk"},{"@type":"BreadcrumbList","@id":"https:\/\/guiadelocio.es\/madrid\/10-planes-para-el-fin-de-semana-en-madrid-21\/#breadcrumb","itemListElement":[{"@type":"ListItem","position":1,"name":"Portada","item":"https:\/\/guiadelocio.es\/madrid\/"},{"@type":"ListItem","position":2,"name":"10 planes para el fin de semana en Madrid"}]},{"@type":"WebSite","@id":"https:\/\/guiadelocio.es\/madrid\/#website","url":"https:\/\/guiadelocio.es\/madrid\/","name":"Madrid | Gu\u00eda del Ocio","description":"Qu\u00e9 hacer, d\u00f3nde comer, qu\u00e9 visitar y los lugares que no te puedes perder","potentialAction":[{"@type":"SearchAction","target":{"@type":"EntryPoint","urlTemplate":"https:\/\/guiadelocio.es\/madrid\/?s={search_term_string}"},"query-input":{"@type":"PropertyValueSpecification","valueRequired":true,"valueName":"search_term_string"}}],"inLanguage":"es"},{"@type":"Person","@id":"https:\/\/guiadelocio.es\/madrid\/#\/schema\/person\/8948cef5c81b7b4ad26551a45a2d12d3","name":"spons","image":{"@type":"ImageObject","inLanguage":"es","@id":"https:\/\/guiadelocio.es\/madrid\/#\/schema\/person\/image\/","url":"https:\/\/secure.gravatar.com\/avatar\/c3eb00312c63ba7a2ea61f1fc101d93b66984cbac41bc8a3997f9b64644a08c9?s=96&d=mm&r=g","contentUrl":"https:\/\/secure.gravatar.com\/avatar\/c3eb00312c63ba7a2ea61f1fc101d93b66984cbac41bc8a3997f9b64644a08c9?s=96&d=mm&r=g","caption":"spons"}}]}},"_links":{"self":[{"href":"https:\/\/guiadelocio.es\/madrid\/wp-json\/wp\/v2\/posts\/31457","targetHints":{"allow":["GET"]}}],"collection":[{"href":"https:\/\/guiadelocio.es\/madrid\/wp-json\/wp\/v2\/posts"}],"about":[{"href":"https:\/\/guiadelocio.es\/madrid\/wp-json\/wp\/v2\/types\/post"}],"author":[{"embeddable":true,"href":"https:\/\/guiadelocio.es\/madrid\/wp-json\/wp\/v2\/users\/5"}],"replies":[{"embeddable":true,"href":"https:\/\/guiadelocio.es\/madrid\/wp-json\/wp\/v2\/comments?post=31457"}],"version-history":[{"count":0,"href":"https:\/\/guiadelocio.es\/madrid\/wp-json\/wp\/v2\/posts\/31457\/revisions"}],"wp:featuredmedia":[{"embeddable":true,"href":"https:\/\/guiadelocio.es\/madrid\/wp-json\/wp\/v2\/media\/31480"}],"wp:attachment":[{"href":"https:\/\/guiadelocio.es\/madrid\/wp-json\/wp\/v2\/media?parent=31457"}],"wp:term":[{"taxonomy":"category","embeddable":true,"href":"https:\/\/guiadelocio.es\/madrid\/wp-json\/wp\/v2\/categories?post=31457"},{"taxonomy":"post_tag","embeddable":true,"href":"https:\/\/guiadelocio.es\/madrid\/wp-json\/wp\/v2\/tags?post=31457"},{"taxonomy":"category_plan","embeddable":true,"href":"https:\/\/guiadelocio.es\/madrid\/wp-json\/wp\/v2\/category_plan?post=31457"},{"taxonomy":"filter_trans","embeddable":true,"href":"https:\/\/guiadelocio.es\/madrid\/wp-json\/wp\/v2\/filter_trans?post=31457"},{"taxonomy":"filter_main","embeddable":true,"href":"https:\/\/guiadelocio.es\/madrid\/wp-json\/wp\/v2\/filter_main?post=31457"},{"taxonomy":"filter_sec","embeddable":true,"href":"https:\/\/guiadelocio.es\/madrid\/wp-json\/wp\/v2\/filter_sec?post=31457"},{"taxonomy":"barrios","embeddable":true,"href":"https:\/\/guiadelocio.es\/madrid\/wp-json\/wp\/v2\/barrios?post=31457"}],"curies":[{"name":"wp","href":"https:\/\/api.w.org\/{rel}","templated":true}]}}