{"id":29566,"date":"2024-06-28T11:08:32","date_gmt":"2024-06-28T09:08:32","guid":{"rendered":"https:\/\/guiadelocio.es\/madrid\/?p=29566"},"modified":"2024-06-29T09:12:00","modified_gmt":"2024-06-29T07:12:00","slug":"10-planes-para-el-fin-de-semana-en-madrid-16","status":"publish","type":"post","link":"https:\/\/guiadelocio.es\/madrid\/10-planes-para-el-fin-de-semana-en-madrid-16\/","title":{"rendered":"10 planes para el fin de semana en Madrid"},"content":{"rendered":"<p>Aqu\u00ed os dejamos una vez m\u00e1s nuestra selecci\u00f3n de los 10 planes para hacer en Madrid este fin de semana del 28 al 30 de junio \u00a1que lo disfrut\u00e9is!<\/p>\n<h2 class=\"section-single__title\">El talento joven protagoniza La Sub25 en Madrid R\u00edo<\/h2>\n<p>Vuelve el festival <a href=\"https:\/\/guiadelocio.es\/madrid\/plan\/el-talento-joven-protagoniza-la-sub25-en-madrid-rio\/\" target=\"_blank\" rel=\"noopener\"><span>La Sub25<\/span><\/a> a Madrid R\u00edo con una amplia programaci\u00f3n:\u00a0 43 actividades, que incluyen conciertos, arte, moda, realidad aumentada y talleres.<\/p>\n<p><a href=\"https:\/\/guiadelocio.es\/madrid\/plan\/el-talento-joven-protagoniza-la-sub25-en-madrid-rio\/\" target=\"_blank\" rel=\"noopener\"><img decoding=\"async\" class=\"wp-image-29567 aligncenter\" src=\"https:\/\/guiadelocio.es\/madrid\/wp-content\/uploads\/sites\/2\/2024\/06\/Cartel-La-Sub25-300x106.jpeg\" alt=\"\" width=\"501\" height=\"177\" srcset=\"https:\/\/guiadelocio.es\/madrid\/wp-content\/uploads\/sites\/2\/2024\/06\/Cartel-La-Sub25-300x106.jpeg 300w, https:\/\/guiadelocio.es\/madrid\/wp-content\/uploads\/sites\/2\/2024\/06\/Cartel-La-Sub25-1024x361.jpeg 1024w, https:\/\/guiadelocio.es\/madrid\/wp-content\/uploads\/sites\/2\/2024\/06\/Cartel-La-Sub25-768x271.jpeg 768w, https:\/\/guiadelocio.es\/madrid\/wp-content\/uploads\/sites\/2\/2024\/06\/Cartel-La-Sub25-1536x542.jpeg 1536w, https:\/\/guiadelocio.es\/madrid\/wp-content\/uploads\/sites\/2\/2024\/06\/Cartel-La-Sub25-640x226.jpeg 640w, https:\/\/guiadelocio.es\/madrid\/wp-content\/uploads\/sites\/2\/2024\/06\/Cartel-La-Sub25-266x94.jpeg 266w, https:\/\/guiadelocio.es\/madrid\/wp-content\/uploads\/sites\/2\/2024\/06\/Cartel-La-Sub25.jpeg 1700w\" sizes=\"(max-width: 501px) 100vw, 501px\" \/><\/a><\/p>\n<p>&nbsp;<\/p>\n<h2 class=\"section-single__title\">Break dance en Callao para celebrar su debut en los JJ.OO.<\/h2>\n<p>Xak de la Torre y Ana Furia, b-dancers que representar\u00e1n a Espa\u00f1a en Par\u00eds, deleitar\u00e1n al p\u00fablico con un <a href=\"https:\/\/guiadelocio.es\/madrid\/plan\/break-dance-en-callao-para-celebrar-su-debut-en-los-jj-oo\/\" target=\"_blank\" rel=\"noopener\"><span>show de break dance<\/span><\/a>.<\/p>\n<p><a href=\"https:\/\/guiadelocio.es\/madrid\/plan\/break-dance-en-callao-para-celebrar-su-debut-en-los-jj-oo\/\" target=\"_blank\" rel=\"noopener\"><img decoding=\"async\" class=\"wp-image-29569 aligncenter\" src=\"https:\/\/guiadelocio.es\/madrid\/wp-content\/uploads\/sites\/2\/2024\/06\/Espectaculo-Xak_Miravia-vertical-243x432-1-169x300.png\" alt=\"\" width=\"281\" height=\"499\" srcset=\"https:\/\/guiadelocio.es\/madrid\/wp-content\/uploads\/sites\/2\/2024\/06\/Espectaculo-Xak_Miravia-vertical-243x432-1-169x300.png 169w, https:\/\/guiadelocio.es\/madrid\/wp-content\/uploads\/sites\/2\/2024\/06\/Espectaculo-Xak_Miravia-vertical-243x432-1-113x200.png 113w, https:\/\/guiadelocio.es\/madrid\/wp-content\/uploads\/sites\/2\/2024\/06\/Espectaculo-Xak_Miravia-vertical-243x432-1.png 243w\" sizes=\"(max-width: 281px) 100vw, 281px\" \/><\/a><\/p>\n<p>&nbsp;<\/p>\n<h2 class=\"section-single__title\">Programaci\u00f3n Fiestas del Orgullo LGTBIQ+ 2024<\/h2>\n<p>Del 28 de junio al 7 de julio, Madrid celebra por todo lo alto el <a href=\"https:\/\/guiadelocio.es\/madrid\/programacion-fiestas-del-orgullo-lgtbiq-2024\/\" target=\"_blank\" rel=\"noopener\"><span>Orgullo<\/span><\/a> m\u00e1s grande de Europa.<\/p>\n<p><a href=\"https:\/\/guiadelocio.es\/madrid\/programacion-fiestas-del-orgullo-lgtbiq-2024\/\" target=\"_blank\" rel=\"noopener\"><img decoding=\"async\" class=\" wp-image-29571 aligncenter\" src=\"https:\/\/guiadelocio.es\/madrid\/wp-content\/uploads\/sites\/2\/2024\/06\/manifestacion_2-300x99.jpeg\" alt=\"\" width=\"503\" height=\"166\" srcset=\"https:\/\/guiadelocio.es\/madrid\/wp-content\/uploads\/sites\/2\/2024\/06\/manifestacion_2-300x99.jpeg 300w, https:\/\/guiadelocio.es\/madrid\/wp-content\/uploads\/sites\/2\/2024\/06\/manifestacion_2-1024x338.jpeg 1024w, https:\/\/guiadelocio.es\/madrid\/wp-content\/uploads\/sites\/2\/2024\/06\/manifestacion_2-768x254.jpeg 768w, https:\/\/guiadelocio.es\/madrid\/wp-content\/uploads\/sites\/2\/2024\/06\/manifestacion_2-640x211.jpeg 640w, https:\/\/guiadelocio.es\/madrid\/wp-content\/uploads\/sites\/2\/2024\/06\/manifestacion_2-266x88.jpeg 266w, https:\/\/guiadelocio.es\/madrid\/wp-content\/uploads\/sites\/2\/2024\/06\/manifestacion_2.jpeg 1150w\" sizes=\"(max-width: 503px) 100vw, 503px\" \/><\/a><\/p>\n<p>&nbsp;<\/p>\n<h2 class=\"section-single__title\">Javier de Juan, icono de los 80, expone en Conde Duque<\/h2>\n<p>El\u00a0<a href=\"https:\/\/guiadelocio.es\/madrid\/plan\/centro-cultural-conde-duque\/\" target=\"_blank\" rel=\"noopener\"><span>Conde Duque<\/span><\/a>\u00a0acoge la exposici\u00f3n\u00a0<a href=\"https:\/\/guiadelocio.es\/madrid\/plan\/javier-de-juan-icono-de-los-80-expone-en-conde-duque\/\" target=\"_blank\" rel=\"noopener\"><em>Cada vez que miras<\/em><\/a>, un proyecto del artista Javier de Juan, figura ic\u00f3nica de los a\u00f1os 80 y de la movida madrile\u00f1a, dise\u00f1ado exclusivamente para la Sala Sur de exposiciones de este centro.<\/p>\n<p><a href=\"https:\/\/guiadelocio.es\/madrid\/plan\/javier-de-juan-icono-de-los-80-expone-en-conde-duque\/\" target=\"_blank\" rel=\"noopener\"><img decoding=\"async\" class=\" wp-image-29573 aligncenter\" src=\"https:\/\/guiadelocio.es\/madrid\/wp-content\/uploads\/sites\/2\/2024\/06\/240620MJB_Ayt0017-1500x1000-1-1380x920-1-300x200.jpeg\" alt=\"\" width=\"500\" height=\"333\" srcset=\"https:\/\/guiadelocio.es\/madrid\/wp-content\/uploads\/sites\/2\/2024\/06\/240620MJB_Ayt0017-1500x1000-1-1380x920-1-300x200.jpeg 300w, https:\/\/guiadelocio.es\/madrid\/wp-content\/uploads\/sites\/2\/2024\/06\/240620MJB_Ayt0017-1500x1000-1-1380x920-1-1024x683.jpeg 1024w, https:\/\/guiadelocio.es\/madrid\/wp-content\/uploads\/sites\/2\/2024\/06\/240620MJB_Ayt0017-1500x1000-1-1380x920-1-768x512.jpeg 768w, https:\/\/guiadelocio.es\/madrid\/wp-content\/uploads\/sites\/2\/2024\/06\/240620MJB_Ayt0017-1500x1000-1-1380x920-1-640x427.jpeg 640w, https:\/\/guiadelocio.es\/madrid\/wp-content\/uploads\/sites\/2\/2024\/06\/240620MJB_Ayt0017-1500x1000-1-1380x920-1-266x177.jpeg 266w, https:\/\/guiadelocio.es\/madrid\/wp-content\/uploads\/sites\/2\/2024\/06\/240620MJB_Ayt0017-1500x1000-1-1380x920-1.jpeg 1380w\" sizes=\"(max-width: 500px) 100vw, 500px\" \/><\/a><\/p>\n<p>&nbsp;<\/p>\n<h2 class=\"section-single__title\">Talent Lab expone las promesas de la moda en El Retiro<\/h2>\n<p>El Centro Superior de Dise\u00f1o de Moda de Madrid de la Universidad Polit\u00e9cnica de Madrid (CSDMM-UPM) inaugura la exposici\u00f3n<strong>\u00a0<a href=\"https:\/\/guiadelocio.es\/madrid\/plan\/talent-lab-expone-las-promesas-de-la-moda-en-el-retiro\/\" target=\"_blank\" rel=\"noopener\">\u201cTALENT LAB \u2013 Fashion Students Showcases 2024\u201d<\/a><\/strong>. Un recorrido expositivo que pone en valor el talento de las futuras promesas de la moda. Esta tercera edici\u00f3n podr\u00e1 disfrutarse desde el 21 de junio hasta el 21 de julio en el El Retiro, en la\u00a0<a href=\"https:\/\/guiadelocio.es\/madrid\/plan\/esta-es-la-preciosa-y-acristalada-biblioteca-oculta-en-el-retiro\/\" target=\"_blank\" rel=\"noopener\"><span>Biblioteca Municipal Eugenio Tr\u00edas<\/span><\/a>.<\/p>\n<p><a href=\"https:\/\/guiadelocio.es\/madrid\/plan\/talent-lab-expone-las-promesas-de-la-moda-en-el-retiro\/\" target=\"_blank\" rel=\"noopener\"><img decoding=\"async\" class=\" wp-image-29575 aligncenter\" src=\"https:\/\/guiadelocio.es\/madrid\/wp-content\/uploads\/sites\/2\/2024\/06\/TALENT-LAB-2-1197x920-1-300x231.jpeg\" alt=\"\" width=\"500\" height=\"385\" srcset=\"https:\/\/guiadelocio.es\/madrid\/wp-content\/uploads\/sites\/2\/2024\/06\/TALENT-LAB-2-1197x920-1-300x231.jpeg 300w, https:\/\/guiadelocio.es\/madrid\/wp-content\/uploads\/sites\/2\/2024\/06\/TALENT-LAB-2-1197x920-1-1024x787.jpeg 1024w, https:\/\/guiadelocio.es\/madrid\/wp-content\/uploads\/sites\/2\/2024\/06\/TALENT-LAB-2-1197x920-1-768x590.jpeg 768w, https:\/\/guiadelocio.es\/madrid\/wp-content\/uploads\/sites\/2\/2024\/06\/TALENT-LAB-2-1197x920-1-562x432.jpeg 562w, https:\/\/guiadelocio.es\/madrid\/wp-content\/uploads\/sites\/2\/2024\/06\/TALENT-LAB-2-1197x920-1-260x200.jpeg 260w, https:\/\/guiadelocio.es\/madrid\/wp-content\/uploads\/sites\/2\/2024\/06\/TALENT-LAB-2-1197x920-1.jpeg 1197w\" sizes=\"(max-width: 500px) 100vw, 500px\" \/><\/a><\/p>\n<p>&nbsp;<\/p>\n<h2 class=\"section-single__title\">Cibeles de Cine<\/h2>\n<p><a href=\"https:\/\/guiadelocio.es\/madrid\/plan\/cibeles-de-cine\/\" target=\"_blank\" rel=\"noopener\">Cibeles de Cine<\/a>, uno de los cines de verano de referencia\u00a0de los madrile\u00f1os, celebrar\u00e1 su novena edici\u00f3n del\u00a027 de junio al 12 de septiembre\u00a0en la Galer\u00eda de Cristal de\u00a0<a href=\"https:\/\/guiadelocio.es\/madrid\/plan\/palacio-de-cibeles-centrocentro\/\" target=\"_blank\" rel=\"noopener\"><span>CentroCentro<\/span><\/a>, espacio del \u00c1rea de Cultura, Turismo y Deporte del Ayuntamiento de Madrid.<\/p>\n<p><a href=\"https:\/\/guiadelocio.es\/madrid\/plan\/cibeles-de-cine\/\" target=\"_blank\" rel=\"noopener\"><img decoding=\"async\" class=\" wp-image-29577 aligncenter\" src=\"https:\/\/guiadelocio.es\/madrid\/wp-content\/uploads\/sites\/2\/2024\/06\/CIBELES-CINE_00058-640x427-1-300x200.jpeg\" alt=\"\" width=\"500\" height=\"333\" srcset=\"https:\/\/guiadelocio.es\/madrid\/wp-content\/uploads\/sites\/2\/2024\/06\/CIBELES-CINE_00058-640x427-1-300x200.jpeg 300w, https:\/\/guiadelocio.es\/madrid\/wp-content\/uploads\/sites\/2\/2024\/06\/CIBELES-CINE_00058-640x427-1-266x177.jpeg 266w, https:\/\/guiadelocio.es\/madrid\/wp-content\/uploads\/sites\/2\/2024\/06\/CIBELES-CINE_00058-640x427-1.jpeg 640w\" sizes=\"(max-width: 500px) 100vw, 500px\" \/><\/a><\/p>\n<p>&nbsp;<\/p>\n<h2 class=\"section-single__title\">1a Carrera Solidaria Madrid con la ELA<\/h2>\n<p>\u00bfUna <a href=\"https:\/\/www.carreramadridconlaela.es\/\" target=\"_blank\" rel=\"noopener\"><span>\u00faltima carrera<\/span><\/a> en Madrid antes de las vacaciones? \u00a1Todos contra la ELA! El domingo 30 de junio vamos a correr por todos los afectados de la ELA y sus familiares.<\/p>\n<p><a href=\"https:\/\/guiadelocio.es\/madrid\/plan\/1a-carrera-solidaria-madrid-con-la-ela\/\" target=\"_blank\" rel=\"noopener\"><img decoding=\"async\" class=\" wp-image-29579 aligncenter\" src=\"https:\/\/guiadelocio.es\/madrid\/wp-content\/uploads\/sites\/2\/2024\/06\/logo-ela-600-1-300x179.png\" alt=\"\" width=\"503\" height=\"300\" srcset=\"https:\/\/guiadelocio.es\/madrid\/wp-content\/uploads\/sites\/2\/2024\/06\/logo-ela-600-1-300x179.png 300w, https:\/\/guiadelocio.es\/madrid\/wp-content\/uploads\/sites\/2\/2024\/06\/logo-ela-600-1-266x158.png 266w, https:\/\/guiadelocio.es\/madrid\/wp-content\/uploads\/sites\/2\/2024\/06\/logo-ela-600-1.png 600w\" sizes=\"(max-width: 503px) 100vw, 503px\" \/><\/a><\/p>\n<p>&nbsp;<\/p>\n<h2 class=\"section-single__title\">Sala Berlanga presenta: Programado por Pilar Palomero. Las pel\u00edculas que inspiraron a la cineasta<\/h2>\n<p>La\u00a0Fundaci\u00f3n SGAE\u00a0presenta\u00a0<a href=\"https:\/\/guiadelocio.es\/madrid\/sala-berlanga-presenta-programado-por-pilar-palomero-las-peliculas-que-inspiraron-a-la-cineasta\/\" target=\"_blank\" rel=\"noopener\"><span>\u00abProgramado por\u2026 Pilar Palomero\u00bb<\/span><\/a>, un fascinante ciclo cinematogr\u00e1fico que ofrece una mirada \u00fanica al mundo del cine a trav\u00e9s de la perspectiva de la destacada cineasta espa\u00f1ola\u00a0Pilar Palomero. En este evento especial, Palomero compartir\u00e1 con el p\u00fablico cinco pel\u00edculas que han dejado una marca indeleble en su carrera y que han moldeado su visi\u00f3n art\u00edstica.<\/p>\n<p><a href=\"https:\/\/guiadelocio.es\/madrid\/sala-berlanga-presenta-programado-por-pilar-palomero-las-peliculas-que-inspiraron-a-la-cineasta\/\" target=\"_blank\" rel=\"noopener\"><img decoding=\"async\" class=\" wp-image-29581 aligncenter\" src=\"https:\/\/guiadelocio.es\/madrid\/wp-content\/uploads\/sites\/2\/2024\/06\/PILAR-PALOMERO-2-\u00a9Alberto-Ortega-cortesia-de-la-Academia-de-Cine-608x920-1-198x300.jpeg\" alt=\"\" width=\"330\" height=\"500\" srcset=\"https:\/\/guiadelocio.es\/madrid\/wp-content\/uploads\/sites\/2\/2024\/06\/PILAR-PALOMERO-2-\u00a9Alberto-Ortega-cortesia-de-la-Academia-de-Cine-608x920-1-198x300.jpeg 198w, https:\/\/guiadelocio.es\/madrid\/wp-content\/uploads\/sites\/2\/2024\/06\/PILAR-PALOMERO-2-\u00a9Alberto-Ortega-cortesia-de-la-Academia-de-Cine-608x920-1-285x432.jpeg 285w, https:\/\/guiadelocio.es\/madrid\/wp-content\/uploads\/sites\/2\/2024\/06\/PILAR-PALOMERO-2-\u00a9Alberto-Ortega-cortesia-de-la-Academia-de-Cine-608x920-1-132x200.jpeg 132w, https:\/\/guiadelocio.es\/madrid\/wp-content\/uploads\/sites\/2\/2024\/06\/PILAR-PALOMERO-2-\u00a9Alberto-Ortega-cortesia-de-la-Academia-de-Cine-608x920-1.jpeg 608w\" sizes=\"(max-width: 330px) 100vw, 330px\" \/><\/a><\/p>\n<p>&nbsp;<\/p>\n<h2 class=\"section-single__title\">Cl\u00e1sicos en Alcal\u00e1 2024<\/h2>\n<p>Esta XXIII edici\u00f3n del <a href=\"https:\/\/guiadelocio.es\/madrid\/plan\/clasicos-en-alcala-2024-todo-lo-que-necesitas-saber\/\" target=\"_blank\" rel=\"noopener\"><span>Festival Iberoamericano del Siglo de Oro<\/span><\/a>, organizado por la Comunidad de Madrid y el Ayuntamiento de Alcal\u00e1 de Henares, incluye 16 estrenos absolutos y ampl\u00eda la programaci\u00f3n gratuita de calle.<\/p>\n<p><a href=\"https:\/\/guiadelocio.es\/madrid\/plan\/clasicos-en-alcala-2024-todo-lo-que-necesitas-saber\/\" target=\"_blank\" rel=\"noopener\"><img decoding=\"async\" class=\" wp-image-29583 aligncenter\" src=\"https:\/\/guiadelocio.es\/madrid\/wp-content\/uploads\/sites\/2\/2024\/06\/bambolea-300x200-1.webp\" alt=\"\" width=\"503\" height=\"335\" srcset=\"https:\/\/guiadelocio.es\/madrid\/wp-content\/uploads\/sites\/2\/2024\/06\/bambolea-300x200-1.webp 300w, https:\/\/guiadelocio.es\/madrid\/wp-content\/uploads\/sites\/2\/2024\/06\/bambolea-300x200-1-266x177.webp 266w\" sizes=\"(max-width: 503px) 100vw, 503px\" \/><\/a><\/p>\n<p>&nbsp;<\/p>\n<h2 class=\"section-single__title\">Disfruta del Festival de M\u00e9rida 2024: teatro cl\u00e1sico, danza y \u00f3pera en su 70\u00aa edici\u00f3n<\/h2>\n<p>El\u00a0<a href=\"https:\/\/guiadelocio.es\/madrid\/disfruta-del-festival-de-merida-2024-teatro-clasico-danza-y-opera-en-su-70a-edicion\/\" target=\"_blank\" rel=\"noopener\"><strong>Festival de M\u00e9rida<\/strong><\/a>\u00a0est\u00e1 a punto de volver a hacer vibrar las piedras de la ciudad con su\u00a070\u00aa Edici\u00f3n. Y claro, como buenos adictos a las tablas, no podemos perd\u00e9rnoslo por nada del mundo.<\/p>\n<p><a href=\"https:\/\/guiadelocio.es\/madrid\/disfruta-del-festival-de-merida-2024-teatro-clasico-danza-y-opera-en-su-70a-edicion\/\" target=\"_blank\" rel=\"noopener\"><img decoding=\"async\" class=\" wp-image-29585 aligncenter\" src=\"https:\/\/guiadelocio.es\/madrid\/wp-content\/uploads\/sites\/2\/2024\/06\/Fes-1-03-280723-640x335-1-300x157.webp\" alt=\"\" width=\"501\" height=\"262\" srcset=\"https:\/\/guiadelocio.es\/madrid\/wp-content\/uploads\/sites\/2\/2024\/06\/Fes-1-03-280723-640x335-1-300x157.webp 300w, https:\/\/guiadelocio.es\/madrid\/wp-content\/uploads\/sites\/2\/2024\/06\/Fes-1-03-280723-640x335-1-266x139.webp 266w, https:\/\/guiadelocio.es\/madrid\/wp-content\/uploads\/sites\/2\/2024\/06\/Fes-1-03-280723-640x335-1.webp 640w\" sizes=\"(max-width: 501px) 100vw, 501px\" \/><\/a><\/p>\n","protected":false},"excerpt":{"rendered":"<p>Aqu\u00ed os dejamos una vez m\u00e1s nuestra selecci\u00f3n de los 10 planes para hacer en Madrid este fin de semana del 28 al 30 de junio \u00a1que lo disfrut\u00e9is! El talento joven protagoniza La Sub25 en Madrid R\u00edo Vuelve el festival La Sub25 a Madrid R\u00edo con una amplia programaci\u00f3n:\u00a0 43 actividades, que incluyen conciertos, [&hellip;]<\/p>\n","protected":false},"author":5,"featured_media":29589,"comment_status":"closed","ping_status":"closed","sticky":false,"template":"","format":"standard","meta":{"_acf_changed":false,"footnotes":""},"categories":[1],"tags":[],"category_plan":[2],"filter_trans":[],"filter_main":[],"filter_sec":[],"barrios":[],"class_list":["post-29566","post","type-post","status-publish","format-standard","has-post-thumbnail","hentry","category-sin-categorizar"],"acf":[],"yoast_head":"<!-- This site is optimized with the Yoast SEO plugin v26.0 - https:\/\/yoast.com\/wordpress\/plugins\/seo\/ -->\n<title>10 planes para el fin de semana en Madrid | Madrid<\/title>\n<meta name=\"description\" content=\"Aqu\u00ed os dejamos una vez m\u00e1s nuestra selecci\u00f3n de los 10 planes para hacer en Madrid este fin de semana del 28 al 30 de junio, el primero del verano \u00a1Que lo disfrut\u00e9is!\" \/>\n<meta name=\"robots\" content=\"index, follow, max-snippet:-1, max-image-preview:large, max-video-preview:-1\" \/>\n<link rel=\"canonical\" href=\"https:\/\/guiadelocio.es\/madrid\/10-planes-para-el-fin-de-semana-en-madrid-16\/\" \/>\n<meta property=\"og:locale\" content=\"es_ES\" \/>\n<meta property=\"og:type\" content=\"article\" \/>\n<meta property=\"og:title\" content=\"10 planes para el fin de semana en Madrid | Madrid\" \/>\n<meta property=\"og:description\" content=\"Aqu\u00ed os dejamos una vez m\u00e1s nuestra selecci\u00f3n de los 10 planes para hacer en Madrid este fin de semana del 28 al 30 de junio, el primero del verano \u00a1Que lo disfrut\u00e9is!\" \/>\n<meta property=\"og:url\" content=\"https:\/\/guiadelocio.es\/madrid\/10-planes-para-el-fin-de-semana-en-madrid-16\/\" \/>\n<meta property=\"og:site_name\" content=\"Madrid\" \/>\n<meta property=\"article:published_time\" content=\"2024-06-28T09:08:32+00:00\" \/>\n<meta property=\"article:modified_time\" content=\"2024-06-29T07:12:00+00:00\" \/>\n<meta property=\"og:image\" content=\"https:\/\/guiadelocio.es\/madrid\/wp-content\/uploads\/sites\/2\/2024\/06\/iStock-1648677647.jpg\" \/>\n\t<meta property=\"og:image:width\" content=\"1718\" \/>\n\t<meta property=\"og:image:height\" content=\"611\" \/>\n\t<meta property=\"og:image:type\" content=\"image\/jpeg\" \/>\n<meta name=\"author\" content=\"spons\" \/>\n<meta name=\"twitter:card\" content=\"summary_large_image\" \/>\n<meta name=\"twitter:label1\" content=\"Escrito por\" \/>\n\t<meta name=\"twitter:data1\" content=\"spons\" \/>\n\t<meta name=\"twitter:label2\" content=\"Tiempo de lectura\" \/>\n\t<meta name=\"twitter:data2\" content=\"5 minutos\" \/>\n<script type=\"application\/ld+json\" class=\"yoast-schema-graph\">{\"@context\":\"https:\/\/schema.org\",\"@graph\":[{\"@type\":\"WebPage\",\"@id\":\"https:\/\/guiadelocio.es\/madrid\/10-planes-para-el-fin-de-semana-en-madrid-16\/\",\"url\":\"https:\/\/guiadelocio.es\/madrid\/10-planes-para-el-fin-de-semana-en-madrid-16\/\",\"name\":\"10 planes para el fin de semana en Madrid | Madrid\",\"isPartOf\":{\"@id\":\"https:\/\/guiadelocio.es\/madrid\/#website\"},\"primaryImageOfPage\":{\"@id\":\"https:\/\/guiadelocio.es\/madrid\/10-planes-para-el-fin-de-semana-en-madrid-16\/#primaryimage\"},\"image\":{\"@id\":\"https:\/\/guiadelocio.es\/madrid\/10-planes-para-el-fin-de-semana-en-madrid-16\/#primaryimage\"},\"thumbnailUrl\":\"https:\/\/guiadelocio.es\/madrid\/wp-content\/uploads\/sites\/2\/2024\/06\/iStock-1648677647.jpg\",\"datePublished\":\"2024-06-28T09:08:32+00:00\",\"dateModified\":\"2024-06-29T07:12:00+00:00\",\"author\":{\"@id\":\"https:\/\/guiadelocio.es\/madrid\/#\/schema\/person\/8948cef5c81b7b4ad26551a45a2d12d3\"},\"description\":\"Aqu\u00ed os dejamos una vez m\u00e1s nuestra selecci\u00f3n de los 10 planes para hacer en Madrid este fin de semana del 28 al 30 de junio, el primero del verano \u00a1Que lo disfrut\u00e9is!\",\"breadcrumb\":{\"@id\":\"https:\/\/guiadelocio.es\/madrid\/10-planes-para-el-fin-de-semana-en-madrid-16\/#breadcrumb\"},\"inLanguage\":\"es\",\"potentialAction\":[{\"@type\":\"ReadAction\",\"target\":[\"https:\/\/guiadelocio.es\/madrid\/10-planes-para-el-fin-de-semana-en-madrid-16\/\"]}]},{\"@type\":\"ImageObject\",\"inLanguage\":\"es\",\"@id\":\"https:\/\/guiadelocio.es\/madrid\/10-planes-para-el-fin-de-semana-en-madrid-16\/#primaryimage\",\"url\":\"https:\/\/guiadelocio.es\/madrid\/wp-content\/uploads\/sites\/2\/2024\/06\/iStock-1648677647.jpg\",\"contentUrl\":\"https:\/\/guiadelocio.es\/madrid\/wp-content\/uploads\/sites\/2\/2024\/06\/iStock-1648677647.jpg\",\"width\":1718,\"height\":611,\"caption\":\"Aerial panoramic view of Parque El Retiro in Madrid, Spain at a golden hour sunrise\"},{\"@type\":\"BreadcrumbList\",\"@id\":\"https:\/\/guiadelocio.es\/madrid\/10-planes-para-el-fin-de-semana-en-madrid-16\/#breadcrumb\",\"itemListElement\":[{\"@type\":\"ListItem\",\"position\":1,\"name\":\"Portada\",\"item\":\"https:\/\/guiadelocio.es\/madrid\/\"},{\"@type\":\"ListItem\",\"position\":2,\"name\":\"10 planes para el fin de semana en Madrid\"}]},{\"@type\":\"WebSite\",\"@id\":\"https:\/\/guiadelocio.es\/madrid\/#website\",\"url\":\"https:\/\/guiadelocio.es\/madrid\/\",\"name\":\"Madrid | Gu\u00eda del Ocio\",\"description\":\"Qu\u00e9 hacer, d\u00f3nde comer, qu\u00e9 visitar y los lugares que no te puedes perder\",\"potentialAction\":[{\"@type\":\"SearchAction\",\"target\":{\"@type\":\"EntryPoint\",\"urlTemplate\":\"https:\/\/guiadelocio.es\/madrid\/?s={search_term_string}\"},\"query-input\":{\"@type\":\"PropertyValueSpecification\",\"valueRequired\":true,\"valueName\":\"search_term_string\"}}],\"inLanguage\":\"es\"},{\"@type\":\"Person\",\"@id\":\"https:\/\/guiadelocio.es\/madrid\/#\/schema\/person\/8948cef5c81b7b4ad26551a45a2d12d3\",\"name\":\"spons\",\"image\":{\"@type\":\"ImageObject\",\"inLanguage\":\"es\",\"@id\":\"https:\/\/guiadelocio.es\/madrid\/#\/schema\/person\/image\/\",\"url\":\"https:\/\/secure.gravatar.com\/avatar\/c3eb00312c63ba7a2ea61f1fc101d93b66984cbac41bc8a3997f9b64644a08c9?s=96&d=mm&r=g\",\"contentUrl\":\"https:\/\/secure.gravatar.com\/avatar\/c3eb00312c63ba7a2ea61f1fc101d93b66984cbac41bc8a3997f9b64644a08c9?s=96&d=mm&r=g\",\"caption\":\"spons\"}}]}<\/script>\n<!-- \/ Yoast SEO plugin. -->","yoast_head_json":{"title":"10 planes para el fin de semana en Madrid | Madrid","description":"Aqu\u00ed os dejamos una vez m\u00e1s nuestra selecci\u00f3n de los 10 planes para hacer en Madrid este fin de semana del 28 al 30 de junio, el primero del verano \u00a1Que lo disfrut\u00e9is!","robots":{"index":"index","follow":"follow","max-snippet":"max-snippet:-1","max-image-preview":"max-image-preview:large","max-video-preview":"max-video-preview:-1"},"canonical":"https:\/\/guiadelocio.es\/madrid\/10-planes-para-el-fin-de-semana-en-madrid-16\/","og_locale":"es_ES","og_type":"article","og_title":"10 planes para el fin de semana en Madrid | Madrid","og_description":"Aqu\u00ed os dejamos una vez m\u00e1s nuestra selecci\u00f3n de los 10 planes para hacer en Madrid este fin de semana del 28 al 30 de junio, el primero del verano \u00a1Que lo disfrut\u00e9is!","og_url":"https:\/\/guiadelocio.es\/madrid\/10-planes-para-el-fin-de-semana-en-madrid-16\/","og_site_name":"Madrid","article_published_time":"2024-06-28T09:08:32+00:00","article_modified_time":"2024-06-29T07:12:00+00:00","og_image":[{"width":1718,"height":611,"url":"https:\/\/guiadelocio.es\/madrid\/wp-content\/uploads\/sites\/2\/2024\/06\/iStock-1648677647.jpg","type":"image\/jpeg"}],"author":"spons","twitter_card":"summary_large_image","twitter_misc":{"Escrito por":"spons","Tiempo de lectura":"5 minutos"},"schema":{"@context":"https:\/\/schema.org","@graph":[{"@type":"WebPage","@id":"https:\/\/guiadelocio.es\/madrid\/10-planes-para-el-fin-de-semana-en-madrid-16\/","url":"https:\/\/guiadelocio.es\/madrid\/10-planes-para-el-fin-de-semana-en-madrid-16\/","name":"10 planes para el fin de semana en Madrid | Madrid","isPartOf":{"@id":"https:\/\/guiadelocio.es\/madrid\/#website"},"primaryImageOfPage":{"@id":"https:\/\/guiadelocio.es\/madrid\/10-planes-para-el-fin-de-semana-en-madrid-16\/#primaryimage"},"image":{"@id":"https:\/\/guiadelocio.es\/madrid\/10-planes-para-el-fin-de-semana-en-madrid-16\/#primaryimage"},"thumbnailUrl":"https:\/\/guiadelocio.es\/madrid\/wp-content\/uploads\/sites\/2\/2024\/06\/iStock-1648677647.jpg","datePublished":"2024-06-28T09:08:32+00:00","dateModified":"2024-06-29T07:12:00+00:00","author":{"@id":"https:\/\/guiadelocio.es\/madrid\/#\/schema\/person\/8948cef5c81b7b4ad26551a45a2d12d3"},"description":"Aqu\u00ed os dejamos una vez m\u00e1s nuestra selecci\u00f3n de los 10 planes para hacer en Madrid este fin de semana del 28 al 30 de junio, el primero del verano \u00a1Que lo disfrut\u00e9is!","breadcrumb":{"@id":"https:\/\/guiadelocio.es\/madrid\/10-planes-para-el-fin-de-semana-en-madrid-16\/#breadcrumb"},"inLanguage":"es","potentialAction":[{"@type":"ReadAction","target":["https:\/\/guiadelocio.es\/madrid\/10-planes-para-el-fin-de-semana-en-madrid-16\/"]}]},{"@type":"ImageObject","inLanguage":"es","@id":"https:\/\/guiadelocio.es\/madrid\/10-planes-para-el-fin-de-semana-en-madrid-16\/#primaryimage","url":"https:\/\/guiadelocio.es\/madrid\/wp-content\/uploads\/sites\/2\/2024\/06\/iStock-1648677647.jpg","contentUrl":"https:\/\/guiadelocio.es\/madrid\/wp-content\/uploads\/sites\/2\/2024\/06\/iStock-1648677647.jpg","width":1718,"height":611,"caption":"Aerial panoramic view of Parque El Retiro in Madrid, Spain at a golden hour sunrise"},{"@type":"BreadcrumbList","@id":"https:\/\/guiadelocio.es\/madrid\/10-planes-para-el-fin-de-semana-en-madrid-16\/#breadcrumb","itemListElement":[{"@type":"ListItem","position":1,"name":"Portada","item":"https:\/\/guiadelocio.es\/madrid\/"},{"@type":"ListItem","position":2,"name":"10 planes para el fin de semana en Madrid"}]},{"@type":"WebSite","@id":"https:\/\/guiadelocio.es\/madrid\/#website","url":"https:\/\/guiadelocio.es\/madrid\/","name":"Madrid | Gu\u00eda del Ocio","description":"Qu\u00e9 hacer, d\u00f3nde comer, qu\u00e9 visitar y los lugares que no te puedes perder","potentialAction":[{"@type":"SearchAction","target":{"@type":"EntryPoint","urlTemplate":"https:\/\/guiadelocio.es\/madrid\/?s={search_term_string}"},"query-input":{"@type":"PropertyValueSpecification","valueRequired":true,"valueName":"search_term_string"}}],"inLanguage":"es"},{"@type":"Person","@id":"https:\/\/guiadelocio.es\/madrid\/#\/schema\/person\/8948cef5c81b7b4ad26551a45a2d12d3","name":"spons","image":{"@type":"ImageObject","inLanguage":"es","@id":"https:\/\/guiadelocio.es\/madrid\/#\/schema\/person\/image\/","url":"https:\/\/secure.gravatar.com\/avatar\/c3eb00312c63ba7a2ea61f1fc101d93b66984cbac41bc8a3997f9b64644a08c9?s=96&d=mm&r=g","contentUrl":"https:\/\/secure.gravatar.com\/avatar\/c3eb00312c63ba7a2ea61f1fc101d93b66984cbac41bc8a3997f9b64644a08c9?s=96&d=mm&r=g","caption":"spons"}}]}},"_links":{"self":[{"href":"https:\/\/guiadelocio.es\/madrid\/wp-json\/wp\/v2\/posts\/29566","targetHints":{"allow":["GET"]}}],"collection":[{"href":"https:\/\/guiadelocio.es\/madrid\/wp-json\/wp\/v2\/posts"}],"about":[{"href":"https:\/\/guiadelocio.es\/madrid\/wp-json\/wp\/v2\/types\/post"}],"author":[{"embeddable":true,"href":"https:\/\/guiadelocio.es\/madrid\/wp-json\/wp\/v2\/users\/5"}],"replies":[{"embeddable":true,"href":"https:\/\/guiadelocio.es\/madrid\/wp-json\/wp\/v2\/comments?post=29566"}],"version-history":[{"count":0,"href":"https:\/\/guiadelocio.es\/madrid\/wp-json\/wp\/v2\/posts\/29566\/revisions"}],"wp:featuredmedia":[{"embeddable":true,"href":"https:\/\/guiadelocio.es\/madrid\/wp-json\/wp\/v2\/media\/29589"}],"wp:attachment":[{"href":"https:\/\/guiadelocio.es\/madrid\/wp-json\/wp\/v2\/media?parent=29566"}],"wp:term":[{"taxonomy":"category","embeddable":true,"href":"https:\/\/guiadelocio.es\/madrid\/wp-json\/wp\/v2\/categories?post=29566"},{"taxonomy":"post_tag","embeddable":true,"href":"https:\/\/guiadelocio.es\/madrid\/wp-json\/wp\/v2\/tags?post=29566"},{"taxonomy":"category_plan","embeddable":true,"href":"https:\/\/guiadelocio.es\/madrid\/wp-json\/wp\/v2\/category_plan?post=29566"},{"taxonomy":"filter_trans","embeddable":true,"href":"https:\/\/guiadelocio.es\/madrid\/wp-json\/wp\/v2\/filter_trans?post=29566"},{"taxonomy":"filter_main","embeddable":true,"href":"https:\/\/guiadelocio.es\/madrid\/wp-json\/wp\/v2\/filter_main?post=29566"},{"taxonomy":"filter_sec","embeddable":true,"href":"https:\/\/guiadelocio.es\/madrid\/wp-json\/wp\/v2\/filter_sec?post=29566"},{"taxonomy":"barrios","embeddable":true,"href":"https:\/\/guiadelocio.es\/madrid\/wp-json\/wp\/v2\/barrios?post=29566"}],"curies":[{"name":"wp","href":"https:\/\/api.w.org\/{rel}","templated":true}]}}