{"id":29389,"date":"2024-06-24T19:20:59","date_gmt":"2024-06-24T17:20:59","guid":{"rendered":"https:\/\/guiadelocio.es\/madrid\/?p=29389"},"modified":"2024-06-25T17:40:30","modified_gmt":"2024-06-25T15:40:30","slug":"la-atlantida-chamber-orchestra-presenta-fantasia-coral","status":"publish","type":"post","link":"https:\/\/guiadelocio.es\/madrid\/la-atlantida-chamber-orchestra-presenta-fantasia-coral\/","title":{"rendered":"La Atl\u00e1ntida Chamber Orchestra presenta \u00abFantas\u00eda Coral\u00bb"},"content":{"rendered":"<div class=\"flex flex-grow flex-col max-w-full\">\n<div class=\"min-h-[20px] text-message flex flex-col items-start whitespace-pre-wrap break-words [.text-message+&amp;]:mt-5 juice:w-full juice:items-end overflow-x-auto gap-2\" dir=\"auto\" data-message-author-role=\"assistant\" data-message-id=\"f2f7dbca-8c30-445b-b44f-22c2a4972a2e\">\n<div class=\"flex w-full flex-col gap-1 juice:empty:hidden juice:first:pt-[3px]\">\n<div class=\"markdown prose w-full break-words dark:prose-invert light\">\n<p>El pr\u00f3ximo jueves, <strong>27 de junio, a las 19:30h<\/strong>, la Sala Sinf\u00f3nica del <strong><a href=\"https:\/\/guiadelocio.es\/madrid\/plan\/auditorio-nacional-de-musica\/\" target=\"_blank\" rel=\"noopener\"><span>Auditorio Nacional de M\u00fasica de Madrid<\/span><\/a><\/strong> ser\u00e1 testigo de un evento excepcional: el concierto sinf\u00f3nico<strong> \u00abFantas\u00eda Coral\u00bb<\/strong>.<\/p>\n<p>La <strong>Atl\u00e1ntida Chamber Orchestra<\/strong>, bajo la direcci\u00f3n del reconocido<strong> Manuel T\u00e9var,<\/strong> promete una noche inolvidable con la participaci\u00f3n de grandes m\u00fasicos y coros.<\/p>\n<p><img decoding=\"async\" class=\"wp-image-29394 aligncenter\" src=\"https:\/\/guiadelocio.es\/madrid\/wp-content\/uploads\/sites\/2\/2024\/06\/atlantida-PRESS-KIT-1-300x200.jpg\" alt=\"\" width=\"662\" height=\"441\" srcset=\"https:\/\/guiadelocio.es\/madrid\/wp-content\/uploads\/sites\/2\/2024\/06\/atlantida-PRESS-KIT-1-300x200.jpg 300w, https:\/\/guiadelocio.es\/madrid\/wp-content\/uploads\/sites\/2\/2024\/06\/atlantida-PRESS-KIT-1-1024x683.jpg 1024w, https:\/\/guiadelocio.es\/madrid\/wp-content\/uploads\/sites\/2\/2024\/06\/atlantida-PRESS-KIT-1-768x512.jpg 768w, https:\/\/guiadelocio.es\/madrid\/wp-content\/uploads\/sites\/2\/2024\/06\/atlantida-PRESS-KIT-1-1536x1024.jpg 1536w, https:\/\/guiadelocio.es\/madrid\/wp-content\/uploads\/sites\/2\/2024\/06\/atlantida-PRESS-KIT-1-scaled.jpg 2048w, https:\/\/guiadelocio.es\/madrid\/wp-content\/uploads\/sites\/2\/2024\/06\/atlantida-PRESS-KIT-1-1380x920.jpg 1380w, https:\/\/guiadelocio.es\/madrid\/wp-content\/uploads\/sites\/2\/2024\/06\/atlantida-PRESS-KIT-1-640x427.jpg 640w, https:\/\/guiadelocio.es\/madrid\/wp-content\/uploads\/sites\/2\/2024\/06\/atlantida-PRESS-KIT-1-266x177.jpg 266w\" sizes=\"(max-width: 662px) 100vw, 662px\" \/><\/p>\n<h3>Estreno mundial de \u00abEl Arca de No\u00e9\u00bb<\/h3>\n<p>El evento comenzar\u00e1 con el estreno mundial de la cantata infantil <strong>\u00abEl arca de No\u00e9\u00bb<\/strong>, compuesta por <strong>Manuel T\u00e9var<\/strong>. Esta pieza ser\u00e1 interpretada por la Atl\u00e1ntida Youth, la Escolan\u00eda Municipal de Pinto y el Coro CEIP Ntra. Sra. del Lucero, bajo la direcci\u00f3n de E. Jos\u00e9 Esteve y Paula Santamar\u00eda. Esta obra es una de las m\u00e1s esperadas de la noche y marca un hito en la carrera de T\u00e9var.<\/p>\n<h3>Triple concierto de Mozart<\/h3>\n<p>A continuaci\u00f3n, el p\u00fablico disfrutar\u00e1 del Triple Concierto de Mozart, ejecutado por los renombrados pianistas italianos <strong>Marco Schiavo, Sergio Marchegiani y Raffaele d&#8217;Angelo. Schiavo y Marchegiani,<\/strong> artistas del prestigioso sello Decca Records, han sido aclamados por su interpretaci\u00f3n \u00fanica, mientras que D&#8217;Angelo, una joven promesa, se unir\u00e1 a ellos para ofrecer una actuaci\u00f3n memorable.<\/p>\n<h3>Interpretaciones destacadas<\/h3>\n<p>El cierre de la primera parte del concierto estar\u00e1 a cargo de la soprano<strong> Maria Giulia Milano<\/strong>, quien interpretar\u00e1 la hermosa pieza de Mozart <strong>\u00abCh\u2019io mi scordi di te\u00bb<\/strong>. Esta combinaci\u00f3n de talentos promete ser uno de los momentos m\u00e1s emotivos de la noche.<\/p>\n<p><img decoding=\"async\" class=\"wp-image-29392 aligncenter\" src=\"https:\/\/guiadelocio.es\/madrid\/wp-content\/uploads\/sites\/2\/2024\/06\/PRESS-KIT-ATLANTIDA-CHOIR-300x200.jpg\" alt=\"\" width=\"662\" height=\"441\" srcset=\"https:\/\/guiadelocio.es\/madrid\/wp-content\/uploads\/sites\/2\/2024\/06\/PRESS-KIT-ATLANTIDA-CHOIR-300x200.jpg 300w, https:\/\/guiadelocio.es\/madrid\/wp-content\/uploads\/sites\/2\/2024\/06\/PRESS-KIT-ATLANTIDA-CHOIR-1024x684.jpg 1024w, https:\/\/guiadelocio.es\/madrid\/wp-content\/uploads\/sites\/2\/2024\/06\/PRESS-KIT-ATLANTIDA-CHOIR-768x513.jpg 768w, https:\/\/guiadelocio.es\/madrid\/wp-content\/uploads\/sites\/2\/2024\/06\/PRESS-KIT-ATLANTIDA-CHOIR-1536x1026.jpg 1536w, https:\/\/guiadelocio.es\/madrid\/wp-content\/uploads\/sites\/2\/2024\/06\/PRESS-KIT-ATLANTIDA-CHOIR-scaled.jpg 2048w, https:\/\/guiadelocio.es\/madrid\/wp-content\/uploads\/sites\/2\/2024\/06\/PRESS-KIT-ATLANTIDA-CHOIR-1377x920.jpg 1377w, https:\/\/guiadelocio.es\/madrid\/wp-content\/uploads\/sites\/2\/2024\/06\/PRESS-KIT-ATLANTIDA-CHOIR-640x427.jpg 640w, https:\/\/guiadelocio.es\/madrid\/wp-content\/uploads\/sites\/2\/2024\/06\/PRESS-KIT-ATLANTIDA-CHOIR-266x178.jpg 266w\" sizes=\"(max-width: 662px) 100vw, 662px\" \/><\/p>\n<h3>M\u00fasica coral en la segunda parte<\/h3>\n<p>La segunda parte del concierto estar\u00e1 dedicada a la m\u00fasica coral. Comenzar\u00e1 con las vibrantes <strong>\u00abDanzas Polovtsianas\u00bb<\/strong> de Borodin, seguidas por el majestuoso cuarto movimiento de la Novena Sinfon\u00eda de Beethoven. La interpretaci\u00f3n contar\u00e1 con la colaboraci\u00f3n de cuatro coros: C<strong>oral Villa de Valdemoro, Coro Ntra. Sra. del Recuerdo y Coro Municipal de Pinto,<\/strong> todos dirigidos por <strong>Emilio J. Esteve<\/strong>.<\/p>\n<h3>Solistas destacados<\/h3>\n<p>En esta secci\u00f3n, los solistas <strong>Candela Pumares<\/strong> (soprano), <strong>M\u00f3nica Redondo<\/strong> (contralto), <strong>Victor Jim\u00e9nez<\/strong> (tenor) y <strong>Mauro Pedrero<\/strong> (bajo) destacar\u00e1n con sus interpretaciones. Estos j\u00f3venes cantantes espa\u00f1oles est\u00e1n emergiendo como promesas en el \u00e1mbito musical.<\/p>\n<h3>La Atl\u00e1ntida Chamber Orchestra<\/h3>\n<p>Fundada en 2015, la <strong>Atl\u00e1ntida Chamber Orchestra<\/strong> se ha consolidado como una de las orquestas de c\u00e1mara m\u00e1s prominentes de Espa\u00f1a. Su energ\u00eda y frescura en las interpretaciones la han llevado a salas y festivales de renombre, tanto nacionales como internacionales. Entre sus logros recientes, se encuentran pr\u00f3ximas presentaciones en el Festival Internacional de Verano de El Escorial y el Festival Internacional de M\u00fasica Contempor\u00e1nea de Madrid (COMA).<\/p>\n<p><img decoding=\"async\" class=\"wp-image-29398 aligncenter\" src=\"https:\/\/guiadelocio.es\/madrid\/wp-content\/uploads\/sites\/2\/2024\/06\/PRESS-KIT-ATLANTIDA-YOUTH-300x214.jpg\" alt=\"\" width=\"661\" height=\"471\" srcset=\"https:\/\/guiadelocio.es\/madrid\/wp-content\/uploads\/sites\/2\/2024\/06\/PRESS-KIT-ATLANTIDA-YOUTH-300x214.jpg 300w, https:\/\/guiadelocio.es\/madrid\/wp-content\/uploads\/sites\/2\/2024\/06\/PRESS-KIT-ATLANTIDA-YOUTH-1536x1097.jpg 1536w, https:\/\/guiadelocio.es\/madrid\/wp-content\/uploads\/sites\/2\/2024\/06\/PRESS-KIT-ATLANTIDA-YOUTH-1288x920.jpg 1288w, https:\/\/guiadelocio.es\/madrid\/wp-content\/uploads\/sites\/2\/2024\/06\/PRESS-KIT-ATLANTIDA-YOUTH-605x432.jpg 605w, https:\/\/guiadelocio.es\/madrid\/wp-content\/uploads\/sites\/2\/2024\/06\/PRESS-KIT-ATLANTIDA-YOUTH-266x190.jpg 266w, https:\/\/guiadelocio.es\/madrid\/wp-content\/uploads\/sites\/2\/2024\/06\/PRESS-KIT-ATLANTIDA-YOUTH.jpg 1600w\" sizes=\"(max-width: 661px) 100vw, 661px\" \/><\/p>\n<h3>Atl\u00e1ntida Youth<\/h3>\n<p>La Atl\u00e1ntida Youth, compuesta por 18 j\u00f3venes instrumentistas de cuerda de entre 12 y 18 a\u00f1os, tambi\u00e9n participar\u00e1 en el concierto. Este proyecto formativo sigue el modelo europeo, con la orquesta en el centro de la educaci\u00f3n musical, ofreciendo una plataforma para j\u00f3venes talentos.<\/p>\n<h3>La trayectoria de Manuel T\u00e9var<\/h3>\n<p><strong>Manuel T\u00e9var<\/strong>, con una destacada carrera internacional, ha realizado m\u00e1s de 30 estrenos de sus obras, y ha sido galardonado con el Premio de la Real Academia de Bellas Artes en 2006. Ha dirigido orquestas de renombre mundial y ha obtenido el Primer Premio en el Concurso Internacional de Piano Bradshaw &amp; Buono en Nueva York.<\/p>\n<p>Recientemente, T\u00e9var realiz\u00f3 una gira exitosa por Estados Unidos y tiene futuros compromisos en salas prestigiosas como la Philharmonie de Berl\u00edn y la Sala Verdi de Mil\u00e1n. Tambi\u00e9n ser\u00e1 presidente del jurado del concurso Rovere de Oro en Italia.<\/p>\n<p><img decoding=\"async\" class=\"wp-image-29396 aligncenter\" src=\"https:\/\/guiadelocio.es\/madrid\/wp-content\/uploads\/sites\/2\/2024\/06\/TEVAR-PRESS-KIT-CONDUCTOR-1-copia-225x300.jpg\" alt=\"\" width=\"470\" height=\"627\" srcset=\"https:\/\/guiadelocio.es\/madrid\/wp-content\/uploads\/sites\/2\/2024\/06\/TEVAR-PRESS-KIT-CONDUCTOR-1-copia-225x300.jpg 225w, https:\/\/guiadelocio.es\/madrid\/wp-content\/uploads\/sites\/2\/2024\/06\/TEVAR-PRESS-KIT-CONDUCTOR-1-copia-768x1024.jpg 768w, https:\/\/guiadelocio.es\/madrid\/wp-content\/uploads\/sites\/2\/2024\/06\/TEVAR-PRESS-KIT-CONDUCTOR-1-copia-1152x1536.jpg 1152w, https:\/\/guiadelocio.es\/madrid\/wp-content\/uploads\/sites\/2\/2024\/06\/TEVAR-PRESS-KIT-CONDUCTOR-1-copia-scaled.jpg 1536w, https:\/\/guiadelocio.es\/madrid\/wp-content\/uploads\/sites\/2\/2024\/06\/TEVAR-PRESS-KIT-CONDUCTOR-1-copia-690x920.jpg 690w, https:\/\/guiadelocio.es\/madrid\/wp-content\/uploads\/sites\/2\/2024\/06\/TEVAR-PRESS-KIT-CONDUCTOR-1-copia-324x432.jpg 324w, https:\/\/guiadelocio.es\/madrid\/wp-content\/uploads\/sites\/2\/2024\/06\/TEVAR-PRESS-KIT-CONDUCTOR-1-copia-150x200.jpg 150w\" sizes=\"(max-width: 470px) 100vw, 470px\" \/><\/p>\n<h3>Compra de entradas para Fantas\u00eda Coral<\/h3>\n<p>Las entradas para este evento \u00fanico est\u00e1n disponibles a partir de 16 euros. Se pueden comprar de manera anticipada <strong><a href=\"https:\/\/www.elcorteingles.es\/entradas\/conciertos\/entradas-fantasia-coral-madrid\/\" target=\"_blank\" rel=\"noopener\"><span>aqu\u00ed<\/span><\/a><\/strong>.<\/p>\n<p>No pierdas la oportunidad de asistir a <strong>\u00abFantas\u00eda Coral\u00bb<\/strong>, un concierto que promete ser un hito en la escena musical de Madrid, con la participaci\u00f3n de destacados m\u00fasicos y la direcci\u00f3n de Manuel T\u00e9var.<\/p>\n<\/div>\n<\/div>\n<p><img decoding=\"async\" class=\"size-medium wp-image-29456 aligncenter\" src=\"https:\/\/guiadelocio.es\/madrid\/wp-content\/uploads\/sites\/2\/2024\/06\/FOTO-REDES-300x300.png\" alt=\"\" width=\"300\" height=\"300\" srcset=\"https:\/\/guiadelocio.es\/madrid\/wp-content\/uploads\/sites\/2\/2024\/06\/FOTO-REDES-300x300.png 300w, https:\/\/guiadelocio.es\/madrid\/wp-content\/uploads\/sites\/2\/2024\/06\/FOTO-REDES-1024x1024.png 1024w, https:\/\/guiadelocio.es\/madrid\/wp-content\/uploads\/sites\/2\/2024\/06\/FOTO-REDES-150x150.png 150w, https:\/\/guiadelocio.es\/madrid\/wp-content\/uploads\/sites\/2\/2024\/06\/FOTO-REDES-768x768.png 768w, https:\/\/guiadelocio.es\/madrid\/wp-content\/uploads\/sites\/2\/2024\/06\/FOTO-REDES-1536x1536.png 1536w, https:\/\/guiadelocio.es\/madrid\/wp-content\/uploads\/sites\/2\/2024\/06\/FOTO-REDES.png 2048w, https:\/\/guiadelocio.es\/madrid\/wp-content\/uploads\/sites\/2\/2024\/06\/FOTO-REDES-920x920.png 920w, https:\/\/guiadelocio.es\/madrid\/wp-content\/uploads\/sites\/2\/2024\/06\/FOTO-REDES-432x432.png 432w, https:\/\/guiadelocio.es\/madrid\/wp-content\/uploads\/sites\/2\/2024\/06\/FOTO-REDES-200x200.png 200w\" sizes=\"(max-width: 300px) 100vw, 300px\" \/><\/p>\n<p><span style=\"color: #ff6600;\"><strong>\u00bfQuieres ser siempre el primero en enterarte de todos los planes que hay en tu ciudad?<\/strong><\/span><\/p>\n<p><span style=\"color: #ff6600;\"><a class=\"button button--large button--iconposition-left button--icon-newsletter\" style=\"color: #ff6600;\" href=\"https:\/\/guiadelocio.es\/madrid\/suscribete-aqui-a-nuestra-newsletter\/\" target=\"_blank\" rel=\"noopener\"><span>Inscr\u00edbete AQU\u00cd a nuestra<\/span><\/a><\/span><\/p>\n<\/div>\n<\/div>\n","protected":false},"excerpt":{"rendered":"<p>El pr\u00f3ximo jueves, 27 de junio, a las 19:30h, la Sala Sinf\u00f3nica del Auditorio Nacional de M\u00fasica de Madrid ser\u00e1 testigo de un evento excepcional: el concierto sinf\u00f3nico \u00abFantas\u00eda Coral\u00bb. La Atl\u00e1ntida Chamber Orchestra, bajo la direcci\u00f3n del reconocido Manuel T\u00e9var, promete una noche inolvidable con la participaci\u00f3n de grandes m\u00fasicos y coros. Estreno mundial [&hellip;]<\/p>\n","protected":false},"author":8,"featured_media":29424,"comment_status":"closed","ping_status":"closed","sticky":false,"template":"","format":"standard","meta":{"_acf_changed":false,"footnotes":""},"categories":[1],"tags":[],"category_plan":[4],"filter_trans":[],"filter_main":[],"filter_sec":[],"barrios":[176],"class_list":["post-29389","post","type-post","status-publish","format-standard","has-post-thumbnail","hentry","category-sin-categorizar","barrios-chamartin"],"acf":[],"yoast_head":"<!-- This site is optimized with the Yoast SEO plugin v26.0 - https:\/\/yoast.com\/wordpress\/plugins\/seo\/ -->\n<title>La Atl\u00e1ntida Chamber Orchestra presenta &quot;Fantas\u00eda Coral&quot;<\/title>\n<meta name=\"description\" content=\"27 de junio, Sala Sinf\u00f3nica del Auditorio Nacional de M\u00fasica de Madrid: Concierto sinf\u00f3nico &quot;Fantas\u00eda Coral&quot;.\" \/>\n<meta name=\"robots\" content=\"index, follow, max-snippet:-1, max-image-preview:large, max-video-preview:-1\" \/>\n<link rel=\"canonical\" href=\"https:\/\/guiadelocio.es\/madrid\/la-atlantida-chamber-orchestra-presenta-fantasia-coral\/\" \/>\n<meta property=\"og:locale\" content=\"es_ES\" \/>\n<meta property=\"og:type\" content=\"article\" \/>\n<meta property=\"og:title\" content=\"La Atl\u00e1ntida Chamber Orchestra presenta &quot;Fantas\u00eda Coral&quot;\" \/>\n<meta property=\"og:description\" content=\"27 de junio, Sala Sinf\u00f3nica del Auditorio Nacional de M\u00fasica de Madrid: Concierto sinf\u00f3nico &quot;Fantas\u00eda Coral&quot;.\" \/>\n<meta property=\"og:url\" content=\"https:\/\/guiadelocio.es\/madrid\/la-atlantida-chamber-orchestra-presenta-fantasia-coral\/\" \/>\n<meta property=\"og:site_name\" content=\"Madrid\" \/>\n<meta property=\"article:published_time\" content=\"2024-06-24T17:20:59+00:00\" \/>\n<meta property=\"article:modified_time\" content=\"2024-06-25T15:40:30+00:00\" \/>\n<meta property=\"og:image\" content=\"https:\/\/guiadelocio.es\/madrid\/wp-content\/uploads\/sites\/2\/2024\/06\/ATLANTIDA-CHAMBER-ORCHESTRA-Dir.-Manuel-Tevar-1360-x-590-mm.png\" \/>\n\t<meta property=\"og:image:width\" content=\"2048\" \/>\n\t<meta property=\"og:image:height\" content=\"889\" \/>\n\t<meta property=\"og:image:type\" content=\"image\/png\" \/>\n<meta name=\"author\" content=\"Gu\u00eda del Ocio\" \/>\n<meta name=\"twitter:card\" content=\"summary_large_image\" \/>\n<meta name=\"twitter:label1\" content=\"Escrito por\" \/>\n\t<meta name=\"twitter:data1\" content=\"Gu\u00eda del Ocio\" \/>\n\t<meta name=\"twitter:label2\" content=\"Tiempo de lectura\" \/>\n\t<meta name=\"twitter:data2\" content=\"5 minutos\" \/>\n<script type=\"application\/ld+json\" class=\"yoast-schema-graph\">{\"@context\":\"https:\/\/schema.org\",\"@graph\":[{\"@type\":\"WebPage\",\"@id\":\"https:\/\/guiadelocio.es\/madrid\/la-atlantida-chamber-orchestra-presenta-fantasia-coral\/\",\"url\":\"https:\/\/guiadelocio.es\/madrid\/la-atlantida-chamber-orchestra-presenta-fantasia-coral\/\",\"name\":\"La Atl\u00e1ntida Chamber Orchestra presenta \\\"Fantas\u00eda Coral\\\"\",\"isPartOf\":{\"@id\":\"https:\/\/guiadelocio.es\/madrid\/#website\"},\"primaryImageOfPage\":{\"@id\":\"https:\/\/guiadelocio.es\/madrid\/la-atlantida-chamber-orchestra-presenta-fantasia-coral\/#primaryimage\"},\"image\":{\"@id\":\"https:\/\/guiadelocio.es\/madrid\/la-atlantida-chamber-orchestra-presenta-fantasia-coral\/#primaryimage\"},\"thumbnailUrl\":\"https:\/\/guiadelocio.es\/madrid\/wp-content\/uploads\/sites\/2\/2024\/06\/ATLANTIDA-CHAMBER-ORCHESTRA-Dir.-Manuel-Tevar-1360-x-590-mm.png\",\"datePublished\":\"2024-06-24T17:20:59+00:00\",\"dateModified\":\"2024-06-25T15:40:30+00:00\",\"author\":{\"@id\":\"https:\/\/guiadelocio.es\/madrid\/#\/schema\/person\/dedd385c3a1875e2dfb8ee808e4fca89\"},\"description\":\"27 de junio, Sala Sinf\u00f3nica del Auditorio Nacional de M\u00fasica de Madrid: Concierto sinf\u00f3nico \\\"Fantas\u00eda Coral\\\".\",\"breadcrumb\":{\"@id\":\"https:\/\/guiadelocio.es\/madrid\/la-atlantida-chamber-orchestra-presenta-fantasia-coral\/#breadcrumb\"},\"inLanguage\":\"es\",\"potentialAction\":[{\"@type\":\"ReadAction\",\"target\":[\"https:\/\/guiadelocio.es\/madrid\/la-atlantida-chamber-orchestra-presenta-fantasia-coral\/\"]}]},{\"@type\":\"ImageObject\",\"inLanguage\":\"es\",\"@id\":\"https:\/\/guiadelocio.es\/madrid\/la-atlantida-chamber-orchestra-presenta-fantasia-coral\/#primaryimage\",\"url\":\"https:\/\/guiadelocio.es\/madrid\/wp-content\/uploads\/sites\/2\/2024\/06\/ATLANTIDA-CHAMBER-ORCHESTRA-Dir.-Manuel-Tevar-1360-x-590-mm.png\",\"contentUrl\":\"https:\/\/guiadelocio.es\/madrid\/wp-content\/uploads\/sites\/2\/2024\/06\/ATLANTIDA-CHAMBER-ORCHESTRA-Dir.-Manuel-Tevar-1360-x-590-mm.png\",\"width\":2048,\"height\":889},{\"@type\":\"BreadcrumbList\",\"@id\":\"https:\/\/guiadelocio.es\/madrid\/la-atlantida-chamber-orchestra-presenta-fantasia-coral\/#breadcrumb\",\"itemListElement\":[{\"@type\":\"ListItem\",\"position\":1,\"name\":\"Portada\",\"item\":\"https:\/\/guiadelocio.es\/madrid\/\"},{\"@type\":\"ListItem\",\"position\":2,\"name\":\"La Atl\u00e1ntida Chamber Orchestra presenta \u00abFantas\u00eda Coral\u00bb\"}]},{\"@type\":\"WebSite\",\"@id\":\"https:\/\/guiadelocio.es\/madrid\/#website\",\"url\":\"https:\/\/guiadelocio.es\/madrid\/\",\"name\":\"Madrid | Gu\u00eda del Ocio\",\"description\":\"Qu\u00e9 hacer, d\u00f3nde comer, qu\u00e9 visitar y los lugares que no te puedes perder\",\"potentialAction\":[{\"@type\":\"SearchAction\",\"target\":{\"@type\":\"EntryPoint\",\"urlTemplate\":\"https:\/\/guiadelocio.es\/madrid\/?s={search_term_string}\"},\"query-input\":{\"@type\":\"PropertyValueSpecification\",\"valueRequired\":true,\"valueName\":\"search_term_string\"}}],\"inLanguage\":\"es\"},{\"@type\":\"Person\",\"@id\":\"https:\/\/guiadelocio.es\/madrid\/#\/schema\/person\/dedd385c3a1875e2dfb8ee808e4fca89\",\"name\":\"Gu\u00eda del Ocio\",\"image\":{\"@type\":\"ImageObject\",\"inLanguage\":\"es\",\"@id\":\"https:\/\/guiadelocio.es\/madrid\/#\/schema\/person\/image\/\",\"url\":\"https:\/\/secure.gravatar.com\/avatar\/27d9eb58286cefc2042fb32a3db3a679c555c2a21aa6719fa7916d63185b9fe9?s=96&d=mm&r=g\",\"contentUrl\":\"https:\/\/secure.gravatar.com\/avatar\/27d9eb58286cefc2042fb32a3db3a679c555c2a21aa6719fa7916d63185b9fe9?s=96&d=mm&r=g\",\"caption\":\"Gu\u00eda del Ocio\"}}]}<\/script>\n<!-- \/ Yoast SEO plugin. -->","yoast_head_json":{"title":"La Atl\u00e1ntida Chamber Orchestra presenta \"Fantas\u00eda Coral\"","description":"27 de junio, Sala Sinf\u00f3nica del Auditorio Nacional de M\u00fasica de Madrid: Concierto sinf\u00f3nico \"Fantas\u00eda Coral\".","robots":{"index":"index","follow":"follow","max-snippet":"max-snippet:-1","max-image-preview":"max-image-preview:large","max-video-preview":"max-video-preview:-1"},"canonical":"https:\/\/guiadelocio.es\/madrid\/la-atlantida-chamber-orchestra-presenta-fantasia-coral\/","og_locale":"es_ES","og_type":"article","og_title":"La Atl\u00e1ntida Chamber Orchestra presenta \"Fantas\u00eda Coral\"","og_description":"27 de junio, Sala Sinf\u00f3nica del Auditorio Nacional de M\u00fasica de Madrid: Concierto sinf\u00f3nico \"Fantas\u00eda Coral\".","og_url":"https:\/\/guiadelocio.es\/madrid\/la-atlantida-chamber-orchestra-presenta-fantasia-coral\/","og_site_name":"Madrid","article_published_time":"2024-06-24T17:20:59+00:00","article_modified_time":"2024-06-25T15:40:30+00:00","og_image":[{"width":2048,"height":889,"url":"https:\/\/guiadelocio.es\/madrid\/wp-content\/uploads\/sites\/2\/2024\/06\/ATLANTIDA-CHAMBER-ORCHESTRA-Dir.-Manuel-Tevar-1360-x-590-mm.png","type":"image\/png"}],"author":"Gu\u00eda del Ocio","twitter_card":"summary_large_image","twitter_misc":{"Escrito por":"Gu\u00eda del Ocio","Tiempo de lectura":"5 minutos"},"schema":{"@context":"https:\/\/schema.org","@graph":[{"@type":"WebPage","@id":"https:\/\/guiadelocio.es\/madrid\/la-atlantida-chamber-orchestra-presenta-fantasia-coral\/","url":"https:\/\/guiadelocio.es\/madrid\/la-atlantida-chamber-orchestra-presenta-fantasia-coral\/","name":"La Atl\u00e1ntida Chamber Orchestra presenta \"Fantas\u00eda Coral\"","isPartOf":{"@id":"https:\/\/guiadelocio.es\/madrid\/#website"},"primaryImageOfPage":{"@id":"https:\/\/guiadelocio.es\/madrid\/la-atlantida-chamber-orchestra-presenta-fantasia-coral\/#primaryimage"},"image":{"@id":"https:\/\/guiadelocio.es\/madrid\/la-atlantida-chamber-orchestra-presenta-fantasia-coral\/#primaryimage"},"thumbnailUrl":"https:\/\/guiadelocio.es\/madrid\/wp-content\/uploads\/sites\/2\/2024\/06\/ATLANTIDA-CHAMBER-ORCHESTRA-Dir.-Manuel-Tevar-1360-x-590-mm.png","datePublished":"2024-06-24T17:20:59+00:00","dateModified":"2024-06-25T15:40:30+00:00","author":{"@id":"https:\/\/guiadelocio.es\/madrid\/#\/schema\/person\/dedd385c3a1875e2dfb8ee808e4fca89"},"description":"27 de junio, Sala Sinf\u00f3nica del Auditorio Nacional de M\u00fasica de Madrid: Concierto sinf\u00f3nico \"Fantas\u00eda Coral\".","breadcrumb":{"@id":"https:\/\/guiadelocio.es\/madrid\/la-atlantida-chamber-orchestra-presenta-fantasia-coral\/#breadcrumb"},"inLanguage":"es","potentialAction":[{"@type":"ReadAction","target":["https:\/\/guiadelocio.es\/madrid\/la-atlantida-chamber-orchestra-presenta-fantasia-coral\/"]}]},{"@type":"ImageObject","inLanguage":"es","@id":"https:\/\/guiadelocio.es\/madrid\/la-atlantida-chamber-orchestra-presenta-fantasia-coral\/#primaryimage","url":"https:\/\/guiadelocio.es\/madrid\/wp-content\/uploads\/sites\/2\/2024\/06\/ATLANTIDA-CHAMBER-ORCHESTRA-Dir.-Manuel-Tevar-1360-x-590-mm.png","contentUrl":"https:\/\/guiadelocio.es\/madrid\/wp-content\/uploads\/sites\/2\/2024\/06\/ATLANTIDA-CHAMBER-ORCHESTRA-Dir.-Manuel-Tevar-1360-x-590-mm.png","width":2048,"height":889},{"@type":"BreadcrumbList","@id":"https:\/\/guiadelocio.es\/madrid\/la-atlantida-chamber-orchestra-presenta-fantasia-coral\/#breadcrumb","itemListElement":[{"@type":"ListItem","position":1,"name":"Portada","item":"https:\/\/guiadelocio.es\/madrid\/"},{"@type":"ListItem","position":2,"name":"La Atl\u00e1ntida Chamber Orchestra presenta \u00abFantas\u00eda Coral\u00bb"}]},{"@type":"WebSite","@id":"https:\/\/guiadelocio.es\/madrid\/#website","url":"https:\/\/guiadelocio.es\/madrid\/","name":"Madrid | Gu\u00eda del Ocio","description":"Qu\u00e9 hacer, d\u00f3nde comer, qu\u00e9 visitar y los lugares que no te puedes perder","potentialAction":[{"@type":"SearchAction","target":{"@type":"EntryPoint","urlTemplate":"https:\/\/guiadelocio.es\/madrid\/?s={search_term_string}"},"query-input":{"@type":"PropertyValueSpecification","valueRequired":true,"valueName":"search_term_string"}}],"inLanguage":"es"},{"@type":"Person","@id":"https:\/\/guiadelocio.es\/madrid\/#\/schema\/person\/dedd385c3a1875e2dfb8ee808e4fca89","name":"Gu\u00eda del Ocio","image":{"@type":"ImageObject","inLanguage":"es","@id":"https:\/\/guiadelocio.es\/madrid\/#\/schema\/person\/image\/","url":"https:\/\/secure.gravatar.com\/avatar\/27d9eb58286cefc2042fb32a3db3a679c555c2a21aa6719fa7916d63185b9fe9?s=96&d=mm&r=g","contentUrl":"https:\/\/secure.gravatar.com\/avatar\/27d9eb58286cefc2042fb32a3db3a679c555c2a21aa6719fa7916d63185b9fe9?s=96&d=mm&r=g","caption":"Gu\u00eda del Ocio"}}]}},"_links":{"self":[{"href":"https:\/\/guiadelocio.es\/madrid\/wp-json\/wp\/v2\/posts\/29389","targetHints":{"allow":["GET"]}}],"collection":[{"href":"https:\/\/guiadelocio.es\/madrid\/wp-json\/wp\/v2\/posts"}],"about":[{"href":"https:\/\/guiadelocio.es\/madrid\/wp-json\/wp\/v2\/types\/post"}],"author":[{"embeddable":true,"href":"https:\/\/guiadelocio.es\/madrid\/wp-json\/wp\/v2\/users\/8"}],"replies":[{"embeddable":true,"href":"https:\/\/guiadelocio.es\/madrid\/wp-json\/wp\/v2\/comments?post=29389"}],"version-history":[{"count":0,"href":"https:\/\/guiadelocio.es\/madrid\/wp-json\/wp\/v2\/posts\/29389\/revisions"}],"wp:featuredmedia":[{"embeddable":true,"href":"https:\/\/guiadelocio.es\/madrid\/wp-json\/wp\/v2\/media\/29424"}],"wp:attachment":[{"href":"https:\/\/guiadelocio.es\/madrid\/wp-json\/wp\/v2\/media?parent=29389"}],"wp:term":[{"taxonomy":"category","embeddable":true,"href":"https:\/\/guiadelocio.es\/madrid\/wp-json\/wp\/v2\/categories?post=29389"},{"taxonomy":"post_tag","embeddable":true,"href":"https:\/\/guiadelocio.es\/madrid\/wp-json\/wp\/v2\/tags?post=29389"},{"taxonomy":"category_plan","embeddable":true,"href":"https:\/\/guiadelocio.es\/madrid\/wp-json\/wp\/v2\/category_plan?post=29389"},{"taxonomy":"filter_trans","embeddable":true,"href":"https:\/\/guiadelocio.es\/madrid\/wp-json\/wp\/v2\/filter_trans?post=29389"},{"taxonomy":"filter_main","embeddable":true,"href":"https:\/\/guiadelocio.es\/madrid\/wp-json\/wp\/v2\/filter_main?post=29389"},{"taxonomy":"filter_sec","embeddable":true,"href":"https:\/\/guiadelocio.es\/madrid\/wp-json\/wp\/v2\/filter_sec?post=29389"},{"taxonomy":"barrios","embeddable":true,"href":"https:\/\/guiadelocio.es\/madrid\/wp-json\/wp\/v2\/barrios?post=29389"}],"curies":[{"name":"wp","href":"https:\/\/api.w.org\/{rel}","templated":true}]}}