{"id":28665,"date":"2024-05-29T15:27:29","date_gmt":"2024-05-29T13:27:29","guid":{"rendered":"https:\/\/guiadelocio.es\/madrid\/?p=28665"},"modified":"2024-06-04T11:17:50","modified_gmt":"2024-06-04T09:17:50","slug":"jardin-alhambra-inaugura-la-temporada-de-verano-en-barcelona","status":"publish","type":"post","link":"https:\/\/guiadelocio.es\/madrid\/jardin-alhambra-inaugura-la-temporada-de-verano-en-barcelona\/","title":{"rendered":"Jard\u00edn Alhambra inaugura la temporada de verano"},"content":{"rendered":"<p>Tras el \u00e9xito de las ediciones anteriores, <strong><a href=\"https:\/\/www.cervezasalhambra.com\/es\/momentos-alhambra\/jardin\/barcelona\" target=\"_blank\" rel=\"noopener\"><span>Jard\u00edn Alhambra<\/span><\/a> vuelve a abrir sus puertas en Barcelona del 13 al 30 de junio,<\/strong> convirti\u00e9ndose en el <strong>oasis perfecto<\/strong> en el emblem\u00e1tico barrio de Poblenou. Esta edici\u00f3n se celebrar\u00e1 en <strong>ROC35<\/strong> (Passatge de Masoliver, 8, Sant Mart\u00ed), un espacio multifuncional que incluye diversas salas y una terraza, ideal para desconectar de la rutina diaria.<\/p>\n<p><img decoding=\"async\" class=\"wp-image-28684 aligncenter\" src=\"https:\/\/guiadelocio.es\/madrid\/wp-content\/uploads\/sites\/2\/2024\/05\/Jardin-Alhambra-Madrid-2023_Inauguracion-6-200x300.jpg\" alt=\"\" width=\"469\" height=\"704\" srcset=\"https:\/\/guiadelocio.es\/madrid\/wp-content\/uploads\/sites\/2\/2024\/05\/Jardin-Alhambra-Madrid-2023_Inauguracion-6-200x300.jpg 200w, https:\/\/guiadelocio.es\/madrid\/wp-content\/uploads\/sites\/2\/2024\/05\/Jardin-Alhambra-Madrid-2023_Inauguracion-6-683x1024.jpg 683w, https:\/\/guiadelocio.es\/madrid\/wp-content\/uploads\/sites\/2\/2024\/05\/Jardin-Alhambra-Madrid-2023_Inauguracion-6-768x1152.jpg 768w, https:\/\/guiadelocio.es\/madrid\/wp-content\/uploads\/sites\/2\/2024\/05\/Jardin-Alhambra-Madrid-2023_Inauguracion-6-1024x1536.jpg 1024w, https:\/\/guiadelocio.es\/madrid\/wp-content\/uploads\/sites\/2\/2024\/05\/Jardin-Alhambra-Madrid-2023_Inauguracion-6-1365x2048.jpg 1365w, https:\/\/guiadelocio.es\/madrid\/wp-content\/uploads\/sites\/2\/2024\/05\/Jardin-Alhambra-Madrid-2023_Inauguracion-6-613x920.jpg 613w, https:\/\/guiadelocio.es\/madrid\/wp-content\/uploads\/sites\/2\/2024\/05\/Jardin-Alhambra-Madrid-2023_Inauguracion-6-288x432.jpg 288w, https:\/\/guiadelocio.es\/madrid\/wp-content\/uploads\/sites\/2\/2024\/05\/Jardin-Alhambra-Madrid-2023_Inauguracion-6-133x200.jpg 133w, https:\/\/guiadelocio.es\/madrid\/wp-content\/uploads\/sites\/2\/2024\/05\/Jardin-Alhambra-Madrid-2023_Inauguracion-6-scaled.jpg 1366w\" sizes=\"(max-width: 469px) 100vw, 469px\" \/><\/p>\n<h2>Inauguraci\u00f3n y programaci\u00f3n de actividades<\/h2>\n<p>La <strong>inauguraci\u00f3n<\/strong> tendr\u00e1 lugar el jueves<strong> 13 de junio<\/strong> con un concierto del reconocido artista malague\u00f1o <strong>Zenet<\/strong>. A lo largo de este periodo, el Jard\u00edn Alhambra ofrecer\u00e1 una variada programaci\u00f3n de actividades culturales, gastron\u00f3micas y musicales de mi\u00e9rcoles a domingo.<\/p>\n<h2>Experiencias gastron\u00f3micas y culturales<\/h2>\n<p>Una de las grandes atracciones ser\u00e1 la <strong>oferta gastron\u00f3mica<\/strong>, donde los visitantes podr\u00e1n disfrutar de diversas variedades de <strong>Cervezas Alhambra<\/strong>, maridadas con lo mejor de la gastronom\u00eda local. Se organizar\u00e1n catas de cerveza conducidas por <strong>Beer Sommeliers de Cervezas Alhambra<\/strong>, quienes guiar\u00e1n a los asistentes a trav\u00e9s del proceso de elaboraci\u00f3n y degustaci\u00f3n de las diferentes gamas de la marca.<\/p>\n<p>Adem\u00e1s, este a\u00f1o se introducen las cenas maridadas, elaboradas por el restaurador que controla el espacio en colaboraci\u00f3n con los <strong>Beer Sommeliers,<\/strong> ofreciendo una experiencia culinaria \u00fanica. Para aquellos interesados en profundizar en la cultura cervecera y gastron\u00f3mica, los <strong>\u201cTalleres Saborea Con\u2026\u201d<\/strong> proporcionar\u00e1n clases magistrales impartidas por el mismo restaurador.<\/p>\n<p><img decoding=\"async\" class=\"wp-image-28670 aligncenter\" src=\"https:\/\/guiadelocio.es\/madrid\/wp-content\/uploads\/sites\/2\/2024\/05\/2024-Espacio-Granada-Jardin-Alhambra-015-300x198.jpg\" alt=\"\" width=\"677\" height=\"447\" srcset=\"https:\/\/guiadelocio.es\/madrid\/wp-content\/uploads\/sites\/2\/2024\/05\/2024-Espacio-Granada-Jardin-Alhambra-015-300x198.jpg 300w, https:\/\/guiadelocio.es\/madrid\/wp-content\/uploads\/sites\/2\/2024\/05\/2024-Espacio-Granada-Jardin-Alhambra-015-1024x676.jpg 1024w, https:\/\/guiadelocio.es\/madrid\/wp-content\/uploads\/sites\/2\/2024\/05\/2024-Espacio-Granada-Jardin-Alhambra-015-768x507.jpg 768w, https:\/\/guiadelocio.es\/madrid\/wp-content\/uploads\/sites\/2\/2024\/05\/2024-Espacio-Granada-Jardin-Alhambra-015-1536x1014.jpg 1536w, https:\/\/guiadelocio.es\/madrid\/wp-content\/uploads\/sites\/2\/2024\/05\/2024-Espacio-Granada-Jardin-Alhambra-015-scaled.jpg 2048w, https:\/\/guiadelocio.es\/madrid\/wp-content\/uploads\/sites\/2\/2024\/05\/2024-Espacio-Granada-Jardin-Alhambra-015-1394x920.jpg 1394w, https:\/\/guiadelocio.es\/madrid\/wp-content\/uploads\/sites\/2\/2024\/05\/2024-Espacio-Granada-Jardin-Alhambra-015-640x422.jpg 640w, https:\/\/guiadelocio.es\/madrid\/wp-content\/uploads\/sites\/2\/2024\/05\/2024-Espacio-Granada-Jardin-Alhambra-015-266x176.jpg 266w\" sizes=\"(max-width: 677px) 100vw, 677px\" \/><\/p>\n<h2>Talleres artesanales<\/h2>\n<p>Fieles a su lema <strong>\u00abSin Prisa\u00bb<\/strong>, los viernes se llevar\u00e1n a cabo los <strong>Talleres Sin Prisa<\/strong>, centrados en tres disciplinas diferentes. El <strong>Taller Sin Prisa Con Gede Studio<\/strong> de cer\u00e1mica permitir\u00e1 a los asistentes crear piezas de alta calidad como platos y maceteros el 14 de junio. El 21 de junio, <strong>Archicookture<\/strong> ofrecer\u00e1 un taller para dise\u00f1ar mesas con flores comestibles y tapas creativas. Finalmente, el 28 de junio, <strong>Mireia Ruiz<\/strong> dirigir\u00e1 un taller para customizar tote bags utilizando sprays y colores inspirados en Cervezas Alhambra.<\/p>\n<h2>Conciertos y sesiones de DJ<\/h2>\n<p>En el marco del<strong> ciclo Momentos Alhambra,<\/strong> los visitantes podr\u00e1n disfrutar de conciertos \u00edntimos y sesiones de DJ. Adem\u00e1s del concierto de <strong>Zenet el 13 de junio<\/strong>, se presentar\u00e1n <strong>Clara Peya el 20 de junio<\/strong> y <strong>Guillem Roma el 26 de junio<\/strong>. Las sesiones de DJ incluir\u00e1n a <strong>Ivy Barkakati (14 y 30 de junio), Sonido Tupinamba (15 de junio), Brigitte Emaga Dj (16 y 23 de junio), GVNN (21 de junio), Sonikgroove (22 de junio) y Breixo Martinez (29 de junio)<\/strong>.<\/p>\n<p><img decoding=\"async\" class=\"wp-image-28676 aligncenter\" src=\"https:\/\/guiadelocio.es\/madrid\/wp-content\/uploads\/sites\/2\/2024\/05\/2024-04-09-JARDIN-ALHAMBRA-Granada-PABLOPABLO-CONCIERTO-14-300x200.jpg\" alt=\"\" width=\"686\" height=\"457\" srcset=\"https:\/\/guiadelocio.es\/madrid\/wp-content\/uploads\/sites\/2\/2024\/05\/2024-04-09-JARDIN-ALHAMBRA-Granada-PABLOPABLO-CONCIERTO-14-300x200.jpg 300w, https:\/\/guiadelocio.es\/madrid\/wp-content\/uploads\/sites\/2\/2024\/05\/2024-04-09-JARDIN-ALHAMBRA-Granada-PABLOPABLO-CONCIERTO-14-1024x683.jpg 1024w, https:\/\/guiadelocio.es\/madrid\/wp-content\/uploads\/sites\/2\/2024\/05\/2024-04-09-JARDIN-ALHAMBRA-Granada-PABLOPABLO-CONCIERTO-14-768x512.jpg 768w, https:\/\/guiadelocio.es\/madrid\/wp-content\/uploads\/sites\/2\/2024\/05\/2024-04-09-JARDIN-ALHAMBRA-Granada-PABLOPABLO-CONCIERTO-14-1536x1024.jpg 1536w, https:\/\/guiadelocio.es\/madrid\/wp-content\/uploads\/sites\/2\/2024\/05\/2024-04-09-JARDIN-ALHAMBRA-Granada-PABLOPABLO-CONCIERTO-14-scaled.jpg 2048w, https:\/\/guiadelocio.es\/madrid\/wp-content\/uploads\/sites\/2\/2024\/05\/2024-04-09-JARDIN-ALHAMBRA-Granada-PABLOPABLO-CONCIERTO-14-1380x920.jpg 1380w, https:\/\/guiadelocio.es\/madrid\/wp-content\/uploads\/sites\/2\/2024\/05\/2024-04-09-JARDIN-ALHAMBRA-Granada-PABLOPABLO-CONCIERTO-14-640x427.jpg 640w, https:\/\/guiadelocio.es\/madrid\/wp-content\/uploads\/sites\/2\/2024\/05\/2024-04-09-JARDIN-ALHAMBRA-Granada-PABLOPABLO-CONCIERTO-14-266x177.jpg 266w\" sizes=\"(max-width: 686px) 100vw, 686px\" \/><\/p>\n<h2>Horarios y entradas<\/h2>\n<p><strong>Jard\u00edn Alhambra<\/strong> estar\u00e1 abierto de mi\u00e9rcoles a viernes de 18:00 a 00:00 horas y los s\u00e1bados y domingos de 12:00 a 00:00 horas. Las actividades que requieran inscripci\u00f3n previa, como las catas y talleres, se realizar\u00e1n en espacios reservados dentro del recinto. Los conciertos, que tendr\u00e1n lugar los mi\u00e9rcoles y jueves antes del horario general, tambi\u00e9n requerir\u00e1n entrada para acceder al espacio.<\/p>\n<h2><\/h2>\n<p><strong>Jard\u00edn Alhambra<\/strong> se consolida como el punto de encuentro ideal para <strong>disfrutar del verano<\/strong> en Barcelona, ofreciendo una combinaci\u00f3n perfecta de <strong>gastronom\u00eda<\/strong>, <strong>cultura<\/strong> y <strong>m\u00fasica<\/strong> en un <strong>entorno \u00fanico<\/strong>. La amplia programaci\u00f3n de actividades y la cuidada selecci\u00f3n de experiencias aseguran que cada visitante pueda encontrar algo de su agrado. Para m\u00e1s detalles sobre la agenda de actividades y para adquirir entradas, se recomienda visitar el sitio oficial de <strong><a href=\"https:\/\/www.cervezasalhambra.com\/es\/momentos-alhambra\/jardin\/barcelona\" target=\"_blank\" rel=\"noopener\"><span>Jard\u00edn Alhambra<\/span><\/a><\/strong>.<\/p>\n","protected":false},"excerpt":{"rendered":"<p>Tras el \u00e9xito de las ediciones anteriores, Jard\u00edn Alhambra vuelve a abrir sus puertas en Barcelona del 13 al 30 de junio, convirti\u00e9ndose en el oasis perfecto en el emblem\u00e1tico barrio de Poblenou. Esta edici\u00f3n se celebrar\u00e1 en ROC35 (Passatge de Masoliver, 8, Sant Mart\u00ed), un espacio multifuncional que incluye diversas salas y una terraza, [&hellip;]<\/p>\n","protected":false},"author":8,"featured_media":28820,"comment_status":"closed","ping_status":"closed","sticky":false,"template":"","format":"standard","meta":{"_acf_changed":false,"footnotes":""},"categories":[1],"tags":[],"category_plan":[4,391,7],"filter_trans":[],"filter_main":[],"filter_sec":[],"barrios":[],"class_list":["post-28665","post","type-post","status-publish","format-standard","has-post-thumbnail","hentry","category-sin-categorizar"],"acf":[],"yoast_head":"<!-- This site is optimized with the Yoast SEO plugin v26.0 - https:\/\/yoast.com\/wordpress\/plugins\/seo\/ -->\n<title>Jard\u00edn Alhambra inaugura la temporada de verano | Madrid<\/title>\n<meta name=\"robots\" content=\"index, follow, max-snippet:-1, max-image-preview:large, max-video-preview:-1\" \/>\n<link rel=\"canonical\" href=\"https:\/\/guiadelocio.es\/madrid\/jardin-alhambra-inaugura-la-temporada-de-verano-en-barcelona\/\" \/>\n<meta property=\"og:locale\" content=\"es_ES\" \/>\n<meta property=\"og:type\" content=\"article\" \/>\n<meta property=\"og:title\" content=\"Jard\u00edn Alhambra inaugura la temporada de verano | Madrid\" \/>\n<meta property=\"og:description\" content=\"Tras el \u00e9xito de las ediciones anteriores, Jard\u00edn Alhambra vuelve a abrir sus puertas en Barcelona del 13 al 30 de junio, convirti\u00e9ndose en el oasis perfecto en el emblem\u00e1tico barrio de Poblenou. Esta edici\u00f3n se celebrar\u00e1 en ROC35 (Passatge de Masoliver, 8, Sant Mart\u00ed), un espacio multifuncional que incluye diversas salas y una terraza, [&hellip;]\" \/>\n<meta property=\"og:url\" content=\"https:\/\/guiadelocio.es\/madrid\/jardin-alhambra-inaugura-la-temporada-de-verano-en-barcelona\/\" \/>\n<meta property=\"og:site_name\" content=\"Madrid\" \/>\n<meta property=\"article:published_time\" content=\"2024-05-29T13:27:29+00:00\" \/>\n<meta property=\"article:modified_time\" content=\"2024-06-04T09:17:50+00:00\" \/>\n<meta property=\"og:image\" content=\"https:\/\/guiadelocio.es\/madrid\/wp-content\/uploads\/sites\/2\/2024\/05\/El-texto-del-parrafo-2-1-scaled.jpg\" \/>\n\t<meta property=\"og:image:width\" content=\"2048\" \/>\n\t<meta property=\"og:image:height\" content=\"1366\" \/>\n\t<meta property=\"og:image:type\" content=\"image\/jpeg\" \/>\n<meta name=\"author\" content=\"Gu\u00eda del Ocio\" \/>\n<meta name=\"twitter:card\" content=\"summary_large_image\" \/>\n<meta name=\"twitter:label1\" content=\"Escrito por\" \/>\n\t<meta name=\"twitter:data1\" content=\"Gu\u00eda del Ocio\" \/>\n\t<meta name=\"twitter:label2\" content=\"Tiempo de lectura\" \/>\n\t<meta name=\"twitter:data2\" content=\"4 minutos\" \/>\n<script type=\"application\/ld+json\" class=\"yoast-schema-graph\">{\"@context\":\"https:\/\/schema.org\",\"@graph\":[{\"@type\":\"WebPage\",\"@id\":\"https:\/\/guiadelocio.es\/madrid\/jardin-alhambra-inaugura-la-temporada-de-verano-en-barcelona\/\",\"url\":\"https:\/\/guiadelocio.es\/madrid\/jardin-alhambra-inaugura-la-temporada-de-verano-en-barcelona\/\",\"name\":\"Jard\u00edn Alhambra inaugura la temporada de verano | Madrid\",\"isPartOf\":{\"@id\":\"https:\/\/guiadelocio.es\/madrid\/#website\"},\"primaryImageOfPage\":{\"@id\":\"https:\/\/guiadelocio.es\/madrid\/jardin-alhambra-inaugura-la-temporada-de-verano-en-barcelona\/#primaryimage\"},\"image\":{\"@id\":\"https:\/\/guiadelocio.es\/madrid\/jardin-alhambra-inaugura-la-temporada-de-verano-en-barcelona\/#primaryimage\"},\"thumbnailUrl\":\"https:\/\/guiadelocio.es\/madrid\/wp-content\/uploads\/sites\/2\/2024\/05\/El-texto-del-parrafo-2-1-scaled.jpg\",\"datePublished\":\"2024-05-29T13:27:29+00:00\",\"dateModified\":\"2024-06-04T09:17:50+00:00\",\"author\":{\"@id\":\"https:\/\/guiadelocio.es\/madrid\/#\/schema\/person\/dedd385c3a1875e2dfb8ee808e4fca89\"},\"breadcrumb\":{\"@id\":\"https:\/\/guiadelocio.es\/madrid\/jardin-alhambra-inaugura-la-temporada-de-verano-en-barcelona\/#breadcrumb\"},\"inLanguage\":\"es\",\"potentialAction\":[{\"@type\":\"ReadAction\",\"target\":[\"https:\/\/guiadelocio.es\/madrid\/jardin-alhambra-inaugura-la-temporada-de-verano-en-barcelona\/\"]}]},{\"@type\":\"ImageObject\",\"inLanguage\":\"es\",\"@id\":\"https:\/\/guiadelocio.es\/madrid\/jardin-alhambra-inaugura-la-temporada-de-verano-en-barcelona\/#primaryimage\",\"url\":\"https:\/\/guiadelocio.es\/madrid\/wp-content\/uploads\/sites\/2\/2024\/05\/El-texto-del-parrafo-2-1-scaled.jpg\",\"contentUrl\":\"https:\/\/guiadelocio.es\/madrid\/wp-content\/uploads\/sites\/2\/2024\/05\/El-texto-del-parrafo-2-1-scaled.jpg\",\"width\":2048,\"height\":1366},{\"@type\":\"BreadcrumbList\",\"@id\":\"https:\/\/guiadelocio.es\/madrid\/jardin-alhambra-inaugura-la-temporada-de-verano-en-barcelona\/#breadcrumb\",\"itemListElement\":[{\"@type\":\"ListItem\",\"position\":1,\"name\":\"Portada\",\"item\":\"https:\/\/guiadelocio.es\/madrid\/\"},{\"@type\":\"ListItem\",\"position\":2,\"name\":\"Jard\u00edn Alhambra inaugura la temporada de verano\"}]},{\"@type\":\"WebSite\",\"@id\":\"https:\/\/guiadelocio.es\/madrid\/#website\",\"url\":\"https:\/\/guiadelocio.es\/madrid\/\",\"name\":\"Madrid | Gu\u00eda del Ocio\",\"description\":\"Qu\u00e9 hacer, d\u00f3nde comer, qu\u00e9 visitar y los lugares que no te puedes perder\",\"potentialAction\":[{\"@type\":\"SearchAction\",\"target\":{\"@type\":\"EntryPoint\",\"urlTemplate\":\"https:\/\/guiadelocio.es\/madrid\/?s={search_term_string}\"},\"query-input\":{\"@type\":\"PropertyValueSpecification\",\"valueRequired\":true,\"valueName\":\"search_term_string\"}}],\"inLanguage\":\"es\"},{\"@type\":\"Person\",\"@id\":\"https:\/\/guiadelocio.es\/madrid\/#\/schema\/person\/dedd385c3a1875e2dfb8ee808e4fca89\",\"name\":\"Gu\u00eda del Ocio\",\"image\":{\"@type\":\"ImageObject\",\"inLanguage\":\"es\",\"@id\":\"https:\/\/guiadelocio.es\/madrid\/#\/schema\/person\/image\/\",\"url\":\"https:\/\/secure.gravatar.com\/avatar\/27d9eb58286cefc2042fb32a3db3a679c555c2a21aa6719fa7916d63185b9fe9?s=96&d=mm&r=g\",\"contentUrl\":\"https:\/\/secure.gravatar.com\/avatar\/27d9eb58286cefc2042fb32a3db3a679c555c2a21aa6719fa7916d63185b9fe9?s=96&d=mm&r=g\",\"caption\":\"Gu\u00eda del Ocio\"}}]}<\/script>\n<!-- \/ Yoast SEO plugin. -->","yoast_head_json":{"title":"Jard\u00edn Alhambra inaugura la temporada de verano | Madrid","robots":{"index":"index","follow":"follow","max-snippet":"max-snippet:-1","max-image-preview":"max-image-preview:large","max-video-preview":"max-video-preview:-1"},"canonical":"https:\/\/guiadelocio.es\/madrid\/jardin-alhambra-inaugura-la-temporada-de-verano-en-barcelona\/","og_locale":"es_ES","og_type":"article","og_title":"Jard\u00edn Alhambra inaugura la temporada de verano | Madrid","og_description":"Tras el \u00e9xito de las ediciones anteriores, Jard\u00edn Alhambra vuelve a abrir sus puertas en Barcelona del 13 al 30 de junio, convirti\u00e9ndose en el oasis perfecto en el emblem\u00e1tico barrio de Poblenou. Esta edici\u00f3n se celebrar\u00e1 en ROC35 (Passatge de Masoliver, 8, Sant Mart\u00ed), un espacio multifuncional que incluye diversas salas y una terraza, [&hellip;]","og_url":"https:\/\/guiadelocio.es\/madrid\/jardin-alhambra-inaugura-la-temporada-de-verano-en-barcelona\/","og_site_name":"Madrid","article_published_time":"2024-05-29T13:27:29+00:00","article_modified_time":"2024-06-04T09:17:50+00:00","og_image":[{"width":2048,"height":1366,"url":"https:\/\/guiadelocio.es\/madrid\/wp-content\/uploads\/sites\/2\/2024\/05\/El-texto-del-parrafo-2-1-scaled.jpg","type":"image\/jpeg"}],"author":"Gu\u00eda del Ocio","twitter_card":"summary_large_image","twitter_misc":{"Escrito por":"Gu\u00eda del Ocio","Tiempo de lectura":"4 minutos"},"schema":{"@context":"https:\/\/schema.org","@graph":[{"@type":"WebPage","@id":"https:\/\/guiadelocio.es\/madrid\/jardin-alhambra-inaugura-la-temporada-de-verano-en-barcelona\/","url":"https:\/\/guiadelocio.es\/madrid\/jardin-alhambra-inaugura-la-temporada-de-verano-en-barcelona\/","name":"Jard\u00edn Alhambra inaugura la temporada de verano | Madrid","isPartOf":{"@id":"https:\/\/guiadelocio.es\/madrid\/#website"},"primaryImageOfPage":{"@id":"https:\/\/guiadelocio.es\/madrid\/jardin-alhambra-inaugura-la-temporada-de-verano-en-barcelona\/#primaryimage"},"image":{"@id":"https:\/\/guiadelocio.es\/madrid\/jardin-alhambra-inaugura-la-temporada-de-verano-en-barcelona\/#primaryimage"},"thumbnailUrl":"https:\/\/guiadelocio.es\/madrid\/wp-content\/uploads\/sites\/2\/2024\/05\/El-texto-del-parrafo-2-1-scaled.jpg","datePublished":"2024-05-29T13:27:29+00:00","dateModified":"2024-06-04T09:17:50+00:00","author":{"@id":"https:\/\/guiadelocio.es\/madrid\/#\/schema\/person\/dedd385c3a1875e2dfb8ee808e4fca89"},"breadcrumb":{"@id":"https:\/\/guiadelocio.es\/madrid\/jardin-alhambra-inaugura-la-temporada-de-verano-en-barcelona\/#breadcrumb"},"inLanguage":"es","potentialAction":[{"@type":"ReadAction","target":["https:\/\/guiadelocio.es\/madrid\/jardin-alhambra-inaugura-la-temporada-de-verano-en-barcelona\/"]}]},{"@type":"ImageObject","inLanguage":"es","@id":"https:\/\/guiadelocio.es\/madrid\/jardin-alhambra-inaugura-la-temporada-de-verano-en-barcelona\/#primaryimage","url":"https:\/\/guiadelocio.es\/madrid\/wp-content\/uploads\/sites\/2\/2024\/05\/El-texto-del-parrafo-2-1-scaled.jpg","contentUrl":"https:\/\/guiadelocio.es\/madrid\/wp-content\/uploads\/sites\/2\/2024\/05\/El-texto-del-parrafo-2-1-scaled.jpg","width":2048,"height":1366},{"@type":"BreadcrumbList","@id":"https:\/\/guiadelocio.es\/madrid\/jardin-alhambra-inaugura-la-temporada-de-verano-en-barcelona\/#breadcrumb","itemListElement":[{"@type":"ListItem","position":1,"name":"Portada","item":"https:\/\/guiadelocio.es\/madrid\/"},{"@type":"ListItem","position":2,"name":"Jard\u00edn Alhambra inaugura la temporada de verano"}]},{"@type":"WebSite","@id":"https:\/\/guiadelocio.es\/madrid\/#website","url":"https:\/\/guiadelocio.es\/madrid\/","name":"Madrid | Gu\u00eda del Ocio","description":"Qu\u00e9 hacer, d\u00f3nde comer, qu\u00e9 visitar y los lugares que no te puedes perder","potentialAction":[{"@type":"SearchAction","target":{"@type":"EntryPoint","urlTemplate":"https:\/\/guiadelocio.es\/madrid\/?s={search_term_string}"},"query-input":{"@type":"PropertyValueSpecification","valueRequired":true,"valueName":"search_term_string"}}],"inLanguage":"es"},{"@type":"Person","@id":"https:\/\/guiadelocio.es\/madrid\/#\/schema\/person\/dedd385c3a1875e2dfb8ee808e4fca89","name":"Gu\u00eda del Ocio","image":{"@type":"ImageObject","inLanguage":"es","@id":"https:\/\/guiadelocio.es\/madrid\/#\/schema\/person\/image\/","url":"https:\/\/secure.gravatar.com\/avatar\/27d9eb58286cefc2042fb32a3db3a679c555c2a21aa6719fa7916d63185b9fe9?s=96&d=mm&r=g","contentUrl":"https:\/\/secure.gravatar.com\/avatar\/27d9eb58286cefc2042fb32a3db3a679c555c2a21aa6719fa7916d63185b9fe9?s=96&d=mm&r=g","caption":"Gu\u00eda del Ocio"}}]}},"_links":{"self":[{"href":"https:\/\/guiadelocio.es\/madrid\/wp-json\/wp\/v2\/posts\/28665","targetHints":{"allow":["GET"]}}],"collection":[{"href":"https:\/\/guiadelocio.es\/madrid\/wp-json\/wp\/v2\/posts"}],"about":[{"href":"https:\/\/guiadelocio.es\/madrid\/wp-json\/wp\/v2\/types\/post"}],"author":[{"embeddable":true,"href":"https:\/\/guiadelocio.es\/madrid\/wp-json\/wp\/v2\/users\/8"}],"replies":[{"embeddable":true,"href":"https:\/\/guiadelocio.es\/madrid\/wp-json\/wp\/v2\/comments?post=28665"}],"version-history":[{"count":0,"href":"https:\/\/guiadelocio.es\/madrid\/wp-json\/wp\/v2\/posts\/28665\/revisions"}],"wp:featuredmedia":[{"embeddable":true,"href":"https:\/\/guiadelocio.es\/madrid\/wp-json\/wp\/v2\/media\/28820"}],"wp:attachment":[{"href":"https:\/\/guiadelocio.es\/madrid\/wp-json\/wp\/v2\/media?parent=28665"}],"wp:term":[{"taxonomy":"category","embeddable":true,"href":"https:\/\/guiadelocio.es\/madrid\/wp-json\/wp\/v2\/categories?post=28665"},{"taxonomy":"post_tag","embeddable":true,"href":"https:\/\/guiadelocio.es\/madrid\/wp-json\/wp\/v2\/tags?post=28665"},{"taxonomy":"category_plan","embeddable":true,"href":"https:\/\/guiadelocio.es\/madrid\/wp-json\/wp\/v2\/category_plan?post=28665"},{"taxonomy":"filter_trans","embeddable":true,"href":"https:\/\/guiadelocio.es\/madrid\/wp-json\/wp\/v2\/filter_trans?post=28665"},{"taxonomy":"filter_main","embeddable":true,"href":"https:\/\/guiadelocio.es\/madrid\/wp-json\/wp\/v2\/filter_main?post=28665"},{"taxonomy":"filter_sec","embeddable":true,"href":"https:\/\/guiadelocio.es\/madrid\/wp-json\/wp\/v2\/filter_sec?post=28665"},{"taxonomy":"barrios","embeddable":true,"href":"https:\/\/guiadelocio.es\/madrid\/wp-json\/wp\/v2\/barrios?post=28665"}],"curies":[{"name":"wp","href":"https:\/\/api.w.org\/{rel}","templated":true}]}}