{"id":28089,"date":"2024-05-08T13:58:49","date_gmt":"2024-05-08T11:58:49","guid":{"rendered":"https:\/\/guiadelocio.es\/madrid\/?p=28089"},"modified":"2024-05-08T13:58:49","modified_gmt":"2024-05-08T11:58:49","slug":"vi-festival-internacional-de-guitarra-de-madrid","status":"publish","type":"post","link":"https:\/\/guiadelocio.es\/madrid\/vi-festival-internacional-de-guitarra-de-madrid\/","title":{"rendered":"VI Festival Internacional de Guitarra de Madrid:"},"content":{"rendered":"<p>El <strong>VI Festival Internacional de Guitarra de Madrid<\/strong>, organizado por la guitarrista <strong>Laura Verdugo del Rey a<\/strong> trav\u00e9s de la asociaci\u00f3n ProM\u00fasica y Guitarra, se llevar\u00e1 a cabo <strong>del 24 de mayo al 21 de junio de 2024.<\/strong> Esta destacada celebraci\u00f3n, en su sexta edici\u00f3n, rendir\u00e1 homenaje al reconocido compositor Leo Brouwer.<\/p>\n<p>El festival se ha estructurado en torno a cinco principales grupos de actividades: <strong>conciertos, concurso, formaci\u00f3n y proyecci\u00f3n de j\u00f3venes int\u00e9rpretes, y la feria de guitarras.<\/strong> Entre los maestros y artistas destacados que participar\u00e1n en esta edici\u00f3n se encuentran <strong>David Rusell, Aniello Desiderio, Yhael May y Miguel Tr\u00e1paga<\/strong>, entre otros.<\/p>\n<p><strong>Laura Verdugo del Rey<\/strong>, reconocida int\u00e9rprete y docente, ha sido la fuerza impulsora detr\u00e1s de este festival, con el objetivo de promover y enaltecer la guitarra en Madrid, una ciudad emblem\u00e1tica para este instrumento. En esta ocasi\u00f3n, se ha decidido honrar la trayectoria de <strong>Leo Brouwer,<\/strong> uno de los grandes referentes de la guitarra en los \u00faltimos siglos.<\/p>\n<p><img decoding=\"async\" class=\"wp-image-28129 aligncenter\" src=\"https:\/\/guiadelocio.es\/madrid\/wp-content\/uploads\/sites\/2\/2024\/05\/FLYER-FIGUIM-2024-1_page-0001-1-212x300.webp\" alt=\"\" width=\"604\" height=\"855\" srcset=\"https:\/\/guiadelocio.es\/madrid\/wp-content\/uploads\/sites\/2\/2024\/05\/FLYER-FIGUIM-2024-1_page-0001-1-212x300.webp 212w, https:\/\/guiadelocio.es\/madrid\/wp-content\/uploads\/sites\/2\/2024\/05\/FLYER-FIGUIM-2024-1_page-0001-1-jpg.webp 1449w, https:\/\/guiadelocio.es\/madrid\/wp-content\/uploads\/sites\/2\/2024\/05\/FLYER-FIGUIM-2024-1_page-0001-1-651x920.webp 651w, https:\/\/guiadelocio.es\/madrid\/wp-content\/uploads\/sites\/2\/2024\/05\/FLYER-FIGUIM-2024-1_page-0001-1-306x432.webp 306w, https:\/\/guiadelocio.es\/madrid\/wp-content\/uploads\/sites\/2\/2024\/05\/FLYER-FIGUIM-2024-1_page-0001-1-142x200.webp 142w\" sizes=\"(max-width: 604px) 100vw, 604px\" \/><\/p>\n<p>La programaci\u00f3n del festival abarcar\u00e1 una amplia variedad de eventos, comenzando con una serie de conciertos que tendr\u00e1n lugar en distintos puntos de la ciudad. Destacan nombres como <strong>Junhong Kuang, \u00c1lvaro Toscano, Mateo Camisassa, Yun Duan, Erika Takada,<\/strong> entre otros.<\/p>\n<p>Adem\u00e1s de los conciertos, se ofrecer\u00e1n oportunidades de formaci\u00f3n a trav\u00e9s de <strong>masterclass<\/strong> impartidas por reconocidos int\u00e9rpretes como <strong>David Russel<\/strong>l y <strong>Anabel Montesinos<\/strong>. Asimismo, se llevar\u00e1 a cabo el <strong>Concurso Internacional de Guitarra de Madrid<\/strong>, dividido en categor\u00edas profesional y juvenil, con el objetivo de impulsar a j\u00f3venes talentos en el mundo de la interpretaci\u00f3n con la guitarra.<\/p>\n<p>Una novedad en esta edici\u00f3n es la creaci\u00f3n de la <strong>Orquesta Beginners FIGUIM<\/strong>, dirigida a j\u00f3venes estudiantes que deseen experimentar el trabajo en grupo y compartir m\u00fasica en un ambiente colaborativo. Esta iniciativa busca promover valores como el trabajo en equipo y la camarader\u00eda musical.<\/p>\n<p>El apoyo de empresas como WhiteSummit Capital y el Ayuntamiento de Rivas Vaciamadrid, junto con la colaboraci\u00f3n de la Asociaci\u00f3n Pro M\u00fasica y Guitarra, ha sido fundamental para la realizaci\u00f3n de este evento sin \u00e1nimo de lucro.<\/p>\n<p>El <strong>VI Festival Internacional de Guitarra de Madrid<\/strong> es un encuentro enriquecedor para amantes de la guitarra, tanto aficionados como profesionales, con una amplia oferta de conciertos, actividades formativas y oportunidades de interacci\u00f3n entre artistas y p\u00fablico.<\/p>\n<p>&nbsp;<\/p>\n<p>&nbsp;<\/p>\n","protected":false},"excerpt":{"rendered":"<p>El VI Festival Internacional de Guitarra de Madrid, organizado por la guitarrista Laura Verdugo del Rey a trav\u00e9s de la asociaci\u00f3n ProM\u00fasica y Guitarra, se llevar\u00e1 a cabo del 24 de mayo al 21 de junio de 2024. Esta destacada celebraci\u00f3n, en su sexta edici\u00f3n, rendir\u00e1 homenaje al reconocido compositor Leo Brouwer. El festival se [&hellip;]<\/p>\n","protected":false},"author":8,"featured_media":28127,"comment_status":"closed","ping_status":"closed","sticky":false,"template":"","format":"standard","meta":{"_acf_changed":false,"footnotes":""},"categories":[1],"tags":[],"category_plan":[4,391],"filter_trans":[],"filter_main":[],"filter_sec":[],"barrios":[],"class_list":["post-28089","post","type-post","status-publish","format-standard","has-post-thumbnail","hentry","category-sin-categorizar"],"acf":[],"yoast_head":"<!-- This site is optimized with the Yoast SEO plugin v26.0 - https:\/\/yoast.com\/wordpress\/plugins\/seo\/ -->\n<title>VI Festival Internacional de Guitarra de Madrid: | Madrid<\/title>\n<meta name=\"description\" content=\"VI Festival Internacional de Guitarra de Madrid:\" \/>\n<meta name=\"robots\" content=\"index, follow, max-snippet:-1, max-image-preview:large, max-video-preview:-1\" \/>\n<link rel=\"canonical\" href=\"https:\/\/guiadelocio.es\/madrid\/vi-festival-internacional-de-guitarra-de-madrid\/\" \/>\n<meta property=\"og:locale\" content=\"es_ES\" \/>\n<meta property=\"og:type\" content=\"article\" \/>\n<meta property=\"og:title\" content=\"VI Festival Internacional de Guitarra de Madrid: | Madrid\" \/>\n<meta property=\"og:description\" content=\"VI Festival Internacional de Guitarra de Madrid:\" \/>\n<meta property=\"og:url\" content=\"https:\/\/guiadelocio.es\/madrid\/vi-festival-internacional-de-guitarra-de-madrid\/\" \/>\n<meta property=\"og:site_name\" content=\"Madrid\" \/>\n<meta property=\"article:published_time\" content=\"2024-05-08T11:58:49+00:00\" \/>\n<meta property=\"og:image\" content=\"https:\/\/guiadelocio.es\/madrid\/wp-content\/uploads\/sites\/2\/2024\/05\/Banner-FIGUIM-Guia-del-Ocio-1-1-1-1.png\" \/>\n\t<meta property=\"og:image:width\" content=\"1750\" \/>\n\t<meta property=\"og:image:height\" content=\"985\" \/>\n\t<meta property=\"og:image:type\" content=\"image\/png\" \/>\n<meta name=\"author\" content=\"Gu\u00eda del Ocio\" \/>\n<meta name=\"twitter:card\" content=\"summary_large_image\" \/>\n<meta name=\"twitter:label1\" content=\"Escrito por\" \/>\n\t<meta name=\"twitter:data1\" content=\"Gu\u00eda del Ocio\" \/>\n\t<meta name=\"twitter:label2\" content=\"Tiempo de lectura\" \/>\n\t<meta name=\"twitter:data2\" content=\"2 minutos\" \/>\n<script type=\"application\/ld+json\" class=\"yoast-schema-graph\">{\"@context\":\"https:\/\/schema.org\",\"@graph\":[{\"@type\":\"WebPage\",\"@id\":\"https:\/\/guiadelocio.es\/madrid\/vi-festival-internacional-de-guitarra-de-madrid\/\",\"url\":\"https:\/\/guiadelocio.es\/madrid\/vi-festival-internacional-de-guitarra-de-madrid\/\",\"name\":\"VI Festival Internacional de Guitarra de Madrid: | Madrid\",\"isPartOf\":{\"@id\":\"https:\/\/guiadelocio.es\/madrid\/#website\"},\"primaryImageOfPage\":{\"@id\":\"https:\/\/guiadelocio.es\/madrid\/vi-festival-internacional-de-guitarra-de-madrid\/#primaryimage\"},\"image\":{\"@id\":\"https:\/\/guiadelocio.es\/madrid\/vi-festival-internacional-de-guitarra-de-madrid\/#primaryimage\"},\"thumbnailUrl\":\"https:\/\/guiadelocio.es\/madrid\/wp-content\/uploads\/sites\/2\/2024\/05\/Banner-FIGUIM-Guia-del-Ocio-1-1-1-1.png\",\"datePublished\":\"2024-05-08T11:58:49+00:00\",\"author\":{\"@id\":\"https:\/\/guiadelocio.es\/madrid\/#\/schema\/person\/dedd385c3a1875e2dfb8ee808e4fca89\"},\"description\":\"VI Festival Internacional de Guitarra de Madrid:\",\"breadcrumb\":{\"@id\":\"https:\/\/guiadelocio.es\/madrid\/vi-festival-internacional-de-guitarra-de-madrid\/#breadcrumb\"},\"inLanguage\":\"es\",\"potentialAction\":[{\"@type\":\"ReadAction\",\"target\":[\"https:\/\/guiadelocio.es\/madrid\/vi-festival-internacional-de-guitarra-de-madrid\/\"]}]},{\"@type\":\"ImageObject\",\"inLanguage\":\"es\",\"@id\":\"https:\/\/guiadelocio.es\/madrid\/vi-festival-internacional-de-guitarra-de-madrid\/#primaryimage\",\"url\":\"https:\/\/guiadelocio.es\/madrid\/wp-content\/uploads\/sites\/2\/2024\/05\/Banner-FIGUIM-Guia-del-Ocio-1-1-1-1.png\",\"contentUrl\":\"https:\/\/guiadelocio.es\/madrid\/wp-content\/uploads\/sites\/2\/2024\/05\/Banner-FIGUIM-Guia-del-Ocio-1-1-1-1.png\",\"width\":1750,\"height\":985},{\"@type\":\"BreadcrumbList\",\"@id\":\"https:\/\/guiadelocio.es\/madrid\/vi-festival-internacional-de-guitarra-de-madrid\/#breadcrumb\",\"itemListElement\":[{\"@type\":\"ListItem\",\"position\":1,\"name\":\"Portada\",\"item\":\"https:\/\/guiadelocio.es\/madrid\/\"},{\"@type\":\"ListItem\",\"position\":2,\"name\":\"VI Festival Internacional de Guitarra de Madrid:\"}]},{\"@type\":\"WebSite\",\"@id\":\"https:\/\/guiadelocio.es\/madrid\/#website\",\"url\":\"https:\/\/guiadelocio.es\/madrid\/\",\"name\":\"Madrid | Gu\u00eda del Ocio\",\"description\":\"Qu\u00e9 hacer, d\u00f3nde comer, qu\u00e9 visitar y los lugares que no te puedes perder\",\"potentialAction\":[{\"@type\":\"SearchAction\",\"target\":{\"@type\":\"EntryPoint\",\"urlTemplate\":\"https:\/\/guiadelocio.es\/madrid\/?s={search_term_string}\"},\"query-input\":{\"@type\":\"PropertyValueSpecification\",\"valueRequired\":true,\"valueName\":\"search_term_string\"}}],\"inLanguage\":\"es\"},{\"@type\":\"Person\",\"@id\":\"https:\/\/guiadelocio.es\/madrid\/#\/schema\/person\/dedd385c3a1875e2dfb8ee808e4fca89\",\"name\":\"Gu\u00eda del Ocio\",\"image\":{\"@type\":\"ImageObject\",\"inLanguage\":\"es\",\"@id\":\"https:\/\/guiadelocio.es\/madrid\/#\/schema\/person\/image\/\",\"url\":\"https:\/\/secure.gravatar.com\/avatar\/27d9eb58286cefc2042fb32a3db3a679c555c2a21aa6719fa7916d63185b9fe9?s=96&d=mm&r=g\",\"contentUrl\":\"https:\/\/secure.gravatar.com\/avatar\/27d9eb58286cefc2042fb32a3db3a679c555c2a21aa6719fa7916d63185b9fe9?s=96&d=mm&r=g\",\"caption\":\"Gu\u00eda del Ocio\"}}]}<\/script>\n<!-- \/ Yoast SEO plugin. -->","yoast_head_json":{"title":"VI Festival Internacional de Guitarra de Madrid: | Madrid","description":"VI Festival Internacional de Guitarra de Madrid:","robots":{"index":"index","follow":"follow","max-snippet":"max-snippet:-1","max-image-preview":"max-image-preview:large","max-video-preview":"max-video-preview:-1"},"canonical":"https:\/\/guiadelocio.es\/madrid\/vi-festival-internacional-de-guitarra-de-madrid\/","og_locale":"es_ES","og_type":"article","og_title":"VI Festival Internacional de Guitarra de Madrid: | Madrid","og_description":"VI Festival Internacional de Guitarra de Madrid:","og_url":"https:\/\/guiadelocio.es\/madrid\/vi-festival-internacional-de-guitarra-de-madrid\/","og_site_name":"Madrid","article_published_time":"2024-05-08T11:58:49+00:00","og_image":[{"width":1750,"height":985,"url":"https:\/\/guiadelocio.es\/madrid\/wp-content\/uploads\/sites\/2\/2024\/05\/Banner-FIGUIM-Guia-del-Ocio-1-1-1-1.png","type":"image\/png"}],"author":"Gu\u00eda del Ocio","twitter_card":"summary_large_image","twitter_misc":{"Escrito por":"Gu\u00eda del Ocio","Tiempo de lectura":"2 minutos"},"schema":{"@context":"https:\/\/schema.org","@graph":[{"@type":"WebPage","@id":"https:\/\/guiadelocio.es\/madrid\/vi-festival-internacional-de-guitarra-de-madrid\/","url":"https:\/\/guiadelocio.es\/madrid\/vi-festival-internacional-de-guitarra-de-madrid\/","name":"VI Festival Internacional de Guitarra de Madrid: | Madrid","isPartOf":{"@id":"https:\/\/guiadelocio.es\/madrid\/#website"},"primaryImageOfPage":{"@id":"https:\/\/guiadelocio.es\/madrid\/vi-festival-internacional-de-guitarra-de-madrid\/#primaryimage"},"image":{"@id":"https:\/\/guiadelocio.es\/madrid\/vi-festival-internacional-de-guitarra-de-madrid\/#primaryimage"},"thumbnailUrl":"https:\/\/guiadelocio.es\/madrid\/wp-content\/uploads\/sites\/2\/2024\/05\/Banner-FIGUIM-Guia-del-Ocio-1-1-1-1.png","datePublished":"2024-05-08T11:58:49+00:00","author":{"@id":"https:\/\/guiadelocio.es\/madrid\/#\/schema\/person\/dedd385c3a1875e2dfb8ee808e4fca89"},"description":"VI Festival Internacional de Guitarra de Madrid:","breadcrumb":{"@id":"https:\/\/guiadelocio.es\/madrid\/vi-festival-internacional-de-guitarra-de-madrid\/#breadcrumb"},"inLanguage":"es","potentialAction":[{"@type":"ReadAction","target":["https:\/\/guiadelocio.es\/madrid\/vi-festival-internacional-de-guitarra-de-madrid\/"]}]},{"@type":"ImageObject","inLanguage":"es","@id":"https:\/\/guiadelocio.es\/madrid\/vi-festival-internacional-de-guitarra-de-madrid\/#primaryimage","url":"https:\/\/guiadelocio.es\/madrid\/wp-content\/uploads\/sites\/2\/2024\/05\/Banner-FIGUIM-Guia-del-Ocio-1-1-1-1.png","contentUrl":"https:\/\/guiadelocio.es\/madrid\/wp-content\/uploads\/sites\/2\/2024\/05\/Banner-FIGUIM-Guia-del-Ocio-1-1-1-1.png","width":1750,"height":985},{"@type":"BreadcrumbList","@id":"https:\/\/guiadelocio.es\/madrid\/vi-festival-internacional-de-guitarra-de-madrid\/#breadcrumb","itemListElement":[{"@type":"ListItem","position":1,"name":"Portada","item":"https:\/\/guiadelocio.es\/madrid\/"},{"@type":"ListItem","position":2,"name":"VI Festival Internacional de Guitarra de Madrid:"}]},{"@type":"WebSite","@id":"https:\/\/guiadelocio.es\/madrid\/#website","url":"https:\/\/guiadelocio.es\/madrid\/","name":"Madrid | Gu\u00eda del Ocio","description":"Qu\u00e9 hacer, d\u00f3nde comer, qu\u00e9 visitar y los lugares que no te puedes perder","potentialAction":[{"@type":"SearchAction","target":{"@type":"EntryPoint","urlTemplate":"https:\/\/guiadelocio.es\/madrid\/?s={search_term_string}"},"query-input":{"@type":"PropertyValueSpecification","valueRequired":true,"valueName":"search_term_string"}}],"inLanguage":"es"},{"@type":"Person","@id":"https:\/\/guiadelocio.es\/madrid\/#\/schema\/person\/dedd385c3a1875e2dfb8ee808e4fca89","name":"Gu\u00eda del Ocio","image":{"@type":"ImageObject","inLanguage":"es","@id":"https:\/\/guiadelocio.es\/madrid\/#\/schema\/person\/image\/","url":"https:\/\/secure.gravatar.com\/avatar\/27d9eb58286cefc2042fb32a3db3a679c555c2a21aa6719fa7916d63185b9fe9?s=96&d=mm&r=g","contentUrl":"https:\/\/secure.gravatar.com\/avatar\/27d9eb58286cefc2042fb32a3db3a679c555c2a21aa6719fa7916d63185b9fe9?s=96&d=mm&r=g","caption":"Gu\u00eda del Ocio"}}]}},"_links":{"self":[{"href":"https:\/\/guiadelocio.es\/madrid\/wp-json\/wp\/v2\/posts\/28089","targetHints":{"allow":["GET"]}}],"collection":[{"href":"https:\/\/guiadelocio.es\/madrid\/wp-json\/wp\/v2\/posts"}],"about":[{"href":"https:\/\/guiadelocio.es\/madrid\/wp-json\/wp\/v2\/types\/post"}],"author":[{"embeddable":true,"href":"https:\/\/guiadelocio.es\/madrid\/wp-json\/wp\/v2\/users\/8"}],"replies":[{"embeddable":true,"href":"https:\/\/guiadelocio.es\/madrid\/wp-json\/wp\/v2\/comments?post=28089"}],"version-history":[{"count":0,"href":"https:\/\/guiadelocio.es\/madrid\/wp-json\/wp\/v2\/posts\/28089\/revisions"}],"wp:featuredmedia":[{"embeddable":true,"href":"https:\/\/guiadelocio.es\/madrid\/wp-json\/wp\/v2\/media\/28127"}],"wp:attachment":[{"href":"https:\/\/guiadelocio.es\/madrid\/wp-json\/wp\/v2\/media?parent=28089"}],"wp:term":[{"taxonomy":"category","embeddable":true,"href":"https:\/\/guiadelocio.es\/madrid\/wp-json\/wp\/v2\/categories?post=28089"},{"taxonomy":"post_tag","embeddable":true,"href":"https:\/\/guiadelocio.es\/madrid\/wp-json\/wp\/v2\/tags?post=28089"},{"taxonomy":"category_plan","embeddable":true,"href":"https:\/\/guiadelocio.es\/madrid\/wp-json\/wp\/v2\/category_plan?post=28089"},{"taxonomy":"filter_trans","embeddable":true,"href":"https:\/\/guiadelocio.es\/madrid\/wp-json\/wp\/v2\/filter_trans?post=28089"},{"taxonomy":"filter_main","embeddable":true,"href":"https:\/\/guiadelocio.es\/madrid\/wp-json\/wp\/v2\/filter_main?post=28089"},{"taxonomy":"filter_sec","embeddable":true,"href":"https:\/\/guiadelocio.es\/madrid\/wp-json\/wp\/v2\/filter_sec?post=28089"},{"taxonomy":"barrios","embeddable":true,"href":"https:\/\/guiadelocio.es\/madrid\/wp-json\/wp\/v2\/barrios?post=28089"}],"curies":[{"name":"wp","href":"https:\/\/api.w.org\/{rel}","templated":true}]}}