{"id":26934,"date":"2024-03-25T18:41:50","date_gmt":"2024-03-25T17:41:50","guid":{"rendered":"https:\/\/guiadelocio.es\/madrid\/?p=26934"},"modified":"2024-04-11T14:51:13","modified_gmt":"2024-04-11T12:51:13","slug":"emma-y-el-jaguar-negro-estreno-en-cines-el-12-de-abril","status":"publish","type":"post","link":"https:\/\/guiadelocio.es\/madrid\/emma-y-el-jaguar-negro-estreno-en-cines-el-12-de-abril\/","title":{"rendered":"Emma y el jaguar negro: 12 de abril SOLO EN CINES"},"content":{"rendered":"<h2><strong>12 de abril SOLO EN CINES<\/strong><\/h2>\n<p><strong>\u00abEmma y el jaguar negro\u00bb llegar\u00e1 a los cines el pr\u00f3ximo 12 de abril<\/strong>, ofreciendo una experiencia cinematogr\u00e1fica emocionante para toda la familia. Producida por el mismo equipo detr\u00e1s de \u00e9xitos previos como <strong>\u00abMia y el Le\u00f3n Blanco\u00bb<\/strong> y <strong>\u00abEl Lobo y el Le\u00f3n\u00bb,<\/strong> esta pel\u00edcula nos sumerge en una historia de amistad y valent\u00eda en la selva amaz\u00f3nica.<\/p>\n<p><img decoding=\"async\" class=\"wp-image-26967 aligncenter\" src=\"https:\/\/guiadelocio.es\/madrid\/wp-content\/uploads\/sites\/2\/2024\/03\/PostInstagram_10801080_EMMA-Y-EL-JAGUAR-NEGRO-300x300.webp\" alt=\"\" width=\"509\" height=\"509\" srcset=\"https:\/\/guiadelocio.es\/madrid\/wp-content\/uploads\/sites\/2\/2024\/03\/PostInstagram_10801080_EMMA-Y-EL-JAGUAR-NEGRO-300x300.webp 300w, https:\/\/guiadelocio.es\/madrid\/wp-content\/uploads\/sites\/2\/2024\/03\/PostInstagram_10801080_EMMA-Y-EL-JAGUAR-NEGRO-1024x1024.webp 1024w, https:\/\/guiadelocio.es\/madrid\/wp-content\/uploads\/sites\/2\/2024\/03\/PostInstagram_10801080_EMMA-Y-EL-JAGUAR-NEGRO-150x150.webp 150w, https:\/\/guiadelocio.es\/madrid\/wp-content\/uploads\/sites\/2\/2024\/03\/PostInstagram_10801080_EMMA-Y-EL-JAGUAR-NEGRO-768x768.webp 768w, https:\/\/guiadelocio.es\/madrid\/wp-content\/uploads\/sites\/2\/2024\/03\/PostInstagram_10801080_EMMA-Y-EL-JAGUAR-NEGRO-920x920.webp 920w, https:\/\/guiadelocio.es\/madrid\/wp-content\/uploads\/sites\/2\/2024\/03\/PostInstagram_10801080_EMMA-Y-EL-JAGUAR-NEGRO-432x432.webp 432w, https:\/\/guiadelocio.es\/madrid\/wp-content\/uploads\/sites\/2\/2024\/03\/PostInstagram_10801080_EMMA-Y-EL-JAGUAR-NEGRO-200x200.webp 200w, https:\/\/guiadelocio.es\/madrid\/wp-content\/uploads\/sites\/2\/2024\/03\/PostInstagram_10801080_EMMA-Y-EL-JAGUAR-NEGRO-jpg.webp 1080w\" sizes=\"(max-width: 509px) 100vw, 509px\" \/><\/p>\n<p>&nbsp;<\/p>\n<p>La trama sigue a Emma, una adolescente neoyorquina que, tras un evento tr\u00e1gico en su infancia en la selva amaz\u00f3nica, se ve obligada a mudarse a la bulliciosa ciudad de Nueva York con su padre, Saul Edison, un m\u00e9dico que busca protegerla de los peligros del mundo exterior. A\u00f1os despu\u00e9s, Emma descubre que su pueblo natal est\u00e1 amenazado por traficantes de animales que buscan capturar y explotar a las criaturas salvajes de la selva, incluida su amiga jaguar, Hope. Impulsada por el deseo de salvar a Hope y proteger su hogar, Emma decide regresar a la selva amaz\u00f3nica, aunque eso signifique enfrentarse a peligros desconocidos.<\/p>\n<p>Con la ayuda de su profesora de biolog\u00eda, Anja, y amigos ind\u00edgenas como Or\u00e9 y Celya, Emma se embarca en una peligrosa aventura llena de desaf\u00edos y descubrimientos. Juntos, luchan contra los cazadores furtivos y los intereses corruptos que amenazan la vida silvestre y la integridad de la selva amaz\u00f3nica, en un intento desesperado por proteger un mundo que consideran sagrado.<\/p>\n<p><img decoding=\"async\" class=\"wp-image-26961 aligncenter\" src=\"https:\/\/guiadelocio.es\/madrid\/wp-content\/uploads\/sites\/2\/2024\/03\/Imagen-2-300x200.webp\" alt=\"\" width=\"508\" height=\"338\" srcset=\"https:\/\/guiadelocio.es\/madrid\/wp-content\/uploads\/sites\/2\/2024\/03\/Imagen-2-300x200.webp 300w, https:\/\/guiadelocio.es\/madrid\/wp-content\/uploads\/sites\/2\/2024\/03\/Imagen-2-1024x682.webp 1024w, https:\/\/guiadelocio.es\/madrid\/wp-content\/uploads\/sites\/2\/2024\/03\/Imagen-2-768x512.webp 768w, https:\/\/guiadelocio.es\/madrid\/wp-content\/uploads\/sites\/2\/2024\/03\/Imagen-2-1536x1024.webp 1536w, https:\/\/guiadelocio.es\/madrid\/wp-content\/uploads\/sites\/2\/2024\/03\/Imagen-2-1380x920.webp 1380w, https:\/\/guiadelocio.es\/madrid\/wp-content\/uploads\/sites\/2\/2024\/03\/Imagen-2-640x427.webp 640w, https:\/\/guiadelocio.es\/madrid\/wp-content\/uploads\/sites\/2\/2024\/03\/Imagen-2-266x177.webp 266w, https:\/\/guiadelocio.es\/madrid\/wp-content\/uploads\/sites\/2\/2024\/03\/Imagen-2.jpg 2000w\" sizes=\"(max-width: 508px) 100vw, 508px\" \/><\/p>\n<p>&nbsp;<\/p>\n<p><strong>\u00abEmma y el Jaguar Negro\u00bb ha sido catalogada como \u00abespecialmente recomendada para la infancia\u00bb.<\/strong><\/p>\n<p>Dirigida por <strong>Gilles de Maistre<\/strong> y protagonizada por <strong>Lumi Pollack<\/strong> como Emma, <strong>Emily Bett Rickards<\/strong> como Anja y <strong>Paul Greene<\/strong> como Saul Edison, la pel\u00edcula ofrece una inmersi\u00f3n en la selva amaz\u00f3nica y aborda temas relevantes como la conservaci\u00f3n del medio ambiente y la protecci\u00f3n de especies en peligro de extinci\u00f3n.<\/p>\n<p>El elenco tambi\u00e9n incluye a Wayne Baker, Kelly Hope Taylor y Lucrezia Pini en roles importantes. Con un estreno exitoso en Francia, donde ocup\u00f3 el segundo lugar en la taquilla, <strong>\u00abEmma y el Jaguar Negro\u00bb<\/strong> busca cautivar al p\u00fablico con su historia y sus impresionantes escenarios. <strong>No te pierdas la oportunidad de disfrutar de esta nueva aventura en la gran pantalla a partir del 12 de abril.<\/strong><\/p>\n<div class=\"js--player\" data-plyr-provider=\"youtube\" data-plyr-embed-id=\"bgILujZwPt4\" data-origin=\"bgILujZwPt4\"><\/div>\n<p align=\"justify\"><strong>El bosque de Emma y Hope ya es una realidad<\/strong><\/p>\n<p align=\"justify\">Los jaguares, que viven mayoritariamente en la cuenca del Amazonas, son una especie casi amenazada de extinci\u00f3n. Una de las principales causas es la deforestaci\u00f3n de su h\u00e1bitat: cada d\u00eda se talan casi 225.000 \u00e1rboles en el altar ecol\u00f3gico de la humanidad.<\/p>\n<p align=\"justify\">Para ayudar a la ONG Saving the Amazon en su labor de reforestaci\u00f3n de la selva, Tripictures, la distribuidora espa\u00f1ola de Emma y el jaguar negro, ha animado al p\u00fablico a ver el tr\u00e1iler de la pel\u00edcula a trav\u00e9s de\u00a0<a href=\"http:\/\/www.<span>ayudaalamazonasconemma.es<\/span>\/\" target=\"_blank\" rel=\"noopener\" data-saferedirecturl=\"https:\/\/www.google.com\/url?q=http:\/\/www.<span>ayudaalamazonasconemma.es<\/span>\/&amp;source=gmail&amp;ust=1712912434438000&amp;usg=AOvVaw1WQSikTQyIPZpi6aWPziLr\"><span>ayudaalamazonasconemma.es<\/span><\/a>.<\/p>\n<p align=\"justify\">El reto era superar las 100.000 visualizaciones, pero la respuesta ha sido espectacular: el tr\u00e1iler va camino de los dos millones visualizaciones. Saving the Amazon ya est\u00e1 empezando a sembrar \u201cEl bosque de Emma y Hope\u201d con una de las comunidades ind\u00edgenas con las que colaboran, permiti\u00e9ndoles preservar su entorno, autoabastecerse y tener una alternativa econ\u00f3mica sostenible.<\/p>\n","protected":false},"excerpt":{"rendered":"<p>12 de abril SOLO EN CINES \u00abEmma y el jaguar negro\u00bb llegar\u00e1 a los cines el pr\u00f3ximo 12 de abril, ofreciendo una experiencia cinematogr\u00e1fica emocionante para toda la familia. Producida por el mismo equipo detr\u00e1s de \u00e9xitos previos como \u00abMia y el Le\u00f3n Blanco\u00bb y \u00abEl Lobo y el Le\u00f3n\u00bb, esta pel\u00edcula nos sumerge en [&hellip;]<\/p>\n","protected":false},"author":8,"featured_media":26979,"comment_status":"closed","ping_status":"closed","sticky":false,"template":"","format":"standard","meta":{"_acf_changed":false,"footnotes":""},"categories":[1],"tags":[],"category_plan":[47,143,177],"filter_trans":[],"filter_main":[],"filter_sec":[],"barrios":[],"class_list":["post-26934","post","type-post","status-publish","format-standard","has-post-thumbnail","hentry","category-sin-categorizar"],"acf":[],"yoast_head":"<!-- This site is optimized with the Yoast SEO plugin v26.0 - https:\/\/yoast.com\/wordpress\/plugins\/seo\/ -->\n<title>Emma y el jaguar negro: 12 de abril SOLO EN CINES | Madrid<\/title>\n<meta name=\"description\" content=\"El 12 de abril se estrena en cines &quot;Emma y el Jaguar Negro&quot;, una emocionante aventura en la selva amaz\u00f3nica.\" \/>\n<meta name=\"robots\" content=\"index, follow, max-snippet:-1, max-image-preview:large, max-video-preview:-1\" \/>\n<link rel=\"canonical\" href=\"https:\/\/guiadelocio.es\/madrid\/emma-y-el-jaguar-negro-estreno-en-cines-el-12-de-abril\/\" \/>\n<meta property=\"og:locale\" content=\"es_ES\" \/>\n<meta property=\"og:type\" content=\"article\" \/>\n<meta property=\"og:title\" content=\"Emma y el jaguar negro: 12 de abril SOLO EN CINES | Madrid\" \/>\n<meta property=\"og:description\" content=\"El 12 de abril se estrena en cines &quot;Emma y el Jaguar Negro&quot;, una emocionante aventura en la selva amaz\u00f3nica.\" \/>\n<meta property=\"og:url\" content=\"https:\/\/guiadelocio.es\/madrid\/emma-y-el-jaguar-negro-estreno-en-cines-el-12-de-abril\/\" \/>\n<meta property=\"og:site_name\" content=\"Madrid\" \/>\n<meta property=\"article:published_time\" content=\"2024-03-25T17:41:50+00:00\" \/>\n<meta property=\"article:modified_time\" content=\"2024-04-11T12:51:13+00:00\" \/>\n<meta property=\"og:image\" content=\"https:\/\/guiadelocio.es\/madrid\/wp-content\/uploads\/sites\/2\/2024\/03\/Le-Dernier-jaguar-Stills-Press-Photos-6661x4443-2023-MAI-JUIN-PRODUCTIONS-WISHING-TREE-PRODUCTI-1-jpg-1200x800-5b2df79-jpg.webp\" \/>\n\t<meta property=\"og:image:width\" content=\"1199\" \/>\n\t<meta property=\"og:image:height\" content=\"800\" \/>\n\t<meta property=\"og:image:type\" content=\"image\/jpeg\" \/>\n<meta name=\"author\" content=\"Gu\u00eda del Ocio\" \/>\n<meta name=\"twitter:card\" content=\"summary_large_image\" \/>\n<meta name=\"twitter:label1\" content=\"Escrito por\" \/>\n\t<meta name=\"twitter:data1\" content=\"Gu\u00eda del Ocio\" \/>\n\t<meta name=\"twitter:label2\" content=\"Tiempo de lectura\" \/>\n\t<meta name=\"twitter:data2\" content=\"3 minutos\" \/>\n<script type=\"application\/ld+json\" class=\"yoast-schema-graph\">{\"@context\":\"https:\/\/schema.org\",\"@graph\":[{\"@type\":\"WebPage\",\"@id\":\"https:\/\/guiadelocio.es\/madrid\/emma-y-el-jaguar-negro-estreno-en-cines-el-12-de-abril\/\",\"url\":\"https:\/\/guiadelocio.es\/madrid\/emma-y-el-jaguar-negro-estreno-en-cines-el-12-de-abril\/\",\"name\":\"Emma y el jaguar negro: 12 de abril SOLO EN CINES | Madrid\",\"isPartOf\":{\"@id\":\"https:\/\/guiadelocio.es\/madrid\/#website\"},\"primaryImageOfPage\":{\"@id\":\"https:\/\/guiadelocio.es\/madrid\/emma-y-el-jaguar-negro-estreno-en-cines-el-12-de-abril\/#primaryimage\"},\"image\":{\"@id\":\"https:\/\/guiadelocio.es\/madrid\/emma-y-el-jaguar-negro-estreno-en-cines-el-12-de-abril\/#primaryimage\"},\"thumbnailUrl\":\"https:\/\/guiadelocio.es\/madrid\/wp-content\/uploads\/sites\/2\/2024\/03\/Le-Dernier-jaguar-Stills-Press-Photos-6661x4443-2023-MAI-JUIN-PRODUCTIONS-WISHING-TREE-PRODUCTI-1-jpg-1200x800-5b2df79-jpg.webp\",\"datePublished\":\"2024-03-25T17:41:50+00:00\",\"dateModified\":\"2024-04-11T12:51:13+00:00\",\"author\":{\"@id\":\"https:\/\/guiadelocio.es\/madrid\/#\/schema\/person\/dedd385c3a1875e2dfb8ee808e4fca89\"},\"description\":\"El 12 de abril se estrena en cines \\\"Emma y el Jaguar Negro\\\", una emocionante aventura en la selva amaz\u00f3nica.\",\"breadcrumb\":{\"@id\":\"https:\/\/guiadelocio.es\/madrid\/emma-y-el-jaguar-negro-estreno-en-cines-el-12-de-abril\/#breadcrumb\"},\"inLanguage\":\"es\",\"potentialAction\":[{\"@type\":\"ReadAction\",\"target\":[\"https:\/\/guiadelocio.es\/madrid\/emma-y-el-jaguar-negro-estreno-en-cines-el-12-de-abril\/\"]}]},{\"@type\":\"ImageObject\",\"inLanguage\":\"es\",\"@id\":\"https:\/\/guiadelocio.es\/madrid\/emma-y-el-jaguar-negro-estreno-en-cines-el-12-de-abril\/#primaryimage\",\"url\":\"https:\/\/guiadelocio.es\/madrid\/wp-content\/uploads\/sites\/2\/2024\/03\/Le-Dernier-jaguar-Stills-Press-Photos-6661x4443-2023-MAI-JUIN-PRODUCTIONS-WISHING-TREE-PRODUCTI-1-jpg-1200x800-5b2df79-jpg.webp\",\"contentUrl\":\"https:\/\/guiadelocio.es\/madrid\/wp-content\/uploads\/sites\/2\/2024\/03\/Le-Dernier-jaguar-Stills-Press-Photos-6661x4443-2023-MAI-JUIN-PRODUCTIONS-WISHING-TREE-PRODUCTI-1-jpg-1200x800-5b2df79-jpg.webp\",\"width\":1199,\"height\":800},{\"@type\":\"BreadcrumbList\",\"@id\":\"https:\/\/guiadelocio.es\/madrid\/emma-y-el-jaguar-negro-estreno-en-cines-el-12-de-abril\/#breadcrumb\",\"itemListElement\":[{\"@type\":\"ListItem\",\"position\":1,\"name\":\"Portada\",\"item\":\"https:\/\/guiadelocio.es\/madrid\/\"},{\"@type\":\"ListItem\",\"position\":2,\"name\":\"Emma y el jaguar negro: 12 de abril SOLO EN CINES\"}]},{\"@type\":\"WebSite\",\"@id\":\"https:\/\/guiadelocio.es\/madrid\/#website\",\"url\":\"https:\/\/guiadelocio.es\/madrid\/\",\"name\":\"Madrid | Gu\u00eda del Ocio\",\"description\":\"Qu\u00e9 hacer, d\u00f3nde comer, qu\u00e9 visitar y los lugares que no te puedes perder\",\"potentialAction\":[{\"@type\":\"SearchAction\",\"target\":{\"@type\":\"EntryPoint\",\"urlTemplate\":\"https:\/\/guiadelocio.es\/madrid\/?s={search_term_string}\"},\"query-input\":{\"@type\":\"PropertyValueSpecification\",\"valueRequired\":true,\"valueName\":\"search_term_string\"}}],\"inLanguage\":\"es\"},{\"@type\":\"Person\",\"@id\":\"https:\/\/guiadelocio.es\/madrid\/#\/schema\/person\/dedd385c3a1875e2dfb8ee808e4fca89\",\"name\":\"Gu\u00eda del Ocio\",\"image\":{\"@type\":\"ImageObject\",\"inLanguage\":\"es\",\"@id\":\"https:\/\/guiadelocio.es\/madrid\/#\/schema\/person\/image\/\",\"url\":\"https:\/\/secure.gravatar.com\/avatar\/27d9eb58286cefc2042fb32a3db3a679c555c2a21aa6719fa7916d63185b9fe9?s=96&d=mm&r=g\",\"contentUrl\":\"https:\/\/secure.gravatar.com\/avatar\/27d9eb58286cefc2042fb32a3db3a679c555c2a21aa6719fa7916d63185b9fe9?s=96&d=mm&r=g\",\"caption\":\"Gu\u00eda del Ocio\"}}]}<\/script>\n<!-- \/ Yoast SEO plugin. -->","yoast_head_json":{"title":"Emma y el jaguar negro: 12 de abril SOLO EN CINES | Madrid","description":"El 12 de abril se estrena en cines \"Emma y el Jaguar Negro\", una emocionante aventura en la selva amaz\u00f3nica.","robots":{"index":"index","follow":"follow","max-snippet":"max-snippet:-1","max-image-preview":"max-image-preview:large","max-video-preview":"max-video-preview:-1"},"canonical":"https:\/\/guiadelocio.es\/madrid\/emma-y-el-jaguar-negro-estreno-en-cines-el-12-de-abril\/","og_locale":"es_ES","og_type":"article","og_title":"Emma y el jaguar negro: 12 de abril SOLO EN CINES | Madrid","og_description":"El 12 de abril se estrena en cines \"Emma y el Jaguar Negro\", una emocionante aventura en la selva amaz\u00f3nica.","og_url":"https:\/\/guiadelocio.es\/madrid\/emma-y-el-jaguar-negro-estreno-en-cines-el-12-de-abril\/","og_site_name":"Madrid","article_published_time":"2024-03-25T17:41:50+00:00","article_modified_time":"2024-04-11T12:51:13+00:00","og_image":[{"width":1199,"height":800,"url":"https:\/\/guiadelocio.es\/madrid\/wp-content\/uploads\/sites\/2\/2024\/03\/Le-Dernier-jaguar-Stills-Press-Photos-6661x4443-2023-MAI-JUIN-PRODUCTIONS-WISHING-TREE-PRODUCTI-1-jpg-1200x800-5b2df79-jpg.webp","type":"image\/jpeg"}],"author":"Gu\u00eda del Ocio","twitter_card":"summary_large_image","twitter_misc":{"Escrito por":"Gu\u00eda del Ocio","Tiempo de lectura":"3 minutos"},"schema":{"@context":"https:\/\/schema.org","@graph":[{"@type":"WebPage","@id":"https:\/\/guiadelocio.es\/madrid\/emma-y-el-jaguar-negro-estreno-en-cines-el-12-de-abril\/","url":"https:\/\/guiadelocio.es\/madrid\/emma-y-el-jaguar-negro-estreno-en-cines-el-12-de-abril\/","name":"Emma y el jaguar negro: 12 de abril SOLO EN CINES | Madrid","isPartOf":{"@id":"https:\/\/guiadelocio.es\/madrid\/#website"},"primaryImageOfPage":{"@id":"https:\/\/guiadelocio.es\/madrid\/emma-y-el-jaguar-negro-estreno-en-cines-el-12-de-abril\/#primaryimage"},"image":{"@id":"https:\/\/guiadelocio.es\/madrid\/emma-y-el-jaguar-negro-estreno-en-cines-el-12-de-abril\/#primaryimage"},"thumbnailUrl":"https:\/\/guiadelocio.es\/madrid\/wp-content\/uploads\/sites\/2\/2024\/03\/Le-Dernier-jaguar-Stills-Press-Photos-6661x4443-2023-MAI-JUIN-PRODUCTIONS-WISHING-TREE-PRODUCTI-1-jpg-1200x800-5b2df79-jpg.webp","datePublished":"2024-03-25T17:41:50+00:00","dateModified":"2024-04-11T12:51:13+00:00","author":{"@id":"https:\/\/guiadelocio.es\/madrid\/#\/schema\/person\/dedd385c3a1875e2dfb8ee808e4fca89"},"description":"El 12 de abril se estrena en cines \"Emma y el Jaguar Negro\", una emocionante aventura en la selva amaz\u00f3nica.","breadcrumb":{"@id":"https:\/\/guiadelocio.es\/madrid\/emma-y-el-jaguar-negro-estreno-en-cines-el-12-de-abril\/#breadcrumb"},"inLanguage":"es","potentialAction":[{"@type":"ReadAction","target":["https:\/\/guiadelocio.es\/madrid\/emma-y-el-jaguar-negro-estreno-en-cines-el-12-de-abril\/"]}]},{"@type":"ImageObject","inLanguage":"es","@id":"https:\/\/guiadelocio.es\/madrid\/emma-y-el-jaguar-negro-estreno-en-cines-el-12-de-abril\/#primaryimage","url":"https:\/\/guiadelocio.es\/madrid\/wp-content\/uploads\/sites\/2\/2024\/03\/Le-Dernier-jaguar-Stills-Press-Photos-6661x4443-2023-MAI-JUIN-PRODUCTIONS-WISHING-TREE-PRODUCTI-1-jpg-1200x800-5b2df79-jpg.webp","contentUrl":"https:\/\/guiadelocio.es\/madrid\/wp-content\/uploads\/sites\/2\/2024\/03\/Le-Dernier-jaguar-Stills-Press-Photos-6661x4443-2023-MAI-JUIN-PRODUCTIONS-WISHING-TREE-PRODUCTI-1-jpg-1200x800-5b2df79-jpg.webp","width":1199,"height":800},{"@type":"BreadcrumbList","@id":"https:\/\/guiadelocio.es\/madrid\/emma-y-el-jaguar-negro-estreno-en-cines-el-12-de-abril\/#breadcrumb","itemListElement":[{"@type":"ListItem","position":1,"name":"Portada","item":"https:\/\/guiadelocio.es\/madrid\/"},{"@type":"ListItem","position":2,"name":"Emma y el jaguar negro: 12 de abril SOLO EN CINES"}]},{"@type":"WebSite","@id":"https:\/\/guiadelocio.es\/madrid\/#website","url":"https:\/\/guiadelocio.es\/madrid\/","name":"Madrid | Gu\u00eda del Ocio","description":"Qu\u00e9 hacer, d\u00f3nde comer, qu\u00e9 visitar y los lugares que no te puedes perder","potentialAction":[{"@type":"SearchAction","target":{"@type":"EntryPoint","urlTemplate":"https:\/\/guiadelocio.es\/madrid\/?s={search_term_string}"},"query-input":{"@type":"PropertyValueSpecification","valueRequired":true,"valueName":"search_term_string"}}],"inLanguage":"es"},{"@type":"Person","@id":"https:\/\/guiadelocio.es\/madrid\/#\/schema\/person\/dedd385c3a1875e2dfb8ee808e4fca89","name":"Gu\u00eda del Ocio","image":{"@type":"ImageObject","inLanguage":"es","@id":"https:\/\/guiadelocio.es\/madrid\/#\/schema\/person\/image\/","url":"https:\/\/secure.gravatar.com\/avatar\/27d9eb58286cefc2042fb32a3db3a679c555c2a21aa6719fa7916d63185b9fe9?s=96&d=mm&r=g","contentUrl":"https:\/\/secure.gravatar.com\/avatar\/27d9eb58286cefc2042fb32a3db3a679c555c2a21aa6719fa7916d63185b9fe9?s=96&d=mm&r=g","caption":"Gu\u00eda del Ocio"}}]}},"_links":{"self":[{"href":"https:\/\/guiadelocio.es\/madrid\/wp-json\/wp\/v2\/posts\/26934","targetHints":{"allow":["GET"]}}],"collection":[{"href":"https:\/\/guiadelocio.es\/madrid\/wp-json\/wp\/v2\/posts"}],"about":[{"href":"https:\/\/guiadelocio.es\/madrid\/wp-json\/wp\/v2\/types\/post"}],"author":[{"embeddable":true,"href":"https:\/\/guiadelocio.es\/madrid\/wp-json\/wp\/v2\/users\/8"}],"replies":[{"embeddable":true,"href":"https:\/\/guiadelocio.es\/madrid\/wp-json\/wp\/v2\/comments?post=26934"}],"version-history":[{"count":0,"href":"https:\/\/guiadelocio.es\/madrid\/wp-json\/wp\/v2\/posts\/26934\/revisions"}],"wp:featuredmedia":[{"embeddable":true,"href":"https:\/\/guiadelocio.es\/madrid\/wp-json\/wp\/v2\/media\/26979"}],"wp:attachment":[{"href":"https:\/\/guiadelocio.es\/madrid\/wp-json\/wp\/v2\/media?parent=26934"}],"wp:term":[{"taxonomy":"category","embeddable":true,"href":"https:\/\/guiadelocio.es\/madrid\/wp-json\/wp\/v2\/categories?post=26934"},{"taxonomy":"post_tag","embeddable":true,"href":"https:\/\/guiadelocio.es\/madrid\/wp-json\/wp\/v2\/tags?post=26934"},{"taxonomy":"category_plan","embeddable":true,"href":"https:\/\/guiadelocio.es\/madrid\/wp-json\/wp\/v2\/category_plan?post=26934"},{"taxonomy":"filter_trans","embeddable":true,"href":"https:\/\/guiadelocio.es\/madrid\/wp-json\/wp\/v2\/filter_trans?post=26934"},{"taxonomy":"filter_main","embeddable":true,"href":"https:\/\/guiadelocio.es\/madrid\/wp-json\/wp\/v2\/filter_main?post=26934"},{"taxonomy":"filter_sec","embeddable":true,"href":"https:\/\/guiadelocio.es\/madrid\/wp-json\/wp\/v2\/filter_sec?post=26934"},{"taxonomy":"barrios","embeddable":true,"href":"https:\/\/guiadelocio.es\/madrid\/wp-json\/wp\/v2\/barrios?post=26934"}],"curies":[{"name":"wp","href":"https:\/\/api.w.org\/{rel}","templated":true}]}}