{"id":25819,"date":"2024-02-22T16:54:35","date_gmt":"2024-02-22T15:54:35","guid":{"rendered":"https:\/\/guiadelocio.es\/madrid\/?p=25819"},"modified":"2024-02-24T01:13:22","modified_gmt":"2024-02-24T00:13:22","slug":"esteeste-10-planes-para-este-fin-de-semana-en-madrid","status":"publish","type":"post","link":"https:\/\/guiadelocio.es\/madrid\/esteeste-10-planes-para-este-fin-de-semana-en-madrid\/","title":{"rendered":"10 planes para este fin de semana en Madrid"},"content":{"rendered":"<p>\u00bfSab\u00edas que tal d\u00eda como hoy en 1983, el astronauta estadounidense Russell L. Schweickart realiz\u00f3 la primera caminata espacial sin ataduras durante la misi\u00f3n Skylab 4? Para muchos, nuestro sue\u00f1o ser\u00eda poder vivir esa experiencia pero, como lo m\u00e1s probable es que la mayor\u00eda de nosotros no lo consigamos, al menos este fin de semana, te dejamos 10 planes para que sigas so\u00f1ando y disfrutes de tu fin de semana.<\/p>\n<p>Aqu\u00ed tienes experiencias, que no son como caminar por la luna, pero igualmente excitantes para el fin de semana del 23 al 25 de febrero.<\/p>\n<h2 class=\"section-single__title\">\u00abAdictos\u00bb, la obra de teatro con Lola Herrera de protagonista<\/h2>\n<p>En un mundo en el que cada vez la desinformaci\u00f3n prima m\u00e1s, debemos reflexionar sobre los asuntos y la informaci\u00f3n que nos rodea. Sobre todo, estando en un mundo tecnol\u00f3gico que crecer a pasos agigantados. Con esta premisa parte\u00a0<a href=\"https:\/\/guiadelocio.es\/madrid\/plan\/adictos-la-obra-de-teatro-con-lola-herrera-de-protagonista\/\" target=\"_blank\" rel=\"noopener\"><strong>\u00abAdictos\u00bb<\/strong><\/a>, la obra de teatro que podremos ver en el\u00a0<a href=\"https:\/\/guiadelocio.es\/madrid\/plan\/teatro-reina-victoria\/\" target=\"_blank\" rel=\"noopener\"><strong>Teatro Reina Victoria<\/strong><\/a>\u00a0en febrero con\u00a0<strong>Lola Herrera de protagonista.<\/strong><\/p>\n<p><a href=\"https:\/\/guiadelocio.es\/madrid\/plan\/adictos-la-obra-de-teatro-con-lola-herrera-de-protagonista\/\" target=\"_blank\" rel=\"noopener\"><img decoding=\"async\" class=\" wp-image-25830 aligncenter\" src=\"https:\/\/guiadelocio.es\/madrid\/wp-content\/uploads\/sites\/2\/2024\/02\/adictos-7-jpg-300x135.webp\" alt=\"\" width=\"500\" height=\"225\" srcset=\"https:\/\/guiadelocio.es\/madrid\/wp-content\/uploads\/sites\/2\/2024\/02\/adictos-7-jpg-300x135.webp 300w, https:\/\/guiadelocio.es\/madrid\/wp-content\/uploads\/sites\/2\/2024\/02\/adictos-7-jpg-1024x461.webp 1024w, https:\/\/guiadelocio.es\/madrid\/wp-content\/uploads\/sites\/2\/2024\/02\/adictos-7-jpg-768x346.webp 768w, https:\/\/guiadelocio.es\/madrid\/wp-content\/uploads\/sites\/2\/2024\/02\/adictos-7-jpg-640x288.webp 640w, https:\/\/guiadelocio.es\/madrid\/wp-content\/uploads\/sites\/2\/2024\/02\/adictos-7-jpg-266x120.webp 266w, https:\/\/guiadelocio.es\/madrid\/wp-content\/uploads\/sites\/2\/2024\/02\/adictos-7-jpg.webp 1200w\" sizes=\"(max-width: 500px) 100vw, 500px\" \/><\/a><\/p>\n<h2 class=\"section-single__title\">\u00abSecretos de un Esc\u00e1ndalo\u00bb Estreno el 23 de febrero<\/h2>\n<p><a href=\"https:\/\/guiadelocio.es\/madrid\/plan\/secretos-de-un-escandalo-estreno-el-23-de-febrero\/\" target=\"_blank\" rel=\"noopener\"><strong>\u00abSecretos de un Esc\u00e1ndalo\u00bb<\/strong><\/a>, dirigida por Todd Haynes, se presenta como un drama cautivador que llegar\u00e1 a la pantalla el 23 de febrero. La trama se desarrolla veinte a\u00f1os despu\u00e9s del sonado romance entre Gracie Atherton-Yu (interpretada por Julianne Moore) y su esposo Joe (Charles Melton), quien es sorprendentemente 23 a\u00f1os m\u00e1s joven. La pareja cede a la presi\u00f3n de la actriz de Hollywood Elizabeth Berry (Natalie Portman), que llega para investigar su historia y llevarla a la pantalla grande.<\/p>\n<p><a href=\"https:\/\/guiadelocio.es\/madrid\/plan\/secretos-de-un-escandalo-estreno-el-23-de-febrero\/\" target=\"_blank\" rel=\"noopener\"><img decoding=\"async\" class=\" wp-image-25820 aligncenter\" src=\"https:\/\/guiadelocio.es\/madrid\/wp-content\/uploads\/sites\/2\/2024\/02\/may_december_n_01_21_22_11_r_jpg_323-1024x554-1-300x162.webp\" alt=\"\" width=\"498\" height=\"269\" srcset=\"https:\/\/guiadelocio.es\/madrid\/wp-content\/uploads\/sites\/2\/2024\/02\/may_december_n_01_21_22_11_r_jpg_323-1024x554-1-300x162.webp 300w, https:\/\/guiadelocio.es\/madrid\/wp-content\/uploads\/sites\/2\/2024\/02\/may_december_n_01_21_22_11_r_jpg_323-1024x554-1-768x416.webp 768w, https:\/\/guiadelocio.es\/madrid\/wp-content\/uploads\/sites\/2\/2024\/02\/may_december_n_01_21_22_11_r_jpg_323-1024x554-1-640x346.webp 640w, https:\/\/guiadelocio.es\/madrid\/wp-content\/uploads\/sites\/2\/2024\/02\/may_december_n_01_21_22_11_r_jpg_323-1024x554-1-266x144.webp 266w, https:\/\/guiadelocio.es\/madrid\/wp-content\/uploads\/sites\/2\/2024\/02\/may_december_n_01_21_22_11_r_jpg_323-1024x554-1.webp 1024w\" sizes=\"(max-width: 498px) 100vw, 498px\" \/><\/a><\/p>\n<h2 class=\"section-single__title\">David DeMar\u00eda, en concierto<\/h2>\n<p><a href=\"https:\/\/guiadelocio.es\/madrid\/plan\/concierto-david-demaria-en-febrero-en-madrid\/\" target=\"_blank\" rel=\"noopener\"><strong>David DeMar\u00eda<\/strong><\/a>\u00a0llega a la\u00a0<strong>Sala del Wizink Center<\/strong>\u00a0el\u00a0<strong>23 de febrero<\/strong>\u00a0en un\u00a0<strong>concierto<\/strong>\u00a0donde interpretar\u00e1 sus grandes \u00e9xitos y con esa magia que tanto le caracteriza sobre el escenario.<\/p>\n<p><a href=\"https:\/\/guiadelocio.es\/madrid\/plan\/concierto-david-demaria-en-febrero-en-madrid\/\" target=\"_blank\" rel=\"noopener\"><img decoding=\"async\" class=\" wp-image-25822 aligncenter\" src=\"https:\/\/guiadelocio.es\/madrid\/wp-content\/uploads\/sites\/2\/2024\/02\/David-De-Maria-promo-22_0217-1380x920-1-300x200.webp\" alt=\"\" width=\"499\" height=\"332\" srcset=\"https:\/\/guiadelocio.es\/madrid\/wp-content\/uploads\/sites\/2\/2024\/02\/David-De-Maria-promo-22_0217-1380x920-1-300x200.webp 300w, https:\/\/guiadelocio.es\/madrid\/wp-content\/uploads\/sites\/2\/2024\/02\/David-De-Maria-promo-22_0217-1380x920-1-1024x683.webp 1024w, https:\/\/guiadelocio.es\/madrid\/wp-content\/uploads\/sites\/2\/2024\/02\/David-De-Maria-promo-22_0217-1380x920-1-768x512.webp 768w, https:\/\/guiadelocio.es\/madrid\/wp-content\/uploads\/sites\/2\/2024\/02\/David-De-Maria-promo-22_0217-1380x920-1-640x427.webp 640w, https:\/\/guiadelocio.es\/madrid\/wp-content\/uploads\/sites\/2\/2024\/02\/David-De-Maria-promo-22_0217-1380x920-1-266x177.webp 266w, https:\/\/guiadelocio.es\/madrid\/wp-content\/uploads\/sites\/2\/2024\/02\/David-De-Maria-promo-22_0217-1380x920-1.webp 1380w\" sizes=\"(max-width: 499px) 100vw, 499px\" \/><\/a><\/p>\n<h2 class=\"section-single__title\">Kandinsky, Le Corbusier y Dal\u00ed convergen en esta nueva exposici\u00f3n<\/h2>\n<p>\u00bfQu\u00e9 tienen en com\u00fan artistas como\u00a0<strong>Mir\u00f3, Dal\u00ed o Georgia O\u2019Keffee<\/strong>? Adem\u00e1s de ser artistas que triunfaron en el siglo XX, todos ellos miraron a la naturaleza para producir su arte. Por eso, el\u00a0<a href=\"https:\/\/guiadelocio.es\/madrid\/plan\/caixaforum\/\" target=\"_blank\" rel=\"noopener\"><strong>centro cultural CaixaForum<\/strong><\/a>\u00a0de Madrid acoge una nueva exposici\u00f3n bajo el nombre\u00a0<a href=\"https:\/\/guiadelocio.es\/madrid\/plan\/kandinsky-le-corbusier-y-dali-convergen-en-esta-nueva-exposicion\/\" target=\"_blank\" rel=\"noopener\"><strong>\u00abArte y Naturaleza\u00bb<\/strong><\/a>\u00a0en la que se recogen varias<strong>\u00a0obras de artistas del siglo XX que han sido inspiradas e influenciadas por la naturaleza<\/strong>.<\/p>\n<p><a href=\"https:\/\/guiadelocio.es\/madrid\/plan\/kandinsky-le-corbusier-y-dali-convergen-en-esta-nueva-exposicion\/\" target=\"_blank\" rel=\"noopener\"><img decoding=\"async\" class=\" wp-image-25836 aligncenter\" src=\"https:\/\/guiadelocio.es\/madrid\/wp-content\/uploads\/sites\/2\/2024\/02\/Foto-1-ARTE-Y-NATURALEZA-scaled-e1704708975480-1265x920-1-300x218.webp\" alt=\"\" width=\"486\" height=\"353\" srcset=\"https:\/\/guiadelocio.es\/madrid\/wp-content\/uploads\/sites\/2\/2024\/02\/Foto-1-ARTE-Y-NATURALEZA-scaled-e1704708975480-1265x920-1-300x218.webp 300w, https:\/\/guiadelocio.es\/madrid\/wp-content\/uploads\/sites\/2\/2024\/02\/Foto-1-ARTE-Y-NATURALEZA-scaled-e1704708975480-1265x920-1-1024x745.webp 1024w, https:\/\/guiadelocio.es\/madrid\/wp-content\/uploads\/sites\/2\/2024\/02\/Foto-1-ARTE-Y-NATURALEZA-scaled-e1704708975480-1265x920-1-768x559.webp 768w, https:\/\/guiadelocio.es\/madrid\/wp-content\/uploads\/sites\/2\/2024\/02\/Foto-1-ARTE-Y-NATURALEZA-scaled-e1704708975480-1265x920-1-594x432.webp 594w, https:\/\/guiadelocio.es\/madrid\/wp-content\/uploads\/sites\/2\/2024\/02\/Foto-1-ARTE-Y-NATURALEZA-scaled-e1704708975480-1265x920-1-266x193.webp 266w, https:\/\/guiadelocio.es\/madrid\/wp-content\/uploads\/sites\/2\/2024\/02\/Foto-1-ARTE-Y-NATURALEZA-scaled-e1704708975480-1265x920-1.webp 1265w\" sizes=\"(max-width: 486px) 100vw, 486px\" \/><\/a><\/p>\n<h2 class=\"section-single__title\">Carnaval en Familia, concierto con la Atl\u00e1ntida Chamber Orchestra<\/h2>\n<p>El 25 de febrero, la sala de c\u00e1mara del\u00a0<a href=\"https:\/\/guiadelocio.es\/madrid\/plan\/auditorio-nacional-de-musica\/\" target=\"_blank\" rel=\"noopener\"><strong>Auditorio<\/strong>\u00a0Nacional<\/a>\u00a0ser\u00e1 testigo del concierto\u00a0<a href=\"https:\/\/guiadelocio.es\/madrid\/plan\/carnaval-en-familia-concierto-con-la-atlantida-chamber-orchestra\/\" target=\"_blank\" rel=\"noopener\"><strong>\u00abCarnaval en Familia\u00bb<\/strong><\/a>\u00a0a cargo de Atl\u00e1ntida Chamber Orchestra, bajo la direcci\u00f3n de Manuel T\u00e9var. Este espect\u00e1culo promete llevar a la audiencia en un viaje musical desde el Romanticismo hasta el pop, creando un ambiente festivo perfecto para todas las edades.<\/p>\n<p><a href=\"https:\/\/guiadelocio.es\/madrid\/plan\/carnaval-en-familia-concierto-con-la-atlantida-chamber-orchestra\/\" target=\"_blank\" rel=\"noopener\"><img decoding=\"async\" class=\" wp-image-25824 aligncenter\" src=\"https:\/\/guiadelocio.es\/madrid\/wp-content\/uploads\/sites\/2\/2024\/02\/Manuel-Tevar-1380x920-1-300x200.webp\" alt=\"\" width=\"500\" height=\"333\" srcset=\"https:\/\/guiadelocio.es\/madrid\/wp-content\/uploads\/sites\/2\/2024\/02\/Manuel-Tevar-1380x920-1-300x200.webp 300w, https:\/\/guiadelocio.es\/madrid\/wp-content\/uploads\/sites\/2\/2024\/02\/Manuel-Tevar-1380x920-1-1024x683.webp 1024w, https:\/\/guiadelocio.es\/madrid\/wp-content\/uploads\/sites\/2\/2024\/02\/Manuel-Tevar-1380x920-1-768x512.webp 768w, https:\/\/guiadelocio.es\/madrid\/wp-content\/uploads\/sites\/2\/2024\/02\/Manuel-Tevar-1380x920-1-640x427.webp 640w, https:\/\/guiadelocio.es\/madrid\/wp-content\/uploads\/sites\/2\/2024\/02\/Manuel-Tevar-1380x920-1-266x177.webp 266w, https:\/\/guiadelocio.es\/madrid\/wp-content\/uploads\/sites\/2\/2024\/02\/Manuel-Tevar-1380x920-1.webp 1380w\" sizes=\"(max-width: 500px) 100vw, 500px\" \/><\/a><\/p>\n<h2 class=\"section-single__title\">PETER, El Musical<\/h2>\n<p>Una nueva puesta en escena que recrea la magia de esta historia legendaria con los mejores acr\u00f3batas y unos bailarines espectaculares que representan a nuestros queridos Peter, Wendy, John y Michael y hasta el temido Capit\u00e1n Garfio. <a href=\"https:\/\/guiadelocio.es\/madrid\/plan\/peter-el-musical\/\" target=\"_blank\" rel=\"noopener\">\u00abPeter\u00bb<\/a>, el musical en el\u00a0<a href=\"https:\/\/guiadelocio.es\/madrid\/plan\/teatro-alcazar\/\"><span>Teatro Alc\u00e1zar de Madrid.<\/span><\/a><\/p>\n<p><a href=\"https:\/\/guiadelocio.es\/madrid\/plan\/peter-el-musical\/\" target=\"_blank\" rel=\"noopener\"><img decoding=\"async\" class=\" wp-image-25828 aligncenter\" src=\"https:\/\/guiadelocio.es\/madrid\/wp-content\/uploads\/sites\/2\/2024\/02\/John-y-Michael-scaled-1-300x200.webp\" alt=\"\" width=\"497\" height=\"331\" srcset=\"https:\/\/guiadelocio.es\/madrid\/wp-content\/uploads\/sites\/2\/2024\/02\/John-y-Michael-scaled-1-300x200.webp 300w, https:\/\/guiadelocio.es\/madrid\/wp-content\/uploads\/sites\/2\/2024\/02\/John-y-Michael-scaled-1-1024x683.webp 1024w, https:\/\/guiadelocio.es\/madrid\/wp-content\/uploads\/sites\/2\/2024\/02\/John-y-Michael-scaled-1-768x512.webp 768w, https:\/\/guiadelocio.es\/madrid\/wp-content\/uploads\/sites\/2\/2024\/02\/John-y-Michael-scaled-1-1536x1025.webp 1536w, https:\/\/guiadelocio.es\/madrid\/wp-content\/uploads\/sites\/2\/2024\/02\/John-y-Michael-scaled-1-1379x920.webp 1379w, https:\/\/guiadelocio.es\/madrid\/wp-content\/uploads\/sites\/2\/2024\/02\/John-y-Michael-scaled-1-640x427.webp 640w, https:\/\/guiadelocio.es\/madrid\/wp-content\/uploads\/sites\/2\/2024\/02\/John-y-Michael-scaled-1-266x177.webp 266w, https:\/\/guiadelocio.es\/madrid\/wp-content\/uploads\/sites\/2\/2024\/02\/John-y-Michael-scaled-1.webp 2048w\" sizes=\"(max-width: 497px) 100vw, 497px\" \/><\/a><\/p>\n<h2 class=\"section-single__title\">El Chico, una noche \u00fanica de cine y m\u00fasica por el acogimiento familiar<\/h2>\n<p>Sum\u00e9rgete en una experiencia inolvidable con la colaboraci\u00f3n entre\u00a0<strong>Caf\u00e9 Kino<\/strong>\u00a0y\u00a0<strong>ASEAF<\/strong>, presentando <a href=\"https:\/\/guiadelocio.es\/madrid\/plan\/el-chico-una-noche-unica-de-cine-y-musica-por-el-acogimiento-familiar\/\" target=\"_blank\" rel=\"noopener\">\u00ab<strong>EL CHICO\u00bb<\/strong><\/a>, acompa\u00f1ado por la excepcional orquesta\u00a0<strong>Camerata Musicalis<\/strong>, bajo la direcci\u00f3n magistral de\u00a0<strong>Edgar Mart\u00edn Jim\u00e9nez<\/strong>.<\/p>\n<p><a href=\"https:\/\/guiadelocio.es\/madrid\/plan\/el-chico-una-noche-unica-de-cine-y-musica-por-el-acogimiento-familiar\/\" target=\"_blank\" rel=\"noopener\"><img decoding=\"async\" class=\" wp-image-25826 aligncenter\" src=\"https:\/\/guiadelocio.es\/madrid\/wp-content\/uploads\/sites\/2\/2024\/02\/pavon_elchico_telemadrid-1-1701x920-1-300x162.webp\" alt=\"\" width=\"498\" height=\"269\" srcset=\"https:\/\/guiadelocio.es\/madrid\/wp-content\/uploads\/sites\/2\/2024\/02\/pavon_elchico_telemadrid-1-1701x920-1-300x162.webp 300w, https:\/\/guiadelocio.es\/madrid\/wp-content\/uploads\/sites\/2\/2024\/02\/pavon_elchico_telemadrid-1-1701x920-1-1024x554.webp 1024w, https:\/\/guiadelocio.es\/madrid\/wp-content\/uploads\/sites\/2\/2024\/02\/pavon_elchico_telemadrid-1-1701x920-1-768x415.webp 768w, https:\/\/guiadelocio.es\/madrid\/wp-content\/uploads\/sites\/2\/2024\/02\/pavon_elchico_telemadrid-1-1701x920-1-1536x831.webp 1536w, https:\/\/guiadelocio.es\/madrid\/wp-content\/uploads\/sites\/2\/2024\/02\/pavon_elchico_telemadrid-1-1701x920-1-640x346.webp 640w, https:\/\/guiadelocio.es\/madrid\/wp-content\/uploads\/sites\/2\/2024\/02\/pavon_elchico_telemadrid-1-1701x920-1-266x144.webp 266w, https:\/\/guiadelocio.es\/madrid\/wp-content\/uploads\/sites\/2\/2024\/02\/pavon_elchico_telemadrid-1-1701x920-1.webp 1701w\" sizes=\"(max-width: 498px) 100vw, 498px\" \/><\/a><\/p>\n<h2 class=\"section-single__title\">Max Verdi\u00e9: magia, hipnosis y mentalismo en un espect\u00e1culo fascinante<\/h2>\n<p><a href=\"https:\/\/guiadelocio.es\/madrid\/plan\/max-verdie-magia-hipnosis-y-mentalismo-en-un-espectaculo-fascinante\/\" target=\"_blank\" rel=\"noopener\"><strong>Max Verdi\u00e9<\/strong><\/a>, renombrado mago, mentalista e hipnotizador, cautivar\u00e1 al p\u00fablico con sus extraordinarios espect\u00e1culos los d\u00edas 24 y 25 de febrero. Con m\u00e1s de 30 a\u00f1os de experiencia desde que recibi\u00f3 una caja de magia del Rey Baltasar, Verdi\u00e9 ha ganado m\u00faltiples premios, incluido el t\u00edtulo de Campe\u00f3n Nacional de Mentalismo.<\/p>\n<p><a href=\"https:\/\/guiadelocio.es\/madrid\/plan\/max-verdie-magia-hipnosis-y-mentalismo-en-un-espectaculo-fascinante\/\" target=\"_blank\" rel=\"noopener\"><img decoding=\"async\" class=\" wp-image-25832 aligncenter\" src=\"https:\/\/guiadelocio.es\/madrid\/wp-content\/uploads\/sites\/2\/2024\/02\/1708346312016-518x920-1-e1708616739423-300x240.webp\" alt=\"\" width=\"456\" height=\"364\" srcset=\"https:\/\/guiadelocio.es\/madrid\/wp-content\/uploads\/sites\/2\/2024\/02\/1708346312016-518x920-1-e1708616739423-300x240.webp 300w, https:\/\/guiadelocio.es\/madrid\/wp-content\/uploads\/sites\/2\/2024\/02\/1708346312016-518x920-1-e1708616739423-250x200.webp 250w, https:\/\/guiadelocio.es\/madrid\/wp-content\/uploads\/sites\/2\/2024\/02\/1708346312016-518x920-1-e1708616739423.webp 516w\" sizes=\"(max-width: 456px) 100vw, 456px\" \/><\/a><\/p>\n<h2 class=\"section-single__title\">FLASHBACK: homenaje al Colegio de M\u00e9dicos<\/h2>\n<p>La exposici\u00f3n <a href=\"https:\/\/guiadelocio.es\/madrid\/plan\/flashback-homenaje-al-colegio-de-medicos\/\" target=\"_blank\" rel=\"noopener\"><span>\u00abFLASHBACK\u00bb<\/span><\/a> es un homenaje al Colegio de M\u00e9dicos de Madrid. La sede del ICOMEM, antigua Facultad de Medicina y Hospital Cl\u00ednico de San Carlos atesora relatos, documentos, im\u00e1genes que por primera vez ver\u00e1n la luz. La exposici\u00f3n abrir\u00e1 al p\u00fablico y de manera gratuita desde el 22 de febrero y hasta el 15 de mayo.<\/p>\n<p><a href=\"https:\/\/guiadelocio.es\/madrid\/plan\/flashback-homenaje-al-colegio-de-medicos\/\" target=\"_blank\" rel=\"noopener\"><img decoding=\"async\" class=\" wp-image-25834 aligncenter\" src=\"https:\/\/guiadelocio.es\/madrid\/wp-content\/uploads\/sites\/2\/2024\/02\/colegio-de-medicos-expo-1636x920-1-300x169.webp\" alt=\"\" width=\"497\" height=\"280\" srcset=\"https:\/\/guiadelocio.es\/madrid\/wp-content\/uploads\/sites\/2\/2024\/02\/colegio-de-medicos-expo-1636x920-1-300x169.webp 300w, https:\/\/guiadelocio.es\/madrid\/wp-content\/uploads\/sites\/2\/2024\/02\/colegio-de-medicos-expo-1636x920-1-1024x576.webp 1024w, https:\/\/guiadelocio.es\/madrid\/wp-content\/uploads\/sites\/2\/2024\/02\/colegio-de-medicos-expo-1636x920-1-768x432.webp 768w, https:\/\/guiadelocio.es\/madrid\/wp-content\/uploads\/sites\/2\/2024\/02\/colegio-de-medicos-expo-1636x920-1-1536x864.webp 1536w, https:\/\/guiadelocio.es\/madrid\/wp-content\/uploads\/sites\/2\/2024\/02\/colegio-de-medicos-expo-1636x920-1-640x360.webp 640w, https:\/\/guiadelocio.es\/madrid\/wp-content\/uploads\/sites\/2\/2024\/02\/colegio-de-medicos-expo-1636x920-1-266x150.webp 266w, https:\/\/guiadelocio.es\/madrid\/wp-content\/uploads\/sites\/2\/2024\/02\/colegio-de-medicos-expo-1636x920-1.webp 1636w\" sizes=\"(max-width: 497px) 100vw, 497px\" \/><\/a><\/p>\n<h2 class=\"section-single__title\">Descubre la decimocuarta Ruta del Cocido Madrile\u00f1o: Un fest\u00edn invernal en 38 Restaurantes<\/h2>\n<p><strong>La decimocuarta edici\u00f3n de la <a href=\"https:\/\/guiadelocio.es\/madrid\/plan\/descubre-la-decimocuarta-ruta-del-cocido-madrileno-un-festin-invernal-en-38-restaurantes\/\" target=\"_blank\" rel=\"noopener\"><span>Ruta del Cocido Madrile\u00f1o<\/span><\/a><\/strong>, que se celebra del 15 de febrero al 31 de marzo, promete ser el plan perfecto para combatir el fr\u00edo en Madrid. Esta ruta gastron\u00f3mica abarcar\u00e1 diversos restaurantes en la ciudad y la Comunidad de Madrid, ofreciendo la oportunidad de deleitarse con el tradicional plato local.<\/p>\n<p><a href=\"https:\/\/guiadelocio.es\/madrid\/plan\/descubre-la-decimocuarta-ruta-del-cocido-madrileno-un-festin-invernal-en-38-restaurantes\/\" target=\"_blank\" rel=\"noopener\"><img decoding=\"async\" class=\" wp-image-25838 aligncenter\" src=\"https:\/\/guiadelocio.es\/madrid\/wp-content\/uploads\/sites\/2\/2024\/02\/rutadelcocido-1-1-300x152.png\" alt=\"\" width=\"515\" height=\"261\" srcset=\"https:\/\/guiadelocio.es\/madrid\/wp-content\/uploads\/sites\/2\/2024\/02\/rutadelcocido-1-1-300x152.png 300w, https:\/\/guiadelocio.es\/madrid\/wp-content\/uploads\/sites\/2\/2024\/02\/rutadelcocido-1-1-640x325.png 640w, https:\/\/guiadelocio.es\/madrid\/wp-content\/uploads\/sites\/2\/2024\/02\/rutadelcocido-1-1-266x135.png 266w, https:\/\/guiadelocio.es\/madrid\/wp-content\/uploads\/sites\/2\/2024\/02\/rutadelcocido-1-1.png 660w\" sizes=\"(max-width: 515px) 100vw, 515px\" \/><\/a><\/p>\n","protected":false},"excerpt":{"rendered":"<p>\u00bfSab\u00edas que tal d\u00eda como hoy en 1983, el astronauta estadounidense Russell L. Schweickart realiz\u00f3 la primera caminata espacial sin ataduras durante la misi\u00f3n Skylab 4? Para muchos, nuestro sue\u00f1o ser\u00eda poder vivir esa experiencia pero, como lo m\u00e1s probable es que la mayor\u00eda de nosotros no lo consigamos, al menos este fin de semana, [&hellip;]<\/p>\n","protected":false},"author":5,"featured_media":25840,"comment_status":"closed","ping_status":"closed","sticky":false,"template":"","format":"standard","meta":{"_acf_changed":false,"footnotes":""},"categories":[1],"tags":[],"category_plan":[2],"filter_trans":[],"filter_main":[],"filter_sec":[],"barrios":[],"class_list":["post-25819","post","type-post","status-publish","format-standard","has-post-thumbnail","hentry","category-sin-categorizar"],"acf":[],"yoast_head":"<!-- This site is optimized with the Yoast SEO plugin v26.0 - https:\/\/yoast.com\/wordpress\/plugins\/seo\/ -->\n<title>10 planes para este fin de semana en Madrid | Madrid<\/title>\n<meta name=\"robots\" content=\"index, follow, max-snippet:-1, max-image-preview:large, max-video-preview:-1\" \/>\n<link rel=\"canonical\" href=\"https:\/\/guiadelocio.es\/madrid\/esteeste-10-planes-para-este-fin-de-semana-en-madrid\/\" \/>\n<meta property=\"og:locale\" content=\"es_ES\" \/>\n<meta property=\"og:type\" content=\"article\" \/>\n<meta property=\"og:title\" content=\"10 planes para este fin de semana en Madrid | Madrid\" \/>\n<meta property=\"og:description\" content=\"\u00bfSab\u00edas que tal d\u00eda como hoy en 1983, el astronauta estadounidense Russell L. Schweickart realiz\u00f3 la primera caminata espacial sin ataduras durante la misi\u00f3n Skylab 4? Para muchos, nuestro sue\u00f1o ser\u00eda poder vivir esa experiencia pero, como lo m\u00e1s probable es que la mayor\u00eda de nosotros no lo consigamos, al menos este fin de semana, [&hellip;]\" \/>\n<meta property=\"og:url\" content=\"https:\/\/guiadelocio.es\/madrid\/esteeste-10-planes-para-este-fin-de-semana-en-madrid\/\" \/>\n<meta property=\"og:site_name\" content=\"Madrid\" \/>\n<meta property=\"article:published_time\" content=\"2024-02-22T15:54:35+00:00\" \/>\n<meta property=\"article:modified_time\" content=\"2024-02-24T00:13:22+00:00\" \/>\n<meta property=\"og:image\" content=\"https:\/\/guiadelocio.es\/madrid\/wp-content\/uploads\/sites\/2\/2024\/02\/iStock-1442486365-jpg.webp\" \/>\n\t<meta property=\"og:image:width\" content=\"1176\" \/>\n\t<meta property=\"og:image:height\" content=\"892\" \/>\n\t<meta property=\"og:image:type\" content=\"image\/jpeg\" \/>\n<meta name=\"author\" content=\"spons\" \/>\n<meta name=\"twitter:card\" content=\"summary_large_image\" \/>\n<meta name=\"twitter:label1\" content=\"Escrito por\" \/>\n\t<meta name=\"twitter:data1\" content=\"spons\" \/>\n\t<meta name=\"twitter:label2\" content=\"Tiempo de lectura\" \/>\n\t<meta name=\"twitter:data2\" content=\"6 minutos\" \/>\n<script type=\"application\/ld+json\" class=\"yoast-schema-graph\">{\"@context\":\"https:\/\/schema.org\",\"@graph\":[{\"@type\":\"WebPage\",\"@id\":\"https:\/\/guiadelocio.es\/madrid\/esteeste-10-planes-para-este-fin-de-semana-en-madrid\/\",\"url\":\"https:\/\/guiadelocio.es\/madrid\/esteeste-10-planes-para-este-fin-de-semana-en-madrid\/\",\"name\":\"10 planes para este fin de semana en Madrid | Madrid\",\"isPartOf\":{\"@id\":\"https:\/\/guiadelocio.es\/madrid\/#website\"},\"primaryImageOfPage\":{\"@id\":\"https:\/\/guiadelocio.es\/madrid\/esteeste-10-planes-para-este-fin-de-semana-en-madrid\/#primaryimage\"},\"image\":{\"@id\":\"https:\/\/guiadelocio.es\/madrid\/esteeste-10-planes-para-este-fin-de-semana-en-madrid\/#primaryimage\"},\"thumbnailUrl\":\"https:\/\/guiadelocio.es\/madrid\/wp-content\/uploads\/sites\/2\/2024\/02\/iStock-1442486365-jpg.webp\",\"datePublished\":\"2024-02-22T15:54:35+00:00\",\"dateModified\":\"2024-02-24T00:13:22+00:00\",\"author\":{\"@id\":\"https:\/\/guiadelocio.es\/madrid\/#\/schema\/person\/8948cef5c81b7b4ad26551a45a2d12d3\"},\"breadcrumb\":{\"@id\":\"https:\/\/guiadelocio.es\/madrid\/esteeste-10-planes-para-este-fin-de-semana-en-madrid\/#breadcrumb\"},\"inLanguage\":\"es\",\"potentialAction\":[{\"@type\":\"ReadAction\",\"target\":[\"https:\/\/guiadelocio.es\/madrid\/esteeste-10-planes-para-este-fin-de-semana-en-madrid\/\"]}]},{\"@type\":\"ImageObject\",\"inLanguage\":\"es\",\"@id\":\"https:\/\/guiadelocio.es\/madrid\/esteeste-10-planes-para-este-fin-de-semana-en-madrid\/#primaryimage\",\"url\":\"https:\/\/guiadelocio.es\/madrid\/wp-content\/uploads\/sites\/2\/2024\/02\/iStock-1442486365-jpg.webp\",\"contentUrl\":\"https:\/\/guiadelocio.es\/madrid\/wp-content\/uploads\/sites\/2\/2024\/02\/iStock-1442486365-jpg.webp\",\"width\":1176,\"height\":892,\"caption\":\"Madrid, Spain - January 27- 2019: Long exposure shot taken from Ramon y Cajal footbridge looking towards the 4 Towers. Hundreds of cars coming and going from the city.\"},{\"@type\":\"BreadcrumbList\",\"@id\":\"https:\/\/guiadelocio.es\/madrid\/esteeste-10-planes-para-este-fin-de-semana-en-madrid\/#breadcrumb\",\"itemListElement\":[{\"@type\":\"ListItem\",\"position\":1,\"name\":\"Portada\",\"item\":\"https:\/\/guiadelocio.es\/madrid\/\"},{\"@type\":\"ListItem\",\"position\":2,\"name\":\"10 planes para este fin de semana en Madrid\"}]},{\"@type\":\"WebSite\",\"@id\":\"https:\/\/guiadelocio.es\/madrid\/#website\",\"url\":\"https:\/\/guiadelocio.es\/madrid\/\",\"name\":\"Madrid | Gu\u00eda del Ocio\",\"description\":\"Qu\u00e9 hacer, d\u00f3nde comer, qu\u00e9 visitar y los lugares que no te puedes perder\",\"potentialAction\":[{\"@type\":\"SearchAction\",\"target\":{\"@type\":\"EntryPoint\",\"urlTemplate\":\"https:\/\/guiadelocio.es\/madrid\/?s={search_term_string}\"},\"query-input\":{\"@type\":\"PropertyValueSpecification\",\"valueRequired\":true,\"valueName\":\"search_term_string\"}}],\"inLanguage\":\"es\"},{\"@type\":\"Person\",\"@id\":\"https:\/\/guiadelocio.es\/madrid\/#\/schema\/person\/8948cef5c81b7b4ad26551a45a2d12d3\",\"name\":\"spons\",\"image\":{\"@type\":\"ImageObject\",\"inLanguage\":\"es\",\"@id\":\"https:\/\/guiadelocio.es\/madrid\/#\/schema\/person\/image\/\",\"url\":\"https:\/\/secure.gravatar.com\/avatar\/c3eb00312c63ba7a2ea61f1fc101d93b66984cbac41bc8a3997f9b64644a08c9?s=96&d=mm&r=g\",\"contentUrl\":\"https:\/\/secure.gravatar.com\/avatar\/c3eb00312c63ba7a2ea61f1fc101d93b66984cbac41bc8a3997f9b64644a08c9?s=96&d=mm&r=g\",\"caption\":\"spons\"}}]}<\/script>\n<!-- \/ Yoast SEO plugin. -->","yoast_head_json":{"title":"10 planes para este fin de semana en Madrid | Madrid","robots":{"index":"index","follow":"follow","max-snippet":"max-snippet:-1","max-image-preview":"max-image-preview:large","max-video-preview":"max-video-preview:-1"},"canonical":"https:\/\/guiadelocio.es\/madrid\/esteeste-10-planes-para-este-fin-de-semana-en-madrid\/","og_locale":"es_ES","og_type":"article","og_title":"10 planes para este fin de semana en Madrid | Madrid","og_description":"\u00bfSab\u00edas que tal d\u00eda como hoy en 1983, el astronauta estadounidense Russell L. Schweickart realiz\u00f3 la primera caminata espacial sin ataduras durante la misi\u00f3n Skylab 4? Para muchos, nuestro sue\u00f1o ser\u00eda poder vivir esa experiencia pero, como lo m\u00e1s probable es que la mayor\u00eda de nosotros no lo consigamos, al menos este fin de semana, [&hellip;]","og_url":"https:\/\/guiadelocio.es\/madrid\/esteeste-10-planes-para-este-fin-de-semana-en-madrid\/","og_site_name":"Madrid","article_published_time":"2024-02-22T15:54:35+00:00","article_modified_time":"2024-02-24T00:13:22+00:00","og_image":[{"width":1176,"height":892,"url":"https:\/\/guiadelocio.es\/madrid\/wp-content\/uploads\/sites\/2\/2024\/02\/iStock-1442486365-jpg.webp","type":"image\/jpeg"}],"author":"spons","twitter_card":"summary_large_image","twitter_misc":{"Escrito por":"spons","Tiempo de lectura":"6 minutos"},"schema":{"@context":"https:\/\/schema.org","@graph":[{"@type":"WebPage","@id":"https:\/\/guiadelocio.es\/madrid\/esteeste-10-planes-para-este-fin-de-semana-en-madrid\/","url":"https:\/\/guiadelocio.es\/madrid\/esteeste-10-planes-para-este-fin-de-semana-en-madrid\/","name":"10 planes para este fin de semana en Madrid | Madrid","isPartOf":{"@id":"https:\/\/guiadelocio.es\/madrid\/#website"},"primaryImageOfPage":{"@id":"https:\/\/guiadelocio.es\/madrid\/esteeste-10-planes-para-este-fin-de-semana-en-madrid\/#primaryimage"},"image":{"@id":"https:\/\/guiadelocio.es\/madrid\/esteeste-10-planes-para-este-fin-de-semana-en-madrid\/#primaryimage"},"thumbnailUrl":"https:\/\/guiadelocio.es\/madrid\/wp-content\/uploads\/sites\/2\/2024\/02\/iStock-1442486365-jpg.webp","datePublished":"2024-02-22T15:54:35+00:00","dateModified":"2024-02-24T00:13:22+00:00","author":{"@id":"https:\/\/guiadelocio.es\/madrid\/#\/schema\/person\/8948cef5c81b7b4ad26551a45a2d12d3"},"breadcrumb":{"@id":"https:\/\/guiadelocio.es\/madrid\/esteeste-10-planes-para-este-fin-de-semana-en-madrid\/#breadcrumb"},"inLanguage":"es","potentialAction":[{"@type":"ReadAction","target":["https:\/\/guiadelocio.es\/madrid\/esteeste-10-planes-para-este-fin-de-semana-en-madrid\/"]}]},{"@type":"ImageObject","inLanguage":"es","@id":"https:\/\/guiadelocio.es\/madrid\/esteeste-10-planes-para-este-fin-de-semana-en-madrid\/#primaryimage","url":"https:\/\/guiadelocio.es\/madrid\/wp-content\/uploads\/sites\/2\/2024\/02\/iStock-1442486365-jpg.webp","contentUrl":"https:\/\/guiadelocio.es\/madrid\/wp-content\/uploads\/sites\/2\/2024\/02\/iStock-1442486365-jpg.webp","width":1176,"height":892,"caption":"Madrid, Spain - January 27- 2019: Long exposure shot taken from Ramon y Cajal footbridge looking towards the 4 Towers. Hundreds of cars coming and going from the city."},{"@type":"BreadcrumbList","@id":"https:\/\/guiadelocio.es\/madrid\/esteeste-10-planes-para-este-fin-de-semana-en-madrid\/#breadcrumb","itemListElement":[{"@type":"ListItem","position":1,"name":"Portada","item":"https:\/\/guiadelocio.es\/madrid\/"},{"@type":"ListItem","position":2,"name":"10 planes para este fin de semana en Madrid"}]},{"@type":"WebSite","@id":"https:\/\/guiadelocio.es\/madrid\/#website","url":"https:\/\/guiadelocio.es\/madrid\/","name":"Madrid | Gu\u00eda del Ocio","description":"Qu\u00e9 hacer, d\u00f3nde comer, qu\u00e9 visitar y los lugares que no te puedes perder","potentialAction":[{"@type":"SearchAction","target":{"@type":"EntryPoint","urlTemplate":"https:\/\/guiadelocio.es\/madrid\/?s={search_term_string}"},"query-input":{"@type":"PropertyValueSpecification","valueRequired":true,"valueName":"search_term_string"}}],"inLanguage":"es"},{"@type":"Person","@id":"https:\/\/guiadelocio.es\/madrid\/#\/schema\/person\/8948cef5c81b7b4ad26551a45a2d12d3","name":"spons","image":{"@type":"ImageObject","inLanguage":"es","@id":"https:\/\/guiadelocio.es\/madrid\/#\/schema\/person\/image\/","url":"https:\/\/secure.gravatar.com\/avatar\/c3eb00312c63ba7a2ea61f1fc101d93b66984cbac41bc8a3997f9b64644a08c9?s=96&d=mm&r=g","contentUrl":"https:\/\/secure.gravatar.com\/avatar\/c3eb00312c63ba7a2ea61f1fc101d93b66984cbac41bc8a3997f9b64644a08c9?s=96&d=mm&r=g","caption":"spons"}}]}},"_links":{"self":[{"href":"https:\/\/guiadelocio.es\/madrid\/wp-json\/wp\/v2\/posts\/25819","targetHints":{"allow":["GET"]}}],"collection":[{"href":"https:\/\/guiadelocio.es\/madrid\/wp-json\/wp\/v2\/posts"}],"about":[{"href":"https:\/\/guiadelocio.es\/madrid\/wp-json\/wp\/v2\/types\/post"}],"author":[{"embeddable":true,"href":"https:\/\/guiadelocio.es\/madrid\/wp-json\/wp\/v2\/users\/5"}],"replies":[{"embeddable":true,"href":"https:\/\/guiadelocio.es\/madrid\/wp-json\/wp\/v2\/comments?post=25819"}],"version-history":[{"count":0,"href":"https:\/\/guiadelocio.es\/madrid\/wp-json\/wp\/v2\/posts\/25819\/revisions"}],"wp:featuredmedia":[{"embeddable":true,"href":"https:\/\/guiadelocio.es\/madrid\/wp-json\/wp\/v2\/media\/25840"}],"wp:attachment":[{"href":"https:\/\/guiadelocio.es\/madrid\/wp-json\/wp\/v2\/media?parent=25819"}],"wp:term":[{"taxonomy":"category","embeddable":true,"href":"https:\/\/guiadelocio.es\/madrid\/wp-json\/wp\/v2\/categories?post=25819"},{"taxonomy":"post_tag","embeddable":true,"href":"https:\/\/guiadelocio.es\/madrid\/wp-json\/wp\/v2\/tags?post=25819"},{"taxonomy":"category_plan","embeddable":true,"href":"https:\/\/guiadelocio.es\/madrid\/wp-json\/wp\/v2\/category_plan?post=25819"},{"taxonomy":"filter_trans","embeddable":true,"href":"https:\/\/guiadelocio.es\/madrid\/wp-json\/wp\/v2\/filter_trans?post=25819"},{"taxonomy":"filter_main","embeddable":true,"href":"https:\/\/guiadelocio.es\/madrid\/wp-json\/wp\/v2\/filter_main?post=25819"},{"taxonomy":"filter_sec","embeddable":true,"href":"https:\/\/guiadelocio.es\/madrid\/wp-json\/wp\/v2\/filter_sec?post=25819"},{"taxonomy":"barrios","embeddable":true,"href":"https:\/\/guiadelocio.es\/madrid\/wp-json\/wp\/v2\/barrios?post=25819"}],"curies":[{"name":"wp","href":"https:\/\/api.w.org\/{rel}","templated":true}]}}