{"id":24479,"date":"2024-01-24T11:36:47","date_gmt":"2024-01-24T10:36:47","guid":{"rendered":"https:\/\/guiadelocio.es\/madrid\/?p=24479"},"modified":"2024-01-26T14:04:40","modified_gmt":"2024-01-26T13:04:40","slug":"la-nina-bonita-un-emotivo-homenaje-musical-a-catalina-de-aragon-y-su-legado-barroco","status":"publish","type":"post","link":"https:\/\/guiadelocio.es\/madrid\/la-nina-bonita-un-emotivo-homenaje-musical-a-catalina-de-aragon-y-su-legado-barroco\/","title":{"rendered":"Raquel Andueza &#038; La Galan\u00eda en &#8216;La Ni\u00f1a Bonita&#8217;: Homenaje musical a Catalina de Arag\u00f3n"},"content":{"rendered":"<p><strong>Concierto homenaje a Catalina de Arag\u00f3n: Belleza, Cultura y Legado Barroco<\/strong><\/p>\n<p><strong>La Ni\u00f1a Bonita<\/strong> &#8211; 28 de enero de 2024 a las 19:00h &#8211; Teatro Sal\u00f3n Cervantes<\/p>\n<p>La noche del domingo 28 de enero, los muros del <strong><a href=\"https:\/\/guiadelocio.es\/madrid\/plan\/teatro-salon-cervantes\/\" target=\"_blank\" rel=\"noopener\"><span>Teatro Sal\u00f3n Cervantes<\/span><\/a>,<\/strong> resonar\u00e1n con la majestuosidad de la m\u00fasica barroca mientras <strong>Raquel Andueza y La Galan\u00eda,<\/strong> se unen en un apasionado homenaje a Catalina de Arag\u00f3n. La soprano <strong>Raquel Andueza<\/strong>, acompa\u00f1ada por el virtuoso conjunto <strong>La Galan\u00eda<\/strong>, liderar\u00e1 esta experiencia \u00fanica, fusionando la emotividad de la m\u00fasica barroca con la rica historia de esta destacada figura europea.<\/p>\n<p><img decoding=\"async\" class=\" wp-image-24489 aligncenter\" src=\"https:\/\/guiadelocio.es\/madrid\/wp-content\/uploads\/sites\/2\/2024\/01\/A3-RAQUEL-ANDUEZA-212x300.png\" alt=\"\" width=\"463\" height=\"655\" srcset=\"https:\/\/guiadelocio.es\/madrid\/wp-content\/uploads\/sites\/2\/2024\/01\/A3-RAQUEL-ANDUEZA-212x300.png 212w, https:\/\/guiadelocio.es\/madrid\/wp-content\/uploads\/sites\/2\/2024\/01\/A3-RAQUEL-ANDUEZA-724x1024.png 724w, https:\/\/guiadelocio.es\/madrid\/wp-content\/uploads\/sites\/2\/2024\/01\/A3-RAQUEL-ANDUEZA-768x1086.png 768w, https:\/\/guiadelocio.es\/madrid\/wp-content\/uploads\/sites\/2\/2024\/01\/A3-RAQUEL-ANDUEZA-1086x1536.png 1086w, https:\/\/guiadelocio.es\/madrid\/wp-content\/uploads\/sites\/2\/2024\/01\/A3-RAQUEL-ANDUEZA-650x920.png 650w, https:\/\/guiadelocio.es\/madrid\/wp-content\/uploads\/sites\/2\/2024\/01\/A3-RAQUEL-ANDUEZA-305x432.png 305w, https:\/\/guiadelocio.es\/madrid\/wp-content\/uploads\/sites\/2\/2024\/01\/A3-RAQUEL-ANDUEZA-141x200.png 141w, https:\/\/guiadelocio.es\/madrid\/wp-content\/uploads\/sites\/2\/2024\/01\/A3-RAQUEL-ANDUEZA.png 1414w\" sizes=\"(max-width: 463px) 100vw, 463px\" \/><\/p>\n<p><strong>Catalina de Arag\u00f3n: Belleza, Intelecto y Legado Cultural<\/strong><\/p>\n<p>Catalina de Arag\u00f3n, conocida como \u00ab<strong>La Ni\u00f1a Bonita\u00bb<\/strong> en la corte europea, fue mucho m\u00e1s que una cara hermosa. Nacida en Alcal\u00e1 de Henares, su entrada triunfal en la capital brit\u00e1nica gener\u00f3 comentarios elogiosos que destacaban su belleza \u00fanica y su inteligencia excepcional. Enrique VII, al ver a Catalina, expres\u00f3 su admiraci\u00f3n, resaltando no solo su atractivo f\u00edsico sino tambi\u00e9n sus modales encantadores.<\/p>\n<p>Inmortalizada en numerosos cuadros y retratos, Catalina dej\u00f3 una huella imborrable en la historia. Sin embargo, su legado trasciende la belleza f\u00edsica, siendo reconocida como la primera embajadora de la historia en Europa y una destacada mecenas del humanismo renacentista.<\/p>\n<p>En este concierto, la selecci\u00f3n cuidadosa de piezas musicales no solo celebra la figura de Catalina como una mujer hermosa sino tambi\u00e9n como una l\u00edder cultural y embajadora que marc\u00f3 una era de esplendor cultural y art\u00edstico. La influencia de Catalina en el desarrollo del humanismo renacentista es innegable, y este evento busca rendir homenaje a su inteligencia, cultura y papel pionero.<\/p>\n<p>Puedes comprar tus entradas <strong><a href=\"https:\/\/www.flowte.me\/storefront\/alcala-de-henares?e=32845\" target=\"_blank\" rel=\"noopener\"><span>aqu\u00ed<\/span><\/a><\/strong>.<\/p>\n<p><strong>Artistas<\/strong>:<\/p>\n<p>Soprano: Raquel Andueza.<br \/>\nTiorba y direcci\u00f3n: Jes\u00fas Fern\u00e1ndez Baena.<br \/>\nPercusi\u00f3n: David Mayoral.<br \/>\nViol\u00edn: Santiago Daneyko.<br \/>\nGuitarra barroca: Pierre Pitzl.<br \/>\nArpa de dos \u00f3rdenes: Manuel Vilas.<\/p>\n<p><strong>Fecha y Lugar:<\/strong><\/p>\n<p>Fecha: 28 de enero de 2024.<br \/>\nHora: 19:00h.<br \/>\nLugar: Teatro Sal\u00f3n Cervantes.<\/p>\n<p><strong>Precios de Entradas:<\/strong><\/p>\n<p>Butaca de patio: 16 \u20ac.<br \/>\nButaca de anfiteatro: 14 \u20ac.<br \/>\nSilla de palco delantera: 12 \u20ac.<br \/>\nSilla de palco trasera, visi\u00f3n reducida: 8 \u20ac.<\/p>\n<p><strong>Programa<\/strong>:<\/p>\n<p>\u00bfD\u00f3nde va la ni\u00f1a bonita? &#8211; Texto: AN\u00d3NIMO (s. XVII)*<br \/>\nDe mis tormentos y enojos &#8211; AN\u00d3NIMO (s. XVII)<br \/>\nVuestra belleza, se\u00f1ora &#8211; AN\u00d3NIMO (s. XVII)<br \/>\nSi vos pretend\u00e9is quererme &#8211; ENRICO RADESCA (m. 1625)<br \/>\nOjos pues me desde\u00f1ais &#8211; JOS\u00c9 MAR\u00cdN (1618 &#8211; 1699)<br \/>\nEspa\u00f1oles br\u00edos &#8211; Texto: AN\u00d3NIMO (s. XVII)*<br \/>\nS\u00e9 que me muero de amor &#8211; J. B. LULLY (1632 &#8211; 1687)<br \/>\nSi quer\u00e9is que os enrame &#8211; AN\u00d3NIMO (s. XVII)<br \/>\nO m\u00e1s que Venus hermosa &#8211; AN\u00d3NIMO (s. XVII)<br \/>\nD\u00edgame un requiebro &#8211; JUAN ARA\u00d1\u00c9S (c. 1580 &#8211; c. 1649)<br \/>\nEsta noche so\u00f1\u00e9 un sue\u00f1o &#8211; AN\u00d3NIMO (s. XVII)<br \/>\n*reconstrucci\u00f3n mel\u00f3dica a cargo de \u00c1lvaro Torrente (n. 1963)<\/p>\n<p>\u00danete a nosotros en \u00ab<strong>La Ni\u00f1a Bonita<\/strong>\u00bb para explorar la riqueza musical y cultural de Catalina de Arag\u00f3n, una noche que promete resonar con la belleza, la historia y el legado barroco. \u00a1Asegura tu <a href=\"https:\/\/www.flowte.me\/storefront\/alcala-de-henares?e=32845\"><span>entrada<\/span><\/a> y s\u00e9 parte de esta experiencia \u00fanica!<\/p>\n<p>&nbsp;<\/p>\n<p><strong>Festival Alma Catalina de Arag\u00f3n<\/strong><\/p>\n<p>El Festival \u00ab<strong>Alma Catalina de Arag\u00f3n\u00bb<\/strong>, organizado por el Ayuntamiento de Alcal\u00e1 de Henares del 26 al 28 de enero, presenta diversas actividades en emblem\u00e1ticos espacios de la ciudad. Inicia con la conferencia \u00abCatalina: infanta, reina y mecenas del humanismo\u00bb el 26 de enero a las 18 h. en el Antiguo Hospital de Santa Mar\u00eda la Rica. El 27 de enero destaca una visita tur\u00edstica teatralizada, la entrega del Premio Catalina de Arag\u00f3n en la Casa de la Entrevista a las 12:30 h., y un homenaje en la Plaza de las Bernardas a las 13 h. Adem\u00e1s, a las 20:30 h. en la Parroquia Santa Mar\u00eda la Mayor, el concierto \u00abQuondam\u00bb explorar\u00e1 la m\u00fasica asociada a Catalina de Arag\u00f3n, abordando obras de compositores de la corte espa\u00f1ola e inglesa. Todas las actividades son de entrada libre.<\/p>\n<p><img decoding=\"async\" class=\" wp-image-24492 aligncenter\" src=\"https:\/\/guiadelocio.es\/madrid\/wp-content\/uploads\/sites\/2\/2024\/01\/A3-ALMA-212x300.png\" alt=\"\" width=\"477\" height=\"675\" srcset=\"https:\/\/guiadelocio.es\/madrid\/wp-content\/uploads\/sites\/2\/2024\/01\/A3-ALMA-212x300.png 212w, https:\/\/guiadelocio.es\/madrid\/wp-content\/uploads\/sites\/2\/2024\/01\/A3-ALMA-724x1024.png 724w, https:\/\/guiadelocio.es\/madrid\/wp-content\/uploads\/sites\/2\/2024\/01\/A3-ALMA-768x1086.png 768w, https:\/\/guiadelocio.es\/madrid\/wp-content\/uploads\/sites\/2\/2024\/01\/A3-ALMA-1086x1536.png 1086w, https:\/\/guiadelocio.es\/madrid\/wp-content\/uploads\/sites\/2\/2024\/01\/A3-ALMA-650x920.png 650w, https:\/\/guiadelocio.es\/madrid\/wp-content\/uploads\/sites\/2\/2024\/01\/A3-ALMA-305x432.png 305w, https:\/\/guiadelocio.es\/madrid\/wp-content\/uploads\/sites\/2\/2024\/01\/A3-ALMA-141x200.png 141w, https:\/\/guiadelocio.es\/madrid\/wp-content\/uploads\/sites\/2\/2024\/01\/A3-ALMA.png 1414w\" sizes=\"(max-width: 477px) 100vw, 477px\" \/><\/p>\n<p>Para mas informaci\u00f3n pulsa <a href=\"https:\/\/guiadelocio.es\/madrid\/plan\/festival-alma-catalina-de-aragon\/\" target=\"_blank\" rel=\"noopener\"><span>aqu\u00ed<\/span><\/a>.<\/p>\n<p>&nbsp;<\/p>\n<p><span style=\"color: #ff6600;\"><strong>\u00bfQuieres ser siempre el primero en enterarte de todos los planes que hay en tu ciudad?<\/strong><\/span><\/p>\n<p><span style=\"color: #ff6600;\"><a class=\"button button--large button--iconposition-left button--icon-newsletter\" style=\"color: #ff6600;\" href=\"https:\/\/guiadelocio.es\/madrid\/suscribete-aqui-a-nuestra-newsletter\/\" target=\"_blank\" rel=\"noopener\"><span>Inscr\u00edbete AQU\u00cd a nuestra newsletter<\/span><\/a><\/span><\/p>\n","protected":false},"excerpt":{"rendered":"<p>Concierto homenaje a Catalina de Arag\u00f3n: Belleza, Cultura y Legado Barroco La Ni\u00f1a Bonita &#8211; 28 de enero de 2024 a las 19:00h &#8211; Teatro Sal\u00f3n Cervantes La noche del domingo 28 de enero, los muros del Teatro Sal\u00f3n Cervantes, resonar\u00e1n con la majestuosidad de la m\u00fasica barroca mientras Raquel Andueza y La Galan\u00eda, se [&hellip;]<\/p>\n","protected":false},"author":8,"featured_media":24514,"comment_status":"closed","ping_status":"closed","sticky":false,"template":"","format":"standard","meta":{"_acf_changed":false,"footnotes":""},"categories":[1],"tags":[],"category_plan":[4],"filter_trans":[],"filter_main":[],"filter_sec":[],"barrios":[338],"class_list":["post-24479","post","type-post","status-publish","format-standard","has-post-thumbnail","hentry","category-sin-categorizar","barrios-alcala-de-henares"],"acf":[],"yoast_head":"<!-- This site is optimized with the Yoast SEO plugin v26.0 - https:\/\/yoast.com\/wordpress\/plugins\/seo\/ -->\n<title>Raquel Andueza &amp; La Galan\u00eda en &#039;La Ni\u00f1a Bonita&#039;: Homenaje musical a Catalina de Arag\u00f3n | Madrid<\/title>\n<meta name=\"robots\" content=\"index, follow, max-snippet:-1, max-image-preview:large, max-video-preview:-1\" \/>\n<link rel=\"canonical\" href=\"https:\/\/guiadelocio.es\/madrid\/la-nina-bonita-un-emotivo-homenaje-musical-a-catalina-de-aragon-y-su-legado-barroco\/\" \/>\n<meta property=\"og:locale\" content=\"es_ES\" \/>\n<meta property=\"og:type\" content=\"article\" \/>\n<meta property=\"og:title\" content=\"Raquel Andueza &amp; La Galan\u00eda en &#039;La Ni\u00f1a Bonita&#039;: Homenaje musical a Catalina de Arag\u00f3n | Madrid\" \/>\n<meta property=\"og:description\" content=\"Concierto homenaje a Catalina de Arag\u00f3n: Belleza, Cultura y Legado Barroco La Ni\u00f1a Bonita &#8211; 28 de enero de 2024 a las 19:00h &#8211; Teatro Sal\u00f3n Cervantes La noche del domingo 28 de enero, los muros del Teatro Sal\u00f3n Cervantes, resonar\u00e1n con la majestuosidad de la m\u00fasica barroca mientras Raquel Andueza y La Galan\u00eda, se [&hellip;]\" \/>\n<meta property=\"og:url\" content=\"https:\/\/guiadelocio.es\/madrid\/la-nina-bonita-un-emotivo-homenaje-musical-a-catalina-de-aragon-y-su-legado-barroco\/\" \/>\n<meta property=\"og:site_name\" content=\"Madrid\" \/>\n<meta property=\"article:published_time\" content=\"2024-01-24T10:36:47+00:00\" \/>\n<meta property=\"article:modified_time\" content=\"2024-01-26T13:04:40+00:00\" \/>\n<meta property=\"og:image\" content=\"https:\/\/guiadelocio.es\/madrid\/wp-content\/uploads\/sites\/2\/2024\/01\/Foto-LG-scaled.webp\" \/>\n\t<meta property=\"og:image:width\" content=\"2048\" \/>\n\t<meta property=\"og:image:height\" content=\"1536\" \/>\n\t<meta property=\"og:image:type\" content=\"image\/jpeg\" \/>\n<meta name=\"author\" content=\"Gu\u00eda del Ocio\" \/>\n<meta name=\"twitter:card\" content=\"summary_large_image\" \/>\n<meta name=\"twitter:label1\" content=\"Escrito por\" \/>\n\t<meta name=\"twitter:data1\" content=\"Gu\u00eda del Ocio\" \/>\n\t<meta name=\"twitter:label2\" content=\"Tiempo de lectura\" \/>\n\t<meta name=\"twitter:data2\" content=\"4 minutos\" \/>\n<script type=\"application\/ld+json\" class=\"yoast-schema-graph\">{\"@context\":\"https:\/\/schema.org\",\"@graph\":[{\"@type\":\"WebPage\",\"@id\":\"https:\/\/guiadelocio.es\/madrid\/la-nina-bonita-un-emotivo-homenaje-musical-a-catalina-de-aragon-y-su-legado-barroco\/\",\"url\":\"https:\/\/guiadelocio.es\/madrid\/la-nina-bonita-un-emotivo-homenaje-musical-a-catalina-de-aragon-y-su-legado-barroco\/\",\"name\":\"Raquel Andueza & La Galan\u00eda en 'La Ni\u00f1a Bonita': Homenaje musical a Catalina de Arag\u00f3n | Madrid\",\"isPartOf\":{\"@id\":\"https:\/\/guiadelocio.es\/madrid\/#website\"},\"primaryImageOfPage\":{\"@id\":\"https:\/\/guiadelocio.es\/madrid\/la-nina-bonita-un-emotivo-homenaje-musical-a-catalina-de-aragon-y-su-legado-barroco\/#primaryimage\"},\"image\":{\"@id\":\"https:\/\/guiadelocio.es\/madrid\/la-nina-bonita-un-emotivo-homenaje-musical-a-catalina-de-aragon-y-su-legado-barroco\/#primaryimage\"},\"thumbnailUrl\":\"https:\/\/guiadelocio.es\/madrid\/wp-content\/uploads\/sites\/2\/2024\/01\/Foto-LG-scaled.webp\",\"datePublished\":\"2024-01-24T10:36:47+00:00\",\"dateModified\":\"2024-01-26T13:04:40+00:00\",\"author\":{\"@id\":\"https:\/\/guiadelocio.es\/madrid\/#\/schema\/person\/dedd385c3a1875e2dfb8ee808e4fca89\"},\"breadcrumb\":{\"@id\":\"https:\/\/guiadelocio.es\/madrid\/la-nina-bonita-un-emotivo-homenaje-musical-a-catalina-de-aragon-y-su-legado-barroco\/#breadcrumb\"},\"inLanguage\":\"es\",\"potentialAction\":[{\"@type\":\"ReadAction\",\"target\":[\"https:\/\/guiadelocio.es\/madrid\/la-nina-bonita-un-emotivo-homenaje-musical-a-catalina-de-aragon-y-su-legado-barroco\/\"]}]},{\"@type\":\"ImageObject\",\"inLanguage\":\"es\",\"@id\":\"https:\/\/guiadelocio.es\/madrid\/la-nina-bonita-un-emotivo-homenaje-musical-a-catalina-de-aragon-y-su-legado-barroco\/#primaryimage\",\"url\":\"https:\/\/guiadelocio.es\/madrid\/wp-content\/uploads\/sites\/2\/2024\/01\/Foto-LG-scaled.webp\",\"contentUrl\":\"https:\/\/guiadelocio.es\/madrid\/wp-content\/uploads\/sites\/2\/2024\/01\/Foto-LG-scaled.webp\",\"width\":2048,\"height\":1536},{\"@type\":\"BreadcrumbList\",\"@id\":\"https:\/\/guiadelocio.es\/madrid\/la-nina-bonita-un-emotivo-homenaje-musical-a-catalina-de-aragon-y-su-legado-barroco\/#breadcrumb\",\"itemListElement\":[{\"@type\":\"ListItem\",\"position\":1,\"name\":\"Portada\",\"item\":\"https:\/\/guiadelocio.es\/madrid\/\"},{\"@type\":\"ListItem\",\"position\":2,\"name\":\"Raquel Andueza &#038; La Galan\u00eda en &#8216;La Ni\u00f1a Bonita&#8217;: Homenaje musical a Catalina de Arag\u00f3n\"}]},{\"@type\":\"WebSite\",\"@id\":\"https:\/\/guiadelocio.es\/madrid\/#website\",\"url\":\"https:\/\/guiadelocio.es\/madrid\/\",\"name\":\"Madrid | Gu\u00eda del Ocio\",\"description\":\"Qu\u00e9 hacer, d\u00f3nde comer, qu\u00e9 visitar y los lugares que no te puedes perder\",\"potentialAction\":[{\"@type\":\"SearchAction\",\"target\":{\"@type\":\"EntryPoint\",\"urlTemplate\":\"https:\/\/guiadelocio.es\/madrid\/?s={search_term_string}\"},\"query-input\":{\"@type\":\"PropertyValueSpecification\",\"valueRequired\":true,\"valueName\":\"search_term_string\"}}],\"inLanguage\":\"es\"},{\"@type\":\"Person\",\"@id\":\"https:\/\/guiadelocio.es\/madrid\/#\/schema\/person\/dedd385c3a1875e2dfb8ee808e4fca89\",\"name\":\"Gu\u00eda del Ocio\",\"image\":{\"@type\":\"ImageObject\",\"inLanguage\":\"es\",\"@id\":\"https:\/\/guiadelocio.es\/madrid\/#\/schema\/person\/image\/\",\"url\":\"https:\/\/secure.gravatar.com\/avatar\/27d9eb58286cefc2042fb32a3db3a679c555c2a21aa6719fa7916d63185b9fe9?s=96&d=mm&r=g\",\"contentUrl\":\"https:\/\/secure.gravatar.com\/avatar\/27d9eb58286cefc2042fb32a3db3a679c555c2a21aa6719fa7916d63185b9fe9?s=96&d=mm&r=g\",\"caption\":\"Gu\u00eda del Ocio\"}}]}<\/script>\n<!-- \/ Yoast SEO plugin. -->","yoast_head_json":{"title":"Raquel Andueza & La Galan\u00eda en 'La Ni\u00f1a Bonita': Homenaje musical a Catalina de Arag\u00f3n | Madrid","robots":{"index":"index","follow":"follow","max-snippet":"max-snippet:-1","max-image-preview":"max-image-preview:large","max-video-preview":"max-video-preview:-1"},"canonical":"https:\/\/guiadelocio.es\/madrid\/la-nina-bonita-un-emotivo-homenaje-musical-a-catalina-de-aragon-y-su-legado-barroco\/","og_locale":"es_ES","og_type":"article","og_title":"Raquel Andueza & La Galan\u00eda en 'La Ni\u00f1a Bonita': Homenaje musical a Catalina de Arag\u00f3n | Madrid","og_description":"Concierto homenaje a Catalina de Arag\u00f3n: Belleza, Cultura y Legado Barroco La Ni\u00f1a Bonita &#8211; 28 de enero de 2024 a las 19:00h &#8211; Teatro Sal\u00f3n Cervantes La noche del domingo 28 de enero, los muros del Teatro Sal\u00f3n Cervantes, resonar\u00e1n con la majestuosidad de la m\u00fasica barroca mientras Raquel Andueza y La Galan\u00eda, se [&hellip;]","og_url":"https:\/\/guiadelocio.es\/madrid\/la-nina-bonita-un-emotivo-homenaje-musical-a-catalina-de-aragon-y-su-legado-barroco\/","og_site_name":"Madrid","article_published_time":"2024-01-24T10:36:47+00:00","article_modified_time":"2024-01-26T13:04:40+00:00","og_image":[{"width":2048,"height":1536,"url":"https:\/\/guiadelocio.es\/madrid\/wp-content\/uploads\/sites\/2\/2024\/01\/Foto-LG-scaled.webp","type":"image\/jpeg"}],"author":"Gu\u00eda del Ocio","twitter_card":"summary_large_image","twitter_misc":{"Escrito por":"Gu\u00eda del Ocio","Tiempo de lectura":"4 minutos"},"schema":{"@context":"https:\/\/schema.org","@graph":[{"@type":"WebPage","@id":"https:\/\/guiadelocio.es\/madrid\/la-nina-bonita-un-emotivo-homenaje-musical-a-catalina-de-aragon-y-su-legado-barroco\/","url":"https:\/\/guiadelocio.es\/madrid\/la-nina-bonita-un-emotivo-homenaje-musical-a-catalina-de-aragon-y-su-legado-barroco\/","name":"Raquel Andueza & La Galan\u00eda en 'La Ni\u00f1a Bonita': Homenaje musical a Catalina de Arag\u00f3n | Madrid","isPartOf":{"@id":"https:\/\/guiadelocio.es\/madrid\/#website"},"primaryImageOfPage":{"@id":"https:\/\/guiadelocio.es\/madrid\/la-nina-bonita-un-emotivo-homenaje-musical-a-catalina-de-aragon-y-su-legado-barroco\/#primaryimage"},"image":{"@id":"https:\/\/guiadelocio.es\/madrid\/la-nina-bonita-un-emotivo-homenaje-musical-a-catalina-de-aragon-y-su-legado-barroco\/#primaryimage"},"thumbnailUrl":"https:\/\/guiadelocio.es\/madrid\/wp-content\/uploads\/sites\/2\/2024\/01\/Foto-LG-scaled.webp","datePublished":"2024-01-24T10:36:47+00:00","dateModified":"2024-01-26T13:04:40+00:00","author":{"@id":"https:\/\/guiadelocio.es\/madrid\/#\/schema\/person\/dedd385c3a1875e2dfb8ee808e4fca89"},"breadcrumb":{"@id":"https:\/\/guiadelocio.es\/madrid\/la-nina-bonita-un-emotivo-homenaje-musical-a-catalina-de-aragon-y-su-legado-barroco\/#breadcrumb"},"inLanguage":"es","potentialAction":[{"@type":"ReadAction","target":["https:\/\/guiadelocio.es\/madrid\/la-nina-bonita-un-emotivo-homenaje-musical-a-catalina-de-aragon-y-su-legado-barroco\/"]}]},{"@type":"ImageObject","inLanguage":"es","@id":"https:\/\/guiadelocio.es\/madrid\/la-nina-bonita-un-emotivo-homenaje-musical-a-catalina-de-aragon-y-su-legado-barroco\/#primaryimage","url":"https:\/\/guiadelocio.es\/madrid\/wp-content\/uploads\/sites\/2\/2024\/01\/Foto-LG-scaled.webp","contentUrl":"https:\/\/guiadelocio.es\/madrid\/wp-content\/uploads\/sites\/2\/2024\/01\/Foto-LG-scaled.webp","width":2048,"height":1536},{"@type":"BreadcrumbList","@id":"https:\/\/guiadelocio.es\/madrid\/la-nina-bonita-un-emotivo-homenaje-musical-a-catalina-de-aragon-y-su-legado-barroco\/#breadcrumb","itemListElement":[{"@type":"ListItem","position":1,"name":"Portada","item":"https:\/\/guiadelocio.es\/madrid\/"},{"@type":"ListItem","position":2,"name":"Raquel Andueza &#038; La Galan\u00eda en &#8216;La Ni\u00f1a Bonita&#8217;: Homenaje musical a Catalina de Arag\u00f3n"}]},{"@type":"WebSite","@id":"https:\/\/guiadelocio.es\/madrid\/#website","url":"https:\/\/guiadelocio.es\/madrid\/","name":"Madrid | Gu\u00eda del Ocio","description":"Qu\u00e9 hacer, d\u00f3nde comer, qu\u00e9 visitar y los lugares que no te puedes perder","potentialAction":[{"@type":"SearchAction","target":{"@type":"EntryPoint","urlTemplate":"https:\/\/guiadelocio.es\/madrid\/?s={search_term_string}"},"query-input":{"@type":"PropertyValueSpecification","valueRequired":true,"valueName":"search_term_string"}}],"inLanguage":"es"},{"@type":"Person","@id":"https:\/\/guiadelocio.es\/madrid\/#\/schema\/person\/dedd385c3a1875e2dfb8ee808e4fca89","name":"Gu\u00eda del Ocio","image":{"@type":"ImageObject","inLanguage":"es","@id":"https:\/\/guiadelocio.es\/madrid\/#\/schema\/person\/image\/","url":"https:\/\/secure.gravatar.com\/avatar\/27d9eb58286cefc2042fb32a3db3a679c555c2a21aa6719fa7916d63185b9fe9?s=96&d=mm&r=g","contentUrl":"https:\/\/secure.gravatar.com\/avatar\/27d9eb58286cefc2042fb32a3db3a679c555c2a21aa6719fa7916d63185b9fe9?s=96&d=mm&r=g","caption":"Gu\u00eda del Ocio"}}]}},"_links":{"self":[{"href":"https:\/\/guiadelocio.es\/madrid\/wp-json\/wp\/v2\/posts\/24479","targetHints":{"allow":["GET"]}}],"collection":[{"href":"https:\/\/guiadelocio.es\/madrid\/wp-json\/wp\/v2\/posts"}],"about":[{"href":"https:\/\/guiadelocio.es\/madrid\/wp-json\/wp\/v2\/types\/post"}],"author":[{"embeddable":true,"href":"https:\/\/guiadelocio.es\/madrid\/wp-json\/wp\/v2\/users\/8"}],"replies":[{"embeddable":true,"href":"https:\/\/guiadelocio.es\/madrid\/wp-json\/wp\/v2\/comments?post=24479"}],"version-history":[{"count":0,"href":"https:\/\/guiadelocio.es\/madrid\/wp-json\/wp\/v2\/posts\/24479\/revisions"}],"wp:featuredmedia":[{"embeddable":true,"href":"https:\/\/guiadelocio.es\/madrid\/wp-json\/wp\/v2\/media\/24514"}],"wp:attachment":[{"href":"https:\/\/guiadelocio.es\/madrid\/wp-json\/wp\/v2\/media?parent=24479"}],"wp:term":[{"taxonomy":"category","embeddable":true,"href":"https:\/\/guiadelocio.es\/madrid\/wp-json\/wp\/v2\/categories?post=24479"},{"taxonomy":"post_tag","embeddable":true,"href":"https:\/\/guiadelocio.es\/madrid\/wp-json\/wp\/v2\/tags?post=24479"},{"taxonomy":"category_plan","embeddable":true,"href":"https:\/\/guiadelocio.es\/madrid\/wp-json\/wp\/v2\/category_plan?post=24479"},{"taxonomy":"filter_trans","embeddable":true,"href":"https:\/\/guiadelocio.es\/madrid\/wp-json\/wp\/v2\/filter_trans?post=24479"},{"taxonomy":"filter_main","embeddable":true,"href":"https:\/\/guiadelocio.es\/madrid\/wp-json\/wp\/v2\/filter_main?post=24479"},{"taxonomy":"filter_sec","embeddable":true,"href":"https:\/\/guiadelocio.es\/madrid\/wp-json\/wp\/v2\/filter_sec?post=24479"},{"taxonomy":"barrios","embeddable":true,"href":"https:\/\/guiadelocio.es\/madrid\/wp-json\/wp\/v2\/barrios?post=24479"}],"curies":[{"name":"wp","href":"https:\/\/api.w.org\/{rel}","templated":true}]}}