{"id":21828,"date":"2023-11-16T12:36:22","date_gmt":"2023-11-16T11:36:22","guid":{"rendered":"https:\/\/guiadelocio.es\/madrid\/?p=21828"},"modified":"2024-01-25T17:52:47","modified_gmt":"2024-01-25T16:52:47","slug":"la-minoria-mas-grande-del-mundo-la-exposicion-que-documenta-la-realidad-de-los-mas-desfavorecidos","status":"publish","type":"post","link":"https:\/\/guiadelocio.es\/madrid\/la-minoria-mas-grande-del-mundo-la-exposicion-que-documenta-la-realidad-de-los-mas-desfavorecidos\/","title":{"rendered":"\u00abLa minor\u00eda m\u00e1s grande del mundo\u00bb, la exposici\u00f3n que documenta la realidad de los m\u00e1s desfavorecidos"},"content":{"rendered":"<p>Hay muchas realidades ocultas, no tan presentes en nuestro d\u00eda y d\u00eda, que pasan desapercibidas, pero eso no significa que no existan. <strong>Lara Villar<\/strong>, fot\u00f3grafa especializada en fotoperiodismo, usa su lente para <strong>iluminar y hacer visibles las realidades olvidadas o silenciadas<\/strong>.<\/p>\n<p>Ahora, esta fot\u00f3grafa re\u00fane en la exposici\u00f3n <strong>\u00abLa minor\u00eda m\u00e1s grande del mundo\u00bb<\/strong> una serie de fotograf\u00edas que retratan la realidad de los m\u00e1s vulnerables, en este caso la de los ni\u00f1os discapacitados en \u00c1frica, y tambi\u00e9n c\u00f3mo esto afecta a las mujeres de este continente.<\/p>\n<p><img decoding=\"async\" class=\" wp-image-21832 aligncenter\" src=\"https:\/\/guiadelocio.es\/madrid\/wp-content\/uploads\/sites\/2\/2023\/11\/Cartel-La-Minoria-210x300.webp\" alt=\"exposici\u00f3n lara villar\" width=\"596\" height=\"851\" srcset=\"https:\/\/guiadelocio.es\/madrid\/wp-content\/uploads\/sites\/2\/2023\/11\/Cartel-La-Minoria-210x300.webp 210w, https:\/\/guiadelocio.es\/madrid\/wp-content\/uploads\/sites\/2\/2023\/11\/Cartel-La-Minoria-718x1024.webp 718w, https:\/\/guiadelocio.es\/madrid\/wp-content\/uploads\/sites\/2\/2023\/11\/Cartel-La-Minoria-768x1095.webp 768w, https:\/\/guiadelocio.es\/madrid\/wp-content\/uploads\/sites\/2\/2023\/11\/Cartel-La-Minoria-1077x1536.webp 1077w, https:\/\/guiadelocio.es\/madrid\/wp-content\/uploads\/sites\/2\/2023\/11\/Cartel-La-Minoria-scaled.webp 1436w, https:\/\/guiadelocio.es\/madrid\/wp-content\/uploads\/sites\/2\/2023\/11\/Cartel-La-Minoria-645x920.webp 645w, https:\/\/guiadelocio.es\/madrid\/wp-content\/uploads\/sites\/2\/2023\/11\/Cartel-La-Minoria-303x432.webp 303w, https:\/\/guiadelocio.es\/madrid\/wp-content\/uploads\/sites\/2\/2023\/11\/Cartel-La-Minoria-140x200.webp 140w\" sizes=\"(max-width: 596px) 100vw, 596px\" \/><\/p>\n<p>Lara presenta su primera exposici\u00f3n sobre su trabajo documental en colaboraci\u00f3n con la ONG Bethany Kids, que se puede ver desde el <strong>13 al 18 de noviembre<\/strong> en la <strong>Galer\u00eda MADOS (C. del Conde de Xiquena, 12, 28004 Madrid)<\/strong> con entrada libre en el horario de l<span style=\"font-weight: 400;\">unes a viernes 11:00 a 15:00 horas y de 16:00 a 20:00 horas, y el s\u00e1bado de 11:00 a 14:00 horas.<\/span><\/p>\n<p><img decoding=\"async\" class=\" wp-image-21833 aligncenter\" src=\"https:\/\/guiadelocio.es\/madrid\/wp-content\/uploads\/sites\/2\/2023\/11\/MG_3463-1-Mejorado-NR-NIV-300x200.webp\" alt=\"\" width=\"998\" height=\"665\" srcset=\"https:\/\/guiadelocio.es\/madrid\/wp-content\/uploads\/sites\/2\/2023\/11\/MG_3463-1-Mejorado-NR-NIV-300x200.webp 300w, https:\/\/guiadelocio.es\/madrid\/wp-content\/uploads\/sites\/2\/2023\/11\/MG_3463-1-Mejorado-NR-NIV-1024x683.webp 1024w, https:\/\/guiadelocio.es\/madrid\/wp-content\/uploads\/sites\/2\/2023\/11\/MG_3463-1-Mejorado-NR-NIV-768x512.webp 768w, https:\/\/guiadelocio.es\/madrid\/wp-content\/uploads\/sites\/2\/2023\/11\/MG_3463-1-Mejorado-NR-NIV-1536x1024.webp 1536w, https:\/\/guiadelocio.es\/madrid\/wp-content\/uploads\/sites\/2\/2023\/11\/MG_3463-1-Mejorado-NR-NIV-scaled.webp 2048w, https:\/\/guiadelocio.es\/madrid\/wp-content\/uploads\/sites\/2\/2023\/11\/MG_3463-1-Mejorado-NR-NIV-1380x920.webp 1380w, https:\/\/guiadelocio.es\/madrid\/wp-content\/uploads\/sites\/2\/2023\/11\/MG_3463-1-Mejorado-NR-NIV-640x427.webp 640w, https:\/\/guiadelocio.es\/madrid\/wp-content\/uploads\/sites\/2\/2023\/11\/MG_3463-1-Mejorado-NR-NIV-266x177.webp 266w\" sizes=\"(max-width: 998px) 100vw, 998px\" \/><\/p>\n<h2>Statement de la exposici\u00f3n<\/h2>\n<p><span style=\"font-weight: 400;\">Con aproximadamente 80 millones de afectados, los discapacitados, los grandes olvidados de \u00c1frica,\u00a0 han sido catalogados por la ONU como \u00abla minor\u00eda m\u00e1s grande del mundo\u00bb.\u00a0<\/span><span style=\"font-weight: 400;\">La arraigada creencia en la brujer\u00eda y en las supersticiones , que se acrecienta en las \u00e1reas rurales, condenan a estos \u201cni\u00f1os serpiente\u201d a sobrevivir sorteando torturas, violaciones, discriminaci\u00f3n e infanticidio.\u00a0<\/span><\/p>\n<p><span style=\"font-weight: 400;\">En un recorrido por Uganda, Kenia y Etiop\u00eda, \u201cLa minor\u00eda m\u00e1s grande del mundo\u201d recorre la historia de distintos pacientes tratados por el equipo m\u00e9dico de la ONG Bethany Kids; en sus tratamientos de recuperaci\u00f3n.<\/span><\/p>\n<p><img decoding=\"async\" class=\" wp-image-21835 aligncenter\" src=\"https:\/\/guiadelocio.es\/madrid\/wp-content\/uploads\/sites\/2\/2023\/11\/DSC02313-Mejorado-NR-NIV-300x200.webp\" alt=\"\" width=\"998\" height=\"665\" srcset=\"https:\/\/guiadelocio.es\/madrid\/wp-content\/uploads\/sites\/2\/2023\/11\/DSC02313-Mejorado-NR-NIV-300x200.webp 300w, https:\/\/guiadelocio.es\/madrid\/wp-content\/uploads\/sites\/2\/2023\/11\/DSC02313-Mejorado-NR-NIV-1024x683.webp 1024w, https:\/\/guiadelocio.es\/madrid\/wp-content\/uploads\/sites\/2\/2023\/11\/DSC02313-Mejorado-NR-NIV-768x512.webp 768w, https:\/\/guiadelocio.es\/madrid\/wp-content\/uploads\/sites\/2\/2023\/11\/DSC02313-Mejorado-NR-NIV-1536x1024.webp 1536w, https:\/\/guiadelocio.es\/madrid\/wp-content\/uploads\/sites\/2\/2023\/11\/DSC02313-Mejorado-NR-NIV-scaled.webp 2048w, https:\/\/guiadelocio.es\/madrid\/wp-content\/uploads\/sites\/2\/2023\/11\/DSC02313-Mejorado-NR-NIV-1380x920.webp 1380w, https:\/\/guiadelocio.es\/madrid\/wp-content\/uploads\/sites\/2\/2023\/11\/DSC02313-Mejorado-NR-NIV-640x427.webp 640w, https:\/\/guiadelocio.es\/madrid\/wp-content\/uploads\/sites\/2\/2023\/11\/DSC02313-Mejorado-NR-NIV-266x177.webp 266w\" sizes=\"(max-width: 998px) 100vw, 998px\" \/><\/p>\n<h2>El objetivo de \u00abLa minor\u00eda m\u00e1s grande del mundo\u00bb<\/h2>\n<p>Esta fot\u00f3grafa comenz\u00f3 sus proyectos documentales en 2012, con su trabajo \u00abLa Maison du bonheur\u00bb, en el que expon\u00eda la transici\u00f3n de los ni\u00f1os marroqu\u00edes a la mayor\u00eda de edad en orfanatos. Desde entonces, ha viajado incansablemente capturando la esencia de los m\u00e1s j\u00f3venes en cada rinc\u00f3n que visita, con un enfoque centrado en proyectos que documentan las realidades m\u00e1s vulnerables, especialmente en \u00c1frica.<\/p>\n<p><img decoding=\"async\" class=\" wp-image-21834 aligncenter\" src=\"https:\/\/guiadelocio.es\/madrid\/wp-content\/uploads\/sites\/2\/2023\/11\/MG_3588-Mejorado-NR-NIV-2-300x200.webp\" alt=\"\" width=\"905\" height=\"603\" srcset=\"https:\/\/guiadelocio.es\/madrid\/wp-content\/uploads\/sites\/2\/2023\/11\/MG_3588-Mejorado-NR-NIV-2-300x200.webp 300w, https:\/\/guiadelocio.es\/madrid\/wp-content\/uploads\/sites\/2\/2023\/11\/MG_3588-Mejorado-NR-NIV-2-1024x683.webp 1024w, https:\/\/guiadelocio.es\/madrid\/wp-content\/uploads\/sites\/2\/2023\/11\/MG_3588-Mejorado-NR-NIV-2-768x512.webp 768w, https:\/\/guiadelocio.es\/madrid\/wp-content\/uploads\/sites\/2\/2023\/11\/MG_3588-Mejorado-NR-NIV-2-1536x1024.webp 1536w, https:\/\/guiadelocio.es\/madrid\/wp-content\/uploads\/sites\/2\/2023\/11\/MG_3588-Mejorado-NR-NIV-2-scaled.webp 2048w, https:\/\/guiadelocio.es\/madrid\/wp-content\/uploads\/sites\/2\/2023\/11\/MG_3588-Mejorado-NR-NIV-2-1380x920.webp 1380w, https:\/\/guiadelocio.es\/madrid\/wp-content\/uploads\/sites\/2\/2023\/11\/MG_3588-Mejorado-NR-NIV-2-640x427.webp 640w, https:\/\/guiadelocio.es\/madrid\/wp-content\/uploads\/sites\/2\/2023\/11\/MG_3588-Mejorado-NR-NIV-2-266x177.webp 266w\" sizes=\"(max-width: 905px) 100vw, 905px\" \/><\/p>\n<p>As\u00ed, \u00abLa minor\u00eda m\u00e1s grande del mundo\u00bb es una exposici\u00f3n necesaria para <strong>denunciar la realidad silenciada de los ni\u00f1os africanos con discapacidad<\/strong>, uno de los colectivos m\u00e1s vulnerables junto con las mujeres. En su exposici\u00f3n, Lara no s\u00f3lo retrata a los menores afectados, sino que tambi\u00e9n pone de relieve el papel de la mujer, pues al ser madres de ni\u00f1os con alg\u00fan tipo de diversidad funcional, son tambi\u00e9n duramente castigadas y discriminadas por la sociedad.<\/p>\n<p>Esta exposici\u00f3n ayuda a visibilizar esta gran problem\u00e1tica, una situaci\u00f3n que cobra a\u00fan m\u00e1s relevancia con la inminente finalizaci\u00f3n de la Agenda 2030, y cuyos objetivos en relaci\u00f3n a estas minor\u00edas no se han cumplido. A menos que los gobiernos tomen medidas urgentes, los derechos humanos de los Discapacitados parece que quedar\u00e1n procrastinados hasta nuevo aviso.<\/p>\n<p><img decoding=\"async\" class=\" wp-image-21844 aligncenter\" src=\"https:\/\/guiadelocio.es\/madrid\/wp-content\/uploads\/sites\/2\/2022\/11\/IMG_0924-300x200.webp\" alt=\"\" width=\"993\" height=\"662\" srcset=\"https:\/\/guiadelocio.es\/madrid\/wp-content\/uploads\/sites\/2\/2022\/11\/IMG_0924-300x200.webp 300w, https:\/\/guiadelocio.es\/madrid\/wp-content\/uploads\/sites\/2\/2022\/11\/IMG_0924-1024x683.webp 1024w, https:\/\/guiadelocio.es\/madrid\/wp-content\/uploads\/sites\/2\/2022\/11\/IMG_0924-768x512.webp 768w, https:\/\/guiadelocio.es\/madrid\/wp-content\/uploads\/sites\/2\/2022\/11\/IMG_0924-1536x1024.webp 1536w, https:\/\/guiadelocio.es\/madrid\/wp-content\/uploads\/sites\/2\/2022\/11\/IMG_0924-scaled.webp 2048w, https:\/\/guiadelocio.es\/madrid\/wp-content\/uploads\/sites\/2\/2022\/11\/IMG_0924-1380x920.webp 1380w, https:\/\/guiadelocio.es\/madrid\/wp-content\/uploads\/sites\/2\/2022\/11\/IMG_0924-640x427.webp 640w, https:\/\/guiadelocio.es\/madrid\/wp-content\/uploads\/sites\/2\/2022\/11\/IMG_0924-266x177.webp 266w\" sizes=\"(max-width: 993px) 100vw, 993px\" \/><\/p>\n<p>\u00abLa minor\u00eda m\u00e1s grande del mundo\u00bb es una llamada a la reflexi\u00f3n y a la acci\u00f3n ante una problem\u00e1tica que requiere urgente atenci\u00f3n y cambio. \u00a1No os la perd\u00e1is!<\/p>\n<p><span style=\"color: #ff6600;\"><strong>\u00bfQuieres ser siempre el primero en enterarte de todos los planes que hay en tu ciudad?<\/strong><\/span><\/p>\n<p><span style=\"color: #ff6600;\"><a class=\"button button--large button--iconposition-left button--icon-newsletter\" style=\"color: #ff6600;\" href=\"https:\/\/guiadelocio.es\/madrid\/suscribete-aqui-a-nuestra-newsletter\/\" target=\"_blank\" rel=\"noopener\"><span>Inscr\u00edbete AQU\u00cd a nuestra newsletter<\/span><\/a><\/span><\/p>\n","protected":false},"excerpt":{"rendered":"<p>Hay muchas realidades ocultas, no tan presentes en nuestro d\u00eda y d\u00eda, que pasan desapercibidas, pero eso no significa que no existan. Lara Villar, fot\u00f3grafa especializada en fotoperiodismo, usa su lente para iluminar y hacer visibles las realidades olvidadas o silenciadas. Ahora, esta fot\u00f3grafa re\u00fane en la exposici\u00f3n \u00abLa minor\u00eda m\u00e1s grande del mundo\u00bb una [&hellip;]<\/p>\n","protected":false},"author":8,"featured_media":21846,"comment_status":"closed","ping_status":"closed","sticky":false,"template":"","format":"standard","meta":{"_acf_changed":false,"footnotes":""},"categories":[1],"tags":[],"category_plan":[5],"filter_trans":[158],"filter_main":[],"filter_sec":[],"barrios":[168],"class_list":["post-21828","post","type-post","status-publish","format-standard","has-post-thumbnail","hentry","category-sin-categorizar","filter_trans-gratis","barrios-centro"],"acf":[],"yoast_head":"<!-- This site is optimized with the Yoast SEO plugin v26.0 - https:\/\/yoast.com\/wordpress\/plugins\/seo\/ -->\n<title>&quot;La minor\u00eda m\u00e1s grande del mundo&quot;, la exposici\u00f3n que documenta la realidad de los m\u00e1s desfavorecidos | Madrid<\/title>\n<meta name=\"description\" content=\"La fot\u00f3grafa Lara Villar usa su fotograf\u00eda documental para arrojar luz sobre las dificultades a las que se enfrentan los ni\u00f1os discapacitados en \u00c1frica\" \/>\n<meta name=\"robots\" content=\"index, follow, max-snippet:-1, max-image-preview:large, max-video-preview:-1\" \/>\n<link rel=\"canonical\" href=\"https:\/\/guiadelocio.es\/madrid\/la-minoria-mas-grande-del-mundo-la-exposicion-que-documenta-la-realidad-de-los-mas-desfavorecidos\/\" \/>\n<meta property=\"og:locale\" content=\"es_ES\" \/>\n<meta property=\"og:type\" content=\"article\" \/>\n<meta property=\"og:title\" content=\"&quot;La minor\u00eda m\u00e1s grande del mundo&quot;, la exposici\u00f3n que documenta la realidad de los m\u00e1s desfavorecidos | Madrid\" \/>\n<meta property=\"og:description\" content=\"La fot\u00f3grafa Lara Villar usa su fotograf\u00eda documental para arrojar luz sobre las dificultades a las que se enfrentan los ni\u00f1os discapacitados en \u00c1frica\" \/>\n<meta property=\"og:url\" content=\"https:\/\/guiadelocio.es\/madrid\/la-minoria-mas-grande-del-mundo-la-exposicion-que-documenta-la-realidad-de-los-mas-desfavorecidos\/\" \/>\n<meta property=\"og:site_name\" content=\"Madrid\" \/>\n<meta property=\"article:published_time\" content=\"2023-11-16T11:36:22+00:00\" \/>\n<meta property=\"article:modified_time\" content=\"2024-01-25T16:52:47+00:00\" \/>\n<meta property=\"og:image\" content=\"https:\/\/guiadelocio.es\/madrid\/wp-content\/uploads\/sites\/2\/2022\/11\/portada-guia-del-ocio-02_low-jpg.webp\" \/>\n\t<meta property=\"og:image:width\" content=\"2048\" \/>\n\t<meta property=\"og:image:height\" content=\"792\" \/>\n\t<meta property=\"og:image:type\" content=\"image\/jpeg\" \/>\n<meta name=\"author\" content=\"Gu\u00eda del Ocio\" \/>\n<meta name=\"twitter:card\" content=\"summary_large_image\" \/>\n<meta name=\"twitter:label1\" content=\"Escrito por\" \/>\n\t<meta name=\"twitter:data1\" content=\"Gu\u00eda del Ocio\" \/>\n\t<meta name=\"twitter:label2\" content=\"Tiempo de lectura\" \/>\n\t<meta name=\"twitter:data2\" content=\"4 minutos\" \/>\n<script type=\"application\/ld+json\" class=\"yoast-schema-graph\">{\"@context\":\"https:\/\/schema.org\",\"@graph\":[{\"@type\":\"WebPage\",\"@id\":\"https:\/\/guiadelocio.es\/madrid\/la-minoria-mas-grande-del-mundo-la-exposicion-que-documenta-la-realidad-de-los-mas-desfavorecidos\/\",\"url\":\"https:\/\/guiadelocio.es\/madrid\/la-minoria-mas-grande-del-mundo-la-exposicion-que-documenta-la-realidad-de-los-mas-desfavorecidos\/\",\"name\":\"\\\"La minor\u00eda m\u00e1s grande del mundo\\\", la exposici\u00f3n que documenta la realidad de los m\u00e1s desfavorecidos | Madrid\",\"isPartOf\":{\"@id\":\"https:\/\/guiadelocio.es\/madrid\/#website\"},\"primaryImageOfPage\":{\"@id\":\"https:\/\/guiadelocio.es\/madrid\/la-minoria-mas-grande-del-mundo-la-exposicion-que-documenta-la-realidad-de-los-mas-desfavorecidos\/#primaryimage\"},\"image\":{\"@id\":\"https:\/\/guiadelocio.es\/madrid\/la-minoria-mas-grande-del-mundo-la-exposicion-que-documenta-la-realidad-de-los-mas-desfavorecidos\/#primaryimage\"},\"thumbnailUrl\":\"https:\/\/guiadelocio.es\/madrid\/wp-content\/uploads\/sites\/2\/2022\/11\/portada-guia-del-ocio-02_low-jpg.webp\",\"datePublished\":\"2023-11-16T11:36:22+00:00\",\"dateModified\":\"2024-01-25T16:52:47+00:00\",\"author\":{\"@id\":\"https:\/\/guiadelocio.es\/madrid\/#\/schema\/person\/dedd385c3a1875e2dfb8ee808e4fca89\"},\"description\":\"La fot\u00f3grafa Lara Villar usa su fotograf\u00eda documental para arrojar luz sobre las dificultades a las que se enfrentan los ni\u00f1os discapacitados en \u00c1frica\",\"breadcrumb\":{\"@id\":\"https:\/\/guiadelocio.es\/madrid\/la-minoria-mas-grande-del-mundo-la-exposicion-que-documenta-la-realidad-de-los-mas-desfavorecidos\/#breadcrumb\"},\"inLanguage\":\"es\",\"potentialAction\":[{\"@type\":\"ReadAction\",\"target\":[\"https:\/\/guiadelocio.es\/madrid\/la-minoria-mas-grande-del-mundo-la-exposicion-que-documenta-la-realidad-de-los-mas-desfavorecidos\/\"]}]},{\"@type\":\"ImageObject\",\"inLanguage\":\"es\",\"@id\":\"https:\/\/guiadelocio.es\/madrid\/la-minoria-mas-grande-del-mundo-la-exposicion-que-documenta-la-realidad-de-los-mas-desfavorecidos\/#primaryimage\",\"url\":\"https:\/\/guiadelocio.es\/madrid\/wp-content\/uploads\/sites\/2\/2022\/11\/portada-guia-del-ocio-02_low-jpg.webp\",\"contentUrl\":\"https:\/\/guiadelocio.es\/madrid\/wp-content\/uploads\/sites\/2\/2022\/11\/portada-guia-del-ocio-02_low-jpg.webp\",\"width\":2048,\"height\":792},{\"@type\":\"BreadcrumbList\",\"@id\":\"https:\/\/guiadelocio.es\/madrid\/la-minoria-mas-grande-del-mundo-la-exposicion-que-documenta-la-realidad-de-los-mas-desfavorecidos\/#breadcrumb\",\"itemListElement\":[{\"@type\":\"ListItem\",\"position\":1,\"name\":\"Portada\",\"item\":\"https:\/\/guiadelocio.es\/madrid\/\"},{\"@type\":\"ListItem\",\"position\":2,\"name\":\"\u00abLa minor\u00eda m\u00e1s grande del mundo\u00bb, la exposici\u00f3n que documenta la realidad de los m\u00e1s desfavorecidos\"}]},{\"@type\":\"WebSite\",\"@id\":\"https:\/\/guiadelocio.es\/madrid\/#website\",\"url\":\"https:\/\/guiadelocio.es\/madrid\/\",\"name\":\"Madrid | Gu\u00eda del Ocio\",\"description\":\"Qu\u00e9 hacer, d\u00f3nde comer, qu\u00e9 visitar y los lugares que no te puedes perder\",\"potentialAction\":[{\"@type\":\"SearchAction\",\"target\":{\"@type\":\"EntryPoint\",\"urlTemplate\":\"https:\/\/guiadelocio.es\/madrid\/?s={search_term_string}\"},\"query-input\":{\"@type\":\"PropertyValueSpecification\",\"valueRequired\":true,\"valueName\":\"search_term_string\"}}],\"inLanguage\":\"es\"},{\"@type\":\"Person\",\"@id\":\"https:\/\/guiadelocio.es\/madrid\/#\/schema\/person\/dedd385c3a1875e2dfb8ee808e4fca89\",\"name\":\"Gu\u00eda del Ocio\",\"image\":{\"@type\":\"ImageObject\",\"inLanguage\":\"es\",\"@id\":\"https:\/\/guiadelocio.es\/madrid\/#\/schema\/person\/image\/\",\"url\":\"https:\/\/secure.gravatar.com\/avatar\/27d9eb58286cefc2042fb32a3db3a679c555c2a21aa6719fa7916d63185b9fe9?s=96&d=mm&r=g\",\"contentUrl\":\"https:\/\/secure.gravatar.com\/avatar\/27d9eb58286cefc2042fb32a3db3a679c555c2a21aa6719fa7916d63185b9fe9?s=96&d=mm&r=g\",\"caption\":\"Gu\u00eda del Ocio\"}}]}<\/script>\n<!-- \/ Yoast SEO plugin. -->","yoast_head_json":{"title":"\"La minor\u00eda m\u00e1s grande del mundo\", la exposici\u00f3n que documenta la realidad de los m\u00e1s desfavorecidos | Madrid","description":"La fot\u00f3grafa Lara Villar usa su fotograf\u00eda documental para arrojar luz sobre las dificultades a las que se enfrentan los ni\u00f1os discapacitados en \u00c1frica","robots":{"index":"index","follow":"follow","max-snippet":"max-snippet:-1","max-image-preview":"max-image-preview:large","max-video-preview":"max-video-preview:-1"},"canonical":"https:\/\/guiadelocio.es\/madrid\/la-minoria-mas-grande-del-mundo-la-exposicion-que-documenta-la-realidad-de-los-mas-desfavorecidos\/","og_locale":"es_ES","og_type":"article","og_title":"\"La minor\u00eda m\u00e1s grande del mundo\", la exposici\u00f3n que documenta la realidad de los m\u00e1s desfavorecidos | Madrid","og_description":"La fot\u00f3grafa Lara Villar usa su fotograf\u00eda documental para arrojar luz sobre las dificultades a las que se enfrentan los ni\u00f1os discapacitados en \u00c1frica","og_url":"https:\/\/guiadelocio.es\/madrid\/la-minoria-mas-grande-del-mundo-la-exposicion-que-documenta-la-realidad-de-los-mas-desfavorecidos\/","og_site_name":"Madrid","article_published_time":"2023-11-16T11:36:22+00:00","article_modified_time":"2024-01-25T16:52:47+00:00","og_image":[{"width":2048,"height":792,"url":"https:\/\/guiadelocio.es\/madrid\/wp-content\/uploads\/sites\/2\/2022\/11\/portada-guia-del-ocio-02_low-jpg.webp","type":"image\/jpeg"}],"author":"Gu\u00eda del Ocio","twitter_card":"summary_large_image","twitter_misc":{"Escrito por":"Gu\u00eda del Ocio","Tiempo de lectura":"4 minutos"},"schema":{"@context":"https:\/\/schema.org","@graph":[{"@type":"WebPage","@id":"https:\/\/guiadelocio.es\/madrid\/la-minoria-mas-grande-del-mundo-la-exposicion-que-documenta-la-realidad-de-los-mas-desfavorecidos\/","url":"https:\/\/guiadelocio.es\/madrid\/la-minoria-mas-grande-del-mundo-la-exposicion-que-documenta-la-realidad-de-los-mas-desfavorecidos\/","name":"\"La minor\u00eda m\u00e1s grande del mundo\", la exposici\u00f3n que documenta la realidad de los m\u00e1s desfavorecidos | Madrid","isPartOf":{"@id":"https:\/\/guiadelocio.es\/madrid\/#website"},"primaryImageOfPage":{"@id":"https:\/\/guiadelocio.es\/madrid\/la-minoria-mas-grande-del-mundo-la-exposicion-que-documenta-la-realidad-de-los-mas-desfavorecidos\/#primaryimage"},"image":{"@id":"https:\/\/guiadelocio.es\/madrid\/la-minoria-mas-grande-del-mundo-la-exposicion-que-documenta-la-realidad-de-los-mas-desfavorecidos\/#primaryimage"},"thumbnailUrl":"https:\/\/guiadelocio.es\/madrid\/wp-content\/uploads\/sites\/2\/2022\/11\/portada-guia-del-ocio-02_low-jpg.webp","datePublished":"2023-11-16T11:36:22+00:00","dateModified":"2024-01-25T16:52:47+00:00","author":{"@id":"https:\/\/guiadelocio.es\/madrid\/#\/schema\/person\/dedd385c3a1875e2dfb8ee808e4fca89"},"description":"La fot\u00f3grafa Lara Villar usa su fotograf\u00eda documental para arrojar luz sobre las dificultades a las que se enfrentan los ni\u00f1os discapacitados en \u00c1frica","breadcrumb":{"@id":"https:\/\/guiadelocio.es\/madrid\/la-minoria-mas-grande-del-mundo-la-exposicion-que-documenta-la-realidad-de-los-mas-desfavorecidos\/#breadcrumb"},"inLanguage":"es","potentialAction":[{"@type":"ReadAction","target":["https:\/\/guiadelocio.es\/madrid\/la-minoria-mas-grande-del-mundo-la-exposicion-que-documenta-la-realidad-de-los-mas-desfavorecidos\/"]}]},{"@type":"ImageObject","inLanguage":"es","@id":"https:\/\/guiadelocio.es\/madrid\/la-minoria-mas-grande-del-mundo-la-exposicion-que-documenta-la-realidad-de-los-mas-desfavorecidos\/#primaryimage","url":"https:\/\/guiadelocio.es\/madrid\/wp-content\/uploads\/sites\/2\/2022\/11\/portada-guia-del-ocio-02_low-jpg.webp","contentUrl":"https:\/\/guiadelocio.es\/madrid\/wp-content\/uploads\/sites\/2\/2022\/11\/portada-guia-del-ocio-02_low-jpg.webp","width":2048,"height":792},{"@type":"BreadcrumbList","@id":"https:\/\/guiadelocio.es\/madrid\/la-minoria-mas-grande-del-mundo-la-exposicion-que-documenta-la-realidad-de-los-mas-desfavorecidos\/#breadcrumb","itemListElement":[{"@type":"ListItem","position":1,"name":"Portada","item":"https:\/\/guiadelocio.es\/madrid\/"},{"@type":"ListItem","position":2,"name":"\u00abLa minor\u00eda m\u00e1s grande del mundo\u00bb, la exposici\u00f3n que documenta la realidad de los m\u00e1s desfavorecidos"}]},{"@type":"WebSite","@id":"https:\/\/guiadelocio.es\/madrid\/#website","url":"https:\/\/guiadelocio.es\/madrid\/","name":"Madrid | Gu\u00eda del Ocio","description":"Qu\u00e9 hacer, d\u00f3nde comer, qu\u00e9 visitar y los lugares que no te puedes perder","potentialAction":[{"@type":"SearchAction","target":{"@type":"EntryPoint","urlTemplate":"https:\/\/guiadelocio.es\/madrid\/?s={search_term_string}"},"query-input":{"@type":"PropertyValueSpecification","valueRequired":true,"valueName":"search_term_string"}}],"inLanguage":"es"},{"@type":"Person","@id":"https:\/\/guiadelocio.es\/madrid\/#\/schema\/person\/dedd385c3a1875e2dfb8ee808e4fca89","name":"Gu\u00eda del Ocio","image":{"@type":"ImageObject","inLanguage":"es","@id":"https:\/\/guiadelocio.es\/madrid\/#\/schema\/person\/image\/","url":"https:\/\/secure.gravatar.com\/avatar\/27d9eb58286cefc2042fb32a3db3a679c555c2a21aa6719fa7916d63185b9fe9?s=96&d=mm&r=g","contentUrl":"https:\/\/secure.gravatar.com\/avatar\/27d9eb58286cefc2042fb32a3db3a679c555c2a21aa6719fa7916d63185b9fe9?s=96&d=mm&r=g","caption":"Gu\u00eda del Ocio"}}]}},"_links":{"self":[{"href":"https:\/\/guiadelocio.es\/madrid\/wp-json\/wp\/v2\/posts\/21828","targetHints":{"allow":["GET"]}}],"collection":[{"href":"https:\/\/guiadelocio.es\/madrid\/wp-json\/wp\/v2\/posts"}],"about":[{"href":"https:\/\/guiadelocio.es\/madrid\/wp-json\/wp\/v2\/types\/post"}],"author":[{"embeddable":true,"href":"https:\/\/guiadelocio.es\/madrid\/wp-json\/wp\/v2\/users\/8"}],"replies":[{"embeddable":true,"href":"https:\/\/guiadelocio.es\/madrid\/wp-json\/wp\/v2\/comments?post=21828"}],"version-history":[{"count":0,"href":"https:\/\/guiadelocio.es\/madrid\/wp-json\/wp\/v2\/posts\/21828\/revisions"}],"wp:featuredmedia":[{"embeddable":true,"href":"https:\/\/guiadelocio.es\/madrid\/wp-json\/wp\/v2\/media\/21846"}],"wp:attachment":[{"href":"https:\/\/guiadelocio.es\/madrid\/wp-json\/wp\/v2\/media?parent=21828"}],"wp:term":[{"taxonomy":"category","embeddable":true,"href":"https:\/\/guiadelocio.es\/madrid\/wp-json\/wp\/v2\/categories?post=21828"},{"taxonomy":"post_tag","embeddable":true,"href":"https:\/\/guiadelocio.es\/madrid\/wp-json\/wp\/v2\/tags?post=21828"},{"taxonomy":"category_plan","embeddable":true,"href":"https:\/\/guiadelocio.es\/madrid\/wp-json\/wp\/v2\/category_plan?post=21828"},{"taxonomy":"filter_trans","embeddable":true,"href":"https:\/\/guiadelocio.es\/madrid\/wp-json\/wp\/v2\/filter_trans?post=21828"},{"taxonomy":"filter_main","embeddable":true,"href":"https:\/\/guiadelocio.es\/madrid\/wp-json\/wp\/v2\/filter_main?post=21828"},{"taxonomy":"filter_sec","embeddable":true,"href":"https:\/\/guiadelocio.es\/madrid\/wp-json\/wp\/v2\/filter_sec?post=21828"},{"taxonomy":"barrios","embeddable":true,"href":"https:\/\/guiadelocio.es\/madrid\/wp-json\/wp\/v2\/barrios?post=21828"}],"curies":[{"name":"wp","href":"https:\/\/api.w.org\/{rel}","templated":true}]}}