{"id":21206,"date":"2023-11-10T15:26:06","date_gmt":"2023-11-10T14:26:06","guid":{"rendered":"https:\/\/guiadelocio.es\/madrid\/?p=21206"},"modified":"2024-01-25T17:52:51","modified_gmt":"2024-01-25T16:52:51","slug":"joan-alsina-y-eva-baeza-reunen-su-talento-en-esta-muestra-fotografica-y-literaria-de-gran-simbolismo","status":"publish","type":"post","link":"https:\/\/guiadelocio.es\/madrid\/joan-alsina-y-eva-baeza-reunen-su-talento-en-esta-muestra-fotografica-y-literaria-de-gran-simbolismo\/","title":{"rendered":"Joan Alsina y Eva Baeza re\u00fanen su talento en esta muestra fotogr\u00e1fica y literaria de gran simbolismo"},"content":{"rendered":"<p>La fotograf\u00eda, el arte, la literatura&#8230; todas ellas nos ayudan a comprender el mundo y a darle forma a los pensamientos, esto ha sido as\u00ed desde tiempos remotos y contin\u00faa latente hoy en d\u00eda.<\/p>\n<p><strong>Joan Alsina<\/strong> y <strong>Eva Baeza<\/strong> son dos artistas, el primero se dedica a la imagen, a capturar instantes, a plasmar el mundo tras el objetivo. La segunda, pone palabras de manera subjetiva a lo que sucede a nuestro alrededor. Juntos forman un t\u00e1ndem perfecto que les ha llevado a crear la<strong> \u00abExposici\u00f3n fotogr\u00e1fica y literaria: Eva Baeza y Joan Alsina\u00bb.<\/strong><\/p>\n<p><strong>Del 3 al 24 de noviembre<\/strong> el <a href=\"https:\/\/www.ateneodemadrid.com\/\" target=\"_blank\" rel=\"noopener\"><strong>Ateneo de Madrid<\/strong><\/a> acoge esta <strong>muestra de fotograf\u00edas de gran tama\u00f1o<\/strong> firmadas por Alsina junto a poemas y textos realizados por Baeza. Una simbiosis perfecta que tiene como objetivo capturar la esencia de la materia, la energ\u00eda del alma plasmada sobre fondos claros y di\u00e1fanos hasta obtener un resultado \u00edntimo y personal. El punto de partida de esta exposici\u00f3n nace del libro <strong>\u00abTextures\u00bb<\/strong> creado por el fot\u00f3grafo. Junto a ellos, se ha unido el maquillador <strong>David Carreiro<\/strong>, estrecho colaborador del artista y art\u00edfice tambi\u00e9n del maravilloso resultado final de estas obras.<\/p>\n<p><img decoding=\"async\" class=\" wp-image-21469 aligncenter\" src=\"https:\/\/guiadelocio.es\/madrid\/wp-content\/uploads\/sites\/2\/2023\/11\/Imagen-de-WhatsApp-2023-11-06-a-las-12.23.37_e5973215-225x300.webp\" alt=\"\" width=\"476\" height=\"635\" srcset=\"https:\/\/guiadelocio.es\/madrid\/wp-content\/uploads\/sites\/2\/2023\/11\/Imagen-de-WhatsApp-2023-11-06-a-las-12.23.37_e5973215-225x300.webp 225w, https:\/\/guiadelocio.es\/madrid\/wp-content\/uploads\/sites\/2\/2023\/11\/Imagen-de-WhatsApp-2023-11-06-a-las-12.23.37_e5973215-690x920.webp 690w, https:\/\/guiadelocio.es\/madrid\/wp-content\/uploads\/sites\/2\/2023\/11\/Imagen-de-WhatsApp-2023-11-06-a-las-12.23.37_e5973215-324x432.webp 324w, https:\/\/guiadelocio.es\/madrid\/wp-content\/uploads\/sites\/2\/2023\/11\/Imagen-de-WhatsApp-2023-11-06-a-las-12.23.37_e5973215-150x200.webp 150w, https:\/\/guiadelocio.es\/madrid\/wp-content\/uploads\/sites\/2\/2023\/11\/Imagen-de-WhatsApp-2023-11-06-a-las-12.23.37_e5973215-jpg.webp 768w\" sizes=\"(max-width: 476px) 100vw, 476px\" \/><\/p>\n<p>Alsina es uno de los fot\u00f3grafos m\u00e1s destacados en la escena internacional, su gran trabajo le ha llevado por todo el mundo exponiendo en lugares como <span lang=\"ES\">el Museo Reina Sofia, IVAM de Valencia, FotoNostrum de Barcelona o Photo Basel en 2023 con gran \u00e9xito. Este resumen de su trayectoria permite conocer el calado de su ejercicio, un talento que volver\u00e1 a cruzar fronteras en 2024 ya que Alsina est\u00e1 preparando varias exposiciones en Estados Unidos.<\/span><\/p>\n<p>El propio artista se define como un <strong>fot\u00f3grafo de texturas<\/strong>, un fot\u00f3grafo mat\u00e9rico donde la piel es su lienzo. Explora y trabaja la piel humana con todo tipo de materiales y texturas como la arcilla, la pintura o el pelo, entre otras.<\/p>\n<p>En cuanto a Baeza, ha tenido total libertad para crear sus textos a partir de la observaci\u00f3n de las obras del fot\u00f3grafo. Un resultado que se transmite al visitante de manera muy especial, invit\u00e1ndole a descubrir una forma diferente de ver las cosas, ya sea amplificando o distorsionando su relieve, dejando volar su imaginaci\u00f3n.<\/p>\n<p style=\"font-weight: 400;\"><em>Se adivinan hogueras detr\u00e1s de una mano,<\/em><\/p>\n<p style=\"font-weight: 400;\"><em>pan horneado,<\/em><\/p>\n<p style=\"font-weight: 400;\"><em>redoblar de tambores,<\/em><\/p>\n<p style=\"font-weight: 400;\"><em>palmadas de fiesta,<\/em><\/p>\n<p style=\"font-weight: 400;\"><em>fruta recolectada y surcos de sembrado.<\/em><\/p>\n<p style=\"font-weight: 400;\"><em>Se adivina ternura en cada uno de sus pliegues,<\/em><\/p>\n<p style=\"font-weight: 400;\"><em>la fragilidad de un ala partida,<\/em><\/p>\n<p style=\"font-weight: 400;\"><em>la serenidad de una noche estrellada,<\/em><\/p>\n<p style=\"font-weight: 400;\"><em>madrugadas velando una fiebre,<\/em><\/p>\n<p style=\"font-weight: 400;\"><em>terciopelo rasgando las cuerdas,<\/em><\/p>\n<p style=\"font-weight: 400;\"><em>la tristeza desolada de una carta,<\/em><\/p>\n<p style=\"font-weight: 400;\"><em>la frustraci\u00f3n de un poema inacabado,<\/em><\/p>\n<p style=\"font-weight: 400;\"><em>la furia execrable de las armas,<\/em><\/p>\n<p style=\"font-weight: 400;\"><em>el j\u00fabilo de la victoria,<\/em><\/p>\n<p style=\"font-weight: 400;\"><em>La ira de los dioses<\/em><\/p>\n<p style=\"font-weight: 400;\"><em>avanzando<\/em><\/p>\n<p style=\"font-weight: 400;\"><em>en la noche\u2026<\/em><\/p>\n<p style=\"font-weight: 400;\">Eva Baeza<\/p>\n<p><img decoding=\"async\" class=\" wp-image-21555 aligncenter\" src=\"https:\/\/guiadelocio.es\/madrid\/wp-content\/uploads\/sites\/2\/2023\/11\/Imagen-de-WhatsApp-2023-11-06-a-las-12.08.53_e9f220e2-1-227x300.webp\" alt=\"\" width=\"467\" height=\"617\" srcset=\"https:\/\/guiadelocio.es\/madrid\/wp-content\/uploads\/sites\/2\/2023\/11\/Imagen-de-WhatsApp-2023-11-06-a-las-12.08.53_e9f220e2-1-227x300.webp 227w, https:\/\/guiadelocio.es\/madrid\/wp-content\/uploads\/sites\/2\/2023\/11\/Imagen-de-WhatsApp-2023-11-06-a-las-12.08.53_e9f220e2-1-328x432.webp 328w, https:\/\/guiadelocio.es\/madrid\/wp-content\/uploads\/sites\/2\/2023\/11\/Imagen-de-WhatsApp-2023-11-06-a-las-12.08.53_e9f220e2-1-152x200.webp 152w, https:\/\/guiadelocio.es\/madrid\/wp-content\/uploads\/sites\/2\/2023\/11\/Imagen-de-WhatsApp-2023-11-06-a-las-12.08.53_e9f220e2-1-jpg.webp 649w\" sizes=\"(max-width: 467px) 100vw, 467px\" \/><\/p>\n<p>Eva Baeza public\u00f3 su primera novela en 2020, \u00abLa colina de los gatos\u00bb recibiendo el distintivo del Sello Talento y quedando finalista en la IV Edici\u00f3n de los Premios Caligrama del 2021. En 2022 particip\u00f3 en el proceso de guionizaci\u00f3n de la obra para una productora interesada en su comercializaci\u00f3n para una miniserie. Su segunda novela; \u201cDonatien\u201d, est\u00e1 a punto de ser publicada y actualmente se encuentra en proceso de escribir su tercera novela junto a la creaci\u00f3n de un poemario.<\/p>\n<p>La muestra \u00abExposici\u00f3n fotogr\u00e1fica y literaria: Eva Baeza y Joan Alsina\u00bb, es un claro recorrido por las texturas, en especial las del cuerpo, todo aquello que hay dentro y se refleja en el exterior: el brillo de la piel, sus pliegues, las arrugas&#8230; aquello que en definitiva somos, aquello de lo que nos componemos.<\/p>\n<p><img decoding=\"async\" class=\" wp-image-21556 aligncenter\" src=\"https:\/\/guiadelocio.es\/madrid\/wp-content\/uploads\/sites\/2\/2023\/11\/Imagen-de-WhatsApp-2023-11-06-a-las-12.10.03_fd94df18-1-194x300.webp\" alt=\"\" width=\"456\" height=\"705\" srcset=\"https:\/\/guiadelocio.es\/madrid\/wp-content\/uploads\/sites\/2\/2023\/11\/Imagen-de-WhatsApp-2023-11-06-a-las-12.10.03_fd94df18-1-194x300.webp 194w, https:\/\/guiadelocio.es\/madrid\/wp-content\/uploads\/sites\/2\/2023\/11\/Imagen-de-WhatsApp-2023-11-06-a-las-12.10.03_fd94df18-1-663x1024.webp 663w, https:\/\/guiadelocio.es\/madrid\/wp-content\/uploads\/sites\/2\/2023\/11\/Imagen-de-WhatsApp-2023-11-06-a-las-12.10.03_fd94df18-1-768x1186.webp 768w, https:\/\/guiadelocio.es\/madrid\/wp-content\/uploads\/sites\/2\/2023\/11\/Imagen-de-WhatsApp-2023-11-06-a-las-12.10.03_fd94df18-1-596x920.webp 596w, https:\/\/guiadelocio.es\/madrid\/wp-content\/uploads\/sites\/2\/2023\/11\/Imagen-de-WhatsApp-2023-11-06-a-las-12.10.03_fd94df18-1-280x432.webp 280w, https:\/\/guiadelocio.es\/madrid\/wp-content\/uploads\/sites\/2\/2023\/11\/Imagen-de-WhatsApp-2023-11-06-a-las-12.10.03_fd94df18-1-129x200.webp 129w, https:\/\/guiadelocio.es\/madrid\/wp-content\/uploads\/sites\/2\/2023\/11\/Imagen-de-WhatsApp-2023-11-06-a-las-12.10.03_fd94df18-1-jpg.webp 771w\" sizes=\"(max-width: 456px) 100vw, 456px\" \/><\/p>\n<h2>Horario de visitas<\/h2>\n<p>De lunes a domingo: 10:00 &#8211; 13:30 h y 16:30 &#8211; 20:00 h<\/p>\n<p style=\"font-weight: 400;\">\n","protected":false},"excerpt":{"rendered":"<p>La fotograf\u00eda, el arte, la literatura&#8230; todas ellas nos ayudan a comprender el mundo y a darle forma a los pensamientos, esto ha sido as\u00ed desde tiempos remotos y contin\u00faa latente hoy en d\u00eda. Joan Alsina y Eva Baeza son dos artistas, el primero se dedica a la imagen, a capturar instantes, a plasmar el [&hellip;]<\/p>\n","protected":false},"author":8,"featured_media":21558,"comment_status":"closed","ping_status":"closed","sticky":false,"template":"","format":"standard","meta":{"_acf_changed":false,"footnotes":""},"categories":[1],"tags":[],"category_plan":[2],"filter_trans":[],"filter_main":[],"filter_sec":[],"barrios":[],"class_list":["post-21206","post","type-post","status-publish","format-standard","has-post-thumbnail","hentry","category-sin-categorizar"],"acf":[],"yoast_head":"<!-- This site is optimized with the Yoast SEO plugin v26.0 - https:\/\/yoast.com\/wordpress\/plugins\/seo\/ -->\n<title>Exposici\u00f3n fotogr\u00e1fica y literaria: Eva Baeza y Joan Alsina<\/title>\n<meta name=\"description\" content=\"Las letras y las im\u00e1genes, dos artes y dos artistas. La &quot;Exposici\u00f3n fotogr\u00e1fica y literaria: Eva Baeza y Joan Alsina&quot; supone un recorrido por las texturas del ser humano, todo aquello interior que se refleja en el exterior\" \/>\n<meta name=\"robots\" content=\"index, follow, max-snippet:-1, max-image-preview:large, max-video-preview:-1\" \/>\n<link rel=\"canonical\" href=\"https:\/\/guiadelocio.es\/madrid\/joan-alsina-y-eva-baeza-reunen-su-talento-en-esta-muestra-fotografica-y-literaria-de-gran-simbolismo\/\" \/>\n<meta property=\"og:locale\" content=\"es_ES\" \/>\n<meta property=\"og:type\" content=\"article\" \/>\n<meta property=\"og:title\" content=\"Exposici\u00f3n fotogr\u00e1fica y literaria: Eva Baeza y Joan Alsina\" \/>\n<meta property=\"og:description\" content=\"Las letras y las im\u00e1genes, dos artes y dos artistas. La &quot;Exposici\u00f3n fotogr\u00e1fica y literaria: Eva Baeza y Joan Alsina&quot; supone un recorrido por las texturas del ser humano, todo aquello interior que se refleja en el exterior\" \/>\n<meta property=\"og:url\" content=\"https:\/\/guiadelocio.es\/madrid\/joan-alsina-y-eva-baeza-reunen-su-talento-en-esta-muestra-fotografica-y-literaria-de-gran-simbolismo\/\" \/>\n<meta property=\"og:site_name\" content=\"Madrid\" \/>\n<meta property=\"article:published_time\" content=\"2023-11-10T14:26:06+00:00\" \/>\n<meta property=\"article:modified_time\" content=\"2024-01-25T16:52:51+00:00\" \/>\n<meta property=\"og:image\" content=\"https:\/\/guiadelocio.es\/madrid\/wp-content\/uploads\/sites\/2\/2023\/11\/Captura-de-pantalla-2023-11-13-124950.png\" \/>\n\t<meta property=\"og:image:width\" content=\"1606\" \/>\n\t<meta property=\"og:image:height\" content=\"621\" \/>\n\t<meta property=\"og:image:type\" content=\"image\/png\" \/>\n<meta name=\"author\" content=\"Gu\u00eda del Ocio\" \/>\n<meta name=\"twitter:card\" content=\"summary_large_image\" \/>\n<meta name=\"twitter:label1\" content=\"Escrito por\" \/>\n\t<meta name=\"twitter:data1\" content=\"Gu\u00eda del Ocio\" \/>\n\t<meta name=\"twitter:label2\" content=\"Tiempo de lectura\" \/>\n\t<meta name=\"twitter:data2\" content=\"4 minutos\" \/>\n<script type=\"application\/ld+json\" class=\"yoast-schema-graph\">{\"@context\":\"https:\/\/schema.org\",\"@graph\":[{\"@type\":\"WebPage\",\"@id\":\"https:\/\/guiadelocio.es\/madrid\/joan-alsina-y-eva-baeza-reunen-su-talento-en-esta-muestra-fotografica-y-literaria-de-gran-simbolismo\/\",\"url\":\"https:\/\/guiadelocio.es\/madrid\/joan-alsina-y-eva-baeza-reunen-su-talento-en-esta-muestra-fotografica-y-literaria-de-gran-simbolismo\/\",\"name\":\"Exposici\u00f3n fotogr\u00e1fica y literaria: Eva Baeza y Joan Alsina\",\"isPartOf\":{\"@id\":\"https:\/\/guiadelocio.es\/madrid\/#website\"},\"primaryImageOfPage\":{\"@id\":\"https:\/\/guiadelocio.es\/madrid\/joan-alsina-y-eva-baeza-reunen-su-talento-en-esta-muestra-fotografica-y-literaria-de-gran-simbolismo\/#primaryimage\"},\"image\":{\"@id\":\"https:\/\/guiadelocio.es\/madrid\/joan-alsina-y-eva-baeza-reunen-su-talento-en-esta-muestra-fotografica-y-literaria-de-gran-simbolismo\/#primaryimage\"},\"thumbnailUrl\":\"https:\/\/guiadelocio.es\/madrid\/wp-content\/uploads\/sites\/2\/2023\/11\/Captura-de-pantalla-2023-11-13-124950.png\",\"datePublished\":\"2023-11-10T14:26:06+00:00\",\"dateModified\":\"2024-01-25T16:52:51+00:00\",\"author\":{\"@id\":\"https:\/\/guiadelocio.es\/madrid\/#\/schema\/person\/dedd385c3a1875e2dfb8ee808e4fca89\"},\"description\":\"Las letras y las im\u00e1genes, dos artes y dos artistas. La \\\"Exposici\u00f3n fotogr\u00e1fica y literaria: Eva Baeza y Joan Alsina\\\" supone un recorrido por las texturas del ser humano, todo aquello interior que se refleja en el exterior\",\"breadcrumb\":{\"@id\":\"https:\/\/guiadelocio.es\/madrid\/joan-alsina-y-eva-baeza-reunen-su-talento-en-esta-muestra-fotografica-y-literaria-de-gran-simbolismo\/#breadcrumb\"},\"inLanguage\":\"es\",\"potentialAction\":[{\"@type\":\"ReadAction\",\"target\":[\"https:\/\/guiadelocio.es\/madrid\/joan-alsina-y-eva-baeza-reunen-su-talento-en-esta-muestra-fotografica-y-literaria-de-gran-simbolismo\/\"]}]},{\"@type\":\"ImageObject\",\"inLanguage\":\"es\",\"@id\":\"https:\/\/guiadelocio.es\/madrid\/joan-alsina-y-eva-baeza-reunen-su-talento-en-esta-muestra-fotografica-y-literaria-de-gran-simbolismo\/#primaryimage\",\"url\":\"https:\/\/guiadelocio.es\/madrid\/wp-content\/uploads\/sites\/2\/2023\/11\/Captura-de-pantalla-2023-11-13-124950.png\",\"contentUrl\":\"https:\/\/guiadelocio.es\/madrid\/wp-content\/uploads\/sites\/2\/2023\/11\/Captura-de-pantalla-2023-11-13-124950.png\",\"width\":1606,\"height\":621},{\"@type\":\"BreadcrumbList\",\"@id\":\"https:\/\/guiadelocio.es\/madrid\/joan-alsina-y-eva-baeza-reunen-su-talento-en-esta-muestra-fotografica-y-literaria-de-gran-simbolismo\/#breadcrumb\",\"itemListElement\":[{\"@type\":\"ListItem\",\"position\":1,\"name\":\"Portada\",\"item\":\"https:\/\/guiadelocio.es\/madrid\/\"},{\"@type\":\"ListItem\",\"position\":2,\"name\":\"Joan Alsina y Eva Baeza re\u00fanen su talento en esta muestra fotogr\u00e1fica y literaria de gran simbolismo\"}]},{\"@type\":\"WebSite\",\"@id\":\"https:\/\/guiadelocio.es\/madrid\/#website\",\"url\":\"https:\/\/guiadelocio.es\/madrid\/\",\"name\":\"Madrid | Gu\u00eda del Ocio\",\"description\":\"Qu\u00e9 hacer, d\u00f3nde comer, qu\u00e9 visitar y los lugares que no te puedes perder\",\"potentialAction\":[{\"@type\":\"SearchAction\",\"target\":{\"@type\":\"EntryPoint\",\"urlTemplate\":\"https:\/\/guiadelocio.es\/madrid\/?s={search_term_string}\"},\"query-input\":{\"@type\":\"PropertyValueSpecification\",\"valueRequired\":true,\"valueName\":\"search_term_string\"}}],\"inLanguage\":\"es\"},{\"@type\":\"Person\",\"@id\":\"https:\/\/guiadelocio.es\/madrid\/#\/schema\/person\/dedd385c3a1875e2dfb8ee808e4fca89\",\"name\":\"Gu\u00eda del Ocio\",\"image\":{\"@type\":\"ImageObject\",\"inLanguage\":\"es\",\"@id\":\"https:\/\/guiadelocio.es\/madrid\/#\/schema\/person\/image\/\",\"url\":\"https:\/\/secure.gravatar.com\/avatar\/27d9eb58286cefc2042fb32a3db3a679c555c2a21aa6719fa7916d63185b9fe9?s=96&d=mm&r=g\",\"contentUrl\":\"https:\/\/secure.gravatar.com\/avatar\/27d9eb58286cefc2042fb32a3db3a679c555c2a21aa6719fa7916d63185b9fe9?s=96&d=mm&r=g\",\"caption\":\"Gu\u00eda del Ocio\"}}]}<\/script>\n<!-- \/ Yoast SEO plugin. -->","yoast_head_json":{"title":"Exposici\u00f3n fotogr\u00e1fica y literaria: Eva Baeza y Joan Alsina","description":"Las letras y las im\u00e1genes, dos artes y dos artistas. La \"Exposici\u00f3n fotogr\u00e1fica y literaria: Eva Baeza y Joan Alsina\" supone un recorrido por las texturas del ser humano, todo aquello interior que se refleja en el exterior","robots":{"index":"index","follow":"follow","max-snippet":"max-snippet:-1","max-image-preview":"max-image-preview:large","max-video-preview":"max-video-preview:-1"},"canonical":"https:\/\/guiadelocio.es\/madrid\/joan-alsina-y-eva-baeza-reunen-su-talento-en-esta-muestra-fotografica-y-literaria-de-gran-simbolismo\/","og_locale":"es_ES","og_type":"article","og_title":"Exposici\u00f3n fotogr\u00e1fica y literaria: Eva Baeza y Joan Alsina","og_description":"Las letras y las im\u00e1genes, dos artes y dos artistas. La \"Exposici\u00f3n fotogr\u00e1fica y literaria: Eva Baeza y Joan Alsina\" supone un recorrido por las texturas del ser humano, todo aquello interior que se refleja en el exterior","og_url":"https:\/\/guiadelocio.es\/madrid\/joan-alsina-y-eva-baeza-reunen-su-talento-en-esta-muestra-fotografica-y-literaria-de-gran-simbolismo\/","og_site_name":"Madrid","article_published_time":"2023-11-10T14:26:06+00:00","article_modified_time":"2024-01-25T16:52:51+00:00","og_image":[{"width":1606,"height":621,"url":"https:\/\/guiadelocio.es\/madrid\/wp-content\/uploads\/sites\/2\/2023\/11\/Captura-de-pantalla-2023-11-13-124950.png","type":"image\/png"}],"author":"Gu\u00eda del Ocio","twitter_card":"summary_large_image","twitter_misc":{"Escrito por":"Gu\u00eda del Ocio","Tiempo de lectura":"4 minutos"},"schema":{"@context":"https:\/\/schema.org","@graph":[{"@type":"WebPage","@id":"https:\/\/guiadelocio.es\/madrid\/joan-alsina-y-eva-baeza-reunen-su-talento-en-esta-muestra-fotografica-y-literaria-de-gran-simbolismo\/","url":"https:\/\/guiadelocio.es\/madrid\/joan-alsina-y-eva-baeza-reunen-su-talento-en-esta-muestra-fotografica-y-literaria-de-gran-simbolismo\/","name":"Exposici\u00f3n fotogr\u00e1fica y literaria: Eva Baeza y Joan Alsina","isPartOf":{"@id":"https:\/\/guiadelocio.es\/madrid\/#website"},"primaryImageOfPage":{"@id":"https:\/\/guiadelocio.es\/madrid\/joan-alsina-y-eva-baeza-reunen-su-talento-en-esta-muestra-fotografica-y-literaria-de-gran-simbolismo\/#primaryimage"},"image":{"@id":"https:\/\/guiadelocio.es\/madrid\/joan-alsina-y-eva-baeza-reunen-su-talento-en-esta-muestra-fotografica-y-literaria-de-gran-simbolismo\/#primaryimage"},"thumbnailUrl":"https:\/\/guiadelocio.es\/madrid\/wp-content\/uploads\/sites\/2\/2023\/11\/Captura-de-pantalla-2023-11-13-124950.png","datePublished":"2023-11-10T14:26:06+00:00","dateModified":"2024-01-25T16:52:51+00:00","author":{"@id":"https:\/\/guiadelocio.es\/madrid\/#\/schema\/person\/dedd385c3a1875e2dfb8ee808e4fca89"},"description":"Las letras y las im\u00e1genes, dos artes y dos artistas. La \"Exposici\u00f3n fotogr\u00e1fica y literaria: Eva Baeza y Joan Alsina\" supone un recorrido por las texturas del ser humano, todo aquello interior que se refleja en el exterior","breadcrumb":{"@id":"https:\/\/guiadelocio.es\/madrid\/joan-alsina-y-eva-baeza-reunen-su-talento-en-esta-muestra-fotografica-y-literaria-de-gran-simbolismo\/#breadcrumb"},"inLanguage":"es","potentialAction":[{"@type":"ReadAction","target":["https:\/\/guiadelocio.es\/madrid\/joan-alsina-y-eva-baeza-reunen-su-talento-en-esta-muestra-fotografica-y-literaria-de-gran-simbolismo\/"]}]},{"@type":"ImageObject","inLanguage":"es","@id":"https:\/\/guiadelocio.es\/madrid\/joan-alsina-y-eva-baeza-reunen-su-talento-en-esta-muestra-fotografica-y-literaria-de-gran-simbolismo\/#primaryimage","url":"https:\/\/guiadelocio.es\/madrid\/wp-content\/uploads\/sites\/2\/2023\/11\/Captura-de-pantalla-2023-11-13-124950.png","contentUrl":"https:\/\/guiadelocio.es\/madrid\/wp-content\/uploads\/sites\/2\/2023\/11\/Captura-de-pantalla-2023-11-13-124950.png","width":1606,"height":621},{"@type":"BreadcrumbList","@id":"https:\/\/guiadelocio.es\/madrid\/joan-alsina-y-eva-baeza-reunen-su-talento-en-esta-muestra-fotografica-y-literaria-de-gran-simbolismo\/#breadcrumb","itemListElement":[{"@type":"ListItem","position":1,"name":"Portada","item":"https:\/\/guiadelocio.es\/madrid\/"},{"@type":"ListItem","position":2,"name":"Joan Alsina y Eva Baeza re\u00fanen su talento en esta muestra fotogr\u00e1fica y literaria de gran simbolismo"}]},{"@type":"WebSite","@id":"https:\/\/guiadelocio.es\/madrid\/#website","url":"https:\/\/guiadelocio.es\/madrid\/","name":"Madrid | Gu\u00eda del Ocio","description":"Qu\u00e9 hacer, d\u00f3nde comer, qu\u00e9 visitar y los lugares que no te puedes perder","potentialAction":[{"@type":"SearchAction","target":{"@type":"EntryPoint","urlTemplate":"https:\/\/guiadelocio.es\/madrid\/?s={search_term_string}"},"query-input":{"@type":"PropertyValueSpecification","valueRequired":true,"valueName":"search_term_string"}}],"inLanguage":"es"},{"@type":"Person","@id":"https:\/\/guiadelocio.es\/madrid\/#\/schema\/person\/dedd385c3a1875e2dfb8ee808e4fca89","name":"Gu\u00eda del Ocio","image":{"@type":"ImageObject","inLanguage":"es","@id":"https:\/\/guiadelocio.es\/madrid\/#\/schema\/person\/image\/","url":"https:\/\/secure.gravatar.com\/avatar\/27d9eb58286cefc2042fb32a3db3a679c555c2a21aa6719fa7916d63185b9fe9?s=96&d=mm&r=g","contentUrl":"https:\/\/secure.gravatar.com\/avatar\/27d9eb58286cefc2042fb32a3db3a679c555c2a21aa6719fa7916d63185b9fe9?s=96&d=mm&r=g","caption":"Gu\u00eda del Ocio"}}]}},"_links":{"self":[{"href":"https:\/\/guiadelocio.es\/madrid\/wp-json\/wp\/v2\/posts\/21206","targetHints":{"allow":["GET"]}}],"collection":[{"href":"https:\/\/guiadelocio.es\/madrid\/wp-json\/wp\/v2\/posts"}],"about":[{"href":"https:\/\/guiadelocio.es\/madrid\/wp-json\/wp\/v2\/types\/post"}],"author":[{"embeddable":true,"href":"https:\/\/guiadelocio.es\/madrid\/wp-json\/wp\/v2\/users\/8"}],"replies":[{"embeddable":true,"href":"https:\/\/guiadelocio.es\/madrid\/wp-json\/wp\/v2\/comments?post=21206"}],"version-history":[{"count":0,"href":"https:\/\/guiadelocio.es\/madrid\/wp-json\/wp\/v2\/posts\/21206\/revisions"}],"wp:featuredmedia":[{"embeddable":true,"href":"https:\/\/guiadelocio.es\/madrid\/wp-json\/wp\/v2\/media\/21558"}],"wp:attachment":[{"href":"https:\/\/guiadelocio.es\/madrid\/wp-json\/wp\/v2\/media?parent=21206"}],"wp:term":[{"taxonomy":"category","embeddable":true,"href":"https:\/\/guiadelocio.es\/madrid\/wp-json\/wp\/v2\/categories?post=21206"},{"taxonomy":"post_tag","embeddable":true,"href":"https:\/\/guiadelocio.es\/madrid\/wp-json\/wp\/v2\/tags?post=21206"},{"taxonomy":"category_plan","embeddable":true,"href":"https:\/\/guiadelocio.es\/madrid\/wp-json\/wp\/v2\/category_plan?post=21206"},{"taxonomy":"filter_trans","embeddable":true,"href":"https:\/\/guiadelocio.es\/madrid\/wp-json\/wp\/v2\/filter_trans?post=21206"},{"taxonomy":"filter_main","embeddable":true,"href":"https:\/\/guiadelocio.es\/madrid\/wp-json\/wp\/v2\/filter_main?post=21206"},{"taxonomy":"filter_sec","embeddable":true,"href":"https:\/\/guiadelocio.es\/madrid\/wp-json\/wp\/v2\/filter_sec?post=21206"},{"taxonomy":"barrios","embeddable":true,"href":"https:\/\/guiadelocio.es\/madrid\/wp-json\/wp\/v2\/barrios?post=21206"}],"curies":[{"name":"wp","href":"https:\/\/api.w.org\/{rel}","templated":true}]}}