{"id":21021,"date":"2023-11-03T08:45:09","date_gmt":"2023-11-03T07:45:09","guid":{"rendered":"https:\/\/guiadelocio.es\/madrid\/?p=21021"},"modified":"2024-01-25T17:52:52","modified_gmt":"2024-01-25T16:52:52","slug":"manuel-de-falla-el-retablo-de-maese-pedro-1923-2023-el-pasado-presente-un-homenaje-en-forma-de-exposicion-a-los-100-anos-del-nacimiento-de-la-opera-de-camara-compuesta-para-titeres","status":"publish","type":"post","link":"https:\/\/guiadelocio.es\/madrid\/manuel-de-falla-el-retablo-de-maese-pedro-1923-2023-el-pasado-presente-un-homenaje-en-forma-de-exposicion-a-los-100-anos-del-nacimiento-de-la-opera-de-camara-compuesta-para-titeres\/","title":{"rendered":"\u00abManuel de Falla. El retablo de maese Pedro (1923-2023). El pasado presente\u00bb, un homenaje en forma de exposici\u00f3n a los 100 a\u00f1os del nacimiento de la \u00f3pera de c\u00e1mara compuesta para t\u00edteres"},"content":{"rendered":"<p>Hace 100 a\u00f1os nac\u00eda <strong>\u00abEl Retablo de maese Pedro\u00bb<\/strong>, una obra maestra de la literatura espa\u00f1ola y la m\u00fasica concebida en forma de <strong>\u00f3pera de c\u00e1mara para t\u00edteres.<\/strong><\/p>\n<p><img decoding=\"async\" class=\" wp-image-21040 aligncenter\" src=\"https:\/\/guiadelocio.es\/madrid\/wp-content\/uploads\/sites\/2\/2023\/10\/Captura-de-pantalla-2023-10-31-134359-300x217.png\" alt=\"\" width=\"507\" height=\"367\" srcset=\"https:\/\/guiadelocio.es\/madrid\/wp-content\/uploads\/sites\/2\/2023\/10\/Captura-de-pantalla-2023-10-31-134359-300x217.png 300w, https:\/\/guiadelocio.es\/madrid\/wp-content\/uploads\/sites\/2\/2023\/10\/Captura-de-pantalla-2023-10-31-134359-768x555.png 768w, https:\/\/guiadelocio.es\/madrid\/wp-content\/uploads\/sites\/2\/2023\/10\/Captura-de-pantalla-2023-10-31-134359-598x432.png 598w, https:\/\/guiadelocio.es\/madrid\/wp-content\/uploads\/sites\/2\/2023\/10\/Captura-de-pantalla-2023-10-31-134359-266x192.png 266w, https:\/\/guiadelocio.es\/madrid\/wp-content\/uploads\/sites\/2\/2023\/10\/Captura-de-pantalla-2023-10-31-134359.png 913w\" sizes=\"(max-width: 507px) 100vw, 507px\" \/><\/p>\n<p>Detr\u00e1s de la creaci\u00f3n, <strong>Manuel de Falla<\/strong>, el compositor gaditano y<strong> figura representativa de la m\u00fasica en el siglo XX<\/strong> que cultiv\u00f3 de un modo excepcional la tradici\u00f3n musical t\u00edpica de nuestro pa\u00eds. Esta m\u00fasica fue posteriormente trasladada al mundo siendo reconocida de manera destacada en Europa y Am\u00e9rica.<\/p>\n<p>\u00abEl Retablo de Maese Pedro\u00bb <strong>se inspir\u00f3 en un cap\u00edtulo del Quijote de Miguel de Cervantes<\/strong> y fue compuesta para ser interpretada en los <strong>conciertos y representaciones privadas<\/strong> que ofrec\u00eda la<strong> Princesa de Polignac en Par\u00eds.<\/strong><\/p>\n<p><img decoding=\"async\" class=\" wp-image-21035 aligncenter\" src=\"https:\/\/guiadelocio.es\/madrid\/wp-content\/uploads\/sites\/2\/2023\/10\/Captura-de-pantalla-2023-10-31-134145-300x286.png\" alt=\"\" width=\"491\" height=\"468\" srcset=\"https:\/\/guiadelocio.es\/madrid\/wp-content\/uploads\/sites\/2\/2023\/10\/Captura-de-pantalla-2023-10-31-134145-300x286.png 300w, https:\/\/guiadelocio.es\/madrid\/wp-content\/uploads\/sites\/2\/2023\/10\/Captura-de-pantalla-2023-10-31-134145-453x432.png 453w, https:\/\/guiadelocio.es\/madrid\/wp-content\/uploads\/sites\/2\/2023\/10\/Captura-de-pantalla-2023-10-31-134145-210x200.png 210w, https:\/\/guiadelocio.es\/madrid\/wp-content\/uploads\/sites\/2\/2023\/10\/Captura-de-pantalla-2023-10-31-134145.png 712w\" sizes=\"(max-width: 491px) 100vw, 491px\" \/><\/p>\n<p>Ahora, la<a href=\"https:\/\/guiadelocio.es\/madrid\/plan\/residencia-de-estudiantes\/\" target=\"_blank\" rel=\"noopener\"><strong> Residencia de Estudiantes<\/strong><\/a> acoge la <strong>exposici\u00f3n<\/strong><a href=\"https:\/\/exposiciones.residencia.csic.es\/falla\/index.php\" target=\"_blank\" rel=\"noopener\"><strong> \u00abManuel de Falla. El retablo de maese Pedro (1923-2023). El pasado presente\u00bb<\/strong><\/a> <strong>hasta el 28 de enero de 2024.<\/strong> Una muestra en <strong>homenaje a los 100 a\u00f1os del nacimiento de la obra<\/strong>, un recorrido por el sonido y el arte a trav\u00e9s de <strong>7 secciones<\/strong> donde los visitantes pueden descubrir desde <strong>documentos originales<\/strong> hasta<strong> borradores de las partituras de Falla<\/strong>, pasando a su vez por <strong>elementos de la escenograf\u00eda original<\/strong> y\u00a0<strong>obras de reconocidos artistas contempor\u00e1neos, entre ellos Miquel Barcel\u00f3 o Antonio Saura.<\/strong><\/p>\n<p>Un viaje a los sentidos, a la historia de nuestro pa\u00eds y al conocimiento cercano de una figura tan destacada como lo fue y lo es, Manuel de Falla.<\/p>\n<p><img decoding=\"async\" class=\" wp-image-21042 aligncenter\" src=\"https:\/\/guiadelocio.es\/madrid\/wp-content\/uploads\/sites\/2\/2023\/10\/Retablo_MP_04-300x200.webp\" alt=\"\" width=\"539\" height=\"359\" srcset=\"https:\/\/guiadelocio.es\/madrid\/wp-content\/uploads\/sites\/2\/2023\/10\/Retablo_MP_04-300x200.webp 300w, https:\/\/guiadelocio.es\/madrid\/wp-content\/uploads\/sites\/2\/2023\/10\/Retablo_MP_04-768x512.webp 768w, https:\/\/guiadelocio.es\/madrid\/wp-content\/uploads\/sites\/2\/2023\/10\/Retablo_MP_04-640x427.webp 640w, https:\/\/guiadelocio.es\/madrid\/wp-content\/uploads\/sites\/2\/2023\/10\/Retablo_MP_04-266x177.webp 266w, https:\/\/guiadelocio.es\/madrid\/wp-content\/uploads\/sites\/2\/2023\/10\/Retablo_MP_04-jpg.webp 1000w\" sizes=\"(max-width: 539px) 100vw, 539px\" \/><\/p>\n<h2>Secciones<\/h2>\n<ul>\n<li>\n<h3>La magia de los t\u00edteres en el universo infantil<\/h3>\n<\/li>\n<\/ul>\n<p>Manuel de Falla estuvo familiarizado desde ni\u00f1o con el mundo de los t\u00edteres. Desde los 9 a\u00f1os el compositor tuvo su propio teatrito de marionetas, en el que invertir\u00eda numerosas horas de juego. Sus primeras representaciones las har\u00eda en la intimidad del hogar, ante la sola presencia de su hermana Mar\u00eda del Carmen. Entre las historias que llev\u00f3 a escena, el m\u00fasico recordaba con particular emoci\u00f3n la recreaci\u00f3n de las aventuras de Don Quijote y Sancho Panza.<\/p>\n<p>A su vez, durante su infancia en C\u00e1diz asistir\u00eda a las representaciones de la T\u00eda Norica, una compa\u00f1\u00eda de origen italiano muy arraigada en la cultura popular de la ciudad. Posiblemente aqu\u00ed el destino comenz\u00f3 a fraguar lo que vendr\u00eda despu\u00e9s.<\/p>\n<ul>\n<li>\n<h3>Un Quijote inagotable para Manuel de Falla<\/h3>\n<\/li>\n<\/ul>\n<p>Cervantes fue uno de los autores m\u00e1s le\u00eddos y visitados por Manuel de Falla. Al margen del Quijote, el m\u00fasico conserv\u00f3 veinti\u00fan libros de otras obras del escritor en su biblioteca, con algunos t\u00edtulos predilectos que se repiten de forma reiterada. Del Quijote, Falla atesor\u00f3 una aut\u00e9ntica colecci\u00f3n de ediciones: treinta ejemplares de muy diversas \u00e9pocas y caracter\u00edsticas, incluidas traducciones al franc\u00e9s, ingl\u00e9s y alem\u00e1n. Esto permite hablar de una verdadera\u00a0quijoteman\u00eda\u00a0en Falla, quien consider\u00f3 al Caballero de la Mancha como ep\u00edtome de la cultura espa\u00f1ola.<\/p>\n<p><img decoding=\"async\" class=\" wp-image-21037 aligncenter\" src=\"https:\/\/guiadelocio.es\/madrid\/wp-content\/uploads\/sites\/2\/2023\/10\/Captura-de-pantalla-2023-10-31-134245-227x300.png\" alt=\"\" width=\"468\" height=\"619\" srcset=\"https:\/\/guiadelocio.es\/madrid\/wp-content\/uploads\/sites\/2\/2023\/10\/Captura-de-pantalla-2023-10-31-134245-227x300.png 227w, https:\/\/guiadelocio.es\/madrid\/wp-content\/uploads\/sites\/2\/2023\/10\/Captura-de-pantalla-2023-10-31-134245-326x432.png 326w, https:\/\/guiadelocio.es\/madrid\/wp-content\/uploads\/sites\/2\/2023\/10\/Captura-de-pantalla-2023-10-31-134245-151x200.png 151w, https:\/\/guiadelocio.es\/madrid\/wp-content\/uploads\/sites\/2\/2023\/10\/Captura-de-pantalla-2023-10-31-134245.png 481w\" sizes=\"(max-width: 468px) 100vw, 468px\" \/><\/p>\n<ul>\n<li>\n<h3>El proceso creativo de la obra<\/h3>\n<\/li>\n<\/ul>\n<p>El punto de partida de \u00abEl retablo de maese Pedro\u00bb fue la carta enviada por la Princesa de Polignac a Falla el 25 de octubre de 1918, con el encargo de la obra. Mes y medio despu\u00e9s el compositor le propon\u00eda como tema el cap\u00edtulo XXVI de la segunda parte del Quijote, y m\u00e1s concretamente la representaci\u00f3n del teatro ambulante de maese Pedro. Comenz\u00f3 entonces un largo per\u00edodo de gestaci\u00f3n musical, tras el que Falla dio a luz una nueva obra y m\u00e1s importante a\u00fan, un nuevo estilo.<\/p>\n<p>Entre medias, cuatro largos a\u00f1os de borradores, dudas, soluciones&#8230; hasta los d\u00edas 23 y 24 de marzo de 1923 cuando la obra se estrena en Sevilla en forma de concierto.<\/p>\n<ul>\n<li>\n<h3>El estreno en el sal\u00f3n de la Princesa de Polignac<\/h3>\n<\/li>\n<\/ul>\n<div class=\"col-12 col-md-3\">\n<div class=\"row\">\n<div class=\"col-12\">\n<p class=\"pie-foto\">La primera representaci\u00f3n esc\u00e9nica de \u00abEl retablo de maese Pedro\u00bb tuvo lugar el 25 de junio de 1923, en el sal\u00f3n de m\u00fasica de la Princesa de Polignac. Hasta all\u00ed acudieron figuras sobresalientes de las artes y las letras europeas, junto a la alta sociedad parisina. Con gran \u00e9xito la obra supuso toda una revoluci\u00f3n.<\/p>\n<p>En el montaje esc\u00e9nico participaron Hermenegildo Lanz, Manuel \u00c1ngeles Ortiz y Hernando Vi\u00f1es.<\/p>\n<ul>\n<li>\n<h3>Una obra orientada hacia nuevos \u00abideales hisp\u00e1nicos\u00bb<\/h3>\n<\/li>\n<\/ul>\n<p>Con la creaci\u00f3n de \u00abEl retablo de maese Pedro\u00bb Falla busc\u00f3 la plasmaci\u00f3n de un nuevo ideal art\u00edstico, que se inscribe en la vanguardia neocl\u00e1sica desarrollada en Europa durante el per\u00edodo de entreguerras.<\/p>\n<p>El resultado es una \u00f3pera de c\u00e1mara especial y particular, a la vez que innovadora donde se bucea entre la literatura y la m\u00fasica del pasado espa\u00f1ol. A\u00fan as\u00ed, problem\u00e1tica en cierta medida porque no fue pensada por Falla con perdurabilidad, lo que la convierte en una obra dif\u00edcil de llevar a escena.<\/p>\n<p><img decoding=\"async\" class=\" wp-image-21038 aligncenter\" src=\"https:\/\/guiadelocio.es\/madrid\/wp-content\/uploads\/sites\/2\/2023\/10\/Captura-de-pantalla-2023-10-31-134309-181x300.png\" alt=\"\" width=\"464\" height=\"769\" srcset=\"https:\/\/guiadelocio.es\/madrid\/wp-content\/uploads\/sites\/2\/2023\/10\/Captura-de-pantalla-2023-10-31-134309-181x300.png 181w, https:\/\/guiadelocio.es\/madrid\/wp-content\/uploads\/sites\/2\/2023\/10\/Captura-de-pantalla-2023-10-31-134309-260x432.png 260w, https:\/\/guiadelocio.es\/madrid\/wp-content\/uploads\/sites\/2\/2023\/10\/Captura-de-pantalla-2023-10-31-134309-120x200.png 120w, https:\/\/guiadelocio.es\/madrid\/wp-content\/uploads\/sites\/2\/2023\/10\/Captura-de-pantalla-2023-10-31-134309.png 403w\" sizes=\"(max-width: 464px) 100vw, 464px\" \/><\/p>\n<ul>\n<li>\n<h3>El Retablo imaginario cobra vida: representaciones entre 1923 y 1946<\/h3>\n<\/li>\n<\/ul>\n<p>Progresivamente, \u00abEl retablo de maese Pedro\u00bb comenz\u00f3 a circular por los principales teatros europeos y americanos, casi siempre bajo la atenta vigilancia de Manuel de Falla. Adem\u00e1s de la gira espa\u00f1ola organizada por \u00e9l mismo con la Orquesta B\u00e9tica de C\u00e1mara, en la que Hermenegildo Lanz asumi\u00f3 la responsabilidad de la realizaci\u00f3n esc\u00e9nica, la obra pudo verse, entre otros lugares, en Bristol, Nueva York, Z\u00farich, \u00c1msterdam, Colonia, Berl\u00edn, Londres, Chicago, Venecia, Bruselas, Florencia, Madrid, Roma, Buenos Aires\u2026<\/p>\n<p>En esta secci\u00f3n se recogen testimonios gr\u00e1ficos y documentales de esas puestas en escena, con las que \u00abEl retablo de maese Pedro\u00bb continu\u00f3 viviendo en variantes, en su decidida apuesta por conjugar la tradici\u00f3n y la vanguardia.<\/p>\n<ul>\n<li>\n<h3>El Retablo en el imaginario colectivo<\/h3>\n<\/li>\n<\/ul>\n<p>Tras el fallecimiento de Falla, los personajes de \u00abEl retablo de maese Pedro\u00bb continuaron su viaje por el mundo, retando a m\u00fasicos y artistas a la realizaci\u00f3n de nuevas producciones que no han dejado de sorprender.<\/p>\n<p>Falla dio una segunda vida al Quijote, una renovaci\u00f3n pl\u00e1stica de la obra y el personaje a trav\u00e9s del compositor y su m\u00fasica, una manera de acercar a todas las generaciones un pasado tra\u00eddo al presente.<\/p>\n<p><img decoding=\"async\" class=\" wp-image-21039 aligncenter\" src=\"https:\/\/guiadelocio.es\/madrid\/wp-content\/uploads\/sites\/2\/2023\/10\/Captura-de-pantalla-2023-10-31-134339-300x203.png\" alt=\"\" width=\"569\" height=\"385\" srcset=\"https:\/\/guiadelocio.es\/madrid\/wp-content\/uploads\/sites\/2\/2023\/10\/Captura-de-pantalla-2023-10-31-134339-300x203.png 300w, https:\/\/guiadelocio.es\/madrid\/wp-content\/uploads\/sites\/2\/2023\/10\/Captura-de-pantalla-2023-10-31-134339-768x519.png 768w, https:\/\/guiadelocio.es\/madrid\/wp-content\/uploads\/sites\/2\/2023\/10\/Captura-de-pantalla-2023-10-31-134339-640x432.png 640w, https:\/\/guiadelocio.es\/madrid\/wp-content\/uploads\/sites\/2\/2023\/10\/Captura-de-pantalla-2023-10-31-134339-266x180.png 266w, https:\/\/guiadelocio.es\/madrid\/wp-content\/uploads\/sites\/2\/2023\/10\/Captura-de-pantalla-2023-10-31-134339.png 970w\" sizes=\"(max-width: 569px) 100vw, 569px\" \/><\/p>\n<\/div>\n<p>\u00abManuel de Falla. El retablo de maese Pedro (1923-2023)\u00bb est\u00e1 comisariada por <strong>Elena Torres Clemente<\/strong>, investigadora y profesora titular en la Universidad Complutense de Madrid. Sus estudios se centran en la figura y obra de Falla, as\u00ed como en la m\u00fasica espa\u00f1ola de los siglos XIX y XX, por lo que es considerada una de las m\u00e1ximas especialistas internacionales sobre el tema.<\/p>\n<p><img decoding=\"async\" class=\" wp-image-21036 aligncenter\" src=\"https:\/\/guiadelocio.es\/madrid\/wp-content\/uploads\/sites\/2\/2023\/10\/Captura-de-pantalla-2023-10-31-134213-300x197.png\" alt=\"\" width=\"598\" height=\"393\" srcset=\"https:\/\/guiadelocio.es\/madrid\/wp-content\/uploads\/sites\/2\/2023\/10\/Captura-de-pantalla-2023-10-31-134213-300x197.png 300w, https:\/\/guiadelocio.es\/madrid\/wp-content\/uploads\/sites\/2\/2023\/10\/Captura-de-pantalla-2023-10-31-134213-768x504.png 768w, https:\/\/guiadelocio.es\/madrid\/wp-content\/uploads\/sites\/2\/2023\/10\/Captura-de-pantalla-2023-10-31-134213-640x420.png 640w, https:\/\/guiadelocio.es\/madrid\/wp-content\/uploads\/sites\/2\/2023\/10\/Captura-de-pantalla-2023-10-31-134213-266x175.png 266w, https:\/\/guiadelocio.es\/madrid\/wp-content\/uploads\/sites\/2\/2023\/10\/Captura-de-pantalla-2023-10-31-134213.png 1012w\" sizes=\"(max-width: 598px) 100vw, 598px\" \/><\/p>\n<p>\u00abManuel de Falla. El retablo de maese Pedro (1923-2023)\u00bb supone una muestra fundamental para conocer\u00a0 esta obra convertida en icono de la m\u00fasica espa\u00f1ola, as\u00ed como una invitaci\u00f3n a la reflexi\u00f3n sobre la delgada l\u00ednea entre realidad y fantas\u00eda, entre tradici\u00f3n y modernidad. Un repaso a la historia y en cierta manera, a lo que fuimos y somos como sociedad, hoy y hace 100 a\u00f1os.<\/p>\n<p><img decoding=\"async\" class=\" wp-image-21044 aligncenter\" src=\"https:\/\/guiadelocio.es\/madrid\/wp-content\/uploads\/sites\/2\/2023\/10\/Retablo_MP_20-300x201.webp\" alt=\"\" width=\"609\" height=\"408\" srcset=\"https:\/\/guiadelocio.es\/madrid\/wp-content\/uploads\/sites\/2\/2023\/10\/Retablo_MP_20-300x201.webp 300w, https:\/\/guiadelocio.es\/madrid\/wp-content\/uploads\/sites\/2\/2023\/10\/Retablo_MP_20-768x515.webp 768w, https:\/\/guiadelocio.es\/madrid\/wp-content\/uploads\/sites\/2\/2023\/10\/Retablo_MP_20-640x429.webp 640w, https:\/\/guiadelocio.es\/madrid\/wp-content\/uploads\/sites\/2\/2023\/10\/Retablo_MP_20-266x178.webp 266w, https:\/\/guiadelocio.es\/madrid\/wp-content\/uploads\/sites\/2\/2023\/10\/Retablo_MP_20-jpg.webp 1000w\" sizes=\"(max-width: 609px) 100vw, 609px\" \/><\/p>\n<p>&nbsp;<\/p>\n<div class=\"col-12\">\n<p>&nbsp;<\/p>\n<\/div>\n<\/div>\n<\/div>\n","protected":false},"excerpt":{"rendered":"<p>Hace 100 a\u00f1os nac\u00eda \u00abEl Retablo de maese Pedro\u00bb, una obra maestra de la literatura espa\u00f1ola y la m\u00fasica concebida en forma de \u00f3pera de c\u00e1mara para t\u00edteres. Detr\u00e1s de la creaci\u00f3n, Manuel de Falla, el compositor gaditano y figura representativa de la m\u00fasica en el siglo XX que cultiv\u00f3 de un modo excepcional la [&hellip;]<\/p>\n","protected":false},"author":8,"featured_media":21353,"comment_status":"closed","ping_status":"closed","sticky":false,"template":"","format":"standard","meta":{"_acf_changed":false,"footnotes":""},"categories":[1],"tags":[],"category_plan":[2],"filter_trans":[],"filter_main":[],"filter_sec":[],"barrios":[],"class_list":["post-21021","post","type-post","status-publish","format-standard","has-post-thumbnail","hentry","category-sin-categorizar"],"acf":[],"yoast_head":"<!-- This site is optimized with the Yoast SEO plugin v26.0 - https:\/\/yoast.com\/wordpress\/plugins\/seo\/ -->\n<title>Manuel de Falla. El retablo de maese Pedro (1923-2023)<\/title>\n<meta name=\"description\" content=\"Ubicada en la Residencia de Estudiantes, la muestra hace un recorrido por la creaci\u00f3n e historia de una de las composiciones referentes de la m\u00fasica espa\u00f1ola, as\u00ed como de Manuel de Falla, su compositor y figura destacada de la m\u00fasica del siglo XX\" \/>\n<meta name=\"robots\" content=\"index, follow, max-snippet:-1, max-image-preview:large, max-video-preview:-1\" \/>\n<link rel=\"canonical\" href=\"https:\/\/guiadelocio.es\/madrid\/manuel-de-falla-el-retablo-de-maese-pedro-1923-2023-el-pasado-presente-un-homenaje-en-forma-de-exposicion-a-los-100-anos-del-nacimiento-de-la-opera-de-camara-compuesta-para-titeres\/\" \/>\n<meta property=\"og:locale\" content=\"es_ES\" \/>\n<meta property=\"og:type\" content=\"article\" \/>\n<meta property=\"og:title\" content=\"Manuel de Falla. El retablo de maese Pedro (1923-2023)\" \/>\n<meta property=\"og:description\" content=\"Ubicada en la Residencia de Estudiantes, la muestra hace un recorrido por la creaci\u00f3n e historia de una de las composiciones referentes de la m\u00fasica espa\u00f1ola, as\u00ed como de Manuel de Falla, su compositor y figura destacada de la m\u00fasica del siglo XX\" \/>\n<meta property=\"og:url\" content=\"https:\/\/guiadelocio.es\/madrid\/manuel-de-falla-el-retablo-de-maese-pedro-1923-2023-el-pasado-presente-un-homenaje-en-forma-de-exposicion-a-los-100-anos-del-nacimiento-de-la-opera-de-camara-compuesta-para-titeres\/\" \/>\n<meta property=\"og:site_name\" content=\"Madrid\" \/>\n<meta property=\"article:published_time\" content=\"2023-11-03T07:45:09+00:00\" \/>\n<meta property=\"article:modified_time\" content=\"2024-01-25T16:52:52+00:00\" \/>\n<meta property=\"og:image\" content=\"https:\/\/guiadelocio.es\/madrid\/wp-content\/uploads\/sites\/2\/2023\/11\/banner-guia-del-ocio11.png\" \/>\n\t<meta property=\"og:image:width\" content=\"2048\" \/>\n\t<meta property=\"og:image:height\" content=\"788\" \/>\n\t<meta property=\"og:image:type\" content=\"image\/png\" \/>\n<meta name=\"author\" content=\"Gu\u00eda del Ocio\" \/>\n<meta name=\"twitter:card\" content=\"summary_large_image\" \/>\n<meta name=\"twitter:label1\" content=\"Escrito por\" \/>\n\t<meta name=\"twitter:data1\" content=\"Gu\u00eda del Ocio\" \/>\n\t<meta name=\"twitter:label2\" content=\"Tiempo de lectura\" \/>\n\t<meta name=\"twitter:data2\" content=\"7 minutos\" \/>\n<script type=\"application\/ld+json\" class=\"yoast-schema-graph\">{\"@context\":\"https:\/\/schema.org\",\"@graph\":[{\"@type\":\"WebPage\",\"@id\":\"https:\/\/guiadelocio.es\/madrid\/manuel-de-falla-el-retablo-de-maese-pedro-1923-2023-el-pasado-presente-un-homenaje-en-forma-de-exposicion-a-los-100-anos-del-nacimiento-de-la-opera-de-camara-compuesta-para-titeres\/\",\"url\":\"https:\/\/guiadelocio.es\/madrid\/manuel-de-falla-el-retablo-de-maese-pedro-1923-2023-el-pasado-presente-un-homenaje-en-forma-de-exposicion-a-los-100-anos-del-nacimiento-de-la-opera-de-camara-compuesta-para-titeres\/\",\"name\":\"Manuel de Falla. El retablo de maese Pedro (1923-2023)\",\"isPartOf\":{\"@id\":\"https:\/\/guiadelocio.es\/madrid\/#website\"},\"primaryImageOfPage\":{\"@id\":\"https:\/\/guiadelocio.es\/madrid\/manuel-de-falla-el-retablo-de-maese-pedro-1923-2023-el-pasado-presente-un-homenaje-en-forma-de-exposicion-a-los-100-anos-del-nacimiento-de-la-opera-de-camara-compuesta-para-titeres\/#primaryimage\"},\"image\":{\"@id\":\"https:\/\/guiadelocio.es\/madrid\/manuel-de-falla-el-retablo-de-maese-pedro-1923-2023-el-pasado-presente-un-homenaje-en-forma-de-exposicion-a-los-100-anos-del-nacimiento-de-la-opera-de-camara-compuesta-para-titeres\/#primaryimage\"},\"thumbnailUrl\":\"https:\/\/guiadelocio.es\/madrid\/wp-content\/uploads\/sites\/2\/2023\/11\/banner-guia-del-ocio11.png\",\"datePublished\":\"2023-11-03T07:45:09+00:00\",\"dateModified\":\"2024-01-25T16:52:52+00:00\",\"author\":{\"@id\":\"https:\/\/guiadelocio.es\/madrid\/#\/schema\/person\/dedd385c3a1875e2dfb8ee808e4fca89\"},\"description\":\"Ubicada en la Residencia de Estudiantes, la muestra hace un recorrido por la creaci\u00f3n e historia de una de las composiciones referentes de la m\u00fasica espa\u00f1ola, as\u00ed como de Manuel de Falla, su compositor y figura destacada de la m\u00fasica del siglo XX\",\"breadcrumb\":{\"@id\":\"https:\/\/guiadelocio.es\/madrid\/manuel-de-falla-el-retablo-de-maese-pedro-1923-2023-el-pasado-presente-un-homenaje-en-forma-de-exposicion-a-los-100-anos-del-nacimiento-de-la-opera-de-camara-compuesta-para-titeres\/#breadcrumb\"},\"inLanguage\":\"es\",\"potentialAction\":[{\"@type\":\"ReadAction\",\"target\":[\"https:\/\/guiadelocio.es\/madrid\/manuel-de-falla-el-retablo-de-maese-pedro-1923-2023-el-pasado-presente-un-homenaje-en-forma-de-exposicion-a-los-100-anos-del-nacimiento-de-la-opera-de-camara-compuesta-para-titeres\/\"]}]},{\"@type\":\"ImageObject\",\"inLanguage\":\"es\",\"@id\":\"https:\/\/guiadelocio.es\/madrid\/manuel-de-falla-el-retablo-de-maese-pedro-1923-2023-el-pasado-presente-un-homenaje-en-forma-de-exposicion-a-los-100-anos-del-nacimiento-de-la-opera-de-camara-compuesta-para-titeres\/#primaryimage\",\"url\":\"https:\/\/guiadelocio.es\/madrid\/wp-content\/uploads\/sites\/2\/2023\/11\/banner-guia-del-ocio11.png\",\"contentUrl\":\"https:\/\/guiadelocio.es\/madrid\/wp-content\/uploads\/sites\/2\/2023\/11\/banner-guia-del-ocio11.png\",\"width\":2048,\"height\":788},{\"@type\":\"BreadcrumbList\",\"@id\":\"https:\/\/guiadelocio.es\/madrid\/manuel-de-falla-el-retablo-de-maese-pedro-1923-2023-el-pasado-presente-un-homenaje-en-forma-de-exposicion-a-los-100-anos-del-nacimiento-de-la-opera-de-camara-compuesta-para-titeres\/#breadcrumb\",\"itemListElement\":[{\"@type\":\"ListItem\",\"position\":1,\"name\":\"Portada\",\"item\":\"https:\/\/guiadelocio.es\/madrid\/\"},{\"@type\":\"ListItem\",\"position\":2,\"name\":\"\u00abManuel de Falla. El retablo de maese Pedro (1923-2023). El pasado presente\u00bb, un homenaje en forma de exposici\u00f3n a los 100 a\u00f1os del nacimiento de la \u00f3pera de c\u00e1mara compuesta para t\u00edteres\"}]},{\"@type\":\"WebSite\",\"@id\":\"https:\/\/guiadelocio.es\/madrid\/#website\",\"url\":\"https:\/\/guiadelocio.es\/madrid\/\",\"name\":\"Madrid | Gu\u00eda del Ocio\",\"description\":\"Qu\u00e9 hacer, d\u00f3nde comer, qu\u00e9 visitar y los lugares que no te puedes perder\",\"potentialAction\":[{\"@type\":\"SearchAction\",\"target\":{\"@type\":\"EntryPoint\",\"urlTemplate\":\"https:\/\/guiadelocio.es\/madrid\/?s={search_term_string}\"},\"query-input\":{\"@type\":\"PropertyValueSpecification\",\"valueRequired\":true,\"valueName\":\"search_term_string\"}}],\"inLanguage\":\"es\"},{\"@type\":\"Person\",\"@id\":\"https:\/\/guiadelocio.es\/madrid\/#\/schema\/person\/dedd385c3a1875e2dfb8ee808e4fca89\",\"name\":\"Gu\u00eda del Ocio\",\"image\":{\"@type\":\"ImageObject\",\"inLanguage\":\"es\",\"@id\":\"https:\/\/guiadelocio.es\/madrid\/#\/schema\/person\/image\/\",\"url\":\"https:\/\/secure.gravatar.com\/avatar\/27d9eb58286cefc2042fb32a3db3a679c555c2a21aa6719fa7916d63185b9fe9?s=96&d=mm&r=g\",\"contentUrl\":\"https:\/\/secure.gravatar.com\/avatar\/27d9eb58286cefc2042fb32a3db3a679c555c2a21aa6719fa7916d63185b9fe9?s=96&d=mm&r=g\",\"caption\":\"Gu\u00eda del Ocio\"}}]}<\/script>\n<!-- \/ Yoast SEO plugin. -->","yoast_head_json":{"title":"Manuel de Falla. El retablo de maese Pedro (1923-2023)","description":"Ubicada en la Residencia de Estudiantes, la muestra hace un recorrido por la creaci\u00f3n e historia de una de las composiciones referentes de la m\u00fasica espa\u00f1ola, as\u00ed como de Manuel de Falla, su compositor y figura destacada de la m\u00fasica del siglo XX","robots":{"index":"index","follow":"follow","max-snippet":"max-snippet:-1","max-image-preview":"max-image-preview:large","max-video-preview":"max-video-preview:-1"},"canonical":"https:\/\/guiadelocio.es\/madrid\/manuel-de-falla-el-retablo-de-maese-pedro-1923-2023-el-pasado-presente-un-homenaje-en-forma-de-exposicion-a-los-100-anos-del-nacimiento-de-la-opera-de-camara-compuesta-para-titeres\/","og_locale":"es_ES","og_type":"article","og_title":"Manuel de Falla. El retablo de maese Pedro (1923-2023)","og_description":"Ubicada en la Residencia de Estudiantes, la muestra hace un recorrido por la creaci\u00f3n e historia de una de las composiciones referentes de la m\u00fasica espa\u00f1ola, as\u00ed como de Manuel de Falla, su compositor y figura destacada de la m\u00fasica del siglo XX","og_url":"https:\/\/guiadelocio.es\/madrid\/manuel-de-falla-el-retablo-de-maese-pedro-1923-2023-el-pasado-presente-un-homenaje-en-forma-de-exposicion-a-los-100-anos-del-nacimiento-de-la-opera-de-camara-compuesta-para-titeres\/","og_site_name":"Madrid","article_published_time":"2023-11-03T07:45:09+00:00","article_modified_time":"2024-01-25T16:52:52+00:00","og_image":[{"width":2048,"height":788,"url":"https:\/\/guiadelocio.es\/madrid\/wp-content\/uploads\/sites\/2\/2023\/11\/banner-guia-del-ocio11.png","type":"image\/png"}],"author":"Gu\u00eda del Ocio","twitter_card":"summary_large_image","twitter_misc":{"Escrito por":"Gu\u00eda del Ocio","Tiempo de lectura":"7 minutos"},"schema":{"@context":"https:\/\/schema.org","@graph":[{"@type":"WebPage","@id":"https:\/\/guiadelocio.es\/madrid\/manuel-de-falla-el-retablo-de-maese-pedro-1923-2023-el-pasado-presente-un-homenaje-en-forma-de-exposicion-a-los-100-anos-del-nacimiento-de-la-opera-de-camara-compuesta-para-titeres\/","url":"https:\/\/guiadelocio.es\/madrid\/manuel-de-falla-el-retablo-de-maese-pedro-1923-2023-el-pasado-presente-un-homenaje-en-forma-de-exposicion-a-los-100-anos-del-nacimiento-de-la-opera-de-camara-compuesta-para-titeres\/","name":"Manuel de Falla. El retablo de maese Pedro (1923-2023)","isPartOf":{"@id":"https:\/\/guiadelocio.es\/madrid\/#website"},"primaryImageOfPage":{"@id":"https:\/\/guiadelocio.es\/madrid\/manuel-de-falla-el-retablo-de-maese-pedro-1923-2023-el-pasado-presente-un-homenaje-en-forma-de-exposicion-a-los-100-anos-del-nacimiento-de-la-opera-de-camara-compuesta-para-titeres\/#primaryimage"},"image":{"@id":"https:\/\/guiadelocio.es\/madrid\/manuel-de-falla-el-retablo-de-maese-pedro-1923-2023-el-pasado-presente-un-homenaje-en-forma-de-exposicion-a-los-100-anos-del-nacimiento-de-la-opera-de-camara-compuesta-para-titeres\/#primaryimage"},"thumbnailUrl":"https:\/\/guiadelocio.es\/madrid\/wp-content\/uploads\/sites\/2\/2023\/11\/banner-guia-del-ocio11.png","datePublished":"2023-11-03T07:45:09+00:00","dateModified":"2024-01-25T16:52:52+00:00","author":{"@id":"https:\/\/guiadelocio.es\/madrid\/#\/schema\/person\/dedd385c3a1875e2dfb8ee808e4fca89"},"description":"Ubicada en la Residencia de Estudiantes, la muestra hace un recorrido por la creaci\u00f3n e historia de una de las composiciones referentes de la m\u00fasica espa\u00f1ola, as\u00ed como de Manuel de Falla, su compositor y figura destacada de la m\u00fasica del siglo XX","breadcrumb":{"@id":"https:\/\/guiadelocio.es\/madrid\/manuel-de-falla-el-retablo-de-maese-pedro-1923-2023-el-pasado-presente-un-homenaje-en-forma-de-exposicion-a-los-100-anos-del-nacimiento-de-la-opera-de-camara-compuesta-para-titeres\/#breadcrumb"},"inLanguage":"es","potentialAction":[{"@type":"ReadAction","target":["https:\/\/guiadelocio.es\/madrid\/manuel-de-falla-el-retablo-de-maese-pedro-1923-2023-el-pasado-presente-un-homenaje-en-forma-de-exposicion-a-los-100-anos-del-nacimiento-de-la-opera-de-camara-compuesta-para-titeres\/"]}]},{"@type":"ImageObject","inLanguage":"es","@id":"https:\/\/guiadelocio.es\/madrid\/manuel-de-falla-el-retablo-de-maese-pedro-1923-2023-el-pasado-presente-un-homenaje-en-forma-de-exposicion-a-los-100-anos-del-nacimiento-de-la-opera-de-camara-compuesta-para-titeres\/#primaryimage","url":"https:\/\/guiadelocio.es\/madrid\/wp-content\/uploads\/sites\/2\/2023\/11\/banner-guia-del-ocio11.png","contentUrl":"https:\/\/guiadelocio.es\/madrid\/wp-content\/uploads\/sites\/2\/2023\/11\/banner-guia-del-ocio11.png","width":2048,"height":788},{"@type":"BreadcrumbList","@id":"https:\/\/guiadelocio.es\/madrid\/manuel-de-falla-el-retablo-de-maese-pedro-1923-2023-el-pasado-presente-un-homenaje-en-forma-de-exposicion-a-los-100-anos-del-nacimiento-de-la-opera-de-camara-compuesta-para-titeres\/#breadcrumb","itemListElement":[{"@type":"ListItem","position":1,"name":"Portada","item":"https:\/\/guiadelocio.es\/madrid\/"},{"@type":"ListItem","position":2,"name":"\u00abManuel de Falla. El retablo de maese Pedro (1923-2023). El pasado presente\u00bb, un homenaje en forma de exposici\u00f3n a los 100 a\u00f1os del nacimiento de la \u00f3pera de c\u00e1mara compuesta para t\u00edteres"}]},{"@type":"WebSite","@id":"https:\/\/guiadelocio.es\/madrid\/#website","url":"https:\/\/guiadelocio.es\/madrid\/","name":"Madrid | Gu\u00eda del Ocio","description":"Qu\u00e9 hacer, d\u00f3nde comer, qu\u00e9 visitar y los lugares que no te puedes perder","potentialAction":[{"@type":"SearchAction","target":{"@type":"EntryPoint","urlTemplate":"https:\/\/guiadelocio.es\/madrid\/?s={search_term_string}"},"query-input":{"@type":"PropertyValueSpecification","valueRequired":true,"valueName":"search_term_string"}}],"inLanguage":"es"},{"@type":"Person","@id":"https:\/\/guiadelocio.es\/madrid\/#\/schema\/person\/dedd385c3a1875e2dfb8ee808e4fca89","name":"Gu\u00eda del Ocio","image":{"@type":"ImageObject","inLanguage":"es","@id":"https:\/\/guiadelocio.es\/madrid\/#\/schema\/person\/image\/","url":"https:\/\/secure.gravatar.com\/avatar\/27d9eb58286cefc2042fb32a3db3a679c555c2a21aa6719fa7916d63185b9fe9?s=96&d=mm&r=g","contentUrl":"https:\/\/secure.gravatar.com\/avatar\/27d9eb58286cefc2042fb32a3db3a679c555c2a21aa6719fa7916d63185b9fe9?s=96&d=mm&r=g","caption":"Gu\u00eda del Ocio"}}]}},"_links":{"self":[{"href":"https:\/\/guiadelocio.es\/madrid\/wp-json\/wp\/v2\/posts\/21021","targetHints":{"allow":["GET"]}}],"collection":[{"href":"https:\/\/guiadelocio.es\/madrid\/wp-json\/wp\/v2\/posts"}],"about":[{"href":"https:\/\/guiadelocio.es\/madrid\/wp-json\/wp\/v2\/types\/post"}],"author":[{"embeddable":true,"href":"https:\/\/guiadelocio.es\/madrid\/wp-json\/wp\/v2\/users\/8"}],"replies":[{"embeddable":true,"href":"https:\/\/guiadelocio.es\/madrid\/wp-json\/wp\/v2\/comments?post=21021"}],"version-history":[{"count":0,"href":"https:\/\/guiadelocio.es\/madrid\/wp-json\/wp\/v2\/posts\/21021\/revisions"}],"wp:featuredmedia":[{"embeddable":true,"href":"https:\/\/guiadelocio.es\/madrid\/wp-json\/wp\/v2\/media\/21353"}],"wp:attachment":[{"href":"https:\/\/guiadelocio.es\/madrid\/wp-json\/wp\/v2\/media?parent=21021"}],"wp:term":[{"taxonomy":"category","embeddable":true,"href":"https:\/\/guiadelocio.es\/madrid\/wp-json\/wp\/v2\/categories?post=21021"},{"taxonomy":"post_tag","embeddable":true,"href":"https:\/\/guiadelocio.es\/madrid\/wp-json\/wp\/v2\/tags?post=21021"},{"taxonomy":"category_plan","embeddable":true,"href":"https:\/\/guiadelocio.es\/madrid\/wp-json\/wp\/v2\/category_plan?post=21021"},{"taxonomy":"filter_trans","embeddable":true,"href":"https:\/\/guiadelocio.es\/madrid\/wp-json\/wp\/v2\/filter_trans?post=21021"},{"taxonomy":"filter_main","embeddable":true,"href":"https:\/\/guiadelocio.es\/madrid\/wp-json\/wp\/v2\/filter_main?post=21021"},{"taxonomy":"filter_sec","embeddable":true,"href":"https:\/\/guiadelocio.es\/madrid\/wp-json\/wp\/v2\/filter_sec?post=21021"},{"taxonomy":"barrios","embeddable":true,"href":"https:\/\/guiadelocio.es\/madrid\/wp-json\/wp\/v2\/barrios?post=21021"}],"curies":[{"name":"wp","href":"https:\/\/api.w.org\/{rel}","templated":true}]}}