{"id":19027,"date":"2023-09-21T11:39:19","date_gmt":"2023-09-21T09:39:19","guid":{"rendered":"https:\/\/guiadelocio.es\/madrid\/?p=19027"},"modified":"2024-01-25T17:53:07","modified_gmt":"2024-01-25T16:53:07","slug":"10-planes-para-hacer-este-fin-de-semana-en-madrid-4","status":"publish","type":"post","link":"https:\/\/guiadelocio.es\/madrid\/10-planes-para-hacer-este-fin-de-semana-en-madrid-4\/","title":{"rendered":"10 planes para hacer este fin de semana en Madrid"},"content":{"rendered":"<p>Nos despedimos del verano y damos oficialmente la bienvenida al oto\u00f1o, en las calles ya podemos sentir que septiembre se va alejando, las hojas de los \u00e1rboles se empiezan a te\u00f1ir y empiezan a asomar las gabardinas y jers\u00e9is, a\u00fan as\u00ed se prev\u00e9 un finde soleado donde Madrid brillar\u00e1 como lo lleva haciendo estas semanas, el ocio est\u00e1 a pleno rendimiento y los madrile\u00f1os con infinitas ganas de disfrutar.<\/p>\n<p>Desde la Gu\u00eda del Ocio os traemos los<strong> 10 planes<\/strong> que no os pod\u00e9is perder <strong>del 22 al 24 de septiembre<\/strong>: arquitectura, cine, m\u00fasica&#8230; \u00a1Os encantar\u00e1n!<\/p>\n<h2>Open House Madrid<\/h2>\n<p>Del 21 al 24 de septiembre el festival internacional de arquitectura nos invita a visitar 120 edificios y 13 rutas con el fin de conocer las grandes joyas arquitect\u00f3nicas de la Comunidad de Madrid y tomar conciencia del valor de un buen dise\u00f1o.<\/p>\n<p>Este 2023 <a href=\"https:\/\/guiadelocio.es\/madrid\/open-house-madrid-el-festival-internacional-de-arquitectura-que-invita-a-descubrir-los-edificios-mas-iconicos-y-singulares-de-la-ciudad\/\" target=\"_blank\" rel=\"noopener\">Open House Madrid<\/a> trae novedades como el Real Sitio de San Lorenzo de El Escorial o la Ruta Voltio, pero como sabemos que es complicado elegir entre tantas opciones,<a href=\"https:\/\/guiadelocio.es\/madrid\/estos-son-los-edificios-y-rutas-imprescindibles-de-open-house-madrid-que-no-te-puedes-perder\/\" target=\"_blank\" rel=\"noopener\"><span> aqu\u00ed<\/span><\/a> os dejamos 5 rutas y 3 edificios que por infinidad de motivos no hay que perderse.<\/p>\n<p>Sin duda, \u00abArquitectura con alma\u00bb.<\/p>\n<p><img decoding=\"async\" class=\" wp-image-19048 aligncenter\" src=\"https:\/\/guiadelocio.es\/madrid\/wp-content\/uploads\/sites\/2\/2023\/09\/24-9-2022openhouse33-613x920-1-200x300.jpg\" alt=\"\" width=\"348\" height=\"522\" srcset=\"https:\/\/guiadelocio.es\/madrid\/wp-content\/uploads\/sites\/2\/2023\/09\/24-9-2022openhouse33-613x920-1-200x300.jpg 200w, https:\/\/guiadelocio.es\/madrid\/wp-content\/uploads\/sites\/2\/2023\/09\/24-9-2022openhouse33-613x920-1-288x432.jpg 288w, https:\/\/guiadelocio.es\/madrid\/wp-content\/uploads\/sites\/2\/2023\/09\/24-9-2022openhouse33-613x920-1-133x200.jpg 133w, https:\/\/guiadelocio.es\/madrid\/wp-content\/uploads\/sites\/2\/2023\/09\/24-9-2022openhouse33-613x920-1.jpg 613w\" sizes=\"(max-width: 348px) 100vw, 348px\" \/><\/p>\n<h2>Pel\u00edcula \u00abLa voz del sol\u00bb<\/h2>\n<p>El 22 de septiembre llega a los cines <a href=\"https:\/\/guiadelocio.es\/madrid\/plan\/la-voz-del-sol-la-pelicula-basada-en-las-memorias-del-escritor-alan-jolis-se-estrena-el-22-de-septiembre\/\" target=\"_blank\" rel=\"noopener\"><span>\u00abLa voz del sol\u00bb<\/span><\/a>, la pel\u00edcula basada en las memorias del escritor Alan Jolis y protanizada por Carmen Machi y Karra Elejalde.<\/p>\n<p>Una historia vitalista, entra\u00f1able e inspiradora.<\/p>\n<h3>Sinopsis<\/h3>\n<p>Maruja y Manolo son un matrimonio exiliado en Par\u00eds durante la dictadura franquista. Ambos trabajan como servicio de la familia de un embajador estadounidense: los Jolis. Este a\u00f1o, Maruja decide afrontar su pasado y comienza un viaje junto a Manolo y el joven Alan Jolis a sus or\u00edgenes en Espa\u00f1a. Un camino en el que tendr\u00e1 que asegurarse de que el joven Alan se convertir\u00e1 en un buen hombre. A su vez, Manolo y Alan aprender\u00e1n a disfrutar de su presente y centrarse en el futuro. Un recorrido tanto f\u00edsico como profundamente emocional para todos ellos.<\/p>\n<p><img decoding=\"async\" class=\" wp-image-19049 aligncenter\" src=\"https:\/\/guiadelocio.es\/madrid\/wp-content\/uploads\/sites\/2\/2023\/09\/la_voz_del_sol-349596278-large-649x920-1-212x300.jpg\" alt=\"\" width=\"341\" height=\"483\" srcset=\"https:\/\/guiadelocio.es\/madrid\/wp-content\/uploads\/sites\/2\/2023\/09\/la_voz_del_sol-349596278-large-649x920-1-212x300.jpg 212w, https:\/\/guiadelocio.es\/madrid\/wp-content\/uploads\/sites\/2\/2023\/09\/la_voz_del_sol-349596278-large-649x920-1-305x432.jpg 305w, https:\/\/guiadelocio.es\/madrid\/wp-content\/uploads\/sites\/2\/2023\/09\/la_voz_del_sol-349596278-large-649x920-1-141x200.jpg 141w, https:\/\/guiadelocio.es\/madrid\/wp-content\/uploads\/sites\/2\/2023\/09\/la_voz_del_sol-349596278-large-649x920-1.jpg 649w\" sizes=\"(max-width: 341px) 100vw, 341px\" \/><\/p>\n<h2>Exposici\u00f3n \u00abMONET. Obras maestras del Mus\u00e9e Marmottan Monet\u00bb<\/h2>\n<p>A partir del 21 de septiembre es posible disfrutar de esta exposici\u00f3n dedicada a uno de los artistas m\u00e1s representativos y queridos del impresionismo, <a href=\"https:\/\/guiadelocio.es\/madrid\/plan\/la-primera-exposicion-de-monet-llega-en-septiembre-a-madrid\/\" target=\"_blank\" rel=\"noopener\"><span>Claude Monet<\/span><\/a>.<\/p>\n<p>El Mus\u00e9e Marmottan Monet de Par\u00eds ha cedido para esta exposici\u00f3n m\u00e1s de 50 obras maestras, las cuales desvelar\u00e1n la trayectoria art\u00edstica del aclamado pintor Claude Monet. Las obras, que han sido cuidadosamente seleccionadas, permitir\u00e1n adentrarse en el universo creativo del maestro a trav\u00e9s de las pinturas a las que ten\u00eda un apego especial: aquellas que conserv\u00f3 celosamente hasta su fallecimiento en su hogar de Giverny. Entre ellas se encuentran los ic\u00f3nicos nen\u00fafares, convertidos en s\u00edmbolos inmortales de su legado.<\/p>\n<p>La muestra est\u00e1 ubicada en el espacio CentroCentro.<\/p>\n<p><img decoding=\"async\" class=\" wp-image-19050 aligncenter\" src=\"https:\/\/guiadelocio.es\/madrid\/wp-content\/uploads\/sites\/2\/2023\/09\/02_MONET-4017-1223x920-1-300x226.jpg\" alt=\"\" width=\"559\" height=\"421\" srcset=\"https:\/\/guiadelocio.es\/madrid\/wp-content\/uploads\/sites\/2\/2023\/09\/02_MONET-4017-1223x920-1-300x226.jpg 300w, https:\/\/guiadelocio.es\/madrid\/wp-content\/uploads\/sites\/2\/2023\/09\/02_MONET-4017-1223x920-1-1024x770.jpg 1024w, https:\/\/guiadelocio.es\/madrid\/wp-content\/uploads\/sites\/2\/2023\/09\/02_MONET-4017-1223x920-1-768x578.jpg 768w, https:\/\/guiadelocio.es\/madrid\/wp-content\/uploads\/sites\/2\/2023\/09\/02_MONET-4017-1223x920-1-574x432.jpg 574w, https:\/\/guiadelocio.es\/madrid\/wp-content\/uploads\/sites\/2\/2023\/09\/02_MONET-4017-1223x920-1-266x200.jpg 266w, https:\/\/guiadelocio.es\/madrid\/wp-content\/uploads\/sites\/2\/2023\/09\/02_MONET-4017-1223x920-1.jpg 1223w\" sizes=\"(max-width: 559px) 100vw, 559px\" \/><\/p>\n<h2>Concierto L.A. en El Patio de La Martinuca<\/h2>\n<p>La banda <a href=\"https:\/\/guiadelocio.es\/madrid\/plan\/conciertos-en-el-patio-de-la-martinuca-el-planazo-musical-para-despedir-el-verano\/\"><span>L.A.<\/span><\/a> ofrece un concierto en ac\u00fastico el 23 de septiembre en El Patio de La Martinuca.<\/p>\n<p>Este a\u00f1o L.A. ha reeditado \u00abHeavenly Hell\u00bb, el disco que les coloc\u00f3 en la escena musical y que les ha llevado de gira por infinidad de ciudades. Rock en estado puro y temazos que no pasan desapercibidos. Un concierto que apunta como planazo para el s\u00e1bado.<\/p>\n<p><img decoding=\"async\" class=\" wp-image-19051 aligncenter\" src=\"https:\/\/guiadelocio.es\/madrid\/wp-content\/uploads\/sites\/2\/2023\/09\/Captura-de-pantalla-2023-09-20-100206-1-300x246.png\" alt=\"\" width=\"562\" height=\"461\" srcset=\"https:\/\/guiadelocio.es\/madrid\/wp-content\/uploads\/sites\/2\/2023\/09\/Captura-de-pantalla-2023-09-20-100206-1-300x246.png 300w, https:\/\/guiadelocio.es\/madrid\/wp-content\/uploads\/sites\/2\/2023\/09\/Captura-de-pantalla-2023-09-20-100206-1-527x432.png 527w, https:\/\/guiadelocio.es\/madrid\/wp-content\/uploads\/sites\/2\/2023\/09\/Captura-de-pantalla-2023-09-20-100206-1-244x200.png 244w, https:\/\/guiadelocio.es\/madrid\/wp-content\/uploads\/sites\/2\/2023\/09\/Captura-de-pantalla-2023-09-20-100206-1.png 762w\" sizes=\"(max-width: 562px) 100vw, 562px\" \/><\/p>\n<h2>Obra de teatro \u00abMuerte de un viajante\u00bb<\/h2>\n<p>Imanol Arias participa en este montaje basado en la ic\u00f3nica obra de Arthur Miller donde temas como el capitalismo y la familia, toman el protagonismo. <a href=\"https:\/\/guiadelocio.es\/madrid\/plan\/muerte-de-un-viajante-la-obra-de-teatro-que-hace-una-critica-al-sueno-americano\/\" target=\"_blank\" rel=\"noopener\"><span>\u00abMuerte de un viajante\u00bb<\/span><\/a> se puede disfrutar en el Teatro Infanta Isabel hasta diciembre.<\/p>\n<h3>Sinopsis<\/h3>\n<p>Willy Loman es un viajante de comercio que ha entregado todo su esfuerzo y su carrera profesional a la empresa para la que trabaja. Su u\u0301nico objetivo es darle una vida mejor a su familia, su mujer y sus dos hijos, que le adoran y a los que quiere inculcarles la ambicio\u0301n por triunfar y progresar en la escala social.<\/p>\n<p>Trabajador infatigable, ahora, con sesenta y tres an\u0303os, exhausto y agotado tras una vida sin descanso, ve co\u0301mo su posicio\u0301n en la empresa se tambalea. Sus ventas ya no son las que eran y su productividad cae en picado, lo que provoca que la relacio\u0301n con sus jefes se haga insostenible. Su matrimonio tampoco va bien, y la relacio\u0301n con sus hijos esconde un antiguo secreto que les llena de resentimiento y que amenaza con destrozar la estabilidad familiar. Todo ello le lleva a una espiral de depresio\u0301n y autodestruccio\u0301n, en la que su u\u0301nico apoyo es su abnegada esposa, la u\u0301nica que parece entenderle. A medida que se complican los acontecimientos y sus suen\u0303os se desvanecen, todo se precipita hacia un final tra\u0301gico al que el vencido viajante parece inexorablemente abocado.<\/p>\n<p><img decoding=\"async\" class=\" wp-image-19053 aligncenter\" src=\"https:\/\/guiadelocio.es\/madrid\/wp-content\/uploads\/sites\/2\/2023\/09\/MUERTE_DE_UN_VIAJANTE_fotoSergioParra__02_web-768x700-1-300x273.jpg\" alt=\"\" width=\"530\" height=\"483\" srcset=\"https:\/\/guiadelocio.es\/madrid\/wp-content\/uploads\/sites\/2\/2023\/09\/MUERTE_DE_UN_VIAJANTE_fotoSergioParra__02_web-768x700-1-300x273.jpg 300w, https:\/\/guiadelocio.es\/madrid\/wp-content\/uploads\/sites\/2\/2023\/09\/MUERTE_DE_UN_VIAJANTE_fotoSergioParra__02_web-768x700-1-474x432.jpg 474w, https:\/\/guiadelocio.es\/madrid\/wp-content\/uploads\/sites\/2\/2023\/09\/MUERTE_DE_UN_VIAJANTE_fotoSergioParra__02_web-768x700-1-219x200.jpg 219w, https:\/\/guiadelocio.es\/madrid\/wp-content\/uploads\/sites\/2\/2023\/09\/MUERTE_DE_UN_VIAJANTE_fotoSergioParra__02_web-768x700-1.jpg 768w\" sizes=\"(max-width: 530px) 100vw, 530px\" \/><\/p>\n<h2>Brunck Electronik<\/h2>\n<p>Los d\u00edas 23 y 24 de septiembre el Parque Tierno Galv\u00e1n acoge una nueva edici\u00f3n de B<a href=\"https:\/\/guiadelocio.es\/madrid\/plan\/brunch-electronik-madrid-regresa-los-dias-23-24-y-30-de-septiembre\/\" target=\"_blank\" rel=\"noopener\"><span>runck Electronik<\/span><\/a>, el festival favorito de los madrile\u00f1os amantes de la electr\u00f3nica.<\/p>\n<p>La cita contar\u00e1 con los mejores artistas nacionales e internacionales del momento y otras actividades dedicadas a los m\u00e1s peque\u00f1os con el nombre de <strong>\u00abPetit Brunch\u00bb<\/strong>. El plan es familiar y gusta por igual a mayores y ni\u00f1os.<\/p>\n<p>Las entradas para el d\u00eda 24 han volado, pero para el 23 todav\u00eda hay disponibles. \u00a1No te quedes sin la tuya!<\/p>\n<p><img decoding=\"async\" class=\" wp-image-19054 aligncenter\" src=\"https:\/\/guiadelocio.es\/madrid\/wp-content\/uploads\/sites\/2\/2023\/09\/Captura-de-pantalla-2023-09-19-162445-1-265x300.png\" alt=\"\" width=\"420\" height=\"475\" srcset=\"https:\/\/guiadelocio.es\/madrid\/wp-content\/uploads\/sites\/2\/2023\/09\/Captura-de-pantalla-2023-09-19-162445-1-265x300.png 265w, https:\/\/guiadelocio.es\/madrid\/wp-content\/uploads\/sites\/2\/2023\/09\/Captura-de-pantalla-2023-09-19-162445-1-381x432.png 381w, https:\/\/guiadelocio.es\/madrid\/wp-content\/uploads\/sites\/2\/2023\/09\/Captura-de-pantalla-2023-09-19-162445-1-176x200.png 176w, https:\/\/guiadelocio.es\/madrid\/wp-content\/uploads\/sites\/2\/2023\/09\/Captura-de-pantalla-2023-09-19-162445-1.png 477w\" sizes=\"(max-width: 420px) 100vw, 420px\" \/><\/p>\n<h2>Musical \u00abEl Fantasma de la \u00d3pera\u00bb<\/h2>\n<p><a href=\"https:\/\/guiadelocio.es\/madrid\/plan\/el-musical-el-fantasma-de-la-opera-regresa-a-la-capital\/\" target=\"_blank\" rel=\"noopener\"><span>\u00abEl Fantasma de la \u00d3pera\u00bb<\/span><\/a> regresa a Madrid a partir del 22 de septiembre.<\/p>\n<p>El Teatro Alb\u00e9niz Umusic Hotel acoge la producci\u00f3n de Antonio Banderas, con una historia apasionante y un\u00a0espect\u00e1culo nuevo, diferente al de las versiones de Londres o Broadway.<\/p>\n<p>Este musical tiene un toque mucho m\u00e1s g\u00f3tico, pero respetando siempre el texto original.<\/p>\n<h3>Sinopsis<\/h3>\n<p>\u00abEl Fantasma de la \u00d3pera\u00bb narra la historia de amor, muerte y desastre entre un genio de la m\u00fasica que vive escondi\u00e9ndose del mundo en las entra\u00f1as de un teatro y Christine, una joven con una voz celestial que no tardar\u00e1 en descubrir el terror que esconde bajo su m\u00e1scara.<\/p>\n<p><img decoding=\"async\" class=\" wp-image-19055 aligncenter\" src=\"https:\/\/guiadelocio.es\/madrid\/wp-content\/uploads\/sites\/2\/2023\/09\/EFDLO_Carrusel1-1-300x225.webp\" alt=\"\" width=\"560\" height=\"420\" srcset=\"https:\/\/guiadelocio.es\/madrid\/wp-content\/uploads\/sites\/2\/2023\/09\/EFDLO_Carrusel1-1-300x225.webp 300w, https:\/\/guiadelocio.es\/madrid\/wp-content\/uploads\/sites\/2\/2023\/09\/EFDLO_Carrusel1-1-577x432.webp 577w, https:\/\/guiadelocio.es\/madrid\/wp-content\/uploads\/sites\/2\/2023\/09\/EFDLO_Carrusel1-1-266x200.webp 266w, https:\/\/guiadelocio.es\/madrid\/wp-content\/uploads\/sites\/2\/2023\/09\/EFDLO_Carrusel1-1.webp 601w\" sizes=\"(max-width: 560px) 100vw, 560px\" \/><\/p>\n<h2>Sitios donde tomar los mejores donuts de Madrid<\/h2>\n<p>Si te apasiona este dulce, no puedes dejar de probar los que ofrecen estos locales especializados en ellos. <a href=\"https:\/\/guiadelocio.es\/madrid\/estos-son-los-sitios-de-madrid-donde-tomar-los-mejores-donuts\/\" target=\"_blank\" rel=\"noopener\"><span>Cafeter\u00edas y pasteler\u00edas<\/span><\/a> donde es f\u00e1cil encontrar desde el m\u00edtico donuts glaseado hasta otros m\u00e1s sofisticados como el maple bacon o el de tiramis\u00fa.<\/p>\n<p>El plan de desayuno ideal el fin de semana.<\/p>\n<p><img decoding=\"async\" class=\" wp-image-19056 aligncenter\" src=\"https:\/\/guiadelocio.es\/madrid\/wp-content\/uploads\/sites\/2\/2023\/09\/356947181_135873229493706_1897719898799225775_n-1-1-300x200.jpg\" alt=\"\" width=\"524\" height=\"349\" srcset=\"https:\/\/guiadelocio.es\/madrid\/wp-content\/uploads\/sites\/2\/2023\/09\/356947181_135873229493706_1897719898799225775_n-1-1-300x200.jpg 300w, https:\/\/guiadelocio.es\/madrid\/wp-content\/uploads\/sites\/2\/2023\/09\/356947181_135873229493706_1897719898799225775_n-1-1-1024x684.jpg 1024w, https:\/\/guiadelocio.es\/madrid\/wp-content\/uploads\/sites\/2\/2023\/09\/356947181_135873229493706_1897719898799225775_n-1-1-768x513.jpg 768w, https:\/\/guiadelocio.es\/madrid\/wp-content\/uploads\/sites\/2\/2023\/09\/356947181_135873229493706_1897719898799225775_n-1-1-640x427.jpg 640w, https:\/\/guiadelocio.es\/madrid\/wp-content\/uploads\/sites\/2\/2023\/09\/356947181_135873229493706_1897719898799225775_n-1-1-266x178.jpg 266w, https:\/\/guiadelocio.es\/madrid\/wp-content\/uploads\/sites\/2\/2023\/09\/356947181_135873229493706_1897719898799225775_n-1-1.jpg 1080w\" sizes=\"(max-width: 524px) 100vw, 524px\" \/><\/p>\n<h2>\u00abLas letras de Don Papa\u00bb de la Filipinas de Papa Isio a la Madrid de Riz<strong>al<\/strong><\/h2>\n<p>La <a href=\"https:\/\/guiadelocio.es\/madrid\/plan\/las-letras-de-don-papa-de-la-filipinas-de-papa-isio-a-la-madrid-de-rizal-la-ruta-de-cocteles-por-el-barrio-de-las-letras\/\" target=\"_blank\" rel=\"noopener\"><span>ruta de c\u00f3cteles<\/span><\/a> que alberga el Barrio de Las Letras es divertida, apasionante y diferente.<\/p>\n<p>Una experiencia que se puede disfrutar hasta el 22 de octubre de dos maneras:<\/p>\n<ul>\n<li>Recorriendo en Tuk Tuk 8 rincones clave donde vivi\u00f3, estudi\u00f3 y se desarroll\u00f3 el prol\u00edfico Jos\u00e9 Rizal, m\u00e9dico, escritor, artista, humanista y h\u00e9roe nacional filipino.<\/li>\n<li>Saboreando c\u00f3cteles exclusivos que ofrecen 11 bares de moda de la capital, lugares clave para obtener el pasaporte y los sellos con los que conseguir premios muy especiales.<\/li>\n<\/ul>\n<p>El objetivo de esta ruta es dar a conocer el marco hist\u00f3rico del pasado de Jos\u00e9 Rizal en Madrid junto a la versi\u00f3n actual m\u00e1s gastron\u00f3mica de Filipinas a trav\u00e9s de los\u00a0<strong>c<\/strong>\u00f3cteles elaborados con Don Papa.<\/p>\n<p><img decoding=\"async\" class=\" wp-image-19057 aligncenter\" src=\"https:\/\/guiadelocio.es\/madrid\/wp-content\/uploads\/sites\/2\/2023\/09\/Caracortada-021-copia-scaled-e1694774754325-1235x920-1-300x223.jpg\" alt=\"\" width=\"534\" height=\"397\" srcset=\"https:\/\/guiadelocio.es\/madrid\/wp-content\/uploads\/sites\/2\/2023\/09\/Caracortada-021-copia-scaled-e1694774754325-1235x920-1-300x223.jpg 300w, https:\/\/guiadelocio.es\/madrid\/wp-content\/uploads\/sites\/2\/2023\/09\/Caracortada-021-copia-scaled-e1694774754325-1235x920-1-1024x763.jpg 1024w, https:\/\/guiadelocio.es\/madrid\/wp-content\/uploads\/sites\/2\/2023\/09\/Caracortada-021-copia-scaled-e1694774754325-1235x920-1-768x572.jpg 768w, https:\/\/guiadelocio.es\/madrid\/wp-content\/uploads\/sites\/2\/2023\/09\/Caracortada-021-copia-scaled-e1694774754325-1235x920-1-580x432.jpg 580w, https:\/\/guiadelocio.es\/madrid\/wp-content\/uploads\/sites\/2\/2023\/09\/Caracortada-021-copia-scaled-e1694774754325-1235x920-1-266x198.jpg 266w, https:\/\/guiadelocio.es\/madrid\/wp-content\/uploads\/sites\/2\/2023\/09\/Caracortada-021-copia-scaled-e1694774754325-1235x920-1.jpg 1235w\" sizes=\"(max-width: 534px) 100vw, 534px\" \/><\/p>\n<h2>Actividades en la Plaza de Chamber\u00ed por el D\u00eda Mundial de la Investigaci\u00f3n del C\u00e1ncer<\/h2>\n<p>El 24 de septiembre se celebra el<a href=\"https:\/\/guiadelocio.es\/madrid\/plan\/madrid-acoge-varios-actos-por-el-dia-mundial-de-investigacion-en-cancer\/\" target=\"_blank\" rel=\"noopener\"><span> D\u00eda Mundial de la Investigaci\u00f3n del C\u00e1ncer<\/span><\/a>, uno de los d\u00edas m\u00e1s importantes del a\u00f1o, ya que esta fecha nos recuerda la importancia de la investigaci\u00f3n como la herramienta m\u00e1s poderosa para elevar las tasas de supervivencia de una persona con c\u00e1ncer.<\/p>\n<p>Con motivo de ello, la Plaza de Chamber\u00ed acoger\u00e1 distintas actividades como la presencia de investigadores representados en esculturas de tama\u00f1o real que saldr\u00e1n a la calle para compartir sus proyectos y experiencias, la intervenci\u00f3n del destacado investigador H\u00e9ctor Peinado o los talleres cient\u00edficos para personas de todas las edades.<\/p>\n<p><img decoding=\"async\" class=\" wp-image-19058 aligncenter\" src=\"https:\/\/guiadelocio.es\/madrid\/wp-content\/uploads\/sites\/2\/2023\/09\/Dia-Mundial-Investigacion-en-Cancer-2023-Madrid-1409x920-1-300x196.jpg\" alt=\"\" width=\"531\" height=\"347\" srcset=\"https:\/\/guiadelocio.es\/madrid\/wp-content\/uploads\/sites\/2\/2023\/09\/Dia-Mundial-Investigacion-en-Cancer-2023-Madrid-1409x920-1-300x196.jpg 300w, https:\/\/guiadelocio.es\/madrid\/wp-content\/uploads\/sites\/2\/2023\/09\/Dia-Mundial-Investigacion-en-Cancer-2023-Madrid-1409x920-1-1024x669.jpg 1024w, https:\/\/guiadelocio.es\/madrid\/wp-content\/uploads\/sites\/2\/2023\/09\/Dia-Mundial-Investigacion-en-Cancer-2023-Madrid-1409x920-1-768x501.jpg 768w, https:\/\/guiadelocio.es\/madrid\/wp-content\/uploads\/sites\/2\/2023\/09\/Dia-Mundial-Investigacion-en-Cancer-2023-Madrid-1409x920-1-640x418.jpg 640w, https:\/\/guiadelocio.es\/madrid\/wp-content\/uploads\/sites\/2\/2023\/09\/Dia-Mundial-Investigacion-en-Cancer-2023-Madrid-1409x920-1-266x174.jpg 266w, https:\/\/guiadelocio.es\/madrid\/wp-content\/uploads\/sites\/2\/2023\/09\/Dia-Mundial-Investigacion-en-Cancer-2023-Madrid-1409x920-1.jpg 1409w\" sizes=\"(max-width: 531px) 100vw, 531px\" \/><\/p>\n<p>&nbsp;<\/p>\n<p>&nbsp;<\/p>\n<p>&nbsp;<\/p>\n<p>&nbsp;<\/p>\n<p>&nbsp;<\/p>\n<p>&nbsp;<\/p>\n<p>&nbsp;<\/p>\n<p>&nbsp;<\/p>\n<p>&nbsp;<\/p>\n<p>&nbsp;<\/p>\n<p>&nbsp;<\/p>\n<p>&nbsp;<\/p>\n","protected":false},"excerpt":{"rendered":"<p>Nos despedimos del verano y damos oficialmente la bienvenida al oto\u00f1o, en las calles ya podemos sentir que septiembre se va alejando, las hojas de los \u00e1rboles se empiezan a te\u00f1ir y empiezan a asomar las gabardinas y jers\u00e9is, a\u00fan as\u00ed se prev\u00e9 un finde soleado donde Madrid brillar\u00e1 como lo lleva haciendo estas semanas, [&hellip;]<\/p>\n","protected":false},"author":8,"featured_media":19045,"comment_status":"closed","ping_status":"closed","sticky":false,"template":"","format":"standard","meta":{"_acf_changed":false,"footnotes":""},"categories":[1],"tags":[],"category_plan":[2],"filter_trans":[],"filter_main":[],"filter_sec":[],"barrios":[],"class_list":["post-19027","post","type-post","status-publish","format-standard","has-post-thumbnail","hentry","category-sin-categorizar"],"acf":[],"yoast_head":"<!-- This site is optimized with the Yoast SEO plugin v26.0 - https:\/\/yoast.com\/wordpress\/plugins\/seo\/ -->\n<title>10 planes para hacer este fin de semana en Madrid<\/title>\n<meta name=\"description\" content=\"Un festival de arquitectura, un concierto en ac\u00fastico, una ruta por el Barrio de Las Letras... del 22 al 24 de septiembre Madrid se llena de sorprendentes actividades \u00a1No te pierdas nada!\" \/>\n<meta name=\"robots\" content=\"index, follow, max-snippet:-1, max-image-preview:large, max-video-preview:-1\" \/>\n<link rel=\"canonical\" href=\"https:\/\/guiadelocio.es\/madrid\/10-planes-para-hacer-este-fin-de-semana-en-madrid-4\/\" \/>\n<meta property=\"og:locale\" content=\"es_ES\" \/>\n<meta property=\"og:type\" content=\"article\" \/>\n<meta property=\"og:title\" content=\"10 planes para hacer este fin de semana en Madrid\" \/>\n<meta property=\"og:description\" content=\"Un festival de arquitectura, un concierto en ac\u00fastico, una ruta por el Barrio de Las Letras... del 22 al 24 de septiembre Madrid se llena de sorprendentes actividades \u00a1No te pierdas nada!\" \/>\n<meta property=\"og:url\" content=\"https:\/\/guiadelocio.es\/madrid\/10-planes-para-hacer-este-fin-de-semana-en-madrid-4\/\" \/>\n<meta property=\"og:site_name\" content=\"Madrid\" \/>\n<meta property=\"article:published_time\" content=\"2023-09-21T09:39:19+00:00\" \/>\n<meta property=\"article:modified_time\" content=\"2024-01-25T16:53:07+00:00\" \/>\n<meta property=\"og:image\" content=\"https:\/\/guiadelocio.es\/madrid\/wp-content\/uploads\/sites\/2\/2023\/09\/iStock-1338682018.jpg\" \/>\n\t<meta property=\"og:image:width\" content=\"1254\" \/>\n\t<meta property=\"og:image:height\" content=\"836\" \/>\n\t<meta property=\"og:image:type\" content=\"image\/jpeg\" \/>\n<meta name=\"author\" content=\"Gu\u00eda del Ocio\" \/>\n<meta name=\"twitter:card\" content=\"summary_large_image\" \/>\n<meta name=\"twitter:label1\" content=\"Escrito por\" \/>\n\t<meta name=\"twitter:data1\" content=\"Gu\u00eda del Ocio\" \/>\n\t<meta name=\"twitter:label2\" content=\"Tiempo de lectura\" \/>\n\t<meta name=\"twitter:data2\" content=\"8 minutos\" \/>\n<script type=\"application\/ld+json\" class=\"yoast-schema-graph\">{\"@context\":\"https:\/\/schema.org\",\"@graph\":[{\"@type\":\"WebPage\",\"@id\":\"https:\/\/guiadelocio.es\/madrid\/10-planes-para-hacer-este-fin-de-semana-en-madrid-4\/\",\"url\":\"https:\/\/guiadelocio.es\/madrid\/10-planes-para-hacer-este-fin-de-semana-en-madrid-4\/\",\"name\":\"10 planes para hacer este fin de semana en Madrid\",\"isPartOf\":{\"@id\":\"https:\/\/guiadelocio.es\/madrid\/#website\"},\"primaryImageOfPage\":{\"@id\":\"https:\/\/guiadelocio.es\/madrid\/10-planes-para-hacer-este-fin-de-semana-en-madrid-4\/#primaryimage\"},\"image\":{\"@id\":\"https:\/\/guiadelocio.es\/madrid\/10-planes-para-hacer-este-fin-de-semana-en-madrid-4\/#primaryimage\"},\"thumbnailUrl\":\"https:\/\/guiadelocio.es\/madrid\/wp-content\/uploads\/sites\/2\/2023\/09\/iStock-1338682018.jpg\",\"datePublished\":\"2023-09-21T09:39:19+00:00\",\"dateModified\":\"2024-01-25T16:53:07+00:00\",\"author\":{\"@id\":\"https:\/\/guiadelocio.es\/madrid\/#\/schema\/person\/dedd385c3a1875e2dfb8ee808e4fca89\"},\"description\":\"Un festival de arquitectura, un concierto en ac\u00fastico, una ruta por el Barrio de Las Letras... del 22 al 24 de septiembre Madrid se llena de sorprendentes actividades \u00a1No te pierdas nada!\",\"breadcrumb\":{\"@id\":\"https:\/\/guiadelocio.es\/madrid\/10-planes-para-hacer-este-fin-de-semana-en-madrid-4\/#breadcrumb\"},\"inLanguage\":\"es\",\"potentialAction\":[{\"@type\":\"ReadAction\",\"target\":[\"https:\/\/guiadelocio.es\/madrid\/10-planes-para-hacer-este-fin-de-semana-en-madrid-4\/\"]}]},{\"@type\":\"ImageObject\",\"inLanguage\":\"es\",\"@id\":\"https:\/\/guiadelocio.es\/madrid\/10-planes-para-hacer-este-fin-de-semana-en-madrid-4\/#primaryimage\",\"url\":\"https:\/\/guiadelocio.es\/madrid\/wp-content\/uploads\/sites\/2\/2023\/09\/iStock-1338682018.jpg\",\"contentUrl\":\"https:\/\/guiadelocio.es\/madrid\/wp-content\/uploads\/sites\/2\/2023\/09\/iStock-1338682018.jpg\",\"width\":1254,\"height\":836,\"caption\":\"Madrid, Spain. The City Hall in Cibeles square. Sunset light.- Autumn leaves - autumn season view.\"},{\"@type\":\"BreadcrumbList\",\"@id\":\"https:\/\/guiadelocio.es\/madrid\/10-planes-para-hacer-este-fin-de-semana-en-madrid-4\/#breadcrumb\",\"itemListElement\":[{\"@type\":\"ListItem\",\"position\":1,\"name\":\"Portada\",\"item\":\"https:\/\/guiadelocio.es\/madrid\/\"},{\"@type\":\"ListItem\",\"position\":2,\"name\":\"10 planes para hacer este fin de semana en Madrid\"}]},{\"@type\":\"WebSite\",\"@id\":\"https:\/\/guiadelocio.es\/madrid\/#website\",\"url\":\"https:\/\/guiadelocio.es\/madrid\/\",\"name\":\"Madrid | Gu\u00eda del Ocio\",\"description\":\"Qu\u00e9 hacer, d\u00f3nde comer, qu\u00e9 visitar y los lugares que no te puedes perder\",\"potentialAction\":[{\"@type\":\"SearchAction\",\"target\":{\"@type\":\"EntryPoint\",\"urlTemplate\":\"https:\/\/guiadelocio.es\/madrid\/?s={search_term_string}\"},\"query-input\":{\"@type\":\"PropertyValueSpecification\",\"valueRequired\":true,\"valueName\":\"search_term_string\"}}],\"inLanguage\":\"es\"},{\"@type\":\"Person\",\"@id\":\"https:\/\/guiadelocio.es\/madrid\/#\/schema\/person\/dedd385c3a1875e2dfb8ee808e4fca89\",\"name\":\"Gu\u00eda del Ocio\",\"image\":{\"@type\":\"ImageObject\",\"inLanguage\":\"es\",\"@id\":\"https:\/\/guiadelocio.es\/madrid\/#\/schema\/person\/image\/\",\"url\":\"https:\/\/secure.gravatar.com\/avatar\/27d9eb58286cefc2042fb32a3db3a679c555c2a21aa6719fa7916d63185b9fe9?s=96&d=mm&r=g\",\"contentUrl\":\"https:\/\/secure.gravatar.com\/avatar\/27d9eb58286cefc2042fb32a3db3a679c555c2a21aa6719fa7916d63185b9fe9?s=96&d=mm&r=g\",\"caption\":\"Gu\u00eda del Ocio\"}}]}<\/script>\n<!-- \/ Yoast SEO plugin. -->","yoast_head_json":{"title":"10 planes para hacer este fin de semana en Madrid","description":"Un festival de arquitectura, un concierto en ac\u00fastico, una ruta por el Barrio de Las Letras... del 22 al 24 de septiembre Madrid se llena de sorprendentes actividades \u00a1No te pierdas nada!","robots":{"index":"index","follow":"follow","max-snippet":"max-snippet:-1","max-image-preview":"max-image-preview:large","max-video-preview":"max-video-preview:-1"},"canonical":"https:\/\/guiadelocio.es\/madrid\/10-planes-para-hacer-este-fin-de-semana-en-madrid-4\/","og_locale":"es_ES","og_type":"article","og_title":"10 planes para hacer este fin de semana en Madrid","og_description":"Un festival de arquitectura, un concierto en ac\u00fastico, una ruta por el Barrio de Las Letras... del 22 al 24 de septiembre Madrid se llena de sorprendentes actividades \u00a1No te pierdas nada!","og_url":"https:\/\/guiadelocio.es\/madrid\/10-planes-para-hacer-este-fin-de-semana-en-madrid-4\/","og_site_name":"Madrid","article_published_time":"2023-09-21T09:39:19+00:00","article_modified_time":"2024-01-25T16:53:07+00:00","og_image":[{"width":1254,"height":836,"url":"https:\/\/guiadelocio.es\/madrid\/wp-content\/uploads\/sites\/2\/2023\/09\/iStock-1338682018.jpg","type":"image\/jpeg"}],"author":"Gu\u00eda del Ocio","twitter_card":"summary_large_image","twitter_misc":{"Escrito por":"Gu\u00eda del Ocio","Tiempo de lectura":"8 minutos"},"schema":{"@context":"https:\/\/schema.org","@graph":[{"@type":"WebPage","@id":"https:\/\/guiadelocio.es\/madrid\/10-planes-para-hacer-este-fin-de-semana-en-madrid-4\/","url":"https:\/\/guiadelocio.es\/madrid\/10-planes-para-hacer-este-fin-de-semana-en-madrid-4\/","name":"10 planes para hacer este fin de semana en Madrid","isPartOf":{"@id":"https:\/\/guiadelocio.es\/madrid\/#website"},"primaryImageOfPage":{"@id":"https:\/\/guiadelocio.es\/madrid\/10-planes-para-hacer-este-fin-de-semana-en-madrid-4\/#primaryimage"},"image":{"@id":"https:\/\/guiadelocio.es\/madrid\/10-planes-para-hacer-este-fin-de-semana-en-madrid-4\/#primaryimage"},"thumbnailUrl":"https:\/\/guiadelocio.es\/madrid\/wp-content\/uploads\/sites\/2\/2023\/09\/iStock-1338682018.jpg","datePublished":"2023-09-21T09:39:19+00:00","dateModified":"2024-01-25T16:53:07+00:00","author":{"@id":"https:\/\/guiadelocio.es\/madrid\/#\/schema\/person\/dedd385c3a1875e2dfb8ee808e4fca89"},"description":"Un festival de arquitectura, un concierto en ac\u00fastico, una ruta por el Barrio de Las Letras... del 22 al 24 de septiembre Madrid se llena de sorprendentes actividades \u00a1No te pierdas nada!","breadcrumb":{"@id":"https:\/\/guiadelocio.es\/madrid\/10-planes-para-hacer-este-fin-de-semana-en-madrid-4\/#breadcrumb"},"inLanguage":"es","potentialAction":[{"@type":"ReadAction","target":["https:\/\/guiadelocio.es\/madrid\/10-planes-para-hacer-este-fin-de-semana-en-madrid-4\/"]}]},{"@type":"ImageObject","inLanguage":"es","@id":"https:\/\/guiadelocio.es\/madrid\/10-planes-para-hacer-este-fin-de-semana-en-madrid-4\/#primaryimage","url":"https:\/\/guiadelocio.es\/madrid\/wp-content\/uploads\/sites\/2\/2023\/09\/iStock-1338682018.jpg","contentUrl":"https:\/\/guiadelocio.es\/madrid\/wp-content\/uploads\/sites\/2\/2023\/09\/iStock-1338682018.jpg","width":1254,"height":836,"caption":"Madrid, Spain. The City Hall in Cibeles square. Sunset light.- Autumn leaves - autumn season view."},{"@type":"BreadcrumbList","@id":"https:\/\/guiadelocio.es\/madrid\/10-planes-para-hacer-este-fin-de-semana-en-madrid-4\/#breadcrumb","itemListElement":[{"@type":"ListItem","position":1,"name":"Portada","item":"https:\/\/guiadelocio.es\/madrid\/"},{"@type":"ListItem","position":2,"name":"10 planes para hacer este fin de semana en Madrid"}]},{"@type":"WebSite","@id":"https:\/\/guiadelocio.es\/madrid\/#website","url":"https:\/\/guiadelocio.es\/madrid\/","name":"Madrid | Gu\u00eda del Ocio","description":"Qu\u00e9 hacer, d\u00f3nde comer, qu\u00e9 visitar y los lugares que no te puedes perder","potentialAction":[{"@type":"SearchAction","target":{"@type":"EntryPoint","urlTemplate":"https:\/\/guiadelocio.es\/madrid\/?s={search_term_string}"},"query-input":{"@type":"PropertyValueSpecification","valueRequired":true,"valueName":"search_term_string"}}],"inLanguage":"es"},{"@type":"Person","@id":"https:\/\/guiadelocio.es\/madrid\/#\/schema\/person\/dedd385c3a1875e2dfb8ee808e4fca89","name":"Gu\u00eda del Ocio","image":{"@type":"ImageObject","inLanguage":"es","@id":"https:\/\/guiadelocio.es\/madrid\/#\/schema\/person\/image\/","url":"https:\/\/secure.gravatar.com\/avatar\/27d9eb58286cefc2042fb32a3db3a679c555c2a21aa6719fa7916d63185b9fe9?s=96&d=mm&r=g","contentUrl":"https:\/\/secure.gravatar.com\/avatar\/27d9eb58286cefc2042fb32a3db3a679c555c2a21aa6719fa7916d63185b9fe9?s=96&d=mm&r=g","caption":"Gu\u00eda del Ocio"}}]}},"_links":{"self":[{"href":"https:\/\/guiadelocio.es\/madrid\/wp-json\/wp\/v2\/posts\/19027","targetHints":{"allow":["GET"]}}],"collection":[{"href":"https:\/\/guiadelocio.es\/madrid\/wp-json\/wp\/v2\/posts"}],"about":[{"href":"https:\/\/guiadelocio.es\/madrid\/wp-json\/wp\/v2\/types\/post"}],"author":[{"embeddable":true,"href":"https:\/\/guiadelocio.es\/madrid\/wp-json\/wp\/v2\/users\/8"}],"replies":[{"embeddable":true,"href":"https:\/\/guiadelocio.es\/madrid\/wp-json\/wp\/v2\/comments?post=19027"}],"version-history":[{"count":0,"href":"https:\/\/guiadelocio.es\/madrid\/wp-json\/wp\/v2\/posts\/19027\/revisions"}],"wp:featuredmedia":[{"embeddable":true,"href":"https:\/\/guiadelocio.es\/madrid\/wp-json\/wp\/v2\/media\/19045"}],"wp:attachment":[{"href":"https:\/\/guiadelocio.es\/madrid\/wp-json\/wp\/v2\/media?parent=19027"}],"wp:term":[{"taxonomy":"category","embeddable":true,"href":"https:\/\/guiadelocio.es\/madrid\/wp-json\/wp\/v2\/categories?post=19027"},{"taxonomy":"post_tag","embeddable":true,"href":"https:\/\/guiadelocio.es\/madrid\/wp-json\/wp\/v2\/tags?post=19027"},{"taxonomy":"category_plan","embeddable":true,"href":"https:\/\/guiadelocio.es\/madrid\/wp-json\/wp\/v2\/category_plan?post=19027"},{"taxonomy":"filter_trans","embeddable":true,"href":"https:\/\/guiadelocio.es\/madrid\/wp-json\/wp\/v2\/filter_trans?post=19027"},{"taxonomy":"filter_main","embeddable":true,"href":"https:\/\/guiadelocio.es\/madrid\/wp-json\/wp\/v2\/filter_main?post=19027"},{"taxonomy":"filter_sec","embeddable":true,"href":"https:\/\/guiadelocio.es\/madrid\/wp-json\/wp\/v2\/filter_sec?post=19027"},{"taxonomy":"barrios","embeddable":true,"href":"https:\/\/guiadelocio.es\/madrid\/wp-json\/wp\/v2\/barrios?post=19027"}],"curies":[{"name":"wp","href":"https:\/\/api.w.org\/{rel}","templated":true}]}}