{"id":18670,"date":"2023-09-14T12:28:47","date_gmt":"2023-09-14T10:28:47","guid":{"rendered":"https:\/\/guiadelocio.es\/madrid\/?p=18670"},"modified":"2024-01-25T17:53:12","modified_gmt":"2024-01-25T16:53:12","slug":"10-planes-para-hacer-el-fin-de-semana-en-madrid-9","status":"publish","type":"post","link":"https:\/\/guiadelocio.es\/madrid\/10-planes-para-hacer-el-fin-de-semana-en-madrid-9\/","title":{"rendered":"10 planes para hacer el fin de semana en Madrid"},"content":{"rendered":"<p>Inmersos en la segunda semana de septiembre, despidi\u00e9ndonos del verano, Madrid nos abre sus puertas a los numerosos planes que ofrece la regi\u00f3n. Ruta de tapas por algunos de los hoteles m\u00e1s emblem\u00e1ticos, la Fashion Week o el estreno de una obra de teatro sobre Vincent Van Gogh son algunos de los planazos que nos esperan. \u00bfOs apunt\u00e1is a descubrirlos con nosotros?<\/p>\n<h2>Semana de la Moda en Madrid<\/h2>\n<p>Madrid acoge durante esta semana la celebraci\u00f3n de la <a href=\"https:\/\/guiadelocio.es\/madrid\/plan\/la-fashion-week-se-celebra-en-madrid-esta-semana\/\" target=\"_blank\" rel=\"noopener\"><strong>Fashion Week <\/strong><\/a>con desfiles de los mejores dise\u00f1adores que presentan sus nuevas colecciones, charlas y actividades relacionadas con la moda. Adem\u00e1s, durante este fin de semana, podemos disfrutar de algunas ferias textiles y pop ups en donde conseguir esas prendas especiales para renovar nuestro armario. Del <strong>15 al 17 de septiembre,<\/strong> podremos conocer el <strong><a href=\"https:\/\/guiadelocio.es\/madrid\/plan\/el-pop-up-de-estas-firmas-es-todo-lo-que-necesitas-para-renovar-tu-armario-de-temporada\/\" target=\"_blank\" rel=\"noopener\"><span>pop up ubicado en el espacio Espattio<\/span><\/a><\/strong> de varias firmas importantes de accesorios, moda y decoraci\u00f3n. Y hasta el <strong>15 de septiembre<\/strong>, podremos ir a visitar en <a href=\"https:\/\/guiadelocio.es\/madrid\/plan\/ifema-feria-de-madrid\/\" target=\"_blank\" rel=\"noopener\"><strong>IFEMA<\/strong> <\/a>la <a href=\"https:\/\/guiadelocio.es\/madrid\/plan\/kilometro-0-moda-la-feria-textil-que-llega-en-septiembre-a-ifema\/\" target=\"_blank\" rel=\"noopener\"><strong>Feria KIL\u00d3METRO 0 MODA<\/strong><\/a>, en donde se dan citan los mejores dise\u00f1adores y productores textiles.<\/p>\n<p><img decoding=\"async\" class=\" wp-image-18675 aligncenter\" src=\"https:\/\/guiadelocio.es\/madrid\/wp-content\/uploads\/sites\/2\/2023\/09\/PF23_Ambiente_Otrura_141-1380x920-1-300x200.jpg\" alt=\"\" width=\"767\" height=\"511\" srcset=\"https:\/\/guiadelocio.es\/madrid\/wp-content\/uploads\/sites\/2\/2023\/09\/PF23_Ambiente_Otrura_141-1380x920-1-300x200.jpg 300w, https:\/\/guiadelocio.es\/madrid\/wp-content\/uploads\/sites\/2\/2023\/09\/PF23_Ambiente_Otrura_141-1380x920-1-1024x683.jpg 1024w, https:\/\/guiadelocio.es\/madrid\/wp-content\/uploads\/sites\/2\/2023\/09\/PF23_Ambiente_Otrura_141-1380x920-1-768x512.jpg 768w, https:\/\/guiadelocio.es\/madrid\/wp-content\/uploads\/sites\/2\/2023\/09\/PF23_Ambiente_Otrura_141-1380x920-1-640x427.jpg 640w, https:\/\/guiadelocio.es\/madrid\/wp-content\/uploads\/sites\/2\/2023\/09\/PF23_Ambiente_Otrura_141-1380x920-1-266x177.jpg 266w, https:\/\/guiadelocio.es\/madrid\/wp-content\/uploads\/sites\/2\/2023\/09\/PF23_Ambiente_Otrura_141-1380x920-1.jpg 1380w\" sizes=\"(max-width: 767px) 100vw, 767px\" \/><\/p>\n<h2>Estreno: \u00abAfter. Aqu\u00ed acaba todo\u00bb<\/h2>\n<p>La quinta y \u00faltima entrega de la exitosa saga para adolescentes <strong>\u00abAfter\u00bb<\/strong> llega a los cines este <strong>15 de septiembre<\/strong>. <a href=\"https:\/\/guiadelocio.es\/madrid\/plan\/after-aqui-acaba-todo-estreno-el-15-de-septiembre\/\" target=\"_blank\" rel=\"noopener\"><strong>\u00abAfter. Aqu\u00ed acaba todo\u00bb<\/strong><\/a> nos desvelar\u00e1 el destino final de la apasionada relaci\u00f3n entre sus protagonistas, Hardin y Tessa.<\/p>\n<h3>Sinopsis<\/h3>\n<p>Hardin (Tiffin) sigue luchando por seguir adelante. Agobiado por el bloqueo del escritor y la dolorosa ruptura con Tessa (Langford), Hardin viaja a Portugal en busca de una mujer a la que hizo da\u00f1o en el pasado&#8230; y para encontrarse a s\u00ed mismo. Con la esperanza de recuperar a Tessa, se da cuenta de que necesita cambiar su forma de ser antes de poder comprometerse definitivamente.<\/p>\n<p><img decoding=\"async\" class=\" wp-image-18677 aligncenter\" src=\"https:\/\/guiadelocio.es\/madrid\/wp-content\/uploads\/sites\/2\/2023\/09\/68_x_98_afteraat_v3_3244-768x1097-1-210x300.jpg\" alt=\"\" width=\"689\" height=\"984\" srcset=\"https:\/\/guiadelocio.es\/madrid\/wp-content\/uploads\/sites\/2\/2023\/09\/68_x_98_afteraat_v3_3244-768x1097-1-210x300.jpg 210w, https:\/\/guiadelocio.es\/madrid\/wp-content\/uploads\/sites\/2\/2023\/09\/68_x_98_afteraat_v3_3244-768x1097-1-717x1024.jpg 717w, https:\/\/guiadelocio.es\/madrid\/wp-content\/uploads\/sites\/2\/2023\/09\/68_x_98_afteraat_v3_3244-768x1097-1-644x920.jpg 644w, https:\/\/guiadelocio.es\/madrid\/wp-content\/uploads\/sites\/2\/2023\/09\/68_x_98_afteraat_v3_3244-768x1097-1-302x432.jpg 302w, https:\/\/guiadelocio.es\/madrid\/wp-content\/uploads\/sites\/2\/2023\/09\/68_x_98_afteraat_v3_3244-768x1097-1-140x200.jpg 140w, https:\/\/guiadelocio.es\/madrid\/wp-content\/uploads\/sites\/2\/2023\/09\/68_x_98_afteraat_v3_3244-768x1097-1.jpg 768w\" sizes=\"(max-width: 689px) 100vw, 689px\" \/><\/p>\n<h2>Batman Day<\/h2>\n<p>El <strong>16 de septiembre<\/strong> se festeja un evento mundial: el <strong>Batman Day<\/strong>, un d\u00eda en el que se celebra la existencia de este personaje de ficci\u00f3n de DC con eventos, lanzamientos de libros y pel\u00edculas. En Madrid no nos podemos perder los planazos que se han organizado en el centro comercial <b>X-Madrid<\/b>, en Alcorc\u00f3n. Entre las actividades, podremos crear nosotros mismos una Batse\u00f1al. Os hemos contado el resto de planes en torno a este personaje ic\u00f3nico en <a href=\"https:\/\/guiadelocio.es\/madrid\/plan\/batman-day-se-celebra-en-todo-el-mundo-el-16-de-septiembre\/\" target=\"_blank\" rel=\"noopener\"><strong>este art\u00edculo<\/strong><\/a>.<\/p>\n<p><img decoding=\"async\" class=\" wp-image-18679 aligncenter\" src=\"https:\/\/guiadelocio.es\/madrid\/wp-content\/uploads\/sites\/2\/2023\/09\/BANNER-BATMAN-768x432-1-300x169.jpg\" alt=\"\" width=\"726\" height=\"409\" srcset=\"https:\/\/guiadelocio.es\/madrid\/wp-content\/uploads\/sites\/2\/2023\/09\/BANNER-BATMAN-768x432-1-300x169.jpg 300w, https:\/\/guiadelocio.es\/madrid\/wp-content\/uploads\/sites\/2\/2023\/09\/BANNER-BATMAN-768x432-1-640x360.jpg 640w, https:\/\/guiadelocio.es\/madrid\/wp-content\/uploads\/sites\/2\/2023\/09\/BANNER-BATMAN-768x432-1-266x150.jpg 266w, https:\/\/guiadelocio.es\/madrid\/wp-content\/uploads\/sites\/2\/2023\/09\/BANNER-BATMAN-768x432-1.jpg 768w\" sizes=\"(max-width: 726px) 100vw, 726px\" \/><\/p>\n<h2>Hotel Tapa Tour<\/h2>\n<p>Acaba de comenzar el tour de tapas m\u00e1s sofisticado de Madrid, el <a href=\"https:\/\/guiadelocio.es\/madrid\/plan\/hotel-tapa-tour-ruta-de-tapas-en-hoteles-emblematicos-de-madrid\/\" target=\"_blank\" rel=\"noopener\"><strong>Hotel Tapa Tour<\/strong><\/a>. Hasta el <strong>24 de septiembre<\/strong> podremos disfrutar de esta ruta gastron\u00f3mica por hoteles como el <strong><a href=\"https:\/\/guiadelocio.es\/madrid\/plan\/este-hotel-esconde-un-oasis-con-piscina-en-la-que-relajarnos-este-verano\/\" target=\"_blank\" rel=\"noopener\"><span>CoolRooms Palacio de Atocha<\/span><\/a>,\u00a0<\/strong>el Four Seasons Hotel Madrid o el Hard Rock Hotel Madrid. Podremos probar en cada uno de estos establecimientos 4 propuestas de tapas diferentes con maridaje incluido. Os dejamos el listado de hoteles en donde podemos ir a catar este tour en <a href=\"https:\/\/guiadelocio.es\/madrid\/plan\/hotel-tapa-tour-ruta-de-tapas-en-hoteles-emblematicos-de-madrid\/\" target=\"_blank\" rel=\"noopener\"><strong>este enlace<\/strong><\/a>.<\/p>\n<p><img decoding=\"async\" class=\" wp-image-18682 aligncenter\" src=\"https:\/\/guiadelocio.es\/madrid\/wp-content\/uploads\/sites\/2\/2023\/09\/HOTELTAPATOUR18BCN_044-300x200.jpg\" alt=\"\" width=\"978\" height=\"652\" srcset=\"https:\/\/guiadelocio.es\/madrid\/wp-content\/uploads\/sites\/2\/2023\/09\/HOTELTAPATOUR18BCN_044-300x200.jpg 300w, https:\/\/guiadelocio.es\/madrid\/wp-content\/uploads\/sites\/2\/2023\/09\/HOTELTAPATOUR18BCN_044-768x512.jpg 768w, https:\/\/guiadelocio.es\/madrid\/wp-content\/uploads\/sites\/2\/2023\/09\/HOTELTAPATOUR18BCN_044-640x427.jpg 640w, https:\/\/guiadelocio.es\/madrid\/wp-content\/uploads\/sites\/2\/2023\/09\/HOTELTAPATOUR18BCN_044-266x177.jpg 266w, https:\/\/guiadelocio.es\/madrid\/wp-content\/uploads\/sites\/2\/2023\/09\/HOTELTAPATOUR18BCN_044.jpg 1000w\" sizes=\"(max-width: 978px) 100vw, 978px\" \/><\/p>\n<h2>Forever Van Gogh<\/h2>\n<p>El <strong><a href=\"https:\/\/guiadelocio.es\/madrid\/plan\/teatro-marquina\/\" target=\"_blank\" rel=\"noopener\"><span>Teatro Marquina<\/span><\/a><\/strong> estrena la obra de teatro que nos sumerge en la locura de uno de los grandes genios del arte: Vincent Van Gogh. La obra <a href=\"https:\/\/guiadelocio.es\/madrid\/plan\/forever-van-gogh-un-viaje-teatral-a-la-locura-de-un-genio\/\" target=\"_blank\" rel=\"noopener\"><strong>Forever Van Gogh<\/strong><\/a> nos da a conocer la carrera del c\u00e9lebre pintor a trav\u00e9s de tecnolog\u00eda inmersiva, gracias a la cual podremos ver c\u00f3mo los cuadros del artista cobran vida.<\/p>\n<p><img decoding=\"async\" class=\" wp-image-18683 aligncenter\" src=\"https:\/\/guiadelocio.es\/madrid\/wp-content\/uploads\/sites\/2\/2023\/09\/vertic_880_0-1-300x158.jpg\" alt=\"\" width=\"811\" height=\"427\" srcset=\"https:\/\/guiadelocio.es\/madrid\/wp-content\/uploads\/sites\/2\/2023\/09\/vertic_880_0-1-300x158.jpg 300w, https:\/\/guiadelocio.es\/madrid\/wp-content\/uploads\/sites\/2\/2023\/09\/vertic_880_0-1-768x403.jpg 768w, https:\/\/guiadelocio.es\/madrid\/wp-content\/uploads\/sites\/2\/2023\/09\/vertic_880_0-1-640x336.jpg 640w, https:\/\/guiadelocio.es\/madrid\/wp-content\/uploads\/sites\/2\/2023\/09\/vertic_880_0-1-266x140.jpg 266w, https:\/\/guiadelocio.es\/madrid\/wp-content\/uploads\/sites\/2\/2023\/09\/vertic_880_0-1.jpg 880w\" sizes=\"(max-width: 811px) 100vw, 811px\" \/><\/p>\n<h2>Museo La Neomud\u00e9jar<\/h2>\n<p>El <a href=\"https:\/\/guiadelocio.es\/madrid\/plan\/este-museo-poco-conocido-es-el-mas-vanguardista-de-todo-madrid\/\" target=\"_blank\" rel=\"noopener\"><strong>Museo La Neomud\u00e9jar<\/strong><\/a> es uno de los museos m\u00e1s desconocidos de Madrid, a la par que es el m\u00e1s vanguardista de la regi\u00f3n. Aunque anteriormente este espacio era una nave perteneciente a la Compa\u00f1\u00eda de Ferrocarriles de Madrid a Zaragoza y Alicante, de ah\u00ed su decoraci\u00f3n industrial, ahora este museo acoge algunas de las obras y exposiciones de artistas emergentes que cultivan el v\u00eddeo-arte, performance o el arte sonoro.<\/p>\n<p><img decoding=\"async\" class=\" wp-image-18684 aligncenter\" src=\"https:\/\/guiadelocio.es\/madrid\/wp-content\/uploads\/sites\/2\/2023\/09\/decb9c196894483e957644d17de5e34b-920x920-1-300x300.jpg\" alt=\"\" width=\"960\" height=\"960\" srcset=\"https:\/\/guiadelocio.es\/madrid\/wp-content\/uploads\/sites\/2\/2023\/09\/decb9c196894483e957644d17de5e34b-920x920-1-300x300.jpg 300w, https:\/\/guiadelocio.es\/madrid\/wp-content\/uploads\/sites\/2\/2023\/09\/decb9c196894483e957644d17de5e34b-920x920-1-150x150.jpg 150w, https:\/\/guiadelocio.es\/madrid\/wp-content\/uploads\/sites\/2\/2023\/09\/decb9c196894483e957644d17de5e34b-920x920-1-768x768.jpg 768w, https:\/\/guiadelocio.es\/madrid\/wp-content\/uploads\/sites\/2\/2023\/09\/decb9c196894483e957644d17de5e34b-920x920-1-432x432.jpg 432w, https:\/\/guiadelocio.es\/madrid\/wp-content\/uploads\/sites\/2\/2023\/09\/decb9c196894483e957644d17de5e34b-920x920-1-200x200.jpg 200w, https:\/\/guiadelocio.es\/madrid\/wp-content\/uploads\/sites\/2\/2023\/09\/decb9c196894483e957644d17de5e34b-920x920-1.jpg 920w\" sizes=\"(max-width: 960px) 100vw, 960px\" \/><\/p>\n<h2>Alcal\u00e1 de Henares celebra su Noche en Blanco<\/h2>\n<p>Alcal\u00e1 de Henares y otras ciudades Patrimonio la Humanidad de Espa\u00f1a celebran su particular <a href=\"https:\/\/guiadelocio.es\/madrid\/plan\/alcala-de-henares-avila-y-hasta-15-ciudades-celebran-su-particular-noche-en-blanco\/\" target=\"_blank\" rel=\"noopener\"><strong>Noche en Blanco<\/strong><\/a> el <strong>s\u00e1bado 26 de septiembre<\/strong>. Una jornada diurna en la que tendremos la oportunidad excepcional de visitar de manera gratuita diversos lugares y edificios hist\u00f3ricos que suelen estar cerrados al p\u00fablico. Adem\u00e1s, habr\u00e1 actividades culturales y de ocio, as\u00ed como actuaciones musicales, de danza y folklore que amenizar\u00e1n musicalmente nuestra visita.<\/p>\n<p><img decoding=\"async\" class=\" wp-image-18685 aligncenter\" src=\"https:\/\/guiadelocio.es\/madrid\/wp-content\/uploads\/sites\/2\/2023\/09\/recursos_.._mgrafico__DSF0035_Alcala27-1380x920-1-300x200.jpg\" alt=\"\" width=\"872\" height=\"581\" srcset=\"https:\/\/guiadelocio.es\/madrid\/wp-content\/uploads\/sites\/2\/2023\/09\/recursos_.._mgrafico__DSF0035_Alcala27-1380x920-1-300x200.jpg 300w, https:\/\/guiadelocio.es\/madrid\/wp-content\/uploads\/sites\/2\/2023\/09\/recursos_.._mgrafico__DSF0035_Alcala27-1380x920-1-1024x683.jpg 1024w, https:\/\/guiadelocio.es\/madrid\/wp-content\/uploads\/sites\/2\/2023\/09\/recursos_.._mgrafico__DSF0035_Alcala27-1380x920-1-768x512.jpg 768w, https:\/\/guiadelocio.es\/madrid\/wp-content\/uploads\/sites\/2\/2023\/09\/recursos_.._mgrafico__DSF0035_Alcala27-1380x920-1-640x427.jpg 640w, https:\/\/guiadelocio.es\/madrid\/wp-content\/uploads\/sites\/2\/2023\/09\/recursos_.._mgrafico__DSF0035_Alcala27-1380x920-1-266x177.jpg 266w, https:\/\/guiadelocio.es\/madrid\/wp-content\/uploads\/sites\/2\/2023\/09\/recursos_.._mgrafico__DSF0035_Alcala27-1380x920-1.jpg 1380w\" sizes=\"(max-width: 872px) 100vw, 872px\" \/><\/p>\n<h2>Exposici\u00f3n Amaz\u00f4nia de <strong>Sebasti\u00e3o <\/strong>Salgado<\/h2>\n<p>El <a href=\"https:\/\/guiadelocio.es\/madrid\/plan\/fernan-gomez-centro-cultural-de-la-villa\/\" target=\"_blank\" rel=\"noopener\"><strong>Teatro Fern\u00e1n G\u00f3mez Centro Cultural de la Villa<\/strong><\/a> acoge algunas de las obras de uno de los maestros de la fotograf\u00eda: <strong>Sebasti\u00e3o Salgado.\u00a0<\/strong>La exposici\u00f3n <a href=\"https:\/\/guiadelocio.es\/madrid\/plan\/amazonia-la-exposicion-de-sebastiao-salgado-que-llega-en-septiembre-a-madrid\/\" target=\"_blank\" rel=\"noopener\"><strong>Amaz\u00f4nia<\/strong> <\/a>busca concienciar sobre <strong>la fragilidad del ecosistema y la belleza del mismo.\u00a0<\/strong>En total podremos ver 200 fotograf\u00edas de gran formato, 7 pel\u00edculas y una banda sonora de los sonidos reales de la Amazonia que nos transportar\u00e1n a este gran bosque.<\/p>\n<p><img decoding=\"async\" class=\" wp-image-18689 aligncenter\" src=\"https:\/\/guiadelocio.es\/madrid\/wp-content\/uploads\/sites\/2\/2023\/09\/Copy-of-14-01-15547.jpg-300x169.webp\" alt=\"\" width=\"857\" height=\"483\" srcset=\"https:\/\/guiadelocio.es\/madrid\/wp-content\/uploads\/sites\/2\/2023\/09\/Copy-of-14-01-15547.jpg-300x169.webp 300w, https:\/\/guiadelocio.es\/madrid\/wp-content\/uploads\/sites\/2\/2023\/09\/Copy-of-14-01-15547.jpg-266x150.webp 266w, https:\/\/guiadelocio.es\/madrid\/wp-content\/uploads\/sites\/2\/2023\/09\/Copy-of-14-01-15547.jpg.webp 485w\" sizes=\"(max-width: 857px) 100vw, 857px\" \/><\/p>\n<h2>Coslada Radial<\/h2>\n<p><strong>Hasta el 16 de septiembre<\/strong> podremos disfrutar en Coslada de una serie de espect\u00e1culos de danza en espacios poco convencionales. En <strong>Coslada Radial<\/strong> habr\u00e1 actividades gratuitas musicales, de teatro y danza que realizar\u00e1n las compa\u00f1\u00edas residentes de este municipio. Os hemos contado en <a href=\"https:\/\/guiadelocio.es\/madrid\/plan\/coslada-radial-un-festival-de-creacion-contemporanea-en-espacios-no-convencionales\/\" target=\"_blank\" rel=\"noopener\"><strong>este art\u00edculo<\/strong><\/a> toda la programaci\u00f3n que no os pod\u00e9is perder.<\/p>\n<p><img decoding=\"async\" class=\" wp-image-18690 aligncenter\" src=\"https:\/\/guiadelocio.es\/madrid\/wp-content\/uploads\/sites\/2\/2023\/09\/LD2-Nueva-Generacion-2-1024x681-1-300x200.jpg\" alt=\"\" width=\"929\" height=\"619\" srcset=\"https:\/\/guiadelocio.es\/madrid\/wp-content\/uploads\/sites\/2\/2023\/09\/LD2-Nueva-Generacion-2-1024x681-1-300x200.jpg 300w, https:\/\/guiadelocio.es\/madrid\/wp-content\/uploads\/sites\/2\/2023\/09\/LD2-Nueva-Generacion-2-1024x681-1-768x511.jpg 768w, https:\/\/guiadelocio.es\/madrid\/wp-content\/uploads\/sites\/2\/2023\/09\/LD2-Nueva-Generacion-2-1024x681-1-640x426.jpg 640w, https:\/\/guiadelocio.es\/madrid\/wp-content\/uploads\/sites\/2\/2023\/09\/LD2-Nueva-Generacion-2-1024x681-1-266x177.jpg 266w, https:\/\/guiadelocio.es\/madrid\/wp-content\/uploads\/sites\/2\/2023\/09\/LD2-Nueva-Generacion-2-1024x681-1.jpg 1024w\" sizes=\"(max-width: 929px) 100vw, 929px\" \/><\/p>\n<h2>Madrid Urban Fest<\/h2>\n<p>El festival urbano m\u00e1s importante de Madrid regresa este 2023 con un cartel de lujo y con un homenaje a la rapera fallecida <strong>Gata Cattana<\/strong>. <a href=\"https:\/\/guiadelocio.es\/madrid\/plan\/madrid-urban-fest-regresa-en-septiembre-a-la-capital\/\" target=\"_blank\" rel=\"noopener\"><strong>Madrid Urban Fest<\/strong><\/a> re\u00fane algunos de los nombres m\u00e1s importantes de la escena urbana. Este fin de semana en el <a href=\"https:\/\/guiadelocio.es\/madrid\/plan\/centro-cultural-pilar-miro\/\" target=\"_blank\" rel=\"noopener\"><strong>Centro Cultural Pilar Mir\u00f3<\/strong><\/a> podremos ver a artistas como <strong>Insert Soul, Antony Z &amp; Toni Anzis, Teo Lucadamo o Vivi K<\/strong>.<\/p>\n<p><img decoding=\"async\" class=\" wp-image-18693 aligncenter\" src=\"https:\/\/guiadelocio.es\/madrid\/wp-content\/uploads\/sites\/2\/2023\/09\/IMG_7378-1-1635x920-1-300x169.jpg\" alt=\"\" width=\"889\" height=\"501\" srcset=\"https:\/\/guiadelocio.es\/madrid\/wp-content\/uploads\/sites\/2\/2023\/09\/IMG_7378-1-1635x920-1-300x169.jpg 300w, https:\/\/guiadelocio.es\/madrid\/wp-content\/uploads\/sites\/2\/2023\/09\/IMG_7378-1-1635x920-1-1024x576.jpg 1024w, https:\/\/guiadelocio.es\/madrid\/wp-content\/uploads\/sites\/2\/2023\/09\/IMG_7378-1-1635x920-1-768x432.jpg 768w, https:\/\/guiadelocio.es\/madrid\/wp-content\/uploads\/sites\/2\/2023\/09\/IMG_7378-1-1635x920-1-1536x864.jpg 1536w, https:\/\/guiadelocio.es\/madrid\/wp-content\/uploads\/sites\/2\/2023\/09\/IMG_7378-1-1635x920-1-640x360.jpg 640w, https:\/\/guiadelocio.es\/madrid\/wp-content\/uploads\/sites\/2\/2023\/09\/IMG_7378-1-1635x920-1-266x150.jpg 266w, https:\/\/guiadelocio.es\/madrid\/wp-content\/uploads\/sites\/2\/2023\/09\/IMG_7378-1-1635x920-1.jpg 1635w\" sizes=\"(max-width: 889px) 100vw, 889px\" \/><\/p>\n","protected":false},"excerpt":{"rendered":"<p>Inmersos en la segunda semana de septiembre, despidi\u00e9ndonos del verano, Madrid nos abre sus puertas a los numerosos planes que ofrece la regi\u00f3n. Ruta de tapas por algunos de los hoteles m\u00e1s emblem\u00e1ticos, la Fashion Week o el estreno de una obra de teatro sobre Vincent Van Gogh son algunos de los planazos que nos [&hellip;]<\/p>\n","protected":false},"author":8,"featured_media":18687,"comment_status":"closed","ping_status":"closed","sticky":false,"template":"","format":"standard","meta":{"_acf_changed":false,"footnotes":""},"categories":[1],"tags":[],"category_plan":[2,391],"filter_trans":[],"filter_main":[],"filter_sec":[],"barrios":[],"class_list":["post-18670","post","type-post","status-publish","format-standard","has-post-thumbnail","hentry","category-sin-categorizar"],"acf":[],"yoast_head":"<!-- This site is optimized with the Yoast SEO plugin v26.0 - https:\/\/yoast.com\/wordpress\/plugins\/seo\/ -->\n<title>10 planes para hacer el fin de semana en Madrid | Madrid<\/title>\n<meta name=\"description\" content=\"La celebraci\u00f3n del Batman Day o la exposici\u00f3n de uno de los maestros de la fotograf\u00eda son algunos de los planes que no nos podemos perder este finde\" \/>\n<meta name=\"robots\" content=\"index, follow, max-snippet:-1, max-image-preview:large, max-video-preview:-1\" \/>\n<link rel=\"canonical\" href=\"https:\/\/guiadelocio.es\/madrid\/10-planes-para-hacer-el-fin-de-semana-en-madrid-9\/\" \/>\n<meta property=\"og:locale\" content=\"es_ES\" \/>\n<meta property=\"og:type\" content=\"article\" \/>\n<meta property=\"og:title\" content=\"10 planes para hacer el fin de semana en Madrid | Madrid\" \/>\n<meta property=\"og:description\" content=\"La celebraci\u00f3n del Batman Day o la exposici\u00f3n de uno de los maestros de la fotograf\u00eda son algunos de los planes que no nos podemos perder este finde\" \/>\n<meta property=\"og:url\" content=\"https:\/\/guiadelocio.es\/madrid\/10-planes-para-hacer-el-fin-de-semana-en-madrid-9\/\" \/>\n<meta property=\"og:site_name\" content=\"Madrid\" \/>\n<meta property=\"article:published_time\" content=\"2023-09-14T10:28:47+00:00\" \/>\n<meta property=\"article:modified_time\" content=\"2024-01-25T16:53:12+00:00\" \/>\n<meta property=\"og:image\" content=\"https:\/\/guiadelocio.es\/madrid\/wp-content\/uploads\/sites\/2\/2023\/09\/iStock-1279872860.jpg\" \/>\n\t<meta property=\"og:image:width\" content=\"1254\" \/>\n\t<meta property=\"og:image:height\" content=\"836\" \/>\n\t<meta property=\"og:image:type\" content=\"image\/jpeg\" \/>\n<meta name=\"author\" content=\"Gu\u00eda del Ocio\" \/>\n<meta name=\"twitter:card\" content=\"summary_large_image\" \/>\n<meta name=\"twitter:label1\" content=\"Escrito por\" \/>\n\t<meta name=\"twitter:data1\" content=\"Gu\u00eda del Ocio\" \/>\n\t<meta name=\"twitter:label2\" content=\"Tiempo de lectura\" \/>\n\t<meta name=\"twitter:data2\" content=\"6 minutos\" \/>\n<script type=\"application\/ld+json\" class=\"yoast-schema-graph\">{\"@context\":\"https:\/\/schema.org\",\"@graph\":[{\"@type\":\"WebPage\",\"@id\":\"https:\/\/guiadelocio.es\/madrid\/10-planes-para-hacer-el-fin-de-semana-en-madrid-9\/\",\"url\":\"https:\/\/guiadelocio.es\/madrid\/10-planes-para-hacer-el-fin-de-semana-en-madrid-9\/\",\"name\":\"10 planes para hacer el fin de semana en Madrid | Madrid\",\"isPartOf\":{\"@id\":\"https:\/\/guiadelocio.es\/madrid\/#website\"},\"primaryImageOfPage\":{\"@id\":\"https:\/\/guiadelocio.es\/madrid\/10-planes-para-hacer-el-fin-de-semana-en-madrid-9\/#primaryimage\"},\"image\":{\"@id\":\"https:\/\/guiadelocio.es\/madrid\/10-planes-para-hacer-el-fin-de-semana-en-madrid-9\/#primaryimage\"},\"thumbnailUrl\":\"https:\/\/guiadelocio.es\/madrid\/wp-content\/uploads\/sites\/2\/2023\/09\/iStock-1279872860.jpg\",\"datePublished\":\"2023-09-14T10:28:47+00:00\",\"dateModified\":\"2024-01-25T16:53:12+00:00\",\"author\":{\"@id\":\"https:\/\/guiadelocio.es\/madrid\/#\/schema\/person\/dedd385c3a1875e2dfb8ee808e4fca89\"},\"description\":\"La celebraci\u00f3n del Batman Day o la exposici\u00f3n de uno de los maestros de la fotograf\u00eda son algunos de los planes que no nos podemos perder este finde\",\"breadcrumb\":{\"@id\":\"https:\/\/guiadelocio.es\/madrid\/10-planes-para-hacer-el-fin-de-semana-en-madrid-9\/#breadcrumb\"},\"inLanguage\":\"es\",\"potentialAction\":[{\"@type\":\"ReadAction\",\"target\":[\"https:\/\/guiadelocio.es\/madrid\/10-planes-para-hacer-el-fin-de-semana-en-madrid-9\/\"]}]},{\"@type\":\"ImageObject\",\"inLanguage\":\"es\",\"@id\":\"https:\/\/guiadelocio.es\/madrid\/10-planes-para-hacer-el-fin-de-semana-en-madrid-9\/#primaryimage\",\"url\":\"https:\/\/guiadelocio.es\/madrid\/wp-content\/uploads\/sites\/2\/2023\/09\/iStock-1279872860.jpg\",\"contentUrl\":\"https:\/\/guiadelocio.es\/madrid\/wp-content\/uploads\/sites\/2\/2023\/09\/iStock-1279872860.jpg\",\"width\":1254,\"height\":836,\"caption\":\"October, 2020. Madrid, Spain. The view over the city towards the scyscrapers in the business area in north. Shades of blue and purple in the sky.\"},{\"@type\":\"BreadcrumbList\",\"@id\":\"https:\/\/guiadelocio.es\/madrid\/10-planes-para-hacer-el-fin-de-semana-en-madrid-9\/#breadcrumb\",\"itemListElement\":[{\"@type\":\"ListItem\",\"position\":1,\"name\":\"Portada\",\"item\":\"https:\/\/guiadelocio.es\/madrid\/\"},{\"@type\":\"ListItem\",\"position\":2,\"name\":\"10 planes para hacer el fin de semana en Madrid\"}]},{\"@type\":\"WebSite\",\"@id\":\"https:\/\/guiadelocio.es\/madrid\/#website\",\"url\":\"https:\/\/guiadelocio.es\/madrid\/\",\"name\":\"Madrid | Gu\u00eda del Ocio\",\"description\":\"Qu\u00e9 hacer, d\u00f3nde comer, qu\u00e9 visitar y los lugares que no te puedes perder\",\"potentialAction\":[{\"@type\":\"SearchAction\",\"target\":{\"@type\":\"EntryPoint\",\"urlTemplate\":\"https:\/\/guiadelocio.es\/madrid\/?s={search_term_string}\"},\"query-input\":{\"@type\":\"PropertyValueSpecification\",\"valueRequired\":true,\"valueName\":\"search_term_string\"}}],\"inLanguage\":\"es\"},{\"@type\":\"Person\",\"@id\":\"https:\/\/guiadelocio.es\/madrid\/#\/schema\/person\/dedd385c3a1875e2dfb8ee808e4fca89\",\"name\":\"Gu\u00eda del Ocio\",\"image\":{\"@type\":\"ImageObject\",\"inLanguage\":\"es\",\"@id\":\"https:\/\/guiadelocio.es\/madrid\/#\/schema\/person\/image\/\",\"url\":\"https:\/\/secure.gravatar.com\/avatar\/27d9eb58286cefc2042fb32a3db3a679c555c2a21aa6719fa7916d63185b9fe9?s=96&d=mm&r=g\",\"contentUrl\":\"https:\/\/secure.gravatar.com\/avatar\/27d9eb58286cefc2042fb32a3db3a679c555c2a21aa6719fa7916d63185b9fe9?s=96&d=mm&r=g\",\"caption\":\"Gu\u00eda del Ocio\"}}]}<\/script>\n<!-- \/ Yoast SEO plugin. -->","yoast_head_json":{"title":"10 planes para hacer el fin de semana en Madrid | Madrid","description":"La celebraci\u00f3n del Batman Day o la exposici\u00f3n de uno de los maestros de la fotograf\u00eda son algunos de los planes que no nos podemos perder este finde","robots":{"index":"index","follow":"follow","max-snippet":"max-snippet:-1","max-image-preview":"max-image-preview:large","max-video-preview":"max-video-preview:-1"},"canonical":"https:\/\/guiadelocio.es\/madrid\/10-planes-para-hacer-el-fin-de-semana-en-madrid-9\/","og_locale":"es_ES","og_type":"article","og_title":"10 planes para hacer el fin de semana en Madrid | Madrid","og_description":"La celebraci\u00f3n del Batman Day o la exposici\u00f3n de uno de los maestros de la fotograf\u00eda son algunos de los planes que no nos podemos perder este finde","og_url":"https:\/\/guiadelocio.es\/madrid\/10-planes-para-hacer-el-fin-de-semana-en-madrid-9\/","og_site_name":"Madrid","article_published_time":"2023-09-14T10:28:47+00:00","article_modified_time":"2024-01-25T16:53:12+00:00","og_image":[{"width":1254,"height":836,"url":"https:\/\/guiadelocio.es\/madrid\/wp-content\/uploads\/sites\/2\/2023\/09\/iStock-1279872860.jpg","type":"image\/jpeg"}],"author":"Gu\u00eda del Ocio","twitter_card":"summary_large_image","twitter_misc":{"Escrito por":"Gu\u00eda del Ocio","Tiempo de lectura":"6 minutos"},"schema":{"@context":"https:\/\/schema.org","@graph":[{"@type":"WebPage","@id":"https:\/\/guiadelocio.es\/madrid\/10-planes-para-hacer-el-fin-de-semana-en-madrid-9\/","url":"https:\/\/guiadelocio.es\/madrid\/10-planes-para-hacer-el-fin-de-semana-en-madrid-9\/","name":"10 planes para hacer el fin de semana en Madrid | Madrid","isPartOf":{"@id":"https:\/\/guiadelocio.es\/madrid\/#website"},"primaryImageOfPage":{"@id":"https:\/\/guiadelocio.es\/madrid\/10-planes-para-hacer-el-fin-de-semana-en-madrid-9\/#primaryimage"},"image":{"@id":"https:\/\/guiadelocio.es\/madrid\/10-planes-para-hacer-el-fin-de-semana-en-madrid-9\/#primaryimage"},"thumbnailUrl":"https:\/\/guiadelocio.es\/madrid\/wp-content\/uploads\/sites\/2\/2023\/09\/iStock-1279872860.jpg","datePublished":"2023-09-14T10:28:47+00:00","dateModified":"2024-01-25T16:53:12+00:00","author":{"@id":"https:\/\/guiadelocio.es\/madrid\/#\/schema\/person\/dedd385c3a1875e2dfb8ee808e4fca89"},"description":"La celebraci\u00f3n del Batman Day o la exposici\u00f3n de uno de los maestros de la fotograf\u00eda son algunos de los planes que no nos podemos perder este finde","breadcrumb":{"@id":"https:\/\/guiadelocio.es\/madrid\/10-planes-para-hacer-el-fin-de-semana-en-madrid-9\/#breadcrumb"},"inLanguage":"es","potentialAction":[{"@type":"ReadAction","target":["https:\/\/guiadelocio.es\/madrid\/10-planes-para-hacer-el-fin-de-semana-en-madrid-9\/"]}]},{"@type":"ImageObject","inLanguage":"es","@id":"https:\/\/guiadelocio.es\/madrid\/10-planes-para-hacer-el-fin-de-semana-en-madrid-9\/#primaryimage","url":"https:\/\/guiadelocio.es\/madrid\/wp-content\/uploads\/sites\/2\/2023\/09\/iStock-1279872860.jpg","contentUrl":"https:\/\/guiadelocio.es\/madrid\/wp-content\/uploads\/sites\/2\/2023\/09\/iStock-1279872860.jpg","width":1254,"height":836,"caption":"October, 2020. Madrid, Spain. The view over the city towards the scyscrapers in the business area in north. Shades of blue and purple in the sky."},{"@type":"BreadcrumbList","@id":"https:\/\/guiadelocio.es\/madrid\/10-planes-para-hacer-el-fin-de-semana-en-madrid-9\/#breadcrumb","itemListElement":[{"@type":"ListItem","position":1,"name":"Portada","item":"https:\/\/guiadelocio.es\/madrid\/"},{"@type":"ListItem","position":2,"name":"10 planes para hacer el fin de semana en Madrid"}]},{"@type":"WebSite","@id":"https:\/\/guiadelocio.es\/madrid\/#website","url":"https:\/\/guiadelocio.es\/madrid\/","name":"Madrid | Gu\u00eda del Ocio","description":"Qu\u00e9 hacer, d\u00f3nde comer, qu\u00e9 visitar y los lugares que no te puedes perder","potentialAction":[{"@type":"SearchAction","target":{"@type":"EntryPoint","urlTemplate":"https:\/\/guiadelocio.es\/madrid\/?s={search_term_string}"},"query-input":{"@type":"PropertyValueSpecification","valueRequired":true,"valueName":"search_term_string"}}],"inLanguage":"es"},{"@type":"Person","@id":"https:\/\/guiadelocio.es\/madrid\/#\/schema\/person\/dedd385c3a1875e2dfb8ee808e4fca89","name":"Gu\u00eda del Ocio","image":{"@type":"ImageObject","inLanguage":"es","@id":"https:\/\/guiadelocio.es\/madrid\/#\/schema\/person\/image\/","url":"https:\/\/secure.gravatar.com\/avatar\/27d9eb58286cefc2042fb32a3db3a679c555c2a21aa6719fa7916d63185b9fe9?s=96&d=mm&r=g","contentUrl":"https:\/\/secure.gravatar.com\/avatar\/27d9eb58286cefc2042fb32a3db3a679c555c2a21aa6719fa7916d63185b9fe9?s=96&d=mm&r=g","caption":"Gu\u00eda del Ocio"}}]}},"_links":{"self":[{"href":"https:\/\/guiadelocio.es\/madrid\/wp-json\/wp\/v2\/posts\/18670","targetHints":{"allow":["GET"]}}],"collection":[{"href":"https:\/\/guiadelocio.es\/madrid\/wp-json\/wp\/v2\/posts"}],"about":[{"href":"https:\/\/guiadelocio.es\/madrid\/wp-json\/wp\/v2\/types\/post"}],"author":[{"embeddable":true,"href":"https:\/\/guiadelocio.es\/madrid\/wp-json\/wp\/v2\/users\/8"}],"replies":[{"embeddable":true,"href":"https:\/\/guiadelocio.es\/madrid\/wp-json\/wp\/v2\/comments?post=18670"}],"version-history":[{"count":0,"href":"https:\/\/guiadelocio.es\/madrid\/wp-json\/wp\/v2\/posts\/18670\/revisions"}],"wp:featuredmedia":[{"embeddable":true,"href":"https:\/\/guiadelocio.es\/madrid\/wp-json\/wp\/v2\/media\/18687"}],"wp:attachment":[{"href":"https:\/\/guiadelocio.es\/madrid\/wp-json\/wp\/v2\/media?parent=18670"}],"wp:term":[{"taxonomy":"category","embeddable":true,"href":"https:\/\/guiadelocio.es\/madrid\/wp-json\/wp\/v2\/categories?post=18670"},{"taxonomy":"post_tag","embeddable":true,"href":"https:\/\/guiadelocio.es\/madrid\/wp-json\/wp\/v2\/tags?post=18670"},{"taxonomy":"category_plan","embeddable":true,"href":"https:\/\/guiadelocio.es\/madrid\/wp-json\/wp\/v2\/category_plan?post=18670"},{"taxonomy":"filter_trans","embeddable":true,"href":"https:\/\/guiadelocio.es\/madrid\/wp-json\/wp\/v2\/filter_trans?post=18670"},{"taxonomy":"filter_main","embeddable":true,"href":"https:\/\/guiadelocio.es\/madrid\/wp-json\/wp\/v2\/filter_main?post=18670"},{"taxonomy":"filter_sec","embeddable":true,"href":"https:\/\/guiadelocio.es\/madrid\/wp-json\/wp\/v2\/filter_sec?post=18670"},{"taxonomy":"barrios","embeddable":true,"href":"https:\/\/guiadelocio.es\/madrid\/wp-json\/wp\/v2\/barrios?post=18670"}],"curies":[{"name":"wp","href":"https:\/\/api.w.org\/{rel}","templated":true}]}}