{"id":1742,"date":"2022-12-21T12:03:59","date_gmt":"2022-12-21T11:03:59","guid":{"rendered":"https:\/\/guiadelocio.es\/madrid\/?p=1742"},"modified":"2024-01-25T17:53:26","modified_gmt":"2024-01-25T16:53:26","slug":"en-busca-de-cafe-de-especialidad-no-te-pierdas-estas-4-cafeterias-en-el-barrio-de-las-letras","status":"publish","type":"post","link":"https:\/\/guiadelocio.es\/madrid\/en-busca-de-cafe-de-especialidad-no-te-pierdas-estas-4-cafeterias-en-el-barrio-de-las-letras\/","title":{"rendered":"\u00bfEn busca de caf\u00e9 de especialidad? No te pierdas estas 4 cafeter\u00edas en el Barrio de Las Letras"},"content":{"rendered":"<p>Por la ma\u00f1ana, por la tarde o incluso, para los m\u00e1s atrevidos, por la noche. A todas horas nos apetece un <strong>caf\u00e9<\/strong>, pero sobre todo un buen caf\u00e9, <strong>de especialidad.<\/strong><\/p>\n<p>Tanto para llevar como para tom\u00e1rtelo relajadamente con dulce o salado, ap\u00fantate estas cuatro <strong>cafeter\u00edas<\/strong> en el <strong>Barrio de Las Letras<\/strong> que no te van a defraudar y a las que volver\u00e1s seguro una vez que pruebes su caf\u00e9.<\/p>\n<h2>ACID CAF\u00c9<\/h2>\n<p>Si el color granate de su fachada y su logotipo redondo y divertido ya resaltan desde fuera, cuando entres en <strong><a href=\"https:\/\/acidcafe.es\/\" target=\"_blank\" rel=\"nofollow noopener\"><span>ACID CAF\u00c9<\/span><\/a><\/strong> y pruebes su caf\u00e9 de especialidad o sus famosos croissants, querr\u00e1s quedarte y repetir muchas veces.<\/p>\n<p>Su caf\u00e9 proviene de los tostadores daneses <strong><a href=\"https:\/\/www.instagram.com\/lacabracoffee\/?hl=es\" target=\"_blank\" rel=\"nofollow noopener\"><span>La Cabra Coffee<\/span><\/a><\/strong> y podemos pedir desde bebidas calientes como un <em>flat white<\/em>, un <em>batch rew<\/em> o una caf\u00e9 de filtro hasta las m\u00e1s fr\u00edas como el <em>cold brew<\/em>, <em>iced<\/em> <em>chai<\/em> o un matcha.<\/p>\n<p>Si decides tomarlo dentro del local, no te puedes perder su <em>pain au chocolat<\/em> o sus croissants. En el caso de que prefieras algo salado, tienes que pedir su e<em>nglish muffin<\/em> o sus <em>turkish eggs<\/em>, con los que alucinar\u00e1s con su suavidad y cremosidad.<\/p>\n<blockquote class=\"instagram-media\" style=\"background: #FFF; border: 0; border-radius: 3px; box-shadow: 0 0 1px 0 rgba(0,0,0,0.5),0 1px 10px 0 rgba(0,0,0,0.15); margin: 1px; max-width: 540px; min-width: 326px; padding: 0; width: calc(100% - 2px);\" data-instgrm-permalink=\"https:\/\/www.instagram.com\/p\/ClOMCn7jK_B\/?utm_source=ig_embed&amp;utm_campaign=loading\" data-instgrm-version=\"14\">\n<div style=\"padding: 16px;\">\n<p>&nbsp;<\/p>\n<div style=\"display: flex; flex-direction: row; align-items: center;\">\n<div style=\"background-color: #f4f4f4; border-radius: 50%; flex-grow: 0; height: 40px; margin-right: 14px; width: 40px;\"><\/div>\n<div style=\"display: flex; flex-direction: column; flex-grow: 1; justify-content: center;\">\n<div style=\"background-color: #f4f4f4; border-radius: 4px; flex-grow: 0; height: 14px; margin-bottom: 6px; width: 100px;\"><\/div>\n<div style=\"background-color: #f4f4f4; border-radius: 4px; flex-grow: 0; height: 14px; width: 60px;\"><\/div>\n<\/div>\n<\/div>\n<div style=\"padding: 19% 0;\"><\/div>\n<div style=\"display: block; height: 50px; margin: 0 auto 12px; width: 50px;\"><\/div>\n<div style=\"padding-top: 8px;\">\n<div style=\"color: #3897f0; font-family: Arial,sans-serif; font-size: 14px; font-style: normal; font-weight: 550; line-height: 18px;\">View this post on Instagram<\/div>\n<\/div>\n<div style=\"padding: 12.5% 0;\"><\/div>\n<div style=\"display: flex; flex-direction: row; margin-bottom: 14px; align-items: center;\">\n<div>\n<div style=\"background-color: #f4f4f4; border-radius: 50%; height: 12.5px; width: 12.5px; transform: translateX(0px) translateY(7px);\"><\/div>\n<div style=\"background-color: #f4f4f4; height: 12.5px; transform: rotate(-45deg) translateX(3px) translateY(1px); width: 12.5px; flex-grow: 0; margin-right: 14px; margin-left: 2px;\"><\/div>\n<div style=\"background-color: #f4f4f4; border-radius: 50%; height: 12.5px; width: 12.5px; transform: translateX(9px) translateY(-18px);\"><\/div>\n<\/div>\n<div style=\"margin-left: 8px;\">\n<div style=\"background-color: #f4f4f4; border-radius: 50%; flex-grow: 0; height: 20px; width: 20px;\"><\/div>\n<div style=\"width: 0; height: 0; border-top: 2px solid transparent; border-left: 6px solid #f4f4f4; border-bottom: 2px solid transparent; transform: translateX(16px) translateY(-4px) rotate(30deg);\"><\/div>\n<\/div>\n<div style=\"margin-left: auto;\">\n<div style=\"width: 0px; border-top: 8px solid #F4F4F4; border-right: 8px solid transparent; transform: translateY(16px);\"><\/div>\n<div style=\"background-color: #f4f4f4; flex-grow: 0; height: 12px; width: 16px; transform: translateY(-4px);\"><\/div>\n<div style=\"width: 0; height: 0; border-top: 8px solid #F4F4F4; border-left: 8px solid transparent; transform: translateY(-4px) translateX(8px);\"><\/div>\n<\/div>\n<\/div>\n<div style=\"display: flex; flex-direction: column; flex-grow: 1; justify-content: center; margin-bottom: 24px;\">\n<div style=\"background-color: #f4f4f4; border-radius: 4px; flex-grow: 0; height: 14px; margin-bottom: 6px; width: 224px;\"><\/div>\n<div style=\"background-color: #f4f4f4; border-radius: 4px; flex-grow: 0; height: 14px; width: 144px;\"><\/div>\n<\/div>\n<p>&nbsp;<\/p>\n<p style=\"color: #c9c8cd; font-family: Arial,sans-serif; font-size: 14px; line-height: 17px; margin-bottom: 0; margin-top: 8px; overflow: hidden; padding: 8px 0 7px; text-align: center; text-overflow: ellipsis; white-space: nowrap;\"><a style=\"color: #c9c8cd; font-family: Arial,sans-serif; font-size: 14px; font-style: normal; font-weight: normal; line-height: 17px; text-decoration: none;\" href=\"https:\/\/www.instagram.com\/p\/ClOMCn7jK_B\/?utm_source=ig_embed&amp;utm_campaign=loading\" target=\"_blank\" rel=\"noopener\"><span>A post shared by ACID (@acid.cafe)<\/span><\/a><\/p>\n<\/div>\n<\/blockquote>\n<p><script async src=\"\/\/www.instagram.com\/embed.js\"><\/script><\/p>\n<p><strong>Ubicaci\u00f3n<\/strong>: Calle de la Magdalena, 27 y Calle Ver\u00f3nica, 9<\/p>\n<h2>Caf\u00e9s Tornasol<\/h2>\n<p>En pleno <strong>Mercado de Ant\u00f3n Mart\u00edn<\/strong> encontramos este puesto que nos ofrece desde caf\u00e9 de especialidad hasta propuestas de <strong><em>brunch<\/em><\/strong>.<\/p>\n<blockquote class=\"instagram-media\" style=\"background: #FFF; border: 0; border-radius: 3px; box-shadow: 0 0 1px 0 rgba(0,0,0,0.5),0 1px 10px 0 rgba(0,0,0,0.15); margin: 1px; max-width: 540px; min-width: 326px; padding: 0; width: calc(100% - 2px);\" data-instgrm-permalink=\"https:\/\/www.instagram.com\/p\/Civp12xDIiZ\/?utm_source=ig_embed&amp;utm_campaign=loading\" data-instgrm-version=\"14\">\n<div style=\"padding: 16px;\">\n<p>&nbsp;<\/p>\n<div style=\"display: flex; flex-direction: row; align-items: center;\">\n<div style=\"background-color: #f4f4f4; border-radius: 50%; flex-grow: 0; height: 40px; margin-right: 14px; width: 40px;\"><\/div>\n<div style=\"display: flex; flex-direction: column; flex-grow: 1; justify-content: center;\">\n<div style=\"background-color: #f4f4f4; border-radius: 4px; flex-grow: 0; height: 14px; margin-bottom: 6px; width: 100px;\"><\/div>\n<div style=\"background-color: #f4f4f4; border-radius: 4px; flex-grow: 0; height: 14px; width: 60px;\"><\/div>\n<\/div>\n<\/div>\n<div style=\"padding: 19% 0;\"><\/div>\n<div style=\"display: block; height: 50px; margin: 0 auto 12px; width: 50px;\"><\/div>\n<div style=\"padding-top: 8px;\">\n<div style=\"color: #3897f0; font-family: Arial,sans-serif; font-size: 14px; font-style: normal; font-weight: 550; line-height: 18px;\">View this post on Instagram<\/div>\n<\/div>\n<div style=\"padding: 12.5% 0;\"><\/div>\n<div style=\"display: flex; flex-direction: row; margin-bottom: 14px; align-items: center;\">\n<div>\n<div style=\"background-color: #f4f4f4; border-radius: 50%; height: 12.5px; width: 12.5px; transform: translateX(0px) translateY(7px);\"><\/div>\n<div style=\"background-color: #f4f4f4; height: 12.5px; transform: rotate(-45deg) translateX(3px) translateY(1px); width: 12.5px; flex-grow: 0; margin-right: 14px; margin-left: 2px;\"><\/div>\n<div style=\"background-color: #f4f4f4; border-radius: 50%; height: 12.5px; width: 12.5px; transform: translateX(9px) translateY(-18px);\"><\/div>\n<\/div>\n<div style=\"margin-left: 8px;\">\n<div style=\"background-color: #f4f4f4; border-radius: 50%; flex-grow: 0; height: 20px; width: 20px;\"><\/div>\n<div style=\"width: 0; height: 0; border-top: 2px solid transparent; border-left: 6px solid #f4f4f4; border-bottom: 2px solid transparent; transform: translateX(16px) translateY(-4px) rotate(30deg);\"><\/div>\n<\/div>\n<div style=\"margin-left: auto;\">\n<div style=\"width: 0px; border-top: 8px solid #F4F4F4; border-right: 8px solid transparent; transform: translateY(16px);\"><\/div>\n<div style=\"background-color: #f4f4f4; flex-grow: 0; height: 12px; width: 16px; transform: translateY(-4px);\"><\/div>\n<div style=\"width: 0; height: 0; border-top: 8px solid #F4F4F4; border-left: 8px solid transparent; transform: translateY(-4px) translateX(8px);\"><\/div>\n<\/div>\n<\/div>\n<div style=\"display: flex; flex-direction: column; flex-grow: 1; justify-content: center; margin-bottom: 24px;\">\n<div style=\"background-color: #f4f4f4; border-radius: 4px; flex-grow: 0; height: 14px; margin-bottom: 6px; width: 224px;\"><\/div>\n<div style=\"background-color: #f4f4f4; border-radius: 4px; flex-grow: 0; height: 14px; width: 144px;\"><\/div>\n<\/div>\n<p>&nbsp;<\/p>\n<p style=\"color: #c9c8cd; font-family: Arial,sans-serif; font-size: 14px; line-height: 17px; margin-bottom: 0; margin-top: 8px; overflow: hidden; padding: 8px 0 7px; text-align: center; text-overflow: ellipsis; white-space: nowrap;\"><a style=\"color: #c9c8cd; font-family: Arial,sans-serif; font-size: 14px; font-style: normal; font-weight: normal; line-height: 17px; text-decoration: none;\" href=\"https:\/\/www.instagram.com\/p\/Civp12xDIiZ\/?utm_source=ig_embed&amp;utm_campaign=loading\" target=\"_blank\" rel=\"noopener\"><span>A post shared by Caf\u00e9s Tornasol \u2615\ufe0f (@cafestornasol)<\/span><\/a><\/p>\n<\/div>\n<\/blockquote>\n<p><script async src=\"\/\/www.instagram.com\/embed.js\"><\/script><\/p>\n<p>Al llegar a <a href=\"https:\/\/www.instagram.com\/cafestornasol\/\" target=\"_blank\" rel=\"nofollow noopener\"><span>Caf\u00e9s Tornasol<\/span><\/a> costar\u00e1 elegir entre sus caf\u00e9s, provenientes de diferentes tostadores, como <strong>Somos Puchero<\/strong> o <strong>The Fix Coffee Roasters. <\/strong>Su carta para acompa\u00f1ar nuestro desayuno o para comer m\u00e1s tarde incluye molletes, dulces o su pincho de tortilla. Te recomendamos que preguntes por su fuera de carta y te dejes sorprender por los nombres que llevan sus platos.<\/p>\n<p><strong>Ubicaci\u00f3n<\/strong>: Calle Santa Isabel, N\u00ba5. Puestos 10-15, Madrid 28012<\/p>\n<h2>OSOM Coffee Cantine<\/h2>\n<p>Entrar en OSOM para un caf\u00e9 o para deleitarse con algunos de sus platos es una experiencia en el que el dise\u00f1o ecl\u00e9ctico est\u00e1 presente. Solo hace falta echar un vistazo al local, un espacio trasparente, aut\u00e9ntico y activo.<\/p>\n<p><strong><a href=\"https:\/\/www.somososom.com\/\" target=\"_blank\" rel=\"nofollow noopener\"><span>OSOM<\/span><\/a><\/strong> no es solo una cafeter\u00eda, sino una <strong>comunidad<\/strong> de amantes del caf\u00e9. Entre sus prop\u00f3sitos se encuentran <strong>promover la cultura del caf\u00e9<\/strong> y la<strong> sostenibilidad<\/strong>.<\/p>\n<blockquote class=\"instagram-media\" style=\"background: #FFF; border: 0; border-radius: 3px; box-shadow: 0 0 1px 0 rgba(0,0,0,0.5),0 1px 10px 0 rgba(0,0,0,0.15); margin: 1px; max-width: 540px; min-width: 326px; padding: 0; width: calc(100% - 2px);\" data-instgrm-permalink=\"https:\/\/www.instagram.com\/p\/Cjp9cFtOj_G\/?utm_source=ig_embed&amp;utm_campaign=loading\" data-instgrm-version=\"14\">\n<div style=\"padding: 16px;\">\n<p>&nbsp;<\/p>\n<div style=\"display: flex; flex-direction: row; align-items: center;\">\n<div style=\"background-color: #f4f4f4; border-radius: 50%; flex-grow: 0; height: 40px; margin-right: 14px; width: 40px;\"><\/div>\n<div style=\"display: flex; flex-direction: column; flex-grow: 1; justify-content: center;\">\n<div style=\"background-color: #f4f4f4; border-radius: 4px; flex-grow: 0; height: 14px; margin-bottom: 6px; width: 100px;\"><\/div>\n<div style=\"background-color: #f4f4f4; border-radius: 4px; flex-grow: 0; height: 14px; width: 60px;\"><\/div>\n<\/div>\n<\/div>\n<div style=\"padding: 19% 0;\"><\/div>\n<div style=\"display: block; height: 50px; margin: 0 auto 12px; width: 50px;\"><\/div>\n<div style=\"padding-top: 8px;\">\n<div style=\"color: #3897f0; font-family: Arial,sans-serif; font-size: 14px; font-style: normal; font-weight: 550; line-height: 18px;\">View this post on Instagram<\/div>\n<\/div>\n<div style=\"padding: 12.5% 0;\"><\/div>\n<div style=\"display: flex; flex-direction: row; margin-bottom: 14px; align-items: center;\">\n<div>\n<div style=\"background-color: #f4f4f4; border-radius: 50%; height: 12.5px; width: 12.5px; transform: translateX(0px) translateY(7px);\"><\/div>\n<div style=\"background-color: #f4f4f4; height: 12.5px; transform: rotate(-45deg) translateX(3px) translateY(1px); width: 12.5px; flex-grow: 0; margin-right: 14px; margin-left: 2px;\"><\/div>\n<div style=\"background-color: #f4f4f4; border-radius: 50%; height: 12.5px; width: 12.5px; transform: translateX(9px) translateY(-18px);\"><\/div>\n<\/div>\n<div style=\"margin-left: 8px;\">\n<div style=\"background-color: #f4f4f4; border-radius: 50%; flex-grow: 0; height: 20px; width: 20px;\"><\/div>\n<div style=\"width: 0; height: 0; border-top: 2px solid transparent; border-left: 6px solid #f4f4f4; border-bottom: 2px solid transparent; transform: translateX(16px) translateY(-4px) rotate(30deg);\"><\/div>\n<\/div>\n<div style=\"margin-left: auto;\">\n<div style=\"width: 0px; border-top: 8px solid #F4F4F4; border-right: 8px solid transparent; transform: translateY(16px);\"><\/div>\n<div style=\"background-color: #f4f4f4; flex-grow: 0; height: 12px; width: 16px; transform: translateY(-4px);\"><\/div>\n<div style=\"width: 0; height: 0; border-top: 8px solid #F4F4F4; border-left: 8px solid transparent; transform: translateY(-4px) translateX(8px);\"><\/div>\n<\/div>\n<\/div>\n<div style=\"display: flex; flex-direction: column; flex-grow: 1; justify-content: center; margin-bottom: 24px;\">\n<div style=\"background-color: #f4f4f4; border-radius: 4px; flex-grow: 0; height: 14px; margin-bottom: 6px; width: 224px;\"><\/div>\n<div style=\"background-color: #f4f4f4; border-radius: 4px; flex-grow: 0; height: 14px; width: 144px;\"><\/div>\n<\/div>\n<p>&nbsp;<\/p>\n<p style=\"color: #c9c8cd; font-family: Arial,sans-serif; font-size: 14px; line-height: 17px; margin-bottom: 0; margin-top: 8px; overflow: hidden; padding: 8px 0 7px; text-align: center; text-overflow: ellipsis; white-space: nowrap;\"><a style=\"color: #c9c8cd; font-family: Arial,sans-serif; font-size: 14px; font-style: normal; font-weight: normal; line-height: 17px; text-decoration: none;\" href=\"https:\/\/www.instagram.com\/p\/Cjp9cFtOj_G\/?utm_source=ig_embed&amp;utm_campaign=loading\" target=\"_blank\" rel=\"noopener\"><span>A post shared by osom specialty coffee (@somososom)<\/span><\/a><\/p>\n<\/div>\n<\/blockquote>\n<p><script async src=\"\/\/www.instagram.com\/embed.js\"><\/script><\/p>\n<p>Poseen una gran variedad de caf\u00e9s, desde <em>espressos<\/em>, hasta <em>lattes macchiatos<\/em> o filtrados de sus tostadores <strong>Hola Coffee<\/strong>. Para acompa\u00f1ar a nuestro desayuno, podemos probar sus panqueques o sus <em>overnight oats<\/em>, pero si nos pasamos por su local y tenemos m\u00e1s hambre, podemos abrir bocado en su cantina. En ella ofrecen raciones como su <em>Wrapafel<\/em>, s\u00e1ndwiches o su <em>Se\u00f1or Croissant<\/em>.<\/p>\n<p><strong>Ubicaci\u00f3n<\/strong>: Calle de Santa Teresa 2, 28004 Madrid y calle de Morat\u00edn, 38.<\/p>\n<h2>Gosto Caf\u00e9<\/h2>\n<p>Da igual si subes la calle Le\u00f3n hacia Ant\u00f3n Mart\u00edn o si bajas hacia Huertas, el local de <a href=\"https:\/\/www.instagram.com\/gosto.cafe\/\" target=\"_blank\" rel=\"nofollow noopener\"><strong>Gosto Caf\u00e9<\/strong><\/a> reclama nuestra atenci\u00f3n cada vez que caminamos por el Barrio de Las Letras.<\/p>\n<blockquote class=\"instagram-media\" style=\"background: #FFF; border: 0; border-radius: 3px; box-shadow: 0 0 1px 0 rgba(0,0,0,0.5),0 1px 10px 0 rgba(0,0,0,0.15); margin: 1px; max-width: 540px; min-width: 326px; padding: 0; width: calc(100% - 2px);\" data-instgrm-permalink=\"https:\/\/www.instagram.com\/p\/Cj442w_jn1S\/?utm_source=ig_embed&amp;utm_campaign=loading\" data-instgrm-version=\"14\">\n<div style=\"padding: 16px;\">\n<p>&nbsp;<\/p>\n<div style=\"display: flex; flex-direction: row; align-items: center;\">\n<div style=\"background-color: #f4f4f4; border-radius: 50%; flex-grow: 0; height: 40px; margin-right: 14px; width: 40px;\"><\/div>\n<div style=\"display: flex; flex-direction: column; flex-grow: 1; justify-content: center;\">\n<div style=\"background-color: #f4f4f4; border-radius: 4px; flex-grow: 0; height: 14px; margin-bottom: 6px; width: 100px;\"><\/div>\n<div style=\"background-color: #f4f4f4; border-radius: 4px; flex-grow: 0; height: 14px; width: 60px;\"><\/div>\n<\/div>\n<\/div>\n<div style=\"padding: 19% 0;\"><\/div>\n<div style=\"display: block; height: 50px; margin: 0 auto 12px; width: 50px;\"><\/div>\n<div style=\"padding-top: 8px;\">\n<div style=\"color: #3897f0; font-family: Arial,sans-serif; font-size: 14px; font-style: normal; font-weight: 550; line-height: 18px;\">View this post on Instagram<\/div>\n<\/div>\n<div style=\"padding: 12.5% 0;\"><\/div>\n<div style=\"display: flex; flex-direction: row; margin-bottom: 14px; align-items: center;\">\n<div>\n<div style=\"background-color: #f4f4f4; border-radius: 50%; height: 12.5px; width: 12.5px; transform: translateX(0px) translateY(7px);\"><\/div>\n<div style=\"background-color: #f4f4f4; height: 12.5px; transform: rotate(-45deg) translateX(3px) translateY(1px); width: 12.5px; flex-grow: 0; margin-right: 14px; margin-left: 2px;\"><\/div>\n<div style=\"background-color: #f4f4f4; border-radius: 50%; height: 12.5px; width: 12.5px; transform: translateX(9px) translateY(-18px);\"><\/div>\n<\/div>\n<div style=\"margin-left: 8px;\">\n<div style=\"background-color: #f4f4f4; border-radius: 50%; flex-grow: 0; height: 20px; width: 20px;\"><\/div>\n<div style=\"width: 0; height: 0; border-top: 2px solid transparent; border-left: 6px solid #f4f4f4; border-bottom: 2px solid transparent; transform: translateX(16px) translateY(-4px) rotate(30deg);\"><\/div>\n<\/div>\n<div style=\"margin-left: auto;\">\n<div style=\"width: 0px; border-top: 8px solid #F4F4F4; border-right: 8px solid transparent; transform: translateY(16px);\"><\/div>\n<div style=\"background-color: #f4f4f4; flex-grow: 0; height: 12px; width: 16px; transform: translateY(-4px);\"><\/div>\n<div style=\"width: 0; height: 0; border-top: 8px solid #F4F4F4; border-left: 8px solid transparent; transform: translateY(-4px) translateX(8px);\"><\/div>\n<\/div>\n<\/div>\n<div style=\"display: flex; flex-direction: column; flex-grow: 1; justify-content: center; margin-bottom: 24px;\">\n<div style=\"background-color: #f4f4f4; border-radius: 4px; flex-grow: 0; height: 14px; margin-bottom: 6px; width: 224px;\"><\/div>\n<div style=\"background-color: #f4f4f4; border-radius: 4px; flex-grow: 0; height: 14px; width: 144px;\"><\/div>\n<\/div>\n<p>&nbsp;<\/p>\n<p style=\"color: #c9c8cd; font-family: Arial,sans-serif; font-size: 14px; line-height: 17px; margin-bottom: 0; margin-top: 8px; overflow: hidden; padding: 8px 0 7px; text-align: center; text-overflow: ellipsis; white-space: nowrap;\"><a style=\"color: #c9c8cd; font-family: Arial,sans-serif; font-size: 14px; font-style: normal; font-weight: normal; line-height: 17px; text-decoration: none;\" href=\"https:\/\/www.instagram.com\/p\/Cj442w_jn1S\/?utm_source=ig_embed&amp;utm_campaign=loading\" target=\"_blank\" rel=\"noopener\"><span>A post shared by Gosto Caf\u00e9 (@gosto.cafe)<\/span><\/a><\/p>\n<\/div>\n<\/blockquote>\n<p><script async src=\"\/\/www.instagram.com\/embed.js\"><\/script><\/p>\n<p>Minimalismo, colores c\u00e1lidos, pero sobre todo el buen caf\u00e9 es lo que prima en Gosto Caf\u00e9. Si te quedas a comer algo, te recomendamos tanto sus tostadas saladas como dulces, as\u00ed como su resposter\u00eda, que es casera y la hacen a diario en su obrador.<\/p>\n<p><strong>Ubicaci\u00f3n<\/strong>: Calle Le\u00f3n 30, Madrid<\/p>\n<p>&nbsp;<\/p>\n<p>&nbsp;<\/p>\n","protected":false},"excerpt":{"rendered":"<p>Por la ma\u00f1ana, por la tarde o incluso, para los m\u00e1s atrevidos, por la noche. A todas horas nos apetece un caf\u00e9, pero sobre todo un buen caf\u00e9, de especialidad. Tanto para llevar como para tom\u00e1rtelo relajadamente con dulce o salado, ap\u00fantate estas cuatro cafeter\u00edas en el Barrio de Las Letras que no te van [&hellip;]<\/p>\n","protected":false},"author":8,"featured_media":1847,"comment_status":"closed","ping_status":"closed","sticky":false,"template":"","format":"standard","meta":{"_acf_changed":false,"footnotes":""},"categories":[1],"tags":[],"category_plan":[7,8],"filter_trans":[159,160],"filter_main":[],"filter_sec":[],"barrios":[168],"class_list":["post-1742","post","type-post","status-publish","format-standard","has-post-thumbnail","hentry","category-sin-categorizar","filter_trans-e","filter_trans-ee","barrios-centro"],"acf":[],"yoast_head":"<!-- This site is optimized with the Yoast SEO plugin v26.0 - https:\/\/yoast.com\/wordpress\/plugins\/seo\/ -->\n<title>\u00bfEn busca de caf\u00e9 de especialidad? No te pierdas estas 4 cafeter\u00edas en el Barrio de Las Letras | Madrid<\/title>\n<meta name=\"description\" content=\"Caf\u00e9s de especialidad: Una vez que pruebes su caf\u00e9, querr\u00e1s volver y repetir en estas cuatro cafeter\u00edas en el centro de Madrid\" \/>\n<meta name=\"robots\" content=\"index, follow, max-snippet:-1, max-image-preview:large, max-video-preview:-1\" \/>\n<link rel=\"canonical\" href=\"https:\/\/guiadelocio.es\/madrid\/en-busca-de-cafe-de-especialidad-no-te-pierdas-estas-4-cafeterias-en-el-barrio-de-las-letras\/\" \/>\n<meta property=\"og:locale\" content=\"es_ES\" \/>\n<meta property=\"og:type\" content=\"article\" \/>\n<meta property=\"og:title\" content=\"\u00bfEn busca de caf\u00e9 de especialidad? No te pierdas estas 4 cafeter\u00edas en el Barrio de Las Letras | Madrid\" \/>\n<meta property=\"og:description\" content=\"Caf\u00e9s de especialidad: Una vez que pruebes su caf\u00e9, querr\u00e1s volver y repetir en estas cuatro cafeter\u00edas en el centro de Madrid\" \/>\n<meta property=\"og:url\" content=\"https:\/\/guiadelocio.es\/madrid\/en-busca-de-cafe-de-especialidad-no-te-pierdas-estas-4-cafeterias-en-el-barrio-de-las-letras\/\" \/>\n<meta property=\"og:site_name\" content=\"Madrid\" \/>\n<meta property=\"article:published_time\" content=\"2022-12-21T11:03:59+00:00\" \/>\n<meta property=\"article:modified_time\" content=\"2024-01-25T16:53:26+00:00\" \/>\n<meta property=\"og:image\" content=\"https:\/\/guiadelocio.es\/madrid\/wp-content\/uploads\/sites\/2\/2022\/12\/cafe-especialidad.jpg\" \/>\n\t<meta property=\"og:image:width\" content=\"1920\" \/>\n\t<meta property=\"og:image:height\" content=\"1282\" \/>\n\t<meta property=\"og:image:type\" content=\"image\/jpeg\" \/>\n<meta name=\"author\" content=\"Gu\u00eda del Ocio\" \/>\n<meta name=\"twitter:card\" content=\"summary_large_image\" \/>\n<meta name=\"twitter:label1\" content=\"Escrito por\" \/>\n\t<meta name=\"twitter:data1\" content=\"Gu\u00eda del Ocio\" \/>\n\t<meta name=\"twitter:label2\" content=\"Tiempo de lectura\" \/>\n\t<meta name=\"twitter:data2\" content=\"3 minutos\" \/>\n<script type=\"application\/ld+json\" class=\"yoast-schema-graph\">{\"@context\":\"https:\/\/schema.org\",\"@graph\":[{\"@type\":\"WebPage\",\"@id\":\"https:\/\/guiadelocio.es\/madrid\/en-busca-de-cafe-de-especialidad-no-te-pierdas-estas-4-cafeterias-en-el-barrio-de-las-letras\/\",\"url\":\"https:\/\/guiadelocio.es\/madrid\/en-busca-de-cafe-de-especialidad-no-te-pierdas-estas-4-cafeterias-en-el-barrio-de-las-letras\/\",\"name\":\"\u00bfEn busca de caf\u00e9 de especialidad? No te pierdas estas 4 cafeter\u00edas en el Barrio de Las Letras | Madrid\",\"isPartOf\":{\"@id\":\"https:\/\/guiadelocio.es\/madrid\/#website\"},\"primaryImageOfPage\":{\"@id\":\"https:\/\/guiadelocio.es\/madrid\/en-busca-de-cafe-de-especialidad-no-te-pierdas-estas-4-cafeterias-en-el-barrio-de-las-letras\/#primaryimage\"},\"image\":{\"@id\":\"https:\/\/guiadelocio.es\/madrid\/en-busca-de-cafe-de-especialidad-no-te-pierdas-estas-4-cafeterias-en-el-barrio-de-las-letras\/#primaryimage\"},\"thumbnailUrl\":\"https:\/\/guiadelocio.es\/madrid\/wp-content\/uploads\/sites\/2\/2022\/12\/cafe-especialidad.jpg\",\"datePublished\":\"2022-12-21T11:03:59+00:00\",\"dateModified\":\"2024-01-25T16:53:26+00:00\",\"author\":{\"@id\":\"https:\/\/guiadelocio.es\/madrid\/#\/schema\/person\/dedd385c3a1875e2dfb8ee808e4fca89\"},\"description\":\"Caf\u00e9s de especialidad: Una vez que pruebes su caf\u00e9, querr\u00e1s volver y repetir en estas cuatro cafeter\u00edas en el centro de Madrid\",\"breadcrumb\":{\"@id\":\"https:\/\/guiadelocio.es\/madrid\/en-busca-de-cafe-de-especialidad-no-te-pierdas-estas-4-cafeterias-en-el-barrio-de-las-letras\/#breadcrumb\"},\"inLanguage\":\"es\",\"potentialAction\":[{\"@type\":\"ReadAction\",\"target\":[\"https:\/\/guiadelocio.es\/madrid\/en-busca-de-cafe-de-especialidad-no-te-pierdas-estas-4-cafeterias-en-el-barrio-de-las-letras\/\"]}]},{\"@type\":\"ImageObject\",\"inLanguage\":\"es\",\"@id\":\"https:\/\/guiadelocio.es\/madrid\/en-busca-de-cafe-de-especialidad-no-te-pierdas-estas-4-cafeterias-en-el-barrio-de-las-letras\/#primaryimage\",\"url\":\"https:\/\/guiadelocio.es\/madrid\/wp-content\/uploads\/sites\/2\/2022\/12\/cafe-especialidad.jpg\",\"contentUrl\":\"https:\/\/guiadelocio.es\/madrid\/wp-content\/uploads\/sites\/2\/2022\/12\/cafe-especialidad.jpg\",\"width\":1920,\"height\":1282},{\"@type\":\"BreadcrumbList\",\"@id\":\"https:\/\/guiadelocio.es\/madrid\/en-busca-de-cafe-de-especialidad-no-te-pierdas-estas-4-cafeterias-en-el-barrio-de-las-letras\/#breadcrumb\",\"itemListElement\":[{\"@type\":\"ListItem\",\"position\":1,\"name\":\"Portada\",\"item\":\"https:\/\/guiadelocio.es\/madrid\/\"},{\"@type\":\"ListItem\",\"position\":2,\"name\":\"\u00bfEn busca de caf\u00e9 de especialidad? No te pierdas estas 4 cafeter\u00edas en el Barrio de Las Letras\"}]},{\"@type\":\"WebSite\",\"@id\":\"https:\/\/guiadelocio.es\/madrid\/#website\",\"url\":\"https:\/\/guiadelocio.es\/madrid\/\",\"name\":\"Madrid | Gu\u00eda del Ocio\",\"description\":\"Qu\u00e9 hacer, d\u00f3nde comer, qu\u00e9 visitar y los lugares que no te puedes perder\",\"potentialAction\":[{\"@type\":\"SearchAction\",\"target\":{\"@type\":\"EntryPoint\",\"urlTemplate\":\"https:\/\/guiadelocio.es\/madrid\/?s={search_term_string}\"},\"query-input\":{\"@type\":\"PropertyValueSpecification\",\"valueRequired\":true,\"valueName\":\"search_term_string\"}}],\"inLanguage\":\"es\"},{\"@type\":\"Person\",\"@id\":\"https:\/\/guiadelocio.es\/madrid\/#\/schema\/person\/dedd385c3a1875e2dfb8ee808e4fca89\",\"name\":\"Gu\u00eda del Ocio\",\"image\":{\"@type\":\"ImageObject\",\"inLanguage\":\"es\",\"@id\":\"https:\/\/guiadelocio.es\/madrid\/#\/schema\/person\/image\/\",\"url\":\"https:\/\/secure.gravatar.com\/avatar\/27d9eb58286cefc2042fb32a3db3a679c555c2a21aa6719fa7916d63185b9fe9?s=96&d=mm&r=g\",\"contentUrl\":\"https:\/\/secure.gravatar.com\/avatar\/27d9eb58286cefc2042fb32a3db3a679c555c2a21aa6719fa7916d63185b9fe9?s=96&d=mm&r=g\",\"caption\":\"Gu\u00eda del Ocio\"}}]}<\/script>\n<!-- \/ Yoast SEO plugin. -->","yoast_head_json":{"title":"\u00bfEn busca de caf\u00e9 de especialidad? No te pierdas estas 4 cafeter\u00edas en el Barrio de Las Letras | Madrid","description":"Caf\u00e9s de especialidad: Una vez que pruebes su caf\u00e9, querr\u00e1s volver y repetir en estas cuatro cafeter\u00edas en el centro de Madrid","robots":{"index":"index","follow":"follow","max-snippet":"max-snippet:-1","max-image-preview":"max-image-preview:large","max-video-preview":"max-video-preview:-1"},"canonical":"https:\/\/guiadelocio.es\/madrid\/en-busca-de-cafe-de-especialidad-no-te-pierdas-estas-4-cafeterias-en-el-barrio-de-las-letras\/","og_locale":"es_ES","og_type":"article","og_title":"\u00bfEn busca de caf\u00e9 de especialidad? No te pierdas estas 4 cafeter\u00edas en el Barrio de Las Letras | Madrid","og_description":"Caf\u00e9s de especialidad: Una vez que pruebes su caf\u00e9, querr\u00e1s volver y repetir en estas cuatro cafeter\u00edas en el centro de Madrid","og_url":"https:\/\/guiadelocio.es\/madrid\/en-busca-de-cafe-de-especialidad-no-te-pierdas-estas-4-cafeterias-en-el-barrio-de-las-letras\/","og_site_name":"Madrid","article_published_time":"2022-12-21T11:03:59+00:00","article_modified_time":"2024-01-25T16:53:26+00:00","og_image":[{"width":1920,"height":1282,"url":"https:\/\/guiadelocio.es\/madrid\/wp-content\/uploads\/sites\/2\/2022\/12\/cafe-especialidad.jpg","type":"image\/jpeg"}],"author":"Gu\u00eda del Ocio","twitter_card":"summary_large_image","twitter_misc":{"Escrito por":"Gu\u00eda del Ocio","Tiempo de lectura":"3 minutos"},"schema":{"@context":"https:\/\/schema.org","@graph":[{"@type":"WebPage","@id":"https:\/\/guiadelocio.es\/madrid\/en-busca-de-cafe-de-especialidad-no-te-pierdas-estas-4-cafeterias-en-el-barrio-de-las-letras\/","url":"https:\/\/guiadelocio.es\/madrid\/en-busca-de-cafe-de-especialidad-no-te-pierdas-estas-4-cafeterias-en-el-barrio-de-las-letras\/","name":"\u00bfEn busca de caf\u00e9 de especialidad? No te pierdas estas 4 cafeter\u00edas en el Barrio de Las Letras | Madrid","isPartOf":{"@id":"https:\/\/guiadelocio.es\/madrid\/#website"},"primaryImageOfPage":{"@id":"https:\/\/guiadelocio.es\/madrid\/en-busca-de-cafe-de-especialidad-no-te-pierdas-estas-4-cafeterias-en-el-barrio-de-las-letras\/#primaryimage"},"image":{"@id":"https:\/\/guiadelocio.es\/madrid\/en-busca-de-cafe-de-especialidad-no-te-pierdas-estas-4-cafeterias-en-el-barrio-de-las-letras\/#primaryimage"},"thumbnailUrl":"https:\/\/guiadelocio.es\/madrid\/wp-content\/uploads\/sites\/2\/2022\/12\/cafe-especialidad.jpg","datePublished":"2022-12-21T11:03:59+00:00","dateModified":"2024-01-25T16:53:26+00:00","author":{"@id":"https:\/\/guiadelocio.es\/madrid\/#\/schema\/person\/dedd385c3a1875e2dfb8ee808e4fca89"},"description":"Caf\u00e9s de especialidad: Una vez que pruebes su caf\u00e9, querr\u00e1s volver y repetir en estas cuatro cafeter\u00edas en el centro de Madrid","breadcrumb":{"@id":"https:\/\/guiadelocio.es\/madrid\/en-busca-de-cafe-de-especialidad-no-te-pierdas-estas-4-cafeterias-en-el-barrio-de-las-letras\/#breadcrumb"},"inLanguage":"es","potentialAction":[{"@type":"ReadAction","target":["https:\/\/guiadelocio.es\/madrid\/en-busca-de-cafe-de-especialidad-no-te-pierdas-estas-4-cafeterias-en-el-barrio-de-las-letras\/"]}]},{"@type":"ImageObject","inLanguage":"es","@id":"https:\/\/guiadelocio.es\/madrid\/en-busca-de-cafe-de-especialidad-no-te-pierdas-estas-4-cafeterias-en-el-barrio-de-las-letras\/#primaryimage","url":"https:\/\/guiadelocio.es\/madrid\/wp-content\/uploads\/sites\/2\/2022\/12\/cafe-especialidad.jpg","contentUrl":"https:\/\/guiadelocio.es\/madrid\/wp-content\/uploads\/sites\/2\/2022\/12\/cafe-especialidad.jpg","width":1920,"height":1282},{"@type":"BreadcrumbList","@id":"https:\/\/guiadelocio.es\/madrid\/en-busca-de-cafe-de-especialidad-no-te-pierdas-estas-4-cafeterias-en-el-barrio-de-las-letras\/#breadcrumb","itemListElement":[{"@type":"ListItem","position":1,"name":"Portada","item":"https:\/\/guiadelocio.es\/madrid\/"},{"@type":"ListItem","position":2,"name":"\u00bfEn busca de caf\u00e9 de especialidad? No te pierdas estas 4 cafeter\u00edas en el Barrio de Las Letras"}]},{"@type":"WebSite","@id":"https:\/\/guiadelocio.es\/madrid\/#website","url":"https:\/\/guiadelocio.es\/madrid\/","name":"Madrid | Gu\u00eda del Ocio","description":"Qu\u00e9 hacer, d\u00f3nde comer, qu\u00e9 visitar y los lugares que no te puedes perder","potentialAction":[{"@type":"SearchAction","target":{"@type":"EntryPoint","urlTemplate":"https:\/\/guiadelocio.es\/madrid\/?s={search_term_string}"},"query-input":{"@type":"PropertyValueSpecification","valueRequired":true,"valueName":"search_term_string"}}],"inLanguage":"es"},{"@type":"Person","@id":"https:\/\/guiadelocio.es\/madrid\/#\/schema\/person\/dedd385c3a1875e2dfb8ee808e4fca89","name":"Gu\u00eda del Ocio","image":{"@type":"ImageObject","inLanguage":"es","@id":"https:\/\/guiadelocio.es\/madrid\/#\/schema\/person\/image\/","url":"https:\/\/secure.gravatar.com\/avatar\/27d9eb58286cefc2042fb32a3db3a679c555c2a21aa6719fa7916d63185b9fe9?s=96&d=mm&r=g","contentUrl":"https:\/\/secure.gravatar.com\/avatar\/27d9eb58286cefc2042fb32a3db3a679c555c2a21aa6719fa7916d63185b9fe9?s=96&d=mm&r=g","caption":"Gu\u00eda del Ocio"}}]}},"_links":{"self":[{"href":"https:\/\/guiadelocio.es\/madrid\/wp-json\/wp\/v2\/posts\/1742","targetHints":{"allow":["GET"]}}],"collection":[{"href":"https:\/\/guiadelocio.es\/madrid\/wp-json\/wp\/v2\/posts"}],"about":[{"href":"https:\/\/guiadelocio.es\/madrid\/wp-json\/wp\/v2\/types\/post"}],"author":[{"embeddable":true,"href":"https:\/\/guiadelocio.es\/madrid\/wp-json\/wp\/v2\/users\/8"}],"replies":[{"embeddable":true,"href":"https:\/\/guiadelocio.es\/madrid\/wp-json\/wp\/v2\/comments?post=1742"}],"version-history":[{"count":0,"href":"https:\/\/guiadelocio.es\/madrid\/wp-json\/wp\/v2\/posts\/1742\/revisions"}],"wp:featuredmedia":[{"embeddable":true,"href":"https:\/\/guiadelocio.es\/madrid\/wp-json\/wp\/v2\/media\/1847"}],"wp:attachment":[{"href":"https:\/\/guiadelocio.es\/madrid\/wp-json\/wp\/v2\/media?parent=1742"}],"wp:term":[{"taxonomy":"category","embeddable":true,"href":"https:\/\/guiadelocio.es\/madrid\/wp-json\/wp\/v2\/categories?post=1742"},{"taxonomy":"post_tag","embeddable":true,"href":"https:\/\/guiadelocio.es\/madrid\/wp-json\/wp\/v2\/tags?post=1742"},{"taxonomy":"category_plan","embeddable":true,"href":"https:\/\/guiadelocio.es\/madrid\/wp-json\/wp\/v2\/category_plan?post=1742"},{"taxonomy":"filter_trans","embeddable":true,"href":"https:\/\/guiadelocio.es\/madrid\/wp-json\/wp\/v2\/filter_trans?post=1742"},{"taxonomy":"filter_main","embeddable":true,"href":"https:\/\/guiadelocio.es\/madrid\/wp-json\/wp\/v2\/filter_main?post=1742"},{"taxonomy":"filter_sec","embeddable":true,"href":"https:\/\/guiadelocio.es\/madrid\/wp-json\/wp\/v2\/filter_sec?post=1742"},{"taxonomy":"barrios","embeddable":true,"href":"https:\/\/guiadelocio.es\/madrid\/wp-json\/wp\/v2\/barrios?post=1742"}],"curies":[{"name":"wp","href":"https:\/\/api.w.org\/{rel}","templated":true}]}}