{"id":13989,"date":"2023-06-01T12:58:01","date_gmt":"2023-06-01T10:58:01","guid":{"rendered":"https:\/\/guiadelocio.es\/madrid\/?p=13989"},"modified":"2024-01-25T17:55:32","modified_gmt":"2024-01-25T16:55:32","slug":"10-planes-para-hacer-el-fin-de-semana-en-madrid-3","status":"publish","type":"post","link":"https:\/\/guiadelocio.es\/madrid\/10-planes-para-hacer-el-fin-de-semana-en-madrid-3\/","title":{"rendered":"10 planes para hacer el fin de semana en Madrid"},"content":{"rendered":"<p>Junio ya est\u00e1 aqu\u00ed y aunque \u00faltimamente las temperaturas no han sido las mejores, las previsiones empezar\u00e1n a mejorar muy pronto y el calor y el sol dar\u00e1n la bienvenida a un verano lleno de planes.<\/p>\n<p>Este fin de semana Madrid empieza a calentar motores con una agenda de ocio con opciones para todos los p\u00fablicos y gustos: exposiciones, cine, paseos al aire libre&#8230; y como cada semana, nosotros hacemos una recopilaci\u00f3n de los mejores planes para que no te pierdas nada. \u00a1Apunta!<\/p>\n<h2>Celebra el D\u00eda de Italia<\/h2>\n<p>El 2 de junio Italia est\u00e1 de fiesta, una fecha se\u00f1alada en conmemoraci\u00f3n del refer\u00e9ndum de 1946.<\/p>\n<p>En Madrid nos apasiona todo lo que tiene que ver con el pa\u00eds de la bota, su gastronom\u00eda, su arte, sus firmas de moda&#8230; as\u00ed que no hay mejor plan durante el fin de semana que hacer esta <a href=\"https:\/\/guiadelocio.es\/madrid\/celebra-el-dia-de-italia-con-estos-planes-en-madrid\/\" target=\"_blank\" rel=\"noopener\"><span>ruta de sitios imprescindibles<\/span><\/a> para rendir homenaje al Made in Italy: comida en el restaurante Allegra, compra de productos en el Mercato Italiano, visita a la exposici\u00f3n \u00abArt Factor\u00bb&#8230;<\/p>\n<p><img decoding=\"async\" class=\" wp-image-13954\" src=\"https:\/\/guiadelocio.es\/madrid\/wp-content\/uploads\/sites\/2\/2023\/05\/iStock-995017064-300x200.jpg\" alt=\"\" width=\"563\" height=\"375\" srcset=\"https:\/\/guiadelocio.es\/madrid\/wp-content\/uploads\/sites\/2\/2023\/05\/iStock-995017064-300x200.jpg 300w, https:\/\/guiadelocio.es\/madrid\/wp-content\/uploads\/sites\/2\/2023\/05\/iStock-995017064-1024x683.jpg 1024w, https:\/\/guiadelocio.es\/madrid\/wp-content\/uploads\/sites\/2\/2023\/05\/iStock-995017064-768x512.jpg 768w, https:\/\/guiadelocio.es\/madrid\/wp-content\/uploads\/sites\/2\/2023\/05\/iStock-995017064-640x427.jpg 640w, https:\/\/guiadelocio.es\/madrid\/wp-content\/uploads\/sites\/2\/2023\/05\/iStock-995017064-266x177.jpg 266w, https:\/\/guiadelocio.es\/madrid\/wp-content\/uploads\/sites\/2\/2023\/05\/iStock-995017064.jpg 1254w\" sizes=\"(max-width: 563px) 100vw, 563px\" \/><\/p>\n<h2>Exposici\u00f3n <strong>\u00abPicasso por los grandes maestros: de Cecile Beaton a Irving Penn\u00bb<\/strong><\/h2>\n<p>Durante el 2023 se conmemora el 50 aniversario de la muerte de Picasso y esta <a href=\"https:\/\/guiadelocio.es\/madrid\/plan\/la-exposicion-que-nos-acerca-al-picasso-retratado-por-los-grandes-maestros\/\" target=\"_blank\" rel=\"noopener\"><span>exposici\u00f3n<\/span><\/a>, es uno de los muchos homenajes que se est\u00e1n haciendo al artista. Una muestra que se puede visitar en Museo Picasso-Colecci\u00f3n Eugenio Arias, ubicado en la sala de exposiciones del Ayuntamiento de Buitrago de Lozoya.<\/p>\n<p>Una invitaci\u00f3n a adentrarse en la vida y obra del pintor a trav\u00e9s de 65 fotograf\u00edas realizadas por maestros destacados del S.XX: Man Ray, Cecil Beaton, Robert Capa, Willy Rizzo, entre otros.<\/p>\n<p><img decoding=\"async\" class=\" wp-image-13995 aligncenter\" src=\"https:\/\/guiadelocio.es\/madrid\/wp-content\/uploads\/sites\/2\/2023\/06\/unnamed-16-1-300x300.jpg\" alt=\"\" width=\"551\" height=\"551\" srcset=\"https:\/\/guiadelocio.es\/madrid\/wp-content\/uploads\/sites\/2\/2023\/06\/unnamed-16-1-300x300.jpg 300w, https:\/\/guiadelocio.es\/madrid\/wp-content\/uploads\/sites\/2\/2023\/06\/unnamed-16-1-150x150.jpg 150w, https:\/\/guiadelocio.es\/madrid\/wp-content\/uploads\/sites\/2\/2023\/06\/unnamed-16-1-432x432.jpg 432w, https:\/\/guiadelocio.es\/madrid\/wp-content\/uploads\/sites\/2\/2023\/06\/unnamed-16-1-200x200.jpg 200w, https:\/\/guiadelocio.es\/madrid\/wp-content\/uploads\/sites\/2\/2023\/06\/unnamed-16-1.jpg 600w\" sizes=\"(max-width: 551px) 100vw, 551px\" \/><\/p>\n<h2>Blockparty Arganzuela 2023<\/h2>\n<p>El 3 de junio se celebra <a href=\"https:\/\/guiadelocio.es\/madrid\/plan\/blockparty-arganzuela-2023-ya-tiene-sus-primeras-confirmaciones\/\" target=\"_blank\" rel=\"noopener\"><span>Blockparty Arganzuela<\/span><\/a>, un festival diferente con artistas internacionales donde prima la calidad por encima de la cantidad.<\/p>\n<p>Esta edici\u00f3n apuesta por sonidos contundentes, guitarras afiladas y actitud punk. Por eso, Bad Nerves (UK), CIVIC (AUS) y Miranda and The Beat (USA), entre muchos otros, har\u00e1n las delicias de cualquier fan del power pop, punk, rock\u2026 y de los directos que despeinan.<\/p>\n<p>Por supuesto, en la Explanada Negra Multiusos de Madrid R\u00edo tampoco faltar\u00e1n los puestos de comida, bebida y DJs para hacer todav\u00eda m\u00e1s divertida si cabe, esta gran fiesta.<\/p>\n<p><img decoding=\"async\" class=\" wp-image-13997 aligncenter\" src=\"https:\/\/guiadelocio.es\/madrid\/wp-content\/uploads\/sites\/2\/2023\/06\/unnamed-19-300x200.jpg\" alt=\"\" width=\"567\" height=\"378\" srcset=\"https:\/\/guiadelocio.es\/madrid\/wp-content\/uploads\/sites\/2\/2023\/06\/unnamed-19-300x200.jpg 300w, https:\/\/guiadelocio.es\/madrid\/wp-content\/uploads\/sites\/2\/2023\/06\/unnamed-19-1024x683.jpg 1024w, https:\/\/guiadelocio.es\/madrid\/wp-content\/uploads\/sites\/2\/2023\/06\/unnamed-19-768x512.jpg 768w, https:\/\/guiadelocio.es\/madrid\/wp-content\/uploads\/sites\/2\/2023\/06\/unnamed-19-640x427.jpg 640w, https:\/\/guiadelocio.es\/madrid\/wp-content\/uploads\/sites\/2\/2023\/06\/unnamed-19-266x177.jpg 266w, https:\/\/guiadelocio.es\/madrid\/wp-content\/uploads\/sites\/2\/2023\/06\/unnamed-19.jpg 1200w\" sizes=\"(max-width: 567px) 100vw, 567px\" \/><\/p>\n<h2>Estreno de cine: \u00abComo Dios manda\u00bb<\/h2>\n<p>La nueva<a href=\"https:\/\/guiadelocio.es\/madrid\/plan\/como-dios-manda-aterriza-en-cines-el-2-de-junio\/\" target=\"_blank\" rel=\"noopener\"><span> comedia familiar<\/span><\/a> de la temporada llega a los cines el 2 de junio. Divertida, fresca, optimista y con un mensaje muy necesario sobre la sociedad plural y diversa en la que vivimos.<\/p>\n<h3>Sinopsis<\/h3>\n<p>Andr\u00e9s Cuadrado es un estricto funcionario del Ministerio de Hacienda. Se considera ante todo una \u201cpersona como Dios manda\u201d y da por sentado que todo responde a un orden natural, jer\u00e1rquico e inamovible. Tras un desafortunado enfrentamiento con una compa\u00f1era de trabajo, es sancionado y\u00a0 trasladado a Igualdad, donde todo es nuevo para \u00e9l. All\u00ed tendr\u00e1 que ponerse al d\u00eda para poder adaptarse a ese nuevo orden de las cosas.<\/p>\n<p><img decoding=\"async\" class=\" wp-image-13999 aligncenter\" src=\"https:\/\/guiadelocio.es\/madrid\/wp-content\/uploads\/sites\/2\/2023\/06\/53-CDM-LEO-GRUPO-SENEGALESAS-1379x920-1-300x200.jpg\" alt=\"\" width=\"598\" height=\"398\" srcset=\"https:\/\/guiadelocio.es\/madrid\/wp-content\/uploads\/sites\/2\/2023\/06\/53-CDM-LEO-GRUPO-SENEGALESAS-1379x920-1-300x200.jpg 300w, https:\/\/guiadelocio.es\/madrid\/wp-content\/uploads\/sites\/2\/2023\/06\/53-CDM-LEO-GRUPO-SENEGALESAS-1379x920-1-1024x683.jpg 1024w, https:\/\/guiadelocio.es\/madrid\/wp-content\/uploads\/sites\/2\/2023\/06\/53-CDM-LEO-GRUPO-SENEGALESAS-1379x920-1-768x512.jpg 768w, https:\/\/guiadelocio.es\/madrid\/wp-content\/uploads\/sites\/2\/2023\/06\/53-CDM-LEO-GRUPO-SENEGALESAS-1379x920-1-640x427.jpg 640w, https:\/\/guiadelocio.es\/madrid\/wp-content\/uploads\/sites\/2\/2023\/06\/53-CDM-LEO-GRUPO-SENEGALESAS-1379x920-1-266x177.jpg 266w, https:\/\/guiadelocio.es\/madrid\/wp-content\/uploads\/sites\/2\/2023\/06\/53-CDM-LEO-GRUPO-SENEGALESAS-1379x920-1.jpg 1379w\" sizes=\"(max-width: 598px) 100vw, 598px\" \/><\/p>\n<h2>Gala Payasos sin Fronteras en el Circo Price<\/h2>\n<p><a href=\"https:\/\/guiadelocio.es\/madrid\/plan\/el-proximo-3-de-junio-se-celebra-la-gala-payasos-sin-fronteras-en-el-circo-price\/\" target=\"_blank\" rel=\"noopener\"><span>Payasos sin Fronteras<\/span><\/a> celebra el 3 de junio sus 30 a\u00f1os con una gala ben\u00e9fica en el Circo Price.<\/p>\n<p>La gala ser\u00e1 presentada por\u00a0Andreu Buenafuente\u00a0y contar\u00e1 con las actuaciones de los artistas\u00a0Tortell Poltrona, Judith Fogg, Las Bambalas, Fuman, Miguel \u00c1ngel Gea y Pepe Viyuela. En la gala, los asistentes tendr\u00e1n la oportunidad de presenciar una representaci\u00f3n que refleja lo que estos artistas llevan consigo cuando act\u00faan para la infancia refugiada y desplazada.<\/p>\n<p>Todo lo recaudado ir\u00e1\u00a0destinado a los proyectos de Payasos Sin Fronteras en el L\u00edbano.<\/p>\n<p><img decoding=\"async\" class=\" wp-image-14002\" src=\"https:\/\/guiadelocio.es\/madrid\/wp-content\/uploads\/sites\/2\/2023\/06\/PAYASOS-SIN-FRONTERAS_850x450-300x159.jpg\" alt=\"\" width=\"627\" height=\"332\" srcset=\"https:\/\/guiadelocio.es\/madrid\/wp-content\/uploads\/sites\/2\/2023\/06\/PAYASOS-SIN-FRONTERAS_850x450-300x159.jpg 300w, https:\/\/guiadelocio.es\/madrid\/wp-content\/uploads\/sites\/2\/2023\/06\/PAYASOS-SIN-FRONTERAS_850x450-768x407.jpg 768w, https:\/\/guiadelocio.es\/madrid\/wp-content\/uploads\/sites\/2\/2023\/06\/PAYASOS-SIN-FRONTERAS_850x450-640x339.jpg 640w, https:\/\/guiadelocio.es\/madrid\/wp-content\/uploads\/sites\/2\/2023\/06\/PAYASOS-SIN-FRONTERAS_850x450-266x141.jpg 266w, https:\/\/guiadelocio.es\/madrid\/wp-content\/uploads\/sites\/2\/2023\/06\/PAYASOS-SIN-FRONTERAS_850x450.jpg 850w\" sizes=\"(max-width: 627px) 100vw, 627px\" \/><\/p>\n<h2>\u00abFestival de los Grandes Premios\u00bb en el Hip\u00f3dromo<\/h2>\n<p>Cada s\u00e1bado por la tarde se celebra en el Hip\u00f3dromo el <a href=\"https:\/\/guiadelocio.es\/madrid\/el-festival-de-los-grandes-premios-llega-al-hipodromo-de-la-zarzuela\/\"><span>\u00abFestival de los Grandes Premios\u00bb<\/span><\/a> con los mejores purasangres y jockeys en directo, una cita para disfrutar de las carreras de caballos, la m\u00fasica y la buena gastronom\u00eda en un entorno natural sin igual.<\/p>\n<p>El Hip\u00f3dromo, adem\u00e1s, cuenta con diferentes experiencias premium e Hipotour, una visita guiada a sus instalaciones y al fant\u00e1stico mundo de las carreras de la mano de gu\u00edas expertos.<\/p>\n<p><img decoding=\"async\" class=\" wp-image-14003 aligncenter\" src=\"https:\/\/guiadelocio.es\/madrid\/wp-content\/uploads\/sites\/2\/2023\/06\/FOTO-PRENSA-LLEGADA-CUATRO-CABALLOS-1381x920-1-300x200.jpg\" alt=\"\" width=\"601\" height=\"400\" srcset=\"https:\/\/guiadelocio.es\/madrid\/wp-content\/uploads\/sites\/2\/2023\/06\/FOTO-PRENSA-LLEGADA-CUATRO-CABALLOS-1381x920-1-300x200.jpg 300w, https:\/\/guiadelocio.es\/madrid\/wp-content\/uploads\/sites\/2\/2023\/06\/FOTO-PRENSA-LLEGADA-CUATRO-CABALLOS-1381x920-1-1024x682.jpg 1024w, https:\/\/guiadelocio.es\/madrid\/wp-content\/uploads\/sites\/2\/2023\/06\/FOTO-PRENSA-LLEGADA-CUATRO-CABALLOS-1381x920-1-768x512.jpg 768w, https:\/\/guiadelocio.es\/madrid\/wp-content\/uploads\/sites\/2\/2023\/06\/FOTO-PRENSA-LLEGADA-CUATRO-CABALLOS-1381x920-1-640x426.jpg 640w, https:\/\/guiadelocio.es\/madrid\/wp-content\/uploads\/sites\/2\/2023\/06\/FOTO-PRENSA-LLEGADA-CUATRO-CABALLOS-1381x920-1-266x177.jpg 266w, https:\/\/guiadelocio.es\/madrid\/wp-content\/uploads\/sites\/2\/2023\/06\/FOTO-PRENSA-LLEGADA-CUATRO-CABALLOS-1381x920-1.jpg 1381w\" sizes=\"(max-width: 601px) 100vw, 601px\" \/><\/p>\n<h2>Musical \u00abEl gato con botas\u00bb<\/h2>\n<p><a href=\"https:\/\/guiadelocio.es\/madrid\/plan\/el-gato-con-botas-el-miaaaauuu-sical-en-cartel-desde-el-14-de-mayo\/\" target=\"_blank\" rel=\"noopener\"><span>Obra teatral <\/span><\/a>para los m\u00e1s peque\u00f1os en el Teatro Lara. Un espect\u00e1culo divertido, musical y lleno de di\u00e1logos chispeantes que har\u00e1 las delicias, tambi\u00e9n de los padres, el 4 de junio.<\/p>\n<h3>Sinopsis<\/h3>\n<p>El Rey ha de casar a su hija la Princesa Evelyn. Conforme a la leyes de la antigua tradici\u00f3n. Sin embargo, ella ama al joven Todd, el hijo del Molinero. Gracias a la astucia del Gato con Botas, Todd se convertir\u00e1 en el afamado Marqu\u00e9s de Carab\u00e1s, digno pretendiente para Evelyn. Aunque el malvado Pr\u00edncipe Eric no se lo pondr\u00e1 nada f\u00e1cil\u2026<\/p>\n<p><img decoding=\"async\" class=\" wp-image-14004 aligncenter\" src=\"https:\/\/guiadelocio.es\/madrid\/wp-content\/uploads\/sites\/2\/2023\/06\/FOTO1_ATRAPALO_890X468-768x404-1-300x158.jpg\" alt=\"\" width=\"627\" height=\"330\" srcset=\"https:\/\/guiadelocio.es\/madrid\/wp-content\/uploads\/sites\/2\/2023\/06\/FOTO1_ATRAPALO_890X468-768x404-1-300x158.jpg 300w, https:\/\/guiadelocio.es\/madrid\/wp-content\/uploads\/sites\/2\/2023\/06\/FOTO1_ATRAPALO_890X468-768x404-1-640x337.jpg 640w, https:\/\/guiadelocio.es\/madrid\/wp-content\/uploads\/sites\/2\/2023\/06\/FOTO1_ATRAPALO_890X468-768x404-1-266x140.jpg 266w, https:\/\/guiadelocio.es\/madrid\/wp-content\/uploads\/sites\/2\/2023\/06\/FOTO1_ATRAPALO_890X468-768x404-1.jpg 768w\" sizes=\"(max-width: 627px) 100vw, 627px\" \/><\/p>\n<h2>\u00abCultuletras\u00bb en el Barrio de Las Letras<\/h2>\n<p>El Barrio de las Letras se prepara para acoger durante cuatro d\u00edas (1 &#8211; 4 de junio), en sus calles literarias numerosas actividades gratuitas que celebran la cultura y el ocio, <a href=\"https:\/\/guiadelocio.es\/madrid\/plan\/cultuletras-regresa-en-su-segunda-edicion-al-barrio-de-las-letras\/\" target=\"_blank\" rel=\"noopener\"><span>\u00abCultuletras\u00bb<\/span><\/a>.<\/p>\n<p>Cuentacuentos, rutas teatralizadas, visitas a palacios y museos, Mercado de las Ranas&#8230; una programaci\u00f3n muy completa para todas las edades y gustos en el marco de las fiestas populares de este encantador y pintoresco barrio de Madrid.<\/p>\n<p><img decoding=\"async\" class=\" wp-image-14006 aligncenter\" src=\"https:\/\/guiadelocio.es\/madrid\/wp-content\/uploads\/sites\/2\/2023\/06\/iStock-1188325465-1380x920-1-300x200.jpg\" alt=\"\" width=\"622\" height=\"414\" srcset=\"https:\/\/guiadelocio.es\/madrid\/wp-content\/uploads\/sites\/2\/2023\/06\/iStock-1188325465-1380x920-1-300x200.jpg 300w, https:\/\/guiadelocio.es\/madrid\/wp-content\/uploads\/sites\/2\/2023\/06\/iStock-1188325465-1380x920-1-1024x683.jpg 1024w, https:\/\/guiadelocio.es\/madrid\/wp-content\/uploads\/sites\/2\/2023\/06\/iStock-1188325465-1380x920-1-768x512.jpg 768w, https:\/\/guiadelocio.es\/madrid\/wp-content\/uploads\/sites\/2\/2023\/06\/iStock-1188325465-1380x920-1-640x427.jpg 640w, https:\/\/guiadelocio.es\/madrid\/wp-content\/uploads\/sites\/2\/2023\/06\/iStock-1188325465-1380x920-1-266x177.jpg 266w, https:\/\/guiadelocio.es\/madrid\/wp-content\/uploads\/sites\/2\/2023\/06\/iStock-1188325465-1380x920-1.jpg 1380w\" sizes=\"(max-width: 622px) 100vw, 622px\" \/><\/p>\n<h2>Concierto de Camerata Musicalis: m\u00fasica cl\u00e1sica con humor<\/h2>\n<p>\u00bfQui\u00e9n dijo que el humor y la m\u00fasica cl\u00e1sica son una mala combinaci\u00f3n?\u00a0<a href=\"https:\/\/guiadelocio.es\/madrid\/plan\/musica-clasica-con-humor-de-la-mano-de-camerata-musicalis\/\" target=\"_blank\" rel=\"noopener\"><span>Camerata Musicalis<\/span><\/a> y la Universidad Polit\u00e9cnica\u00a0se unen para ofrecer un concierto en el que el\u00a0humor y la m\u00fasica cl\u00e1sica est\u00e1n asegurados.<\/p>\n<p>La cita ser\u00e1 el 4 de junio en el Auditoria Nacional, donde se interpretar\u00e1 la sexta sinfon\u00eda de Beethoven y se contar\u00e1 con una divertida primera parte explicativa en la que las risas no faltar\u00e1n.<\/p>\n<p>Un plan ideal para mayores y peque\u00f1os que disfrutar\u00e1n a partes iguales.<\/p>\n<p><img decoding=\"async\" class=\" wp-image-14007 aligncenter\" src=\"https:\/\/guiadelocio.es\/madrid\/wp-content\/uploads\/sites\/2\/2023\/06\/Foto-2-AN-1-1227x920-1-300x225.jpg\" alt=\"\" width=\"631\" height=\"473\" srcset=\"https:\/\/guiadelocio.es\/madrid\/wp-content\/uploads\/sites\/2\/2023\/06\/Foto-2-AN-1-1227x920-1-300x225.jpg 300w, https:\/\/guiadelocio.es\/madrid\/wp-content\/uploads\/sites\/2\/2023\/06\/Foto-2-AN-1-1227x920-1-1024x768.jpg 1024w, https:\/\/guiadelocio.es\/madrid\/wp-content\/uploads\/sites\/2\/2023\/06\/Foto-2-AN-1-1227x920-1-768x576.jpg 768w, https:\/\/guiadelocio.es\/madrid\/wp-content\/uploads\/sites\/2\/2023\/06\/Foto-2-AN-1-1227x920-1-576x432.jpg 576w, https:\/\/guiadelocio.es\/madrid\/wp-content\/uploads\/sites\/2\/2023\/06\/Foto-2-AN-1-1227x920-1-266x200.jpg 266w, https:\/\/guiadelocio.es\/madrid\/wp-content\/uploads\/sites\/2\/2023\/06\/Foto-2-AN-1-1227x920-1.jpg 1227w\" sizes=\"(max-width: 631px) 100vw, 631px\" \/><\/p>\n<h2>Visita los Jardines del Campo del Moro y la Galer\u00eda de las Colecciones Reales<\/h2>\n<p>Los <a href=\"https:\/\/guiadelocio.es\/madrid\/plan\/este-jardin-de-madrid-no-tan-conocido-tiene-unas-vistas-privilegiadas-al-palacio-real\/\" target=\"_blank\" rel=\"noopener\"><span>Jardines del Campo del Moro<\/span><\/a> son un espacio id\u00edlico de zonas ajardinadas de estilo rom\u00e1ntico ingl\u00e9s e influencia francesa ubicados detr\u00e1s del Palacio Real.<\/p>\n<p>Un lugar con unas vistas privilegiadas donde el tiempo se para, un oasis de tranquilidad en medio del bullicio de la ciudad. (P.\u00ba de la Virgen del Puerto, 1)<\/p>\n<p>Muy cerca de aqu\u00ed, se encuentra la <strong>Galer\u00eda de las Colecciones Reales<\/strong> que abrir\u00e1 sus puertas el 28 de junio, pero no est\u00e1 de mas acercarse durante el fin de semana a echar un vistazo antes de su gran inauguraci\u00f3n.<\/p>\n<p>La Galer\u00eda est\u00e1 situada en la calle de Bail\u00e9n, 8 y tiene como objetivo mostrar la riqueza, excelencia y diversidad de las Colecciones Reales y, al mismo tiempo, servir de escaparate de todos los Reales Sitios.<\/p>\n<p><img decoding=\"async\" class=\" wp-image-14011 aligncenter\" src=\"https:\/\/guiadelocio.es\/madrid\/wp-content\/uploads\/sites\/2\/2023\/06\/campo_del_moro_16_madrid_destinoc_alvaro_lopez-1380x920-1-300x200.jpg\" alt=\"\" width=\"635\" height=\"423\" srcset=\"https:\/\/guiadelocio.es\/madrid\/wp-content\/uploads\/sites\/2\/2023\/06\/campo_del_moro_16_madrid_destinoc_alvaro_lopez-1380x920-1-300x200.jpg 300w, https:\/\/guiadelocio.es\/madrid\/wp-content\/uploads\/sites\/2\/2023\/06\/campo_del_moro_16_madrid_destinoc_alvaro_lopez-1380x920-1-1024x683.jpg 1024w, https:\/\/guiadelocio.es\/madrid\/wp-content\/uploads\/sites\/2\/2023\/06\/campo_del_moro_16_madrid_destinoc_alvaro_lopez-1380x920-1-768x512.jpg 768w, https:\/\/guiadelocio.es\/madrid\/wp-content\/uploads\/sites\/2\/2023\/06\/campo_del_moro_16_madrid_destinoc_alvaro_lopez-1380x920-1-640x427.jpg 640w, https:\/\/guiadelocio.es\/madrid\/wp-content\/uploads\/sites\/2\/2023\/06\/campo_del_moro_16_madrid_destinoc_alvaro_lopez-1380x920-1-266x177.jpg 266w, https:\/\/guiadelocio.es\/madrid\/wp-content\/uploads\/sites\/2\/2023\/06\/campo_del_moro_16_madrid_destinoc_alvaro_lopez-1380x920-1.jpg 1380w\" sizes=\"(max-width: 635px) 100vw, 635px\" \/><\/p>\n<p>&nbsp;<\/p>\n<p>&nbsp;<\/p>\n<p>&nbsp;<\/p>\n<p>&nbsp;<\/p>\n<p>&nbsp;<\/p>\n<p>&nbsp;<\/p>\n<p>&nbsp;<\/p>\n<p>&nbsp;<\/p>\n<p>&nbsp;<\/p>\n<p>&nbsp;<\/p>\n<p>&nbsp;<\/p>\n<p>&nbsp;<\/p>\n<p>&nbsp;<\/p>\n<p>&nbsp;<\/p>\n","protected":false},"excerpt":{"rendered":"<p>Junio ya est\u00e1 aqu\u00ed y aunque \u00faltimamente las temperaturas no han sido las mejores, las previsiones empezar\u00e1n a mejorar muy pronto y el calor y el sol dar\u00e1n la bienvenida a un verano lleno de planes. Este fin de semana Madrid empieza a calentar motores con una agenda de ocio con opciones para todos los [&hellip;]<\/p>\n","protected":false},"author":8,"featured_media":14012,"comment_status":"closed","ping_status":"closed","sticky":false,"template":"","format":"standard","meta":{"_acf_changed":false,"footnotes":""},"categories":[1],"tags":[],"category_plan":[2],"filter_trans":[],"filter_main":[],"filter_sec":[],"barrios":[],"class_list":["post-13989","post","type-post","status-publish","format-standard","has-post-thumbnail","hentry","category-sin-categorizar"],"acf":[],"yoast_head":"<!-- This site is optimized with the Yoast SEO plugin v26.0 - https:\/\/yoast.com\/wordpress\/plugins\/seo\/ -->\n<title>10 planes para hacer el fin de semana en Madrid<\/title>\n<meta name=\"description\" content=\"Exposiciones, cine, festivales... todo lo que no te puedes perder este fin de semana en Madrid y dar la bienvenida a junio por todo lo alto\" \/>\n<meta name=\"robots\" content=\"index, follow, max-snippet:-1, max-image-preview:large, max-video-preview:-1\" \/>\n<link rel=\"canonical\" href=\"https:\/\/guiadelocio.es\/madrid\/10-planes-para-hacer-el-fin-de-semana-en-madrid-3\/\" \/>\n<meta property=\"og:locale\" content=\"es_ES\" \/>\n<meta property=\"og:type\" content=\"article\" \/>\n<meta property=\"og:title\" content=\"10 planes para hacer el fin de semana en Madrid\" \/>\n<meta property=\"og:description\" content=\"Exposiciones, cine, festivales... todo lo que no te puedes perder este fin de semana en Madrid y dar la bienvenida a junio por todo lo alto\" \/>\n<meta property=\"og:url\" content=\"https:\/\/guiadelocio.es\/madrid\/10-planes-para-hacer-el-fin-de-semana-en-madrid-3\/\" \/>\n<meta property=\"og:site_name\" content=\"Madrid\" \/>\n<meta property=\"article:published_time\" content=\"2023-06-01T10:58:01+00:00\" \/>\n<meta property=\"article:modified_time\" content=\"2024-01-25T16:55:32+00:00\" \/>\n<meta property=\"og:image\" content=\"https:\/\/guiadelocio.es\/madrid\/wp-content\/uploads\/sites\/2\/2023\/06\/iStock-1449759662.jpg\" \/>\n\t<meta property=\"og:image:width\" content=\"1255\" \/>\n\t<meta property=\"og:image:height\" content=\"836\" \/>\n\t<meta property=\"og:image:type\" content=\"image\/jpeg\" \/>\n<meta name=\"author\" content=\"Gu\u00eda del Ocio\" \/>\n<meta name=\"twitter:card\" content=\"summary_large_image\" \/>\n<meta name=\"twitter:label1\" content=\"Escrito por\" \/>\n\t<meta name=\"twitter:data1\" content=\"Gu\u00eda del Ocio\" \/>\n\t<meta name=\"twitter:label2\" content=\"Tiempo de lectura\" \/>\n\t<meta name=\"twitter:data2\" content=\"7 minutos\" \/>\n<script type=\"application\/ld+json\" class=\"yoast-schema-graph\">{\"@context\":\"https:\/\/schema.org\",\"@graph\":[{\"@type\":\"WebPage\",\"@id\":\"https:\/\/guiadelocio.es\/madrid\/10-planes-para-hacer-el-fin-de-semana-en-madrid-3\/\",\"url\":\"https:\/\/guiadelocio.es\/madrid\/10-planes-para-hacer-el-fin-de-semana-en-madrid-3\/\",\"name\":\"10 planes para hacer el fin de semana en Madrid\",\"isPartOf\":{\"@id\":\"https:\/\/guiadelocio.es\/madrid\/#website\"},\"primaryImageOfPage\":{\"@id\":\"https:\/\/guiadelocio.es\/madrid\/10-planes-para-hacer-el-fin-de-semana-en-madrid-3\/#primaryimage\"},\"image\":{\"@id\":\"https:\/\/guiadelocio.es\/madrid\/10-planes-para-hacer-el-fin-de-semana-en-madrid-3\/#primaryimage\"},\"thumbnailUrl\":\"https:\/\/guiadelocio.es\/madrid\/wp-content\/uploads\/sites\/2\/2023\/06\/iStock-1449759662.jpg\",\"datePublished\":\"2023-06-01T10:58:01+00:00\",\"dateModified\":\"2024-01-25T16:55:32+00:00\",\"author\":{\"@id\":\"https:\/\/guiadelocio.es\/madrid\/#\/schema\/person\/dedd385c3a1875e2dfb8ee808e4fca89\"},\"description\":\"Exposiciones, cine, festivales... todo lo que no te puedes perder este fin de semana en Madrid y dar la bienvenida a junio por todo lo alto\",\"breadcrumb\":{\"@id\":\"https:\/\/guiadelocio.es\/madrid\/10-planes-para-hacer-el-fin-de-semana-en-madrid-3\/#breadcrumb\"},\"inLanguage\":\"es\",\"potentialAction\":[{\"@type\":\"ReadAction\",\"target\":[\"https:\/\/guiadelocio.es\/madrid\/10-planes-para-hacer-el-fin-de-semana-en-madrid-3\/\"]}]},{\"@type\":\"ImageObject\",\"inLanguage\":\"es\",\"@id\":\"https:\/\/guiadelocio.es\/madrid\/10-planes-para-hacer-el-fin-de-semana-en-madrid-3\/#primaryimage\",\"url\":\"https:\/\/guiadelocio.es\/madrid\/wp-content\/uploads\/sites\/2\/2023\/06\/iStock-1449759662.jpg\",\"contentUrl\":\"https:\/\/guiadelocio.es\/madrid\/wp-content\/uploads\/sites\/2\/2023\/06\/iStock-1449759662.jpg\",\"width\":1255,\"height\":836,\"caption\":\"Aerial view of the Almudena Cathedral and the Royal Palace of Madrid in Spain.\"},{\"@type\":\"BreadcrumbList\",\"@id\":\"https:\/\/guiadelocio.es\/madrid\/10-planes-para-hacer-el-fin-de-semana-en-madrid-3\/#breadcrumb\",\"itemListElement\":[{\"@type\":\"ListItem\",\"position\":1,\"name\":\"Portada\",\"item\":\"https:\/\/guiadelocio.es\/madrid\/\"},{\"@type\":\"ListItem\",\"position\":2,\"name\":\"10 planes para hacer el fin de semana en Madrid\"}]},{\"@type\":\"WebSite\",\"@id\":\"https:\/\/guiadelocio.es\/madrid\/#website\",\"url\":\"https:\/\/guiadelocio.es\/madrid\/\",\"name\":\"Madrid | Gu\u00eda del Ocio\",\"description\":\"Qu\u00e9 hacer, d\u00f3nde comer, qu\u00e9 visitar y los lugares que no te puedes perder\",\"potentialAction\":[{\"@type\":\"SearchAction\",\"target\":{\"@type\":\"EntryPoint\",\"urlTemplate\":\"https:\/\/guiadelocio.es\/madrid\/?s={search_term_string}\"},\"query-input\":{\"@type\":\"PropertyValueSpecification\",\"valueRequired\":true,\"valueName\":\"search_term_string\"}}],\"inLanguage\":\"es\"},{\"@type\":\"Person\",\"@id\":\"https:\/\/guiadelocio.es\/madrid\/#\/schema\/person\/dedd385c3a1875e2dfb8ee808e4fca89\",\"name\":\"Gu\u00eda del Ocio\",\"image\":{\"@type\":\"ImageObject\",\"inLanguage\":\"es\",\"@id\":\"https:\/\/guiadelocio.es\/madrid\/#\/schema\/person\/image\/\",\"url\":\"https:\/\/secure.gravatar.com\/avatar\/27d9eb58286cefc2042fb32a3db3a679c555c2a21aa6719fa7916d63185b9fe9?s=96&d=mm&r=g\",\"contentUrl\":\"https:\/\/secure.gravatar.com\/avatar\/27d9eb58286cefc2042fb32a3db3a679c555c2a21aa6719fa7916d63185b9fe9?s=96&d=mm&r=g\",\"caption\":\"Gu\u00eda del Ocio\"}}]}<\/script>\n<!-- \/ Yoast SEO plugin. -->","yoast_head_json":{"title":"10 planes para hacer el fin de semana en Madrid","description":"Exposiciones, cine, festivales... todo lo que no te puedes perder este fin de semana en Madrid y dar la bienvenida a junio por todo lo alto","robots":{"index":"index","follow":"follow","max-snippet":"max-snippet:-1","max-image-preview":"max-image-preview:large","max-video-preview":"max-video-preview:-1"},"canonical":"https:\/\/guiadelocio.es\/madrid\/10-planes-para-hacer-el-fin-de-semana-en-madrid-3\/","og_locale":"es_ES","og_type":"article","og_title":"10 planes para hacer el fin de semana en Madrid","og_description":"Exposiciones, cine, festivales... todo lo que no te puedes perder este fin de semana en Madrid y dar la bienvenida a junio por todo lo alto","og_url":"https:\/\/guiadelocio.es\/madrid\/10-planes-para-hacer-el-fin-de-semana-en-madrid-3\/","og_site_name":"Madrid","article_published_time":"2023-06-01T10:58:01+00:00","article_modified_time":"2024-01-25T16:55:32+00:00","og_image":[{"width":1255,"height":836,"url":"https:\/\/guiadelocio.es\/madrid\/wp-content\/uploads\/sites\/2\/2023\/06\/iStock-1449759662.jpg","type":"image\/jpeg"}],"author":"Gu\u00eda del Ocio","twitter_card":"summary_large_image","twitter_misc":{"Escrito por":"Gu\u00eda del Ocio","Tiempo de lectura":"7 minutos"},"schema":{"@context":"https:\/\/schema.org","@graph":[{"@type":"WebPage","@id":"https:\/\/guiadelocio.es\/madrid\/10-planes-para-hacer-el-fin-de-semana-en-madrid-3\/","url":"https:\/\/guiadelocio.es\/madrid\/10-planes-para-hacer-el-fin-de-semana-en-madrid-3\/","name":"10 planes para hacer el fin de semana en Madrid","isPartOf":{"@id":"https:\/\/guiadelocio.es\/madrid\/#website"},"primaryImageOfPage":{"@id":"https:\/\/guiadelocio.es\/madrid\/10-planes-para-hacer-el-fin-de-semana-en-madrid-3\/#primaryimage"},"image":{"@id":"https:\/\/guiadelocio.es\/madrid\/10-planes-para-hacer-el-fin-de-semana-en-madrid-3\/#primaryimage"},"thumbnailUrl":"https:\/\/guiadelocio.es\/madrid\/wp-content\/uploads\/sites\/2\/2023\/06\/iStock-1449759662.jpg","datePublished":"2023-06-01T10:58:01+00:00","dateModified":"2024-01-25T16:55:32+00:00","author":{"@id":"https:\/\/guiadelocio.es\/madrid\/#\/schema\/person\/dedd385c3a1875e2dfb8ee808e4fca89"},"description":"Exposiciones, cine, festivales... todo lo que no te puedes perder este fin de semana en Madrid y dar la bienvenida a junio por todo lo alto","breadcrumb":{"@id":"https:\/\/guiadelocio.es\/madrid\/10-planes-para-hacer-el-fin-de-semana-en-madrid-3\/#breadcrumb"},"inLanguage":"es","potentialAction":[{"@type":"ReadAction","target":["https:\/\/guiadelocio.es\/madrid\/10-planes-para-hacer-el-fin-de-semana-en-madrid-3\/"]}]},{"@type":"ImageObject","inLanguage":"es","@id":"https:\/\/guiadelocio.es\/madrid\/10-planes-para-hacer-el-fin-de-semana-en-madrid-3\/#primaryimage","url":"https:\/\/guiadelocio.es\/madrid\/wp-content\/uploads\/sites\/2\/2023\/06\/iStock-1449759662.jpg","contentUrl":"https:\/\/guiadelocio.es\/madrid\/wp-content\/uploads\/sites\/2\/2023\/06\/iStock-1449759662.jpg","width":1255,"height":836,"caption":"Aerial view of the Almudena Cathedral and the Royal Palace of Madrid in Spain."},{"@type":"BreadcrumbList","@id":"https:\/\/guiadelocio.es\/madrid\/10-planes-para-hacer-el-fin-de-semana-en-madrid-3\/#breadcrumb","itemListElement":[{"@type":"ListItem","position":1,"name":"Portada","item":"https:\/\/guiadelocio.es\/madrid\/"},{"@type":"ListItem","position":2,"name":"10 planes para hacer el fin de semana en Madrid"}]},{"@type":"WebSite","@id":"https:\/\/guiadelocio.es\/madrid\/#website","url":"https:\/\/guiadelocio.es\/madrid\/","name":"Madrid | Gu\u00eda del Ocio","description":"Qu\u00e9 hacer, d\u00f3nde comer, qu\u00e9 visitar y los lugares que no te puedes perder","potentialAction":[{"@type":"SearchAction","target":{"@type":"EntryPoint","urlTemplate":"https:\/\/guiadelocio.es\/madrid\/?s={search_term_string}"},"query-input":{"@type":"PropertyValueSpecification","valueRequired":true,"valueName":"search_term_string"}}],"inLanguage":"es"},{"@type":"Person","@id":"https:\/\/guiadelocio.es\/madrid\/#\/schema\/person\/dedd385c3a1875e2dfb8ee808e4fca89","name":"Gu\u00eda del Ocio","image":{"@type":"ImageObject","inLanguage":"es","@id":"https:\/\/guiadelocio.es\/madrid\/#\/schema\/person\/image\/","url":"https:\/\/secure.gravatar.com\/avatar\/27d9eb58286cefc2042fb32a3db3a679c555c2a21aa6719fa7916d63185b9fe9?s=96&d=mm&r=g","contentUrl":"https:\/\/secure.gravatar.com\/avatar\/27d9eb58286cefc2042fb32a3db3a679c555c2a21aa6719fa7916d63185b9fe9?s=96&d=mm&r=g","caption":"Gu\u00eda del Ocio"}}]}},"_links":{"self":[{"href":"https:\/\/guiadelocio.es\/madrid\/wp-json\/wp\/v2\/posts\/13989","targetHints":{"allow":["GET"]}}],"collection":[{"href":"https:\/\/guiadelocio.es\/madrid\/wp-json\/wp\/v2\/posts"}],"about":[{"href":"https:\/\/guiadelocio.es\/madrid\/wp-json\/wp\/v2\/types\/post"}],"author":[{"embeddable":true,"href":"https:\/\/guiadelocio.es\/madrid\/wp-json\/wp\/v2\/users\/8"}],"replies":[{"embeddable":true,"href":"https:\/\/guiadelocio.es\/madrid\/wp-json\/wp\/v2\/comments?post=13989"}],"version-history":[{"count":0,"href":"https:\/\/guiadelocio.es\/madrid\/wp-json\/wp\/v2\/posts\/13989\/revisions"}],"wp:featuredmedia":[{"embeddable":true,"href":"https:\/\/guiadelocio.es\/madrid\/wp-json\/wp\/v2\/media\/14012"}],"wp:attachment":[{"href":"https:\/\/guiadelocio.es\/madrid\/wp-json\/wp\/v2\/media?parent=13989"}],"wp:term":[{"taxonomy":"category","embeddable":true,"href":"https:\/\/guiadelocio.es\/madrid\/wp-json\/wp\/v2\/categories?post=13989"},{"taxonomy":"post_tag","embeddable":true,"href":"https:\/\/guiadelocio.es\/madrid\/wp-json\/wp\/v2\/tags?post=13989"},{"taxonomy":"category_plan","embeddable":true,"href":"https:\/\/guiadelocio.es\/madrid\/wp-json\/wp\/v2\/category_plan?post=13989"},{"taxonomy":"filter_trans","embeddable":true,"href":"https:\/\/guiadelocio.es\/madrid\/wp-json\/wp\/v2\/filter_trans?post=13989"},{"taxonomy":"filter_main","embeddable":true,"href":"https:\/\/guiadelocio.es\/madrid\/wp-json\/wp\/v2\/filter_main?post=13989"},{"taxonomy":"filter_sec","embeddable":true,"href":"https:\/\/guiadelocio.es\/madrid\/wp-json\/wp\/v2\/filter_sec?post=13989"},{"taxonomy":"barrios","embeddable":true,"href":"https:\/\/guiadelocio.es\/madrid\/wp-json\/wp\/v2\/barrios?post=13989"}],"curies":[{"name":"wp","href":"https:\/\/api.w.org\/{rel}","templated":true}]}}