{"id":12441,"date":"2023-05-08T12:15:33","date_gmt":"2023-05-08T10:15:33","guid":{"rendered":"https:\/\/guiadelocio.es\/madrid\/?p=12441"},"modified":"2024-01-25T17:55:09","modified_gmt":"2024-01-25T16:55:09","slug":"cafe-kino-proyecta-el-clasico-de-buster-keaton-el-maquinista-de-la-general","status":"publish","type":"post","link":"https:\/\/guiadelocio.es\/madrid\/cafe-kino-proyecta-el-clasico-de-buster-keaton-el-maquinista-de-la-general\/","title":{"rendered":"Caf\u00e9 Kino proyecta el cl\u00e1sico de Buster Keaton \u00abEl maquinista de la General\u00bb."},"content":{"rendered":"<p><strong>\u00a1 REGALAMOS DOS ENTRADAS DOBLES!<\/strong><\/p>\n<p>Para saber c\u00f3mo conseguir una de las dos entradas dobles que regalamos, por favor, lee hasta el final.<\/p>\n<p>Considerado uno de los m\u00e1s grandes c\u00f3micos de la historia del cine, <strong>Buster Keaton<\/strong> conquist\u00f3 al p\u00fablico con su humor disparatado y un estilo propio. Actor, director y guionista marc\u00f3 la \u00e9poca del cine mudo junto a otros destacados como Chaplin. Keaton dej\u00f3 tras de s\u00ed pel\u00edculas que pasaron de generaci\u00f3n en generaci\u00f3n, convirti\u00e9ndose en cl\u00e1sicos del cine.<\/p>\n<p>Por ello, <strong>Caf\u00e9 Kino<\/strong> busca rendir su particular homenaje al actor y su trabajo, proyectando el<strong> 21 de mayo<\/strong> la pel\u00edcula <strong>\u00abEl maquinista de la General\u00bb<\/strong> con banda sonora en directo. Un evento que tiene la intenci\u00f3n de acercar al p\u00fablico familiar los or\u00edgenes del cine y vivir una experiencia sin igual.<\/p>\n<p><img decoding=\"async\" class=\" wp-image-12459 aligncenter\" src=\"https:\/\/guiadelocio.es\/madrid\/wp-content\/uploads\/sites\/2\/2023\/05\/El-maquinista-de-la-general-300x169.webp\" alt=\"\" width=\"625\" height=\"352\" srcset=\"https:\/\/guiadelocio.es\/madrid\/wp-content\/uploads\/sites\/2\/2023\/05\/El-maquinista-de-la-general-300x169.webp 300w, https:\/\/guiadelocio.es\/madrid\/wp-content\/uploads\/sites\/2\/2023\/05\/El-maquinista-de-la-general-1024x576.webp 1024w, https:\/\/guiadelocio.es\/madrid\/wp-content\/uploads\/sites\/2\/2023\/05\/El-maquinista-de-la-general-768x432.webp 768w, https:\/\/guiadelocio.es\/madrid\/wp-content\/uploads\/sites\/2\/2023\/05\/El-maquinista-de-la-general-640x360.webp 640w, https:\/\/guiadelocio.es\/madrid\/wp-content\/uploads\/sites\/2\/2023\/05\/El-maquinista-de-la-general-266x150.webp 266w, https:\/\/guiadelocio.es\/madrid\/wp-content\/uploads\/sites\/2\/2023\/05\/El-maquinista-de-la-general.webp 1280w\" sizes=\"(max-width: 625px) 100vw, 625px\" \/><\/p>\n<p>La proyecci\u00f3n se llevar\u00e1 a cabo en el <a href=\"https:\/\/guiadelocio.es\/madrid\/plan\/teatro-pavon\/\" target=\"_blank\" rel=\"noopener\"><strong>Teatro Pav\u00f3n<\/strong><\/a>, como ya se hizo el pasado 23 de abril con \u00abSiete ocasiones\u00bb, una de las pel\u00edculas m\u00e1s recordadas de Keaton, y con el ciclo mudo que se celebr\u00f3 en febrero y marzo con pel\u00edculas como \u00abMetr\u00f3polis\u00bb, \u00abLa Pasi\u00f3n de Juana de Arco\u00bb o \u00abEl acorazado Potemkin\u00bb.<\/p>\n<p>\u00abEl maquinista de la General\u00bb se proyectar\u00e1 en horario matinal, a las <strong>12:oo h <\/strong>en versi\u00f3n restaurada y remasterizada con banda sonora en directo, interpretada por un conjunto de m\u00fasicos ubicados en el foso del teatro. Una experiencia inmersiva que transportar\u00e1 al p\u00fablico a las vivencias de los primeros espectadores de pel\u00edculas en pantalla grande.<\/p>\n<h2>\u00abEl Maquinista de la General\u00bb (1926) + The Jazz On Five<\/h2>\n<p>\u00abEl Maquinista de la general\u00bb (1926) es la pel\u00edcula de la que m\u00e1s orgulloso se sinti\u00f3 Keaton y una de las 100 mejores pel\u00edculas de la historia, seg\u00fan el American Film Institute, que se podr\u00e1 disfrutar en el <a href=\"https:\/\/guiadelocio.es\/madrid\/plan\/teatro-pavon\/\"><span>Teatro Pav\u00f3n<\/span><\/a> junto a la banda sonora en directo interpretada por The Jazz On Five, en donde primar\u00e1n los sonidos de la tuba, banjo, saxo, clarinete, flauta y percusi\u00f3n.<\/p>\n<p>Codirigida con Clyde Bruckman, la cinta est\u00e1\u00a0basada en un hecho real\u00a0sucedido en 1862 durante la Guerra de secesi\u00f3n.<\/p>\n<p><img decoding=\"async\" class=\" wp-image-12447 aligncenter\" src=\"https:\/\/guiadelocio.es\/madrid\/wp-content\/uploads\/sites\/2\/2023\/05\/unnamed-3-210x300.jpg\" alt=\"\" width=\"448\" height=\"640\" srcset=\"https:\/\/guiadelocio.es\/madrid\/wp-content\/uploads\/sites\/2\/2023\/05\/unnamed-3-210x300.jpg 210w, https:\/\/guiadelocio.es\/madrid\/wp-content\/uploads\/sites\/2\/2023\/05\/unnamed-3-302x432.jpg 302w, https:\/\/guiadelocio.es\/madrid\/wp-content\/uploads\/sites\/2\/2023\/05\/unnamed-3-140x200.jpg 140w, https:\/\/guiadelocio.es\/madrid\/wp-content\/uploads\/sites\/2\/2023\/05\/unnamed-3.jpg 540w\" sizes=\"(max-width: 448px) 100vw, 448px\" \/><\/p>\n<h3>Sinopsis<\/h3>\n<p>Johnny Gray, maquinista en un estado del Sur, tiene dos grandes amores: su chica y su locomotora. Al estallar la Guerra de Secesi\u00f3n, Johnny intenta alistarse, pero el ej\u00e9rcito considera que ser\u00e1 m\u00e1s \u00fatil trabajando en la retaguardia. Sin embargo, su novia le considera un cobarde y lo rechaza. S\u00f3lo podr\u00e1 demostrarle lo contrario en una carambola del destino.<\/p>\n<p><strong>Las entradas est\u00e1n disponibles en la web de\u00a0<a href=\"https:\/\/cafekino.es\/\" target=\"_blank\" rel=\"nofollow noopener\"><span>https:\/\/cafekino.es\/.<\/span><\/a><\/strong><\/p>\n<h3><\/h3>\n<h3>\u00a1REGALAMOS DOS ENTRADAS DOBLES!<\/h3>\n<p>\u00bfQu\u00e9 hacer para ganarlas?<\/p>\n<ul>\n<li>Para participar tienes de plazo hasta el 16 de mayo a las 23.59 h<\/li>\n<li>Ve a nuestra cuenta en Instagram <strong>@guiadelociooficial<\/strong> y busca nuestra publicaci\u00f3n del 9 de mayo referente a la proyecci\u00f3n en Caf\u00e9 Kino de \u00abEl maquinista de la general\u00bb.<\/li>\n<li>Haz \u00abme gusta\u00bb en la citada publicaci\u00f3n.<\/li>\n<li>Sigue a nuestras cuentas de Instagran: <strong>@guiadelociooficial <\/strong>y <strong>@cafekino_madrid<\/strong><\/li>\n<li>Comenta en la publicaci\u00f3n con qui\u00e9n quieres ir a ver la peli, mencion\u00e1ndole, y porqu\u00e9.<\/li>\n<li>De entre todas las respuestas elegiremos las dos m\u00e1s divertidas.<\/li>\n<li>El d\u00eda 17 de mayo contactaremos en privado con los agraciados para que acepten su premio ese mismo d\u00eda y publicaremos sus nombres el d\u00eda 18.<\/li>\n<li>Las entradas (1 doble para cada uno de los dos ganadores) se recoger\u00e1n en la taquilla en d\u00eda de la proyecci\u00f3n (os recordamos que es el 21 de mayo, domingo, a las 12.00 h).<\/li>\n<\/ul>\n<p>\u00a1 CUANTAS M\u00c1S RESPUESTAS DES Y M\u00c1S DIVERTIDAS SEAN, M\u00c1S PROBABILIDADES TENDR\u00c1S DE GANAR!<\/p>\n","protected":false},"excerpt":{"rendered":"<p>\u00a1 REGALAMOS DOS ENTRADAS DOBLES! Para saber c\u00f3mo conseguir una de las dos entradas dobles que regalamos, por favor, lee hasta el final. Considerado uno de los m\u00e1s grandes c\u00f3micos de la historia del cine, Buster Keaton conquist\u00f3 al p\u00fablico con su humor disparatado y un estilo propio. Actor, director y guionista marc\u00f3 la \u00e9poca [&hellip;]<\/p>\n","protected":false},"author":8,"featured_media":12526,"comment_status":"closed","ping_status":"closed","sticky":false,"template":"","format":"standard","meta":{"_acf_changed":false,"footnotes":""},"categories":[1],"tags":[],"category_plan":[47,143,364,148],"filter_trans":[159],"filter_main":[],"filter_sec":[],"barrios":[167],"class_list":["post-12441","post","type-post","status-publish","format-standard","has-post-thumbnail","hentry","category-sin-categorizar","filter_trans-e","barrios-arganzuela"],"acf":[],"yoast_head":"<!-- This site is optimized with the Yoast SEO plugin v26.0 - https:\/\/yoast.com\/wordpress\/plugins\/seo\/ -->\n<title>Cine mudo en Caf\u00e9 Kino<\/title>\n<meta name=\"description\" content=\"Caf\u00e9 Kino proyecta en mayo el cl\u00e1sico de Buster Keaton &quot;El maquinista de la General&quot; junto a la banda The Jazz On Five\" \/>\n<meta name=\"robots\" content=\"index, follow, max-snippet:-1, max-image-preview:large, max-video-preview:-1\" \/>\n<link rel=\"canonical\" href=\"https:\/\/guiadelocio.es\/madrid\/cafe-kino-proyecta-el-clasico-de-buster-keaton-el-maquinista-de-la-general\/\" \/>\n<meta property=\"og:locale\" content=\"es_ES\" \/>\n<meta property=\"og:type\" content=\"article\" \/>\n<meta property=\"og:title\" content=\"Cine mudo en Caf\u00e9 Kino\" \/>\n<meta property=\"og:description\" content=\"Caf\u00e9 Kino proyecta en mayo el cl\u00e1sico de Buster Keaton &quot;El maquinista de la General&quot; junto a la banda The Jazz On Five\" \/>\n<meta property=\"og:url\" content=\"https:\/\/guiadelocio.es\/madrid\/cafe-kino-proyecta-el-clasico-de-buster-keaton-el-maquinista-de-la-general\/\" \/>\n<meta property=\"og:site_name\" content=\"Madrid\" \/>\n<meta property=\"article:published_time\" content=\"2023-05-08T10:15:33+00:00\" \/>\n<meta property=\"article:modified_time\" content=\"2024-01-25T16:55:09+00:00\" \/>\n<meta property=\"og:image\" content=\"https:\/\/guiadelocio.es\/madrid\/wp-content\/uploads\/sites\/2\/2023\/05\/BUSTER-KEATON_1080x1920_Retocada-1.jpg\" \/>\n\t<meta property=\"og:image:width\" content=\"2048\" \/>\n\t<meta property=\"og:image:height\" content=\"996\" \/>\n\t<meta property=\"og:image:type\" content=\"image\/jpeg\" \/>\n<meta name=\"author\" content=\"Gu\u00eda del Ocio\" \/>\n<meta name=\"twitter:card\" content=\"summary_large_image\" \/>\n<meta name=\"twitter:label1\" content=\"Escrito por\" \/>\n\t<meta name=\"twitter:data1\" content=\"Gu\u00eda del Ocio\" \/>\n\t<meta name=\"twitter:label2\" content=\"Tiempo de lectura\" \/>\n\t<meta name=\"twitter:data2\" content=\"4 minutos\" \/>\n<script type=\"application\/ld+json\" class=\"yoast-schema-graph\">{\"@context\":\"https:\/\/schema.org\",\"@graph\":[{\"@type\":\"WebPage\",\"@id\":\"https:\/\/guiadelocio.es\/madrid\/cafe-kino-proyecta-el-clasico-de-buster-keaton-el-maquinista-de-la-general\/\",\"url\":\"https:\/\/guiadelocio.es\/madrid\/cafe-kino-proyecta-el-clasico-de-buster-keaton-el-maquinista-de-la-general\/\",\"name\":\"Cine mudo en Caf\u00e9 Kino\",\"isPartOf\":{\"@id\":\"https:\/\/guiadelocio.es\/madrid\/#website\"},\"primaryImageOfPage\":{\"@id\":\"https:\/\/guiadelocio.es\/madrid\/cafe-kino-proyecta-el-clasico-de-buster-keaton-el-maquinista-de-la-general\/#primaryimage\"},\"image\":{\"@id\":\"https:\/\/guiadelocio.es\/madrid\/cafe-kino-proyecta-el-clasico-de-buster-keaton-el-maquinista-de-la-general\/#primaryimage\"},\"thumbnailUrl\":\"https:\/\/guiadelocio.es\/madrid\/wp-content\/uploads\/sites\/2\/2023\/05\/BUSTER-KEATON_1080x1920_Retocada-1.jpg\",\"datePublished\":\"2023-05-08T10:15:33+00:00\",\"dateModified\":\"2024-01-25T16:55:09+00:00\",\"author\":{\"@id\":\"https:\/\/guiadelocio.es\/madrid\/#\/schema\/person\/dedd385c3a1875e2dfb8ee808e4fca89\"},\"description\":\"Caf\u00e9 Kino proyecta en mayo el cl\u00e1sico de Buster Keaton \\\"El maquinista de la General\\\" junto a la banda The Jazz On Five\",\"breadcrumb\":{\"@id\":\"https:\/\/guiadelocio.es\/madrid\/cafe-kino-proyecta-el-clasico-de-buster-keaton-el-maquinista-de-la-general\/#breadcrumb\"},\"inLanguage\":\"es\",\"potentialAction\":[{\"@type\":\"ReadAction\",\"target\":[\"https:\/\/guiadelocio.es\/madrid\/cafe-kino-proyecta-el-clasico-de-buster-keaton-el-maquinista-de-la-general\/\"]}]},{\"@type\":\"ImageObject\",\"inLanguage\":\"es\",\"@id\":\"https:\/\/guiadelocio.es\/madrid\/cafe-kino-proyecta-el-clasico-de-buster-keaton-el-maquinista-de-la-general\/#primaryimage\",\"url\":\"https:\/\/guiadelocio.es\/madrid\/wp-content\/uploads\/sites\/2\/2023\/05\/BUSTER-KEATON_1080x1920_Retocada-1.jpg\",\"contentUrl\":\"https:\/\/guiadelocio.es\/madrid\/wp-content\/uploads\/sites\/2\/2023\/05\/BUSTER-KEATON_1080x1920_Retocada-1.jpg\",\"width\":2048,\"height\":996},{\"@type\":\"BreadcrumbList\",\"@id\":\"https:\/\/guiadelocio.es\/madrid\/cafe-kino-proyecta-el-clasico-de-buster-keaton-el-maquinista-de-la-general\/#breadcrumb\",\"itemListElement\":[{\"@type\":\"ListItem\",\"position\":1,\"name\":\"Portada\",\"item\":\"https:\/\/guiadelocio.es\/madrid\/\"},{\"@type\":\"ListItem\",\"position\":2,\"name\":\"Caf\u00e9 Kino proyecta el cl\u00e1sico de Buster Keaton \u00abEl maquinista de la General\u00bb.\"}]},{\"@type\":\"WebSite\",\"@id\":\"https:\/\/guiadelocio.es\/madrid\/#website\",\"url\":\"https:\/\/guiadelocio.es\/madrid\/\",\"name\":\"Madrid | Gu\u00eda del Ocio\",\"description\":\"Qu\u00e9 hacer, d\u00f3nde comer, qu\u00e9 visitar y los lugares que no te puedes perder\",\"potentialAction\":[{\"@type\":\"SearchAction\",\"target\":{\"@type\":\"EntryPoint\",\"urlTemplate\":\"https:\/\/guiadelocio.es\/madrid\/?s={search_term_string}\"},\"query-input\":{\"@type\":\"PropertyValueSpecification\",\"valueRequired\":true,\"valueName\":\"search_term_string\"}}],\"inLanguage\":\"es\"},{\"@type\":\"Person\",\"@id\":\"https:\/\/guiadelocio.es\/madrid\/#\/schema\/person\/dedd385c3a1875e2dfb8ee808e4fca89\",\"name\":\"Gu\u00eda del Ocio\",\"image\":{\"@type\":\"ImageObject\",\"inLanguage\":\"es\",\"@id\":\"https:\/\/guiadelocio.es\/madrid\/#\/schema\/person\/image\/\",\"url\":\"https:\/\/secure.gravatar.com\/avatar\/27d9eb58286cefc2042fb32a3db3a679c555c2a21aa6719fa7916d63185b9fe9?s=96&d=mm&r=g\",\"contentUrl\":\"https:\/\/secure.gravatar.com\/avatar\/27d9eb58286cefc2042fb32a3db3a679c555c2a21aa6719fa7916d63185b9fe9?s=96&d=mm&r=g\",\"caption\":\"Gu\u00eda del Ocio\"}}]}<\/script>\n<!-- \/ Yoast SEO plugin. -->","yoast_head_json":{"title":"Cine mudo en Caf\u00e9 Kino","description":"Caf\u00e9 Kino proyecta en mayo el cl\u00e1sico de Buster Keaton \"El maquinista de la General\" junto a la banda The Jazz On Five","robots":{"index":"index","follow":"follow","max-snippet":"max-snippet:-1","max-image-preview":"max-image-preview:large","max-video-preview":"max-video-preview:-1"},"canonical":"https:\/\/guiadelocio.es\/madrid\/cafe-kino-proyecta-el-clasico-de-buster-keaton-el-maquinista-de-la-general\/","og_locale":"es_ES","og_type":"article","og_title":"Cine mudo en Caf\u00e9 Kino","og_description":"Caf\u00e9 Kino proyecta en mayo el cl\u00e1sico de Buster Keaton \"El maquinista de la General\" junto a la banda The Jazz On Five","og_url":"https:\/\/guiadelocio.es\/madrid\/cafe-kino-proyecta-el-clasico-de-buster-keaton-el-maquinista-de-la-general\/","og_site_name":"Madrid","article_published_time":"2023-05-08T10:15:33+00:00","article_modified_time":"2024-01-25T16:55:09+00:00","og_image":[{"width":2048,"height":996,"url":"https:\/\/guiadelocio.es\/madrid\/wp-content\/uploads\/sites\/2\/2023\/05\/BUSTER-KEATON_1080x1920_Retocada-1.jpg","type":"image\/jpeg"}],"author":"Gu\u00eda del Ocio","twitter_card":"summary_large_image","twitter_misc":{"Escrito por":"Gu\u00eda del Ocio","Tiempo de lectura":"4 minutos"},"schema":{"@context":"https:\/\/schema.org","@graph":[{"@type":"WebPage","@id":"https:\/\/guiadelocio.es\/madrid\/cafe-kino-proyecta-el-clasico-de-buster-keaton-el-maquinista-de-la-general\/","url":"https:\/\/guiadelocio.es\/madrid\/cafe-kino-proyecta-el-clasico-de-buster-keaton-el-maquinista-de-la-general\/","name":"Cine mudo en Caf\u00e9 Kino","isPartOf":{"@id":"https:\/\/guiadelocio.es\/madrid\/#website"},"primaryImageOfPage":{"@id":"https:\/\/guiadelocio.es\/madrid\/cafe-kino-proyecta-el-clasico-de-buster-keaton-el-maquinista-de-la-general\/#primaryimage"},"image":{"@id":"https:\/\/guiadelocio.es\/madrid\/cafe-kino-proyecta-el-clasico-de-buster-keaton-el-maquinista-de-la-general\/#primaryimage"},"thumbnailUrl":"https:\/\/guiadelocio.es\/madrid\/wp-content\/uploads\/sites\/2\/2023\/05\/BUSTER-KEATON_1080x1920_Retocada-1.jpg","datePublished":"2023-05-08T10:15:33+00:00","dateModified":"2024-01-25T16:55:09+00:00","author":{"@id":"https:\/\/guiadelocio.es\/madrid\/#\/schema\/person\/dedd385c3a1875e2dfb8ee808e4fca89"},"description":"Caf\u00e9 Kino proyecta en mayo el cl\u00e1sico de Buster Keaton \"El maquinista de la General\" junto a la banda The Jazz On Five","breadcrumb":{"@id":"https:\/\/guiadelocio.es\/madrid\/cafe-kino-proyecta-el-clasico-de-buster-keaton-el-maquinista-de-la-general\/#breadcrumb"},"inLanguage":"es","potentialAction":[{"@type":"ReadAction","target":["https:\/\/guiadelocio.es\/madrid\/cafe-kino-proyecta-el-clasico-de-buster-keaton-el-maquinista-de-la-general\/"]}]},{"@type":"ImageObject","inLanguage":"es","@id":"https:\/\/guiadelocio.es\/madrid\/cafe-kino-proyecta-el-clasico-de-buster-keaton-el-maquinista-de-la-general\/#primaryimage","url":"https:\/\/guiadelocio.es\/madrid\/wp-content\/uploads\/sites\/2\/2023\/05\/BUSTER-KEATON_1080x1920_Retocada-1.jpg","contentUrl":"https:\/\/guiadelocio.es\/madrid\/wp-content\/uploads\/sites\/2\/2023\/05\/BUSTER-KEATON_1080x1920_Retocada-1.jpg","width":2048,"height":996},{"@type":"BreadcrumbList","@id":"https:\/\/guiadelocio.es\/madrid\/cafe-kino-proyecta-el-clasico-de-buster-keaton-el-maquinista-de-la-general\/#breadcrumb","itemListElement":[{"@type":"ListItem","position":1,"name":"Portada","item":"https:\/\/guiadelocio.es\/madrid\/"},{"@type":"ListItem","position":2,"name":"Caf\u00e9 Kino proyecta el cl\u00e1sico de Buster Keaton \u00abEl maquinista de la General\u00bb."}]},{"@type":"WebSite","@id":"https:\/\/guiadelocio.es\/madrid\/#website","url":"https:\/\/guiadelocio.es\/madrid\/","name":"Madrid | Gu\u00eda del Ocio","description":"Qu\u00e9 hacer, d\u00f3nde comer, qu\u00e9 visitar y los lugares que no te puedes perder","potentialAction":[{"@type":"SearchAction","target":{"@type":"EntryPoint","urlTemplate":"https:\/\/guiadelocio.es\/madrid\/?s={search_term_string}"},"query-input":{"@type":"PropertyValueSpecification","valueRequired":true,"valueName":"search_term_string"}}],"inLanguage":"es"},{"@type":"Person","@id":"https:\/\/guiadelocio.es\/madrid\/#\/schema\/person\/dedd385c3a1875e2dfb8ee808e4fca89","name":"Gu\u00eda del Ocio","image":{"@type":"ImageObject","inLanguage":"es","@id":"https:\/\/guiadelocio.es\/madrid\/#\/schema\/person\/image\/","url":"https:\/\/secure.gravatar.com\/avatar\/27d9eb58286cefc2042fb32a3db3a679c555c2a21aa6719fa7916d63185b9fe9?s=96&d=mm&r=g","contentUrl":"https:\/\/secure.gravatar.com\/avatar\/27d9eb58286cefc2042fb32a3db3a679c555c2a21aa6719fa7916d63185b9fe9?s=96&d=mm&r=g","caption":"Gu\u00eda del Ocio"}}]}},"_links":{"self":[{"href":"https:\/\/guiadelocio.es\/madrid\/wp-json\/wp\/v2\/posts\/12441","targetHints":{"allow":["GET"]}}],"collection":[{"href":"https:\/\/guiadelocio.es\/madrid\/wp-json\/wp\/v2\/posts"}],"about":[{"href":"https:\/\/guiadelocio.es\/madrid\/wp-json\/wp\/v2\/types\/post"}],"author":[{"embeddable":true,"href":"https:\/\/guiadelocio.es\/madrid\/wp-json\/wp\/v2\/users\/8"}],"replies":[{"embeddable":true,"href":"https:\/\/guiadelocio.es\/madrid\/wp-json\/wp\/v2\/comments?post=12441"}],"version-history":[{"count":0,"href":"https:\/\/guiadelocio.es\/madrid\/wp-json\/wp\/v2\/posts\/12441\/revisions"}],"wp:featuredmedia":[{"embeddable":true,"href":"https:\/\/guiadelocio.es\/madrid\/wp-json\/wp\/v2\/media\/12526"}],"wp:attachment":[{"href":"https:\/\/guiadelocio.es\/madrid\/wp-json\/wp\/v2\/media?parent=12441"}],"wp:term":[{"taxonomy":"category","embeddable":true,"href":"https:\/\/guiadelocio.es\/madrid\/wp-json\/wp\/v2\/categories?post=12441"},{"taxonomy":"post_tag","embeddable":true,"href":"https:\/\/guiadelocio.es\/madrid\/wp-json\/wp\/v2\/tags?post=12441"},{"taxonomy":"category_plan","embeddable":true,"href":"https:\/\/guiadelocio.es\/madrid\/wp-json\/wp\/v2\/category_plan?post=12441"},{"taxonomy":"filter_trans","embeddable":true,"href":"https:\/\/guiadelocio.es\/madrid\/wp-json\/wp\/v2\/filter_trans?post=12441"},{"taxonomy":"filter_main","embeddable":true,"href":"https:\/\/guiadelocio.es\/madrid\/wp-json\/wp\/v2\/filter_main?post=12441"},{"taxonomy":"filter_sec","embeddable":true,"href":"https:\/\/guiadelocio.es\/madrid\/wp-json\/wp\/v2\/filter_sec?post=12441"},{"taxonomy":"barrios","embeddable":true,"href":"https:\/\/guiadelocio.es\/madrid\/wp-json\/wp\/v2\/barrios?post=12441"}],"curies":[{"name":"wp","href":"https:\/\/api.w.org\/{rel}","templated":true}]}}