{"id":11410,"date":"2023-04-24T12:52:06","date_gmt":"2023-04-24T10:52:06","guid":{"rendered":"https:\/\/guiadelocio.es\/madrid\/?p=11410"},"modified":"2024-01-25T17:54:59","modified_gmt":"2024-01-25T16:54:59","slug":"un-paseo-por-los-espacios-de-casa-decor","status":"publish","type":"post","link":"https:\/\/guiadelocio.es\/madrid\/un-paseo-por-los-espacios-de-casa-decor\/","title":{"rendered":"Un paseo por los espacios de Casa Decor"},"content":{"rendered":"<p><strong>Casa Decor<\/strong> est\u00e1 de vuelta un a\u00f1o m\u00e1s. La feria internacional m\u00e1s grande e innovadora de interiorismo y dise\u00f1o se podr\u00e1 visitar del <strong>13 de abril al 28 de mayo<\/strong>. Un mes y medio para conocer los espacios que han creado algunos de los mejores interioristas y dise\u00f1adores del momento con el objetivo de <strong>dar a conocer las \u00faltimas tendencias en interiorismo<\/strong>. Como en otras ocasiones, <a href=\"https:\/\/guiadelocio.es\/madrid\/plan\/casa-decor-2023\/\" target=\"_blank\" rel=\"noopener\"><span>Casa Decor<\/span><\/a> se ubica en un espacio privilegiado. Podemos encontrarlo en la<strong> calle Serrano, en el edificio n\u00famero 92<\/strong>.<\/p>\n<p>En esta edici\u00f3n ha participado por segundo a\u00f1o consecutivo <strong>\u00abArte\u00bb<\/strong>, la marca de revestimientos murales que convierte los espacios en lugares que nos hacen so\u00f1ar. As\u00ed, los interioristas Miguel Mu\u00f1oz, Ele Room 62, Sandra Ant\u00f3n, Adriana Nicolau, Jean Porsche y Alejandra Pombo junto a \u00abArte\u00bb han dise\u00f1ado y decorado algunas de las salas de Casa Decor que nos trasladan a las habitaciones en las que siempre hemos querido habitar.<\/p>\n<p>El oasis de bienestar lo encontramos en el espacio \u00abMagnum Lignum\u00bb, creado por Miguel Mu\u00f1oz de la mano de Geberit. Se trata de un ba\u00f1o en el que la tranquilidad es lo que prima. Gracias a las curvas, los colores c\u00e1lidos, un uso de la luz espec\u00edfica, los materiales y revestimientos especiales de la colecci\u00f3n \u00abKharga\u00bb, este interiorista ha conseguido crear un espacio lleno de elegancia que podr\u00eda pertenecer a cualquier hotel de lujo.<\/p>\n<p><img decoding=\"async\" class=\" wp-image-11412 aligncenter\" src=\"https:\/\/guiadelocio.es\/madrid\/wp-content\/uploads\/sites\/2\/2023\/04\/Espacio-Geberit-Miguel-Munoz-300x191.png\" alt=\"\" width=\"625\" height=\"398\" srcset=\"https:\/\/guiadelocio.es\/madrid\/wp-content\/uploads\/sites\/2\/2023\/04\/Espacio-Geberit-Miguel-Munoz-300x191.png 300w, https:\/\/guiadelocio.es\/madrid\/wp-content\/uploads\/sites\/2\/2023\/04\/Espacio-Geberit-Miguel-Munoz-1024x650.png 1024w, https:\/\/guiadelocio.es\/madrid\/wp-content\/uploads\/sites\/2\/2023\/04\/Espacio-Geberit-Miguel-Munoz-768x488.png 768w, https:\/\/guiadelocio.es\/madrid\/wp-content\/uploads\/sites\/2\/2023\/04\/Espacio-Geberit-Miguel-Munoz-1536x975.png 1536w, https:\/\/guiadelocio.es\/madrid\/wp-content\/uploads\/sites\/2\/2023\/04\/Espacio-Geberit-Miguel-Munoz-1449x920.png 1449w, https:\/\/guiadelocio.es\/madrid\/wp-content\/uploads\/sites\/2\/2023\/04\/Espacio-Geberit-Miguel-Munoz-266x169.png 266w, https:\/\/guiadelocio.es\/madrid\/wp-content\/uploads\/sites\/2\/2023\/04\/Espacio-Geberit-Miguel-Munoz.png 1688w\" sizes=\"(max-width: 625px) 100vw, 625px\" \/><\/p>\n<p>La cocina ideal la encontramos en el espacio \u00abMi cocina con mirador\u00bb, ideada por BC3 cocinas junto a las interioristas Ele Room 62. La cocina es acogedora y elegante. Los revestimientos de \u00abArte\u00bb con el modelo \u00abInfini\u00bb consiguen crear un espacio c\u00e1lido en donde no solo querremos pasar tiempo para cocinar.<\/p>\n<p><img decoding=\"async\" class=\" wp-image-11413 aligncenter\" src=\"https:\/\/guiadelocio.es\/madrid\/wp-content\/uploads\/sites\/2\/2023\/04\/casa-decor-2023-cocina-bc3-eleroom-03-200x300.jpg\" alt=\"\" width=\"374\" height=\"561\" srcset=\"https:\/\/guiadelocio.es\/madrid\/wp-content\/uploads\/sites\/2\/2023\/04\/casa-decor-2023-cocina-bc3-eleroom-03-200x300.jpg 200w, https:\/\/guiadelocio.es\/madrid\/wp-content\/uploads\/sites\/2\/2023\/04\/casa-decor-2023-cocina-bc3-eleroom-03-683x1024.jpg 683w, https:\/\/guiadelocio.es\/madrid\/wp-content\/uploads\/sites\/2\/2023\/04\/casa-decor-2023-cocina-bc3-eleroom-03-768x1152.jpg 768w, https:\/\/guiadelocio.es\/madrid\/wp-content\/uploads\/sites\/2\/2023\/04\/casa-decor-2023-cocina-bc3-eleroom-03-1024x1536.jpg 1024w, https:\/\/guiadelocio.es\/madrid\/wp-content\/uploads\/sites\/2\/2023\/04\/casa-decor-2023-cocina-bc3-eleroom-03-scaled.jpg 1366w, https:\/\/guiadelocio.es\/madrid\/wp-content\/uploads\/sites\/2\/2023\/04\/casa-decor-2023-cocina-bc3-eleroom-03-613x920.jpg 613w, https:\/\/guiadelocio.es\/madrid\/wp-content\/uploads\/sites\/2\/2023\/04\/casa-decor-2023-cocina-bc3-eleroom-03-288x432.jpg 288w, https:\/\/guiadelocio.es\/madrid\/wp-content\/uploads\/sites\/2\/2023\/04\/casa-decor-2023-cocina-bc3-eleroom-03-133x200.jpg 133w\" sizes=\"(max-width: 374px) 100vw, 374px\" \/><\/p>\n<p>Una suite no pod\u00eda faltar en Casa Decor. La <em>Suite Burana<\/em> est\u00e1 ideada por Sandra Ant\u00f3n, directora de ESs Arquitectura Interior, la cual ha creado un espacio que podr\u00edamos encontrar perfectamente en un hotel o en una mansi\u00f3n de lujo. La pieza que m\u00e1s destaca de esta suite es el cabecero de la cama, que representa el \u00f3rgano principal de la Sala Sinf\u00f3nica del Auditorio Nacional de Madrid.<\/p>\n<p><img decoding=\"async\" class=\" wp-image-11414 aligncenter\" src=\"https:\/\/guiadelocio.es\/madrid\/wp-content\/uploads\/sites\/2\/2023\/04\/Suite-Burana-Sandra-Anton-300x196.png\" alt=\"\" width=\"569\" height=\"372\" srcset=\"https:\/\/guiadelocio.es\/madrid\/wp-content\/uploads\/sites\/2\/2023\/04\/Suite-Burana-Sandra-Anton-300x196.png 300w, https:\/\/guiadelocio.es\/madrid\/wp-content\/uploads\/sites\/2\/2023\/04\/Suite-Burana-Sandra-Anton-1024x669.png 1024w, https:\/\/guiadelocio.es\/madrid\/wp-content\/uploads\/sites\/2\/2023\/04\/Suite-Burana-Sandra-Anton-768x502.png 768w, https:\/\/guiadelocio.es\/madrid\/wp-content\/uploads\/sites\/2\/2023\/04\/Suite-Burana-Sandra-Anton-1536x1003.png 1536w, https:\/\/guiadelocio.es\/madrid\/wp-content\/uploads\/sites\/2\/2023\/04\/Suite-Burana-Sandra-Anton-1409x920.png 1409w, https:\/\/guiadelocio.es\/madrid\/wp-content\/uploads\/sites\/2\/2023\/04\/Suite-Burana-Sandra-Anton-640x418.png 640w, https:\/\/guiadelocio.es\/madrid\/wp-content\/uploads\/sites\/2\/2023\/04\/Suite-Burana-Sandra-Anton-266x174.png 266w, https:\/\/guiadelocio.es\/madrid\/wp-content\/uploads\/sites\/2\/2023\/04\/Suite-Burana-Sandra-Anton.png 1666w\" sizes=\"(max-width: 569px) 100vw, 569px\" \/><\/p>\n<p>Las salas inspiradas en los karaokes tambi\u00e9n tienen cabida en Casa Decor. Pero esta no es una sala de karaoke normal, sino que <em>Hirameki, <\/em>un proyecto a cargo de Adriana Nicolau, combina la tranquilidad y la calma de un sala de estar con inspiraci\u00f3n zen y el ambiente privado y lum\u00ednico de un karaoke.<\/p>\n<p>La ambientaci\u00f3n zen la encontramos en las paredes de la sala, que se revisten de bordados de los Jardines de Okayama. La parte de karaoke la descubrimos en su l\u00e1mpara y en sus pantallas. A partir de un control remoto podemos cambiar la luz y la ambientaci\u00f3n de la habitaci\u00f3n, as\u00ed como podemos poner canciones en las pantallas para cantar cl\u00e1sicos de Raphael o ABBA.<\/p>\n<p><img decoding=\"async\" class=\" wp-image-11415 aligncenter\" src=\"https:\/\/guiadelocio.es\/madrid\/wp-content\/uploads\/sites\/2\/2023\/04\/Sala-Karaoke-Adriana-Nicolau-300x196.png\" alt=\"\" width=\"739\" height=\"483\" srcset=\"https:\/\/guiadelocio.es\/madrid\/wp-content\/uploads\/sites\/2\/2023\/04\/Sala-Karaoke-Adriana-Nicolau-300x196.png 300w, https:\/\/guiadelocio.es\/madrid\/wp-content\/uploads\/sites\/2\/2023\/04\/Sala-Karaoke-Adriana-Nicolau-1024x669.png 1024w, https:\/\/guiadelocio.es\/madrid\/wp-content\/uploads\/sites\/2\/2023\/04\/Sala-Karaoke-Adriana-Nicolau-768x502.png 768w, https:\/\/guiadelocio.es\/madrid\/wp-content\/uploads\/sites\/2\/2023\/04\/Sala-Karaoke-Adriana-Nicolau-1536x1003.png 1536w, https:\/\/guiadelocio.es\/madrid\/wp-content\/uploads\/sites\/2\/2023\/04\/Sala-Karaoke-Adriana-Nicolau-1409x920.png 1409w, https:\/\/guiadelocio.es\/madrid\/wp-content\/uploads\/sites\/2\/2023\/04\/Sala-Karaoke-Adriana-Nicolau-640x418.png 640w, https:\/\/guiadelocio.es\/madrid\/wp-content\/uploads\/sites\/2\/2023\/04\/Sala-Karaoke-Adriana-Nicolau-266x174.png 266w, https:\/\/guiadelocio.es\/madrid\/wp-content\/uploads\/sites\/2\/2023\/04\/Sala-Karaoke-Adriana-Nicolau.png 1666w\" sizes=\"(max-width: 739px) 100vw, 739px\" \/><\/p>\n<p>Otro tipo de ba\u00f1o-suite lo encontramos en el espacio \u00abLe Bain Parisien\u00bb, creado por Alejandra Pombo. La interiorista ha replanteado la tipolog\u00eda de cuarto de ba\u00f1o al uso, integr\u00e1ndolo con otros espacios y utilizando multitud de materiales que aportan calidez al espacio, como el revestimiento en relieve de \u00abArte\u00bb, creado a partir de tejido de chenilla y boucl\u00e9. Se trata de un espacio pensado para encontrarse, para charlar y para prepararnos antes de salir.<\/p>\n<p><img decoding=\"async\" class=\" wp-image-11416 aligncenter\" src=\"https:\/\/guiadelocio.es\/madrid\/wp-content\/uploads\/sites\/2\/2023\/04\/Espacio-Alejandra-Pombo-Consentino-300x222.png\" alt=\"\" width=\"704\" height=\"521\" srcset=\"https:\/\/guiadelocio.es\/madrid\/wp-content\/uploads\/sites\/2\/2023\/04\/Espacio-Alejandra-Pombo-Consentino-300x222.png 300w, https:\/\/guiadelocio.es\/madrid\/wp-content\/uploads\/sites\/2\/2023\/04\/Espacio-Alejandra-Pombo-Consentino-1024x757.png 1024w, https:\/\/guiadelocio.es\/madrid\/wp-content\/uploads\/sites\/2\/2023\/04\/Espacio-Alejandra-Pombo-Consentino-768x568.png 768w, https:\/\/guiadelocio.es\/madrid\/wp-content\/uploads\/sites\/2\/2023\/04\/Espacio-Alejandra-Pombo-Consentino-1244x920.png 1244w, https:\/\/guiadelocio.es\/madrid\/wp-content\/uploads\/sites\/2\/2023\/04\/Espacio-Alejandra-Pombo-Consentino-584x432.png 584w, https:\/\/guiadelocio.es\/madrid\/wp-content\/uploads\/sites\/2\/2023\/04\/Espacio-Alejandra-Pombo-Consentino-266x197.png 266w, https:\/\/guiadelocio.es\/madrid\/wp-content\/uploads\/sites\/2\/2023\/04\/Espacio-Alejandra-Pombo-Consentino.png 1520w\" sizes=\"(max-width: 704px) 100vw, 704px\" \/><\/p>\n<p>La tendencia del <em>welness<\/em> est\u00e1 muy presente en el ba\u00f1o creado por Jean Porsche para \u00abNeolith\u00bb. Con inspiraci\u00f3n de Hollywood, nos presenta un ba\u00f1o digno de una estrella. Un ba\u00f1o que pasa de ser un espacio solo funcional para convertirse en una sala en la que prima la relajaci\u00f3n y el bienestar.<\/p>\n<p><img decoding=\"async\" class=\" wp-image-11417 aligncenter\" src=\"https:\/\/guiadelocio.es\/madrid\/wp-content\/uploads\/sites\/2\/2023\/04\/Espacio-Neolith-Jean-Porsche-300x211.png\" alt=\"\" width=\"694\" height=\"488\" srcset=\"https:\/\/guiadelocio.es\/madrid\/wp-content\/uploads\/sites\/2\/2023\/04\/Espacio-Neolith-Jean-Porsche-300x211.png 300w, https:\/\/guiadelocio.es\/madrid\/wp-content\/uploads\/sites\/2\/2023\/04\/Espacio-Neolith-Jean-Porsche-1024x720.png 1024w, https:\/\/guiadelocio.es\/madrid\/wp-content\/uploads\/sites\/2\/2023\/04\/Espacio-Neolith-Jean-Porsche-768x540.png 768w, https:\/\/guiadelocio.es\/madrid\/wp-content\/uploads\/sites\/2\/2023\/04\/Espacio-Neolith-Jean-Porsche-1308x920.png 1308w, https:\/\/guiadelocio.es\/madrid\/wp-content\/uploads\/sites\/2\/2023\/04\/Espacio-Neolith-Jean-Porsche-614x432.png 614w, https:\/\/guiadelocio.es\/madrid\/wp-content\/uploads\/sites\/2\/2023\/04\/Espacio-Neolith-Jean-Porsche-266x187.png 266w, https:\/\/guiadelocio.es\/madrid\/wp-content\/uploads\/sites\/2\/2023\/04\/Espacio-Neolith-Jean-Porsche.png 1524w\" sizes=\"(max-width: 694px) 100vw, 694px\" \/><\/p>\n<p>Estas espacios y muchos otros m\u00e1s dise\u00f1ados por expertos interioristas y dise\u00f1adores podremos verlos en las tres plantas de Casa Decor. \u00a1No te lo pierdas!<\/p>\n<p><strong><span style=\"color: #ff6600;\">\u00bfQuieres ser siempre el primero en enterarte de los mejores planes que hay en tu ciudad?<\/span><\/strong><\/p>\n<p><span style=\"color: #ff6600;\"><a class=\"button button--large button--iconposition-left button--icon-newsletter\" style=\"color: #ff6600;\" href=\"https:\/\/guiadelocio.es\/madrid\/suscribete-aqui-a-nuestra-newsletter\/\" target=\"_blank\" rel=\"noopener\"><span>Inscr\u00edbete AQU\u00cd a nuestra newsletter<\/span><\/a><\/span><\/p>\n<p>&nbsp;<\/p>\n","protected":false},"excerpt":{"rendered":"<p>Casa Decor est\u00e1 de vuelta un a\u00f1o m\u00e1s. La feria internacional m\u00e1s grande e innovadora de interiorismo y dise\u00f1o se podr\u00e1 visitar del 13 de abril al 28 de mayo. Un mes y medio para conocer los espacios que han creado algunos de los mejores interioristas y dise\u00f1adores del momento con el objetivo de dar [&hellip;]<\/p>\n","protected":false},"author":8,"featured_media":11424,"comment_status":"closed","ping_status":"closed","sticky":false,"template":"","format":"standard","meta":{"_acf_changed":false,"footnotes":""},"categories":[1],"tags":[],"category_plan":[5,391],"filter_trans":[159],"filter_main":[],"filter_sec":[],"barrios":[170],"class_list":["post-11410","post","type-post","status-publish","format-standard","has-post-thumbnail","hentry","category-sin-categorizar","filter_trans-e","barrios-salamanca"],"acf":[],"yoast_head":"<!-- This site is optimized with the Yoast SEO plugin v26.0 - https:\/\/yoast.com\/wordpress\/plugins\/seo\/ -->\n<title>Un paseo por los espacios de Casa Decor | Madrid<\/title>\n<meta name=\"description\" content=\"Podremos visitar los espacios de Casa Decor dise\u00f1ados por interioristas expertos del 13 de abril al 28 de mayo\" \/>\n<meta name=\"robots\" content=\"index, follow, max-snippet:-1, max-image-preview:large, max-video-preview:-1\" \/>\n<link rel=\"canonical\" href=\"https:\/\/guiadelocio.es\/madrid\/un-paseo-por-los-espacios-de-casa-decor\/\" \/>\n<meta property=\"og:locale\" content=\"es_ES\" \/>\n<meta property=\"og:type\" content=\"article\" \/>\n<meta property=\"og:title\" content=\"Un paseo por los espacios de Casa Decor | Madrid\" \/>\n<meta property=\"og:description\" content=\"Podremos visitar los espacios de Casa Decor dise\u00f1ados por interioristas expertos del 13 de abril al 28 de mayo\" \/>\n<meta property=\"og:url\" content=\"https:\/\/guiadelocio.es\/madrid\/un-paseo-por-los-espacios-de-casa-decor\/\" \/>\n<meta property=\"og:site_name\" content=\"Madrid\" \/>\n<meta property=\"article:published_time\" content=\"2023-04-24T10:52:06+00:00\" \/>\n<meta property=\"article:modified_time\" content=\"2024-01-25T16:54:59+00:00\" \/>\n<meta property=\"og:image\" content=\"https:\/\/guiadelocio.es\/madrid\/wp-content\/uploads\/sites\/2\/2023\/04\/casa-decor-2023-suite-sandra-anton-02-1-scaled.jpg\" \/>\n\t<meta property=\"og:image:width\" content=\"2048\" \/>\n\t<meta property=\"og:image:height\" content=\"1366\" \/>\n\t<meta property=\"og:image:type\" content=\"image\/jpeg\" \/>\n<meta name=\"author\" content=\"Gu\u00eda del Ocio\" \/>\n<meta name=\"twitter:card\" content=\"summary_large_image\" \/>\n<meta name=\"twitter:label1\" content=\"Escrito por\" \/>\n\t<meta name=\"twitter:data1\" content=\"Gu\u00eda del Ocio\" \/>\n\t<meta name=\"twitter:label2\" content=\"Tiempo de lectura\" \/>\n\t<meta name=\"twitter:data2\" content=\"5 minutos\" \/>\n<script type=\"application\/ld+json\" class=\"yoast-schema-graph\">{\"@context\":\"https:\/\/schema.org\",\"@graph\":[{\"@type\":\"WebPage\",\"@id\":\"https:\/\/guiadelocio.es\/madrid\/un-paseo-por-los-espacios-de-casa-decor\/\",\"url\":\"https:\/\/guiadelocio.es\/madrid\/un-paseo-por-los-espacios-de-casa-decor\/\",\"name\":\"Un paseo por los espacios de Casa Decor | Madrid\",\"isPartOf\":{\"@id\":\"https:\/\/guiadelocio.es\/madrid\/#website\"},\"primaryImageOfPage\":{\"@id\":\"https:\/\/guiadelocio.es\/madrid\/un-paseo-por-los-espacios-de-casa-decor\/#primaryimage\"},\"image\":{\"@id\":\"https:\/\/guiadelocio.es\/madrid\/un-paseo-por-los-espacios-de-casa-decor\/#primaryimage\"},\"thumbnailUrl\":\"https:\/\/guiadelocio.es\/madrid\/wp-content\/uploads\/sites\/2\/2023\/04\/casa-decor-2023-suite-sandra-anton-02-1-scaled.jpg\",\"datePublished\":\"2023-04-24T10:52:06+00:00\",\"dateModified\":\"2024-01-25T16:54:59+00:00\",\"author\":{\"@id\":\"https:\/\/guiadelocio.es\/madrid\/#\/schema\/person\/dedd385c3a1875e2dfb8ee808e4fca89\"},\"description\":\"Podremos visitar los espacios de Casa Decor dise\u00f1ados por interioristas expertos del 13 de abril al 28 de mayo\",\"breadcrumb\":{\"@id\":\"https:\/\/guiadelocio.es\/madrid\/un-paseo-por-los-espacios-de-casa-decor\/#breadcrumb\"},\"inLanguage\":\"es\",\"potentialAction\":[{\"@type\":\"ReadAction\",\"target\":[\"https:\/\/guiadelocio.es\/madrid\/un-paseo-por-los-espacios-de-casa-decor\/\"]}]},{\"@type\":\"ImageObject\",\"inLanguage\":\"es\",\"@id\":\"https:\/\/guiadelocio.es\/madrid\/un-paseo-por-los-espacios-de-casa-decor\/#primaryimage\",\"url\":\"https:\/\/guiadelocio.es\/madrid\/wp-content\/uploads\/sites\/2\/2023\/04\/casa-decor-2023-suite-sandra-anton-02-1-scaled.jpg\",\"contentUrl\":\"https:\/\/guiadelocio.es\/madrid\/wp-content\/uploads\/sites\/2\/2023\/04\/casa-decor-2023-suite-sandra-anton-02-1-scaled.jpg\",\"width\":2048,\"height\":1366},{\"@type\":\"BreadcrumbList\",\"@id\":\"https:\/\/guiadelocio.es\/madrid\/un-paseo-por-los-espacios-de-casa-decor\/#breadcrumb\",\"itemListElement\":[{\"@type\":\"ListItem\",\"position\":1,\"name\":\"Portada\",\"item\":\"https:\/\/guiadelocio.es\/madrid\/\"},{\"@type\":\"ListItem\",\"position\":2,\"name\":\"Un paseo por los espacios de Casa Decor\"}]},{\"@type\":\"WebSite\",\"@id\":\"https:\/\/guiadelocio.es\/madrid\/#website\",\"url\":\"https:\/\/guiadelocio.es\/madrid\/\",\"name\":\"Madrid | Gu\u00eda del Ocio\",\"description\":\"Qu\u00e9 hacer, d\u00f3nde comer, qu\u00e9 visitar y los lugares que no te puedes perder\",\"potentialAction\":[{\"@type\":\"SearchAction\",\"target\":{\"@type\":\"EntryPoint\",\"urlTemplate\":\"https:\/\/guiadelocio.es\/madrid\/?s={search_term_string}\"},\"query-input\":{\"@type\":\"PropertyValueSpecification\",\"valueRequired\":true,\"valueName\":\"search_term_string\"}}],\"inLanguage\":\"es\"},{\"@type\":\"Person\",\"@id\":\"https:\/\/guiadelocio.es\/madrid\/#\/schema\/person\/dedd385c3a1875e2dfb8ee808e4fca89\",\"name\":\"Gu\u00eda del Ocio\",\"image\":{\"@type\":\"ImageObject\",\"inLanguage\":\"es\",\"@id\":\"https:\/\/guiadelocio.es\/madrid\/#\/schema\/person\/image\/\",\"url\":\"https:\/\/secure.gravatar.com\/avatar\/27d9eb58286cefc2042fb32a3db3a679c555c2a21aa6719fa7916d63185b9fe9?s=96&d=mm&r=g\",\"contentUrl\":\"https:\/\/secure.gravatar.com\/avatar\/27d9eb58286cefc2042fb32a3db3a679c555c2a21aa6719fa7916d63185b9fe9?s=96&d=mm&r=g\",\"caption\":\"Gu\u00eda del Ocio\"}}]}<\/script>\n<!-- \/ Yoast SEO plugin. -->","yoast_head_json":{"title":"Un paseo por los espacios de Casa Decor | Madrid","description":"Podremos visitar los espacios de Casa Decor dise\u00f1ados por interioristas expertos del 13 de abril al 28 de mayo","robots":{"index":"index","follow":"follow","max-snippet":"max-snippet:-1","max-image-preview":"max-image-preview:large","max-video-preview":"max-video-preview:-1"},"canonical":"https:\/\/guiadelocio.es\/madrid\/un-paseo-por-los-espacios-de-casa-decor\/","og_locale":"es_ES","og_type":"article","og_title":"Un paseo por los espacios de Casa Decor | Madrid","og_description":"Podremos visitar los espacios de Casa Decor dise\u00f1ados por interioristas expertos del 13 de abril al 28 de mayo","og_url":"https:\/\/guiadelocio.es\/madrid\/un-paseo-por-los-espacios-de-casa-decor\/","og_site_name":"Madrid","article_published_time":"2023-04-24T10:52:06+00:00","article_modified_time":"2024-01-25T16:54:59+00:00","og_image":[{"width":2048,"height":1366,"url":"https:\/\/guiadelocio.es\/madrid\/wp-content\/uploads\/sites\/2\/2023\/04\/casa-decor-2023-suite-sandra-anton-02-1-scaled.jpg","type":"image\/jpeg"}],"author":"Gu\u00eda del Ocio","twitter_card":"summary_large_image","twitter_misc":{"Escrito por":"Gu\u00eda del Ocio","Tiempo de lectura":"5 minutos"},"schema":{"@context":"https:\/\/schema.org","@graph":[{"@type":"WebPage","@id":"https:\/\/guiadelocio.es\/madrid\/un-paseo-por-los-espacios-de-casa-decor\/","url":"https:\/\/guiadelocio.es\/madrid\/un-paseo-por-los-espacios-de-casa-decor\/","name":"Un paseo por los espacios de Casa Decor | Madrid","isPartOf":{"@id":"https:\/\/guiadelocio.es\/madrid\/#website"},"primaryImageOfPage":{"@id":"https:\/\/guiadelocio.es\/madrid\/un-paseo-por-los-espacios-de-casa-decor\/#primaryimage"},"image":{"@id":"https:\/\/guiadelocio.es\/madrid\/un-paseo-por-los-espacios-de-casa-decor\/#primaryimage"},"thumbnailUrl":"https:\/\/guiadelocio.es\/madrid\/wp-content\/uploads\/sites\/2\/2023\/04\/casa-decor-2023-suite-sandra-anton-02-1-scaled.jpg","datePublished":"2023-04-24T10:52:06+00:00","dateModified":"2024-01-25T16:54:59+00:00","author":{"@id":"https:\/\/guiadelocio.es\/madrid\/#\/schema\/person\/dedd385c3a1875e2dfb8ee808e4fca89"},"description":"Podremos visitar los espacios de Casa Decor dise\u00f1ados por interioristas expertos del 13 de abril al 28 de mayo","breadcrumb":{"@id":"https:\/\/guiadelocio.es\/madrid\/un-paseo-por-los-espacios-de-casa-decor\/#breadcrumb"},"inLanguage":"es","potentialAction":[{"@type":"ReadAction","target":["https:\/\/guiadelocio.es\/madrid\/un-paseo-por-los-espacios-de-casa-decor\/"]}]},{"@type":"ImageObject","inLanguage":"es","@id":"https:\/\/guiadelocio.es\/madrid\/un-paseo-por-los-espacios-de-casa-decor\/#primaryimage","url":"https:\/\/guiadelocio.es\/madrid\/wp-content\/uploads\/sites\/2\/2023\/04\/casa-decor-2023-suite-sandra-anton-02-1-scaled.jpg","contentUrl":"https:\/\/guiadelocio.es\/madrid\/wp-content\/uploads\/sites\/2\/2023\/04\/casa-decor-2023-suite-sandra-anton-02-1-scaled.jpg","width":2048,"height":1366},{"@type":"BreadcrumbList","@id":"https:\/\/guiadelocio.es\/madrid\/un-paseo-por-los-espacios-de-casa-decor\/#breadcrumb","itemListElement":[{"@type":"ListItem","position":1,"name":"Portada","item":"https:\/\/guiadelocio.es\/madrid\/"},{"@type":"ListItem","position":2,"name":"Un paseo por los espacios de Casa Decor"}]},{"@type":"WebSite","@id":"https:\/\/guiadelocio.es\/madrid\/#website","url":"https:\/\/guiadelocio.es\/madrid\/","name":"Madrid | Gu\u00eda del Ocio","description":"Qu\u00e9 hacer, d\u00f3nde comer, qu\u00e9 visitar y los lugares que no te puedes perder","potentialAction":[{"@type":"SearchAction","target":{"@type":"EntryPoint","urlTemplate":"https:\/\/guiadelocio.es\/madrid\/?s={search_term_string}"},"query-input":{"@type":"PropertyValueSpecification","valueRequired":true,"valueName":"search_term_string"}}],"inLanguage":"es"},{"@type":"Person","@id":"https:\/\/guiadelocio.es\/madrid\/#\/schema\/person\/dedd385c3a1875e2dfb8ee808e4fca89","name":"Gu\u00eda del Ocio","image":{"@type":"ImageObject","inLanguage":"es","@id":"https:\/\/guiadelocio.es\/madrid\/#\/schema\/person\/image\/","url":"https:\/\/secure.gravatar.com\/avatar\/27d9eb58286cefc2042fb32a3db3a679c555c2a21aa6719fa7916d63185b9fe9?s=96&d=mm&r=g","contentUrl":"https:\/\/secure.gravatar.com\/avatar\/27d9eb58286cefc2042fb32a3db3a679c555c2a21aa6719fa7916d63185b9fe9?s=96&d=mm&r=g","caption":"Gu\u00eda del Ocio"}}]}},"_links":{"self":[{"href":"https:\/\/guiadelocio.es\/madrid\/wp-json\/wp\/v2\/posts\/11410","targetHints":{"allow":["GET"]}}],"collection":[{"href":"https:\/\/guiadelocio.es\/madrid\/wp-json\/wp\/v2\/posts"}],"about":[{"href":"https:\/\/guiadelocio.es\/madrid\/wp-json\/wp\/v2\/types\/post"}],"author":[{"embeddable":true,"href":"https:\/\/guiadelocio.es\/madrid\/wp-json\/wp\/v2\/users\/8"}],"replies":[{"embeddable":true,"href":"https:\/\/guiadelocio.es\/madrid\/wp-json\/wp\/v2\/comments?post=11410"}],"version-history":[{"count":0,"href":"https:\/\/guiadelocio.es\/madrid\/wp-json\/wp\/v2\/posts\/11410\/revisions"}],"wp:featuredmedia":[{"embeddable":true,"href":"https:\/\/guiadelocio.es\/madrid\/wp-json\/wp\/v2\/media\/11424"}],"wp:attachment":[{"href":"https:\/\/guiadelocio.es\/madrid\/wp-json\/wp\/v2\/media?parent=11410"}],"wp:term":[{"taxonomy":"category","embeddable":true,"href":"https:\/\/guiadelocio.es\/madrid\/wp-json\/wp\/v2\/categories?post=11410"},{"taxonomy":"post_tag","embeddable":true,"href":"https:\/\/guiadelocio.es\/madrid\/wp-json\/wp\/v2\/tags?post=11410"},{"taxonomy":"category_plan","embeddable":true,"href":"https:\/\/guiadelocio.es\/madrid\/wp-json\/wp\/v2\/category_plan?post=11410"},{"taxonomy":"filter_trans","embeddable":true,"href":"https:\/\/guiadelocio.es\/madrid\/wp-json\/wp\/v2\/filter_trans?post=11410"},{"taxonomy":"filter_main","embeddable":true,"href":"https:\/\/guiadelocio.es\/madrid\/wp-json\/wp\/v2\/filter_main?post=11410"},{"taxonomy":"filter_sec","embeddable":true,"href":"https:\/\/guiadelocio.es\/madrid\/wp-json\/wp\/v2\/filter_sec?post=11410"},{"taxonomy":"barrios","embeddable":true,"href":"https:\/\/guiadelocio.es\/madrid\/wp-json\/wp\/v2\/barrios?post=11410"}],"curies":[{"name":"wp","href":"https:\/\/api.w.org\/{rel}","templated":true}]}}